{"id":2889,"date":"2025-05-19T18:14:39","date_gmt":"2025-05-19T22:14:39","guid":{"rendered":"https:\/\/diarioellabrador.cl\/?p=2889"},"modified":"2025-05-19T18:14:39","modified_gmt":"2025-05-19T22:14:39","slug":"cabalgata-solidaria-de-los-criadores-de-limari-tuvo-un-ambiente-muy-familiar","status":"publish","type":"post","link":"https:\/\/diarioellabrador.cl\/index.php\/2025\/05\/19\/cabalgata-solidaria-de-los-criadores-de-limari-tuvo-un-ambiente-muy-familiar\/","title":{"rendered":"Cabalgata solidaria de los Criadores de Limar\u00ed tuvo un ambiente muy familiar"},"content":{"rendered":"\n<p><strong>Autor: <\/strong><a href=\"https:\/\/www.caballoyrodeo.cl\/portal_rodeo\/site\/artic\/20240205\/pags\/20240205103254.html\">H\u00e9ctor Parraguirre Jara<\/a><\/p>\n\n\n\n<p>La primera de dos actividades programadas para estos d\u00edas, cumpli\u00f3 la <strong>Asociaci\u00f3n de Criadores de Caballos Raza Chilena de Limar\u00ed<\/strong>, con una <strong>cabalgata<\/strong> a beneficio de un socio afectado por un problema de salud, que se realiz\u00f3 el s\u00e1bado 17 de mayo y se caracteriz\u00f3 por un ambiente muy familiar. &nbsp;<\/p>\n\n\n\n<p>As\u00ed lo apunt\u00f3 el presidente de la entidad, <strong>Patricio Villar Rojas<\/strong>, quien entreg\u00f3 los detalles de este encuentro a caballo.<\/p>\n\n\n\n<p>\u00abNos organizamos como asociaci\u00f3n en la Hacienda Las Pe\u00f1as y con mucho coraz\u00f3n y cari\u00f1o realizamos una cabalgata solidaria. Pasamos el sector de Los Nogales y nos dirigimos hacia el estero de Camarico. Llegaron criadores, gente de diferentes clubes de rodeos, amistades y familiares de este socio, todos muy comprometidos. Quedamos contentos porque nos toc\u00f3 un d\u00eda muy bonito y fue una cabalgata muy familiar. En lo personal fui con mi hija que me acompa\u00f1a harto andando a caballo\u00bb, se\u00f1al\u00f3.<\/p>\n\n\n\n<p>\u00abNos demoramos unas tres horas, \u00e9ramos entre 50 y 60 jinetes y lo mejor de todo fue el esp\u00edritu de fraternidad y de cari\u00f1o que hubo en esta cabalgata solidaria. Cuando llegamos al descanso disfrutamos de una empanada muy rica con una bebida, que nos sirvieron los organizadores, la familia Barraza Mondaca, a quienes felicito por esta actividad\u00bb, continu\u00f3.<\/p>\n\n\n\n<p>\u00abElegimos el Sello de Raza, buscamos entre las mejores yeguas y potros y lo obtuvo el ejemplar <strong>Carimall\u00edn So\u00f1ador<\/strong>, propiedad de don <strong>Diego Cort\u00e9s<\/strong>. En la actividad que tuvimos en Pichasca lo juzg\u00f3 don Renato Herrera y lo vio muy correcto dentro del est\u00e1ndar racial\u00bb, agreg\u00f3.<\/p>\n\n\n\n<p>Con respecto al cierre de la cabalgata, el dirigente cont\u00f3 que \u00abnos devolvimos por el sector de Camarico chico, pasamos por los cerros de Nogales hasta que llegamos a Campo Lindo y nuevamente a la Hacienda Las Pe\u00f1as a eso de las tres de la tarde. Ah\u00ed compartimos un almuerzo muy acampao, con una grata convivencia. Reitero el agradecimiento a la familia Barraza Mondaca por organizar esta cabalgata solidaria. Quedamos muy felices por el ambiente que se produjo, muy familiar y resaltando las caracter\u00edsticas del Caballo Chileno\u00bb.<\/p>\n\n\n\n<p><strong>La actividad contin\u00faa este mi\u00e9rcoles<\/strong><\/p>\n\n\n\n<p>El segundo evento en menos de una semana para los Criadores de Limar\u00ed se efectuar\u00e1 este d\u00eda feriado 21 de mayo, con una jornada de <strong>pruebas funcionales<\/strong> en la Medialuna de Ovalle.<\/p>\n\n\n\n<p>\u00abEste mi\u00e9rcoles nos juntaremos nuevamente como familia criadora. Ya est\u00e1 armado el corral de aparta, ayer domingo nos juntamos para eso y tenemos la confianza de que nos reuniremos en una primera fecha de pruebas funcionales. Queremos hacer tres, pero este ser\u00e1 el arranque y esperamos clasificar jinetes para las Finales de Pemuco, pues en Limar\u00ed nos gusta mucho participar en estas actividades\u00bb, indic\u00f3 Villar Rojas.<\/p>\n\n\n\n<p>\u00abSer\u00e1 desde las 9:00 horas en la Medialuna de Ovalle. Agradezco al Club de Ovalle, que nos facilit\u00f3 el recinto en forma gratuita, con mucho compromiso y cari\u00f1o. Haremos Barrilete temprano, luego Rienda, almorzaremos y tendremos la Aparta de Ganado para estar listos como a las 16:30 con los ganadores\u00bb, concluy\u00f3.<\/p>\n","protected":false},"excerpt":{"rendered":"<p>Autor: H\u00e9ctor Parraguirre Jara La primera de dos actividades programadas para estos d\u00edas, cumpli\u00f3 la Asociaci\u00f3n de Criadores de Caballos Raza Chilena de Limar\u00ed, con una cabalgata a beneficio de un socio afectado por un problema de salud, que se realiz\u00f3 el s\u00e1bado 17 de mayo y se caracteriz\u00f3 por un ambiente muy familiar. &nbsp;<\/p>\n<div class=\"read-more-wrapper\"><a class=\"read-more\" href=\"https:\/\/diarioellabrador.cl\/index.php\/2025\/05\/19\/cabalgata-solidaria-de-los-criadores-de-limari-tuvo-un-ambiente-muy-familiar\/\" title=\"Leer m\u00e1s\"> <span class=\"button \">Leer m\u00e1s<\/span><\/a><\/div>\n","protected":false},"author":2,"featured_media":2865,"comment_status":"open","ping_status":"open","sticky":false,"template":"","format":"standard","meta":{"footnotes":""},"categories":[5],"tags":[],"class_list":["post-2889","post","type-post","status-publish","format-standard","has-post-thumbnail","hentry","category-rodeo"],"yoast_head":"<!-- This site is optimized with the Yoast SEO plugin v27.5 - https:\/\/yoast.com\/product\/yoast-seo-wordpress\/ -->\n<title>Cabalgata solidaria de los Criadores de Limar\u00ed tuvo un ambiente muy familiar - Diario El Labrador<\/title>\n<meta name=\"robots\" content=\"index, follow, max-snippet:-1, max-image-preview:large, max-video-preview:-1\" \/>\n<link rel=\"canonical\" href=\"https:\/\/diarioellabrador.cl\/index.php\/2025\/05\/19\/cabalgata-solidaria-de-los-criadores-de-limari-tuvo-un-ambiente-muy-familiar\/\" \/>\n<meta property=\"og:locale\" content=\"es_ES\" \/>\n<meta property=\"og:type\" content=\"article\" \/>\n<meta property=\"og:title\" content=\"Cabalgata solidaria de los Criadores de Limar\u00ed tuvo un ambiente muy familiar - Diario El Labrador\" \/>\n<meta property=\"og:description\" content=\"Autor: H\u00e9ctor Parraguirre Jara La primera de dos actividades programadas para estos d\u00edas, cumpli\u00f3 la Asociaci\u00f3n de Criadores de Caballos Raza Chilena de Limar\u00ed, con una cabalgata a beneficio de un socio afectado por un problema de salud, que se realiz\u00f3 el s\u00e1bado 17 de mayo y se caracteriz\u00f3 por un ambiente muy familiar. &nbsp; Leer m\u00e1s\" \/>\n<meta property=\"og:url\" content=\"https:\/\/diarioellabrador.cl\/index.php\/2025\/05\/19\/cabalgata-solidaria-de-los-criadores-de-limari-tuvo-un-ambiente-muy-familiar\/\" \/>\n<meta property=\"og:site_name\" content=\"Diario El Labrador\" \/>\n<meta property=\"article:publisher\" content=\"https:\/\/web.facebook.com\/profile.php?id=61576120840621\" \/>\n<meta property=\"article:published_time\" content=\"2025-05-19T22:14:39+00:00\" \/>\n<meta property=\"og:image\" content=\"https:\/\/diarioellabrador.cl\/wp-content\/uploads\/2025\/05\/Cabalgata-solidaria-de-los-Criadores-de-Limari-tuvo-un-ambiente-muy-familiar.jpg\" \/>\n\t<meta property=\"og:image:width\" content=\"750\" \/>\n\t<meta property=\"og:image:height\" content=\"390\" \/>\n\t<meta property=\"og:image:type\" content=\"image\/jpeg\" \/>\n<meta name=\"author\" content=\"Editor\" \/>\n<meta name=\"twitter:card\" content=\"summary_large_image\" \/>\n<meta name=\"twitter:creator\" content=\"@ElLabradorOf\" \/>\n<meta name=\"twitter:site\" content=\"@ElLabradorOf\" \/>\n<meta name=\"twitter:label1\" content=\"Escrito por\" \/>\n\t<meta name=\"twitter:data1\" content=\"Editor\" \/>\n\t<meta name=\"twitter:label2\" content=\"Tiempo de lectura\" \/>\n\t<meta name=\"twitter:data2\" content=\"3 minutos\" \/>\n<script type=\"application\/ld+json\" class=\"yoast-schema-graph\">{\"@context\":\"https:\\\/\\\/schema.org\",\"@graph\":[{\"@type\":\"Article\",\"@id\":\"https:\\\/\\\/diarioellabrador.cl\\\/index.php\\\/2025\\\/05\\\/19\\\/cabalgata-solidaria-de-los-criadores-de-limari-tuvo-un-ambiente-muy-familiar\\\/#article\",\"isPartOf\":{\"@id\":\"https:\\\/\\\/diarioellabrador.cl\\\/index.php\\\/2025\\\/05\\\/19\\\/cabalgata-solidaria-de-los-criadores-de-limari-tuvo-un-ambiente-muy-familiar\\\/\"},\"author\":{\"name\":\"Editor\",\"@id\":\"https:\\\/\\\/diarioellabrador.cl\\\/#\\\/schema\\\/person\\\/bc25ff80b4563f9c7f4bd7855df01685\"},\"headline\":\"Cabalgata solidaria de los Criadores de Limar\u00ed tuvo un ambiente muy familiar\",\"datePublished\":\"2025-05-19T22:14:39+00:00\",\"mainEntityOfPage\":{\"@id\":\"https:\\\/\\\/diarioellabrador.cl\\\/index.php\\\/2025\\\/05\\\/19\\\/cabalgata-solidaria-de-los-criadores-de-limari-tuvo-un-ambiente-muy-familiar\\\/\"},\"wordCount\":531,\"commentCount\":0,\"publisher\":{\"@id\":\"https:\\\/\\\/diarioellabrador.cl\\\/#organization\"},\"image\":{\"@id\":\"https:\\\/\\\/diarioellabrador.cl\\\/index.php\\\/2025\\\/05\\\/19\\\/cabalgata-solidaria-de-los-criadores-de-limari-tuvo-un-ambiente-muy-familiar\\\/#primaryimage\"},\"thumbnailUrl\":\"https:\\\/\\\/diarioellabrador.cl\\\/wp-content\\\/uploads\\\/2025\\\/05\\\/Cabalgata-solidaria-de-los-Criadores-de-Limari-tuvo-un-ambiente-muy-familiar.jpg\",\"articleSection\":[\"Rodeo\"],\"inLanguage\":\"es\",\"potentialAction\":[{\"@type\":\"CommentAction\",\"name\":\"Comment\",\"target\":[\"https:\\\/\\\/diarioellabrador.cl\\\/index.php\\\/2025\\\/05\\\/19\\\/cabalgata-solidaria-de-los-criadores-de-limari-tuvo-un-ambiente-muy-familiar\\\/#respond\"]}]},{\"@type\":\"WebPage\",\"@id\":\"https:\\\/\\\/diarioellabrador.cl\\\/index.php\\\/2025\\\/05\\\/19\\\/cabalgata-solidaria-de-los-criadores-de-limari-tuvo-un-ambiente-muy-familiar\\\/\",\"url\":\"https:\\\/\\\/diarioellabrador.cl\\\/index.php\\\/2025\\\/05\\\/19\\\/cabalgata-solidaria-de-los-criadores-de-limari-tuvo-un-ambiente-muy-familiar\\\/\",\"name\":\"Cabalgata solidaria de los Criadores de Limar\u00ed tuvo un ambiente muy familiar - Diario El Labrador\",\"isPartOf\":{\"@id\":\"https:\\\/\\\/diarioellabrador.cl\\\/#website\"},\"primaryImageOfPage\":{\"@id\":\"https:\\\/\\\/diarioellabrador.cl\\\/index.php\\\/2025\\\/05\\\/19\\\/cabalgata-solidaria-de-los-criadores-de-limari-tuvo-un-ambiente-muy-familiar\\\/#primaryimage\"},\"image\":{\"@id\":\"https:\\\/\\\/diarioellabrador.cl\\\/index.php\\\/2025\\\/05\\\/19\\\/cabalgata-solidaria-de-los-criadores-de-limari-tuvo-un-ambiente-muy-familiar\\\/#primaryimage\"},\"thumbnailUrl\":\"https:\\\/\\\/diarioellabrador.cl\\\/wp-content\\\/uploads\\\/2025\\\/05\\\/Cabalgata-solidaria-de-los-Criadores-de-Limari-tuvo-un-ambiente-muy-familiar.jpg\",\"datePublished\":\"2025-05-19T22:14:39+00:00\",\"breadcrumb\":{\"@id\":\"https:\\\/\\\/diarioellabrador.cl\\\/index.php\\\/2025\\\/05\\\/19\\\/cabalgata-solidaria-de-los-criadores-de-limari-tuvo-un-ambiente-muy-familiar\\\/#breadcrumb\"},\"inLanguage\":\"es\",\"potentialAction\":[{\"@type\":\"ReadAction\",\"target\":[\"https:\\\/\\\/diarioellabrador.cl\\\/index.php\\\/2025\\\/05\\\/19\\\/cabalgata-solidaria-de-los-criadores-de-limari-tuvo-un-ambiente-muy-familiar\\\/\"]}]},{\"@type\":\"ImageObject\",\"inLanguage\":\"es\",\"@id\":\"https:\\\/\\\/diarioellabrador.cl\\\/index.php\\\/2025\\\/05\\\/19\\\/cabalgata-solidaria-de-los-criadores-de-limari-tuvo-un-ambiente-muy-familiar\\\/#primaryimage\",\"url\":\"https:\\\/\\\/diarioellabrador.cl\\\/wp-content\\\/uploads\\\/2025\\\/05\\\/Cabalgata-solidaria-de-los-Criadores-de-Limari-tuvo-un-ambiente-muy-familiar.jpg\",\"contentUrl\":\"https:\\\/\\\/diarioellabrador.cl\\\/wp-content\\\/uploads\\\/2025\\\/05\\\/Cabalgata-solidaria-de-los-Criadores-de-Limari-tuvo-un-ambiente-muy-familiar.jpg\",\"width\":750,\"height\":390},{\"@type\":\"BreadcrumbList\",\"@id\":\"https:\\\/\\\/diarioellabrador.cl\\\/index.php\\\/2025\\\/05\\\/19\\\/cabalgata-solidaria-de-los-criadores-de-limari-tuvo-un-ambiente-muy-familiar\\\/#breadcrumb\",\"itemListElement\":[{\"@type\":\"ListItem\",\"position\":1,\"name\":\"Portada\",\"item\":\"https:\\\/\\\/diarioellabrador.cl\\\/\"},{\"@type\":\"ListItem\",\"position\":2,\"name\":\"Cabalgata solidaria de los Criadores de Limar\u00ed tuvo un ambiente muy familiar\"}]},{\"@type\":\"WebSite\",\"@id\":\"https:\\\/\\\/diarioellabrador.cl\\\/#website\",\"url\":\"https:\\\/\\\/diarioellabrador.cl\\\/\",\"name\":\"Diario El Labrador\",\"description\":\"Haciendo noticia desde 1921\",\"publisher\":{\"@id\":\"https:\\\/\\\/diarioellabrador.cl\\\/#organization\"},\"potentialAction\":[{\"@type\":\"SearchAction\",\"target\":{\"@type\":\"EntryPoint\",\"urlTemplate\":\"https:\\\/\\\/diarioellabrador.cl\\\/?s={search_term_string}\"},\"query-input\":{\"@type\":\"PropertyValueSpecification\",\"valueRequired\":true,\"valueName\":\"search_term_string\"}}],\"inLanguage\":\"es\"},{\"@type\":\"Organization\",\"@id\":\"https:\\\/\\\/diarioellabrador.cl\\\/#organization\",\"name\":\"Diario El Labrador\",\"url\":\"https:\\\/\\\/diarioellabrador.cl\\\/\",\"logo\":{\"@type\":\"ImageObject\",\"inLanguage\":\"es\",\"@id\":\"https:\\\/\\\/diarioellabrador.cl\\\/#\\\/schema\\\/logo\\\/image\\\/\",\"url\":\"https:\\\/\\\/diarioellabrador.cl\\\/wp-content\\\/uploads\\\/2025\\\/02\\\/cropped-Logo-Icono.png\",\"contentUrl\":\"https:\\\/\\\/diarioellabrador.cl\\\/wp-content\\\/uploads\\\/2025\\\/02\\\/cropped-Logo-Icono.png\",\"width\":512,\"height\":512,\"caption\":\"Diario El Labrador\"},\"image\":{\"@id\":\"https:\\\/\\\/diarioellabrador.cl\\\/#\\\/schema\\\/logo\\\/image\\\/\"},\"sameAs\":[\"https:\\\/\\\/web.facebook.com\\\/profile.php?id=61576120840621\",\"https:\\\/\\\/x.com\\\/ElLabradorOf\",\"https:\\\/\\\/www.instagram.com\\\/diarioellabradoroficial\\\/\"]},{\"@type\":\"Person\",\"@id\":\"https:\\\/\\\/diarioellabrador.cl\\\/#\\\/schema\\\/person\\\/bc25ff80b4563f9c7f4bd7855df01685\",\"name\":\"Editor\",\"image\":{\"@type\":\"ImageObject\",\"inLanguage\":\"es\",\"@id\":\"https:\\\/\\\/secure.gravatar.com\\\/avatar\\\/109c326cf2be5c04f048c2c2a2b8b6ef44bf3d8d1d3d4c55d0ac40c4bc994684?s=96&d=mm&r=g\",\"url\":\"https:\\\/\\\/secure.gravatar.com\\\/avatar\\\/109c326cf2be5c04f048c2c2a2b8b6ef44bf3d8d1d3d4c55d0ac40c4bc994684?s=96&d=mm&r=g\",\"contentUrl\":\"https:\\\/\\\/secure.gravatar.com\\\/avatar\\\/109c326cf2be5c04f048c2c2a2b8b6ef44bf3d8d1d3d4c55d0ac40c4bc994684?s=96&d=mm&r=g\",\"caption\":\"Editor\"},\"url\":\"https:\\\/\\\/diarioellabrador.cl\\\/index.php\\\/author\\\/editor\\\/\"}]}<\/script>\n<!-- \/ Yoast SEO plugin. -->","yoast_head_json":{"title":"Cabalgata solidaria de los Criadores de Limar\u00ed tuvo un ambiente muy familiar - Diario El Labrador","robots":{"index":"index","follow":"follow","max-snippet":"max-snippet:-1","max-image-preview":"max-image-preview:large","max-video-preview":"max-video-preview:-1"},"canonical":"https:\/\/diarioellabrador.cl\/index.php\/2025\/05\/19\/cabalgata-solidaria-de-los-criadores-de-limari-tuvo-un-ambiente-muy-familiar\/","og_locale":"es_ES","og_type":"article","og_title":"Cabalgata solidaria de los Criadores de Limar\u00ed tuvo un ambiente muy familiar - Diario El Labrador","og_description":"Autor: H\u00e9ctor Parraguirre Jara La primera de dos actividades programadas para estos d\u00edas, cumpli\u00f3 la Asociaci\u00f3n de Criadores de Caballos Raza Chilena de Limar\u00ed, con una cabalgata a beneficio de un socio afectado por un problema de salud, que se realiz\u00f3 el s\u00e1bado 17 de mayo y se caracteriz\u00f3 por un ambiente muy familiar. &nbsp; Leer m\u00e1s","og_url":"https:\/\/diarioellabrador.cl\/index.php\/2025\/05\/19\/cabalgata-solidaria-de-los-criadores-de-limari-tuvo-un-ambiente-muy-familiar\/","og_site_name":"Diario El Labrador","article_publisher":"https:\/\/web.facebook.com\/profile.php?id=61576120840621","article_published_time":"2025-05-19T22:14:39+00:00","og_image":[{"width":750,"height":390,"url":"https:\/\/diarioellabrador.cl\/wp-content\/uploads\/2025\/05\/Cabalgata-solidaria-de-los-Criadores-de-Limari-tuvo-un-ambiente-muy-familiar.jpg","type":"image\/jpeg"}],"author":"Editor","twitter_card":"summary_large_image","twitter_creator":"@ElLabradorOf","twitter_site":"@ElLabradorOf","twitter_misc":{"Escrito por":"Editor","Tiempo de lectura":"3 minutos"},"schema":{"@context":"https:\/\/schema.org","@graph":[{"@type":"Article","@id":"https:\/\/diarioellabrador.cl\/index.php\/2025\/05\/19\/cabalgata-solidaria-de-los-criadores-de-limari-tuvo-un-ambiente-muy-familiar\/#article","isPartOf":{"@id":"https:\/\/diarioellabrador.cl\/index.php\/2025\/05\/19\/cabalgata-solidaria-de-los-criadores-de-limari-tuvo-un-ambiente-muy-familiar\/"},"author":{"name":"Editor","@id":"https:\/\/diarioellabrador.cl\/#\/schema\/person\/bc25ff80b4563f9c7f4bd7855df01685"},"headline":"Cabalgata solidaria de los Criadores de Limar\u00ed tuvo un ambiente muy familiar","datePublished":"2025-05-19T22:14:39+00:00","mainEntityOfPage":{"@id":"https:\/\/diarioellabrador.cl\/index.php\/2025\/05\/19\/cabalgata-solidaria-de-los-criadores-de-limari-tuvo-un-ambiente-muy-familiar\/"},"wordCount":531,"commentCount":0,"publisher":{"@id":"https:\/\/diarioellabrador.cl\/#organization"},"image":{"@id":"https:\/\/diarioellabrador.cl\/index.php\/2025\/05\/19\/cabalgata-solidaria-de-los-criadores-de-limari-tuvo-un-ambiente-muy-familiar\/#primaryimage"},"thumbnailUrl":"https:\/\/diarioellabrador.cl\/wp-content\/uploads\/2025\/05\/Cabalgata-solidaria-de-los-Criadores-de-Limari-tuvo-un-ambiente-muy-familiar.jpg","articleSection":["Rodeo"],"inLanguage":"es","potentialAction":[{"@type":"CommentAction","name":"Comment","target":["https:\/\/diarioellabrador.cl\/index.php\/2025\/05\/19\/cabalgata-solidaria-de-los-criadores-de-limari-tuvo-un-ambiente-muy-familiar\/#respond"]}]},{"@type":"WebPage","@id":"https:\/\/diarioellabrador.cl\/index.php\/2025\/05\/19\/cabalgata-solidaria-de-los-criadores-de-limari-tuvo-un-ambiente-muy-familiar\/","url":"https:\/\/diarioellabrador.cl\/index.php\/2025\/05\/19\/cabalgata-solidaria-de-los-criadores-de-limari-tuvo-un-ambiente-muy-familiar\/","name":"Cabalgata solidaria de los Criadores de Limar\u00ed tuvo un ambiente muy familiar - Diario El Labrador","isPartOf":{"@id":"https:\/\/diarioellabrador.cl\/#website"},"primaryImageOfPage":{"@id":"https:\/\/diarioellabrador.cl\/index.php\/2025\/05\/19\/cabalgata-solidaria-de-los-criadores-de-limari-tuvo-un-ambiente-muy-familiar\/#primaryimage"},"image":{"@id":"https:\/\/diarioellabrador.cl\/index.php\/2025\/05\/19\/cabalgata-solidaria-de-los-criadores-de-limari-tuvo-un-ambiente-muy-familiar\/#primaryimage"},"thumbnailUrl":"https:\/\/diarioellabrador.cl\/wp-content\/uploads\/2025\/05\/Cabalgata-solidaria-de-los-Criadores-de-Limari-tuvo-un-ambiente-muy-familiar.jpg","datePublished":"2025-05-19T22:14:39+00:00","breadcrumb":{"@id":"https:\/\/diarioellabrador.cl\/index.php\/2025\/05\/19\/cabalgata-solidaria-de-los-criadores-de-limari-tuvo-un-ambiente-muy-familiar\/#breadcrumb"},"inLanguage":"es","potentialAction":[{"@type":"ReadAction","target":["https:\/\/diarioellabrador.cl\/index.php\/2025\/05\/19\/cabalgata-solidaria-de-los-criadores-de-limari-tuvo-un-ambiente-muy-familiar\/"]}]},{"@type":"ImageObject","inLanguage":"es","@id":"https:\/\/diarioellabrador.cl\/index.php\/2025\/05\/19\/cabalgata-solidaria-de-los-criadores-de-limari-tuvo-un-ambiente-muy-familiar\/#primaryimage","url":"https:\/\/diarioellabrador.cl\/wp-content\/uploads\/2025\/05\/Cabalgata-solidaria-de-los-Criadores-de-Limari-tuvo-un-ambiente-muy-familiar.jpg","contentUrl":"https:\/\/diarioellabrador.cl\/wp-content\/uploads\/2025\/05\/Cabalgata-solidaria-de-los-Criadores-de-Limari-tuvo-un-ambiente-muy-familiar.jpg","width":750,"height":390},{"@type":"BreadcrumbList","@id":"https:\/\/diarioellabrador.cl\/index.php\/2025\/05\/19\/cabalgata-solidaria-de-los-criadores-de-limari-tuvo-un-ambiente-muy-familiar\/#breadcrumb","itemListElement":[{"@type":"ListItem","position":1,"name":"Portada","item":"https:\/\/diarioellabrador.cl\/"},{"@type":"ListItem","position":2,"name":"Cabalgata solidaria de los Criadores de Limar\u00ed tuvo un ambiente muy familiar"}]},{"@type":"WebSite","@id":"https:\/\/diarioellabrador.cl\/#website","url":"https:\/\/diarioellabrador.cl\/","name":"Diario El Labrador","description":"Haciendo noticia desde 1921","publisher":{"@id":"https:\/\/diarioellabrador.cl\/#organization"},"potentialAction":[{"@type":"SearchAction","target":{"@type":"EntryPoint","urlTemplate":"https:\/\/diarioellabrador.cl\/?s={search_term_string}"},"query-input":{"@type":"PropertyValueSpecification","valueRequired":true,"valueName":"search_term_string"}}],"inLanguage":"es"},{"@type":"Organization","@id":"https:\/\/diarioellabrador.cl\/#organization","name":"Diario El Labrador","url":"https:\/\/diarioellabrador.cl\/","logo":{"@type":"ImageObject","inLanguage":"es","@id":"https:\/\/diarioellabrador.cl\/#\/schema\/logo\/image\/","url":"https:\/\/diarioellabrador.cl\/wp-content\/uploads\/2025\/02\/cropped-Logo-Icono.png","contentUrl":"https:\/\/diarioellabrador.cl\/wp-content\/uploads\/2025\/02\/cropped-Logo-Icono.png","width":512,"height":512,"caption":"Diario El Labrador"},"image":{"@id":"https:\/\/diarioellabrador.cl\/#\/schema\/logo\/image\/"},"sameAs":["https:\/\/web.facebook.com\/profile.php?id=61576120840621","https:\/\/x.com\/ElLabradorOf","https:\/\/www.instagram.com\/diarioellabradoroficial\/"]},{"@type":"Person","@id":"https:\/\/diarioellabrador.cl\/#\/schema\/person\/bc25ff80b4563f9c7f4bd7855df01685","name":"Editor","image":{"@type":"ImageObject","inLanguage":"es","@id":"https:\/\/secure.gravatar.com\/avatar\/109c326cf2be5c04f048c2c2a2b8b6ef44bf3d8d1d3d4c55d0ac40c4bc994684?s=96&d=mm&r=g","url":"https:\/\/secure.gravatar.com\/avatar\/109c326cf2be5c04f048c2c2a2b8b6ef44bf3d8d1d3d4c55d0ac40c4bc994684?s=96&d=mm&r=g","contentUrl":"https:\/\/secure.gravatar.com\/avatar\/109c326cf2be5c04f048c2c2a2b8b6ef44bf3d8d1d3d4c55d0ac40c4bc994684?s=96&d=mm&r=g","caption":"Editor"},"url":"https:\/\/diarioellabrador.cl\/index.php\/author\/editor\/"}]}},"_links":{"self":[{"href":"https:\/\/diarioellabrador.cl\/index.php\/wp-json\/wp\/v2\/posts\/2889","targetHints":{"allow":["GET"]}}],"collection":[{"href":"https:\/\/diarioellabrador.cl\/index.php\/wp-json\/wp\/v2\/posts"}],"about":[{"href":"https:\/\/diarioellabrador.cl\/index.php\/wp-json\/wp\/v2\/types\/post"}],"author":[{"embeddable":true,"href":"https:\/\/diarioellabrador.cl\/index.php\/wp-json\/wp\/v2\/users\/2"}],"replies":[{"embeddable":true,"href":"https:\/\/diarioellabrador.cl\/index.php\/wp-json\/wp\/v2\/comments?post=2889"}],"version-history":[{"count":1,"href":"https:\/\/diarioellabrador.cl\/index.php\/wp-json\/wp\/v2\/posts\/2889\/revisions"}],"predecessor-version":[{"id":2890,"href":"https:\/\/diarioellabrador.cl\/index.php\/wp-json\/wp\/v2\/posts\/2889\/revisions\/2890"}],"wp:featuredmedia":[{"embeddable":true,"href":"https:\/\/diarioellabrador.cl\/index.php\/wp-json\/wp\/v2\/media\/2865"}],"wp:attachment":[{"href":"https:\/\/diarioellabrador.cl\/index.php\/wp-json\/wp\/v2\/media?parent=2889"}],"wp:term":[{"taxonomy":"category","embeddable":true,"href":"https:\/\/diarioellabrador.cl\/index.php\/wp-json\/wp\/v2\/categories?post=2889"},{"taxonomy":"post_tag","embeddable":true,"href":"https:\/\/diarioellabrador.cl\/index.php\/wp-json\/wp\/v2\/tags?post=2889"}],"curies":[{"name":"wp","href":"https:\/\/api.w.org\/{rel}","templated":true}]}}