{"id":2741,"date":"2025-05-15T19:21:00","date_gmt":"2025-05-15T23:21:00","guid":{"rendered":"https:\/\/diarioellabrador.cl\/?p=2741"},"modified":"2025-05-15T19:21:01","modified_gmt":"2025-05-15T23:21:01","slug":"delegado-bastian-alarcon-invita-a-participar-de-operativo-especial-de-gobierno-en-terreno-en-conjunto-habitacional-sol-poniente-de-melipilla","status":"publish","type":"post","link":"https:\/\/diarioellabrador.cl\/index.php\/2025\/05\/15\/delegado-bastian-alarcon-invita-a-participar-de-operativo-especial-de-gobierno-en-terreno-en-conjunto-habitacional-sol-poniente-de-melipilla\/","title":{"rendered":"Delegado Basti\u00e1n Alarc\u00f3n invita a participar de Operativo especial de Gobierno en Terreno en Conjunto Habitacional Sol Poniente de Melipilla"},"content":{"rendered":"\n<ul class=\"wp-block-list\">\n<li><strong>La actividad se realizar\u00e1 este viernes 16 de mayo en la sede de la Junta de Vecinos, despliegue que contar\u00e1 con atenci\u00f3n m\u00e9dica costo cero para pacientes Fonasa B, C y D, desde las 8.30 a 11:00 horas; adem\u00e1s de postulaci\u00f3n a programas FOSIS y atenci\u00f3n jur\u00eddica gratuita desde las 10:00 a 13:30 horas. <\/strong><\/li>\n<\/ul>\n\n\n\n<p>Este viernes 16 de mayo se realizar\u00e1 un nuevo despliegue territorial organizado por Delegaci\u00f3n Presidencial Provincial de Melipilla, esta vez en el Conjunto Habitacional Sol Poniente de la comuna de Melipilla, actividad que se desarrollar\u00e1 en la sede de la Junta de Vecinos, y contempla una jornada de atenci\u00f3n ciudadana para las vecinas y vecinos del sector.<\/p>\n\n\n\n<p>El despliegue de delegaci\u00f3n contar\u00e1 con atenci\u00f3n m\u00e9dica a costo cero para pacientes Fonasa pertenecientes a los tramos B, C y D, disponible desde las 8:30 hasta las 11:00 horas. Adem\u00e1s, entre las 10:00 y las 13:30 horas, se ofrecer\u00e1 asesor\u00eda jur\u00eddica gratuita y la posibilidad de postular a programas del Fondo de Solidaridad e Inversi\u00f3n Social (FOSIS).<\/p>\n\n\n\n<p>\u201cQueremos invitar a nuestras vecinas y vecinos del Conjunto Sol Poniente y sectores aleda\u00f1os a acercarse y participar de este operativo especial de Gobierno en Terreno, donde podr\u00e1n acceder a atenciones en salud sin costo, adem\u00e1s de orientaci\u00f3n jur\u00eddica y apoyo para postular a los programas FOSIS, donde debemos recordar que este viernes 16 el \u00faltimo plazo para la inscripci\u00f3n\u201d.<\/p>\n\n\n\n<p>En esta l\u00ednea, la autoridad agreg\u00f3 que \u201ceste tipo de despliegues refleja el compromiso del Gobierno de nuestro Presidente Gabriel Boric, y de nosotros como Delegaci\u00f3n Presidencial Provincial, por estar m\u00e1s cerca de la comunidad, y llegar a los diversos territorios con prestaciones que muchas veces se encuentran se encuentran en los centros urbanos de las comunas o en la capital\u201d.<\/p>\n","protected":false},"excerpt":{"rendered":"<p>Este viernes 16 de mayo se realizar\u00e1 un nuevo despliegue territorial organizado por Delegaci\u00f3n Presidencial Provincial de Melipilla, esta vez en el Conjunto Habitacional Sol Poniente de la comuna de Melipilla, actividad que se desarrollar\u00e1 en la sede de la Junta de Vecinos, y contempla una jornada de atenci\u00f3n ciudadana para las vecinas y vecinos<\/p>\n<div class=\"read-more-wrapper\"><a class=\"read-more\" href=\"https:\/\/diarioellabrador.cl\/index.php\/2025\/05\/15\/delegado-bastian-alarcon-invita-a-participar-de-operativo-especial-de-gobierno-en-terreno-en-conjunto-habitacional-sol-poniente-de-melipilla\/\" title=\"Leer m\u00e1s\"> <span class=\"button \">Leer m\u00e1s<\/span><\/a><\/div>\n","protected":false},"author":2,"featured_media":2711,"comment_status":"open","ping_status":"open","sticky":false,"template":"","format":"standard","meta":{"footnotes":""},"categories":[1],"tags":[],"class_list":["post-2741","post","type-post","status-publish","format-standard","has-post-thumbnail","hentry","category-cronica"],"yoast_head":"<!-- This site is optimized with the Yoast SEO plugin v27.5 - https:\/\/yoast.com\/product\/yoast-seo-wordpress\/ -->\n<title>Delegado Basti\u00e1n Alarc\u00f3n invita a participar de Operativo especial de Gobierno en Terreno en Conjunto Habitacional Sol Poniente de Melipilla - Diario El Labrador<\/title>\n<meta name=\"robots\" content=\"index, follow, max-snippet:-1, max-image-preview:large, max-video-preview:-1\" \/>\n<link rel=\"canonical\" href=\"https:\/\/diarioellabrador.cl\/index.php\/2025\/05\/15\/delegado-bastian-alarcon-invita-a-participar-de-operativo-especial-de-gobierno-en-terreno-en-conjunto-habitacional-sol-poniente-de-melipilla\/\" \/>\n<meta property=\"og:locale\" content=\"es_ES\" \/>\n<meta property=\"og:type\" content=\"article\" \/>\n<meta property=\"og:title\" content=\"Delegado Basti\u00e1n Alarc\u00f3n invita a participar de Operativo especial de Gobierno en Terreno en Conjunto Habitacional Sol Poniente de Melipilla - Diario El Labrador\" \/>\n<meta property=\"og:description\" content=\"Este viernes 16 de mayo se realizar\u00e1 un nuevo despliegue territorial organizado por Delegaci\u00f3n Presidencial Provincial de Melipilla, esta vez en el Conjunto Habitacional Sol Poniente de la comuna de Melipilla, actividad que se desarrollar\u00e1 en la sede de la Junta de Vecinos, y contempla una jornada de atenci\u00f3n ciudadana para las vecinas y vecinos Leer m\u00e1s\" \/>\n<meta property=\"og:url\" content=\"https:\/\/diarioellabrador.cl\/index.php\/2025\/05\/15\/delegado-bastian-alarcon-invita-a-participar-de-operativo-especial-de-gobierno-en-terreno-en-conjunto-habitacional-sol-poniente-de-melipilla\/\" \/>\n<meta property=\"og:site_name\" content=\"Diario El Labrador\" \/>\n<meta property=\"article:publisher\" content=\"https:\/\/web.facebook.com\/profile.php?id=61576120840621\" \/>\n<meta property=\"article:published_time\" content=\"2025-05-15T23:21:00+00:00\" \/>\n<meta property=\"article:modified_time\" content=\"2025-05-15T23:21:01+00:00\" \/>\n<meta property=\"og:image\" content=\"https:\/\/diarioellabrador.cl\/wp-content\/uploads\/2025\/05\/Operativo-Condominio-Sol-Poniente-15-05-2025.jpeg\" \/>\n\t<meta property=\"og:image:width\" content=\"2047\" \/>\n\t<meta property=\"og:image:height\" content=\"2560\" \/>\n\t<meta property=\"og:image:type\" content=\"image\/jpeg\" \/>\n<meta name=\"author\" content=\"Editor\" \/>\n<meta name=\"twitter:card\" content=\"summary_large_image\" \/>\n<meta name=\"twitter:creator\" content=\"@ElLabradorOf\" \/>\n<meta name=\"twitter:site\" content=\"@ElLabradorOf\" \/>\n<meta name=\"twitter:label1\" content=\"Escrito por\" \/>\n\t<meta name=\"twitter:data1\" content=\"Editor\" \/>\n\t<meta name=\"twitter:label2\" content=\"Tiempo de lectura\" \/>\n\t<meta name=\"twitter:data2\" content=\"2 minutos\" \/>\n<script type=\"application\/ld+json\" class=\"yoast-schema-graph\">{\"@context\":\"https:\\\/\\\/schema.org\",\"@graph\":[{\"@type\":\"Article\",\"@id\":\"https:\\\/\\\/diarioellabrador.cl\\\/index.php\\\/2025\\\/05\\\/15\\\/delegado-bastian-alarcon-invita-a-participar-de-operativo-especial-de-gobierno-en-terreno-en-conjunto-habitacional-sol-poniente-de-melipilla\\\/#article\",\"isPartOf\":{\"@id\":\"https:\\\/\\\/diarioellabrador.cl\\\/index.php\\\/2025\\\/05\\\/15\\\/delegado-bastian-alarcon-invita-a-participar-de-operativo-especial-de-gobierno-en-terreno-en-conjunto-habitacional-sol-poniente-de-melipilla\\\/\"},\"author\":{\"name\":\"Editor\",\"@id\":\"https:\\\/\\\/diarioellabrador.cl\\\/#\\\/schema\\\/person\\\/bc25ff80b4563f9c7f4bd7855df01685\"},\"headline\":\"Delegado Basti\u00e1n Alarc\u00f3n invita a participar de Operativo especial de Gobierno en Terreno en Conjunto Habitacional Sol Poniente de Melipilla\",\"datePublished\":\"2025-05-15T23:21:00+00:00\",\"dateModified\":\"2025-05-15T23:21:01+00:00\",\"mainEntityOfPage\":{\"@id\":\"https:\\\/\\\/diarioellabrador.cl\\\/index.php\\\/2025\\\/05\\\/15\\\/delegado-bastian-alarcon-invita-a-participar-de-operativo-especial-de-gobierno-en-terreno-en-conjunto-habitacional-sol-poniente-de-melipilla\\\/\"},\"wordCount\":325,\"commentCount\":0,\"publisher\":{\"@id\":\"https:\\\/\\\/diarioellabrador.cl\\\/#organization\"},\"image\":{\"@id\":\"https:\\\/\\\/diarioellabrador.cl\\\/index.php\\\/2025\\\/05\\\/15\\\/delegado-bastian-alarcon-invita-a-participar-de-operativo-especial-de-gobierno-en-terreno-en-conjunto-habitacional-sol-poniente-de-melipilla\\\/#primaryimage\"},\"thumbnailUrl\":\"https:\\\/\\\/diarioellabrador.cl\\\/wp-content\\\/uploads\\\/2025\\\/05\\\/Operativo-Condominio-Sol-Poniente-15-05-2025.jpeg\",\"articleSection\":[\"Cr\u00f3nica\"],\"inLanguage\":\"es\",\"potentialAction\":[{\"@type\":\"CommentAction\",\"name\":\"Comment\",\"target\":[\"https:\\\/\\\/diarioellabrador.cl\\\/index.php\\\/2025\\\/05\\\/15\\\/delegado-bastian-alarcon-invita-a-participar-de-operativo-especial-de-gobierno-en-terreno-en-conjunto-habitacional-sol-poniente-de-melipilla\\\/#respond\"]}]},{\"@type\":\"WebPage\",\"@id\":\"https:\\\/\\\/diarioellabrador.cl\\\/index.php\\\/2025\\\/05\\\/15\\\/delegado-bastian-alarcon-invita-a-participar-de-operativo-especial-de-gobierno-en-terreno-en-conjunto-habitacional-sol-poniente-de-melipilla\\\/\",\"url\":\"https:\\\/\\\/diarioellabrador.cl\\\/index.php\\\/2025\\\/05\\\/15\\\/delegado-bastian-alarcon-invita-a-participar-de-operativo-especial-de-gobierno-en-terreno-en-conjunto-habitacional-sol-poniente-de-melipilla\\\/\",\"name\":\"Delegado Basti\u00e1n Alarc\u00f3n invita a participar de Operativo especial de Gobierno en Terreno en Conjunto Habitacional Sol Poniente de Melipilla - Diario El Labrador\",\"isPartOf\":{\"@id\":\"https:\\\/\\\/diarioellabrador.cl\\\/#website\"},\"primaryImageOfPage\":{\"@id\":\"https:\\\/\\\/diarioellabrador.cl\\\/index.php\\\/2025\\\/05\\\/15\\\/delegado-bastian-alarcon-invita-a-participar-de-operativo-especial-de-gobierno-en-terreno-en-conjunto-habitacional-sol-poniente-de-melipilla\\\/#primaryimage\"},\"image\":{\"@id\":\"https:\\\/\\\/diarioellabrador.cl\\\/index.php\\\/2025\\\/05\\\/15\\\/delegado-bastian-alarcon-invita-a-participar-de-operativo-especial-de-gobierno-en-terreno-en-conjunto-habitacional-sol-poniente-de-melipilla\\\/#primaryimage\"},\"thumbnailUrl\":\"https:\\\/\\\/diarioellabrador.cl\\\/wp-content\\\/uploads\\\/2025\\\/05\\\/Operativo-Condominio-Sol-Poniente-15-05-2025.jpeg\",\"datePublished\":\"2025-05-15T23:21:00+00:00\",\"dateModified\":\"2025-05-15T23:21:01+00:00\",\"breadcrumb\":{\"@id\":\"https:\\\/\\\/diarioellabrador.cl\\\/index.php\\\/2025\\\/05\\\/15\\\/delegado-bastian-alarcon-invita-a-participar-de-operativo-especial-de-gobierno-en-terreno-en-conjunto-habitacional-sol-poniente-de-melipilla\\\/#breadcrumb\"},\"inLanguage\":\"es\",\"potentialAction\":[{\"@type\":\"ReadAction\",\"target\":[\"https:\\\/\\\/diarioellabrador.cl\\\/index.php\\\/2025\\\/05\\\/15\\\/delegado-bastian-alarcon-invita-a-participar-de-operativo-especial-de-gobierno-en-terreno-en-conjunto-habitacional-sol-poniente-de-melipilla\\\/\"]}]},{\"@type\":\"ImageObject\",\"inLanguage\":\"es\",\"@id\":\"https:\\\/\\\/diarioellabrador.cl\\\/index.php\\\/2025\\\/05\\\/15\\\/delegado-bastian-alarcon-invita-a-participar-de-operativo-especial-de-gobierno-en-terreno-en-conjunto-habitacional-sol-poniente-de-melipilla\\\/#primaryimage\",\"url\":\"https:\\\/\\\/diarioellabrador.cl\\\/wp-content\\\/uploads\\\/2025\\\/05\\\/Operativo-Condominio-Sol-Poniente-15-05-2025.jpeg\",\"contentUrl\":\"https:\\\/\\\/diarioellabrador.cl\\\/wp-content\\\/uploads\\\/2025\\\/05\\\/Operativo-Condominio-Sol-Poniente-15-05-2025.jpeg\",\"width\":2047,\"height\":2560},{\"@type\":\"BreadcrumbList\",\"@id\":\"https:\\\/\\\/diarioellabrador.cl\\\/index.php\\\/2025\\\/05\\\/15\\\/delegado-bastian-alarcon-invita-a-participar-de-operativo-especial-de-gobierno-en-terreno-en-conjunto-habitacional-sol-poniente-de-melipilla\\\/#breadcrumb\",\"itemListElement\":[{\"@type\":\"ListItem\",\"position\":1,\"name\":\"Portada\",\"item\":\"https:\\\/\\\/diarioellabrador.cl\\\/\"},{\"@type\":\"ListItem\",\"position\":2,\"name\":\"Delegado Basti\u00e1n Alarc\u00f3n invita a participar de Operativo especial de Gobierno en Terreno en Conjunto Habitacional Sol Poniente de Melipilla\"}]},{\"@type\":\"WebSite\",\"@id\":\"https:\\\/\\\/diarioellabrador.cl\\\/#website\",\"url\":\"https:\\\/\\\/diarioellabrador.cl\\\/\",\"name\":\"Diario El Labrador\",\"description\":\"Haciendo noticia desde 1921\",\"publisher\":{\"@id\":\"https:\\\/\\\/diarioellabrador.cl\\\/#organization\"},\"potentialAction\":[{\"@type\":\"SearchAction\",\"target\":{\"@type\":\"EntryPoint\",\"urlTemplate\":\"https:\\\/\\\/diarioellabrador.cl\\\/?s={search_term_string}\"},\"query-input\":{\"@type\":\"PropertyValueSpecification\",\"valueRequired\":true,\"valueName\":\"search_term_string\"}}],\"inLanguage\":\"es\"},{\"@type\":\"Organization\",\"@id\":\"https:\\\/\\\/diarioellabrador.cl\\\/#organization\",\"name\":\"Diario El Labrador\",\"url\":\"https:\\\/\\\/diarioellabrador.cl\\\/\",\"logo\":{\"@type\":\"ImageObject\",\"inLanguage\":\"es\",\"@id\":\"https:\\\/\\\/diarioellabrador.cl\\\/#\\\/schema\\\/logo\\\/image\\\/\",\"url\":\"https:\\\/\\\/diarioellabrador.cl\\\/wp-content\\\/uploads\\\/2025\\\/02\\\/cropped-Logo-Icono.png\",\"contentUrl\":\"https:\\\/\\\/diarioellabrador.cl\\\/wp-content\\\/uploads\\\/2025\\\/02\\\/cropped-Logo-Icono.png\",\"width\":512,\"height\":512,\"caption\":\"Diario El Labrador\"},\"image\":{\"@id\":\"https:\\\/\\\/diarioellabrador.cl\\\/#\\\/schema\\\/logo\\\/image\\\/\"},\"sameAs\":[\"https:\\\/\\\/web.facebook.com\\\/profile.php?id=61576120840621\",\"https:\\\/\\\/x.com\\\/ElLabradorOf\",\"https:\\\/\\\/www.instagram.com\\\/diarioellabradoroficial\\\/\"]},{\"@type\":\"Person\",\"@id\":\"https:\\\/\\\/diarioellabrador.cl\\\/#\\\/schema\\\/person\\\/bc25ff80b4563f9c7f4bd7855df01685\",\"name\":\"Editor\",\"image\":{\"@type\":\"ImageObject\",\"inLanguage\":\"es\",\"@id\":\"https:\\\/\\\/secure.gravatar.com\\\/avatar\\\/109c326cf2be5c04f048c2c2a2b8b6ef44bf3d8d1d3d4c55d0ac40c4bc994684?s=96&d=mm&r=g\",\"url\":\"https:\\\/\\\/secure.gravatar.com\\\/avatar\\\/109c326cf2be5c04f048c2c2a2b8b6ef44bf3d8d1d3d4c55d0ac40c4bc994684?s=96&d=mm&r=g\",\"contentUrl\":\"https:\\\/\\\/secure.gravatar.com\\\/avatar\\\/109c326cf2be5c04f048c2c2a2b8b6ef44bf3d8d1d3d4c55d0ac40c4bc994684?s=96&d=mm&r=g\",\"caption\":\"Editor\"},\"url\":\"https:\\\/\\\/diarioellabrador.cl\\\/index.php\\\/author\\\/editor\\\/\"}]}<\/script>\n<!-- \/ Yoast SEO plugin. -->","yoast_head_json":{"title":"Delegado Basti\u00e1n Alarc\u00f3n invita a participar de Operativo especial de Gobierno en Terreno en Conjunto Habitacional Sol Poniente de Melipilla - Diario El Labrador","robots":{"index":"index","follow":"follow","max-snippet":"max-snippet:-1","max-image-preview":"max-image-preview:large","max-video-preview":"max-video-preview:-1"},"canonical":"https:\/\/diarioellabrador.cl\/index.php\/2025\/05\/15\/delegado-bastian-alarcon-invita-a-participar-de-operativo-especial-de-gobierno-en-terreno-en-conjunto-habitacional-sol-poniente-de-melipilla\/","og_locale":"es_ES","og_type":"article","og_title":"Delegado Basti\u00e1n Alarc\u00f3n invita a participar de Operativo especial de Gobierno en Terreno en Conjunto Habitacional Sol Poniente de Melipilla - Diario El Labrador","og_description":"Este viernes 16 de mayo se realizar\u00e1 un nuevo despliegue territorial organizado por Delegaci\u00f3n Presidencial Provincial de Melipilla, esta vez en el Conjunto Habitacional Sol Poniente de la comuna de Melipilla, actividad que se desarrollar\u00e1 en la sede de la Junta de Vecinos, y contempla una jornada de atenci\u00f3n ciudadana para las vecinas y vecinos Leer m\u00e1s","og_url":"https:\/\/diarioellabrador.cl\/index.php\/2025\/05\/15\/delegado-bastian-alarcon-invita-a-participar-de-operativo-especial-de-gobierno-en-terreno-en-conjunto-habitacional-sol-poniente-de-melipilla\/","og_site_name":"Diario El Labrador","article_publisher":"https:\/\/web.facebook.com\/profile.php?id=61576120840621","article_published_time":"2025-05-15T23:21:00+00:00","article_modified_time":"2025-05-15T23:21:01+00:00","og_image":[{"width":2047,"height":2560,"url":"https:\/\/diarioellabrador.cl\/wp-content\/uploads\/2025\/05\/Operativo-Condominio-Sol-Poniente-15-05-2025.jpeg","type":"image\/jpeg"}],"author":"Editor","twitter_card":"summary_large_image","twitter_creator":"@ElLabradorOf","twitter_site":"@ElLabradorOf","twitter_misc":{"Escrito por":"Editor","Tiempo de lectura":"2 minutos"},"schema":{"@context":"https:\/\/schema.org","@graph":[{"@type":"Article","@id":"https:\/\/diarioellabrador.cl\/index.php\/2025\/05\/15\/delegado-bastian-alarcon-invita-a-participar-de-operativo-especial-de-gobierno-en-terreno-en-conjunto-habitacional-sol-poniente-de-melipilla\/#article","isPartOf":{"@id":"https:\/\/diarioellabrador.cl\/index.php\/2025\/05\/15\/delegado-bastian-alarcon-invita-a-participar-de-operativo-especial-de-gobierno-en-terreno-en-conjunto-habitacional-sol-poniente-de-melipilla\/"},"author":{"name":"Editor","@id":"https:\/\/diarioellabrador.cl\/#\/schema\/person\/bc25ff80b4563f9c7f4bd7855df01685"},"headline":"Delegado Basti\u00e1n Alarc\u00f3n invita a participar de Operativo especial de Gobierno en Terreno en Conjunto Habitacional Sol Poniente de Melipilla","datePublished":"2025-05-15T23:21:00+00:00","dateModified":"2025-05-15T23:21:01+00:00","mainEntityOfPage":{"@id":"https:\/\/diarioellabrador.cl\/index.php\/2025\/05\/15\/delegado-bastian-alarcon-invita-a-participar-de-operativo-especial-de-gobierno-en-terreno-en-conjunto-habitacional-sol-poniente-de-melipilla\/"},"wordCount":325,"commentCount":0,"publisher":{"@id":"https:\/\/diarioellabrador.cl\/#organization"},"image":{"@id":"https:\/\/diarioellabrador.cl\/index.php\/2025\/05\/15\/delegado-bastian-alarcon-invita-a-participar-de-operativo-especial-de-gobierno-en-terreno-en-conjunto-habitacional-sol-poniente-de-melipilla\/#primaryimage"},"thumbnailUrl":"https:\/\/diarioellabrador.cl\/wp-content\/uploads\/2025\/05\/Operativo-Condominio-Sol-Poniente-15-05-2025.jpeg","articleSection":["Cr\u00f3nica"],"inLanguage":"es","potentialAction":[{"@type":"CommentAction","name":"Comment","target":["https:\/\/diarioellabrador.cl\/index.php\/2025\/05\/15\/delegado-bastian-alarcon-invita-a-participar-de-operativo-especial-de-gobierno-en-terreno-en-conjunto-habitacional-sol-poniente-de-melipilla\/#respond"]}]},{"@type":"WebPage","@id":"https:\/\/diarioellabrador.cl\/index.php\/2025\/05\/15\/delegado-bastian-alarcon-invita-a-participar-de-operativo-especial-de-gobierno-en-terreno-en-conjunto-habitacional-sol-poniente-de-melipilla\/","url":"https:\/\/diarioellabrador.cl\/index.php\/2025\/05\/15\/delegado-bastian-alarcon-invita-a-participar-de-operativo-especial-de-gobierno-en-terreno-en-conjunto-habitacional-sol-poniente-de-melipilla\/","name":"Delegado Basti\u00e1n Alarc\u00f3n invita a participar de Operativo especial de Gobierno en Terreno en Conjunto Habitacional Sol Poniente de Melipilla - Diario El Labrador","isPartOf":{"@id":"https:\/\/diarioellabrador.cl\/#website"},"primaryImageOfPage":{"@id":"https:\/\/diarioellabrador.cl\/index.php\/2025\/05\/15\/delegado-bastian-alarcon-invita-a-participar-de-operativo-especial-de-gobierno-en-terreno-en-conjunto-habitacional-sol-poniente-de-melipilla\/#primaryimage"},"image":{"@id":"https:\/\/diarioellabrador.cl\/index.php\/2025\/05\/15\/delegado-bastian-alarcon-invita-a-participar-de-operativo-especial-de-gobierno-en-terreno-en-conjunto-habitacional-sol-poniente-de-melipilla\/#primaryimage"},"thumbnailUrl":"https:\/\/diarioellabrador.cl\/wp-content\/uploads\/2025\/05\/Operativo-Condominio-Sol-Poniente-15-05-2025.jpeg","datePublished":"2025-05-15T23:21:00+00:00","dateModified":"2025-05-15T23:21:01+00:00","breadcrumb":{"@id":"https:\/\/diarioellabrador.cl\/index.php\/2025\/05\/15\/delegado-bastian-alarcon-invita-a-participar-de-operativo-especial-de-gobierno-en-terreno-en-conjunto-habitacional-sol-poniente-de-melipilla\/#breadcrumb"},"inLanguage":"es","potentialAction":[{"@type":"ReadAction","target":["https:\/\/diarioellabrador.cl\/index.php\/2025\/05\/15\/delegado-bastian-alarcon-invita-a-participar-de-operativo-especial-de-gobierno-en-terreno-en-conjunto-habitacional-sol-poniente-de-melipilla\/"]}]},{"@type":"ImageObject","inLanguage":"es","@id":"https:\/\/diarioellabrador.cl\/index.php\/2025\/05\/15\/delegado-bastian-alarcon-invita-a-participar-de-operativo-especial-de-gobierno-en-terreno-en-conjunto-habitacional-sol-poniente-de-melipilla\/#primaryimage","url":"https:\/\/diarioellabrador.cl\/wp-content\/uploads\/2025\/05\/Operativo-Condominio-Sol-Poniente-15-05-2025.jpeg","contentUrl":"https:\/\/diarioellabrador.cl\/wp-content\/uploads\/2025\/05\/Operativo-Condominio-Sol-Poniente-15-05-2025.jpeg","width":2047,"height":2560},{"@type":"BreadcrumbList","@id":"https:\/\/diarioellabrador.cl\/index.php\/2025\/05\/15\/delegado-bastian-alarcon-invita-a-participar-de-operativo-especial-de-gobierno-en-terreno-en-conjunto-habitacional-sol-poniente-de-melipilla\/#breadcrumb","itemListElement":[{"@type":"ListItem","position":1,"name":"Portada","item":"https:\/\/diarioellabrador.cl\/"},{"@type":"ListItem","position":2,"name":"Delegado Basti\u00e1n Alarc\u00f3n invita a participar de Operativo especial de Gobierno en Terreno en Conjunto Habitacional Sol Poniente de Melipilla"}]},{"@type":"WebSite","@id":"https:\/\/diarioellabrador.cl\/#website","url":"https:\/\/diarioellabrador.cl\/","name":"Diario El Labrador","description":"Haciendo noticia desde 1921","publisher":{"@id":"https:\/\/diarioellabrador.cl\/#organization"},"potentialAction":[{"@type":"SearchAction","target":{"@type":"EntryPoint","urlTemplate":"https:\/\/diarioellabrador.cl\/?s={search_term_string}"},"query-input":{"@type":"PropertyValueSpecification","valueRequired":true,"valueName":"search_term_string"}}],"inLanguage":"es"},{"@type":"Organization","@id":"https:\/\/diarioellabrador.cl\/#organization","name":"Diario El Labrador","url":"https:\/\/diarioellabrador.cl\/","logo":{"@type":"ImageObject","inLanguage":"es","@id":"https:\/\/diarioellabrador.cl\/#\/schema\/logo\/image\/","url":"https:\/\/diarioellabrador.cl\/wp-content\/uploads\/2025\/02\/cropped-Logo-Icono.png","contentUrl":"https:\/\/diarioellabrador.cl\/wp-content\/uploads\/2025\/02\/cropped-Logo-Icono.png","width":512,"height":512,"caption":"Diario El Labrador"},"image":{"@id":"https:\/\/diarioellabrador.cl\/#\/schema\/logo\/image\/"},"sameAs":["https:\/\/web.facebook.com\/profile.php?id=61576120840621","https:\/\/x.com\/ElLabradorOf","https:\/\/www.instagram.com\/diarioellabradoroficial\/"]},{"@type":"Person","@id":"https:\/\/diarioellabrador.cl\/#\/schema\/person\/bc25ff80b4563f9c7f4bd7855df01685","name":"Editor","image":{"@type":"ImageObject","inLanguage":"es","@id":"https:\/\/secure.gravatar.com\/avatar\/109c326cf2be5c04f048c2c2a2b8b6ef44bf3d8d1d3d4c55d0ac40c4bc994684?s=96&d=mm&r=g","url":"https:\/\/secure.gravatar.com\/avatar\/109c326cf2be5c04f048c2c2a2b8b6ef44bf3d8d1d3d4c55d0ac40c4bc994684?s=96&d=mm&r=g","contentUrl":"https:\/\/secure.gravatar.com\/avatar\/109c326cf2be5c04f048c2c2a2b8b6ef44bf3d8d1d3d4c55d0ac40c4bc994684?s=96&d=mm&r=g","caption":"Editor"},"url":"https:\/\/diarioellabrador.cl\/index.php\/author\/editor\/"}]}},"_links":{"self":[{"href":"https:\/\/diarioellabrador.cl\/index.php\/wp-json\/wp\/v2\/posts\/2741","targetHints":{"allow":["GET"]}}],"collection":[{"href":"https:\/\/diarioellabrador.cl\/index.php\/wp-json\/wp\/v2\/posts"}],"about":[{"href":"https:\/\/diarioellabrador.cl\/index.php\/wp-json\/wp\/v2\/types\/post"}],"author":[{"embeddable":true,"href":"https:\/\/diarioellabrador.cl\/index.php\/wp-json\/wp\/v2\/users\/2"}],"replies":[{"embeddable":true,"href":"https:\/\/diarioellabrador.cl\/index.php\/wp-json\/wp\/v2\/comments?post=2741"}],"version-history":[{"count":1,"href":"https:\/\/diarioellabrador.cl\/index.php\/wp-json\/wp\/v2\/posts\/2741\/revisions"}],"predecessor-version":[{"id":2742,"href":"https:\/\/diarioellabrador.cl\/index.php\/wp-json\/wp\/v2\/posts\/2741\/revisions\/2742"}],"wp:featuredmedia":[{"embeddable":true,"href":"https:\/\/diarioellabrador.cl\/index.php\/wp-json\/wp\/v2\/media\/2711"}],"wp:attachment":[{"href":"https:\/\/diarioellabrador.cl\/index.php\/wp-json\/wp\/v2\/media?parent=2741"}],"wp:term":[{"taxonomy":"category","embeddable":true,"href":"https:\/\/diarioellabrador.cl\/index.php\/wp-json\/wp\/v2\/categories?post=2741"},{"taxonomy":"post_tag","embeddable":true,"href":"https:\/\/diarioellabrador.cl\/index.php\/wp-json\/wp\/v2\/tags?post=2741"}],"curies":[{"name":"wp","href":"https:\/\/api.w.org\/{rel}","templated":true}]}}