{"id":2685,"date":"2025-05-13T18:59:01","date_gmt":"2025-05-13T22:59:01","guid":{"rendered":"https:\/\/diarioellabrador.cl\/?p=2685"},"modified":"2025-05-13T18:59:02","modified_gmt":"2025-05-13T22:59:02","slug":"cuarta-compania-de-bomberos-de-pichi-recibe-moderno-carro-multiproposito","status":"publish","type":"post","link":"https:\/\/diarioellabrador.cl\/index.php\/2025\/05\/13\/cuarta-compania-de-bomberos-de-pichi-recibe-moderno-carro-multiproposito\/","title":{"rendered":"Cuarta Compa\u00f1\u00eda de Bomberos de Pichi recibe moderno carro multiprop\u00f3sito"},"content":{"rendered":"\n<p>La Alcaldesa Marcela Chamorro Mac\u00edas junto a los concejales Nancy Cerda y Fidel Valenzuela lideraron la entrega de un nuevo Carro bomba multiprop\u00f3sito para Bomberos de la comuna.<\/p>\n\n\n\n<p>En la actividad participaron el Presidente Regional de Bomberos Roberto Valenzuela, el Superintendente de Bomberos de Alhu\u00e9, Carlos Cantillana y voluntarios de la comuna junto a los miembros de la Cuarta Compa\u00f1\u00eda de Bomberos de Pichi.<\/p>\n\n\n\n<p>En sus palabras la Alcaldesa Marcela Chamorro Mac\u00edas, valor\u00f3 el trabajo realizado en conjunto. \u201cAqu\u00ed hay un sue\u00f1o que se cumple porque todos trabajamos para hacerlo realidad y con un solo objetivo que es ayudar a nuestra comunidad \u201c.<\/p>\n\n\n\n<p>Por su parte, el superintendente de Bomberos de Alhu\u00e9, Carlos Cantillana, record\u00f3 que la Cuarta Compa\u00f1\u00eda solo contaba con un carro bomba muy antiguo y felicit\u00f3 a las autoridades por gestionar un carro bomba moderno y cero kil\u00f3metros.<\/p>\n\n\n\n<p>Por su parte, la directora de la Cuarta Compa\u00f1\u00eda, Joselyn Sep\u00falveda, en unas emocionadas palabras, record\u00f3 los inicios de la Brigada y a quienes trabajaron arduamente para ver concretado este logro para Pichi y para todos los bomberos de la comuna.<\/p>\n\n\n\n<figure class=\"wp-block-image size-large\"><img loading=\"lazy\" decoding=\"async\" width=\"1024\" height=\"683\" src=\"https:\/\/diarioellabrador.cl\/wp-content\/uploads\/2025\/05\/Cuarta-Compania-de-Bomberos-de-Pichi-recibe-moderno-carro-multiproposito2-1024x683.jpg\" alt=\"\" class=\"wp-image-2634\" srcset=\"https:\/\/diarioellabrador.cl\/wp-content\/uploads\/2025\/05\/Cuarta-Compania-de-Bomberos-de-Pichi-recibe-moderno-carro-multiproposito2-1024x683.jpg 1024w, https:\/\/diarioellabrador.cl\/wp-content\/uploads\/2025\/05\/Cuarta-Compania-de-Bomberos-de-Pichi-recibe-moderno-carro-multiproposito2-300x200.jpg 300w, https:\/\/diarioellabrador.cl\/wp-content\/uploads\/2025\/05\/Cuarta-Compania-de-Bomberos-de-Pichi-recibe-moderno-carro-multiproposito2-768x512.jpg 768w, https:\/\/diarioellabrador.cl\/wp-content\/uploads\/2025\/05\/Cuarta-Compania-de-Bomberos-de-Pichi-recibe-moderno-carro-multiproposito2-1536x1025.jpg 1536w, https:\/\/diarioellabrador.cl\/wp-content\/uploads\/2025\/05\/Cuarta-Compania-de-Bomberos-de-Pichi-recibe-moderno-carro-multiproposito2-2048x1366.jpg 2048w, https:\/\/diarioellabrador.cl\/wp-content\/uploads\/2025\/05\/Cuarta-Compania-de-Bomberos-de-Pichi-recibe-moderno-carro-multiproposito2-800x534.jpg 800w, https:\/\/diarioellabrador.cl\/wp-content\/uploads\/2025\/05\/Cuarta-Compania-de-Bomberos-de-Pichi-recibe-moderno-carro-multiproposito2-600x400.jpg 600w, https:\/\/diarioellabrador.cl\/wp-content\/uploads\/2025\/05\/Cuarta-Compania-de-Bomberos-de-Pichi-recibe-moderno-carro-multiproposito2-400x267.jpg 400w\" sizes=\"auto, (max-width: 1024px) 100vw, 1024px\" \/><\/figure>\n\n\n\n<p>El veh\u00edculo, especialmente dise\u00f1ado para enfrentar incendios y asistir en emergencias, cuenta con tracci\u00f3n 4\u00d72, una capacidad de almacenamiento de 3.000 litros de agua y espacio para transportar a nueve bomberos, incluido conductor y copiloto. Adem\u00e1s, cumple con exigentes est\u00e1ndares internacionales bajo la norma ISO9001, lo que garantiza su calidad y eficiencia.<\/p>\n\n\n\n<p>La adquisici\u00f3n se logr\u00f3 tras un proyecto municipal en conjunto con el Concejo Municipal, Bomberos de Alhu\u00e9 y financiado por el Gobierno Regional por un monto de m\u00e1s de $600 millones. Esto responde a una necesidad urgente: mejorar la cobertura ante emergencias en la comuna de Alhu\u00e9 que, hasta ahora, ha enfrentado limitaciones significativas en tiempos de respuesta y alcance territorial. Esta inversi\u00f3n no solo moderniza el parque vehicular de la instituci\u00f3n, sino que tambi\u00e9n permitir\u00e1 llegar m\u00e1s r\u00e1pido y de forma m\u00e1s segura a sectores apartados.<\/p>\n\n\n\n<p>Como parte del proceso, los voluntarios de la Cuarta Compa\u00f1\u00eda recibieron capacitaci\u00f3n t\u00e9cnica especializada sobre el funcionamiento del nuevo carro, asegurando as\u00ed un uso \u00f3ptimo del equipamiento.<\/p>\n\n\n\n<p>Con esta iniciativa, Alhu\u00e9 da un paso firme hacia una comunidad m\u00e1s segura, reconociendo y fortaleciendo el invaluable trabajo de sus bomberos.<\/p>\n","protected":false},"excerpt":{"rendered":"<p>La Alcaldesa Marcela Chamorro Mac\u00edas junto a los concejales Nancy Cerda y Fidel Valenzuela lideraron la entrega de un nuevo Carro bomba multiprop\u00f3sito para Bomberos de la comuna. En la actividad participaron el Presidente Regional de Bomberos Roberto Valenzuela, el Superintendente de Bomberos de Alhu\u00e9, Carlos Cantillana y voluntarios de la comuna junto a los<\/p>\n<div class=\"read-more-wrapper\"><a class=\"read-more\" href=\"https:\/\/diarioellabrador.cl\/index.php\/2025\/05\/13\/cuarta-compania-de-bomberos-de-pichi-recibe-moderno-carro-multiproposito\/\" title=\"Leer m\u00e1s\"> <span class=\"button \">Leer m\u00e1s<\/span><\/a><\/div>\n","protected":false},"author":2,"featured_media":2633,"comment_status":"open","ping_status":"open","sticky":false,"template":"","format":"standard","meta":{"footnotes":""},"categories":[1],"tags":[],"class_list":["post-2685","post","type-post","status-publish","format-standard","has-post-thumbnail","hentry","category-cronica"],"yoast_head":"<!-- This site is optimized with the Yoast SEO plugin v27.5 - https:\/\/yoast.com\/product\/yoast-seo-wordpress\/ -->\n<title>Cuarta Compa\u00f1\u00eda de Bomberos de Pichi recibe moderno carro multiprop\u00f3sito - Diario El Labrador<\/title>\n<meta name=\"robots\" content=\"index, follow, max-snippet:-1, max-image-preview:large, max-video-preview:-1\" \/>\n<link rel=\"canonical\" href=\"https:\/\/diarioellabrador.cl\/index.php\/2025\/05\/13\/cuarta-compania-de-bomberos-de-pichi-recibe-moderno-carro-multiproposito\/\" \/>\n<meta property=\"og:locale\" content=\"es_ES\" \/>\n<meta property=\"og:type\" content=\"article\" \/>\n<meta property=\"og:title\" content=\"Cuarta Compa\u00f1\u00eda de Bomberos de Pichi recibe moderno carro multiprop\u00f3sito - Diario El Labrador\" \/>\n<meta property=\"og:description\" content=\"La Alcaldesa Marcela Chamorro Mac\u00edas junto a los concejales Nancy Cerda y Fidel Valenzuela lideraron la entrega de un nuevo Carro bomba multiprop\u00f3sito para Bomberos de la comuna. En la actividad participaron el Presidente Regional de Bomberos Roberto Valenzuela, el Superintendente de Bomberos de Alhu\u00e9, Carlos Cantillana y voluntarios de la comuna junto a los Leer m\u00e1s\" \/>\n<meta property=\"og:url\" content=\"https:\/\/diarioellabrador.cl\/index.php\/2025\/05\/13\/cuarta-compania-de-bomberos-de-pichi-recibe-moderno-carro-multiproposito\/\" \/>\n<meta property=\"og:site_name\" content=\"Diario El Labrador\" \/>\n<meta property=\"article:publisher\" content=\"https:\/\/web.facebook.com\/profile.php?id=61576120840621\" \/>\n<meta property=\"article:published_time\" content=\"2025-05-13T22:59:01+00:00\" \/>\n<meta property=\"article:modified_time\" content=\"2025-05-13T22:59:02+00:00\" \/>\n<meta property=\"og:image\" content=\"https:\/\/diarioellabrador.cl\/wp-content\/uploads\/2025\/05\/Cuarta-Compania-de-Bomberos-de-Pichi-recibe-moderno-carro-multiproposito.jpg\" \/>\n\t<meta property=\"og:image:width\" content=\"2048\" \/>\n\t<meta property=\"og:image:height\" content=\"1367\" \/>\n\t<meta property=\"og:image:type\" content=\"image\/jpeg\" \/>\n<meta name=\"author\" content=\"Editor\" \/>\n<meta name=\"twitter:card\" content=\"summary_large_image\" \/>\n<meta name=\"twitter:creator\" content=\"@ElLabradorOf\" \/>\n<meta name=\"twitter:site\" content=\"@ElLabradorOf\" \/>\n<meta name=\"twitter:label1\" content=\"Escrito por\" \/>\n\t<meta name=\"twitter:data1\" content=\"Editor\" \/>\n\t<meta name=\"twitter:label2\" content=\"Tiempo de lectura\" \/>\n\t<meta name=\"twitter:data2\" content=\"2 minutos\" \/>\n<script type=\"application\/ld+json\" class=\"yoast-schema-graph\">{\"@context\":\"https:\\\/\\\/schema.org\",\"@graph\":[{\"@type\":\"Article\",\"@id\":\"https:\\\/\\\/diarioellabrador.cl\\\/index.php\\\/2025\\\/05\\\/13\\\/cuarta-compania-de-bomberos-de-pichi-recibe-moderno-carro-multiproposito\\\/#article\",\"isPartOf\":{\"@id\":\"https:\\\/\\\/diarioellabrador.cl\\\/index.php\\\/2025\\\/05\\\/13\\\/cuarta-compania-de-bomberos-de-pichi-recibe-moderno-carro-multiproposito\\\/\"},\"author\":{\"name\":\"Editor\",\"@id\":\"https:\\\/\\\/diarioellabrador.cl\\\/#\\\/schema\\\/person\\\/bc25ff80b4563f9c7f4bd7855df01685\"},\"headline\":\"Cuarta Compa\u00f1\u00eda de Bomberos de Pichi recibe moderno carro multiprop\u00f3sito\",\"datePublished\":\"2025-05-13T22:59:01+00:00\",\"dateModified\":\"2025-05-13T22:59:02+00:00\",\"mainEntityOfPage\":{\"@id\":\"https:\\\/\\\/diarioellabrador.cl\\\/index.php\\\/2025\\\/05\\\/13\\\/cuarta-compania-de-bomberos-de-pichi-recibe-moderno-carro-multiproposito\\\/\"},\"wordCount\":404,\"commentCount\":0,\"publisher\":{\"@id\":\"https:\\\/\\\/diarioellabrador.cl\\\/#organization\"},\"image\":{\"@id\":\"https:\\\/\\\/diarioellabrador.cl\\\/index.php\\\/2025\\\/05\\\/13\\\/cuarta-compania-de-bomberos-de-pichi-recibe-moderno-carro-multiproposito\\\/#primaryimage\"},\"thumbnailUrl\":\"https:\\\/\\\/diarioellabrador.cl\\\/wp-content\\\/uploads\\\/2025\\\/05\\\/Cuarta-Compania-de-Bomberos-de-Pichi-recibe-moderno-carro-multiproposito.jpg\",\"articleSection\":[\"Cr\u00f3nica\"],\"inLanguage\":\"es\",\"potentialAction\":[{\"@type\":\"CommentAction\",\"name\":\"Comment\",\"target\":[\"https:\\\/\\\/diarioellabrador.cl\\\/index.php\\\/2025\\\/05\\\/13\\\/cuarta-compania-de-bomberos-de-pichi-recibe-moderno-carro-multiproposito\\\/#respond\"]}]},{\"@type\":\"WebPage\",\"@id\":\"https:\\\/\\\/diarioellabrador.cl\\\/index.php\\\/2025\\\/05\\\/13\\\/cuarta-compania-de-bomberos-de-pichi-recibe-moderno-carro-multiproposito\\\/\",\"url\":\"https:\\\/\\\/diarioellabrador.cl\\\/index.php\\\/2025\\\/05\\\/13\\\/cuarta-compania-de-bomberos-de-pichi-recibe-moderno-carro-multiproposito\\\/\",\"name\":\"Cuarta Compa\u00f1\u00eda de Bomberos de Pichi recibe moderno carro multiprop\u00f3sito - Diario El Labrador\",\"isPartOf\":{\"@id\":\"https:\\\/\\\/diarioellabrador.cl\\\/#website\"},\"primaryImageOfPage\":{\"@id\":\"https:\\\/\\\/diarioellabrador.cl\\\/index.php\\\/2025\\\/05\\\/13\\\/cuarta-compania-de-bomberos-de-pichi-recibe-moderno-carro-multiproposito\\\/#primaryimage\"},\"image\":{\"@id\":\"https:\\\/\\\/diarioellabrador.cl\\\/index.php\\\/2025\\\/05\\\/13\\\/cuarta-compania-de-bomberos-de-pichi-recibe-moderno-carro-multiproposito\\\/#primaryimage\"},\"thumbnailUrl\":\"https:\\\/\\\/diarioellabrador.cl\\\/wp-content\\\/uploads\\\/2025\\\/05\\\/Cuarta-Compania-de-Bomberos-de-Pichi-recibe-moderno-carro-multiproposito.jpg\",\"datePublished\":\"2025-05-13T22:59:01+00:00\",\"dateModified\":\"2025-05-13T22:59:02+00:00\",\"breadcrumb\":{\"@id\":\"https:\\\/\\\/diarioellabrador.cl\\\/index.php\\\/2025\\\/05\\\/13\\\/cuarta-compania-de-bomberos-de-pichi-recibe-moderno-carro-multiproposito\\\/#breadcrumb\"},\"inLanguage\":\"es\",\"potentialAction\":[{\"@type\":\"ReadAction\",\"target\":[\"https:\\\/\\\/diarioellabrador.cl\\\/index.php\\\/2025\\\/05\\\/13\\\/cuarta-compania-de-bomberos-de-pichi-recibe-moderno-carro-multiproposito\\\/\"]}]},{\"@type\":\"ImageObject\",\"inLanguage\":\"es\",\"@id\":\"https:\\\/\\\/diarioellabrador.cl\\\/index.php\\\/2025\\\/05\\\/13\\\/cuarta-compania-de-bomberos-de-pichi-recibe-moderno-carro-multiproposito\\\/#primaryimage\",\"url\":\"https:\\\/\\\/diarioellabrador.cl\\\/wp-content\\\/uploads\\\/2025\\\/05\\\/Cuarta-Compania-de-Bomberos-de-Pichi-recibe-moderno-carro-multiproposito.jpg\",\"contentUrl\":\"https:\\\/\\\/diarioellabrador.cl\\\/wp-content\\\/uploads\\\/2025\\\/05\\\/Cuarta-Compania-de-Bomberos-de-Pichi-recibe-moderno-carro-multiproposito.jpg\",\"width\":2048,\"height\":1367},{\"@type\":\"BreadcrumbList\",\"@id\":\"https:\\\/\\\/diarioellabrador.cl\\\/index.php\\\/2025\\\/05\\\/13\\\/cuarta-compania-de-bomberos-de-pichi-recibe-moderno-carro-multiproposito\\\/#breadcrumb\",\"itemListElement\":[{\"@type\":\"ListItem\",\"position\":1,\"name\":\"Portada\",\"item\":\"https:\\\/\\\/diarioellabrador.cl\\\/\"},{\"@type\":\"ListItem\",\"position\":2,\"name\":\"Cuarta Compa\u00f1\u00eda de Bomberos de Pichi recibe moderno carro multiprop\u00f3sito\"}]},{\"@type\":\"WebSite\",\"@id\":\"https:\\\/\\\/diarioellabrador.cl\\\/#website\",\"url\":\"https:\\\/\\\/diarioellabrador.cl\\\/\",\"name\":\"Diario El Labrador\",\"description\":\"Haciendo noticia desde 1921\",\"publisher\":{\"@id\":\"https:\\\/\\\/diarioellabrador.cl\\\/#organization\"},\"potentialAction\":[{\"@type\":\"SearchAction\",\"target\":{\"@type\":\"EntryPoint\",\"urlTemplate\":\"https:\\\/\\\/diarioellabrador.cl\\\/?s={search_term_string}\"},\"query-input\":{\"@type\":\"PropertyValueSpecification\",\"valueRequired\":true,\"valueName\":\"search_term_string\"}}],\"inLanguage\":\"es\"},{\"@type\":\"Organization\",\"@id\":\"https:\\\/\\\/diarioellabrador.cl\\\/#organization\",\"name\":\"Diario El Labrador\",\"url\":\"https:\\\/\\\/diarioellabrador.cl\\\/\",\"logo\":{\"@type\":\"ImageObject\",\"inLanguage\":\"es\",\"@id\":\"https:\\\/\\\/diarioellabrador.cl\\\/#\\\/schema\\\/logo\\\/image\\\/\",\"url\":\"https:\\\/\\\/diarioellabrador.cl\\\/wp-content\\\/uploads\\\/2025\\\/02\\\/cropped-Logo-Icono.png\",\"contentUrl\":\"https:\\\/\\\/diarioellabrador.cl\\\/wp-content\\\/uploads\\\/2025\\\/02\\\/cropped-Logo-Icono.png\",\"width\":512,\"height\":512,\"caption\":\"Diario El Labrador\"},\"image\":{\"@id\":\"https:\\\/\\\/diarioellabrador.cl\\\/#\\\/schema\\\/logo\\\/image\\\/\"},\"sameAs\":[\"https:\\\/\\\/web.facebook.com\\\/profile.php?id=61576120840621\",\"https:\\\/\\\/x.com\\\/ElLabradorOf\",\"https:\\\/\\\/www.instagram.com\\\/diarioellabradoroficial\\\/\"]},{\"@type\":\"Person\",\"@id\":\"https:\\\/\\\/diarioellabrador.cl\\\/#\\\/schema\\\/person\\\/bc25ff80b4563f9c7f4bd7855df01685\",\"name\":\"Editor\",\"image\":{\"@type\":\"ImageObject\",\"inLanguage\":\"es\",\"@id\":\"https:\\\/\\\/secure.gravatar.com\\\/avatar\\\/109c326cf2be5c04f048c2c2a2b8b6ef44bf3d8d1d3d4c55d0ac40c4bc994684?s=96&d=mm&r=g\",\"url\":\"https:\\\/\\\/secure.gravatar.com\\\/avatar\\\/109c326cf2be5c04f048c2c2a2b8b6ef44bf3d8d1d3d4c55d0ac40c4bc994684?s=96&d=mm&r=g\",\"contentUrl\":\"https:\\\/\\\/secure.gravatar.com\\\/avatar\\\/109c326cf2be5c04f048c2c2a2b8b6ef44bf3d8d1d3d4c55d0ac40c4bc994684?s=96&d=mm&r=g\",\"caption\":\"Editor\"},\"url\":\"https:\\\/\\\/diarioellabrador.cl\\\/index.php\\\/author\\\/editor\\\/\"}]}<\/script>\n<!-- \/ Yoast SEO plugin. -->","yoast_head_json":{"title":"Cuarta Compa\u00f1\u00eda de Bomberos de Pichi recibe moderno carro multiprop\u00f3sito - Diario El Labrador","robots":{"index":"index","follow":"follow","max-snippet":"max-snippet:-1","max-image-preview":"max-image-preview:large","max-video-preview":"max-video-preview:-1"},"canonical":"https:\/\/diarioellabrador.cl\/index.php\/2025\/05\/13\/cuarta-compania-de-bomberos-de-pichi-recibe-moderno-carro-multiproposito\/","og_locale":"es_ES","og_type":"article","og_title":"Cuarta Compa\u00f1\u00eda de Bomberos de Pichi recibe moderno carro multiprop\u00f3sito - Diario El Labrador","og_description":"La Alcaldesa Marcela Chamorro Mac\u00edas junto a los concejales Nancy Cerda y Fidel Valenzuela lideraron la entrega de un nuevo Carro bomba multiprop\u00f3sito para Bomberos de la comuna. En la actividad participaron el Presidente Regional de Bomberos Roberto Valenzuela, el Superintendente de Bomberos de Alhu\u00e9, Carlos Cantillana y voluntarios de la comuna junto a los Leer m\u00e1s","og_url":"https:\/\/diarioellabrador.cl\/index.php\/2025\/05\/13\/cuarta-compania-de-bomberos-de-pichi-recibe-moderno-carro-multiproposito\/","og_site_name":"Diario El Labrador","article_publisher":"https:\/\/web.facebook.com\/profile.php?id=61576120840621","article_published_time":"2025-05-13T22:59:01+00:00","article_modified_time":"2025-05-13T22:59:02+00:00","og_image":[{"width":2048,"height":1367,"url":"https:\/\/diarioellabrador.cl\/wp-content\/uploads\/2025\/05\/Cuarta-Compania-de-Bomberos-de-Pichi-recibe-moderno-carro-multiproposito.jpg","type":"image\/jpeg"}],"author":"Editor","twitter_card":"summary_large_image","twitter_creator":"@ElLabradorOf","twitter_site":"@ElLabradorOf","twitter_misc":{"Escrito por":"Editor","Tiempo de lectura":"2 minutos"},"schema":{"@context":"https:\/\/schema.org","@graph":[{"@type":"Article","@id":"https:\/\/diarioellabrador.cl\/index.php\/2025\/05\/13\/cuarta-compania-de-bomberos-de-pichi-recibe-moderno-carro-multiproposito\/#article","isPartOf":{"@id":"https:\/\/diarioellabrador.cl\/index.php\/2025\/05\/13\/cuarta-compania-de-bomberos-de-pichi-recibe-moderno-carro-multiproposito\/"},"author":{"name":"Editor","@id":"https:\/\/diarioellabrador.cl\/#\/schema\/person\/bc25ff80b4563f9c7f4bd7855df01685"},"headline":"Cuarta Compa\u00f1\u00eda de Bomberos de Pichi recibe moderno carro multiprop\u00f3sito","datePublished":"2025-05-13T22:59:01+00:00","dateModified":"2025-05-13T22:59:02+00:00","mainEntityOfPage":{"@id":"https:\/\/diarioellabrador.cl\/index.php\/2025\/05\/13\/cuarta-compania-de-bomberos-de-pichi-recibe-moderno-carro-multiproposito\/"},"wordCount":404,"commentCount":0,"publisher":{"@id":"https:\/\/diarioellabrador.cl\/#organization"},"image":{"@id":"https:\/\/diarioellabrador.cl\/index.php\/2025\/05\/13\/cuarta-compania-de-bomberos-de-pichi-recibe-moderno-carro-multiproposito\/#primaryimage"},"thumbnailUrl":"https:\/\/diarioellabrador.cl\/wp-content\/uploads\/2025\/05\/Cuarta-Compania-de-Bomberos-de-Pichi-recibe-moderno-carro-multiproposito.jpg","articleSection":["Cr\u00f3nica"],"inLanguage":"es","potentialAction":[{"@type":"CommentAction","name":"Comment","target":["https:\/\/diarioellabrador.cl\/index.php\/2025\/05\/13\/cuarta-compania-de-bomberos-de-pichi-recibe-moderno-carro-multiproposito\/#respond"]}]},{"@type":"WebPage","@id":"https:\/\/diarioellabrador.cl\/index.php\/2025\/05\/13\/cuarta-compania-de-bomberos-de-pichi-recibe-moderno-carro-multiproposito\/","url":"https:\/\/diarioellabrador.cl\/index.php\/2025\/05\/13\/cuarta-compania-de-bomberos-de-pichi-recibe-moderno-carro-multiproposito\/","name":"Cuarta Compa\u00f1\u00eda de Bomberos de Pichi recibe moderno carro multiprop\u00f3sito - Diario El Labrador","isPartOf":{"@id":"https:\/\/diarioellabrador.cl\/#website"},"primaryImageOfPage":{"@id":"https:\/\/diarioellabrador.cl\/index.php\/2025\/05\/13\/cuarta-compania-de-bomberos-de-pichi-recibe-moderno-carro-multiproposito\/#primaryimage"},"image":{"@id":"https:\/\/diarioellabrador.cl\/index.php\/2025\/05\/13\/cuarta-compania-de-bomberos-de-pichi-recibe-moderno-carro-multiproposito\/#primaryimage"},"thumbnailUrl":"https:\/\/diarioellabrador.cl\/wp-content\/uploads\/2025\/05\/Cuarta-Compania-de-Bomberos-de-Pichi-recibe-moderno-carro-multiproposito.jpg","datePublished":"2025-05-13T22:59:01+00:00","dateModified":"2025-05-13T22:59:02+00:00","breadcrumb":{"@id":"https:\/\/diarioellabrador.cl\/index.php\/2025\/05\/13\/cuarta-compania-de-bomberos-de-pichi-recibe-moderno-carro-multiproposito\/#breadcrumb"},"inLanguage":"es","potentialAction":[{"@type":"ReadAction","target":["https:\/\/diarioellabrador.cl\/index.php\/2025\/05\/13\/cuarta-compania-de-bomberos-de-pichi-recibe-moderno-carro-multiproposito\/"]}]},{"@type":"ImageObject","inLanguage":"es","@id":"https:\/\/diarioellabrador.cl\/index.php\/2025\/05\/13\/cuarta-compania-de-bomberos-de-pichi-recibe-moderno-carro-multiproposito\/#primaryimage","url":"https:\/\/diarioellabrador.cl\/wp-content\/uploads\/2025\/05\/Cuarta-Compania-de-Bomberos-de-Pichi-recibe-moderno-carro-multiproposito.jpg","contentUrl":"https:\/\/diarioellabrador.cl\/wp-content\/uploads\/2025\/05\/Cuarta-Compania-de-Bomberos-de-Pichi-recibe-moderno-carro-multiproposito.jpg","width":2048,"height":1367},{"@type":"BreadcrumbList","@id":"https:\/\/diarioellabrador.cl\/index.php\/2025\/05\/13\/cuarta-compania-de-bomberos-de-pichi-recibe-moderno-carro-multiproposito\/#breadcrumb","itemListElement":[{"@type":"ListItem","position":1,"name":"Portada","item":"https:\/\/diarioellabrador.cl\/"},{"@type":"ListItem","position":2,"name":"Cuarta Compa\u00f1\u00eda de Bomberos de Pichi recibe moderno carro multiprop\u00f3sito"}]},{"@type":"WebSite","@id":"https:\/\/diarioellabrador.cl\/#website","url":"https:\/\/diarioellabrador.cl\/","name":"Diario El Labrador","description":"Haciendo noticia desde 1921","publisher":{"@id":"https:\/\/diarioellabrador.cl\/#organization"},"potentialAction":[{"@type":"SearchAction","target":{"@type":"EntryPoint","urlTemplate":"https:\/\/diarioellabrador.cl\/?s={search_term_string}"},"query-input":{"@type":"PropertyValueSpecification","valueRequired":true,"valueName":"search_term_string"}}],"inLanguage":"es"},{"@type":"Organization","@id":"https:\/\/diarioellabrador.cl\/#organization","name":"Diario El Labrador","url":"https:\/\/diarioellabrador.cl\/","logo":{"@type":"ImageObject","inLanguage":"es","@id":"https:\/\/diarioellabrador.cl\/#\/schema\/logo\/image\/","url":"https:\/\/diarioellabrador.cl\/wp-content\/uploads\/2025\/02\/cropped-Logo-Icono.png","contentUrl":"https:\/\/diarioellabrador.cl\/wp-content\/uploads\/2025\/02\/cropped-Logo-Icono.png","width":512,"height":512,"caption":"Diario El Labrador"},"image":{"@id":"https:\/\/diarioellabrador.cl\/#\/schema\/logo\/image\/"},"sameAs":["https:\/\/web.facebook.com\/profile.php?id=61576120840621","https:\/\/x.com\/ElLabradorOf","https:\/\/www.instagram.com\/diarioellabradoroficial\/"]},{"@type":"Person","@id":"https:\/\/diarioellabrador.cl\/#\/schema\/person\/bc25ff80b4563f9c7f4bd7855df01685","name":"Editor","image":{"@type":"ImageObject","inLanguage":"es","@id":"https:\/\/secure.gravatar.com\/avatar\/109c326cf2be5c04f048c2c2a2b8b6ef44bf3d8d1d3d4c55d0ac40c4bc994684?s=96&d=mm&r=g","url":"https:\/\/secure.gravatar.com\/avatar\/109c326cf2be5c04f048c2c2a2b8b6ef44bf3d8d1d3d4c55d0ac40c4bc994684?s=96&d=mm&r=g","contentUrl":"https:\/\/secure.gravatar.com\/avatar\/109c326cf2be5c04f048c2c2a2b8b6ef44bf3d8d1d3d4c55d0ac40c4bc994684?s=96&d=mm&r=g","caption":"Editor"},"url":"https:\/\/diarioellabrador.cl\/index.php\/author\/editor\/"}]}},"_links":{"self":[{"href":"https:\/\/diarioellabrador.cl\/index.php\/wp-json\/wp\/v2\/posts\/2685","targetHints":{"allow":["GET"]}}],"collection":[{"href":"https:\/\/diarioellabrador.cl\/index.php\/wp-json\/wp\/v2\/posts"}],"about":[{"href":"https:\/\/diarioellabrador.cl\/index.php\/wp-json\/wp\/v2\/types\/post"}],"author":[{"embeddable":true,"href":"https:\/\/diarioellabrador.cl\/index.php\/wp-json\/wp\/v2\/users\/2"}],"replies":[{"embeddable":true,"href":"https:\/\/diarioellabrador.cl\/index.php\/wp-json\/wp\/v2\/comments?post=2685"}],"version-history":[{"count":1,"href":"https:\/\/diarioellabrador.cl\/index.php\/wp-json\/wp\/v2\/posts\/2685\/revisions"}],"predecessor-version":[{"id":2686,"href":"https:\/\/diarioellabrador.cl\/index.php\/wp-json\/wp\/v2\/posts\/2685\/revisions\/2686"}],"wp:featuredmedia":[{"embeddable":true,"href":"https:\/\/diarioellabrador.cl\/index.php\/wp-json\/wp\/v2\/media\/2633"}],"wp:attachment":[{"href":"https:\/\/diarioellabrador.cl\/index.php\/wp-json\/wp\/v2\/media?parent=2685"}],"wp:term":[{"taxonomy":"category","embeddable":true,"href":"https:\/\/diarioellabrador.cl\/index.php\/wp-json\/wp\/v2\/categories?post=2685"},{"taxonomy":"post_tag","embeddable":true,"href":"https:\/\/diarioellabrador.cl\/index.php\/wp-json\/wp\/v2\/tags?post=2685"}],"curies":[{"name":"wp","href":"https:\/\/api.w.org\/{rel}","templated":true}]}}