{"id":2592,"date":"2025-05-10T17:04:21","date_gmt":"2025-05-10T21:04:21","guid":{"rendered":"https:\/\/diarioellabrador.cl\/?p=2592"},"modified":"2025-05-10T17:04:21","modified_gmt":"2025-05-10T21:04:21","slug":"aguilera-advierte-que-estamos-entrando-a-las-semanas-mas-complejas-de-los-virus-respiratorios","status":"publish","type":"post","link":"https:\/\/diarioellabrador.cl\/index.php\/2025\/05\/10\/aguilera-advierte-que-estamos-entrando-a-las-semanas-mas-complejas-de-los-virus-respiratorios\/","title":{"rendered":"Aguilera advierte que \u00abestamos entrando a las semanas m\u00e1s complejas\u00bb de los virus respiratorios"},"content":{"rendered":"\n<p>La ministra de Salud, <strong>Ximena Aguilera<\/strong>, entreg\u00f3 detalles sobre las medidas sanitarias que se comenzar\u00e1n a aplicar -de forma preventiva-, considerando que en este mes se prev\u00e9 el peak en la circulaci\u00f3n de virus respiratorios.<\/p>\n\n\n\n<p>Las autoridades han sido reiterativas con sus llamados para respetar el plan de vacunaci\u00f3n 2025, todo esto con el objetivo de evitar una mayor circulaci\u00f3n viral y no colapsar as\u00ed la red hospitalaria.<\/p>\n\n\n\n<p>Si bien la secretaria de Estado detall\u00f3 que <strong>\u201cno hay una situaci\u00f3n muy cr\u00edtica por el momento\u201d<\/strong>, si han visto \u201cun aumento en la demanda de las atenciones de Urgencia y de las esperas de las personas en Urgencia, por eso hemos tomado algunas medidas\u201d.<\/p>\n\n\n\n<p>En esa l\u00ednea, argument\u00f3 que desde esta semana le pidieron a todos los servicios de salud del pa\u00eds que <strong>\u201cprivilegien la atenci\u00f3n de morbilidad, y los controles de salud se contin\u00faen con profesionales no m\u00e9dicos\u201d<\/strong>.<\/p>\n\n\n\n<p>Junto con ello, se autoriz\u00f3 que las recetas m\u00e9dicas se prolonguen por un mes en casos excepciones, como son en los pacientes cr\u00f3nicos, adem\u00e1s de que profesionales no m\u00e9dicos puedan repetir recetas durante el periodo de la Alerta Sanitaria.<\/p>\n\n\n\n<p><strong>\u201cEs muy importante el reforzar que nosotros estamos entrando en las semanas m\u00e1s complejas y, por lo tanto, es importante que la gente tenga conocimiento de todas estas medidas\u201d<\/strong>, sostuvo la ministra de Salud.<\/p>\n\n\n\n<p>\u201cQue sigan las medidas, que la vacunaci\u00f3n es la mejor herramienta para la prevenci\u00f3n, de manera que podamos pasar un periodo invernal con menos atochamiento en los servicios de Urgencia\u201d, cerr\u00f3 Aguilera.<\/p>\n","protected":false},"excerpt":{"rendered":"<p>La ministra de Salud, Ximena Aguilera, entreg\u00f3 detalles sobre las medidas sanitarias que se comenzar\u00e1n a aplicar -de forma preventiva-, considerando que en este mes se prev\u00e9 el peak en la circulaci\u00f3n de virus respiratorios. Las autoridades han sido reiterativas con sus llamados para respetar el plan de vacunaci\u00f3n 2025, todo esto con el objetivo<\/p>\n<div class=\"read-more-wrapper\"><a class=\"read-more\" href=\"https:\/\/diarioellabrador.cl\/index.php\/2025\/05\/10\/aguilera-advierte-que-estamos-entrando-a-las-semanas-mas-complejas-de-los-virus-respiratorios\/\" title=\"Leer m\u00e1s\"> <span class=\"button \">Leer m\u00e1s<\/span><\/a><\/div>\n","protected":false},"author":2,"featured_media":2554,"comment_status":"open","ping_status":"open","sticky":false,"template":"","format":"standard","meta":{"footnotes":""},"categories":[1],"tags":[],"class_list":["post-2592","post","type-post","status-publish","format-standard","has-post-thumbnail","hentry","category-cronica"],"yoast_head":"<!-- This site is optimized with the Yoast SEO plugin v27.5 - https:\/\/yoast.com\/product\/yoast-seo-wordpress\/ -->\n<title>Aguilera advierte que &quot;estamos entrando a las semanas m\u00e1s complejas&quot; de los virus respiratorios - Diario El Labrador<\/title>\n<meta name=\"robots\" content=\"index, follow, max-snippet:-1, max-image-preview:large, max-video-preview:-1\" \/>\n<link rel=\"canonical\" href=\"https:\/\/diarioellabrador.cl\/index.php\/2025\/05\/10\/aguilera-advierte-que-estamos-entrando-a-las-semanas-mas-complejas-de-los-virus-respiratorios\/\" \/>\n<meta property=\"og:locale\" content=\"es_ES\" \/>\n<meta property=\"og:type\" content=\"article\" \/>\n<meta property=\"og:title\" content=\"Aguilera advierte que &quot;estamos entrando a las semanas m\u00e1s complejas&quot; de los virus respiratorios - Diario El Labrador\" \/>\n<meta property=\"og:description\" content=\"La ministra de Salud, Ximena Aguilera, entreg\u00f3 detalles sobre las medidas sanitarias que se comenzar\u00e1n a aplicar -de forma preventiva-, considerando que en este mes se prev\u00e9 el peak en la circulaci\u00f3n de virus respiratorios. Las autoridades han sido reiterativas con sus llamados para respetar el plan de vacunaci\u00f3n 2025, todo esto con el objetivo Leer m\u00e1s\" \/>\n<meta property=\"og:url\" content=\"https:\/\/diarioellabrador.cl\/index.php\/2025\/05\/10\/aguilera-advierte-que-estamos-entrando-a-las-semanas-mas-complejas-de-los-virus-respiratorios\/\" \/>\n<meta property=\"og:site_name\" content=\"Diario El Labrador\" \/>\n<meta property=\"article:publisher\" content=\"https:\/\/web.facebook.com\/profile.php?id=61576120840621\" \/>\n<meta property=\"article:published_time\" content=\"2025-05-10T21:04:21+00:00\" \/>\n<meta property=\"og:image\" content=\"https:\/\/diarioellabrador.cl\/wp-content\/uploads\/2025\/05\/Aguilera-advierte-que-estamos-entrando-a-las-semanas-mas-complejas-de-los-virus-respiratorios.jpg\" \/>\n\t<meta property=\"og:image:width\" content=\"748\" \/>\n\t<meta property=\"og:image:height\" content=\"437\" \/>\n\t<meta property=\"og:image:type\" content=\"image\/jpeg\" \/>\n<meta name=\"author\" content=\"Editor\" \/>\n<meta name=\"twitter:card\" content=\"summary_large_image\" \/>\n<meta name=\"twitter:creator\" content=\"@ElLabradorOf\" \/>\n<meta name=\"twitter:site\" content=\"@ElLabradorOf\" \/>\n<meta name=\"twitter:label1\" content=\"Escrito por\" \/>\n\t<meta name=\"twitter:data1\" content=\"Editor\" \/>\n\t<meta name=\"twitter:label2\" content=\"Tiempo de lectura\" \/>\n\t<meta name=\"twitter:data2\" content=\"1 minuto\" \/>\n<script type=\"application\/ld+json\" class=\"yoast-schema-graph\">{\"@context\":\"https:\\\/\\\/schema.org\",\"@graph\":[{\"@type\":\"Article\",\"@id\":\"https:\\\/\\\/diarioellabrador.cl\\\/index.php\\\/2025\\\/05\\\/10\\\/aguilera-advierte-que-estamos-entrando-a-las-semanas-mas-complejas-de-los-virus-respiratorios\\\/#article\",\"isPartOf\":{\"@id\":\"https:\\\/\\\/diarioellabrador.cl\\\/index.php\\\/2025\\\/05\\\/10\\\/aguilera-advierte-que-estamos-entrando-a-las-semanas-mas-complejas-de-los-virus-respiratorios\\\/\"},\"author\":{\"name\":\"Editor\",\"@id\":\"https:\\\/\\\/diarioellabrador.cl\\\/#\\\/schema\\\/person\\\/bc25ff80b4563f9c7f4bd7855df01685\"},\"headline\":\"Aguilera advierte que \u00abestamos entrando a las semanas m\u00e1s complejas\u00bb de los virus respiratorios\",\"datePublished\":\"2025-05-10T21:04:21+00:00\",\"mainEntityOfPage\":{\"@id\":\"https:\\\/\\\/diarioellabrador.cl\\\/index.php\\\/2025\\\/05\\\/10\\\/aguilera-advierte-que-estamos-entrando-a-las-semanas-mas-complejas-de-los-virus-respiratorios\\\/\"},\"wordCount\":285,\"commentCount\":0,\"publisher\":{\"@id\":\"https:\\\/\\\/diarioellabrador.cl\\\/#organization\"},\"image\":{\"@id\":\"https:\\\/\\\/diarioellabrador.cl\\\/index.php\\\/2025\\\/05\\\/10\\\/aguilera-advierte-que-estamos-entrando-a-las-semanas-mas-complejas-de-los-virus-respiratorios\\\/#primaryimage\"},\"thumbnailUrl\":\"https:\\\/\\\/diarioellabrador.cl\\\/wp-content\\\/uploads\\\/2025\\\/05\\\/Aguilera-advierte-que-estamos-entrando-a-las-semanas-mas-complejas-de-los-virus-respiratorios.jpg\",\"articleSection\":[\"Cr\u00f3nica\"],\"inLanguage\":\"es\",\"potentialAction\":[{\"@type\":\"CommentAction\",\"name\":\"Comment\",\"target\":[\"https:\\\/\\\/diarioellabrador.cl\\\/index.php\\\/2025\\\/05\\\/10\\\/aguilera-advierte-que-estamos-entrando-a-las-semanas-mas-complejas-de-los-virus-respiratorios\\\/#respond\"]}]},{\"@type\":\"WebPage\",\"@id\":\"https:\\\/\\\/diarioellabrador.cl\\\/index.php\\\/2025\\\/05\\\/10\\\/aguilera-advierte-que-estamos-entrando-a-las-semanas-mas-complejas-de-los-virus-respiratorios\\\/\",\"url\":\"https:\\\/\\\/diarioellabrador.cl\\\/index.php\\\/2025\\\/05\\\/10\\\/aguilera-advierte-que-estamos-entrando-a-las-semanas-mas-complejas-de-los-virus-respiratorios\\\/\",\"name\":\"Aguilera advierte que \\\"estamos entrando a las semanas m\u00e1s complejas\\\" de los virus respiratorios - Diario El Labrador\",\"isPartOf\":{\"@id\":\"https:\\\/\\\/diarioellabrador.cl\\\/#website\"},\"primaryImageOfPage\":{\"@id\":\"https:\\\/\\\/diarioellabrador.cl\\\/index.php\\\/2025\\\/05\\\/10\\\/aguilera-advierte-que-estamos-entrando-a-las-semanas-mas-complejas-de-los-virus-respiratorios\\\/#primaryimage\"},\"image\":{\"@id\":\"https:\\\/\\\/diarioellabrador.cl\\\/index.php\\\/2025\\\/05\\\/10\\\/aguilera-advierte-que-estamos-entrando-a-las-semanas-mas-complejas-de-los-virus-respiratorios\\\/#primaryimage\"},\"thumbnailUrl\":\"https:\\\/\\\/diarioellabrador.cl\\\/wp-content\\\/uploads\\\/2025\\\/05\\\/Aguilera-advierte-que-estamos-entrando-a-las-semanas-mas-complejas-de-los-virus-respiratorios.jpg\",\"datePublished\":\"2025-05-10T21:04:21+00:00\",\"breadcrumb\":{\"@id\":\"https:\\\/\\\/diarioellabrador.cl\\\/index.php\\\/2025\\\/05\\\/10\\\/aguilera-advierte-que-estamos-entrando-a-las-semanas-mas-complejas-de-los-virus-respiratorios\\\/#breadcrumb\"},\"inLanguage\":\"es\",\"potentialAction\":[{\"@type\":\"ReadAction\",\"target\":[\"https:\\\/\\\/diarioellabrador.cl\\\/index.php\\\/2025\\\/05\\\/10\\\/aguilera-advierte-que-estamos-entrando-a-las-semanas-mas-complejas-de-los-virus-respiratorios\\\/\"]}]},{\"@type\":\"ImageObject\",\"inLanguage\":\"es\",\"@id\":\"https:\\\/\\\/diarioellabrador.cl\\\/index.php\\\/2025\\\/05\\\/10\\\/aguilera-advierte-que-estamos-entrando-a-las-semanas-mas-complejas-de-los-virus-respiratorios\\\/#primaryimage\",\"url\":\"https:\\\/\\\/diarioellabrador.cl\\\/wp-content\\\/uploads\\\/2025\\\/05\\\/Aguilera-advierte-que-estamos-entrando-a-las-semanas-mas-complejas-de-los-virus-respiratorios.jpg\",\"contentUrl\":\"https:\\\/\\\/diarioellabrador.cl\\\/wp-content\\\/uploads\\\/2025\\\/05\\\/Aguilera-advierte-que-estamos-entrando-a-las-semanas-mas-complejas-de-los-virus-respiratorios.jpg\",\"width\":748,\"height\":437},{\"@type\":\"BreadcrumbList\",\"@id\":\"https:\\\/\\\/diarioellabrador.cl\\\/index.php\\\/2025\\\/05\\\/10\\\/aguilera-advierte-que-estamos-entrando-a-las-semanas-mas-complejas-de-los-virus-respiratorios\\\/#breadcrumb\",\"itemListElement\":[{\"@type\":\"ListItem\",\"position\":1,\"name\":\"Portada\",\"item\":\"https:\\\/\\\/diarioellabrador.cl\\\/\"},{\"@type\":\"ListItem\",\"position\":2,\"name\":\"Aguilera advierte que \u00abestamos entrando a las semanas m\u00e1s complejas\u00bb de los virus respiratorios\"}]},{\"@type\":\"WebSite\",\"@id\":\"https:\\\/\\\/diarioellabrador.cl\\\/#website\",\"url\":\"https:\\\/\\\/diarioellabrador.cl\\\/\",\"name\":\"Diario El Labrador\",\"description\":\"Haciendo noticia desde 1921\",\"publisher\":{\"@id\":\"https:\\\/\\\/diarioellabrador.cl\\\/#organization\"},\"potentialAction\":[{\"@type\":\"SearchAction\",\"target\":{\"@type\":\"EntryPoint\",\"urlTemplate\":\"https:\\\/\\\/diarioellabrador.cl\\\/?s={search_term_string}\"},\"query-input\":{\"@type\":\"PropertyValueSpecification\",\"valueRequired\":true,\"valueName\":\"search_term_string\"}}],\"inLanguage\":\"es\"},{\"@type\":\"Organization\",\"@id\":\"https:\\\/\\\/diarioellabrador.cl\\\/#organization\",\"name\":\"Diario El Labrador\",\"url\":\"https:\\\/\\\/diarioellabrador.cl\\\/\",\"logo\":{\"@type\":\"ImageObject\",\"inLanguage\":\"es\",\"@id\":\"https:\\\/\\\/diarioellabrador.cl\\\/#\\\/schema\\\/logo\\\/image\\\/\",\"url\":\"https:\\\/\\\/diarioellabrador.cl\\\/wp-content\\\/uploads\\\/2025\\\/02\\\/cropped-Logo-Icono.png\",\"contentUrl\":\"https:\\\/\\\/diarioellabrador.cl\\\/wp-content\\\/uploads\\\/2025\\\/02\\\/cropped-Logo-Icono.png\",\"width\":512,\"height\":512,\"caption\":\"Diario El Labrador\"},\"image\":{\"@id\":\"https:\\\/\\\/diarioellabrador.cl\\\/#\\\/schema\\\/logo\\\/image\\\/\"},\"sameAs\":[\"https:\\\/\\\/web.facebook.com\\\/profile.php?id=61576120840621\",\"https:\\\/\\\/x.com\\\/ElLabradorOf\",\"https:\\\/\\\/www.instagram.com\\\/diarioellabradoroficial\\\/\"]},{\"@type\":\"Person\",\"@id\":\"https:\\\/\\\/diarioellabrador.cl\\\/#\\\/schema\\\/person\\\/bc25ff80b4563f9c7f4bd7855df01685\",\"name\":\"Editor\",\"image\":{\"@type\":\"ImageObject\",\"inLanguage\":\"es\",\"@id\":\"https:\\\/\\\/secure.gravatar.com\\\/avatar\\\/109c326cf2be5c04f048c2c2a2b8b6ef44bf3d8d1d3d4c55d0ac40c4bc994684?s=96&d=mm&r=g\",\"url\":\"https:\\\/\\\/secure.gravatar.com\\\/avatar\\\/109c326cf2be5c04f048c2c2a2b8b6ef44bf3d8d1d3d4c55d0ac40c4bc994684?s=96&d=mm&r=g\",\"contentUrl\":\"https:\\\/\\\/secure.gravatar.com\\\/avatar\\\/109c326cf2be5c04f048c2c2a2b8b6ef44bf3d8d1d3d4c55d0ac40c4bc994684?s=96&d=mm&r=g\",\"caption\":\"Editor\"},\"url\":\"https:\\\/\\\/diarioellabrador.cl\\\/index.php\\\/author\\\/editor\\\/\"}]}<\/script>\n<!-- \/ Yoast SEO plugin. -->","yoast_head_json":{"title":"Aguilera advierte que \"estamos entrando a las semanas m\u00e1s complejas\" de los virus respiratorios - Diario El Labrador","robots":{"index":"index","follow":"follow","max-snippet":"max-snippet:-1","max-image-preview":"max-image-preview:large","max-video-preview":"max-video-preview:-1"},"canonical":"https:\/\/diarioellabrador.cl\/index.php\/2025\/05\/10\/aguilera-advierte-que-estamos-entrando-a-las-semanas-mas-complejas-de-los-virus-respiratorios\/","og_locale":"es_ES","og_type":"article","og_title":"Aguilera advierte que \"estamos entrando a las semanas m\u00e1s complejas\" de los virus respiratorios - Diario El Labrador","og_description":"La ministra de Salud, Ximena Aguilera, entreg\u00f3 detalles sobre las medidas sanitarias que se comenzar\u00e1n a aplicar -de forma preventiva-, considerando que en este mes se prev\u00e9 el peak en la circulaci\u00f3n de virus respiratorios. Las autoridades han sido reiterativas con sus llamados para respetar el plan de vacunaci\u00f3n 2025, todo esto con el objetivo Leer m\u00e1s","og_url":"https:\/\/diarioellabrador.cl\/index.php\/2025\/05\/10\/aguilera-advierte-que-estamos-entrando-a-las-semanas-mas-complejas-de-los-virus-respiratorios\/","og_site_name":"Diario El Labrador","article_publisher":"https:\/\/web.facebook.com\/profile.php?id=61576120840621","article_published_time":"2025-05-10T21:04:21+00:00","og_image":[{"width":748,"height":437,"url":"https:\/\/diarioellabrador.cl\/wp-content\/uploads\/2025\/05\/Aguilera-advierte-que-estamos-entrando-a-las-semanas-mas-complejas-de-los-virus-respiratorios.jpg","type":"image\/jpeg"}],"author":"Editor","twitter_card":"summary_large_image","twitter_creator":"@ElLabradorOf","twitter_site":"@ElLabradorOf","twitter_misc":{"Escrito por":"Editor","Tiempo de lectura":"1 minuto"},"schema":{"@context":"https:\/\/schema.org","@graph":[{"@type":"Article","@id":"https:\/\/diarioellabrador.cl\/index.php\/2025\/05\/10\/aguilera-advierte-que-estamos-entrando-a-las-semanas-mas-complejas-de-los-virus-respiratorios\/#article","isPartOf":{"@id":"https:\/\/diarioellabrador.cl\/index.php\/2025\/05\/10\/aguilera-advierte-que-estamos-entrando-a-las-semanas-mas-complejas-de-los-virus-respiratorios\/"},"author":{"name":"Editor","@id":"https:\/\/diarioellabrador.cl\/#\/schema\/person\/bc25ff80b4563f9c7f4bd7855df01685"},"headline":"Aguilera advierte que \u00abestamos entrando a las semanas m\u00e1s complejas\u00bb de los virus respiratorios","datePublished":"2025-05-10T21:04:21+00:00","mainEntityOfPage":{"@id":"https:\/\/diarioellabrador.cl\/index.php\/2025\/05\/10\/aguilera-advierte-que-estamos-entrando-a-las-semanas-mas-complejas-de-los-virus-respiratorios\/"},"wordCount":285,"commentCount":0,"publisher":{"@id":"https:\/\/diarioellabrador.cl\/#organization"},"image":{"@id":"https:\/\/diarioellabrador.cl\/index.php\/2025\/05\/10\/aguilera-advierte-que-estamos-entrando-a-las-semanas-mas-complejas-de-los-virus-respiratorios\/#primaryimage"},"thumbnailUrl":"https:\/\/diarioellabrador.cl\/wp-content\/uploads\/2025\/05\/Aguilera-advierte-que-estamos-entrando-a-las-semanas-mas-complejas-de-los-virus-respiratorios.jpg","articleSection":["Cr\u00f3nica"],"inLanguage":"es","potentialAction":[{"@type":"CommentAction","name":"Comment","target":["https:\/\/diarioellabrador.cl\/index.php\/2025\/05\/10\/aguilera-advierte-que-estamos-entrando-a-las-semanas-mas-complejas-de-los-virus-respiratorios\/#respond"]}]},{"@type":"WebPage","@id":"https:\/\/diarioellabrador.cl\/index.php\/2025\/05\/10\/aguilera-advierte-que-estamos-entrando-a-las-semanas-mas-complejas-de-los-virus-respiratorios\/","url":"https:\/\/diarioellabrador.cl\/index.php\/2025\/05\/10\/aguilera-advierte-que-estamos-entrando-a-las-semanas-mas-complejas-de-los-virus-respiratorios\/","name":"Aguilera advierte que \"estamos entrando a las semanas m\u00e1s complejas\" de los virus respiratorios - Diario El Labrador","isPartOf":{"@id":"https:\/\/diarioellabrador.cl\/#website"},"primaryImageOfPage":{"@id":"https:\/\/diarioellabrador.cl\/index.php\/2025\/05\/10\/aguilera-advierte-que-estamos-entrando-a-las-semanas-mas-complejas-de-los-virus-respiratorios\/#primaryimage"},"image":{"@id":"https:\/\/diarioellabrador.cl\/index.php\/2025\/05\/10\/aguilera-advierte-que-estamos-entrando-a-las-semanas-mas-complejas-de-los-virus-respiratorios\/#primaryimage"},"thumbnailUrl":"https:\/\/diarioellabrador.cl\/wp-content\/uploads\/2025\/05\/Aguilera-advierte-que-estamos-entrando-a-las-semanas-mas-complejas-de-los-virus-respiratorios.jpg","datePublished":"2025-05-10T21:04:21+00:00","breadcrumb":{"@id":"https:\/\/diarioellabrador.cl\/index.php\/2025\/05\/10\/aguilera-advierte-que-estamos-entrando-a-las-semanas-mas-complejas-de-los-virus-respiratorios\/#breadcrumb"},"inLanguage":"es","potentialAction":[{"@type":"ReadAction","target":["https:\/\/diarioellabrador.cl\/index.php\/2025\/05\/10\/aguilera-advierte-que-estamos-entrando-a-las-semanas-mas-complejas-de-los-virus-respiratorios\/"]}]},{"@type":"ImageObject","inLanguage":"es","@id":"https:\/\/diarioellabrador.cl\/index.php\/2025\/05\/10\/aguilera-advierte-que-estamos-entrando-a-las-semanas-mas-complejas-de-los-virus-respiratorios\/#primaryimage","url":"https:\/\/diarioellabrador.cl\/wp-content\/uploads\/2025\/05\/Aguilera-advierte-que-estamos-entrando-a-las-semanas-mas-complejas-de-los-virus-respiratorios.jpg","contentUrl":"https:\/\/diarioellabrador.cl\/wp-content\/uploads\/2025\/05\/Aguilera-advierte-que-estamos-entrando-a-las-semanas-mas-complejas-de-los-virus-respiratorios.jpg","width":748,"height":437},{"@type":"BreadcrumbList","@id":"https:\/\/diarioellabrador.cl\/index.php\/2025\/05\/10\/aguilera-advierte-que-estamos-entrando-a-las-semanas-mas-complejas-de-los-virus-respiratorios\/#breadcrumb","itemListElement":[{"@type":"ListItem","position":1,"name":"Portada","item":"https:\/\/diarioellabrador.cl\/"},{"@type":"ListItem","position":2,"name":"Aguilera advierte que \u00abestamos entrando a las semanas m\u00e1s complejas\u00bb de los virus respiratorios"}]},{"@type":"WebSite","@id":"https:\/\/diarioellabrador.cl\/#website","url":"https:\/\/diarioellabrador.cl\/","name":"Diario El Labrador","description":"Haciendo noticia desde 1921","publisher":{"@id":"https:\/\/diarioellabrador.cl\/#organization"},"potentialAction":[{"@type":"SearchAction","target":{"@type":"EntryPoint","urlTemplate":"https:\/\/diarioellabrador.cl\/?s={search_term_string}"},"query-input":{"@type":"PropertyValueSpecification","valueRequired":true,"valueName":"search_term_string"}}],"inLanguage":"es"},{"@type":"Organization","@id":"https:\/\/diarioellabrador.cl\/#organization","name":"Diario El Labrador","url":"https:\/\/diarioellabrador.cl\/","logo":{"@type":"ImageObject","inLanguage":"es","@id":"https:\/\/diarioellabrador.cl\/#\/schema\/logo\/image\/","url":"https:\/\/diarioellabrador.cl\/wp-content\/uploads\/2025\/02\/cropped-Logo-Icono.png","contentUrl":"https:\/\/diarioellabrador.cl\/wp-content\/uploads\/2025\/02\/cropped-Logo-Icono.png","width":512,"height":512,"caption":"Diario El Labrador"},"image":{"@id":"https:\/\/diarioellabrador.cl\/#\/schema\/logo\/image\/"},"sameAs":["https:\/\/web.facebook.com\/profile.php?id=61576120840621","https:\/\/x.com\/ElLabradorOf","https:\/\/www.instagram.com\/diarioellabradoroficial\/"]},{"@type":"Person","@id":"https:\/\/diarioellabrador.cl\/#\/schema\/person\/bc25ff80b4563f9c7f4bd7855df01685","name":"Editor","image":{"@type":"ImageObject","inLanguage":"es","@id":"https:\/\/secure.gravatar.com\/avatar\/109c326cf2be5c04f048c2c2a2b8b6ef44bf3d8d1d3d4c55d0ac40c4bc994684?s=96&d=mm&r=g","url":"https:\/\/secure.gravatar.com\/avatar\/109c326cf2be5c04f048c2c2a2b8b6ef44bf3d8d1d3d4c55d0ac40c4bc994684?s=96&d=mm&r=g","contentUrl":"https:\/\/secure.gravatar.com\/avatar\/109c326cf2be5c04f048c2c2a2b8b6ef44bf3d8d1d3d4c55d0ac40c4bc994684?s=96&d=mm&r=g","caption":"Editor"},"url":"https:\/\/diarioellabrador.cl\/index.php\/author\/editor\/"}]}},"_links":{"self":[{"href":"https:\/\/diarioellabrador.cl\/index.php\/wp-json\/wp\/v2\/posts\/2592","targetHints":{"allow":["GET"]}}],"collection":[{"href":"https:\/\/diarioellabrador.cl\/index.php\/wp-json\/wp\/v2\/posts"}],"about":[{"href":"https:\/\/diarioellabrador.cl\/index.php\/wp-json\/wp\/v2\/types\/post"}],"author":[{"embeddable":true,"href":"https:\/\/diarioellabrador.cl\/index.php\/wp-json\/wp\/v2\/users\/2"}],"replies":[{"embeddable":true,"href":"https:\/\/diarioellabrador.cl\/index.php\/wp-json\/wp\/v2\/comments?post=2592"}],"version-history":[{"count":1,"href":"https:\/\/diarioellabrador.cl\/index.php\/wp-json\/wp\/v2\/posts\/2592\/revisions"}],"predecessor-version":[{"id":2593,"href":"https:\/\/diarioellabrador.cl\/index.php\/wp-json\/wp\/v2\/posts\/2592\/revisions\/2593"}],"wp:featuredmedia":[{"embeddable":true,"href":"https:\/\/diarioellabrador.cl\/index.php\/wp-json\/wp\/v2\/media\/2554"}],"wp:attachment":[{"href":"https:\/\/diarioellabrador.cl\/index.php\/wp-json\/wp\/v2\/media?parent=2592"}],"wp:term":[{"taxonomy":"category","embeddable":true,"href":"https:\/\/diarioellabrador.cl\/index.php\/wp-json\/wp\/v2\/categories?post=2592"},{"taxonomy":"post_tag","embeddable":true,"href":"https:\/\/diarioellabrador.cl\/index.php\/wp-json\/wp\/v2\/tags?post=2592"}],"curies":[{"name":"wp","href":"https:\/\/api.w.org\/{rel}","templated":true}]}}