{"id":2586,"date":"2025-05-10T17:02:39","date_gmt":"2025-05-10T21:02:39","guid":{"rendered":"https:\/\/diarioellabrador.cl\/?p=2586"},"modified":"2025-05-10T17:02:39","modified_gmt":"2025-05-10T21:02:39","slug":"luis-bustos-destaco-el-trabajo-de-internacionalizacion-del-caballo-chileno-que-realiza-la-federacion-de-criadores","status":"publish","type":"post","link":"https:\/\/diarioellabrador.cl\/index.php\/2025\/05\/10\/luis-bustos-destaco-el-trabajo-de-internacionalizacion-del-caballo-chileno-que-realiza-la-federacion-de-criadores\/","title":{"rendered":"Luis Bustos destac\u00f3 el trabajo de internacionalizaci\u00f3n del Caballo Chileno que realiza la Federaci\u00f3n de Criadores"},"content":{"rendered":"\n<p><strong>Autor: <\/strong><a href=\"https:\/\/www.caballoyrodeo.cl\/portal_rodeo\/site\/artic\/20240205\/pags\/20240205103254.html\">H\u00e9ctor Parraguirre Jara<\/a><\/p>\n\n\n\n<p>La primera charla que se dio en el <strong>Consejo T\u00e9cnico 2025<\/strong> de la <strong>Federaci\u00f3n Criadores de Caballos Raza Chilena<\/strong>, estuvo a cargo del maestro de equitaci\u00f3n argentino <strong>Luis Bustos<\/strong>, quien habl\u00f3 de su trayectoria, de su experiencia con el caballo chileno y destac\u00f3 el trabajo que se est\u00e1 haciendo por su internacionalizaci\u00f3n. &nbsp;&nbsp;<\/p>\n\n\n\n<p>\u00abMe he sentido muy c\u00f3modo, he captado inter\u00e9s en la gente, en los directivos y lo que est\u00e1 haciendo la Federaci\u00f3n de Criadores me parece extraordinario, abrirse a otras actividades. Estar solamente en el rodeo no ser\u00eda un factor completo de selecci\u00f3n, tomar otras pruebas me parece muy bien. Adem\u00e1s, lo que han hecho para llevar el caballo al extranjero me parece fant\u00e1stico\u00bb, coment\u00f3.<\/p>\n\n\n\n<p>\u00abPrimero habl\u00e9 de como ha sido mi experiencia con los caballos desde ni\u00f1o, qu\u00e9 experiencia he tenido yo en las distintas \u00e1reas. Por ejemplo, en adiestramiento y despu\u00e9s mi relaci\u00f3n con el caballo chileno y con los chilenos, yo aprend\u00ed con ellos, con un se\u00f1or que se llamaba Rosauro Gallegos, con &#8216;Coteco&#8217; Aguirre y con muchos chilenos. Me di cuenta de que ten\u00edan una equitaci\u00f3n muy parecida a la espa\u00f1ola y un caballo extraordinario\u00bb, agreg\u00f3.<\/p>\n\n\n\n<p>Bustos, que estuvo acompa\u00f1ado por el entrenador <strong>Silvio Nomdedeu<\/strong>, tambi\u00e9n fue consultado por lo que est\u00e1 realizando la Federaci\u00f3n de Criadores con la Rienda Sin Fronteras.<\/p>\n\n\n\n<p>\u00abFant\u00e1stico, van a progresar rapid\u00edsimo porque tienen muy buenos jinetes. Como dije ah\u00ed nosotros empezamos con 15 jinetes en todo el circuito y hoy tenemos 1.200. Fueron algunos chilenos y recuerdo que Ruperto Valderrama, cuando empezamos con toda esta organizaci\u00f3n, me dijo ustedes van a ser buen\u00edsimos en la Rienda, as\u00ed que les auguro un \u00e9xito fant\u00e1stico y as\u00ed fue\u00bb, dijo.<\/p>\n\n\n\n<p>Durante su presentaci\u00f3n, el presidente de la Federaci\u00f3n de Criadores, <strong>Roberto Standen<\/strong>, manifest\u00f3 inter\u00e9s de que Luis Bustos contin\u00fae entregando su conocimiento al pa\u00eds criador.<\/p>\n\n\n\n<p>\u00abEstoy a disposici\u00f3n para lo que quieran, creo que no tienen que haber grietas entre pa\u00edses, el caballo es el puente entre los pa\u00edses. Una cosa es ser patriota y otra patriotero, cuando se exalta el sentimiento patriota. Lo que han hecho con el caballo chileno es extraordinario, pero creo que deber\u00edan repensar una incorporaci\u00f3n a la FICCC, es lo que pienso\u00bb, expres\u00f3.<\/p>\n\n\n\n<p>En cuanto a las cualidades del Caballo Raza Chilena, Bustos destac\u00f3 \u00abboca, inteligencia, muy buenas patas, mucha flexibilidad, sensibilidad y es explosivo, tiene una musculatura anaer\u00f3bica y en sus pruebas es extraordinario\u00bb. &nbsp;&nbsp;&nbsp;<\/p>\n\n\n\n<p>Al t\u00e9rmino de su exposici\u00f3n, Luis Bustos recibi\u00f3 un reconocimiento por parte del Directorio de la Federaci\u00f3n de Criadores.<\/p>\n\n\n\n<p><strong>Esta charla estar\u00e1 disponible durante la semana siguiente a trav\u00e9s de un podcast de audio en la cuenta de Spotify de CaballyRodeo.cl.<\/strong><\/p>\n","protected":false},"excerpt":{"rendered":"<p>Autor: H\u00e9ctor Parraguirre Jara La primera charla que se dio en el Consejo T\u00e9cnico 2025 de la Federaci\u00f3n Criadores de Caballos Raza Chilena, estuvo a cargo del maestro de equitaci\u00f3n argentino Luis Bustos, quien habl\u00f3 de su trayectoria, de su experiencia con el caballo chileno y destac\u00f3 el trabajo que se est\u00e1 haciendo por su<\/p>\n<div class=\"read-more-wrapper\"><a class=\"read-more\" href=\"https:\/\/diarioellabrador.cl\/index.php\/2025\/05\/10\/luis-bustos-destaco-el-trabajo-de-internacionalizacion-del-caballo-chileno-que-realiza-la-federacion-de-criadores\/\" title=\"Leer m\u00e1s\"> <span class=\"button \">Leer m\u00e1s<\/span><\/a><\/div>\n","protected":false},"author":2,"featured_media":2564,"comment_status":"open","ping_status":"open","sticky":false,"template":"","format":"standard","meta":{"footnotes":""},"categories":[5],"tags":[],"class_list":["post-2586","post","type-post","status-publish","format-standard","has-post-thumbnail","hentry","category-rodeo"],"yoast_head":"<!-- This site is optimized with the Yoast SEO plugin v27.5 - https:\/\/yoast.com\/product\/yoast-seo-wordpress\/ -->\n<title>Luis Bustos destac\u00f3 el trabajo de internacionalizaci\u00f3n del Caballo Chileno que realiza la Federaci\u00f3n de Criadores - Diario El Labrador<\/title>\n<meta name=\"robots\" content=\"index, follow, max-snippet:-1, max-image-preview:large, max-video-preview:-1\" \/>\n<link rel=\"canonical\" href=\"https:\/\/diarioellabrador.cl\/index.php\/2025\/05\/10\/luis-bustos-destaco-el-trabajo-de-internacionalizacion-del-caballo-chileno-que-realiza-la-federacion-de-criadores\/\" \/>\n<meta property=\"og:locale\" content=\"es_ES\" \/>\n<meta property=\"og:type\" content=\"article\" \/>\n<meta property=\"og:title\" content=\"Luis Bustos destac\u00f3 el trabajo de internacionalizaci\u00f3n del Caballo Chileno que realiza la Federaci\u00f3n de Criadores - Diario El Labrador\" \/>\n<meta property=\"og:description\" content=\"Autor: H\u00e9ctor Parraguirre Jara La primera charla que se dio en el Consejo T\u00e9cnico 2025 de la Federaci\u00f3n Criadores de Caballos Raza Chilena, estuvo a cargo del maestro de equitaci\u00f3n argentino Luis Bustos, quien habl\u00f3 de su trayectoria, de su experiencia con el caballo chileno y destac\u00f3 el trabajo que se est\u00e1 haciendo por su Leer m\u00e1s\" \/>\n<meta property=\"og:url\" content=\"https:\/\/diarioellabrador.cl\/index.php\/2025\/05\/10\/luis-bustos-destaco-el-trabajo-de-internacionalizacion-del-caballo-chileno-que-realiza-la-federacion-de-criadores\/\" \/>\n<meta property=\"og:site_name\" content=\"Diario El Labrador\" \/>\n<meta property=\"article:publisher\" content=\"https:\/\/web.facebook.com\/profile.php?id=61576120840621\" \/>\n<meta property=\"article:published_time\" content=\"2025-05-10T21:02:39+00:00\" \/>\n<meta property=\"og:image\" content=\"https:\/\/diarioellabrador.cl\/wp-content\/uploads\/2025\/05\/Luis-Bustos-destaco-el-trabajo-de-internacionalizacion-del-Caballo-Chileno-que-realiza-la-Federacion-de-Criadores.jpg\" \/>\n\t<meta property=\"og:image:width\" content=\"750\" \/>\n\t<meta property=\"og:image:height\" content=\"389\" \/>\n\t<meta property=\"og:image:type\" content=\"image\/jpeg\" \/>\n<meta name=\"author\" content=\"Editor\" \/>\n<meta name=\"twitter:card\" content=\"summary_large_image\" \/>\n<meta name=\"twitter:creator\" content=\"@ElLabradorOf\" \/>\n<meta name=\"twitter:site\" content=\"@ElLabradorOf\" \/>\n<meta name=\"twitter:label1\" content=\"Escrito por\" \/>\n\t<meta name=\"twitter:data1\" content=\"Editor\" \/>\n\t<meta name=\"twitter:label2\" content=\"Tiempo de lectura\" \/>\n\t<meta name=\"twitter:data2\" content=\"2 minutos\" \/>\n<script type=\"application\/ld+json\" class=\"yoast-schema-graph\">{\"@context\":\"https:\\\/\\\/schema.org\",\"@graph\":[{\"@type\":\"Article\",\"@id\":\"https:\\\/\\\/diarioellabrador.cl\\\/index.php\\\/2025\\\/05\\\/10\\\/luis-bustos-destaco-el-trabajo-de-internacionalizacion-del-caballo-chileno-que-realiza-la-federacion-de-criadores\\\/#article\",\"isPartOf\":{\"@id\":\"https:\\\/\\\/diarioellabrador.cl\\\/index.php\\\/2025\\\/05\\\/10\\\/luis-bustos-destaco-el-trabajo-de-internacionalizacion-del-caballo-chileno-que-realiza-la-federacion-de-criadores\\\/\"},\"author\":{\"name\":\"Editor\",\"@id\":\"https:\\\/\\\/diarioellabrador.cl\\\/#\\\/schema\\\/person\\\/bc25ff80b4563f9c7f4bd7855df01685\"},\"headline\":\"Luis Bustos destac\u00f3 el trabajo de internacionalizaci\u00f3n del Caballo Chileno que realiza la Federaci\u00f3n de Criadores\",\"datePublished\":\"2025-05-10T21:02:39+00:00\",\"mainEntityOfPage\":{\"@id\":\"https:\\\/\\\/diarioellabrador.cl\\\/index.php\\\/2025\\\/05\\\/10\\\/luis-bustos-destaco-el-trabajo-de-internacionalizacion-del-caballo-chileno-que-realiza-la-federacion-de-criadores\\\/\"},\"wordCount\":506,\"commentCount\":0,\"publisher\":{\"@id\":\"https:\\\/\\\/diarioellabrador.cl\\\/#organization\"},\"image\":{\"@id\":\"https:\\\/\\\/diarioellabrador.cl\\\/index.php\\\/2025\\\/05\\\/10\\\/luis-bustos-destaco-el-trabajo-de-internacionalizacion-del-caballo-chileno-que-realiza-la-federacion-de-criadores\\\/#primaryimage\"},\"thumbnailUrl\":\"https:\\\/\\\/diarioellabrador.cl\\\/wp-content\\\/uploads\\\/2025\\\/05\\\/Luis-Bustos-destaco-el-trabajo-de-internacionalizacion-del-Caballo-Chileno-que-realiza-la-Federacion-de-Criadores.jpg\",\"articleSection\":[\"Rodeo\"],\"inLanguage\":\"es\",\"potentialAction\":[{\"@type\":\"CommentAction\",\"name\":\"Comment\",\"target\":[\"https:\\\/\\\/diarioellabrador.cl\\\/index.php\\\/2025\\\/05\\\/10\\\/luis-bustos-destaco-el-trabajo-de-internacionalizacion-del-caballo-chileno-que-realiza-la-federacion-de-criadores\\\/#respond\"]}]},{\"@type\":\"WebPage\",\"@id\":\"https:\\\/\\\/diarioellabrador.cl\\\/index.php\\\/2025\\\/05\\\/10\\\/luis-bustos-destaco-el-trabajo-de-internacionalizacion-del-caballo-chileno-que-realiza-la-federacion-de-criadores\\\/\",\"url\":\"https:\\\/\\\/diarioellabrador.cl\\\/index.php\\\/2025\\\/05\\\/10\\\/luis-bustos-destaco-el-trabajo-de-internacionalizacion-del-caballo-chileno-que-realiza-la-federacion-de-criadores\\\/\",\"name\":\"Luis Bustos destac\u00f3 el trabajo de internacionalizaci\u00f3n del Caballo Chileno que realiza la Federaci\u00f3n de Criadores - Diario El Labrador\",\"isPartOf\":{\"@id\":\"https:\\\/\\\/diarioellabrador.cl\\\/#website\"},\"primaryImageOfPage\":{\"@id\":\"https:\\\/\\\/diarioellabrador.cl\\\/index.php\\\/2025\\\/05\\\/10\\\/luis-bustos-destaco-el-trabajo-de-internacionalizacion-del-caballo-chileno-que-realiza-la-federacion-de-criadores\\\/#primaryimage\"},\"image\":{\"@id\":\"https:\\\/\\\/diarioellabrador.cl\\\/index.php\\\/2025\\\/05\\\/10\\\/luis-bustos-destaco-el-trabajo-de-internacionalizacion-del-caballo-chileno-que-realiza-la-federacion-de-criadores\\\/#primaryimage\"},\"thumbnailUrl\":\"https:\\\/\\\/diarioellabrador.cl\\\/wp-content\\\/uploads\\\/2025\\\/05\\\/Luis-Bustos-destaco-el-trabajo-de-internacionalizacion-del-Caballo-Chileno-que-realiza-la-Federacion-de-Criadores.jpg\",\"datePublished\":\"2025-05-10T21:02:39+00:00\",\"breadcrumb\":{\"@id\":\"https:\\\/\\\/diarioellabrador.cl\\\/index.php\\\/2025\\\/05\\\/10\\\/luis-bustos-destaco-el-trabajo-de-internacionalizacion-del-caballo-chileno-que-realiza-la-federacion-de-criadores\\\/#breadcrumb\"},\"inLanguage\":\"es\",\"potentialAction\":[{\"@type\":\"ReadAction\",\"target\":[\"https:\\\/\\\/diarioellabrador.cl\\\/index.php\\\/2025\\\/05\\\/10\\\/luis-bustos-destaco-el-trabajo-de-internacionalizacion-del-caballo-chileno-que-realiza-la-federacion-de-criadores\\\/\"]}]},{\"@type\":\"ImageObject\",\"inLanguage\":\"es\",\"@id\":\"https:\\\/\\\/diarioellabrador.cl\\\/index.php\\\/2025\\\/05\\\/10\\\/luis-bustos-destaco-el-trabajo-de-internacionalizacion-del-caballo-chileno-que-realiza-la-federacion-de-criadores\\\/#primaryimage\",\"url\":\"https:\\\/\\\/diarioellabrador.cl\\\/wp-content\\\/uploads\\\/2025\\\/05\\\/Luis-Bustos-destaco-el-trabajo-de-internacionalizacion-del-Caballo-Chileno-que-realiza-la-Federacion-de-Criadores.jpg\",\"contentUrl\":\"https:\\\/\\\/diarioellabrador.cl\\\/wp-content\\\/uploads\\\/2025\\\/05\\\/Luis-Bustos-destaco-el-trabajo-de-internacionalizacion-del-Caballo-Chileno-que-realiza-la-Federacion-de-Criadores.jpg\",\"width\":750,\"height\":389},{\"@type\":\"BreadcrumbList\",\"@id\":\"https:\\\/\\\/diarioellabrador.cl\\\/index.php\\\/2025\\\/05\\\/10\\\/luis-bustos-destaco-el-trabajo-de-internacionalizacion-del-caballo-chileno-que-realiza-la-federacion-de-criadores\\\/#breadcrumb\",\"itemListElement\":[{\"@type\":\"ListItem\",\"position\":1,\"name\":\"Portada\",\"item\":\"https:\\\/\\\/diarioellabrador.cl\\\/\"},{\"@type\":\"ListItem\",\"position\":2,\"name\":\"Luis Bustos destac\u00f3 el trabajo de internacionalizaci\u00f3n del Caballo Chileno que realiza la Federaci\u00f3n de Criadores\"}]},{\"@type\":\"WebSite\",\"@id\":\"https:\\\/\\\/diarioellabrador.cl\\\/#website\",\"url\":\"https:\\\/\\\/diarioellabrador.cl\\\/\",\"name\":\"Diario El Labrador\",\"description\":\"Haciendo noticia desde 1921\",\"publisher\":{\"@id\":\"https:\\\/\\\/diarioellabrador.cl\\\/#organization\"},\"potentialAction\":[{\"@type\":\"SearchAction\",\"target\":{\"@type\":\"EntryPoint\",\"urlTemplate\":\"https:\\\/\\\/diarioellabrador.cl\\\/?s={search_term_string}\"},\"query-input\":{\"@type\":\"PropertyValueSpecification\",\"valueRequired\":true,\"valueName\":\"search_term_string\"}}],\"inLanguage\":\"es\"},{\"@type\":\"Organization\",\"@id\":\"https:\\\/\\\/diarioellabrador.cl\\\/#organization\",\"name\":\"Diario El Labrador\",\"url\":\"https:\\\/\\\/diarioellabrador.cl\\\/\",\"logo\":{\"@type\":\"ImageObject\",\"inLanguage\":\"es\",\"@id\":\"https:\\\/\\\/diarioellabrador.cl\\\/#\\\/schema\\\/logo\\\/image\\\/\",\"url\":\"https:\\\/\\\/diarioellabrador.cl\\\/wp-content\\\/uploads\\\/2025\\\/02\\\/cropped-Logo-Icono.png\",\"contentUrl\":\"https:\\\/\\\/diarioellabrador.cl\\\/wp-content\\\/uploads\\\/2025\\\/02\\\/cropped-Logo-Icono.png\",\"width\":512,\"height\":512,\"caption\":\"Diario El Labrador\"},\"image\":{\"@id\":\"https:\\\/\\\/diarioellabrador.cl\\\/#\\\/schema\\\/logo\\\/image\\\/\"},\"sameAs\":[\"https:\\\/\\\/web.facebook.com\\\/profile.php?id=61576120840621\",\"https:\\\/\\\/x.com\\\/ElLabradorOf\",\"https:\\\/\\\/www.instagram.com\\\/diarioellabradoroficial\\\/\"]},{\"@type\":\"Person\",\"@id\":\"https:\\\/\\\/diarioellabrador.cl\\\/#\\\/schema\\\/person\\\/bc25ff80b4563f9c7f4bd7855df01685\",\"name\":\"Editor\",\"image\":{\"@type\":\"ImageObject\",\"inLanguage\":\"es\",\"@id\":\"https:\\\/\\\/secure.gravatar.com\\\/avatar\\\/109c326cf2be5c04f048c2c2a2b8b6ef44bf3d8d1d3d4c55d0ac40c4bc994684?s=96&d=mm&r=g\",\"url\":\"https:\\\/\\\/secure.gravatar.com\\\/avatar\\\/109c326cf2be5c04f048c2c2a2b8b6ef44bf3d8d1d3d4c55d0ac40c4bc994684?s=96&d=mm&r=g\",\"contentUrl\":\"https:\\\/\\\/secure.gravatar.com\\\/avatar\\\/109c326cf2be5c04f048c2c2a2b8b6ef44bf3d8d1d3d4c55d0ac40c4bc994684?s=96&d=mm&r=g\",\"caption\":\"Editor\"},\"url\":\"https:\\\/\\\/diarioellabrador.cl\\\/index.php\\\/author\\\/editor\\\/\"}]}<\/script>\n<!-- \/ Yoast SEO plugin. -->","yoast_head_json":{"title":"Luis Bustos destac\u00f3 el trabajo de internacionalizaci\u00f3n del Caballo Chileno que realiza la Federaci\u00f3n de Criadores - Diario El Labrador","robots":{"index":"index","follow":"follow","max-snippet":"max-snippet:-1","max-image-preview":"max-image-preview:large","max-video-preview":"max-video-preview:-1"},"canonical":"https:\/\/diarioellabrador.cl\/index.php\/2025\/05\/10\/luis-bustos-destaco-el-trabajo-de-internacionalizacion-del-caballo-chileno-que-realiza-la-federacion-de-criadores\/","og_locale":"es_ES","og_type":"article","og_title":"Luis Bustos destac\u00f3 el trabajo de internacionalizaci\u00f3n del Caballo Chileno que realiza la Federaci\u00f3n de Criadores - Diario El Labrador","og_description":"Autor: H\u00e9ctor Parraguirre Jara La primera charla que se dio en el Consejo T\u00e9cnico 2025 de la Federaci\u00f3n Criadores de Caballos Raza Chilena, estuvo a cargo del maestro de equitaci\u00f3n argentino Luis Bustos, quien habl\u00f3 de su trayectoria, de su experiencia con el caballo chileno y destac\u00f3 el trabajo que se est\u00e1 haciendo por su Leer m\u00e1s","og_url":"https:\/\/diarioellabrador.cl\/index.php\/2025\/05\/10\/luis-bustos-destaco-el-trabajo-de-internacionalizacion-del-caballo-chileno-que-realiza-la-federacion-de-criadores\/","og_site_name":"Diario El Labrador","article_publisher":"https:\/\/web.facebook.com\/profile.php?id=61576120840621","article_published_time":"2025-05-10T21:02:39+00:00","og_image":[{"width":750,"height":389,"url":"https:\/\/diarioellabrador.cl\/wp-content\/uploads\/2025\/05\/Luis-Bustos-destaco-el-trabajo-de-internacionalizacion-del-Caballo-Chileno-que-realiza-la-Federacion-de-Criadores.jpg","type":"image\/jpeg"}],"author":"Editor","twitter_card":"summary_large_image","twitter_creator":"@ElLabradorOf","twitter_site":"@ElLabradorOf","twitter_misc":{"Escrito por":"Editor","Tiempo de lectura":"2 minutos"},"schema":{"@context":"https:\/\/schema.org","@graph":[{"@type":"Article","@id":"https:\/\/diarioellabrador.cl\/index.php\/2025\/05\/10\/luis-bustos-destaco-el-trabajo-de-internacionalizacion-del-caballo-chileno-que-realiza-la-federacion-de-criadores\/#article","isPartOf":{"@id":"https:\/\/diarioellabrador.cl\/index.php\/2025\/05\/10\/luis-bustos-destaco-el-trabajo-de-internacionalizacion-del-caballo-chileno-que-realiza-la-federacion-de-criadores\/"},"author":{"name":"Editor","@id":"https:\/\/diarioellabrador.cl\/#\/schema\/person\/bc25ff80b4563f9c7f4bd7855df01685"},"headline":"Luis Bustos destac\u00f3 el trabajo de internacionalizaci\u00f3n del Caballo Chileno que realiza la Federaci\u00f3n de Criadores","datePublished":"2025-05-10T21:02:39+00:00","mainEntityOfPage":{"@id":"https:\/\/diarioellabrador.cl\/index.php\/2025\/05\/10\/luis-bustos-destaco-el-trabajo-de-internacionalizacion-del-caballo-chileno-que-realiza-la-federacion-de-criadores\/"},"wordCount":506,"commentCount":0,"publisher":{"@id":"https:\/\/diarioellabrador.cl\/#organization"},"image":{"@id":"https:\/\/diarioellabrador.cl\/index.php\/2025\/05\/10\/luis-bustos-destaco-el-trabajo-de-internacionalizacion-del-caballo-chileno-que-realiza-la-federacion-de-criadores\/#primaryimage"},"thumbnailUrl":"https:\/\/diarioellabrador.cl\/wp-content\/uploads\/2025\/05\/Luis-Bustos-destaco-el-trabajo-de-internacionalizacion-del-Caballo-Chileno-que-realiza-la-Federacion-de-Criadores.jpg","articleSection":["Rodeo"],"inLanguage":"es","potentialAction":[{"@type":"CommentAction","name":"Comment","target":["https:\/\/diarioellabrador.cl\/index.php\/2025\/05\/10\/luis-bustos-destaco-el-trabajo-de-internacionalizacion-del-caballo-chileno-que-realiza-la-federacion-de-criadores\/#respond"]}]},{"@type":"WebPage","@id":"https:\/\/diarioellabrador.cl\/index.php\/2025\/05\/10\/luis-bustos-destaco-el-trabajo-de-internacionalizacion-del-caballo-chileno-que-realiza-la-federacion-de-criadores\/","url":"https:\/\/diarioellabrador.cl\/index.php\/2025\/05\/10\/luis-bustos-destaco-el-trabajo-de-internacionalizacion-del-caballo-chileno-que-realiza-la-federacion-de-criadores\/","name":"Luis Bustos destac\u00f3 el trabajo de internacionalizaci\u00f3n del Caballo Chileno que realiza la Federaci\u00f3n de Criadores - Diario El Labrador","isPartOf":{"@id":"https:\/\/diarioellabrador.cl\/#website"},"primaryImageOfPage":{"@id":"https:\/\/diarioellabrador.cl\/index.php\/2025\/05\/10\/luis-bustos-destaco-el-trabajo-de-internacionalizacion-del-caballo-chileno-que-realiza-la-federacion-de-criadores\/#primaryimage"},"image":{"@id":"https:\/\/diarioellabrador.cl\/index.php\/2025\/05\/10\/luis-bustos-destaco-el-trabajo-de-internacionalizacion-del-caballo-chileno-que-realiza-la-federacion-de-criadores\/#primaryimage"},"thumbnailUrl":"https:\/\/diarioellabrador.cl\/wp-content\/uploads\/2025\/05\/Luis-Bustos-destaco-el-trabajo-de-internacionalizacion-del-Caballo-Chileno-que-realiza-la-Federacion-de-Criadores.jpg","datePublished":"2025-05-10T21:02:39+00:00","breadcrumb":{"@id":"https:\/\/diarioellabrador.cl\/index.php\/2025\/05\/10\/luis-bustos-destaco-el-trabajo-de-internacionalizacion-del-caballo-chileno-que-realiza-la-federacion-de-criadores\/#breadcrumb"},"inLanguage":"es","potentialAction":[{"@type":"ReadAction","target":["https:\/\/diarioellabrador.cl\/index.php\/2025\/05\/10\/luis-bustos-destaco-el-trabajo-de-internacionalizacion-del-caballo-chileno-que-realiza-la-federacion-de-criadores\/"]}]},{"@type":"ImageObject","inLanguage":"es","@id":"https:\/\/diarioellabrador.cl\/index.php\/2025\/05\/10\/luis-bustos-destaco-el-trabajo-de-internacionalizacion-del-caballo-chileno-que-realiza-la-federacion-de-criadores\/#primaryimage","url":"https:\/\/diarioellabrador.cl\/wp-content\/uploads\/2025\/05\/Luis-Bustos-destaco-el-trabajo-de-internacionalizacion-del-Caballo-Chileno-que-realiza-la-Federacion-de-Criadores.jpg","contentUrl":"https:\/\/diarioellabrador.cl\/wp-content\/uploads\/2025\/05\/Luis-Bustos-destaco-el-trabajo-de-internacionalizacion-del-Caballo-Chileno-que-realiza-la-Federacion-de-Criadores.jpg","width":750,"height":389},{"@type":"BreadcrumbList","@id":"https:\/\/diarioellabrador.cl\/index.php\/2025\/05\/10\/luis-bustos-destaco-el-trabajo-de-internacionalizacion-del-caballo-chileno-que-realiza-la-federacion-de-criadores\/#breadcrumb","itemListElement":[{"@type":"ListItem","position":1,"name":"Portada","item":"https:\/\/diarioellabrador.cl\/"},{"@type":"ListItem","position":2,"name":"Luis Bustos destac\u00f3 el trabajo de internacionalizaci\u00f3n del Caballo Chileno que realiza la Federaci\u00f3n de Criadores"}]},{"@type":"WebSite","@id":"https:\/\/diarioellabrador.cl\/#website","url":"https:\/\/diarioellabrador.cl\/","name":"Diario El Labrador","description":"Haciendo noticia desde 1921","publisher":{"@id":"https:\/\/diarioellabrador.cl\/#organization"},"potentialAction":[{"@type":"SearchAction","target":{"@type":"EntryPoint","urlTemplate":"https:\/\/diarioellabrador.cl\/?s={search_term_string}"},"query-input":{"@type":"PropertyValueSpecification","valueRequired":true,"valueName":"search_term_string"}}],"inLanguage":"es"},{"@type":"Organization","@id":"https:\/\/diarioellabrador.cl\/#organization","name":"Diario El Labrador","url":"https:\/\/diarioellabrador.cl\/","logo":{"@type":"ImageObject","inLanguage":"es","@id":"https:\/\/diarioellabrador.cl\/#\/schema\/logo\/image\/","url":"https:\/\/diarioellabrador.cl\/wp-content\/uploads\/2025\/02\/cropped-Logo-Icono.png","contentUrl":"https:\/\/diarioellabrador.cl\/wp-content\/uploads\/2025\/02\/cropped-Logo-Icono.png","width":512,"height":512,"caption":"Diario El Labrador"},"image":{"@id":"https:\/\/diarioellabrador.cl\/#\/schema\/logo\/image\/"},"sameAs":["https:\/\/web.facebook.com\/profile.php?id=61576120840621","https:\/\/x.com\/ElLabradorOf","https:\/\/www.instagram.com\/diarioellabradoroficial\/"]},{"@type":"Person","@id":"https:\/\/diarioellabrador.cl\/#\/schema\/person\/bc25ff80b4563f9c7f4bd7855df01685","name":"Editor","image":{"@type":"ImageObject","inLanguage":"es","@id":"https:\/\/secure.gravatar.com\/avatar\/109c326cf2be5c04f048c2c2a2b8b6ef44bf3d8d1d3d4c55d0ac40c4bc994684?s=96&d=mm&r=g","url":"https:\/\/secure.gravatar.com\/avatar\/109c326cf2be5c04f048c2c2a2b8b6ef44bf3d8d1d3d4c55d0ac40c4bc994684?s=96&d=mm&r=g","contentUrl":"https:\/\/secure.gravatar.com\/avatar\/109c326cf2be5c04f048c2c2a2b8b6ef44bf3d8d1d3d4c55d0ac40c4bc994684?s=96&d=mm&r=g","caption":"Editor"},"url":"https:\/\/diarioellabrador.cl\/index.php\/author\/editor\/"}]}},"_links":{"self":[{"href":"https:\/\/diarioellabrador.cl\/index.php\/wp-json\/wp\/v2\/posts\/2586","targetHints":{"allow":["GET"]}}],"collection":[{"href":"https:\/\/diarioellabrador.cl\/index.php\/wp-json\/wp\/v2\/posts"}],"about":[{"href":"https:\/\/diarioellabrador.cl\/index.php\/wp-json\/wp\/v2\/types\/post"}],"author":[{"embeddable":true,"href":"https:\/\/diarioellabrador.cl\/index.php\/wp-json\/wp\/v2\/users\/2"}],"replies":[{"embeddable":true,"href":"https:\/\/diarioellabrador.cl\/index.php\/wp-json\/wp\/v2\/comments?post=2586"}],"version-history":[{"count":1,"href":"https:\/\/diarioellabrador.cl\/index.php\/wp-json\/wp\/v2\/posts\/2586\/revisions"}],"predecessor-version":[{"id":2587,"href":"https:\/\/diarioellabrador.cl\/index.php\/wp-json\/wp\/v2\/posts\/2586\/revisions\/2587"}],"wp:featuredmedia":[{"embeddable":true,"href":"https:\/\/diarioellabrador.cl\/index.php\/wp-json\/wp\/v2\/media\/2564"}],"wp:attachment":[{"href":"https:\/\/diarioellabrador.cl\/index.php\/wp-json\/wp\/v2\/media?parent=2586"}],"wp:term":[{"taxonomy":"category","embeddable":true,"href":"https:\/\/diarioellabrador.cl\/index.php\/wp-json\/wp\/v2\/categories?post=2586"},{"taxonomy":"post_tag","embeddable":true,"href":"https:\/\/diarioellabrador.cl\/index.php\/wp-json\/wp\/v2\/tags?post=2586"}],"curies":[{"name":"wp","href":"https:\/\/api.w.org\/{rel}","templated":true}]}}