{"id":2535,"date":"2025-05-08T18:28:35","date_gmt":"2025-05-08T22:28:35","guid":{"rendered":"https:\/\/diarioellabrador.cl\/?p=2535"},"modified":"2025-05-08T18:28:35","modified_gmt":"2025-05-08T22:28:35","slug":"alcaldesa-de-melipilla-presenta-en-contraloria-general-de-la-republica-las-bases-para-nueva-licitacion-de-recoleccion-de-residuos-domiciliarios","status":"publish","type":"post","link":"https:\/\/diarioellabrador.cl\/index.php\/2025\/05\/08\/alcaldesa-de-melipilla-presenta-en-contraloria-general-de-la-republica-las-bases-para-nueva-licitacion-de-recoleccion-de-residuos-domiciliarios\/","title":{"rendered":"Alcaldesa de Melipilla presenta en Contralor\u00eda General de la Rep\u00fablica las bases para nueva licitaci\u00f3n de recolecci\u00f3n de residuos domiciliarios"},"content":{"rendered":"\n<p>Para presentar oficialmente las bases t\u00e9cnicas de la pr\u00f3xima licitaci\u00f3n del servicio de recolecci\u00f3n de residuos domiciliarios para la comuna, la alcaldesa de Melipilla, Paula G\u00e1rate, se reuni\u00f3 con la contralora general de la rep\u00fablica, Dorothy P\u00e9rez.&nbsp;<\/p>\n\n\n\n<p>Cabe mencionar que esta presentaci\u00f3n ante la Contralor\u00eda General de la Rep\u00fablica -CGR- es un paso necesario para un proceso transparente, bien regulado y sin vicios legales.<\/p>\n\n\n\n<p>\u201cAprovechamos de ingresar por mano y tambi\u00e9n en el portal de la Contralor\u00eda las bases y las especificaciones t\u00e9cnicas de lo que debiera ser nuestro nuevo contrato de recolecci\u00f3n de residuos domiciliarios. Yo, como todos saben, estoy comprometida con el tema de la limpieza, del hermoseamiento, de la recolecci\u00f3n de basura que sea lo m\u00e1s \u00f3ptima en una comuna que est\u00e1 muy colapsada con este flagelo, el cual tiene tambi\u00e9n aristas educativas, donde la gente tiene que tener una cultura de dejar sus residuos en el lugar que corresponde, para que no se esparzan y no tengamos este colapso de basura que hemos tenido \u00faltimamente, por lo -dentro de ese marco- la Contralor\u00eda toma de raz\u00f3n de nuestras bases, para que hagan un control de legalidad previo, nos den observaciones, nos digan en qu\u00e9 nos podr\u00edamos haber equivocado y que no\u201d.<\/p>\n\n\n\n<p>Agreg\u00f3 que se vino conforme de reunirse con la contralora, porque -junto a su equipo experto-&nbsp; revisaran estas bases para que \u201cde aqu\u00ed a fin de a\u00f1o tengamos una empresa, &nbsp;adjudicaci\u00f3n o licitaci\u00f3n que sea la m\u00e1s \u00f3ptima para nuestra comuna en relaci\u00f3n a c\u00f3mo hemos crecido, d\u00f3nde hemos crecido y qu\u00e9 es lo que necesitamos para que la recolecci\u00f3n sea hecha de manera eficiente, efectiva y dedicada\u201d.<\/p>\n","protected":false},"excerpt":{"rendered":"<p>Para presentar oficialmente las bases t\u00e9cnicas de la pr\u00f3xima licitaci\u00f3n del servicio de recolecci\u00f3n de residuos domiciliarios para la comuna, la alcaldesa de Melipilla, Paula G\u00e1rate, se reuni\u00f3 con la contralora general de la rep\u00fablica, Dorothy P\u00e9rez.&nbsp; Cabe mencionar que esta presentaci\u00f3n ante la Contralor\u00eda General de la Rep\u00fablica -CGR- es un paso necesario para<\/p>\n<div class=\"read-more-wrapper\"><a class=\"read-more\" href=\"https:\/\/diarioellabrador.cl\/index.php\/2025\/05\/08\/alcaldesa-de-melipilla-presenta-en-contraloria-general-de-la-republica-las-bases-para-nueva-licitacion-de-recoleccion-de-residuos-domiciliarios\/\" title=\"Leer m\u00e1s\"> <span class=\"button \">Leer m\u00e1s<\/span><\/a><\/div>\n","protected":false},"author":2,"featured_media":2498,"comment_status":"open","ping_status":"open","sticky":false,"template":"","format":"standard","meta":{"footnotes":""},"categories":[1],"tags":[],"class_list":["post-2535","post","type-post","status-publish","format-standard","has-post-thumbnail","hentry","category-cronica"],"yoast_head":"<!-- This site is optimized with the Yoast SEO plugin v27.5 - https:\/\/yoast.com\/product\/yoast-seo-wordpress\/ -->\n<title>Alcaldesa de Melipilla presenta en Contralor\u00eda General de la Rep\u00fablica las bases para nueva licitaci\u00f3n de recolecci\u00f3n de residuos domiciliarios - Diario El Labrador<\/title>\n<meta name=\"robots\" content=\"index, follow, max-snippet:-1, max-image-preview:large, max-video-preview:-1\" \/>\n<link rel=\"canonical\" href=\"https:\/\/diarioellabrador.cl\/index.php\/2025\/05\/08\/alcaldesa-de-melipilla-presenta-en-contraloria-general-de-la-republica-las-bases-para-nueva-licitacion-de-recoleccion-de-residuos-domiciliarios\/\" \/>\n<meta property=\"og:locale\" content=\"es_ES\" \/>\n<meta property=\"og:type\" content=\"article\" \/>\n<meta property=\"og:title\" content=\"Alcaldesa de Melipilla presenta en Contralor\u00eda General de la Rep\u00fablica las bases para nueva licitaci\u00f3n de recolecci\u00f3n de residuos domiciliarios - Diario El Labrador\" \/>\n<meta property=\"og:description\" content=\"Para presentar oficialmente las bases t\u00e9cnicas de la pr\u00f3xima licitaci\u00f3n del servicio de recolecci\u00f3n de residuos domiciliarios para la comuna, la alcaldesa de Melipilla, Paula G\u00e1rate, se reuni\u00f3 con la contralora general de la rep\u00fablica, Dorothy P\u00e9rez.&nbsp; Cabe mencionar que esta presentaci\u00f3n ante la Contralor\u00eda General de la Rep\u00fablica -CGR- es un paso necesario para Leer m\u00e1s\" \/>\n<meta property=\"og:url\" content=\"https:\/\/diarioellabrador.cl\/index.php\/2025\/05\/08\/alcaldesa-de-melipilla-presenta-en-contraloria-general-de-la-republica-las-bases-para-nueva-licitacion-de-recoleccion-de-residuos-domiciliarios\/\" \/>\n<meta property=\"og:site_name\" content=\"Diario El Labrador\" \/>\n<meta property=\"article:publisher\" content=\"https:\/\/web.facebook.com\/profile.php?id=61576120840621\" \/>\n<meta property=\"article:published_time\" content=\"2025-05-08T22:28:35+00:00\" \/>\n<meta property=\"og:image\" content=\"https:\/\/diarioellabrador.cl\/wp-content\/uploads\/2025\/05\/baseslimpieza_1.jpeg\" \/>\n\t<meta property=\"og:image:width\" content=\"1600\" \/>\n\t<meta property=\"og:image:height\" content=\"1388\" \/>\n\t<meta property=\"og:image:type\" content=\"image\/jpeg\" \/>\n<meta name=\"author\" content=\"Editor\" \/>\n<meta name=\"twitter:card\" content=\"summary_large_image\" \/>\n<meta name=\"twitter:creator\" content=\"@ElLabradorOf\" \/>\n<meta name=\"twitter:site\" content=\"@ElLabradorOf\" \/>\n<meta name=\"twitter:label1\" content=\"Escrito por\" \/>\n\t<meta name=\"twitter:data1\" content=\"Editor\" \/>\n\t<meta name=\"twitter:label2\" content=\"Tiempo de lectura\" \/>\n\t<meta name=\"twitter:data2\" content=\"2 minutos\" \/>\n<script type=\"application\/ld+json\" class=\"yoast-schema-graph\">{\"@context\":\"https:\\\/\\\/schema.org\",\"@graph\":[{\"@type\":\"Article\",\"@id\":\"https:\\\/\\\/diarioellabrador.cl\\\/index.php\\\/2025\\\/05\\\/08\\\/alcaldesa-de-melipilla-presenta-en-contraloria-general-de-la-republica-las-bases-para-nueva-licitacion-de-recoleccion-de-residuos-domiciliarios\\\/#article\",\"isPartOf\":{\"@id\":\"https:\\\/\\\/diarioellabrador.cl\\\/index.php\\\/2025\\\/05\\\/08\\\/alcaldesa-de-melipilla-presenta-en-contraloria-general-de-la-republica-las-bases-para-nueva-licitacion-de-recoleccion-de-residuos-domiciliarios\\\/\"},\"author\":{\"name\":\"Editor\",\"@id\":\"https:\\\/\\\/diarioellabrador.cl\\\/#\\\/schema\\\/person\\\/bc25ff80b4563f9c7f4bd7855df01685\"},\"headline\":\"Alcaldesa de Melipilla presenta en Contralor\u00eda General de la Rep\u00fablica las bases para nueva licitaci\u00f3n de recolecci\u00f3n de residuos domiciliarios\",\"datePublished\":\"2025-05-08T22:28:35+00:00\",\"mainEntityOfPage\":{\"@id\":\"https:\\\/\\\/diarioellabrador.cl\\\/index.php\\\/2025\\\/05\\\/08\\\/alcaldesa-de-melipilla-presenta-en-contraloria-general-de-la-republica-las-bases-para-nueva-licitacion-de-recoleccion-de-residuos-domiciliarios\\\/\"},\"wordCount\":328,\"commentCount\":0,\"publisher\":{\"@id\":\"https:\\\/\\\/diarioellabrador.cl\\\/#organization\"},\"image\":{\"@id\":\"https:\\\/\\\/diarioellabrador.cl\\\/index.php\\\/2025\\\/05\\\/08\\\/alcaldesa-de-melipilla-presenta-en-contraloria-general-de-la-republica-las-bases-para-nueva-licitacion-de-recoleccion-de-residuos-domiciliarios\\\/#primaryimage\"},\"thumbnailUrl\":\"https:\\\/\\\/diarioellabrador.cl\\\/wp-content\\\/uploads\\\/2025\\\/05\\\/baseslimpieza_1.jpeg\",\"articleSection\":[\"Cr\u00f3nica\"],\"inLanguage\":\"es\",\"potentialAction\":[{\"@type\":\"CommentAction\",\"name\":\"Comment\",\"target\":[\"https:\\\/\\\/diarioellabrador.cl\\\/index.php\\\/2025\\\/05\\\/08\\\/alcaldesa-de-melipilla-presenta-en-contraloria-general-de-la-republica-las-bases-para-nueva-licitacion-de-recoleccion-de-residuos-domiciliarios\\\/#respond\"]}]},{\"@type\":\"WebPage\",\"@id\":\"https:\\\/\\\/diarioellabrador.cl\\\/index.php\\\/2025\\\/05\\\/08\\\/alcaldesa-de-melipilla-presenta-en-contraloria-general-de-la-republica-las-bases-para-nueva-licitacion-de-recoleccion-de-residuos-domiciliarios\\\/\",\"url\":\"https:\\\/\\\/diarioellabrador.cl\\\/index.php\\\/2025\\\/05\\\/08\\\/alcaldesa-de-melipilla-presenta-en-contraloria-general-de-la-republica-las-bases-para-nueva-licitacion-de-recoleccion-de-residuos-domiciliarios\\\/\",\"name\":\"Alcaldesa de Melipilla presenta en Contralor\u00eda General de la Rep\u00fablica las bases para nueva licitaci\u00f3n de recolecci\u00f3n de residuos domiciliarios - Diario El Labrador\",\"isPartOf\":{\"@id\":\"https:\\\/\\\/diarioellabrador.cl\\\/#website\"},\"primaryImageOfPage\":{\"@id\":\"https:\\\/\\\/diarioellabrador.cl\\\/index.php\\\/2025\\\/05\\\/08\\\/alcaldesa-de-melipilla-presenta-en-contraloria-general-de-la-republica-las-bases-para-nueva-licitacion-de-recoleccion-de-residuos-domiciliarios\\\/#primaryimage\"},\"image\":{\"@id\":\"https:\\\/\\\/diarioellabrador.cl\\\/index.php\\\/2025\\\/05\\\/08\\\/alcaldesa-de-melipilla-presenta-en-contraloria-general-de-la-republica-las-bases-para-nueva-licitacion-de-recoleccion-de-residuos-domiciliarios\\\/#primaryimage\"},\"thumbnailUrl\":\"https:\\\/\\\/diarioellabrador.cl\\\/wp-content\\\/uploads\\\/2025\\\/05\\\/baseslimpieza_1.jpeg\",\"datePublished\":\"2025-05-08T22:28:35+00:00\",\"breadcrumb\":{\"@id\":\"https:\\\/\\\/diarioellabrador.cl\\\/index.php\\\/2025\\\/05\\\/08\\\/alcaldesa-de-melipilla-presenta-en-contraloria-general-de-la-republica-las-bases-para-nueva-licitacion-de-recoleccion-de-residuos-domiciliarios\\\/#breadcrumb\"},\"inLanguage\":\"es\",\"potentialAction\":[{\"@type\":\"ReadAction\",\"target\":[\"https:\\\/\\\/diarioellabrador.cl\\\/index.php\\\/2025\\\/05\\\/08\\\/alcaldesa-de-melipilla-presenta-en-contraloria-general-de-la-republica-las-bases-para-nueva-licitacion-de-recoleccion-de-residuos-domiciliarios\\\/\"]}]},{\"@type\":\"ImageObject\",\"inLanguage\":\"es\",\"@id\":\"https:\\\/\\\/diarioellabrador.cl\\\/index.php\\\/2025\\\/05\\\/08\\\/alcaldesa-de-melipilla-presenta-en-contraloria-general-de-la-republica-las-bases-para-nueva-licitacion-de-recoleccion-de-residuos-domiciliarios\\\/#primaryimage\",\"url\":\"https:\\\/\\\/diarioellabrador.cl\\\/wp-content\\\/uploads\\\/2025\\\/05\\\/baseslimpieza_1.jpeg\",\"contentUrl\":\"https:\\\/\\\/diarioellabrador.cl\\\/wp-content\\\/uploads\\\/2025\\\/05\\\/baseslimpieza_1.jpeg\",\"width\":1600,\"height\":1388},{\"@type\":\"BreadcrumbList\",\"@id\":\"https:\\\/\\\/diarioellabrador.cl\\\/index.php\\\/2025\\\/05\\\/08\\\/alcaldesa-de-melipilla-presenta-en-contraloria-general-de-la-republica-las-bases-para-nueva-licitacion-de-recoleccion-de-residuos-domiciliarios\\\/#breadcrumb\",\"itemListElement\":[{\"@type\":\"ListItem\",\"position\":1,\"name\":\"Portada\",\"item\":\"https:\\\/\\\/diarioellabrador.cl\\\/\"},{\"@type\":\"ListItem\",\"position\":2,\"name\":\"Alcaldesa de Melipilla presenta en Contralor\u00eda General de la Rep\u00fablica las bases para nueva licitaci\u00f3n de recolecci\u00f3n de residuos domiciliarios\"}]},{\"@type\":\"WebSite\",\"@id\":\"https:\\\/\\\/diarioellabrador.cl\\\/#website\",\"url\":\"https:\\\/\\\/diarioellabrador.cl\\\/\",\"name\":\"Diario El Labrador\",\"description\":\"Haciendo noticia desde 1921\",\"publisher\":{\"@id\":\"https:\\\/\\\/diarioellabrador.cl\\\/#organization\"},\"potentialAction\":[{\"@type\":\"SearchAction\",\"target\":{\"@type\":\"EntryPoint\",\"urlTemplate\":\"https:\\\/\\\/diarioellabrador.cl\\\/?s={search_term_string}\"},\"query-input\":{\"@type\":\"PropertyValueSpecification\",\"valueRequired\":true,\"valueName\":\"search_term_string\"}}],\"inLanguage\":\"es\"},{\"@type\":\"Organization\",\"@id\":\"https:\\\/\\\/diarioellabrador.cl\\\/#organization\",\"name\":\"Diario El Labrador\",\"url\":\"https:\\\/\\\/diarioellabrador.cl\\\/\",\"logo\":{\"@type\":\"ImageObject\",\"inLanguage\":\"es\",\"@id\":\"https:\\\/\\\/diarioellabrador.cl\\\/#\\\/schema\\\/logo\\\/image\\\/\",\"url\":\"https:\\\/\\\/diarioellabrador.cl\\\/wp-content\\\/uploads\\\/2025\\\/02\\\/cropped-Logo-Icono.png\",\"contentUrl\":\"https:\\\/\\\/diarioellabrador.cl\\\/wp-content\\\/uploads\\\/2025\\\/02\\\/cropped-Logo-Icono.png\",\"width\":512,\"height\":512,\"caption\":\"Diario El Labrador\"},\"image\":{\"@id\":\"https:\\\/\\\/diarioellabrador.cl\\\/#\\\/schema\\\/logo\\\/image\\\/\"},\"sameAs\":[\"https:\\\/\\\/web.facebook.com\\\/profile.php?id=61576120840621\",\"https:\\\/\\\/x.com\\\/ElLabradorOf\",\"https:\\\/\\\/www.instagram.com\\\/diarioellabradoroficial\\\/\"]},{\"@type\":\"Person\",\"@id\":\"https:\\\/\\\/diarioellabrador.cl\\\/#\\\/schema\\\/person\\\/bc25ff80b4563f9c7f4bd7855df01685\",\"name\":\"Editor\",\"image\":{\"@type\":\"ImageObject\",\"inLanguage\":\"es\",\"@id\":\"https:\\\/\\\/secure.gravatar.com\\\/avatar\\\/109c326cf2be5c04f048c2c2a2b8b6ef44bf3d8d1d3d4c55d0ac40c4bc994684?s=96&d=mm&r=g\",\"url\":\"https:\\\/\\\/secure.gravatar.com\\\/avatar\\\/109c326cf2be5c04f048c2c2a2b8b6ef44bf3d8d1d3d4c55d0ac40c4bc994684?s=96&d=mm&r=g\",\"contentUrl\":\"https:\\\/\\\/secure.gravatar.com\\\/avatar\\\/109c326cf2be5c04f048c2c2a2b8b6ef44bf3d8d1d3d4c55d0ac40c4bc994684?s=96&d=mm&r=g\",\"caption\":\"Editor\"},\"url\":\"https:\\\/\\\/diarioellabrador.cl\\\/index.php\\\/author\\\/editor\\\/\"}]}<\/script>\n<!-- \/ Yoast SEO plugin. -->","yoast_head_json":{"title":"Alcaldesa de Melipilla presenta en Contralor\u00eda General de la Rep\u00fablica las bases para nueva licitaci\u00f3n de recolecci\u00f3n de residuos domiciliarios - Diario El Labrador","robots":{"index":"index","follow":"follow","max-snippet":"max-snippet:-1","max-image-preview":"max-image-preview:large","max-video-preview":"max-video-preview:-1"},"canonical":"https:\/\/diarioellabrador.cl\/index.php\/2025\/05\/08\/alcaldesa-de-melipilla-presenta-en-contraloria-general-de-la-republica-las-bases-para-nueva-licitacion-de-recoleccion-de-residuos-domiciliarios\/","og_locale":"es_ES","og_type":"article","og_title":"Alcaldesa de Melipilla presenta en Contralor\u00eda General de la Rep\u00fablica las bases para nueva licitaci\u00f3n de recolecci\u00f3n de residuos domiciliarios - Diario El Labrador","og_description":"Para presentar oficialmente las bases t\u00e9cnicas de la pr\u00f3xima licitaci\u00f3n del servicio de recolecci\u00f3n de residuos domiciliarios para la comuna, la alcaldesa de Melipilla, Paula G\u00e1rate, se reuni\u00f3 con la contralora general de la rep\u00fablica, Dorothy P\u00e9rez.&nbsp; Cabe mencionar que esta presentaci\u00f3n ante la Contralor\u00eda General de la Rep\u00fablica -CGR- es un paso necesario para Leer m\u00e1s","og_url":"https:\/\/diarioellabrador.cl\/index.php\/2025\/05\/08\/alcaldesa-de-melipilla-presenta-en-contraloria-general-de-la-republica-las-bases-para-nueva-licitacion-de-recoleccion-de-residuos-domiciliarios\/","og_site_name":"Diario El Labrador","article_publisher":"https:\/\/web.facebook.com\/profile.php?id=61576120840621","article_published_time":"2025-05-08T22:28:35+00:00","og_image":[{"width":1600,"height":1388,"url":"https:\/\/diarioellabrador.cl\/wp-content\/uploads\/2025\/05\/baseslimpieza_1.jpeg","type":"image\/jpeg"}],"author":"Editor","twitter_card":"summary_large_image","twitter_creator":"@ElLabradorOf","twitter_site":"@ElLabradorOf","twitter_misc":{"Escrito por":"Editor","Tiempo de lectura":"2 minutos"},"schema":{"@context":"https:\/\/schema.org","@graph":[{"@type":"Article","@id":"https:\/\/diarioellabrador.cl\/index.php\/2025\/05\/08\/alcaldesa-de-melipilla-presenta-en-contraloria-general-de-la-republica-las-bases-para-nueva-licitacion-de-recoleccion-de-residuos-domiciliarios\/#article","isPartOf":{"@id":"https:\/\/diarioellabrador.cl\/index.php\/2025\/05\/08\/alcaldesa-de-melipilla-presenta-en-contraloria-general-de-la-republica-las-bases-para-nueva-licitacion-de-recoleccion-de-residuos-domiciliarios\/"},"author":{"name":"Editor","@id":"https:\/\/diarioellabrador.cl\/#\/schema\/person\/bc25ff80b4563f9c7f4bd7855df01685"},"headline":"Alcaldesa de Melipilla presenta en Contralor\u00eda General de la Rep\u00fablica las bases para nueva licitaci\u00f3n de recolecci\u00f3n de residuos domiciliarios","datePublished":"2025-05-08T22:28:35+00:00","mainEntityOfPage":{"@id":"https:\/\/diarioellabrador.cl\/index.php\/2025\/05\/08\/alcaldesa-de-melipilla-presenta-en-contraloria-general-de-la-republica-las-bases-para-nueva-licitacion-de-recoleccion-de-residuos-domiciliarios\/"},"wordCount":328,"commentCount":0,"publisher":{"@id":"https:\/\/diarioellabrador.cl\/#organization"},"image":{"@id":"https:\/\/diarioellabrador.cl\/index.php\/2025\/05\/08\/alcaldesa-de-melipilla-presenta-en-contraloria-general-de-la-republica-las-bases-para-nueva-licitacion-de-recoleccion-de-residuos-domiciliarios\/#primaryimage"},"thumbnailUrl":"https:\/\/diarioellabrador.cl\/wp-content\/uploads\/2025\/05\/baseslimpieza_1.jpeg","articleSection":["Cr\u00f3nica"],"inLanguage":"es","potentialAction":[{"@type":"CommentAction","name":"Comment","target":["https:\/\/diarioellabrador.cl\/index.php\/2025\/05\/08\/alcaldesa-de-melipilla-presenta-en-contraloria-general-de-la-republica-las-bases-para-nueva-licitacion-de-recoleccion-de-residuos-domiciliarios\/#respond"]}]},{"@type":"WebPage","@id":"https:\/\/diarioellabrador.cl\/index.php\/2025\/05\/08\/alcaldesa-de-melipilla-presenta-en-contraloria-general-de-la-republica-las-bases-para-nueva-licitacion-de-recoleccion-de-residuos-domiciliarios\/","url":"https:\/\/diarioellabrador.cl\/index.php\/2025\/05\/08\/alcaldesa-de-melipilla-presenta-en-contraloria-general-de-la-republica-las-bases-para-nueva-licitacion-de-recoleccion-de-residuos-domiciliarios\/","name":"Alcaldesa de Melipilla presenta en Contralor\u00eda General de la Rep\u00fablica las bases para nueva licitaci\u00f3n de recolecci\u00f3n de residuos domiciliarios - Diario El Labrador","isPartOf":{"@id":"https:\/\/diarioellabrador.cl\/#website"},"primaryImageOfPage":{"@id":"https:\/\/diarioellabrador.cl\/index.php\/2025\/05\/08\/alcaldesa-de-melipilla-presenta-en-contraloria-general-de-la-republica-las-bases-para-nueva-licitacion-de-recoleccion-de-residuos-domiciliarios\/#primaryimage"},"image":{"@id":"https:\/\/diarioellabrador.cl\/index.php\/2025\/05\/08\/alcaldesa-de-melipilla-presenta-en-contraloria-general-de-la-republica-las-bases-para-nueva-licitacion-de-recoleccion-de-residuos-domiciliarios\/#primaryimage"},"thumbnailUrl":"https:\/\/diarioellabrador.cl\/wp-content\/uploads\/2025\/05\/baseslimpieza_1.jpeg","datePublished":"2025-05-08T22:28:35+00:00","breadcrumb":{"@id":"https:\/\/diarioellabrador.cl\/index.php\/2025\/05\/08\/alcaldesa-de-melipilla-presenta-en-contraloria-general-de-la-republica-las-bases-para-nueva-licitacion-de-recoleccion-de-residuos-domiciliarios\/#breadcrumb"},"inLanguage":"es","potentialAction":[{"@type":"ReadAction","target":["https:\/\/diarioellabrador.cl\/index.php\/2025\/05\/08\/alcaldesa-de-melipilla-presenta-en-contraloria-general-de-la-republica-las-bases-para-nueva-licitacion-de-recoleccion-de-residuos-domiciliarios\/"]}]},{"@type":"ImageObject","inLanguage":"es","@id":"https:\/\/diarioellabrador.cl\/index.php\/2025\/05\/08\/alcaldesa-de-melipilla-presenta-en-contraloria-general-de-la-republica-las-bases-para-nueva-licitacion-de-recoleccion-de-residuos-domiciliarios\/#primaryimage","url":"https:\/\/diarioellabrador.cl\/wp-content\/uploads\/2025\/05\/baseslimpieza_1.jpeg","contentUrl":"https:\/\/diarioellabrador.cl\/wp-content\/uploads\/2025\/05\/baseslimpieza_1.jpeg","width":1600,"height":1388},{"@type":"BreadcrumbList","@id":"https:\/\/diarioellabrador.cl\/index.php\/2025\/05\/08\/alcaldesa-de-melipilla-presenta-en-contraloria-general-de-la-republica-las-bases-para-nueva-licitacion-de-recoleccion-de-residuos-domiciliarios\/#breadcrumb","itemListElement":[{"@type":"ListItem","position":1,"name":"Portada","item":"https:\/\/diarioellabrador.cl\/"},{"@type":"ListItem","position":2,"name":"Alcaldesa de Melipilla presenta en Contralor\u00eda General de la Rep\u00fablica las bases para nueva licitaci\u00f3n de recolecci\u00f3n de residuos domiciliarios"}]},{"@type":"WebSite","@id":"https:\/\/diarioellabrador.cl\/#website","url":"https:\/\/diarioellabrador.cl\/","name":"Diario El Labrador","description":"Haciendo noticia desde 1921","publisher":{"@id":"https:\/\/diarioellabrador.cl\/#organization"},"potentialAction":[{"@type":"SearchAction","target":{"@type":"EntryPoint","urlTemplate":"https:\/\/diarioellabrador.cl\/?s={search_term_string}"},"query-input":{"@type":"PropertyValueSpecification","valueRequired":true,"valueName":"search_term_string"}}],"inLanguage":"es"},{"@type":"Organization","@id":"https:\/\/diarioellabrador.cl\/#organization","name":"Diario El Labrador","url":"https:\/\/diarioellabrador.cl\/","logo":{"@type":"ImageObject","inLanguage":"es","@id":"https:\/\/diarioellabrador.cl\/#\/schema\/logo\/image\/","url":"https:\/\/diarioellabrador.cl\/wp-content\/uploads\/2025\/02\/cropped-Logo-Icono.png","contentUrl":"https:\/\/diarioellabrador.cl\/wp-content\/uploads\/2025\/02\/cropped-Logo-Icono.png","width":512,"height":512,"caption":"Diario El Labrador"},"image":{"@id":"https:\/\/diarioellabrador.cl\/#\/schema\/logo\/image\/"},"sameAs":["https:\/\/web.facebook.com\/profile.php?id=61576120840621","https:\/\/x.com\/ElLabradorOf","https:\/\/www.instagram.com\/diarioellabradoroficial\/"]},{"@type":"Person","@id":"https:\/\/diarioellabrador.cl\/#\/schema\/person\/bc25ff80b4563f9c7f4bd7855df01685","name":"Editor","image":{"@type":"ImageObject","inLanguage":"es","@id":"https:\/\/secure.gravatar.com\/avatar\/109c326cf2be5c04f048c2c2a2b8b6ef44bf3d8d1d3d4c55d0ac40c4bc994684?s=96&d=mm&r=g","url":"https:\/\/secure.gravatar.com\/avatar\/109c326cf2be5c04f048c2c2a2b8b6ef44bf3d8d1d3d4c55d0ac40c4bc994684?s=96&d=mm&r=g","contentUrl":"https:\/\/secure.gravatar.com\/avatar\/109c326cf2be5c04f048c2c2a2b8b6ef44bf3d8d1d3d4c55d0ac40c4bc994684?s=96&d=mm&r=g","caption":"Editor"},"url":"https:\/\/diarioellabrador.cl\/index.php\/author\/editor\/"}]}},"_links":{"self":[{"href":"https:\/\/diarioellabrador.cl\/index.php\/wp-json\/wp\/v2\/posts\/2535","targetHints":{"allow":["GET"]}}],"collection":[{"href":"https:\/\/diarioellabrador.cl\/index.php\/wp-json\/wp\/v2\/posts"}],"about":[{"href":"https:\/\/diarioellabrador.cl\/index.php\/wp-json\/wp\/v2\/types\/post"}],"author":[{"embeddable":true,"href":"https:\/\/diarioellabrador.cl\/index.php\/wp-json\/wp\/v2\/users\/2"}],"replies":[{"embeddable":true,"href":"https:\/\/diarioellabrador.cl\/index.php\/wp-json\/wp\/v2\/comments?post=2535"}],"version-history":[{"count":1,"href":"https:\/\/diarioellabrador.cl\/index.php\/wp-json\/wp\/v2\/posts\/2535\/revisions"}],"predecessor-version":[{"id":2536,"href":"https:\/\/diarioellabrador.cl\/index.php\/wp-json\/wp\/v2\/posts\/2535\/revisions\/2536"}],"wp:featuredmedia":[{"embeddable":true,"href":"https:\/\/diarioellabrador.cl\/index.php\/wp-json\/wp\/v2\/media\/2498"}],"wp:attachment":[{"href":"https:\/\/diarioellabrador.cl\/index.php\/wp-json\/wp\/v2\/media?parent=2535"}],"wp:term":[{"taxonomy":"category","embeddable":true,"href":"https:\/\/diarioellabrador.cl\/index.php\/wp-json\/wp\/v2\/categories?post=2535"},{"taxonomy":"post_tag","embeddable":true,"href":"https:\/\/diarioellabrador.cl\/index.php\/wp-json\/wp\/v2\/tags?post=2535"}],"curies":[{"name":"wp","href":"https:\/\/api.w.org\/{rel}","templated":true}]}}