{"id":24601,"date":"2026-09-05T18:14:00","date_gmt":"2026-09-05T22:14:00","guid":{"rendered":"https:\/\/diarioellabrador.cl\/?p=24601"},"modified":"2026-09-05T16:21:39","modified_gmt":"2026-09-05T20:21:39","slug":"autoridades-fiscalizan-planteles-de-cerdos-en-pallocabe-y-pabellon-ante-denuncias-de-vecinos","status":"publish","type":"post","link":"https:\/\/diarioellabrador.cl\/index.php\/2026\/09\/05\/autoridades-fiscalizan-planteles-de-cerdos-en-pallocabe-y-pabellon-ante-denuncias-de-vecinos\/","title":{"rendered":"Autoridades fiscalizan planteles de cerdos en Pallocabe y Pabell\u00f3n ante denuncias de vecinos"},"content":{"rendered":"\n<p class=\"wp-block-paragraph\"><strong>\u2022&nbsp;&nbsp;&nbsp;&nbsp;&nbsp;&nbsp;&nbsp;&nbsp;&nbsp; El despliegue interinstitucional, encabezado por el delegado presidencial provincial de Melipilla, Gast\u00f3n Libuy, permiti\u00f3 verificar que en Pallocabe no existe actualmente producci\u00f3n ni internaci\u00f3n de animales, mientras que en Pabell\u00f3n se detectaron irregularidades que dieron origen a observaciones y sumarios sanitarios.<\/strong><\/p>\n\n\n\n<p class=\"wp-block-paragraph\">Ante las inquietudes planteadas por vecinos respecto de la eventual instalaci\u00f3n de un plantel de cerdos en el sector de Pallocabe y el funcionamiento de otro plantel ubicado en Pabell\u00f3n, el delegado presidencial provincial de Melipilla, Gast\u00f3n Libuy, encabez\u00f3 un amplio operativo de fiscalizaci\u00f3n en ambas localidades, con la participaci\u00f3n de distintos servicios p\u00fablicos y polic\u00edas.<\/p>\n\n\n\n<p class=\"wp-block-paragraph\">El despliegue contempl\u00f3 una primera visita inspectiva en Pallocabe, donde los equipos fiscalizadores se constituyeron en el lugar para verificar en terreno la situaci\u00f3n denunciada y revisar los antecedentes correspondientes. Tras la inspecci\u00f3n, se estableci\u00f3 que, hasta el momento, no se registra producci\u00f3n ni internaci\u00f3n de especies animales en el complejo ubicado en dicho sector.<\/p>\n\n\n\n<p class=\"wp-block-paragraph\">Posteriormente, las autoridades se trasladaron hasta Pabell\u00f3n, donde se fiscaliz\u00f3 un plantel de cerdos que actualmente se encuentra en funcionamiento. En esta inspecci\u00f3n se detectaron determinadas irregularidades, ante las cuales la Direcci\u00f3n del Trabajo realiz\u00f3 las observaciones correspondientes, mientras que la Oficina Provincial de la Seremi de Salud curs\u00f3 los respectivos sumarios sanitarios.<\/p>\n\n\n\n<p class=\"wp-block-paragraph\">En ambas fiscalizaciones participaron equipos de Municipalidad de Melipilla, a trav\u00e9s de su Departamento de Seguridad; Seremi de Salud; Inspecci\u00f3n del Trabajo; Servicio Agr\u00edcola y Ganadero (SAG); Corporaci\u00f3n Nacional Forestal (CONAF); Carabineros y Polic\u00eda de Investigaciones (PDI).<\/p>\n\n\n\n<p class=\"wp-block-paragraph\">El delegado presidencial provincial de Melipilla, Gast\u00f3n Libuy, destac\u00f3 el despliegue coordinado de los distintos organismos y se\u00f1al\u00f3 que este tipo de acciones permiten entregar certezas a la comunidad y verificar directamente el cumplimiento de la normativa. \u201cAyer tuvimos un importante despliegue de fiscalizaci\u00f3n en las localidades de Pallocabe y Pabell\u00f3n, ante la denuncia de vecinos, de una eventual instalaci\u00f3n de un plantel de cerdos en Pallocabe\u201d.<\/p>\n\n\n\n<p class=\"wp-block-paragraph\">En esta l\u00ednea, agreg\u00f3 que \u201cnos constituimos en el lugar con distintos servicios, logrando la fiscalizaci\u00f3n del lugar y establecer que hasta el momento en Pallocabe, no se registra la producci\u00f3n ni internaci\u00f3n de especies ni animales. En el complejo de Pabellon, logramos tambi\u00e9n realizar una fiscalizaci\u00f3n a una empresa que s\u00ed est\u00e1 en producci\u00f3n en ese plantel y se detectaron ciertas irregularidades, por lo cual la Inspecci\u00f3n del Trabajo hizo las observaciones correspondientes y la oficina provincial de la Seremi de Salud curs\u00f3 los sumarios sanitarios correspondientes a ese plantel\u201d.<\/p>\n\n\n\n<p class=\"wp-block-paragraph\">Finalmente, la autoridad provincial a\u00f1adi\u00f3 que en el caso de Pallocabe, \u201cen definitiva, fue una muy buena fiscalizaci\u00f3n y nos quedamos con la tranquilidad que hasta el momento no se est\u00e1n vulnerando ninguna norma ambiental, se est\u00e1 cumpliendo con la institucionalidad en cuanto a no internar especies animales si no se cuenta con los permisos. Para concluir, quiero felicitar a los servicios p\u00fablicos que nos acompa\u00f1aron en esta fiscalizaci\u00f3n y decir a los vecinos de la Provincia de Melipilla, que como Delegaci\u00f3n Presidencial Provincial continuaremos con las fiscalizaciones a las distintas faenas de la provincia, exigiendo cumplimiento \u00edntegro a la normativa ambiental\u201d, concluy\u00f3.<\/p>\n\n\n\n<p class=\"wp-block-paragraph\"><\/p>\n","protected":false},"excerpt":{"rendered":"<p>\u2022&nbsp;&nbsp;&nbsp;&nbsp;&nbsp;&nbsp;&nbsp;&nbsp;&nbsp; El despliegue interinstitucional, encabezado por el delegado presidencial provincial de Melipilla, Gast\u00f3n Libuy, permiti\u00f3 verificar que en Pallocabe no existe actualmente producci\u00f3n ni internaci\u00f3n de animales, mientras que en Pabell\u00f3n se detectaron irregularidades que dieron origen a observaciones y sumarios sanitarios. Ante las inquietudes planteadas por vecinos respecto de la eventual instalaci\u00f3n de un<\/p>\n<div class=\"read-more-wrapper\"><a class=\"read-more\" href=\"https:\/\/diarioellabrador.cl\/index.php\/2026\/09\/05\/autoridades-fiscalizan-planteles-de-cerdos-en-pallocabe-y-pabellon-ante-denuncias-de-vecinos\/\" title=\"Leer m\u00e1s\"> <span class=\"button \">Leer m\u00e1s<\/span><\/a><\/div>\n","protected":false},"author":2,"featured_media":24546,"comment_status":"open","ping_status":"open","sticky":false,"template":"","format":"standard","meta":{"footnotes":"","_members_access_role":[],"_members_access_error":""},"categories":[1],"tags":[],"class_list":["post-24601","post","type-post","status-publish","format-standard","has-post-thumbnail","hentry","category-cronica"],"yoast_head":"<!-- This site is optimized with the Yoast SEO plugin v28.4 - https:\/\/yoast.com\/product\/yoast-seo-wordpress\/ -->\n<title>Autoridades fiscalizan planteles de cerdos en Pallocabe y Pabell\u00f3n ante denuncias de vecinos - Diario El Labrador<\/title>\n<meta name=\"robots\" content=\"index, follow, max-snippet:-1, max-image-preview:large, max-video-preview:-1\" \/>\n<link rel=\"canonical\" href=\"https:\/\/diarioellabrador.cl\/index.php\/2026\/09\/05\/autoridades-fiscalizan-planteles-de-cerdos-en-pallocabe-y-pabellon-ante-denuncias-de-vecinos\/\" \/>\n<meta property=\"og:locale\" content=\"es_ES\" \/>\n<meta property=\"og:type\" content=\"article\" \/>\n<meta property=\"og:title\" content=\"Autoridades fiscalizan planteles de cerdos en Pallocabe y Pabell\u00f3n ante denuncias de vecinos - Diario El Labrador\" \/>\n<meta property=\"og:description\" content=\"\u2022&nbsp;&nbsp;&nbsp;&nbsp;&nbsp;&nbsp;&nbsp;&nbsp;&nbsp; El despliegue interinstitucional, encabezado por el delegado presidencial provincial de Melipilla, Gast\u00f3n Libuy, permiti\u00f3 verificar que en Pallocabe no existe actualmente producci\u00f3n ni internaci\u00f3n de animales, mientras que en Pabell\u00f3n se detectaron irregularidades que dieron origen a observaciones y sumarios sanitarios. Ante las inquietudes planteadas por vecinos respecto de la eventual instalaci\u00f3n de un Leer m\u00e1s\" \/>\n<meta property=\"og:url\" content=\"https:\/\/diarioellabrador.cl\/index.php\/2026\/09\/05\/autoridades-fiscalizan-planteles-de-cerdos-en-pallocabe-y-pabellon-ante-denuncias-de-vecinos\/\" \/>\n<meta property=\"og:site_name\" content=\"Diario El Labrador\" \/>\n<meta property=\"article:publisher\" content=\"https:\/\/web.facebook.com\/profile.php?id=61576120840621\" \/>\n<meta property=\"article:published_time\" content=\"2026-09-05T22:14:00+00:00\" \/>\n<meta property=\"og:image\" content=\"https:\/\/diarioellabrador.cl\/wp-content\/uploads\/2026\/09\/Autoridades-fiscalizan-planteles-de-cerdos-en-Pallocabe-y-Pabellon-ante-denuncias-de-vecinos-4-scaled.jpg\" \/>\n\t<meta property=\"og:image:width\" content=\"2560\" \/>\n\t<meta property=\"og:image:height\" content=\"1920\" \/>\n\t<meta property=\"og:image:type\" content=\"image\/jpeg\" \/>\n<meta name=\"author\" content=\"Editor\" \/>\n<meta name=\"twitter:card\" content=\"summary_large_image\" \/>\n<meta name=\"twitter:creator\" content=\"@ElLabradorOf\" \/>\n<meta name=\"twitter:site\" content=\"@ElLabradorOf\" \/>\n<meta name=\"twitter:label1\" content=\"Escrito por\" \/>\n\t<meta name=\"twitter:data1\" content=\"Editor\" \/>\n\t<meta name=\"twitter:label2\" content=\"Tiempo de lectura\" \/>\n\t<meta name=\"twitter:data2\" content=\"3 minutos\" \/>\n<script type=\"application\/ld+json\" class=\"yoast-schema-graph\">{\"@context\":\"https:\\\/\\\/schema.org\",\"@graph\":[{\"@type\":\"Article\",\"@id\":\"https:\\\/\\\/diarioellabrador.cl\\\/index.php\\\/2026\\\/09\\\/05\\\/autoridades-fiscalizan-planteles-de-cerdos-en-pallocabe-y-pabellon-ante-denuncias-de-vecinos\\\/#article\",\"isPartOf\":{\"@id\":\"https:\\\/\\\/diarioellabrador.cl\\\/index.php\\\/2026\\\/09\\\/05\\\/autoridades-fiscalizan-planteles-de-cerdos-en-pallocabe-y-pabellon-ante-denuncias-de-vecinos\\\/\"},\"author\":{\"name\":\"Editor\",\"@id\":\"https:\\\/\\\/diarioellabrador.cl\\\/#\\\/schema\\\/person\\\/bc25ff80b4563f9c7f4bd7855df01685\"},\"headline\":\"Autoridades fiscalizan planteles de cerdos en Pallocabe y Pabell\u00f3n ante denuncias de vecinos\",\"datePublished\":\"2026-09-05T22:14:00+00:00\",\"mainEntityOfPage\":{\"@id\":\"https:\\\/\\\/diarioellabrador.cl\\\/index.php\\\/2026\\\/09\\\/05\\\/autoridades-fiscalizan-planteles-de-cerdos-en-pallocabe-y-pabellon-ante-denuncias-de-vecinos\\\/\"},\"wordCount\":569,\"commentCount\":0,\"publisher\":{\"@id\":\"https:\\\/\\\/diarioellabrador.cl\\\/#organization\"},\"image\":{\"@id\":\"https:\\\/\\\/diarioellabrador.cl\\\/index.php\\\/2026\\\/09\\\/05\\\/autoridades-fiscalizan-planteles-de-cerdos-en-pallocabe-y-pabellon-ante-denuncias-de-vecinos\\\/#primaryimage\"},\"thumbnailUrl\":\"https:\\\/\\\/diarioellabrador.cl\\\/wp-content\\\/uploads\\\/2026\\\/09\\\/Autoridades-fiscalizan-planteles-de-cerdos-en-Pallocabe-y-Pabellon-ante-denuncias-de-vecinos-4-scaled.jpg\",\"articleSection\":[\"Cr\u00f3nica\"],\"inLanguage\":\"es\",\"potentialAction\":[{\"@type\":\"CommentAction\",\"name\":\"Comment\",\"target\":[\"https:\\\/\\\/diarioellabrador.cl\\\/index.php\\\/2026\\\/09\\\/05\\\/autoridades-fiscalizan-planteles-de-cerdos-en-pallocabe-y-pabellon-ante-denuncias-de-vecinos\\\/#respond\"]}]},{\"@type\":\"WebPage\",\"@id\":\"https:\\\/\\\/diarioellabrador.cl\\\/index.php\\\/2026\\\/09\\\/05\\\/autoridades-fiscalizan-planteles-de-cerdos-en-pallocabe-y-pabellon-ante-denuncias-de-vecinos\\\/\",\"url\":\"https:\\\/\\\/diarioellabrador.cl\\\/index.php\\\/2026\\\/09\\\/05\\\/autoridades-fiscalizan-planteles-de-cerdos-en-pallocabe-y-pabellon-ante-denuncias-de-vecinos\\\/\",\"name\":\"Autoridades fiscalizan planteles de cerdos en Pallocabe y Pabell\u00f3n ante denuncias de vecinos - Diario El Labrador\",\"isPartOf\":{\"@id\":\"https:\\\/\\\/diarioellabrador.cl\\\/#website\"},\"primaryImageOfPage\":{\"@id\":\"https:\\\/\\\/diarioellabrador.cl\\\/index.php\\\/2026\\\/09\\\/05\\\/autoridades-fiscalizan-planteles-de-cerdos-en-pallocabe-y-pabellon-ante-denuncias-de-vecinos\\\/#primaryimage\"},\"image\":{\"@id\":\"https:\\\/\\\/diarioellabrador.cl\\\/index.php\\\/2026\\\/09\\\/05\\\/autoridades-fiscalizan-planteles-de-cerdos-en-pallocabe-y-pabellon-ante-denuncias-de-vecinos\\\/#primaryimage\"},\"thumbnailUrl\":\"https:\\\/\\\/diarioellabrador.cl\\\/wp-content\\\/uploads\\\/2026\\\/09\\\/Autoridades-fiscalizan-planteles-de-cerdos-en-Pallocabe-y-Pabellon-ante-denuncias-de-vecinos-4-scaled.jpg\",\"datePublished\":\"2026-09-05T22:14:00+00:00\",\"breadcrumb\":{\"@id\":\"https:\\\/\\\/diarioellabrador.cl\\\/index.php\\\/2026\\\/09\\\/05\\\/autoridades-fiscalizan-planteles-de-cerdos-en-pallocabe-y-pabellon-ante-denuncias-de-vecinos\\\/#breadcrumb\"},\"inLanguage\":\"es\",\"potentialAction\":[{\"@type\":\"ReadAction\",\"target\":[\"https:\\\/\\\/diarioellabrador.cl\\\/index.php\\\/2026\\\/09\\\/05\\\/autoridades-fiscalizan-planteles-de-cerdos-en-pallocabe-y-pabellon-ante-denuncias-de-vecinos\\\/\"]}]},{\"@type\":\"ImageObject\",\"inLanguage\":\"es\",\"@id\":\"https:\\\/\\\/diarioellabrador.cl\\\/index.php\\\/2026\\\/09\\\/05\\\/autoridades-fiscalizan-planteles-de-cerdos-en-pallocabe-y-pabellon-ante-denuncias-de-vecinos\\\/#primaryimage\",\"url\":\"https:\\\/\\\/diarioellabrador.cl\\\/wp-content\\\/uploads\\\/2026\\\/09\\\/Autoridades-fiscalizan-planteles-de-cerdos-en-Pallocabe-y-Pabellon-ante-denuncias-de-vecinos-4-scaled.jpg\",\"contentUrl\":\"https:\\\/\\\/diarioellabrador.cl\\\/wp-content\\\/uploads\\\/2026\\\/09\\\/Autoridades-fiscalizan-planteles-de-cerdos-en-Pallocabe-y-Pabellon-ante-denuncias-de-vecinos-4-scaled.jpg\",\"width\":2560,\"height\":1920},{\"@type\":\"BreadcrumbList\",\"@id\":\"https:\\\/\\\/diarioellabrador.cl\\\/index.php\\\/2026\\\/09\\\/05\\\/autoridades-fiscalizan-planteles-de-cerdos-en-pallocabe-y-pabellon-ante-denuncias-de-vecinos\\\/#breadcrumb\",\"itemListElement\":[{\"@type\":\"ListItem\",\"position\":1,\"name\":\"Portada\",\"item\":\"https:\\\/\\\/diarioellabrador.cl\\\/\"},{\"@type\":\"ListItem\",\"position\":2,\"name\":\"Autoridades fiscalizan planteles de cerdos en Pallocabe y Pabell\u00f3n ante denuncias de vecinos\"}]},{\"@type\":\"WebSite\",\"@id\":\"https:\\\/\\\/diarioellabrador.cl\\\/#website\",\"url\":\"https:\\\/\\\/diarioellabrador.cl\\\/\",\"name\":\"Diario El Labrador\",\"description\":\"Haciendo noticia desde 1921\",\"publisher\":{\"@id\":\"https:\\\/\\\/diarioellabrador.cl\\\/#organization\"},\"potentialAction\":[{\"@type\":\"SearchAction\",\"target\":{\"@type\":\"EntryPoint\",\"urlTemplate\":\"https:\\\/\\\/diarioellabrador.cl\\\/?s={search_term_string}\"},\"query-input\":{\"@type\":\"PropertyValueSpecification\",\"valueRequired\":true,\"valueName\":\"search_term_string\"}}],\"inLanguage\":\"es\"},{\"@type\":\"Organization\",\"@id\":\"https:\\\/\\\/diarioellabrador.cl\\\/#organization\",\"name\":\"Diario El Labrador\",\"url\":\"https:\\\/\\\/diarioellabrador.cl\\\/\",\"logo\":{\"@type\":\"ImageObject\",\"inLanguage\":\"es\",\"@id\":\"https:\\\/\\\/diarioellabrador.cl\\\/#\\\/schema\\\/logo\\\/image\\\/\",\"url\":\"https:\\\/\\\/diarioellabrador.cl\\\/wp-content\\\/uploads\\\/2025\\\/02\\\/cropped-Logo-Icono.png\",\"contentUrl\":\"https:\\\/\\\/diarioellabrador.cl\\\/wp-content\\\/uploads\\\/2025\\\/02\\\/cropped-Logo-Icono.png\",\"width\":512,\"height\":512,\"caption\":\"Diario El Labrador\"},\"image\":{\"@id\":\"https:\\\/\\\/diarioellabrador.cl\\\/#\\\/schema\\\/logo\\\/image\\\/\"},\"sameAs\":[\"https:\\\/\\\/web.facebook.com\\\/profile.php?id=61576120840621\",\"https:\\\/\\\/x.com\\\/ElLabradorOf\",\"https:\\\/\\\/www.instagram.com\\\/diarioellabradoroficial\\\/\"]},{\"@type\":\"Person\",\"@id\":\"https:\\\/\\\/diarioellabrador.cl\\\/#\\\/schema\\\/person\\\/bc25ff80b4563f9c7f4bd7855df01685\",\"name\":\"Editor\",\"image\":{\"@type\":\"ImageObject\",\"inLanguage\":\"es\",\"@id\":\"https:\\\/\\\/secure.gravatar.com\\\/avatar\\\/109c326cf2be5c04f048c2c2a2b8b6ef44bf3d8d1d3d4c55d0ac40c4bc994684?s=96&d=initials&r=g&initials=ed\",\"url\":\"https:\\\/\\\/secure.gravatar.com\\\/avatar\\\/109c326cf2be5c04f048c2c2a2b8b6ef44bf3d8d1d3d4c55d0ac40c4bc994684?s=96&d=initials&r=g&initials=ed\",\"contentUrl\":\"https:\\\/\\\/secure.gravatar.com\\\/avatar\\\/109c326cf2be5c04f048c2c2a2b8b6ef44bf3d8d1d3d4c55d0ac40c4bc994684?s=96&d=initials&r=g&initials=ed\",\"caption\":\"Editor\"},\"url\":\"https:\\\/\\\/diarioellabrador.cl\\\/index.php\\\/author\\\/editor\\\/\"}]}<\/script>\n<!-- \/ Yoast SEO plugin. -->","yoast_head_json":{"title":"Autoridades fiscalizan planteles de cerdos en Pallocabe y Pabell\u00f3n ante denuncias de vecinos - Diario El Labrador","robots":{"index":"index","follow":"follow","max-snippet":"max-snippet:-1","max-image-preview":"max-image-preview:large","max-video-preview":"max-video-preview:-1"},"canonical":"https:\/\/diarioellabrador.cl\/index.php\/2026\/09\/05\/autoridades-fiscalizan-planteles-de-cerdos-en-pallocabe-y-pabellon-ante-denuncias-de-vecinos\/","og_locale":"es_ES","og_type":"article","og_title":"Autoridades fiscalizan planteles de cerdos en Pallocabe y Pabell\u00f3n ante denuncias de vecinos - Diario El Labrador","og_description":"\u2022&nbsp;&nbsp;&nbsp;&nbsp;&nbsp;&nbsp;&nbsp;&nbsp;&nbsp; El despliegue interinstitucional, encabezado por el delegado presidencial provincial de Melipilla, Gast\u00f3n Libuy, permiti\u00f3 verificar que en Pallocabe no existe actualmente producci\u00f3n ni internaci\u00f3n de animales, mientras que en Pabell\u00f3n se detectaron irregularidades que dieron origen a observaciones y sumarios sanitarios. Ante las inquietudes planteadas por vecinos respecto de la eventual instalaci\u00f3n de un Leer m\u00e1s","og_url":"https:\/\/diarioellabrador.cl\/index.php\/2026\/09\/05\/autoridades-fiscalizan-planteles-de-cerdos-en-pallocabe-y-pabellon-ante-denuncias-de-vecinos\/","og_site_name":"Diario El Labrador","article_publisher":"https:\/\/web.facebook.com\/profile.php?id=61576120840621","article_published_time":"2026-09-05T22:14:00+00:00","og_image":[{"width":2560,"height":1920,"url":"https:\/\/diarioellabrador.cl\/wp-content\/uploads\/2026\/09\/Autoridades-fiscalizan-planteles-de-cerdos-en-Pallocabe-y-Pabellon-ante-denuncias-de-vecinos-4-scaled.jpg","type":"image\/jpeg"}],"author":"Editor","twitter_card":"summary_large_image","twitter_creator":"@ElLabradorOf","twitter_site":"@ElLabradorOf","twitter_misc":{"Escrito por":"Editor","Tiempo de lectura":"3 minutos"},"schema":{"@context":"https:\/\/schema.org","@graph":[{"@type":"Article","@id":"https:\/\/diarioellabrador.cl\/index.php\/2026\/09\/05\/autoridades-fiscalizan-planteles-de-cerdos-en-pallocabe-y-pabellon-ante-denuncias-de-vecinos\/#article","isPartOf":{"@id":"https:\/\/diarioellabrador.cl\/index.php\/2026\/09\/05\/autoridades-fiscalizan-planteles-de-cerdos-en-pallocabe-y-pabellon-ante-denuncias-de-vecinos\/"},"author":{"name":"Editor","@id":"https:\/\/diarioellabrador.cl\/#\/schema\/person\/bc25ff80b4563f9c7f4bd7855df01685"},"headline":"Autoridades fiscalizan planteles de cerdos en Pallocabe y Pabell\u00f3n ante denuncias de vecinos","datePublished":"2026-09-05T22:14:00+00:00","mainEntityOfPage":{"@id":"https:\/\/diarioellabrador.cl\/index.php\/2026\/09\/05\/autoridades-fiscalizan-planteles-de-cerdos-en-pallocabe-y-pabellon-ante-denuncias-de-vecinos\/"},"wordCount":569,"commentCount":0,"publisher":{"@id":"https:\/\/diarioellabrador.cl\/#organization"},"image":{"@id":"https:\/\/diarioellabrador.cl\/index.php\/2026\/09\/05\/autoridades-fiscalizan-planteles-de-cerdos-en-pallocabe-y-pabellon-ante-denuncias-de-vecinos\/#primaryimage"},"thumbnailUrl":"https:\/\/diarioellabrador.cl\/wp-content\/uploads\/2026\/09\/Autoridades-fiscalizan-planteles-de-cerdos-en-Pallocabe-y-Pabellon-ante-denuncias-de-vecinos-4-scaled.jpg","articleSection":["Cr\u00f3nica"],"inLanguage":"es","potentialAction":[{"@type":"CommentAction","name":"Comment","target":["https:\/\/diarioellabrador.cl\/index.php\/2026\/09\/05\/autoridades-fiscalizan-planteles-de-cerdos-en-pallocabe-y-pabellon-ante-denuncias-de-vecinos\/#respond"]}]},{"@type":"WebPage","@id":"https:\/\/diarioellabrador.cl\/index.php\/2026\/09\/05\/autoridades-fiscalizan-planteles-de-cerdos-en-pallocabe-y-pabellon-ante-denuncias-de-vecinos\/","url":"https:\/\/diarioellabrador.cl\/index.php\/2026\/09\/05\/autoridades-fiscalizan-planteles-de-cerdos-en-pallocabe-y-pabellon-ante-denuncias-de-vecinos\/","name":"Autoridades fiscalizan planteles de cerdos en Pallocabe y Pabell\u00f3n ante denuncias de vecinos - Diario El Labrador","isPartOf":{"@id":"https:\/\/diarioellabrador.cl\/#website"},"primaryImageOfPage":{"@id":"https:\/\/diarioellabrador.cl\/index.php\/2026\/09\/05\/autoridades-fiscalizan-planteles-de-cerdos-en-pallocabe-y-pabellon-ante-denuncias-de-vecinos\/#primaryimage"},"image":{"@id":"https:\/\/diarioellabrador.cl\/index.php\/2026\/09\/05\/autoridades-fiscalizan-planteles-de-cerdos-en-pallocabe-y-pabellon-ante-denuncias-de-vecinos\/#primaryimage"},"thumbnailUrl":"https:\/\/diarioellabrador.cl\/wp-content\/uploads\/2026\/09\/Autoridades-fiscalizan-planteles-de-cerdos-en-Pallocabe-y-Pabellon-ante-denuncias-de-vecinos-4-scaled.jpg","datePublished":"2026-09-05T22:14:00+00:00","breadcrumb":{"@id":"https:\/\/diarioellabrador.cl\/index.php\/2026\/09\/05\/autoridades-fiscalizan-planteles-de-cerdos-en-pallocabe-y-pabellon-ante-denuncias-de-vecinos\/#breadcrumb"},"inLanguage":"es","potentialAction":[{"@type":"ReadAction","target":["https:\/\/diarioellabrador.cl\/index.php\/2026\/09\/05\/autoridades-fiscalizan-planteles-de-cerdos-en-pallocabe-y-pabellon-ante-denuncias-de-vecinos\/"]}]},{"@type":"ImageObject","inLanguage":"es","@id":"https:\/\/diarioellabrador.cl\/index.php\/2026\/09\/05\/autoridades-fiscalizan-planteles-de-cerdos-en-pallocabe-y-pabellon-ante-denuncias-de-vecinos\/#primaryimage","url":"https:\/\/diarioellabrador.cl\/wp-content\/uploads\/2026\/09\/Autoridades-fiscalizan-planteles-de-cerdos-en-Pallocabe-y-Pabellon-ante-denuncias-de-vecinos-4-scaled.jpg","contentUrl":"https:\/\/diarioellabrador.cl\/wp-content\/uploads\/2026\/09\/Autoridades-fiscalizan-planteles-de-cerdos-en-Pallocabe-y-Pabellon-ante-denuncias-de-vecinos-4-scaled.jpg","width":2560,"height":1920},{"@type":"BreadcrumbList","@id":"https:\/\/diarioellabrador.cl\/index.php\/2026\/09\/05\/autoridades-fiscalizan-planteles-de-cerdos-en-pallocabe-y-pabellon-ante-denuncias-de-vecinos\/#breadcrumb","itemListElement":[{"@type":"ListItem","position":1,"name":"Portada","item":"https:\/\/diarioellabrador.cl\/"},{"@type":"ListItem","position":2,"name":"Autoridades fiscalizan planteles de cerdos en Pallocabe y Pabell\u00f3n ante denuncias de vecinos"}]},{"@type":"WebSite","@id":"https:\/\/diarioellabrador.cl\/#website","url":"https:\/\/diarioellabrador.cl\/","name":"Diario El Labrador","description":"Haciendo noticia desde 1921","publisher":{"@id":"https:\/\/diarioellabrador.cl\/#organization"},"potentialAction":[{"@type":"SearchAction","target":{"@type":"EntryPoint","urlTemplate":"https:\/\/diarioellabrador.cl\/?s={search_term_string}"},"query-input":{"@type":"PropertyValueSpecification","valueRequired":true,"valueName":"search_term_string"}}],"inLanguage":"es"},{"@type":"Organization","@id":"https:\/\/diarioellabrador.cl\/#organization","name":"Diario El Labrador","url":"https:\/\/diarioellabrador.cl\/","logo":{"@type":"ImageObject","inLanguage":"es","@id":"https:\/\/diarioellabrador.cl\/#\/schema\/logo\/image\/","url":"https:\/\/diarioellabrador.cl\/wp-content\/uploads\/2025\/02\/cropped-Logo-Icono.png","contentUrl":"https:\/\/diarioellabrador.cl\/wp-content\/uploads\/2025\/02\/cropped-Logo-Icono.png","width":512,"height":512,"caption":"Diario El Labrador"},"image":{"@id":"https:\/\/diarioellabrador.cl\/#\/schema\/logo\/image\/"},"sameAs":["https:\/\/web.facebook.com\/profile.php?id=61576120840621","https:\/\/x.com\/ElLabradorOf","https:\/\/www.instagram.com\/diarioellabradoroficial\/"]},{"@type":"Person","@id":"https:\/\/diarioellabrador.cl\/#\/schema\/person\/bc25ff80b4563f9c7f4bd7855df01685","name":"Editor","image":{"@type":"ImageObject","inLanguage":"es","@id":"https:\/\/secure.gravatar.com\/avatar\/109c326cf2be5c04f048c2c2a2b8b6ef44bf3d8d1d3d4c55d0ac40c4bc994684?s=96&d=initials&r=g&initials=ed","url":"https:\/\/secure.gravatar.com\/avatar\/109c326cf2be5c04f048c2c2a2b8b6ef44bf3d8d1d3d4c55d0ac40c4bc994684?s=96&d=initials&r=g&initials=ed","contentUrl":"https:\/\/secure.gravatar.com\/avatar\/109c326cf2be5c04f048c2c2a2b8b6ef44bf3d8d1d3d4c55d0ac40c4bc994684?s=96&d=initials&r=g&initials=ed","caption":"Editor"},"url":"https:\/\/diarioellabrador.cl\/index.php\/author\/editor\/"}]}},"_links":{"self":[{"href":"https:\/\/diarioellabrador.cl\/index.php\/wp-json\/wp\/v2\/posts\/24601","targetHints":{"allow":["GET"]}}],"collection":[{"href":"https:\/\/diarioellabrador.cl\/index.php\/wp-json\/wp\/v2\/posts"}],"about":[{"href":"https:\/\/diarioellabrador.cl\/index.php\/wp-json\/wp\/v2\/types\/post"}],"author":[{"embeddable":true,"href":"https:\/\/diarioellabrador.cl\/index.php\/wp-json\/wp\/v2\/users\/2"}],"replies":[{"embeddable":true,"href":"https:\/\/diarioellabrador.cl\/index.php\/wp-json\/wp\/v2\/comments?post=24601"}],"version-history":[{"count":1,"href":"https:\/\/diarioellabrador.cl\/index.php\/wp-json\/wp\/v2\/posts\/24601\/revisions"}],"predecessor-version":[{"id":24602,"href":"https:\/\/diarioellabrador.cl\/index.php\/wp-json\/wp\/v2\/posts\/24601\/revisions\/24602"}],"wp:featuredmedia":[{"embeddable":true,"href":"https:\/\/diarioellabrador.cl\/index.php\/wp-json\/wp\/v2\/media\/24546"}],"wp:attachment":[{"href":"https:\/\/diarioellabrador.cl\/index.php\/wp-json\/wp\/v2\/media?parent=24601"}],"wp:term":[{"taxonomy":"category","embeddable":true,"href":"https:\/\/diarioellabrador.cl\/index.php\/wp-json\/wp\/v2\/categories?post=24601"},{"taxonomy":"post_tag","embeddable":true,"href":"https:\/\/diarioellabrador.cl\/index.php\/wp-json\/wp\/v2\/tags?post=24601"}],"curies":[{"name":"wp","href":"https:\/\/api.w.org\/{rel}","templated":true}]}}