{"id":24579,"date":"2026-09-05T18:06:00","date_gmt":"2026-09-05T22:06:00","guid":{"rendered":"https:\/\/diarioellabrador.cl\/?p=24579"},"modified":"2026-09-05T16:08:29","modified_gmt":"2026-09-05T20:08:29","slug":"dos-detenidos-tras-operativo-por-microtrafico-por-parte-de-carabineros","status":"publish","type":"post","link":"https:\/\/diarioellabrador.cl\/index.php\/2026\/09\/05\/dos-detenidos-tras-operativo-por-microtrafico-por-parte-de-carabineros\/","title":{"rendered":"Dos detenidos tras operativo por microtr\u00e1fico por parte de Carabineros"},"content":{"rendered":"\n<p class=\"wp-block-paragraph\">Personal policial de la 24 comisar\u00eda de Melipilla detuvo a dos personas por el delito de microtr\u00e1fico de drogas.<\/p>\n\n\n\n<p class=\"wp-block-paragraph\">Los hechos se registraron mientras los uniformados efectuaban patrullajes preventivos por calle Pardo, en el sector El Llano, donde observaron a un hombre apoyado en una vivienda.<\/p>\n\n\n\n<p class=\"wp-block-paragraph\">En ese momento, una mujer le entreg\u00f3 varios envoltorios a trav\u00e9s de la reja, recibiendo dinero a cambio, situaci\u00f3n que fue advertida como una presunta transacci\u00f3n de drogas.<\/p>\n\n\n\n<p class=\"wp-block-paragraph\">Al fiscalizar al sujeto, Carabineros encontr\u00f3 en su poder cuatro envoltorios contenedores de pasta base de coca\u00edna.<\/p>\n\n\n\n<p class=\"wp-block-paragraph\">Ante la situaci\u00f3n de flagrancia, los funcionarios ingresaron al inmueble, donde la mujer habr\u00eda lanzado un bolso por una ventana. En su interior fueron encontrados 90 envoltorios de papel contenedores de pasta base de coca\u00edna.<\/p>\n\n\n\n<p class=\"wp-block-paragraph\">Ambos involucrados fueron detenidos y quedaron a disposici\u00f3n de la justicia por infracci\u00f3n a la Ley 20.000 sobre en control de drogas y estupefacientes.<\/p>\n\n\n\n<p class=\"wp-block-paragraph\"><\/p>\n","protected":false},"excerpt":{"rendered":"<p>Personal policial de la 24 comisar\u00eda de Melipilla detuvo a dos personas por el delito de microtr\u00e1fico de drogas. Los hechos se registraron mientras los uniformados efectuaban patrullajes preventivos por calle Pardo, en el sector El Llano, donde observaron a un hombre apoyado en una vivienda. En ese momento, una mujer le entreg\u00f3 varios envoltorios<\/p>\n<div class=\"read-more-wrapper\"><a class=\"read-more\" href=\"https:\/\/diarioellabrador.cl\/index.php\/2026\/09\/05\/dos-detenidos-tras-operativo-por-microtrafico-por-parte-de-carabineros\/\" title=\"Leer m\u00e1s\"> <span class=\"button \">Leer m\u00e1s<\/span><\/a><\/div>\n","protected":false},"author":2,"featured_media":24532,"comment_status":"open","ping_status":"open","sticky":false,"template":"","format":"standard","meta":{"footnotes":"","_members_access_role":[],"_members_access_error":""},"categories":[3],"tags":[],"class_list":["post-24579","post","type-post","status-publish","format-standard","has-post-thumbnail","hentry","category-policial"],"yoast_head":"<!-- This site is optimized with the Yoast SEO plugin v28.4 - https:\/\/yoast.com\/product\/yoast-seo-wordpress\/ -->\n<title>Dos detenidos tras operativo por microtr\u00e1fico por parte de Carabineros - Diario El Labrador<\/title>\n<meta name=\"robots\" content=\"index, follow, max-snippet:-1, max-image-preview:large, max-video-preview:-1\" \/>\n<link rel=\"canonical\" href=\"https:\/\/diarioellabrador.cl\/index.php\/2026\/09\/05\/dos-detenidos-tras-operativo-por-microtrafico-por-parte-de-carabineros\/\" \/>\n<meta property=\"og:locale\" content=\"es_ES\" \/>\n<meta property=\"og:type\" content=\"article\" \/>\n<meta property=\"og:title\" content=\"Dos detenidos tras operativo por microtr\u00e1fico por parte de Carabineros - Diario El Labrador\" \/>\n<meta property=\"og:description\" content=\"Personal policial de la 24 comisar\u00eda de Melipilla detuvo a dos personas por el delito de microtr\u00e1fico de drogas. Los hechos se registraron mientras los uniformados efectuaban patrullajes preventivos por calle Pardo, en el sector El Llano, donde observaron a un hombre apoyado en una vivienda. En ese momento, una mujer le entreg\u00f3 varios envoltorios Leer m\u00e1s\" \/>\n<meta property=\"og:url\" content=\"https:\/\/diarioellabrador.cl\/index.php\/2026\/09\/05\/dos-detenidos-tras-operativo-por-microtrafico-por-parte-de-carabineros\/\" \/>\n<meta property=\"og:site_name\" content=\"Diario El Labrador\" \/>\n<meta property=\"article:publisher\" content=\"https:\/\/web.facebook.com\/profile.php?id=61576120840621\" \/>\n<meta property=\"article:published_time\" content=\"2026-09-05T22:06:00+00:00\" \/>\n<meta property=\"og:image\" content=\"https:\/\/diarioellabrador.cl\/wp-content\/uploads\/2026\/09\/Dos-detenidos-tras-operativo-por-microtrafico-por-parte-de-Carabineros.jpeg\" \/>\n\t<meta property=\"og:image:width\" content=\"1600\" \/>\n\t<meta property=\"og:image:height\" content=\"900\" \/>\n\t<meta property=\"og:image:type\" content=\"image\/jpeg\" \/>\n<meta name=\"author\" content=\"Editor\" \/>\n<meta name=\"twitter:card\" content=\"summary_large_image\" \/>\n<meta name=\"twitter:creator\" content=\"@ElLabradorOf\" \/>\n<meta name=\"twitter:site\" content=\"@ElLabradorOf\" \/>\n<meta name=\"twitter:label1\" content=\"Escrito por\" \/>\n\t<meta name=\"twitter:data1\" content=\"Editor\" \/>\n\t<meta name=\"twitter:label2\" content=\"Tiempo de lectura\" \/>\n\t<meta name=\"twitter:data2\" content=\"1 minuto\" \/>\n<script type=\"application\/ld+json\" class=\"yoast-schema-graph\">{\"@context\":\"https:\\\/\\\/schema.org\",\"@graph\":[{\"@type\":\"Article\",\"@id\":\"https:\\\/\\\/diarioellabrador.cl\\\/index.php\\\/2026\\\/09\\\/05\\\/dos-detenidos-tras-operativo-por-microtrafico-por-parte-de-carabineros\\\/#article\",\"isPartOf\":{\"@id\":\"https:\\\/\\\/diarioellabrador.cl\\\/index.php\\\/2026\\\/09\\\/05\\\/dos-detenidos-tras-operativo-por-microtrafico-por-parte-de-carabineros\\\/\"},\"author\":{\"name\":\"Editor\",\"@id\":\"https:\\\/\\\/diarioellabrador.cl\\\/#\\\/schema\\\/person\\\/bc25ff80b4563f9c7f4bd7855df01685\"},\"headline\":\"Dos detenidos tras operativo por microtr\u00e1fico por parte de Carabineros\",\"datePublished\":\"2026-09-05T22:06:00+00:00\",\"mainEntityOfPage\":{\"@id\":\"https:\\\/\\\/diarioellabrador.cl\\\/index.php\\\/2026\\\/09\\\/05\\\/dos-detenidos-tras-operativo-por-microtrafico-por-parte-de-carabineros\\\/\"},\"wordCount\":169,\"commentCount\":0,\"publisher\":{\"@id\":\"https:\\\/\\\/diarioellabrador.cl\\\/#organization\"},\"image\":{\"@id\":\"https:\\\/\\\/diarioellabrador.cl\\\/index.php\\\/2026\\\/09\\\/05\\\/dos-detenidos-tras-operativo-por-microtrafico-por-parte-de-carabineros\\\/#primaryimage\"},\"thumbnailUrl\":\"https:\\\/\\\/diarioellabrador.cl\\\/wp-content\\\/uploads\\\/2026\\\/09\\\/Dos-detenidos-tras-operativo-por-microtrafico-por-parte-de-Carabineros.jpeg\",\"articleSection\":[\"Policial\"],\"inLanguage\":\"es\",\"potentialAction\":[{\"@type\":\"CommentAction\",\"name\":\"Comment\",\"target\":[\"https:\\\/\\\/diarioellabrador.cl\\\/index.php\\\/2026\\\/09\\\/05\\\/dos-detenidos-tras-operativo-por-microtrafico-por-parte-de-carabineros\\\/#respond\"]}]},{\"@type\":\"WebPage\",\"@id\":\"https:\\\/\\\/diarioellabrador.cl\\\/index.php\\\/2026\\\/09\\\/05\\\/dos-detenidos-tras-operativo-por-microtrafico-por-parte-de-carabineros\\\/\",\"url\":\"https:\\\/\\\/diarioellabrador.cl\\\/index.php\\\/2026\\\/09\\\/05\\\/dos-detenidos-tras-operativo-por-microtrafico-por-parte-de-carabineros\\\/\",\"name\":\"Dos detenidos tras operativo por microtr\u00e1fico por parte de Carabineros - Diario El Labrador\",\"isPartOf\":{\"@id\":\"https:\\\/\\\/diarioellabrador.cl\\\/#website\"},\"primaryImageOfPage\":{\"@id\":\"https:\\\/\\\/diarioellabrador.cl\\\/index.php\\\/2026\\\/09\\\/05\\\/dos-detenidos-tras-operativo-por-microtrafico-por-parte-de-carabineros\\\/#primaryimage\"},\"image\":{\"@id\":\"https:\\\/\\\/diarioellabrador.cl\\\/index.php\\\/2026\\\/09\\\/05\\\/dos-detenidos-tras-operativo-por-microtrafico-por-parte-de-carabineros\\\/#primaryimage\"},\"thumbnailUrl\":\"https:\\\/\\\/diarioellabrador.cl\\\/wp-content\\\/uploads\\\/2026\\\/09\\\/Dos-detenidos-tras-operativo-por-microtrafico-por-parte-de-Carabineros.jpeg\",\"datePublished\":\"2026-09-05T22:06:00+00:00\",\"breadcrumb\":{\"@id\":\"https:\\\/\\\/diarioellabrador.cl\\\/index.php\\\/2026\\\/09\\\/05\\\/dos-detenidos-tras-operativo-por-microtrafico-por-parte-de-carabineros\\\/#breadcrumb\"},\"inLanguage\":\"es\",\"potentialAction\":[{\"@type\":\"ReadAction\",\"target\":[\"https:\\\/\\\/diarioellabrador.cl\\\/index.php\\\/2026\\\/09\\\/05\\\/dos-detenidos-tras-operativo-por-microtrafico-por-parte-de-carabineros\\\/\"]}]},{\"@type\":\"ImageObject\",\"inLanguage\":\"es\",\"@id\":\"https:\\\/\\\/diarioellabrador.cl\\\/index.php\\\/2026\\\/09\\\/05\\\/dos-detenidos-tras-operativo-por-microtrafico-por-parte-de-carabineros\\\/#primaryimage\",\"url\":\"https:\\\/\\\/diarioellabrador.cl\\\/wp-content\\\/uploads\\\/2026\\\/09\\\/Dos-detenidos-tras-operativo-por-microtrafico-por-parte-de-Carabineros.jpeg\",\"contentUrl\":\"https:\\\/\\\/diarioellabrador.cl\\\/wp-content\\\/uploads\\\/2026\\\/09\\\/Dos-detenidos-tras-operativo-por-microtrafico-por-parte-de-Carabineros.jpeg\",\"width\":1600,\"height\":900},{\"@type\":\"BreadcrumbList\",\"@id\":\"https:\\\/\\\/diarioellabrador.cl\\\/index.php\\\/2026\\\/09\\\/05\\\/dos-detenidos-tras-operativo-por-microtrafico-por-parte-de-carabineros\\\/#breadcrumb\",\"itemListElement\":[{\"@type\":\"ListItem\",\"position\":1,\"name\":\"Portada\",\"item\":\"https:\\\/\\\/diarioellabrador.cl\\\/\"},{\"@type\":\"ListItem\",\"position\":2,\"name\":\"Dos detenidos tras operativo por microtr\u00e1fico por parte de Carabineros\"}]},{\"@type\":\"WebSite\",\"@id\":\"https:\\\/\\\/diarioellabrador.cl\\\/#website\",\"url\":\"https:\\\/\\\/diarioellabrador.cl\\\/\",\"name\":\"Diario El Labrador\",\"description\":\"Haciendo noticia desde 1921\",\"publisher\":{\"@id\":\"https:\\\/\\\/diarioellabrador.cl\\\/#organization\"},\"potentialAction\":[{\"@type\":\"SearchAction\",\"target\":{\"@type\":\"EntryPoint\",\"urlTemplate\":\"https:\\\/\\\/diarioellabrador.cl\\\/?s={search_term_string}\"},\"query-input\":{\"@type\":\"PropertyValueSpecification\",\"valueRequired\":true,\"valueName\":\"search_term_string\"}}],\"inLanguage\":\"es\"},{\"@type\":\"Organization\",\"@id\":\"https:\\\/\\\/diarioellabrador.cl\\\/#organization\",\"name\":\"Diario El Labrador\",\"url\":\"https:\\\/\\\/diarioellabrador.cl\\\/\",\"logo\":{\"@type\":\"ImageObject\",\"inLanguage\":\"es\",\"@id\":\"https:\\\/\\\/diarioellabrador.cl\\\/#\\\/schema\\\/logo\\\/image\\\/\",\"url\":\"https:\\\/\\\/diarioellabrador.cl\\\/wp-content\\\/uploads\\\/2025\\\/02\\\/cropped-Logo-Icono.png\",\"contentUrl\":\"https:\\\/\\\/diarioellabrador.cl\\\/wp-content\\\/uploads\\\/2025\\\/02\\\/cropped-Logo-Icono.png\",\"width\":512,\"height\":512,\"caption\":\"Diario El Labrador\"},\"image\":{\"@id\":\"https:\\\/\\\/diarioellabrador.cl\\\/#\\\/schema\\\/logo\\\/image\\\/\"},\"sameAs\":[\"https:\\\/\\\/web.facebook.com\\\/profile.php?id=61576120840621\",\"https:\\\/\\\/x.com\\\/ElLabradorOf\",\"https:\\\/\\\/www.instagram.com\\\/diarioellabradoroficial\\\/\"]},{\"@type\":\"Person\",\"@id\":\"https:\\\/\\\/diarioellabrador.cl\\\/#\\\/schema\\\/person\\\/bc25ff80b4563f9c7f4bd7855df01685\",\"name\":\"Editor\",\"image\":{\"@type\":\"ImageObject\",\"inLanguage\":\"es\",\"@id\":\"https:\\\/\\\/secure.gravatar.com\\\/avatar\\\/109c326cf2be5c04f048c2c2a2b8b6ef44bf3d8d1d3d4c55d0ac40c4bc994684?s=96&d=initials&r=g&initials=ed\",\"url\":\"https:\\\/\\\/secure.gravatar.com\\\/avatar\\\/109c326cf2be5c04f048c2c2a2b8b6ef44bf3d8d1d3d4c55d0ac40c4bc994684?s=96&d=initials&r=g&initials=ed\",\"contentUrl\":\"https:\\\/\\\/secure.gravatar.com\\\/avatar\\\/109c326cf2be5c04f048c2c2a2b8b6ef44bf3d8d1d3d4c55d0ac40c4bc994684?s=96&d=initials&r=g&initials=ed\",\"caption\":\"Editor\"},\"url\":\"https:\\\/\\\/diarioellabrador.cl\\\/index.php\\\/author\\\/editor\\\/\"}]}<\/script>\n<!-- \/ Yoast SEO plugin. -->","yoast_head_json":{"title":"Dos detenidos tras operativo por microtr\u00e1fico por parte de Carabineros - Diario El Labrador","robots":{"index":"index","follow":"follow","max-snippet":"max-snippet:-1","max-image-preview":"max-image-preview:large","max-video-preview":"max-video-preview:-1"},"canonical":"https:\/\/diarioellabrador.cl\/index.php\/2026\/09\/05\/dos-detenidos-tras-operativo-por-microtrafico-por-parte-de-carabineros\/","og_locale":"es_ES","og_type":"article","og_title":"Dos detenidos tras operativo por microtr\u00e1fico por parte de Carabineros - Diario El Labrador","og_description":"Personal policial de la 24 comisar\u00eda de Melipilla detuvo a dos personas por el delito de microtr\u00e1fico de drogas. Los hechos se registraron mientras los uniformados efectuaban patrullajes preventivos por calle Pardo, en el sector El Llano, donde observaron a un hombre apoyado en una vivienda. En ese momento, una mujer le entreg\u00f3 varios envoltorios Leer m\u00e1s","og_url":"https:\/\/diarioellabrador.cl\/index.php\/2026\/09\/05\/dos-detenidos-tras-operativo-por-microtrafico-por-parte-de-carabineros\/","og_site_name":"Diario El Labrador","article_publisher":"https:\/\/web.facebook.com\/profile.php?id=61576120840621","article_published_time":"2026-09-05T22:06:00+00:00","og_image":[{"width":1600,"height":900,"url":"https:\/\/diarioellabrador.cl\/wp-content\/uploads\/2026\/09\/Dos-detenidos-tras-operativo-por-microtrafico-por-parte-de-Carabineros.jpeg","type":"image\/jpeg"}],"author":"Editor","twitter_card":"summary_large_image","twitter_creator":"@ElLabradorOf","twitter_site":"@ElLabradorOf","twitter_misc":{"Escrito por":"Editor","Tiempo de lectura":"1 minuto"},"schema":{"@context":"https:\/\/schema.org","@graph":[{"@type":"Article","@id":"https:\/\/diarioellabrador.cl\/index.php\/2026\/09\/05\/dos-detenidos-tras-operativo-por-microtrafico-por-parte-de-carabineros\/#article","isPartOf":{"@id":"https:\/\/diarioellabrador.cl\/index.php\/2026\/09\/05\/dos-detenidos-tras-operativo-por-microtrafico-por-parte-de-carabineros\/"},"author":{"name":"Editor","@id":"https:\/\/diarioellabrador.cl\/#\/schema\/person\/bc25ff80b4563f9c7f4bd7855df01685"},"headline":"Dos detenidos tras operativo por microtr\u00e1fico por parte de Carabineros","datePublished":"2026-09-05T22:06:00+00:00","mainEntityOfPage":{"@id":"https:\/\/diarioellabrador.cl\/index.php\/2026\/09\/05\/dos-detenidos-tras-operativo-por-microtrafico-por-parte-de-carabineros\/"},"wordCount":169,"commentCount":0,"publisher":{"@id":"https:\/\/diarioellabrador.cl\/#organization"},"image":{"@id":"https:\/\/diarioellabrador.cl\/index.php\/2026\/09\/05\/dos-detenidos-tras-operativo-por-microtrafico-por-parte-de-carabineros\/#primaryimage"},"thumbnailUrl":"https:\/\/diarioellabrador.cl\/wp-content\/uploads\/2026\/09\/Dos-detenidos-tras-operativo-por-microtrafico-por-parte-de-Carabineros.jpeg","articleSection":["Policial"],"inLanguage":"es","potentialAction":[{"@type":"CommentAction","name":"Comment","target":["https:\/\/diarioellabrador.cl\/index.php\/2026\/09\/05\/dos-detenidos-tras-operativo-por-microtrafico-por-parte-de-carabineros\/#respond"]}]},{"@type":"WebPage","@id":"https:\/\/diarioellabrador.cl\/index.php\/2026\/09\/05\/dos-detenidos-tras-operativo-por-microtrafico-por-parte-de-carabineros\/","url":"https:\/\/diarioellabrador.cl\/index.php\/2026\/09\/05\/dos-detenidos-tras-operativo-por-microtrafico-por-parte-de-carabineros\/","name":"Dos detenidos tras operativo por microtr\u00e1fico por parte de Carabineros - Diario El Labrador","isPartOf":{"@id":"https:\/\/diarioellabrador.cl\/#website"},"primaryImageOfPage":{"@id":"https:\/\/diarioellabrador.cl\/index.php\/2026\/09\/05\/dos-detenidos-tras-operativo-por-microtrafico-por-parte-de-carabineros\/#primaryimage"},"image":{"@id":"https:\/\/diarioellabrador.cl\/index.php\/2026\/09\/05\/dos-detenidos-tras-operativo-por-microtrafico-por-parte-de-carabineros\/#primaryimage"},"thumbnailUrl":"https:\/\/diarioellabrador.cl\/wp-content\/uploads\/2026\/09\/Dos-detenidos-tras-operativo-por-microtrafico-por-parte-de-Carabineros.jpeg","datePublished":"2026-09-05T22:06:00+00:00","breadcrumb":{"@id":"https:\/\/diarioellabrador.cl\/index.php\/2026\/09\/05\/dos-detenidos-tras-operativo-por-microtrafico-por-parte-de-carabineros\/#breadcrumb"},"inLanguage":"es","potentialAction":[{"@type":"ReadAction","target":["https:\/\/diarioellabrador.cl\/index.php\/2026\/09\/05\/dos-detenidos-tras-operativo-por-microtrafico-por-parte-de-carabineros\/"]}]},{"@type":"ImageObject","inLanguage":"es","@id":"https:\/\/diarioellabrador.cl\/index.php\/2026\/09\/05\/dos-detenidos-tras-operativo-por-microtrafico-por-parte-de-carabineros\/#primaryimage","url":"https:\/\/diarioellabrador.cl\/wp-content\/uploads\/2026\/09\/Dos-detenidos-tras-operativo-por-microtrafico-por-parte-de-Carabineros.jpeg","contentUrl":"https:\/\/diarioellabrador.cl\/wp-content\/uploads\/2026\/09\/Dos-detenidos-tras-operativo-por-microtrafico-por-parte-de-Carabineros.jpeg","width":1600,"height":900},{"@type":"BreadcrumbList","@id":"https:\/\/diarioellabrador.cl\/index.php\/2026\/09\/05\/dos-detenidos-tras-operativo-por-microtrafico-por-parte-de-carabineros\/#breadcrumb","itemListElement":[{"@type":"ListItem","position":1,"name":"Portada","item":"https:\/\/diarioellabrador.cl\/"},{"@type":"ListItem","position":2,"name":"Dos detenidos tras operativo por microtr\u00e1fico por parte de Carabineros"}]},{"@type":"WebSite","@id":"https:\/\/diarioellabrador.cl\/#website","url":"https:\/\/diarioellabrador.cl\/","name":"Diario El Labrador","description":"Haciendo noticia desde 1921","publisher":{"@id":"https:\/\/diarioellabrador.cl\/#organization"},"potentialAction":[{"@type":"SearchAction","target":{"@type":"EntryPoint","urlTemplate":"https:\/\/diarioellabrador.cl\/?s={search_term_string}"},"query-input":{"@type":"PropertyValueSpecification","valueRequired":true,"valueName":"search_term_string"}}],"inLanguage":"es"},{"@type":"Organization","@id":"https:\/\/diarioellabrador.cl\/#organization","name":"Diario El Labrador","url":"https:\/\/diarioellabrador.cl\/","logo":{"@type":"ImageObject","inLanguage":"es","@id":"https:\/\/diarioellabrador.cl\/#\/schema\/logo\/image\/","url":"https:\/\/diarioellabrador.cl\/wp-content\/uploads\/2025\/02\/cropped-Logo-Icono.png","contentUrl":"https:\/\/diarioellabrador.cl\/wp-content\/uploads\/2025\/02\/cropped-Logo-Icono.png","width":512,"height":512,"caption":"Diario El Labrador"},"image":{"@id":"https:\/\/diarioellabrador.cl\/#\/schema\/logo\/image\/"},"sameAs":["https:\/\/web.facebook.com\/profile.php?id=61576120840621","https:\/\/x.com\/ElLabradorOf","https:\/\/www.instagram.com\/diarioellabradoroficial\/"]},{"@type":"Person","@id":"https:\/\/diarioellabrador.cl\/#\/schema\/person\/bc25ff80b4563f9c7f4bd7855df01685","name":"Editor","image":{"@type":"ImageObject","inLanguage":"es","@id":"https:\/\/secure.gravatar.com\/avatar\/109c326cf2be5c04f048c2c2a2b8b6ef44bf3d8d1d3d4c55d0ac40c4bc994684?s=96&d=initials&r=g&initials=ed","url":"https:\/\/secure.gravatar.com\/avatar\/109c326cf2be5c04f048c2c2a2b8b6ef44bf3d8d1d3d4c55d0ac40c4bc994684?s=96&d=initials&r=g&initials=ed","contentUrl":"https:\/\/secure.gravatar.com\/avatar\/109c326cf2be5c04f048c2c2a2b8b6ef44bf3d8d1d3d4c55d0ac40c4bc994684?s=96&d=initials&r=g&initials=ed","caption":"Editor"},"url":"https:\/\/diarioellabrador.cl\/index.php\/author\/editor\/"}]}},"_links":{"self":[{"href":"https:\/\/diarioellabrador.cl\/index.php\/wp-json\/wp\/v2\/posts\/24579","targetHints":{"allow":["GET"]}}],"collection":[{"href":"https:\/\/diarioellabrador.cl\/index.php\/wp-json\/wp\/v2\/posts"}],"about":[{"href":"https:\/\/diarioellabrador.cl\/index.php\/wp-json\/wp\/v2\/types\/post"}],"author":[{"embeddable":true,"href":"https:\/\/diarioellabrador.cl\/index.php\/wp-json\/wp\/v2\/users\/2"}],"replies":[{"embeddable":true,"href":"https:\/\/diarioellabrador.cl\/index.php\/wp-json\/wp\/v2\/comments?post=24579"}],"version-history":[{"count":1,"href":"https:\/\/diarioellabrador.cl\/index.php\/wp-json\/wp\/v2\/posts\/24579\/revisions"}],"predecessor-version":[{"id":24580,"href":"https:\/\/diarioellabrador.cl\/index.php\/wp-json\/wp\/v2\/posts\/24579\/revisions\/24580"}],"wp:featuredmedia":[{"embeddable":true,"href":"https:\/\/diarioellabrador.cl\/index.php\/wp-json\/wp\/v2\/media\/24532"}],"wp:attachment":[{"href":"https:\/\/diarioellabrador.cl\/index.php\/wp-json\/wp\/v2\/media?parent=24579"}],"wp:term":[{"taxonomy":"category","embeddable":true,"href":"https:\/\/diarioellabrador.cl\/index.php\/wp-json\/wp\/v2\/categories?post=24579"},{"taxonomy":"post_tag","embeddable":true,"href":"https:\/\/diarioellabrador.cl\/index.php\/wp-json\/wp\/v2\/tags?post=24579"}],"curies":[{"name":"wp","href":"https:\/\/api.w.org\/{rel}","templated":true}]}}