{"id":24577,"date":"2026-09-05T18:06:00","date_gmt":"2026-09-05T22:06:00","guid":{"rendered":"https:\/\/diarioellabrador.cl\/?p=24577"},"modified":"2026-09-05T16:07:18","modified_gmt":"2026-09-05T20:07:18","slug":"campeonato-provincial-de-cueca-del-adulto-mayor-en-talagante","status":"publish","type":"post","link":"https:\/\/diarioellabrador.cl\/index.php\/2026\/09\/05\/campeonato-provincial-de-cueca-del-adulto-mayor-en-talagante\/","title":{"rendered":"Campeonato Provincial de Cueca del Adulto Mayor en Talagante"},"content":{"rendered":"\n<p class=\"wp-block-paragraph\">Con mucha alegr\u00eda y esp\u00edritu dieciochero, en dependencias de la Delegaci\u00f3n Presidencial Provincial de Talagante se realiz\u00f3 el Campeonato Provincial de Cueca del Adulto Mayor, reuniendo a representantes de las cinco comunas de esa provincia.<\/p>\n\n\n\n<p class=\"wp-block-paragraph\">La jornada cont\u00f3 con la presencia de la Delegada Presidencial Provincial de Talagante, Annemarie M\u00fcller; el Diputado Juan Irarrazabal; la Consejera Regional Maricel Donoso y concejales de distintas comunas de la provincia.<\/p>\n\n\n\n<p class=\"wp-block-paragraph\">Las parejas que obtuvieron los primeros lugares son las siguientes:<\/p>\n\n\n\n<p class=\"wp-block-paragraph\">&nbsp;1\u00b0 lugar \u2013 Isla de Maipo<\/p>\n\n\n\n<p class=\"wp-block-paragraph\">Juan Morales y Teresa Calder\u00f3n<\/p>\n\n\n\n<p class=\"wp-block-paragraph\">&nbsp;2\u00b0 lugar \u2013 Padre Hurtado<\/p>\n\n\n\n<p class=\"wp-block-paragraph\">Aida C\u00e1ceres Soto y H\u00e9ctor Mart\u00ednez Toledo<\/p>\n\n\n\n<p class=\"wp-block-paragraph\">3\u00b0 lugar \u2013 Talagante<\/p>\n\n\n\n<p class=\"wp-block-paragraph\">F\u00e9lix Acu\u00f1a Figueroa y Ester Cortes P\u00e9rez<\/p>\n\n\n\n<p class=\"wp-block-paragraph\">La autoridad provincial se\u00f1al\u00f3 que \u201cfue una hermosa jornada en torno a nuestro baile nacional, donde nuestras personas mayores demostraron su talento, entusiasmo y profundo cari\u00f1o por las tradiciones chilenas. Agradecemos a todas las parejas participantes y a las cinco comunas por ser parte de esta verdadera fiesta provincial que nos permite comenzar a vivir juntos el esp\u00edritu de nuestras Fiestas Patrias\u201d.<\/p>\n\n\n\n<p class=\"wp-block-paragraph\"><\/p>\n","protected":false},"excerpt":{"rendered":"<p>Con mucha alegr\u00eda y esp\u00edritu dieciochero, en dependencias de la Delegaci\u00f3n Presidencial Provincial de Talagante se realiz\u00f3 el Campeonato Provincial de Cueca del Adulto Mayor, reuniendo a representantes de las cinco comunas de esa provincia. La jornada cont\u00f3 con la presencia de la Delegada Presidencial Provincial de Talagante, Annemarie M\u00fcller; el Diputado Juan Irarrazabal; la<\/p>\n<div class=\"read-more-wrapper\"><a class=\"read-more\" href=\"https:\/\/diarioellabrador.cl\/index.php\/2026\/09\/05\/campeonato-provincial-de-cueca-del-adulto-mayor-en-talagante\/\" title=\"Leer m\u00e1s\"> <span class=\"button \">Leer m\u00e1s<\/span><\/a><\/div>\n","protected":false},"author":2,"featured_media":24549,"comment_status":"open","ping_status":"open","sticky":false,"template":"","format":"standard","meta":{"footnotes":"","_members_access_role":[],"_members_access_error":""},"categories":[1],"tags":[],"class_list":["post-24577","post","type-post","status-publish","format-standard","has-post-thumbnail","hentry","category-cronica"],"yoast_head":"<!-- This site is optimized with the Yoast SEO plugin v28.4 - https:\/\/yoast.com\/product\/yoast-seo-wordpress\/ -->\n<title>Campeonato Provincial de Cueca del Adulto Mayor en Talagante - Diario El Labrador<\/title>\n<meta name=\"robots\" content=\"index, follow, max-snippet:-1, max-image-preview:large, max-video-preview:-1\" \/>\n<link rel=\"canonical\" href=\"https:\/\/diarioellabrador.cl\/index.php\/2026\/09\/05\/campeonato-provincial-de-cueca-del-adulto-mayor-en-talagante\/\" \/>\n<meta property=\"og:locale\" content=\"es_ES\" \/>\n<meta property=\"og:type\" content=\"article\" \/>\n<meta property=\"og:title\" content=\"Campeonato Provincial de Cueca del Adulto Mayor en Talagante - Diario El Labrador\" \/>\n<meta property=\"og:description\" content=\"Con mucha alegr\u00eda y esp\u00edritu dieciochero, en dependencias de la Delegaci\u00f3n Presidencial Provincial de Talagante se realiz\u00f3 el Campeonato Provincial de Cueca del Adulto Mayor, reuniendo a representantes de las cinco comunas de esa provincia. La jornada cont\u00f3 con la presencia de la Delegada Presidencial Provincial de Talagante, Annemarie M\u00fcller; el Diputado Juan Irarrazabal; la Leer m\u00e1s\" \/>\n<meta property=\"og:url\" content=\"https:\/\/diarioellabrador.cl\/index.php\/2026\/09\/05\/campeonato-provincial-de-cueca-del-adulto-mayor-en-talagante\/\" \/>\n<meta property=\"og:site_name\" content=\"Diario El Labrador\" \/>\n<meta property=\"article:publisher\" content=\"https:\/\/web.facebook.com\/profile.php?id=61576120840621\" \/>\n<meta property=\"article:published_time\" content=\"2026-09-05T22:06:00+00:00\" \/>\n<meta property=\"og:image\" content=\"https:\/\/diarioellabrador.cl\/wp-content\/uploads\/2026\/09\/Campeonato-Provincial-de-Cueca-del-Adulto-Mayor-en-Talagante.jpg\" \/>\n\t<meta property=\"og:image:width\" content=\"1264\" \/>\n\t<meta property=\"og:image:height\" content=\"852\" \/>\n\t<meta property=\"og:image:type\" content=\"image\/jpeg\" \/>\n<meta name=\"author\" content=\"Editor\" \/>\n<meta name=\"twitter:card\" content=\"summary_large_image\" \/>\n<meta name=\"twitter:creator\" content=\"@ElLabradorOf\" \/>\n<meta name=\"twitter:site\" content=\"@ElLabradorOf\" \/>\n<meta name=\"twitter:label1\" content=\"Escrito por\" \/>\n\t<meta name=\"twitter:data1\" content=\"Editor\" \/>\n\t<meta name=\"twitter:label2\" content=\"Tiempo de lectura\" \/>\n\t<meta name=\"twitter:data2\" content=\"1 minuto\" \/>\n<script type=\"application\/ld+json\" class=\"yoast-schema-graph\">{\"@context\":\"https:\\\/\\\/schema.org\",\"@graph\":[{\"@type\":\"Article\",\"@id\":\"https:\\\/\\\/diarioellabrador.cl\\\/index.php\\\/2026\\\/09\\\/05\\\/campeonato-provincial-de-cueca-del-adulto-mayor-en-talagante\\\/#article\",\"isPartOf\":{\"@id\":\"https:\\\/\\\/diarioellabrador.cl\\\/index.php\\\/2026\\\/09\\\/05\\\/campeonato-provincial-de-cueca-del-adulto-mayor-en-talagante\\\/\"},\"author\":{\"name\":\"Editor\",\"@id\":\"https:\\\/\\\/diarioellabrador.cl\\\/#\\\/schema\\\/person\\\/bc25ff80b4563f9c7f4bd7855df01685\"},\"headline\":\"Campeonato Provincial de Cueca del Adulto Mayor en Talagante\",\"datePublished\":\"2026-09-05T22:06:00+00:00\",\"mainEntityOfPage\":{\"@id\":\"https:\\\/\\\/diarioellabrador.cl\\\/index.php\\\/2026\\\/09\\\/05\\\/campeonato-provincial-de-cueca-del-adulto-mayor-en-talagante\\\/\"},\"wordCount\":192,\"commentCount\":0,\"publisher\":{\"@id\":\"https:\\\/\\\/diarioellabrador.cl\\\/#organization\"},\"image\":{\"@id\":\"https:\\\/\\\/diarioellabrador.cl\\\/index.php\\\/2026\\\/09\\\/05\\\/campeonato-provincial-de-cueca-del-adulto-mayor-en-talagante\\\/#primaryimage\"},\"thumbnailUrl\":\"https:\\\/\\\/diarioellabrador.cl\\\/wp-content\\\/uploads\\\/2026\\\/09\\\/Campeonato-Provincial-de-Cueca-del-Adulto-Mayor-en-Talagante.jpg\",\"articleSection\":[\"Cr\u00f3nica\"],\"inLanguage\":\"es\",\"potentialAction\":[{\"@type\":\"CommentAction\",\"name\":\"Comment\",\"target\":[\"https:\\\/\\\/diarioellabrador.cl\\\/index.php\\\/2026\\\/09\\\/05\\\/campeonato-provincial-de-cueca-del-adulto-mayor-en-talagante\\\/#respond\"]}]},{\"@type\":\"WebPage\",\"@id\":\"https:\\\/\\\/diarioellabrador.cl\\\/index.php\\\/2026\\\/09\\\/05\\\/campeonato-provincial-de-cueca-del-adulto-mayor-en-talagante\\\/\",\"url\":\"https:\\\/\\\/diarioellabrador.cl\\\/index.php\\\/2026\\\/09\\\/05\\\/campeonato-provincial-de-cueca-del-adulto-mayor-en-talagante\\\/\",\"name\":\"Campeonato Provincial de Cueca del Adulto Mayor en Talagante - Diario El Labrador\",\"isPartOf\":{\"@id\":\"https:\\\/\\\/diarioellabrador.cl\\\/#website\"},\"primaryImageOfPage\":{\"@id\":\"https:\\\/\\\/diarioellabrador.cl\\\/index.php\\\/2026\\\/09\\\/05\\\/campeonato-provincial-de-cueca-del-adulto-mayor-en-talagante\\\/#primaryimage\"},\"image\":{\"@id\":\"https:\\\/\\\/diarioellabrador.cl\\\/index.php\\\/2026\\\/09\\\/05\\\/campeonato-provincial-de-cueca-del-adulto-mayor-en-talagante\\\/#primaryimage\"},\"thumbnailUrl\":\"https:\\\/\\\/diarioellabrador.cl\\\/wp-content\\\/uploads\\\/2026\\\/09\\\/Campeonato-Provincial-de-Cueca-del-Adulto-Mayor-en-Talagante.jpg\",\"datePublished\":\"2026-09-05T22:06:00+00:00\",\"breadcrumb\":{\"@id\":\"https:\\\/\\\/diarioellabrador.cl\\\/index.php\\\/2026\\\/09\\\/05\\\/campeonato-provincial-de-cueca-del-adulto-mayor-en-talagante\\\/#breadcrumb\"},\"inLanguage\":\"es\",\"potentialAction\":[{\"@type\":\"ReadAction\",\"target\":[\"https:\\\/\\\/diarioellabrador.cl\\\/index.php\\\/2026\\\/09\\\/05\\\/campeonato-provincial-de-cueca-del-adulto-mayor-en-talagante\\\/\"]}]},{\"@type\":\"ImageObject\",\"inLanguage\":\"es\",\"@id\":\"https:\\\/\\\/diarioellabrador.cl\\\/index.php\\\/2026\\\/09\\\/05\\\/campeonato-provincial-de-cueca-del-adulto-mayor-en-talagante\\\/#primaryimage\",\"url\":\"https:\\\/\\\/diarioellabrador.cl\\\/wp-content\\\/uploads\\\/2026\\\/09\\\/Campeonato-Provincial-de-Cueca-del-Adulto-Mayor-en-Talagante.jpg\",\"contentUrl\":\"https:\\\/\\\/diarioellabrador.cl\\\/wp-content\\\/uploads\\\/2026\\\/09\\\/Campeonato-Provincial-de-Cueca-del-Adulto-Mayor-en-Talagante.jpg\",\"width\":1264,\"height\":852},{\"@type\":\"BreadcrumbList\",\"@id\":\"https:\\\/\\\/diarioellabrador.cl\\\/index.php\\\/2026\\\/09\\\/05\\\/campeonato-provincial-de-cueca-del-adulto-mayor-en-talagante\\\/#breadcrumb\",\"itemListElement\":[{\"@type\":\"ListItem\",\"position\":1,\"name\":\"Portada\",\"item\":\"https:\\\/\\\/diarioellabrador.cl\\\/\"},{\"@type\":\"ListItem\",\"position\":2,\"name\":\"Campeonato Provincial de Cueca del Adulto Mayor en Talagante\"}]},{\"@type\":\"WebSite\",\"@id\":\"https:\\\/\\\/diarioellabrador.cl\\\/#website\",\"url\":\"https:\\\/\\\/diarioellabrador.cl\\\/\",\"name\":\"Diario El Labrador\",\"description\":\"Haciendo noticia desde 1921\",\"publisher\":{\"@id\":\"https:\\\/\\\/diarioellabrador.cl\\\/#organization\"},\"potentialAction\":[{\"@type\":\"SearchAction\",\"target\":{\"@type\":\"EntryPoint\",\"urlTemplate\":\"https:\\\/\\\/diarioellabrador.cl\\\/?s={search_term_string}\"},\"query-input\":{\"@type\":\"PropertyValueSpecification\",\"valueRequired\":true,\"valueName\":\"search_term_string\"}}],\"inLanguage\":\"es\"},{\"@type\":\"Organization\",\"@id\":\"https:\\\/\\\/diarioellabrador.cl\\\/#organization\",\"name\":\"Diario El Labrador\",\"url\":\"https:\\\/\\\/diarioellabrador.cl\\\/\",\"logo\":{\"@type\":\"ImageObject\",\"inLanguage\":\"es\",\"@id\":\"https:\\\/\\\/diarioellabrador.cl\\\/#\\\/schema\\\/logo\\\/image\\\/\",\"url\":\"https:\\\/\\\/diarioellabrador.cl\\\/wp-content\\\/uploads\\\/2025\\\/02\\\/cropped-Logo-Icono.png\",\"contentUrl\":\"https:\\\/\\\/diarioellabrador.cl\\\/wp-content\\\/uploads\\\/2025\\\/02\\\/cropped-Logo-Icono.png\",\"width\":512,\"height\":512,\"caption\":\"Diario El Labrador\"},\"image\":{\"@id\":\"https:\\\/\\\/diarioellabrador.cl\\\/#\\\/schema\\\/logo\\\/image\\\/\"},\"sameAs\":[\"https:\\\/\\\/web.facebook.com\\\/profile.php?id=61576120840621\",\"https:\\\/\\\/x.com\\\/ElLabradorOf\",\"https:\\\/\\\/www.instagram.com\\\/diarioellabradoroficial\\\/\"]},{\"@type\":\"Person\",\"@id\":\"https:\\\/\\\/diarioellabrador.cl\\\/#\\\/schema\\\/person\\\/bc25ff80b4563f9c7f4bd7855df01685\",\"name\":\"Editor\",\"image\":{\"@type\":\"ImageObject\",\"inLanguage\":\"es\",\"@id\":\"https:\\\/\\\/secure.gravatar.com\\\/avatar\\\/109c326cf2be5c04f048c2c2a2b8b6ef44bf3d8d1d3d4c55d0ac40c4bc994684?s=96&d=initials&r=g&initials=ed\",\"url\":\"https:\\\/\\\/secure.gravatar.com\\\/avatar\\\/109c326cf2be5c04f048c2c2a2b8b6ef44bf3d8d1d3d4c55d0ac40c4bc994684?s=96&d=initials&r=g&initials=ed\",\"contentUrl\":\"https:\\\/\\\/secure.gravatar.com\\\/avatar\\\/109c326cf2be5c04f048c2c2a2b8b6ef44bf3d8d1d3d4c55d0ac40c4bc994684?s=96&d=initials&r=g&initials=ed\",\"caption\":\"Editor\"},\"url\":\"https:\\\/\\\/diarioellabrador.cl\\\/index.php\\\/author\\\/editor\\\/\"}]}<\/script>\n<!-- \/ Yoast SEO plugin. -->","yoast_head_json":{"title":"Campeonato Provincial de Cueca del Adulto Mayor en Talagante - Diario El Labrador","robots":{"index":"index","follow":"follow","max-snippet":"max-snippet:-1","max-image-preview":"max-image-preview:large","max-video-preview":"max-video-preview:-1"},"canonical":"https:\/\/diarioellabrador.cl\/index.php\/2026\/09\/05\/campeonato-provincial-de-cueca-del-adulto-mayor-en-talagante\/","og_locale":"es_ES","og_type":"article","og_title":"Campeonato Provincial de Cueca del Adulto Mayor en Talagante - Diario El Labrador","og_description":"Con mucha alegr\u00eda y esp\u00edritu dieciochero, en dependencias de la Delegaci\u00f3n Presidencial Provincial de Talagante se realiz\u00f3 el Campeonato Provincial de Cueca del Adulto Mayor, reuniendo a representantes de las cinco comunas de esa provincia. La jornada cont\u00f3 con la presencia de la Delegada Presidencial Provincial de Talagante, Annemarie M\u00fcller; el Diputado Juan Irarrazabal; la Leer m\u00e1s","og_url":"https:\/\/diarioellabrador.cl\/index.php\/2026\/09\/05\/campeonato-provincial-de-cueca-del-adulto-mayor-en-talagante\/","og_site_name":"Diario El Labrador","article_publisher":"https:\/\/web.facebook.com\/profile.php?id=61576120840621","article_published_time":"2026-09-05T22:06:00+00:00","og_image":[{"width":1264,"height":852,"url":"https:\/\/diarioellabrador.cl\/wp-content\/uploads\/2026\/09\/Campeonato-Provincial-de-Cueca-del-Adulto-Mayor-en-Talagante.jpg","type":"image\/jpeg"}],"author":"Editor","twitter_card":"summary_large_image","twitter_creator":"@ElLabradorOf","twitter_site":"@ElLabradorOf","twitter_misc":{"Escrito por":"Editor","Tiempo de lectura":"1 minuto"},"schema":{"@context":"https:\/\/schema.org","@graph":[{"@type":"Article","@id":"https:\/\/diarioellabrador.cl\/index.php\/2026\/09\/05\/campeonato-provincial-de-cueca-del-adulto-mayor-en-talagante\/#article","isPartOf":{"@id":"https:\/\/diarioellabrador.cl\/index.php\/2026\/09\/05\/campeonato-provincial-de-cueca-del-adulto-mayor-en-talagante\/"},"author":{"name":"Editor","@id":"https:\/\/diarioellabrador.cl\/#\/schema\/person\/bc25ff80b4563f9c7f4bd7855df01685"},"headline":"Campeonato Provincial de Cueca del Adulto Mayor en Talagante","datePublished":"2026-09-05T22:06:00+00:00","mainEntityOfPage":{"@id":"https:\/\/diarioellabrador.cl\/index.php\/2026\/09\/05\/campeonato-provincial-de-cueca-del-adulto-mayor-en-talagante\/"},"wordCount":192,"commentCount":0,"publisher":{"@id":"https:\/\/diarioellabrador.cl\/#organization"},"image":{"@id":"https:\/\/diarioellabrador.cl\/index.php\/2026\/09\/05\/campeonato-provincial-de-cueca-del-adulto-mayor-en-talagante\/#primaryimage"},"thumbnailUrl":"https:\/\/diarioellabrador.cl\/wp-content\/uploads\/2026\/09\/Campeonato-Provincial-de-Cueca-del-Adulto-Mayor-en-Talagante.jpg","articleSection":["Cr\u00f3nica"],"inLanguage":"es","potentialAction":[{"@type":"CommentAction","name":"Comment","target":["https:\/\/diarioellabrador.cl\/index.php\/2026\/09\/05\/campeonato-provincial-de-cueca-del-adulto-mayor-en-talagante\/#respond"]}]},{"@type":"WebPage","@id":"https:\/\/diarioellabrador.cl\/index.php\/2026\/09\/05\/campeonato-provincial-de-cueca-del-adulto-mayor-en-talagante\/","url":"https:\/\/diarioellabrador.cl\/index.php\/2026\/09\/05\/campeonato-provincial-de-cueca-del-adulto-mayor-en-talagante\/","name":"Campeonato Provincial de Cueca del Adulto Mayor en Talagante - Diario El Labrador","isPartOf":{"@id":"https:\/\/diarioellabrador.cl\/#website"},"primaryImageOfPage":{"@id":"https:\/\/diarioellabrador.cl\/index.php\/2026\/09\/05\/campeonato-provincial-de-cueca-del-adulto-mayor-en-talagante\/#primaryimage"},"image":{"@id":"https:\/\/diarioellabrador.cl\/index.php\/2026\/09\/05\/campeonato-provincial-de-cueca-del-adulto-mayor-en-talagante\/#primaryimage"},"thumbnailUrl":"https:\/\/diarioellabrador.cl\/wp-content\/uploads\/2026\/09\/Campeonato-Provincial-de-Cueca-del-Adulto-Mayor-en-Talagante.jpg","datePublished":"2026-09-05T22:06:00+00:00","breadcrumb":{"@id":"https:\/\/diarioellabrador.cl\/index.php\/2026\/09\/05\/campeonato-provincial-de-cueca-del-adulto-mayor-en-talagante\/#breadcrumb"},"inLanguage":"es","potentialAction":[{"@type":"ReadAction","target":["https:\/\/diarioellabrador.cl\/index.php\/2026\/09\/05\/campeonato-provincial-de-cueca-del-adulto-mayor-en-talagante\/"]}]},{"@type":"ImageObject","inLanguage":"es","@id":"https:\/\/diarioellabrador.cl\/index.php\/2026\/09\/05\/campeonato-provincial-de-cueca-del-adulto-mayor-en-talagante\/#primaryimage","url":"https:\/\/diarioellabrador.cl\/wp-content\/uploads\/2026\/09\/Campeonato-Provincial-de-Cueca-del-Adulto-Mayor-en-Talagante.jpg","contentUrl":"https:\/\/diarioellabrador.cl\/wp-content\/uploads\/2026\/09\/Campeonato-Provincial-de-Cueca-del-Adulto-Mayor-en-Talagante.jpg","width":1264,"height":852},{"@type":"BreadcrumbList","@id":"https:\/\/diarioellabrador.cl\/index.php\/2026\/09\/05\/campeonato-provincial-de-cueca-del-adulto-mayor-en-talagante\/#breadcrumb","itemListElement":[{"@type":"ListItem","position":1,"name":"Portada","item":"https:\/\/diarioellabrador.cl\/"},{"@type":"ListItem","position":2,"name":"Campeonato Provincial de Cueca del Adulto Mayor en Talagante"}]},{"@type":"WebSite","@id":"https:\/\/diarioellabrador.cl\/#website","url":"https:\/\/diarioellabrador.cl\/","name":"Diario El Labrador","description":"Haciendo noticia desde 1921","publisher":{"@id":"https:\/\/diarioellabrador.cl\/#organization"},"potentialAction":[{"@type":"SearchAction","target":{"@type":"EntryPoint","urlTemplate":"https:\/\/diarioellabrador.cl\/?s={search_term_string}"},"query-input":{"@type":"PropertyValueSpecification","valueRequired":true,"valueName":"search_term_string"}}],"inLanguage":"es"},{"@type":"Organization","@id":"https:\/\/diarioellabrador.cl\/#organization","name":"Diario El Labrador","url":"https:\/\/diarioellabrador.cl\/","logo":{"@type":"ImageObject","inLanguage":"es","@id":"https:\/\/diarioellabrador.cl\/#\/schema\/logo\/image\/","url":"https:\/\/diarioellabrador.cl\/wp-content\/uploads\/2025\/02\/cropped-Logo-Icono.png","contentUrl":"https:\/\/diarioellabrador.cl\/wp-content\/uploads\/2025\/02\/cropped-Logo-Icono.png","width":512,"height":512,"caption":"Diario El Labrador"},"image":{"@id":"https:\/\/diarioellabrador.cl\/#\/schema\/logo\/image\/"},"sameAs":["https:\/\/web.facebook.com\/profile.php?id=61576120840621","https:\/\/x.com\/ElLabradorOf","https:\/\/www.instagram.com\/diarioellabradoroficial\/"]},{"@type":"Person","@id":"https:\/\/diarioellabrador.cl\/#\/schema\/person\/bc25ff80b4563f9c7f4bd7855df01685","name":"Editor","image":{"@type":"ImageObject","inLanguage":"es","@id":"https:\/\/secure.gravatar.com\/avatar\/109c326cf2be5c04f048c2c2a2b8b6ef44bf3d8d1d3d4c55d0ac40c4bc994684?s=96&d=initials&r=g&initials=ed","url":"https:\/\/secure.gravatar.com\/avatar\/109c326cf2be5c04f048c2c2a2b8b6ef44bf3d8d1d3d4c55d0ac40c4bc994684?s=96&d=initials&r=g&initials=ed","contentUrl":"https:\/\/secure.gravatar.com\/avatar\/109c326cf2be5c04f048c2c2a2b8b6ef44bf3d8d1d3d4c55d0ac40c4bc994684?s=96&d=initials&r=g&initials=ed","caption":"Editor"},"url":"https:\/\/diarioellabrador.cl\/index.php\/author\/editor\/"}]}},"_links":{"self":[{"href":"https:\/\/diarioellabrador.cl\/index.php\/wp-json\/wp\/v2\/posts\/24577","targetHints":{"allow":["GET"]}}],"collection":[{"href":"https:\/\/diarioellabrador.cl\/index.php\/wp-json\/wp\/v2\/posts"}],"about":[{"href":"https:\/\/diarioellabrador.cl\/index.php\/wp-json\/wp\/v2\/types\/post"}],"author":[{"embeddable":true,"href":"https:\/\/diarioellabrador.cl\/index.php\/wp-json\/wp\/v2\/users\/2"}],"replies":[{"embeddable":true,"href":"https:\/\/diarioellabrador.cl\/index.php\/wp-json\/wp\/v2\/comments?post=24577"}],"version-history":[{"count":1,"href":"https:\/\/diarioellabrador.cl\/index.php\/wp-json\/wp\/v2\/posts\/24577\/revisions"}],"predecessor-version":[{"id":24578,"href":"https:\/\/diarioellabrador.cl\/index.php\/wp-json\/wp\/v2\/posts\/24577\/revisions\/24578"}],"wp:featuredmedia":[{"embeddable":true,"href":"https:\/\/diarioellabrador.cl\/index.php\/wp-json\/wp\/v2\/media\/24549"}],"wp:attachment":[{"href":"https:\/\/diarioellabrador.cl\/index.php\/wp-json\/wp\/v2\/media?parent=24577"}],"wp:term":[{"taxonomy":"category","embeddable":true,"href":"https:\/\/diarioellabrador.cl\/index.php\/wp-json\/wp\/v2\/categories?post=24577"},{"taxonomy":"post_tag","embeddable":true,"href":"https:\/\/diarioellabrador.cl\/index.php\/wp-json\/wp\/v2\/tags?post=24577"}],"curies":[{"name":"wp","href":"https:\/\/api.w.org\/{rel}","templated":true}]}}