{"id":24567,"date":"2026-09-05T18:03:00","date_gmt":"2026-09-05T22:03:00","guid":{"rendered":"https:\/\/diarioellabrador.cl\/?p=24567"},"modified":"2026-09-05T16:00:34","modified_gmt":"2026-09-05T20:00:34","slug":"campestrini-se-adjudico-historico-record-del-futbol-chileno-arquero-se-conmovio-en-triunfo-de-rangers","status":"publish","type":"post","link":"https:\/\/diarioellabrador.cl\/index.php\/2026\/09\/05\/campestrini-se-adjudico-historico-record-del-futbol-chileno-arquero-se-conmovio-en-triunfo-de-rangers\/","title":{"rendered":"Campestrini se adjudic\u00f3 hist\u00f3rico r\u00e9cord del f\u00fatbol chileno: arquero se conmovi\u00f3 en triunfo de Rangers"},"content":{"rendered":"\n<p class=\"wp-block-paragraph\">Claramente emocionado, el portero <strong>Cristian Campestrini<\/strong> inscribi\u00f3 su nombre en la historia del f\u00fatbol chileno luego de que este viernes, tras el triunfo de <strong>Rangers<\/strong> por la cuenta m\u00ednima ante Deportes Temuco en la Primera B, se transformara en el futbolista m\u00e1s veterano en disputar un partido oficial.<\/p>\n\n\n\n<p class=\"wp-block-paragraph\">Con 46 a\u00f1os y 80 d\u00edas en su espalda, el guardameta trasandino super\u00f3 a su s\u00edmil chileno <strong>Ra\u00fal Coloma<\/strong>, que antes hab\u00eda disputado un cruce en 1974 a sus 46 a\u00f1os y 75 d\u00edas.<\/p>\n\n\n\n<p class=\"wp-block-paragraph\">En paralelo, el elenco talquino sum\u00f3 de a tres (y por primera vez de local) para acortar a dos puntos su distancia con <strong>Deportes Santa Cruz<\/strong> en la lucha por el descenso. De alica\u00eddo, el elenco de Ivo Basay pas\u00f3 a estar en el pie del ca\u00f1\u00f3n en sus intenciones de mantener la categor\u00eda, algo que emocion\u00f3 al argentino.<\/p>\n\n\n\n<p class=\"wp-block-paragraph\">Tras el duelo, al otrora jugador de clubes como Rosario Central, Olimpia de Paraguay, Everton y Universidad de Concepci\u00f3n, entre otros, se le vio con l\u00e1grimas en los ojos.<\/p>\n\n\n\n<p class=\"wp-block-paragraph\">\u201cEs algo muy lindo tener este reconocimiento. Los chicos hicieron que fuera una noche especial. Estoy muy feliz. Esto es mucho esfuerzo, mucho sacrificio, mucha pasi\u00f3n. <strong>Ya lo dije la semana pasada, soy un \u2018poto pelado\u2019, pero tengo un coraz\u00f3n de seguir aprendiendo<\/strong>. Estoy muy contento de llegar a este r\u00e9cord\u201d, dijo Cristian Campestrini<\/p>\n\n\n\n<p class=\"wp-block-paragraph\"><\/p>\n","protected":false},"excerpt":{"rendered":"<p>Claramente emocionado, el portero Cristian Campestrini inscribi\u00f3 su nombre en la historia del f\u00fatbol chileno luego de que este viernes, tras el triunfo de Rangers por la cuenta m\u00ednima ante Deportes Temuco en la Primera B, se transformara en el futbolista m\u00e1s veterano en disputar un partido oficial. Con 46 a\u00f1os y 80 d\u00edas en<\/p>\n<div class=\"read-more-wrapper\"><a class=\"read-more\" href=\"https:\/\/diarioellabrador.cl\/index.php\/2026\/09\/05\/campestrini-se-adjudico-historico-record-del-futbol-chileno-arquero-se-conmovio-en-triunfo-de-rangers\/\" title=\"Leer m\u00e1s\"> <span class=\"button \">Leer m\u00e1s<\/span><\/a><\/div>\n","protected":false},"author":2,"featured_media":24555,"comment_status":"open","ping_status":"open","sticky":false,"template":"","format":"standard","meta":{"footnotes":"","_members_access_role":[],"_members_access_error":""},"categories":[4],"tags":[],"class_list":["post-24567","post","type-post","status-publish","format-standard","has-post-thumbnail","hentry","category-deportes"],"yoast_head":"<!-- This site is optimized with the Yoast SEO plugin v28.4 - https:\/\/yoast.com\/product\/yoast-seo-wordpress\/ -->\n<title>Campestrini se adjudic\u00f3 hist\u00f3rico r\u00e9cord del f\u00fatbol chileno: arquero se conmovi\u00f3 en triunfo de Rangers - Diario El Labrador<\/title>\n<meta name=\"robots\" content=\"index, follow, max-snippet:-1, max-image-preview:large, max-video-preview:-1\" \/>\n<link rel=\"canonical\" href=\"https:\/\/diarioellabrador.cl\/index.php\/2026\/09\/05\/campestrini-se-adjudico-historico-record-del-futbol-chileno-arquero-se-conmovio-en-triunfo-de-rangers\/\" \/>\n<meta property=\"og:locale\" content=\"es_ES\" \/>\n<meta property=\"og:type\" content=\"article\" \/>\n<meta property=\"og:title\" content=\"Campestrini se adjudic\u00f3 hist\u00f3rico r\u00e9cord del f\u00fatbol chileno: arquero se conmovi\u00f3 en triunfo de Rangers - Diario El Labrador\" \/>\n<meta property=\"og:description\" content=\"Claramente emocionado, el portero Cristian Campestrini inscribi\u00f3 su nombre en la historia del f\u00fatbol chileno luego de que este viernes, tras el triunfo de Rangers por la cuenta m\u00ednima ante Deportes Temuco en la Primera B, se transformara en el futbolista m\u00e1s veterano en disputar un partido oficial. Con 46 a\u00f1os y 80 d\u00edas en Leer m\u00e1s\" \/>\n<meta property=\"og:url\" content=\"https:\/\/diarioellabrador.cl\/index.php\/2026\/09\/05\/campestrini-se-adjudico-historico-record-del-futbol-chileno-arquero-se-conmovio-en-triunfo-de-rangers\/\" \/>\n<meta property=\"og:site_name\" content=\"Diario El Labrador\" \/>\n<meta property=\"article:publisher\" content=\"https:\/\/web.facebook.com\/profile.php?id=61576120840621\" \/>\n<meta property=\"article:published_time\" content=\"2026-09-05T22:03:00+00:00\" \/>\n<meta property=\"og:image\" content=\"https:\/\/diarioellabrador.cl\/wp-content\/uploads\/2026\/09\/Campestrini-se-adjudico-historico-record-del-futbol-chileno-arquero-se-conmovio-en-triunfo-de-Rangers.jpg\" \/>\n\t<meta property=\"og:image:width\" content=\"739\" \/>\n\t<meta property=\"og:image:height\" content=\"415\" \/>\n\t<meta property=\"og:image:type\" content=\"image\/jpeg\" \/>\n<meta name=\"author\" content=\"Editor\" \/>\n<meta name=\"twitter:card\" content=\"summary_large_image\" \/>\n<meta name=\"twitter:creator\" content=\"@ElLabradorOf\" \/>\n<meta name=\"twitter:site\" content=\"@ElLabradorOf\" \/>\n<meta name=\"twitter:label1\" content=\"Escrito por\" \/>\n\t<meta name=\"twitter:data1\" content=\"Editor\" \/>\n\t<meta name=\"twitter:label2\" content=\"Tiempo de lectura\" \/>\n\t<meta name=\"twitter:data2\" content=\"2 minutos\" \/>\n<script type=\"application\/ld+json\" class=\"yoast-schema-graph\">{\"@context\":\"https:\\\/\\\/schema.org\",\"@graph\":[{\"@type\":\"Article\",\"@id\":\"https:\\\/\\\/diarioellabrador.cl\\\/index.php\\\/2026\\\/09\\\/05\\\/campestrini-se-adjudico-historico-record-del-futbol-chileno-arquero-se-conmovio-en-triunfo-de-rangers\\\/#article\",\"isPartOf\":{\"@id\":\"https:\\\/\\\/diarioellabrador.cl\\\/index.php\\\/2026\\\/09\\\/05\\\/campestrini-se-adjudico-historico-record-del-futbol-chileno-arquero-se-conmovio-en-triunfo-de-rangers\\\/\"},\"author\":{\"name\":\"Editor\",\"@id\":\"https:\\\/\\\/diarioellabrador.cl\\\/#\\\/schema\\\/person\\\/bc25ff80b4563f9c7f4bd7855df01685\"},\"headline\":\"Campestrini se adjudic\u00f3 hist\u00f3rico r\u00e9cord del f\u00fatbol chileno: arquero se conmovi\u00f3 en triunfo de Rangers\",\"datePublished\":\"2026-09-05T22:03:00+00:00\",\"mainEntityOfPage\":{\"@id\":\"https:\\\/\\\/diarioellabrador.cl\\\/index.php\\\/2026\\\/09\\\/05\\\/campestrini-se-adjudico-historico-record-del-futbol-chileno-arquero-se-conmovio-en-triunfo-de-rangers\\\/\"},\"wordCount\":255,\"commentCount\":0,\"publisher\":{\"@id\":\"https:\\\/\\\/diarioellabrador.cl\\\/#organization\"},\"image\":{\"@id\":\"https:\\\/\\\/diarioellabrador.cl\\\/index.php\\\/2026\\\/09\\\/05\\\/campestrini-se-adjudico-historico-record-del-futbol-chileno-arquero-se-conmovio-en-triunfo-de-rangers\\\/#primaryimage\"},\"thumbnailUrl\":\"https:\\\/\\\/diarioellabrador.cl\\\/wp-content\\\/uploads\\\/2026\\\/09\\\/Campestrini-se-adjudico-historico-record-del-futbol-chileno-arquero-se-conmovio-en-triunfo-de-Rangers.jpg\",\"articleSection\":[\"Deportes\"],\"inLanguage\":\"es\",\"potentialAction\":[{\"@type\":\"CommentAction\",\"name\":\"Comment\",\"target\":[\"https:\\\/\\\/diarioellabrador.cl\\\/index.php\\\/2026\\\/09\\\/05\\\/campestrini-se-adjudico-historico-record-del-futbol-chileno-arquero-se-conmovio-en-triunfo-de-rangers\\\/#respond\"]}]},{\"@type\":\"WebPage\",\"@id\":\"https:\\\/\\\/diarioellabrador.cl\\\/index.php\\\/2026\\\/09\\\/05\\\/campestrini-se-adjudico-historico-record-del-futbol-chileno-arquero-se-conmovio-en-triunfo-de-rangers\\\/\",\"url\":\"https:\\\/\\\/diarioellabrador.cl\\\/index.php\\\/2026\\\/09\\\/05\\\/campestrini-se-adjudico-historico-record-del-futbol-chileno-arquero-se-conmovio-en-triunfo-de-rangers\\\/\",\"name\":\"Campestrini se adjudic\u00f3 hist\u00f3rico r\u00e9cord del f\u00fatbol chileno: arquero se conmovi\u00f3 en triunfo de Rangers - Diario El Labrador\",\"isPartOf\":{\"@id\":\"https:\\\/\\\/diarioellabrador.cl\\\/#website\"},\"primaryImageOfPage\":{\"@id\":\"https:\\\/\\\/diarioellabrador.cl\\\/index.php\\\/2026\\\/09\\\/05\\\/campestrini-se-adjudico-historico-record-del-futbol-chileno-arquero-se-conmovio-en-triunfo-de-rangers\\\/#primaryimage\"},\"image\":{\"@id\":\"https:\\\/\\\/diarioellabrador.cl\\\/index.php\\\/2026\\\/09\\\/05\\\/campestrini-se-adjudico-historico-record-del-futbol-chileno-arquero-se-conmovio-en-triunfo-de-rangers\\\/#primaryimage\"},\"thumbnailUrl\":\"https:\\\/\\\/diarioellabrador.cl\\\/wp-content\\\/uploads\\\/2026\\\/09\\\/Campestrini-se-adjudico-historico-record-del-futbol-chileno-arquero-se-conmovio-en-triunfo-de-Rangers.jpg\",\"datePublished\":\"2026-09-05T22:03:00+00:00\",\"breadcrumb\":{\"@id\":\"https:\\\/\\\/diarioellabrador.cl\\\/index.php\\\/2026\\\/09\\\/05\\\/campestrini-se-adjudico-historico-record-del-futbol-chileno-arquero-se-conmovio-en-triunfo-de-rangers\\\/#breadcrumb\"},\"inLanguage\":\"es\",\"potentialAction\":[{\"@type\":\"ReadAction\",\"target\":[\"https:\\\/\\\/diarioellabrador.cl\\\/index.php\\\/2026\\\/09\\\/05\\\/campestrini-se-adjudico-historico-record-del-futbol-chileno-arquero-se-conmovio-en-triunfo-de-rangers\\\/\"]}]},{\"@type\":\"ImageObject\",\"inLanguage\":\"es\",\"@id\":\"https:\\\/\\\/diarioellabrador.cl\\\/index.php\\\/2026\\\/09\\\/05\\\/campestrini-se-adjudico-historico-record-del-futbol-chileno-arquero-se-conmovio-en-triunfo-de-rangers\\\/#primaryimage\",\"url\":\"https:\\\/\\\/diarioellabrador.cl\\\/wp-content\\\/uploads\\\/2026\\\/09\\\/Campestrini-se-adjudico-historico-record-del-futbol-chileno-arquero-se-conmovio-en-triunfo-de-Rangers.jpg\",\"contentUrl\":\"https:\\\/\\\/diarioellabrador.cl\\\/wp-content\\\/uploads\\\/2026\\\/09\\\/Campestrini-se-adjudico-historico-record-del-futbol-chileno-arquero-se-conmovio-en-triunfo-de-Rangers.jpg\",\"width\":739,\"height\":415},{\"@type\":\"BreadcrumbList\",\"@id\":\"https:\\\/\\\/diarioellabrador.cl\\\/index.php\\\/2026\\\/09\\\/05\\\/campestrini-se-adjudico-historico-record-del-futbol-chileno-arquero-se-conmovio-en-triunfo-de-rangers\\\/#breadcrumb\",\"itemListElement\":[{\"@type\":\"ListItem\",\"position\":1,\"name\":\"Portada\",\"item\":\"https:\\\/\\\/diarioellabrador.cl\\\/\"},{\"@type\":\"ListItem\",\"position\":2,\"name\":\"Campestrini se adjudic\u00f3 hist\u00f3rico r\u00e9cord del f\u00fatbol chileno: arquero se conmovi\u00f3 en triunfo de Rangers\"}]},{\"@type\":\"WebSite\",\"@id\":\"https:\\\/\\\/diarioellabrador.cl\\\/#website\",\"url\":\"https:\\\/\\\/diarioellabrador.cl\\\/\",\"name\":\"Diario El Labrador\",\"description\":\"Haciendo noticia desde 1921\",\"publisher\":{\"@id\":\"https:\\\/\\\/diarioellabrador.cl\\\/#organization\"},\"potentialAction\":[{\"@type\":\"SearchAction\",\"target\":{\"@type\":\"EntryPoint\",\"urlTemplate\":\"https:\\\/\\\/diarioellabrador.cl\\\/?s={search_term_string}\"},\"query-input\":{\"@type\":\"PropertyValueSpecification\",\"valueRequired\":true,\"valueName\":\"search_term_string\"}}],\"inLanguage\":\"es\"},{\"@type\":\"Organization\",\"@id\":\"https:\\\/\\\/diarioellabrador.cl\\\/#organization\",\"name\":\"Diario El Labrador\",\"url\":\"https:\\\/\\\/diarioellabrador.cl\\\/\",\"logo\":{\"@type\":\"ImageObject\",\"inLanguage\":\"es\",\"@id\":\"https:\\\/\\\/diarioellabrador.cl\\\/#\\\/schema\\\/logo\\\/image\\\/\",\"url\":\"https:\\\/\\\/diarioellabrador.cl\\\/wp-content\\\/uploads\\\/2025\\\/02\\\/cropped-Logo-Icono.png\",\"contentUrl\":\"https:\\\/\\\/diarioellabrador.cl\\\/wp-content\\\/uploads\\\/2025\\\/02\\\/cropped-Logo-Icono.png\",\"width\":512,\"height\":512,\"caption\":\"Diario El Labrador\"},\"image\":{\"@id\":\"https:\\\/\\\/diarioellabrador.cl\\\/#\\\/schema\\\/logo\\\/image\\\/\"},\"sameAs\":[\"https:\\\/\\\/web.facebook.com\\\/profile.php?id=61576120840621\",\"https:\\\/\\\/x.com\\\/ElLabradorOf\",\"https:\\\/\\\/www.instagram.com\\\/diarioellabradoroficial\\\/\"]},{\"@type\":\"Person\",\"@id\":\"https:\\\/\\\/diarioellabrador.cl\\\/#\\\/schema\\\/person\\\/bc25ff80b4563f9c7f4bd7855df01685\",\"name\":\"Editor\",\"image\":{\"@type\":\"ImageObject\",\"inLanguage\":\"es\",\"@id\":\"https:\\\/\\\/secure.gravatar.com\\\/avatar\\\/109c326cf2be5c04f048c2c2a2b8b6ef44bf3d8d1d3d4c55d0ac40c4bc994684?s=96&d=initials&r=g&initials=ed\",\"url\":\"https:\\\/\\\/secure.gravatar.com\\\/avatar\\\/109c326cf2be5c04f048c2c2a2b8b6ef44bf3d8d1d3d4c55d0ac40c4bc994684?s=96&d=initials&r=g&initials=ed\",\"contentUrl\":\"https:\\\/\\\/secure.gravatar.com\\\/avatar\\\/109c326cf2be5c04f048c2c2a2b8b6ef44bf3d8d1d3d4c55d0ac40c4bc994684?s=96&d=initials&r=g&initials=ed\",\"caption\":\"Editor\"},\"url\":\"https:\\\/\\\/diarioellabrador.cl\\\/index.php\\\/author\\\/editor\\\/\"}]}<\/script>\n<!-- \/ Yoast SEO plugin. -->","yoast_head_json":{"title":"Campestrini se adjudic\u00f3 hist\u00f3rico r\u00e9cord del f\u00fatbol chileno: arquero se conmovi\u00f3 en triunfo de Rangers - Diario El Labrador","robots":{"index":"index","follow":"follow","max-snippet":"max-snippet:-1","max-image-preview":"max-image-preview:large","max-video-preview":"max-video-preview:-1"},"canonical":"https:\/\/diarioellabrador.cl\/index.php\/2026\/09\/05\/campestrini-se-adjudico-historico-record-del-futbol-chileno-arquero-se-conmovio-en-triunfo-de-rangers\/","og_locale":"es_ES","og_type":"article","og_title":"Campestrini se adjudic\u00f3 hist\u00f3rico r\u00e9cord del f\u00fatbol chileno: arquero se conmovi\u00f3 en triunfo de Rangers - Diario El Labrador","og_description":"Claramente emocionado, el portero Cristian Campestrini inscribi\u00f3 su nombre en la historia del f\u00fatbol chileno luego de que este viernes, tras el triunfo de Rangers por la cuenta m\u00ednima ante Deportes Temuco en la Primera B, se transformara en el futbolista m\u00e1s veterano en disputar un partido oficial. Con 46 a\u00f1os y 80 d\u00edas en Leer m\u00e1s","og_url":"https:\/\/diarioellabrador.cl\/index.php\/2026\/09\/05\/campestrini-se-adjudico-historico-record-del-futbol-chileno-arquero-se-conmovio-en-triunfo-de-rangers\/","og_site_name":"Diario El Labrador","article_publisher":"https:\/\/web.facebook.com\/profile.php?id=61576120840621","article_published_time":"2026-09-05T22:03:00+00:00","og_image":[{"width":739,"height":415,"url":"https:\/\/diarioellabrador.cl\/wp-content\/uploads\/2026\/09\/Campestrini-se-adjudico-historico-record-del-futbol-chileno-arquero-se-conmovio-en-triunfo-de-Rangers.jpg","type":"image\/jpeg"}],"author":"Editor","twitter_card":"summary_large_image","twitter_creator":"@ElLabradorOf","twitter_site":"@ElLabradorOf","twitter_misc":{"Escrito por":"Editor","Tiempo de lectura":"2 minutos"},"schema":{"@context":"https:\/\/schema.org","@graph":[{"@type":"Article","@id":"https:\/\/diarioellabrador.cl\/index.php\/2026\/09\/05\/campestrini-se-adjudico-historico-record-del-futbol-chileno-arquero-se-conmovio-en-triunfo-de-rangers\/#article","isPartOf":{"@id":"https:\/\/diarioellabrador.cl\/index.php\/2026\/09\/05\/campestrini-se-adjudico-historico-record-del-futbol-chileno-arquero-se-conmovio-en-triunfo-de-rangers\/"},"author":{"name":"Editor","@id":"https:\/\/diarioellabrador.cl\/#\/schema\/person\/bc25ff80b4563f9c7f4bd7855df01685"},"headline":"Campestrini se adjudic\u00f3 hist\u00f3rico r\u00e9cord del f\u00fatbol chileno: arquero se conmovi\u00f3 en triunfo de Rangers","datePublished":"2026-09-05T22:03:00+00:00","mainEntityOfPage":{"@id":"https:\/\/diarioellabrador.cl\/index.php\/2026\/09\/05\/campestrini-se-adjudico-historico-record-del-futbol-chileno-arquero-se-conmovio-en-triunfo-de-rangers\/"},"wordCount":255,"commentCount":0,"publisher":{"@id":"https:\/\/diarioellabrador.cl\/#organization"},"image":{"@id":"https:\/\/diarioellabrador.cl\/index.php\/2026\/09\/05\/campestrini-se-adjudico-historico-record-del-futbol-chileno-arquero-se-conmovio-en-triunfo-de-rangers\/#primaryimage"},"thumbnailUrl":"https:\/\/diarioellabrador.cl\/wp-content\/uploads\/2026\/09\/Campestrini-se-adjudico-historico-record-del-futbol-chileno-arquero-se-conmovio-en-triunfo-de-Rangers.jpg","articleSection":["Deportes"],"inLanguage":"es","potentialAction":[{"@type":"CommentAction","name":"Comment","target":["https:\/\/diarioellabrador.cl\/index.php\/2026\/09\/05\/campestrini-se-adjudico-historico-record-del-futbol-chileno-arquero-se-conmovio-en-triunfo-de-rangers\/#respond"]}]},{"@type":"WebPage","@id":"https:\/\/diarioellabrador.cl\/index.php\/2026\/09\/05\/campestrini-se-adjudico-historico-record-del-futbol-chileno-arquero-se-conmovio-en-triunfo-de-rangers\/","url":"https:\/\/diarioellabrador.cl\/index.php\/2026\/09\/05\/campestrini-se-adjudico-historico-record-del-futbol-chileno-arquero-se-conmovio-en-triunfo-de-rangers\/","name":"Campestrini se adjudic\u00f3 hist\u00f3rico r\u00e9cord del f\u00fatbol chileno: arquero se conmovi\u00f3 en triunfo de Rangers - Diario El Labrador","isPartOf":{"@id":"https:\/\/diarioellabrador.cl\/#website"},"primaryImageOfPage":{"@id":"https:\/\/diarioellabrador.cl\/index.php\/2026\/09\/05\/campestrini-se-adjudico-historico-record-del-futbol-chileno-arquero-se-conmovio-en-triunfo-de-rangers\/#primaryimage"},"image":{"@id":"https:\/\/diarioellabrador.cl\/index.php\/2026\/09\/05\/campestrini-se-adjudico-historico-record-del-futbol-chileno-arquero-se-conmovio-en-triunfo-de-rangers\/#primaryimage"},"thumbnailUrl":"https:\/\/diarioellabrador.cl\/wp-content\/uploads\/2026\/09\/Campestrini-se-adjudico-historico-record-del-futbol-chileno-arquero-se-conmovio-en-triunfo-de-Rangers.jpg","datePublished":"2026-09-05T22:03:00+00:00","breadcrumb":{"@id":"https:\/\/diarioellabrador.cl\/index.php\/2026\/09\/05\/campestrini-se-adjudico-historico-record-del-futbol-chileno-arquero-se-conmovio-en-triunfo-de-rangers\/#breadcrumb"},"inLanguage":"es","potentialAction":[{"@type":"ReadAction","target":["https:\/\/diarioellabrador.cl\/index.php\/2026\/09\/05\/campestrini-se-adjudico-historico-record-del-futbol-chileno-arquero-se-conmovio-en-triunfo-de-rangers\/"]}]},{"@type":"ImageObject","inLanguage":"es","@id":"https:\/\/diarioellabrador.cl\/index.php\/2026\/09\/05\/campestrini-se-adjudico-historico-record-del-futbol-chileno-arquero-se-conmovio-en-triunfo-de-rangers\/#primaryimage","url":"https:\/\/diarioellabrador.cl\/wp-content\/uploads\/2026\/09\/Campestrini-se-adjudico-historico-record-del-futbol-chileno-arquero-se-conmovio-en-triunfo-de-Rangers.jpg","contentUrl":"https:\/\/diarioellabrador.cl\/wp-content\/uploads\/2026\/09\/Campestrini-se-adjudico-historico-record-del-futbol-chileno-arquero-se-conmovio-en-triunfo-de-Rangers.jpg","width":739,"height":415},{"@type":"BreadcrumbList","@id":"https:\/\/diarioellabrador.cl\/index.php\/2026\/09\/05\/campestrini-se-adjudico-historico-record-del-futbol-chileno-arquero-se-conmovio-en-triunfo-de-rangers\/#breadcrumb","itemListElement":[{"@type":"ListItem","position":1,"name":"Portada","item":"https:\/\/diarioellabrador.cl\/"},{"@type":"ListItem","position":2,"name":"Campestrini se adjudic\u00f3 hist\u00f3rico r\u00e9cord del f\u00fatbol chileno: arquero se conmovi\u00f3 en triunfo de Rangers"}]},{"@type":"WebSite","@id":"https:\/\/diarioellabrador.cl\/#website","url":"https:\/\/diarioellabrador.cl\/","name":"Diario El Labrador","description":"Haciendo noticia desde 1921","publisher":{"@id":"https:\/\/diarioellabrador.cl\/#organization"},"potentialAction":[{"@type":"SearchAction","target":{"@type":"EntryPoint","urlTemplate":"https:\/\/diarioellabrador.cl\/?s={search_term_string}"},"query-input":{"@type":"PropertyValueSpecification","valueRequired":true,"valueName":"search_term_string"}}],"inLanguage":"es"},{"@type":"Organization","@id":"https:\/\/diarioellabrador.cl\/#organization","name":"Diario El Labrador","url":"https:\/\/diarioellabrador.cl\/","logo":{"@type":"ImageObject","inLanguage":"es","@id":"https:\/\/diarioellabrador.cl\/#\/schema\/logo\/image\/","url":"https:\/\/diarioellabrador.cl\/wp-content\/uploads\/2025\/02\/cropped-Logo-Icono.png","contentUrl":"https:\/\/diarioellabrador.cl\/wp-content\/uploads\/2025\/02\/cropped-Logo-Icono.png","width":512,"height":512,"caption":"Diario El Labrador"},"image":{"@id":"https:\/\/diarioellabrador.cl\/#\/schema\/logo\/image\/"},"sameAs":["https:\/\/web.facebook.com\/profile.php?id=61576120840621","https:\/\/x.com\/ElLabradorOf","https:\/\/www.instagram.com\/diarioellabradoroficial\/"]},{"@type":"Person","@id":"https:\/\/diarioellabrador.cl\/#\/schema\/person\/bc25ff80b4563f9c7f4bd7855df01685","name":"Editor","image":{"@type":"ImageObject","inLanguage":"es","@id":"https:\/\/secure.gravatar.com\/avatar\/109c326cf2be5c04f048c2c2a2b8b6ef44bf3d8d1d3d4c55d0ac40c4bc994684?s=96&d=initials&r=g&initials=ed","url":"https:\/\/secure.gravatar.com\/avatar\/109c326cf2be5c04f048c2c2a2b8b6ef44bf3d8d1d3d4c55d0ac40c4bc994684?s=96&d=initials&r=g&initials=ed","contentUrl":"https:\/\/secure.gravatar.com\/avatar\/109c326cf2be5c04f048c2c2a2b8b6ef44bf3d8d1d3d4c55d0ac40c4bc994684?s=96&d=initials&r=g&initials=ed","caption":"Editor"},"url":"https:\/\/diarioellabrador.cl\/index.php\/author\/editor\/"}]}},"_links":{"self":[{"href":"https:\/\/diarioellabrador.cl\/index.php\/wp-json\/wp\/v2\/posts\/24567","targetHints":{"allow":["GET"]}}],"collection":[{"href":"https:\/\/diarioellabrador.cl\/index.php\/wp-json\/wp\/v2\/posts"}],"about":[{"href":"https:\/\/diarioellabrador.cl\/index.php\/wp-json\/wp\/v2\/types\/post"}],"author":[{"embeddable":true,"href":"https:\/\/diarioellabrador.cl\/index.php\/wp-json\/wp\/v2\/users\/2"}],"replies":[{"embeddable":true,"href":"https:\/\/diarioellabrador.cl\/index.php\/wp-json\/wp\/v2\/comments?post=24567"}],"version-history":[{"count":1,"href":"https:\/\/diarioellabrador.cl\/index.php\/wp-json\/wp\/v2\/posts\/24567\/revisions"}],"predecessor-version":[{"id":24568,"href":"https:\/\/diarioellabrador.cl\/index.php\/wp-json\/wp\/v2\/posts\/24567\/revisions\/24568"}],"wp:featuredmedia":[{"embeddable":true,"href":"https:\/\/diarioellabrador.cl\/index.php\/wp-json\/wp\/v2\/media\/24555"}],"wp:attachment":[{"href":"https:\/\/diarioellabrador.cl\/index.php\/wp-json\/wp\/v2\/media?parent=24567"}],"wp:term":[{"taxonomy":"category","embeddable":true,"href":"https:\/\/diarioellabrador.cl\/index.php\/wp-json\/wp\/v2\/categories?post=24567"},{"taxonomy":"post_tag","embeddable":true,"href":"https:\/\/diarioellabrador.cl\/index.php\/wp-json\/wp\/v2\/tags?post=24567"}],"curies":[{"name":"wp","href":"https:\/\/api.w.org\/{rel}","templated":true}]}}