{"id":24565,"date":"2026-09-05T18:03:00","date_gmt":"2026-09-05T22:03:00","guid":{"rendered":"https:\/\/diarioellabrador.cl\/?p=24565"},"modified":"2026-09-05T15:57:40","modified_gmt":"2026-09-05T19:57:40","slug":"betis-y-pellegrini-firman-triunfazo-sobre-real-madrid-con-final-de-pelicula-mbappe-perdio-penal","status":"publish","type":"post","link":"https:\/\/diarioellabrador.cl\/index.php\/2026\/09\/05\/betis-y-pellegrini-firman-triunfazo-sobre-real-madrid-con-final-de-pelicula-mbappe-perdio-penal\/","title":{"rendered":"Betis y Pellegrini firman triunfazo sobre Real Madrid con final de pel\u00edcula: Mbapp\u00e9 perdi\u00f3 penal"},"content":{"rendered":"\n<p class=\"wp-block-paragraph\">El <strong>Real Betis de Manuel Pellegrini<\/strong> dio el <strong>gran golpe<\/strong> de la cuarta fecha de LaLiga al imponerse por 1-0 al <strong>Real Madrid<\/strong> en el estadio La Cartuja, en Sevilla, en un partido que tuvo emoci\u00f3n hasta el \u00faltimo minuto.<\/p>\n\n\n\n<p class=\"wp-block-paragraph\">El conjunto verdiblanco supo resistir la presi\u00f3n del elenco dirigido por Jos\u00e9 Mourinho y encontr\u00f3 la diferencia con un tanto entrado el complemento, firmando una victoria de <strong>enorme valor<\/strong> ante uno de los principales candidatos al t\u00edtulo.<\/p>\n\n\n\n<p class=\"wp-block-paragraph\">El cuadro andaluz golpe\u00f3 en el momento justo y luego sostuvo la ventaja con una s\u00f3lida actuaci\u00f3n defensiva y varias intervenciones decisivas de su arquero.<\/p>\n\n\n\n<p class=\"wp-block-paragraph\">La \u00fanica cifra de la brega arrib\u00f3 a los 80 minutos. C\u00f3rner desde la derecha, cabezazo y Thibaut Courtois hizo una atajada magistral, pero el rebote le qued\u00f3 a <strong>Troy Parrott<\/strong> y el delantero irland\u00e9s con el arco a disposici\u00f3n no fall\u00f3.<\/p>\n\n\n\n<p class=\"wp-block-paragraph\">El Real Madrid busc\u00f3 la igualdad por distintos caminos, pero se encontr\u00f3 con un Betis ordenado, que aprovech\u00f3 el apoyo de su p\u00fablico para celebrar un triunfo que le permite dejar atr\u00e1s la dura ca\u00edda sufrida la jornada anterior frente al Levante.<\/p>\n\n\n\n<p class=\"wp-block-paragraph\">El encuentro tambi\u00e9n estuvo marcado por la pol\u00e9mica. Sobre el final, a los 88\u2019, el conjunto merengue lleg\u00f3 al empate con una brillante definici\u00f3n en el \u00e1rea de <strong>Carlos Esp\u00ed<\/strong> -una vistosa pirueta-, pero la acci\u00f3n fue invalidada tras la revisi\u00f3n del VAR por una discutida posici\u00f3n de adelanto.<\/p>\n\n\n\n<p class=\"wp-block-paragraph\">Y ya en los descuentos, el cuadro de la capital dispuso de la oportunidad m\u00e1s clara para rescatar un punto. <strong>Kylian Mbapp\u00e9<\/strong> se hizo cargo de un lanzamiento penal a los 90+4\u2019, pero desperdici\u00f3 la ejecuci\u00f3n, sellando una noche para el olvido del atacante franc\u00e9s y desatando la celebraci\u00f3n definitiva verdiblanca.<\/p>\n\n\n\n<p class=\"wp-block-paragraph\">Con este triunfo, el Betis lleg\u00f3 a nueve puntos y, de manera moment\u00e1nea, alcanz\u00f3 al Real Madrid en la parte alta de la clasificaci\u00f3n de LaLiga. Ambos equipos quedan igualados con nueve unidades jug\u00e1ndose la jornada cuatro.<\/p>\n\n\n\n<h1 class=\"wp-block-heading\"><em>Mourinho cruz\u00f3 la cancha para abrazar a Pellegrini y sell\u00f3 el fin de una hist\u00f3rica rivalidad<\/em><\/h1>\n\n\n\n<p class=\"wp-block-paragraph\">A minutos del pitazo inicial del duelo entre Real Betis y Real Madrid, por la cuarta fecha de LaLiga 2026-2027, <strong>Jos\u00e9 Mourinho<\/strong> sorprendi\u00f3 con <strong>un gesto<\/strong> hacia <strong>Manuel Pellegrini<\/strong> que reflej\u00f3 c\u00f3mo cambian los tiempos.<\/p>\n\n\n\n<p class=\"wp-block-paragraph\">Durante a\u00f1os protagonizaron uno de los cruces m\u00e1s comentados del f\u00fatbol espa\u00f1ol. Las indirectas de \u2018Mou\u2019, las respuestas y el contraste de estilos marcaron una rivalidad que parec\u00eda no tener vuelta atr\u00e1s.<\/p>\n\n\n\n<p class=\"wp-block-paragraph\">Sin embargo, el t\u00e9cnico portugu\u00e9s dej\u00f3 atr\u00e1s este viernes viejas diferencias y <strong>cruz\u00f3 gran parte del campo para acercarse al banco b\u00e9tico para saludar al \u2018Ingeniero\u2019<\/strong>.<\/p>\n\n\n\n<p class=\"wp-block-paragraph\">All\u00ed lo salud\u00f3 con un apret\u00f3n de manos y un afectuoso abrazo, una imagen que contrast\u00f3 con los episodios de tensi\u00f3n que ambos protagonizaron.<\/p>\n\n\n\n<p class=\"wp-block-paragraph\">Recordar que el jueves, \u2018Special One\u2019 decidi\u00f3 hacer las paces p\u00fablicamente con el entrenador chileno y reconocer que, en el pasado, <strong>se equivoc\u00f3<\/strong> con algunas de sus palabras.<\/p>\n\n\n\n<p class=\"wp-block-paragraph\">\u201c<strong>Es un gran entrenador, un ejemplo como persona<\/strong>\u201d, afirm\u00f3 el estratega luso. Y la escena vivida hoy en La Cartuja no pas\u00f3 inadvertida.<\/p>\n\n\n\n<p class=\"wp-block-paragraph\">El abrazo entre ambos entrenadores reflej\u00f3 el respeto mutuo que hoy existe entre dos t\u00e9cnicos que durante a\u00f1os fueron presentados como antagonistas.<\/p>\n\n\n\n<p class=\"wp-block-paragraph\"><\/p>\n","protected":false},"excerpt":{"rendered":"<p>El Real Betis de Manuel Pellegrini dio el gran golpe de la cuarta fecha de LaLiga al imponerse por 1-0 al Real Madrid en el estadio La Cartuja, en Sevilla, en un partido que tuvo emoci\u00f3n hasta el \u00faltimo minuto. El conjunto verdiblanco supo resistir la presi\u00f3n del elenco dirigido por Jos\u00e9 Mourinho y encontr\u00f3<\/p>\n<div class=\"read-more-wrapper\"><a class=\"read-more\" href=\"https:\/\/diarioellabrador.cl\/index.php\/2026\/09\/05\/betis-y-pellegrini-firman-triunfazo-sobre-real-madrid-con-final-de-pelicula-mbappe-perdio-penal\/\" title=\"Leer m\u00e1s\"> <span class=\"button \">Leer m\u00e1s<\/span><\/a><\/div>\n","protected":false},"author":2,"featured_media":24554,"comment_status":"open","ping_status":"open","sticky":false,"template":"","format":"standard","meta":{"footnotes":"","_members_access_role":[],"_members_access_error":""},"categories":[4],"tags":[],"class_list":["post-24565","post","type-post","status-publish","format-standard","has-post-thumbnail","hentry","category-deportes"],"yoast_head":"<!-- This site is optimized with the Yoast SEO plugin v28.4 - https:\/\/yoast.com\/product\/yoast-seo-wordpress\/ -->\n<title>Betis y Pellegrini firman triunfazo sobre Real Madrid con final de pel\u00edcula: Mbapp\u00e9 perdi\u00f3 penal - Diario El Labrador<\/title>\n<meta name=\"robots\" content=\"index, follow, max-snippet:-1, max-image-preview:large, max-video-preview:-1\" \/>\n<link rel=\"canonical\" href=\"https:\/\/diarioellabrador.cl\/index.php\/2026\/09\/05\/betis-y-pellegrini-firman-triunfazo-sobre-real-madrid-con-final-de-pelicula-mbappe-perdio-penal\/\" \/>\n<meta property=\"og:locale\" content=\"es_ES\" \/>\n<meta property=\"og:type\" content=\"article\" \/>\n<meta property=\"og:title\" content=\"Betis y Pellegrini firman triunfazo sobre Real Madrid con final de pel\u00edcula: Mbapp\u00e9 perdi\u00f3 penal - Diario El Labrador\" \/>\n<meta property=\"og:description\" content=\"El Real Betis de Manuel Pellegrini dio el gran golpe de la cuarta fecha de LaLiga al imponerse por 1-0 al Real Madrid en el estadio La Cartuja, en Sevilla, en un partido que tuvo emoci\u00f3n hasta el \u00faltimo minuto. El conjunto verdiblanco supo resistir la presi\u00f3n del elenco dirigido por Jos\u00e9 Mourinho y encontr\u00f3 Leer m\u00e1s\" \/>\n<meta property=\"og:url\" content=\"https:\/\/diarioellabrador.cl\/index.php\/2026\/09\/05\/betis-y-pellegrini-firman-triunfazo-sobre-real-madrid-con-final-de-pelicula-mbappe-perdio-penal\/\" \/>\n<meta property=\"og:site_name\" content=\"Diario El Labrador\" \/>\n<meta property=\"article:publisher\" content=\"https:\/\/web.facebook.com\/profile.php?id=61576120840621\" \/>\n<meta property=\"article:published_time\" content=\"2026-09-05T22:03:00+00:00\" \/>\n<meta property=\"og:image\" content=\"https:\/\/diarioellabrador.cl\/wp-content\/uploads\/2026\/09\/Betis-y-Pellegrini-firman-triunfazo-sobre-Real-Madrid-con-final-de-pelicula-Mbappe-perdio-penal.jpg\" \/>\n\t<meta property=\"og:image:width\" content=\"1280\" \/>\n\t<meta property=\"og:image:height\" content=\"853\" \/>\n\t<meta property=\"og:image:type\" content=\"image\/jpeg\" \/>\n<meta name=\"author\" content=\"Editor\" \/>\n<meta name=\"twitter:card\" content=\"summary_large_image\" \/>\n<meta name=\"twitter:creator\" content=\"@ElLabradorOf\" \/>\n<meta name=\"twitter:site\" content=\"@ElLabradorOf\" \/>\n<meta name=\"twitter:label1\" content=\"Escrito por\" \/>\n\t<meta name=\"twitter:data1\" content=\"Editor\" \/>\n\t<meta name=\"twitter:label2\" content=\"Tiempo de lectura\" \/>\n\t<meta name=\"twitter:data2\" content=\"3 minutos\" \/>\n<script type=\"application\/ld+json\" class=\"yoast-schema-graph\">{\"@context\":\"https:\\\/\\\/schema.org\",\"@graph\":[{\"@type\":\"Article\",\"@id\":\"https:\\\/\\\/diarioellabrador.cl\\\/index.php\\\/2026\\\/09\\\/05\\\/betis-y-pellegrini-firman-triunfazo-sobre-real-madrid-con-final-de-pelicula-mbappe-perdio-penal\\\/#article\",\"isPartOf\":{\"@id\":\"https:\\\/\\\/diarioellabrador.cl\\\/index.php\\\/2026\\\/09\\\/05\\\/betis-y-pellegrini-firman-triunfazo-sobre-real-madrid-con-final-de-pelicula-mbappe-perdio-penal\\\/\"},\"author\":{\"name\":\"Editor\",\"@id\":\"https:\\\/\\\/diarioellabrador.cl\\\/#\\\/schema\\\/person\\\/bc25ff80b4563f9c7f4bd7855df01685\"},\"headline\":\"Betis y Pellegrini firman triunfazo sobre Real Madrid con final de pel\u00edcula: Mbapp\u00e9 perdi\u00f3 penal\",\"datePublished\":\"2026-09-05T22:03:00+00:00\",\"mainEntityOfPage\":{\"@id\":\"https:\\\/\\\/diarioellabrador.cl\\\/index.php\\\/2026\\\/09\\\/05\\\/betis-y-pellegrini-firman-triunfazo-sobre-real-madrid-con-final-de-pelicula-mbappe-perdio-penal\\\/\"},\"wordCount\":583,\"commentCount\":0,\"publisher\":{\"@id\":\"https:\\\/\\\/diarioellabrador.cl\\\/#organization\"},\"image\":{\"@id\":\"https:\\\/\\\/diarioellabrador.cl\\\/index.php\\\/2026\\\/09\\\/05\\\/betis-y-pellegrini-firman-triunfazo-sobre-real-madrid-con-final-de-pelicula-mbappe-perdio-penal\\\/#primaryimage\"},\"thumbnailUrl\":\"https:\\\/\\\/diarioellabrador.cl\\\/wp-content\\\/uploads\\\/2026\\\/09\\\/Betis-y-Pellegrini-firman-triunfazo-sobre-Real-Madrid-con-final-de-pelicula-Mbappe-perdio-penal.jpg\",\"articleSection\":[\"Deportes\"],\"inLanguage\":\"es\",\"potentialAction\":[{\"@type\":\"CommentAction\",\"name\":\"Comment\",\"target\":[\"https:\\\/\\\/diarioellabrador.cl\\\/index.php\\\/2026\\\/09\\\/05\\\/betis-y-pellegrini-firman-triunfazo-sobre-real-madrid-con-final-de-pelicula-mbappe-perdio-penal\\\/#respond\"]}]},{\"@type\":\"WebPage\",\"@id\":\"https:\\\/\\\/diarioellabrador.cl\\\/index.php\\\/2026\\\/09\\\/05\\\/betis-y-pellegrini-firman-triunfazo-sobre-real-madrid-con-final-de-pelicula-mbappe-perdio-penal\\\/\",\"url\":\"https:\\\/\\\/diarioellabrador.cl\\\/index.php\\\/2026\\\/09\\\/05\\\/betis-y-pellegrini-firman-triunfazo-sobre-real-madrid-con-final-de-pelicula-mbappe-perdio-penal\\\/\",\"name\":\"Betis y Pellegrini firman triunfazo sobre Real Madrid con final de pel\u00edcula: Mbapp\u00e9 perdi\u00f3 penal - Diario El Labrador\",\"isPartOf\":{\"@id\":\"https:\\\/\\\/diarioellabrador.cl\\\/#website\"},\"primaryImageOfPage\":{\"@id\":\"https:\\\/\\\/diarioellabrador.cl\\\/index.php\\\/2026\\\/09\\\/05\\\/betis-y-pellegrini-firman-triunfazo-sobre-real-madrid-con-final-de-pelicula-mbappe-perdio-penal\\\/#primaryimage\"},\"image\":{\"@id\":\"https:\\\/\\\/diarioellabrador.cl\\\/index.php\\\/2026\\\/09\\\/05\\\/betis-y-pellegrini-firman-triunfazo-sobre-real-madrid-con-final-de-pelicula-mbappe-perdio-penal\\\/#primaryimage\"},\"thumbnailUrl\":\"https:\\\/\\\/diarioellabrador.cl\\\/wp-content\\\/uploads\\\/2026\\\/09\\\/Betis-y-Pellegrini-firman-triunfazo-sobre-Real-Madrid-con-final-de-pelicula-Mbappe-perdio-penal.jpg\",\"datePublished\":\"2026-09-05T22:03:00+00:00\",\"breadcrumb\":{\"@id\":\"https:\\\/\\\/diarioellabrador.cl\\\/index.php\\\/2026\\\/09\\\/05\\\/betis-y-pellegrini-firman-triunfazo-sobre-real-madrid-con-final-de-pelicula-mbappe-perdio-penal\\\/#breadcrumb\"},\"inLanguage\":\"es\",\"potentialAction\":[{\"@type\":\"ReadAction\",\"target\":[\"https:\\\/\\\/diarioellabrador.cl\\\/index.php\\\/2026\\\/09\\\/05\\\/betis-y-pellegrini-firman-triunfazo-sobre-real-madrid-con-final-de-pelicula-mbappe-perdio-penal\\\/\"]}]},{\"@type\":\"ImageObject\",\"inLanguage\":\"es\",\"@id\":\"https:\\\/\\\/diarioellabrador.cl\\\/index.php\\\/2026\\\/09\\\/05\\\/betis-y-pellegrini-firman-triunfazo-sobre-real-madrid-con-final-de-pelicula-mbappe-perdio-penal\\\/#primaryimage\",\"url\":\"https:\\\/\\\/diarioellabrador.cl\\\/wp-content\\\/uploads\\\/2026\\\/09\\\/Betis-y-Pellegrini-firman-triunfazo-sobre-Real-Madrid-con-final-de-pelicula-Mbappe-perdio-penal.jpg\",\"contentUrl\":\"https:\\\/\\\/diarioellabrador.cl\\\/wp-content\\\/uploads\\\/2026\\\/09\\\/Betis-y-Pellegrini-firman-triunfazo-sobre-Real-Madrid-con-final-de-pelicula-Mbappe-perdio-penal.jpg\",\"width\":1280,\"height\":853},{\"@type\":\"BreadcrumbList\",\"@id\":\"https:\\\/\\\/diarioellabrador.cl\\\/index.php\\\/2026\\\/09\\\/05\\\/betis-y-pellegrini-firman-triunfazo-sobre-real-madrid-con-final-de-pelicula-mbappe-perdio-penal\\\/#breadcrumb\",\"itemListElement\":[{\"@type\":\"ListItem\",\"position\":1,\"name\":\"Portada\",\"item\":\"https:\\\/\\\/diarioellabrador.cl\\\/\"},{\"@type\":\"ListItem\",\"position\":2,\"name\":\"Betis y Pellegrini firman triunfazo sobre Real Madrid con final de pel\u00edcula: Mbapp\u00e9 perdi\u00f3 penal\"}]},{\"@type\":\"WebSite\",\"@id\":\"https:\\\/\\\/diarioellabrador.cl\\\/#website\",\"url\":\"https:\\\/\\\/diarioellabrador.cl\\\/\",\"name\":\"Diario El Labrador\",\"description\":\"Haciendo noticia desde 1921\",\"publisher\":{\"@id\":\"https:\\\/\\\/diarioellabrador.cl\\\/#organization\"},\"potentialAction\":[{\"@type\":\"SearchAction\",\"target\":{\"@type\":\"EntryPoint\",\"urlTemplate\":\"https:\\\/\\\/diarioellabrador.cl\\\/?s={search_term_string}\"},\"query-input\":{\"@type\":\"PropertyValueSpecification\",\"valueRequired\":true,\"valueName\":\"search_term_string\"}}],\"inLanguage\":\"es\"},{\"@type\":\"Organization\",\"@id\":\"https:\\\/\\\/diarioellabrador.cl\\\/#organization\",\"name\":\"Diario El Labrador\",\"url\":\"https:\\\/\\\/diarioellabrador.cl\\\/\",\"logo\":{\"@type\":\"ImageObject\",\"inLanguage\":\"es\",\"@id\":\"https:\\\/\\\/diarioellabrador.cl\\\/#\\\/schema\\\/logo\\\/image\\\/\",\"url\":\"https:\\\/\\\/diarioellabrador.cl\\\/wp-content\\\/uploads\\\/2025\\\/02\\\/cropped-Logo-Icono.png\",\"contentUrl\":\"https:\\\/\\\/diarioellabrador.cl\\\/wp-content\\\/uploads\\\/2025\\\/02\\\/cropped-Logo-Icono.png\",\"width\":512,\"height\":512,\"caption\":\"Diario El Labrador\"},\"image\":{\"@id\":\"https:\\\/\\\/diarioellabrador.cl\\\/#\\\/schema\\\/logo\\\/image\\\/\"},\"sameAs\":[\"https:\\\/\\\/web.facebook.com\\\/profile.php?id=61576120840621\",\"https:\\\/\\\/x.com\\\/ElLabradorOf\",\"https:\\\/\\\/www.instagram.com\\\/diarioellabradoroficial\\\/\"]},{\"@type\":\"Person\",\"@id\":\"https:\\\/\\\/diarioellabrador.cl\\\/#\\\/schema\\\/person\\\/bc25ff80b4563f9c7f4bd7855df01685\",\"name\":\"Editor\",\"image\":{\"@type\":\"ImageObject\",\"inLanguage\":\"es\",\"@id\":\"https:\\\/\\\/secure.gravatar.com\\\/avatar\\\/109c326cf2be5c04f048c2c2a2b8b6ef44bf3d8d1d3d4c55d0ac40c4bc994684?s=96&d=initials&r=g&initials=ed\",\"url\":\"https:\\\/\\\/secure.gravatar.com\\\/avatar\\\/109c326cf2be5c04f048c2c2a2b8b6ef44bf3d8d1d3d4c55d0ac40c4bc994684?s=96&d=initials&r=g&initials=ed\",\"contentUrl\":\"https:\\\/\\\/secure.gravatar.com\\\/avatar\\\/109c326cf2be5c04f048c2c2a2b8b6ef44bf3d8d1d3d4c55d0ac40c4bc994684?s=96&d=initials&r=g&initials=ed\",\"caption\":\"Editor\"},\"url\":\"https:\\\/\\\/diarioellabrador.cl\\\/index.php\\\/author\\\/editor\\\/\"}]}<\/script>\n<!-- \/ Yoast SEO plugin. -->","yoast_head_json":{"title":"Betis y Pellegrini firman triunfazo sobre Real Madrid con final de pel\u00edcula: Mbapp\u00e9 perdi\u00f3 penal - Diario El Labrador","robots":{"index":"index","follow":"follow","max-snippet":"max-snippet:-1","max-image-preview":"max-image-preview:large","max-video-preview":"max-video-preview:-1"},"canonical":"https:\/\/diarioellabrador.cl\/index.php\/2026\/09\/05\/betis-y-pellegrini-firman-triunfazo-sobre-real-madrid-con-final-de-pelicula-mbappe-perdio-penal\/","og_locale":"es_ES","og_type":"article","og_title":"Betis y Pellegrini firman triunfazo sobre Real Madrid con final de pel\u00edcula: Mbapp\u00e9 perdi\u00f3 penal - Diario El Labrador","og_description":"El Real Betis de Manuel Pellegrini dio el gran golpe de la cuarta fecha de LaLiga al imponerse por 1-0 al Real Madrid en el estadio La Cartuja, en Sevilla, en un partido que tuvo emoci\u00f3n hasta el \u00faltimo minuto. El conjunto verdiblanco supo resistir la presi\u00f3n del elenco dirigido por Jos\u00e9 Mourinho y encontr\u00f3 Leer m\u00e1s","og_url":"https:\/\/diarioellabrador.cl\/index.php\/2026\/09\/05\/betis-y-pellegrini-firman-triunfazo-sobre-real-madrid-con-final-de-pelicula-mbappe-perdio-penal\/","og_site_name":"Diario El Labrador","article_publisher":"https:\/\/web.facebook.com\/profile.php?id=61576120840621","article_published_time":"2026-09-05T22:03:00+00:00","og_image":[{"width":1280,"height":853,"url":"https:\/\/diarioellabrador.cl\/wp-content\/uploads\/2026\/09\/Betis-y-Pellegrini-firman-triunfazo-sobre-Real-Madrid-con-final-de-pelicula-Mbappe-perdio-penal.jpg","type":"image\/jpeg"}],"author":"Editor","twitter_card":"summary_large_image","twitter_creator":"@ElLabradorOf","twitter_site":"@ElLabradorOf","twitter_misc":{"Escrito por":"Editor","Tiempo de lectura":"3 minutos"},"schema":{"@context":"https:\/\/schema.org","@graph":[{"@type":"Article","@id":"https:\/\/diarioellabrador.cl\/index.php\/2026\/09\/05\/betis-y-pellegrini-firman-triunfazo-sobre-real-madrid-con-final-de-pelicula-mbappe-perdio-penal\/#article","isPartOf":{"@id":"https:\/\/diarioellabrador.cl\/index.php\/2026\/09\/05\/betis-y-pellegrini-firman-triunfazo-sobre-real-madrid-con-final-de-pelicula-mbappe-perdio-penal\/"},"author":{"name":"Editor","@id":"https:\/\/diarioellabrador.cl\/#\/schema\/person\/bc25ff80b4563f9c7f4bd7855df01685"},"headline":"Betis y Pellegrini firman triunfazo sobre Real Madrid con final de pel\u00edcula: Mbapp\u00e9 perdi\u00f3 penal","datePublished":"2026-09-05T22:03:00+00:00","mainEntityOfPage":{"@id":"https:\/\/diarioellabrador.cl\/index.php\/2026\/09\/05\/betis-y-pellegrini-firman-triunfazo-sobre-real-madrid-con-final-de-pelicula-mbappe-perdio-penal\/"},"wordCount":583,"commentCount":0,"publisher":{"@id":"https:\/\/diarioellabrador.cl\/#organization"},"image":{"@id":"https:\/\/diarioellabrador.cl\/index.php\/2026\/09\/05\/betis-y-pellegrini-firman-triunfazo-sobre-real-madrid-con-final-de-pelicula-mbappe-perdio-penal\/#primaryimage"},"thumbnailUrl":"https:\/\/diarioellabrador.cl\/wp-content\/uploads\/2026\/09\/Betis-y-Pellegrini-firman-triunfazo-sobre-Real-Madrid-con-final-de-pelicula-Mbappe-perdio-penal.jpg","articleSection":["Deportes"],"inLanguage":"es","potentialAction":[{"@type":"CommentAction","name":"Comment","target":["https:\/\/diarioellabrador.cl\/index.php\/2026\/09\/05\/betis-y-pellegrini-firman-triunfazo-sobre-real-madrid-con-final-de-pelicula-mbappe-perdio-penal\/#respond"]}]},{"@type":"WebPage","@id":"https:\/\/diarioellabrador.cl\/index.php\/2026\/09\/05\/betis-y-pellegrini-firman-triunfazo-sobre-real-madrid-con-final-de-pelicula-mbappe-perdio-penal\/","url":"https:\/\/diarioellabrador.cl\/index.php\/2026\/09\/05\/betis-y-pellegrini-firman-triunfazo-sobre-real-madrid-con-final-de-pelicula-mbappe-perdio-penal\/","name":"Betis y Pellegrini firman triunfazo sobre Real Madrid con final de pel\u00edcula: Mbapp\u00e9 perdi\u00f3 penal - Diario El Labrador","isPartOf":{"@id":"https:\/\/diarioellabrador.cl\/#website"},"primaryImageOfPage":{"@id":"https:\/\/diarioellabrador.cl\/index.php\/2026\/09\/05\/betis-y-pellegrini-firman-triunfazo-sobre-real-madrid-con-final-de-pelicula-mbappe-perdio-penal\/#primaryimage"},"image":{"@id":"https:\/\/diarioellabrador.cl\/index.php\/2026\/09\/05\/betis-y-pellegrini-firman-triunfazo-sobre-real-madrid-con-final-de-pelicula-mbappe-perdio-penal\/#primaryimage"},"thumbnailUrl":"https:\/\/diarioellabrador.cl\/wp-content\/uploads\/2026\/09\/Betis-y-Pellegrini-firman-triunfazo-sobre-Real-Madrid-con-final-de-pelicula-Mbappe-perdio-penal.jpg","datePublished":"2026-09-05T22:03:00+00:00","breadcrumb":{"@id":"https:\/\/diarioellabrador.cl\/index.php\/2026\/09\/05\/betis-y-pellegrini-firman-triunfazo-sobre-real-madrid-con-final-de-pelicula-mbappe-perdio-penal\/#breadcrumb"},"inLanguage":"es","potentialAction":[{"@type":"ReadAction","target":["https:\/\/diarioellabrador.cl\/index.php\/2026\/09\/05\/betis-y-pellegrini-firman-triunfazo-sobre-real-madrid-con-final-de-pelicula-mbappe-perdio-penal\/"]}]},{"@type":"ImageObject","inLanguage":"es","@id":"https:\/\/diarioellabrador.cl\/index.php\/2026\/09\/05\/betis-y-pellegrini-firman-triunfazo-sobre-real-madrid-con-final-de-pelicula-mbappe-perdio-penal\/#primaryimage","url":"https:\/\/diarioellabrador.cl\/wp-content\/uploads\/2026\/09\/Betis-y-Pellegrini-firman-triunfazo-sobre-Real-Madrid-con-final-de-pelicula-Mbappe-perdio-penal.jpg","contentUrl":"https:\/\/diarioellabrador.cl\/wp-content\/uploads\/2026\/09\/Betis-y-Pellegrini-firman-triunfazo-sobre-Real-Madrid-con-final-de-pelicula-Mbappe-perdio-penal.jpg","width":1280,"height":853},{"@type":"BreadcrumbList","@id":"https:\/\/diarioellabrador.cl\/index.php\/2026\/09\/05\/betis-y-pellegrini-firman-triunfazo-sobre-real-madrid-con-final-de-pelicula-mbappe-perdio-penal\/#breadcrumb","itemListElement":[{"@type":"ListItem","position":1,"name":"Portada","item":"https:\/\/diarioellabrador.cl\/"},{"@type":"ListItem","position":2,"name":"Betis y Pellegrini firman triunfazo sobre Real Madrid con final de pel\u00edcula: Mbapp\u00e9 perdi\u00f3 penal"}]},{"@type":"WebSite","@id":"https:\/\/diarioellabrador.cl\/#website","url":"https:\/\/diarioellabrador.cl\/","name":"Diario El Labrador","description":"Haciendo noticia desde 1921","publisher":{"@id":"https:\/\/diarioellabrador.cl\/#organization"},"potentialAction":[{"@type":"SearchAction","target":{"@type":"EntryPoint","urlTemplate":"https:\/\/diarioellabrador.cl\/?s={search_term_string}"},"query-input":{"@type":"PropertyValueSpecification","valueRequired":true,"valueName":"search_term_string"}}],"inLanguage":"es"},{"@type":"Organization","@id":"https:\/\/diarioellabrador.cl\/#organization","name":"Diario El Labrador","url":"https:\/\/diarioellabrador.cl\/","logo":{"@type":"ImageObject","inLanguage":"es","@id":"https:\/\/diarioellabrador.cl\/#\/schema\/logo\/image\/","url":"https:\/\/diarioellabrador.cl\/wp-content\/uploads\/2025\/02\/cropped-Logo-Icono.png","contentUrl":"https:\/\/diarioellabrador.cl\/wp-content\/uploads\/2025\/02\/cropped-Logo-Icono.png","width":512,"height":512,"caption":"Diario El Labrador"},"image":{"@id":"https:\/\/diarioellabrador.cl\/#\/schema\/logo\/image\/"},"sameAs":["https:\/\/web.facebook.com\/profile.php?id=61576120840621","https:\/\/x.com\/ElLabradorOf","https:\/\/www.instagram.com\/diarioellabradoroficial\/"]},{"@type":"Person","@id":"https:\/\/diarioellabrador.cl\/#\/schema\/person\/bc25ff80b4563f9c7f4bd7855df01685","name":"Editor","image":{"@type":"ImageObject","inLanguage":"es","@id":"https:\/\/secure.gravatar.com\/avatar\/109c326cf2be5c04f048c2c2a2b8b6ef44bf3d8d1d3d4c55d0ac40c4bc994684?s=96&d=initials&r=g&initials=ed","url":"https:\/\/secure.gravatar.com\/avatar\/109c326cf2be5c04f048c2c2a2b8b6ef44bf3d8d1d3d4c55d0ac40c4bc994684?s=96&d=initials&r=g&initials=ed","contentUrl":"https:\/\/secure.gravatar.com\/avatar\/109c326cf2be5c04f048c2c2a2b8b6ef44bf3d8d1d3d4c55d0ac40c4bc994684?s=96&d=initials&r=g&initials=ed","caption":"Editor"},"url":"https:\/\/diarioellabrador.cl\/index.php\/author\/editor\/"}]}},"_links":{"self":[{"href":"https:\/\/diarioellabrador.cl\/index.php\/wp-json\/wp\/v2\/posts\/24565","targetHints":{"allow":["GET"]}}],"collection":[{"href":"https:\/\/diarioellabrador.cl\/index.php\/wp-json\/wp\/v2\/posts"}],"about":[{"href":"https:\/\/diarioellabrador.cl\/index.php\/wp-json\/wp\/v2\/types\/post"}],"author":[{"embeddable":true,"href":"https:\/\/diarioellabrador.cl\/index.php\/wp-json\/wp\/v2\/users\/2"}],"replies":[{"embeddable":true,"href":"https:\/\/diarioellabrador.cl\/index.php\/wp-json\/wp\/v2\/comments?post=24565"}],"version-history":[{"count":1,"href":"https:\/\/diarioellabrador.cl\/index.php\/wp-json\/wp\/v2\/posts\/24565\/revisions"}],"predecessor-version":[{"id":24566,"href":"https:\/\/diarioellabrador.cl\/index.php\/wp-json\/wp\/v2\/posts\/24565\/revisions\/24566"}],"wp:featuredmedia":[{"embeddable":true,"href":"https:\/\/diarioellabrador.cl\/index.php\/wp-json\/wp\/v2\/media\/24554"}],"wp:attachment":[{"href":"https:\/\/diarioellabrador.cl\/index.php\/wp-json\/wp\/v2\/media?parent=24565"}],"wp:term":[{"taxonomy":"category","embeddable":true,"href":"https:\/\/diarioellabrador.cl\/index.php\/wp-json\/wp\/v2\/categories?post=24565"},{"taxonomy":"post_tag","embeddable":true,"href":"https:\/\/diarioellabrador.cl\/index.php\/wp-json\/wp\/v2\/tags?post=24565"}],"curies":[{"name":"wp","href":"https:\/\/api.w.org\/{rel}","templated":true}]}}