{"id":24563,"date":"2026-09-05T18:02:00","date_gmt":"2026-09-05T22:02:00","guid":{"rendered":"https:\/\/diarioellabrador.cl\/?p=24563"},"modified":"2026-09-05T15:56:39","modified_gmt":"2026-09-05T19:56:39","slug":"azul-azul-se-frota-las-manos-la-u-recibira-millonario-monto-con-salto-de-dario-osorio-a-la-premier","status":"publish","type":"post","link":"https:\/\/diarioellabrador.cl\/index.php\/2026\/09\/05\/azul-azul-se-frota-las-manos-la-u-recibira-millonario-monto-con-salto-de-dario-osorio-a-la-premier\/","title":{"rendered":"Azul Azul se frota las manos: La U recibir\u00e1 millonario monto con salto de Dar\u00edo Osorio a la Premier"},"content":{"rendered":"\n<p class=\"wp-block-paragraph\"><strong>Dar\u00edo Osorio<\/strong> es <strong>nuevo jugador del Crystal Palace<\/strong>, elenco de la Premier League, y en <strong>Universidad de Chile<\/strong> ya sacan cuentas.<\/p>\n\n\n\n<p class=\"wp-block-paragraph\">El traspaso desde el <strong>Midtjylland<\/strong> al f\u00fatbol ingl\u00e9s no solo marca un nuevo hito en la carrera del delantero chileno, sino que tambi\u00e9n significar\u00e1 un <strong>importante ingreso para las arcas de Azul Azul.<\/strong><\/p>\n\n\n\n<p class=\"wp-block-paragraph\">El mercado de pases europeo dej\u00f3 una millonaria noticia para La U. Dar\u00edo Osorio es el flamante refuerzo del Crystal Palace, en una operaci\u00f3n que mueve cifras hist\u00f3ricas para el f\u00fatbol dan\u00e9s y que tambi\u00e9n tendr\u00e1 un importante impacto econ\u00f3mico en el cuadro azul.<\/p>\n\n\n\n<p class=\"wp-block-paragraph\">Seg\u00fan confirm\u00f3 el medio dan\u00e9s Bold, el acuerdo entre el Midtjylland y el conjunto ingl\u00e9s se cerr\u00f3 por una cifra cercana a los 210 millones de coronas danesas, equivalentes a unos <strong>28 millones de euros<\/strong>. Sin embargo, considerando las distintas variables contempladas en el negocio, la operaci\u00f3n alcanzar\u00e1 cerca de los 32 millones de euros.<\/p>\n\n\n\n<p class=\"wp-block-paragraph\">Y en La U est\u00e1n atentos a cada detalle. La tienda colegial mantiene un <strong>10% de los derechos econ\u00f3micos de Osorio<\/strong>, porcentaje que le permitir\u00e1 recibir una <strong>importante suma<\/strong>. Si se toma como referencia una obligaci\u00f3n de compra de 30 millones de euros, el club universitario recibir\u00eda cerca de <strong>3 millones de euros<\/strong> solo por su participaci\u00f3n en la carta del jugador.<\/p>\n\n\n\n<p class=\"wp-block-paragraph\">Pero el monto podr\u00eda ser incluso mayor. A esa cifra se sumar\u00eda el dinero correspondiente al mecanismo de solidaridad, beneficio establecido por FIFA para los clubes que participaron en <strong>la formaci\u00f3n<\/strong> de un futbolista.<\/p>\n\n\n\n<p class=\"wp-block-paragraph\">En el caso de Osorio, La U tambi\u00e9n podr\u00eda percibir recursos por este concepto, elevando el ingreso total para Azul Azul a una cifra cercana a los 4 millones de euros.<\/p>\n\n\n\n<p class=\"wp-block-paragraph\">Osorio dej\u00f3 Universidad de Chile en agosto de 2023 para continuar su carrera en el Midtjylland de Dinamarca. En poco m\u00e1s de tres a\u00f1os, el atacante pas\u00f3 de ser una de las grandes promesas formadas en el Centro Deportivo Azul a estar en la \u00f3rbita de clubes de las grandes ligas del Viejo Continente.<\/p>\n\n\n\n<p class=\"wp-block-paragraph\">Su crecimiento en Europa fue determinante para despertar el inter\u00e9s del <strong>Crystal Palace<\/strong>, que decidi\u00f3 apostar fuerte por el delantero chileno.<\/p>\n\n\n\n<p class=\"wp-block-paragraph\">El negocio tambi\u00e9n representa un enorme \u00e9xito para el Midtjylland, que concreta <strong>la venta m\u00e1s cara de su historia<\/strong>. El club dan\u00e9s hab\u00eda establecido una exigencia cercana a los 20 millones de euros para dejar partir al atacante y finalmente conseguir\u00e1 una cifra muy superior.<\/p>\n\n\n\n<p class=\"wp-block-paragraph\"><\/p>\n","protected":false},"excerpt":{"rendered":"<p>Dar\u00edo Osorio es nuevo jugador del Crystal Palace, elenco de la Premier League, y en Universidad de Chile ya sacan cuentas. El traspaso desde el Midtjylland al f\u00fatbol ingl\u00e9s no solo marca un nuevo hito en la carrera del delantero chileno, sino que tambi\u00e9n significar\u00e1 un importante ingreso para las arcas de Azul Azul. El<\/p>\n<div class=\"read-more-wrapper\"><a class=\"read-more\" href=\"https:\/\/diarioellabrador.cl\/index.php\/2026\/09\/05\/azul-azul-se-frota-las-manos-la-u-recibira-millonario-monto-con-salto-de-dario-osorio-a-la-premier\/\" title=\"Leer m\u00e1s\"> <span class=\"button \">Leer m\u00e1s<\/span><\/a><\/div>\n","protected":false},"author":2,"featured_media":24553,"comment_status":"open","ping_status":"open","sticky":false,"template":"","format":"standard","meta":{"footnotes":"","_members_access_role":[],"_members_access_error":""},"categories":[4],"tags":[],"class_list":["post-24563","post","type-post","status-publish","format-standard","has-post-thumbnail","hentry","category-deportes"],"yoast_head":"<!-- This site is optimized with the Yoast SEO plugin v28.4 - https:\/\/yoast.com\/product\/yoast-seo-wordpress\/ -->\n<title>Azul Azul se frota las manos: La U recibir\u00e1 millonario monto con salto de Dar\u00edo Osorio a la Premier - Diario El Labrador<\/title>\n<meta name=\"robots\" content=\"index, follow, max-snippet:-1, max-image-preview:large, max-video-preview:-1\" \/>\n<link rel=\"canonical\" href=\"https:\/\/diarioellabrador.cl\/index.php\/2026\/09\/05\/azul-azul-se-frota-las-manos-la-u-recibira-millonario-monto-con-salto-de-dario-osorio-a-la-premier\/\" \/>\n<meta property=\"og:locale\" content=\"es_ES\" \/>\n<meta property=\"og:type\" content=\"article\" \/>\n<meta property=\"og:title\" content=\"Azul Azul se frota las manos: La U recibir\u00e1 millonario monto con salto de Dar\u00edo Osorio a la Premier - Diario El Labrador\" \/>\n<meta property=\"og:description\" content=\"Dar\u00edo Osorio es nuevo jugador del Crystal Palace, elenco de la Premier League, y en Universidad de Chile ya sacan cuentas. El traspaso desde el Midtjylland al f\u00fatbol ingl\u00e9s no solo marca un nuevo hito en la carrera del delantero chileno, sino que tambi\u00e9n significar\u00e1 un importante ingreso para las arcas de Azul Azul. El Leer m\u00e1s\" \/>\n<meta property=\"og:url\" content=\"https:\/\/diarioellabrador.cl\/index.php\/2026\/09\/05\/azul-azul-se-frota-las-manos-la-u-recibira-millonario-monto-con-salto-de-dario-osorio-a-la-premier\/\" \/>\n<meta property=\"og:site_name\" content=\"Diario El Labrador\" \/>\n<meta property=\"article:publisher\" content=\"https:\/\/web.facebook.com\/profile.php?id=61576120840621\" \/>\n<meta property=\"article:published_time\" content=\"2026-09-05T22:02:00+00:00\" \/>\n<meta property=\"og:image\" content=\"https:\/\/diarioellabrador.cl\/wp-content\/uploads\/2026\/09\/Azul-Azul-se-frota-las-manos-La-U-recibira-millonario-monto-con-salto-de-Dario-Osorio-a-la-Premier.jpg\" \/>\n\t<meta property=\"og:image:width\" content=\"1200\" \/>\n\t<meta property=\"og:image:height\" content=\"740\" \/>\n\t<meta property=\"og:image:type\" content=\"image\/jpeg\" \/>\n<meta name=\"author\" content=\"Editor\" \/>\n<meta name=\"twitter:card\" content=\"summary_large_image\" \/>\n<meta name=\"twitter:creator\" content=\"@ElLabradorOf\" \/>\n<meta name=\"twitter:site\" content=\"@ElLabradorOf\" \/>\n<meta name=\"twitter:label1\" content=\"Escrito por\" \/>\n\t<meta name=\"twitter:data1\" content=\"Editor\" \/>\n\t<meta name=\"twitter:label2\" content=\"Tiempo de lectura\" \/>\n\t<meta name=\"twitter:data2\" content=\"3 minutos\" \/>\n<script type=\"application\/ld+json\" class=\"yoast-schema-graph\">{\"@context\":\"https:\\\/\\\/schema.org\",\"@graph\":[{\"@type\":\"Article\",\"@id\":\"https:\\\/\\\/diarioellabrador.cl\\\/index.php\\\/2026\\\/09\\\/05\\\/azul-azul-se-frota-las-manos-la-u-recibira-millonario-monto-con-salto-de-dario-osorio-a-la-premier\\\/#article\",\"isPartOf\":{\"@id\":\"https:\\\/\\\/diarioellabrador.cl\\\/index.php\\\/2026\\\/09\\\/05\\\/azul-azul-se-frota-las-manos-la-u-recibira-millonario-monto-con-salto-de-dario-osorio-a-la-premier\\\/\"},\"author\":{\"name\":\"Editor\",\"@id\":\"https:\\\/\\\/diarioellabrador.cl\\\/#\\\/schema\\\/person\\\/bc25ff80b4563f9c7f4bd7855df01685\"},\"headline\":\"Azul Azul se frota las manos: La U recibir\u00e1 millonario monto con salto de Dar\u00edo Osorio a la Premier\",\"datePublished\":\"2026-09-05T22:02:00+00:00\",\"mainEntityOfPage\":{\"@id\":\"https:\\\/\\\/diarioellabrador.cl\\\/index.php\\\/2026\\\/09\\\/05\\\/azul-azul-se-frota-las-manos-la-u-recibira-millonario-monto-con-salto-de-dario-osorio-a-la-premier\\\/\"},\"wordCount\":443,\"commentCount\":0,\"publisher\":{\"@id\":\"https:\\\/\\\/diarioellabrador.cl\\\/#organization\"},\"image\":{\"@id\":\"https:\\\/\\\/diarioellabrador.cl\\\/index.php\\\/2026\\\/09\\\/05\\\/azul-azul-se-frota-las-manos-la-u-recibira-millonario-monto-con-salto-de-dario-osorio-a-la-premier\\\/#primaryimage\"},\"thumbnailUrl\":\"https:\\\/\\\/diarioellabrador.cl\\\/wp-content\\\/uploads\\\/2026\\\/09\\\/Azul-Azul-se-frota-las-manos-La-U-recibira-millonario-monto-con-salto-de-Dario-Osorio-a-la-Premier.jpg\",\"articleSection\":[\"Deportes\"],\"inLanguage\":\"es\",\"potentialAction\":[{\"@type\":\"CommentAction\",\"name\":\"Comment\",\"target\":[\"https:\\\/\\\/diarioellabrador.cl\\\/index.php\\\/2026\\\/09\\\/05\\\/azul-azul-se-frota-las-manos-la-u-recibira-millonario-monto-con-salto-de-dario-osorio-a-la-premier\\\/#respond\"]}]},{\"@type\":\"WebPage\",\"@id\":\"https:\\\/\\\/diarioellabrador.cl\\\/index.php\\\/2026\\\/09\\\/05\\\/azul-azul-se-frota-las-manos-la-u-recibira-millonario-monto-con-salto-de-dario-osorio-a-la-premier\\\/\",\"url\":\"https:\\\/\\\/diarioellabrador.cl\\\/index.php\\\/2026\\\/09\\\/05\\\/azul-azul-se-frota-las-manos-la-u-recibira-millonario-monto-con-salto-de-dario-osorio-a-la-premier\\\/\",\"name\":\"Azul Azul se frota las manos: La U recibir\u00e1 millonario monto con salto de Dar\u00edo Osorio a la Premier - Diario El Labrador\",\"isPartOf\":{\"@id\":\"https:\\\/\\\/diarioellabrador.cl\\\/#website\"},\"primaryImageOfPage\":{\"@id\":\"https:\\\/\\\/diarioellabrador.cl\\\/index.php\\\/2026\\\/09\\\/05\\\/azul-azul-se-frota-las-manos-la-u-recibira-millonario-monto-con-salto-de-dario-osorio-a-la-premier\\\/#primaryimage\"},\"image\":{\"@id\":\"https:\\\/\\\/diarioellabrador.cl\\\/index.php\\\/2026\\\/09\\\/05\\\/azul-azul-se-frota-las-manos-la-u-recibira-millonario-monto-con-salto-de-dario-osorio-a-la-premier\\\/#primaryimage\"},\"thumbnailUrl\":\"https:\\\/\\\/diarioellabrador.cl\\\/wp-content\\\/uploads\\\/2026\\\/09\\\/Azul-Azul-se-frota-las-manos-La-U-recibira-millonario-monto-con-salto-de-Dario-Osorio-a-la-Premier.jpg\",\"datePublished\":\"2026-09-05T22:02:00+00:00\",\"breadcrumb\":{\"@id\":\"https:\\\/\\\/diarioellabrador.cl\\\/index.php\\\/2026\\\/09\\\/05\\\/azul-azul-se-frota-las-manos-la-u-recibira-millonario-monto-con-salto-de-dario-osorio-a-la-premier\\\/#breadcrumb\"},\"inLanguage\":\"es\",\"potentialAction\":[{\"@type\":\"ReadAction\",\"target\":[\"https:\\\/\\\/diarioellabrador.cl\\\/index.php\\\/2026\\\/09\\\/05\\\/azul-azul-se-frota-las-manos-la-u-recibira-millonario-monto-con-salto-de-dario-osorio-a-la-premier\\\/\"]}]},{\"@type\":\"ImageObject\",\"inLanguage\":\"es\",\"@id\":\"https:\\\/\\\/diarioellabrador.cl\\\/index.php\\\/2026\\\/09\\\/05\\\/azul-azul-se-frota-las-manos-la-u-recibira-millonario-monto-con-salto-de-dario-osorio-a-la-premier\\\/#primaryimage\",\"url\":\"https:\\\/\\\/diarioellabrador.cl\\\/wp-content\\\/uploads\\\/2026\\\/09\\\/Azul-Azul-se-frota-las-manos-La-U-recibira-millonario-monto-con-salto-de-Dario-Osorio-a-la-Premier.jpg\",\"contentUrl\":\"https:\\\/\\\/diarioellabrador.cl\\\/wp-content\\\/uploads\\\/2026\\\/09\\\/Azul-Azul-se-frota-las-manos-La-U-recibira-millonario-monto-con-salto-de-Dario-Osorio-a-la-Premier.jpg\",\"width\":1200,\"height\":740},{\"@type\":\"BreadcrumbList\",\"@id\":\"https:\\\/\\\/diarioellabrador.cl\\\/index.php\\\/2026\\\/09\\\/05\\\/azul-azul-se-frota-las-manos-la-u-recibira-millonario-monto-con-salto-de-dario-osorio-a-la-premier\\\/#breadcrumb\",\"itemListElement\":[{\"@type\":\"ListItem\",\"position\":1,\"name\":\"Portada\",\"item\":\"https:\\\/\\\/diarioellabrador.cl\\\/\"},{\"@type\":\"ListItem\",\"position\":2,\"name\":\"Azul Azul se frota las manos: La U recibir\u00e1 millonario monto con salto de Dar\u00edo Osorio a la Premier\"}]},{\"@type\":\"WebSite\",\"@id\":\"https:\\\/\\\/diarioellabrador.cl\\\/#website\",\"url\":\"https:\\\/\\\/diarioellabrador.cl\\\/\",\"name\":\"Diario El Labrador\",\"description\":\"Haciendo noticia desde 1921\",\"publisher\":{\"@id\":\"https:\\\/\\\/diarioellabrador.cl\\\/#organization\"},\"potentialAction\":[{\"@type\":\"SearchAction\",\"target\":{\"@type\":\"EntryPoint\",\"urlTemplate\":\"https:\\\/\\\/diarioellabrador.cl\\\/?s={search_term_string}\"},\"query-input\":{\"@type\":\"PropertyValueSpecification\",\"valueRequired\":true,\"valueName\":\"search_term_string\"}}],\"inLanguage\":\"es\"},{\"@type\":\"Organization\",\"@id\":\"https:\\\/\\\/diarioellabrador.cl\\\/#organization\",\"name\":\"Diario El Labrador\",\"url\":\"https:\\\/\\\/diarioellabrador.cl\\\/\",\"logo\":{\"@type\":\"ImageObject\",\"inLanguage\":\"es\",\"@id\":\"https:\\\/\\\/diarioellabrador.cl\\\/#\\\/schema\\\/logo\\\/image\\\/\",\"url\":\"https:\\\/\\\/diarioellabrador.cl\\\/wp-content\\\/uploads\\\/2025\\\/02\\\/cropped-Logo-Icono.png\",\"contentUrl\":\"https:\\\/\\\/diarioellabrador.cl\\\/wp-content\\\/uploads\\\/2025\\\/02\\\/cropped-Logo-Icono.png\",\"width\":512,\"height\":512,\"caption\":\"Diario El Labrador\"},\"image\":{\"@id\":\"https:\\\/\\\/diarioellabrador.cl\\\/#\\\/schema\\\/logo\\\/image\\\/\"},\"sameAs\":[\"https:\\\/\\\/web.facebook.com\\\/profile.php?id=61576120840621\",\"https:\\\/\\\/x.com\\\/ElLabradorOf\",\"https:\\\/\\\/www.instagram.com\\\/diarioellabradoroficial\\\/\"]},{\"@type\":\"Person\",\"@id\":\"https:\\\/\\\/diarioellabrador.cl\\\/#\\\/schema\\\/person\\\/bc25ff80b4563f9c7f4bd7855df01685\",\"name\":\"Editor\",\"image\":{\"@type\":\"ImageObject\",\"inLanguage\":\"es\",\"@id\":\"https:\\\/\\\/secure.gravatar.com\\\/avatar\\\/109c326cf2be5c04f048c2c2a2b8b6ef44bf3d8d1d3d4c55d0ac40c4bc994684?s=96&d=initials&r=g&initials=ed\",\"url\":\"https:\\\/\\\/secure.gravatar.com\\\/avatar\\\/109c326cf2be5c04f048c2c2a2b8b6ef44bf3d8d1d3d4c55d0ac40c4bc994684?s=96&d=initials&r=g&initials=ed\",\"contentUrl\":\"https:\\\/\\\/secure.gravatar.com\\\/avatar\\\/109c326cf2be5c04f048c2c2a2b8b6ef44bf3d8d1d3d4c55d0ac40c4bc994684?s=96&d=initials&r=g&initials=ed\",\"caption\":\"Editor\"},\"url\":\"https:\\\/\\\/diarioellabrador.cl\\\/index.php\\\/author\\\/editor\\\/\"}]}<\/script>\n<!-- \/ Yoast SEO plugin. -->","yoast_head_json":{"title":"Azul Azul se frota las manos: La U recibir\u00e1 millonario monto con salto de Dar\u00edo Osorio a la Premier - Diario El Labrador","robots":{"index":"index","follow":"follow","max-snippet":"max-snippet:-1","max-image-preview":"max-image-preview:large","max-video-preview":"max-video-preview:-1"},"canonical":"https:\/\/diarioellabrador.cl\/index.php\/2026\/09\/05\/azul-azul-se-frota-las-manos-la-u-recibira-millonario-monto-con-salto-de-dario-osorio-a-la-premier\/","og_locale":"es_ES","og_type":"article","og_title":"Azul Azul se frota las manos: La U recibir\u00e1 millonario monto con salto de Dar\u00edo Osorio a la Premier - Diario El Labrador","og_description":"Dar\u00edo Osorio es nuevo jugador del Crystal Palace, elenco de la Premier League, y en Universidad de Chile ya sacan cuentas. El traspaso desde el Midtjylland al f\u00fatbol ingl\u00e9s no solo marca un nuevo hito en la carrera del delantero chileno, sino que tambi\u00e9n significar\u00e1 un importante ingreso para las arcas de Azul Azul. El Leer m\u00e1s","og_url":"https:\/\/diarioellabrador.cl\/index.php\/2026\/09\/05\/azul-azul-se-frota-las-manos-la-u-recibira-millonario-monto-con-salto-de-dario-osorio-a-la-premier\/","og_site_name":"Diario El Labrador","article_publisher":"https:\/\/web.facebook.com\/profile.php?id=61576120840621","article_published_time":"2026-09-05T22:02:00+00:00","og_image":[{"width":1200,"height":740,"url":"https:\/\/diarioellabrador.cl\/wp-content\/uploads\/2026\/09\/Azul-Azul-se-frota-las-manos-La-U-recibira-millonario-monto-con-salto-de-Dario-Osorio-a-la-Premier.jpg","type":"image\/jpeg"}],"author":"Editor","twitter_card":"summary_large_image","twitter_creator":"@ElLabradorOf","twitter_site":"@ElLabradorOf","twitter_misc":{"Escrito por":"Editor","Tiempo de lectura":"3 minutos"},"schema":{"@context":"https:\/\/schema.org","@graph":[{"@type":"Article","@id":"https:\/\/diarioellabrador.cl\/index.php\/2026\/09\/05\/azul-azul-se-frota-las-manos-la-u-recibira-millonario-monto-con-salto-de-dario-osorio-a-la-premier\/#article","isPartOf":{"@id":"https:\/\/diarioellabrador.cl\/index.php\/2026\/09\/05\/azul-azul-se-frota-las-manos-la-u-recibira-millonario-monto-con-salto-de-dario-osorio-a-la-premier\/"},"author":{"name":"Editor","@id":"https:\/\/diarioellabrador.cl\/#\/schema\/person\/bc25ff80b4563f9c7f4bd7855df01685"},"headline":"Azul Azul se frota las manos: La U recibir\u00e1 millonario monto con salto de Dar\u00edo Osorio a la Premier","datePublished":"2026-09-05T22:02:00+00:00","mainEntityOfPage":{"@id":"https:\/\/diarioellabrador.cl\/index.php\/2026\/09\/05\/azul-azul-se-frota-las-manos-la-u-recibira-millonario-monto-con-salto-de-dario-osorio-a-la-premier\/"},"wordCount":443,"commentCount":0,"publisher":{"@id":"https:\/\/diarioellabrador.cl\/#organization"},"image":{"@id":"https:\/\/diarioellabrador.cl\/index.php\/2026\/09\/05\/azul-azul-se-frota-las-manos-la-u-recibira-millonario-monto-con-salto-de-dario-osorio-a-la-premier\/#primaryimage"},"thumbnailUrl":"https:\/\/diarioellabrador.cl\/wp-content\/uploads\/2026\/09\/Azul-Azul-se-frota-las-manos-La-U-recibira-millonario-monto-con-salto-de-Dario-Osorio-a-la-Premier.jpg","articleSection":["Deportes"],"inLanguage":"es","potentialAction":[{"@type":"CommentAction","name":"Comment","target":["https:\/\/diarioellabrador.cl\/index.php\/2026\/09\/05\/azul-azul-se-frota-las-manos-la-u-recibira-millonario-monto-con-salto-de-dario-osorio-a-la-premier\/#respond"]}]},{"@type":"WebPage","@id":"https:\/\/diarioellabrador.cl\/index.php\/2026\/09\/05\/azul-azul-se-frota-las-manos-la-u-recibira-millonario-monto-con-salto-de-dario-osorio-a-la-premier\/","url":"https:\/\/diarioellabrador.cl\/index.php\/2026\/09\/05\/azul-azul-se-frota-las-manos-la-u-recibira-millonario-monto-con-salto-de-dario-osorio-a-la-premier\/","name":"Azul Azul se frota las manos: La U recibir\u00e1 millonario monto con salto de Dar\u00edo Osorio a la Premier - Diario El Labrador","isPartOf":{"@id":"https:\/\/diarioellabrador.cl\/#website"},"primaryImageOfPage":{"@id":"https:\/\/diarioellabrador.cl\/index.php\/2026\/09\/05\/azul-azul-se-frota-las-manos-la-u-recibira-millonario-monto-con-salto-de-dario-osorio-a-la-premier\/#primaryimage"},"image":{"@id":"https:\/\/diarioellabrador.cl\/index.php\/2026\/09\/05\/azul-azul-se-frota-las-manos-la-u-recibira-millonario-monto-con-salto-de-dario-osorio-a-la-premier\/#primaryimage"},"thumbnailUrl":"https:\/\/diarioellabrador.cl\/wp-content\/uploads\/2026\/09\/Azul-Azul-se-frota-las-manos-La-U-recibira-millonario-monto-con-salto-de-Dario-Osorio-a-la-Premier.jpg","datePublished":"2026-09-05T22:02:00+00:00","breadcrumb":{"@id":"https:\/\/diarioellabrador.cl\/index.php\/2026\/09\/05\/azul-azul-se-frota-las-manos-la-u-recibira-millonario-monto-con-salto-de-dario-osorio-a-la-premier\/#breadcrumb"},"inLanguage":"es","potentialAction":[{"@type":"ReadAction","target":["https:\/\/diarioellabrador.cl\/index.php\/2026\/09\/05\/azul-azul-se-frota-las-manos-la-u-recibira-millonario-monto-con-salto-de-dario-osorio-a-la-premier\/"]}]},{"@type":"ImageObject","inLanguage":"es","@id":"https:\/\/diarioellabrador.cl\/index.php\/2026\/09\/05\/azul-azul-se-frota-las-manos-la-u-recibira-millonario-monto-con-salto-de-dario-osorio-a-la-premier\/#primaryimage","url":"https:\/\/diarioellabrador.cl\/wp-content\/uploads\/2026\/09\/Azul-Azul-se-frota-las-manos-La-U-recibira-millonario-monto-con-salto-de-Dario-Osorio-a-la-Premier.jpg","contentUrl":"https:\/\/diarioellabrador.cl\/wp-content\/uploads\/2026\/09\/Azul-Azul-se-frota-las-manos-La-U-recibira-millonario-monto-con-salto-de-Dario-Osorio-a-la-Premier.jpg","width":1200,"height":740},{"@type":"BreadcrumbList","@id":"https:\/\/diarioellabrador.cl\/index.php\/2026\/09\/05\/azul-azul-se-frota-las-manos-la-u-recibira-millonario-monto-con-salto-de-dario-osorio-a-la-premier\/#breadcrumb","itemListElement":[{"@type":"ListItem","position":1,"name":"Portada","item":"https:\/\/diarioellabrador.cl\/"},{"@type":"ListItem","position":2,"name":"Azul Azul se frota las manos: La U recibir\u00e1 millonario monto con salto de Dar\u00edo Osorio a la Premier"}]},{"@type":"WebSite","@id":"https:\/\/diarioellabrador.cl\/#website","url":"https:\/\/diarioellabrador.cl\/","name":"Diario El Labrador","description":"Haciendo noticia desde 1921","publisher":{"@id":"https:\/\/diarioellabrador.cl\/#organization"},"potentialAction":[{"@type":"SearchAction","target":{"@type":"EntryPoint","urlTemplate":"https:\/\/diarioellabrador.cl\/?s={search_term_string}"},"query-input":{"@type":"PropertyValueSpecification","valueRequired":true,"valueName":"search_term_string"}}],"inLanguage":"es"},{"@type":"Organization","@id":"https:\/\/diarioellabrador.cl\/#organization","name":"Diario El Labrador","url":"https:\/\/diarioellabrador.cl\/","logo":{"@type":"ImageObject","inLanguage":"es","@id":"https:\/\/diarioellabrador.cl\/#\/schema\/logo\/image\/","url":"https:\/\/diarioellabrador.cl\/wp-content\/uploads\/2025\/02\/cropped-Logo-Icono.png","contentUrl":"https:\/\/diarioellabrador.cl\/wp-content\/uploads\/2025\/02\/cropped-Logo-Icono.png","width":512,"height":512,"caption":"Diario El Labrador"},"image":{"@id":"https:\/\/diarioellabrador.cl\/#\/schema\/logo\/image\/"},"sameAs":["https:\/\/web.facebook.com\/profile.php?id=61576120840621","https:\/\/x.com\/ElLabradorOf","https:\/\/www.instagram.com\/diarioellabradoroficial\/"]},{"@type":"Person","@id":"https:\/\/diarioellabrador.cl\/#\/schema\/person\/bc25ff80b4563f9c7f4bd7855df01685","name":"Editor","image":{"@type":"ImageObject","inLanguage":"es","@id":"https:\/\/secure.gravatar.com\/avatar\/109c326cf2be5c04f048c2c2a2b8b6ef44bf3d8d1d3d4c55d0ac40c4bc994684?s=96&d=initials&r=g&initials=ed","url":"https:\/\/secure.gravatar.com\/avatar\/109c326cf2be5c04f048c2c2a2b8b6ef44bf3d8d1d3d4c55d0ac40c4bc994684?s=96&d=initials&r=g&initials=ed","contentUrl":"https:\/\/secure.gravatar.com\/avatar\/109c326cf2be5c04f048c2c2a2b8b6ef44bf3d8d1d3d4c55d0ac40c4bc994684?s=96&d=initials&r=g&initials=ed","caption":"Editor"},"url":"https:\/\/diarioellabrador.cl\/index.php\/author\/editor\/"}]}},"_links":{"self":[{"href":"https:\/\/diarioellabrador.cl\/index.php\/wp-json\/wp\/v2\/posts\/24563","targetHints":{"allow":["GET"]}}],"collection":[{"href":"https:\/\/diarioellabrador.cl\/index.php\/wp-json\/wp\/v2\/posts"}],"about":[{"href":"https:\/\/diarioellabrador.cl\/index.php\/wp-json\/wp\/v2\/types\/post"}],"author":[{"embeddable":true,"href":"https:\/\/diarioellabrador.cl\/index.php\/wp-json\/wp\/v2\/users\/2"}],"replies":[{"embeddable":true,"href":"https:\/\/diarioellabrador.cl\/index.php\/wp-json\/wp\/v2\/comments?post=24563"}],"version-history":[{"count":1,"href":"https:\/\/diarioellabrador.cl\/index.php\/wp-json\/wp\/v2\/posts\/24563\/revisions"}],"predecessor-version":[{"id":24564,"href":"https:\/\/diarioellabrador.cl\/index.php\/wp-json\/wp\/v2\/posts\/24563\/revisions\/24564"}],"wp:featuredmedia":[{"embeddable":true,"href":"https:\/\/diarioellabrador.cl\/index.php\/wp-json\/wp\/v2\/media\/24553"}],"wp:attachment":[{"href":"https:\/\/diarioellabrador.cl\/index.php\/wp-json\/wp\/v2\/media?parent=24563"}],"wp:term":[{"taxonomy":"category","embeddable":true,"href":"https:\/\/diarioellabrador.cl\/index.php\/wp-json\/wp\/v2\/categories?post=24563"},{"taxonomy":"post_tag","embeddable":true,"href":"https:\/\/diarioellabrador.cl\/index.php\/wp-json\/wp\/v2\/tags?post=24563"}],"curies":[{"name":"wp","href":"https:\/\/api.w.org\/{rel}","templated":true}]}}