{"id":24530,"date":"2026-09-05T18:01:00","date_gmt":"2026-09-05T22:01:00","guid":{"rendered":"https:\/\/diarioellabrador.cl\/?p=24530"},"modified":"2026-09-05T15:54:26","modified_gmt":"2026-09-05T19:54:26","slug":"tijerales-marcaron-los-preparativos-finales-para-la-29a-semana-de-la-chilenidad","status":"publish","type":"post","link":"https:\/\/diarioellabrador.cl\/index.php\/2026\/09\/05\/tijerales-marcaron-los-preparativos-finales-para-la-29a-semana-de-la-chilenidad\/","title":{"rendered":"Tijerales marcaron los preparativos finales para la 29\u00aa Semana de la Chilenidad"},"content":{"rendered":"\n<p class=\"wp-block-paragraph\"><strong><em>Por<\/em><\/strong> <a href=\"https:\/\/www.caballoyrodeo.cl\/portal_rodeo\/site\/artic\/20260526\/pags\/20260526183238.html\"><strong><em>Fernanda Silva Rodr\u00edguez<\/em><\/strong><\/a><strong><em><\/em><\/strong><\/p>\n\n\n\n<p class=\"wp-block-paragraph\"><strong><em>La ceremonia realizada en el Parque Padre Hurtado reconoci\u00f3 el trabajo detr\u00e1s de la organizaci\u00f3n de la tradicional fiesta.<\/em><\/strong><\/p>\n\n\n\n<p class=\"wp-block-paragraph\">Los tradicionales <strong>tijerales<\/strong> dieron este viernes el puntapi\u00e9 inicial a la <strong>29\u00aa Semana de la Chilenidad<\/strong>, marcando simb\u00f3licamente el comienzo de la cuenta regresiva para una nueva edici\u00f3n de esta fiesta que cada septiembre lleva las tradiciones del campo al coraz\u00f3n de Santiago.<\/p>\n\n\n\n<p class=\"wp-block-paragraph\">La ceremonia se realiz\u00f3 en el <strong>Parque Padre Hurtado<\/strong> y cont\u00f3 con la presencia de autoridades de Las Condes, La Reina y Vitacura, dirigentes de la Federaci\u00f3n de Criadores de Caballos Raza Chilena, trabajadores y representantes de las distintas organizaciones que participaron en la preparaci\u00f3n de la gran semana.<\/p>\n\n\n\n<p class=\"wp-block-paragraph\">La jornada incluy\u00f3 el tradicional izamiento de la bandera y dio inicio a los preparativos finales para el evento, que <strong>se desarrollar\u00e1 los d\u00edas 12 y 13, y luego entre el 16 y el 20 de septiembre<\/strong>.&nbsp;<\/p>\n\n\n\n<p class=\"wp-block-paragraph\">El presidente de la Federaci\u00f3n de Criadores de Caballos Raza Chilena, <strong>Roberto Standen,<\/strong> coment\u00f3 que esta ceremonia busca poner en valor el trabajo de quienes muchas veces permanecen detr\u00e1s de escena: \u00ab<strong>Los tijerales es para la gente que trabaja, para todas las personas que est\u00e1n en esta Semana y que no se ven<\/strong>. Entonces, la Federaci\u00f3n hace esto en honor a ellos, para retribuirle un poco todo el sacrificio y todo el trabajo\u00bb.<\/p>\n\n\n\n<p class=\"wp-block-paragraph\">Para el alcalde de La Reina, <strong>Jos\u00e9 Manuel Palacios<\/strong>, la continuidad del encuentro refleja el v\u00ednculo que existe entre las familias de Santiago y las tradiciones nacionales: \u00abHay una celebraci\u00f3n que se ha consolidado ya a lo largo de los a\u00f1os y que <strong>realmente cumple con todas las expectativas que uno quisiera cuando piensa en las fiestas patrias nacionales<\/strong>\u00ab.<\/p>\n\n\n\n<p class=\"wp-block-paragraph\">Desde Vitacura, la alcaldesa <strong>Camila Merino<\/strong> puso el foco en el trabajo de los equipos que hacen posible que la celebraci\u00f3n pueda desarrollarse durante septiembre: \u00abEsto se trabaja durante muchas semanas y hay mucho tiempo para que todo resulte a la perfecci\u00f3n, as\u00ed que <strong>gracias a los funcionarios que est\u00e1n antes y durante las celebraciones de la Semana de la Chilenidad<\/strong>\u00ab.<\/p>\n\n\n\n<p class=\"wp-block-paragraph\">Por otro lado, la alcaldesa de Las Condes, <strong>Catalina San Mart\u00edn<\/strong>, destac\u00f3 el car\u00e1cter familiar que busca mantener la Semana de la Chilenidad como espacio de encuentro durante las Fiestas Patrias: \u00ab<strong>Nosotros queremos que este sea un lugar de encuentro, donde la familia est\u00e1 convocada<\/strong>, donde tenemos que pasarlo bien y donde, sin duda, vamos a celebrar este 18 como corresponde\u00bb.<\/p>\n\n\n\n<h3 class=\"wp-block-heading\">29 a\u00f1os de historia<\/h3>\n\n\n\n<p class=\"wp-block-paragraph\">Los tijerales tambi\u00e9n fueron una oportunidad para mirar la trayectoria que ha tenido esta celebraci\u00f3n desde sus primeros a\u00f1os. <strong>Sergio Covarrubias<\/strong>, director honorario de la Federaci\u00f3n de Criadores de Caballos Raza Chilena, record\u00f3 como este gran encuentro parti\u00f3 como una peque\u00f1a propuesta.&nbsp;<\/p>\n\n\n\n<p class=\"wp-block-paragraph\">\u00abSon 29 a\u00f1os y ya perdimos la sensibilidad de ponernos nerviosos. Entonces, <strong>esto es ya un hito dentro de todas las actividades de las tres municipalidades y tambi\u00e9n de la Federaci\u00f3n<\/strong>\u00ab, comparti\u00f3 Covarrubias.<\/p>\n\n\n\n<p class=\"wp-block-paragraph\">Sobre la Semana de la Chilenidad, <strong>Jos\u00e9 Miguel Mu\u00f1oz<\/strong>, gerente del evento, adelant\u00f3 algunas de las actividades que tendr\u00e1 esta edici\u00f3n: \u00abTenemos cinco d\u00edas en una semana un poco anormal a lo que esperamos: <strong>partimos el 12 y 13, y retomamos la Semana de la Chilenidad del 16 al 20<\/strong>\u00ab.&nbsp;<\/p>\n\n\n\n<p class=\"wp-block-paragraph\">\u00abTenemos dos estelares, Entremares el d\u00eda 12 y Kramer el 17, y del 17 al 20 tenemos un bloque infantil exclusivamente pensado para los ni\u00f1os y en la familia\u00bb, agreg\u00f3.<\/p>\n\n\n\n<p class=\"wp-block-paragraph\">A esto se suman las tradicionales actividades ecuestres, exposiciones y distintas muestras vinculadas al mundo rural, que nuevamente tendr\u00e1n al caballo chileno como uno de los protagonistas del encuentro.&nbsp;<\/p>\n\n\n\n<p class=\"wp-block-paragraph\">En ese sentido, el director de la Federaci\u00f3n del Rodeo Chileno, <strong>Faruk Touma<\/strong>, destac\u00f3 que esta celebraci\u00f3n acerca las tradiciones a quienes no tienen un v\u00ednculo con el campo: \u00ab<strong>Es una fiesta muy hermosa porque traemos el campo a la ciudad<\/strong>. Quedan felices los ni\u00f1os, los pap\u00e1s, los abuelos conociendo esta belleza\u00bb, agreg\u00f3 Touma.<\/p>\n\n\n\n<p class=\"wp-block-paragraph\">En la misma l\u00ednea, el biministro de Econom\u00eda, Fomento y Turismo y de Miner\u00eda, <strong>Daniel Mas<\/strong>, valor\u00f3 el aporte de la Semana de la Chilenidad a la conservaci\u00f3n y transmisi\u00f3n de estas tradiciones:\u00bb<strong>La Semana de la Chilenidad mantiene viva esa identidad cultural que se transmite generaci\u00f3n en generaci\u00f3n<\/strong>\u00ab.&nbsp;<\/p>\n\n\n\n<p class=\"wp-block-paragraph\">\u00abVer a j\u00f3venes y estudiantes, bailar nuestra cueca y a los clubes de huasos preservar nuestras disciplinas criollas <strong>nos recuerda que estas tradiciones no son s\u00f3lo memoria, sino un patrimonio vivo que proyectamos hacia el futuro<\/strong>\u00ab, cerr\u00f3.<\/p>\n\n\n\n<p class=\"wp-block-paragraph\"><\/p>\n","protected":false},"excerpt":{"rendered":"<p>Por Fernanda Silva Rodr\u00edguez La ceremonia realizada en el Parque Padre Hurtado reconoci\u00f3 el trabajo detr\u00e1s de la organizaci\u00f3n de la tradicional fiesta. Los tradicionales tijerales dieron este viernes el puntapi\u00e9 inicial a la 29\u00aa Semana de la Chilenidad, marcando simb\u00f3licamente el comienzo de la cuenta regresiva para una nueva edici\u00f3n de esta fiesta que<\/p>\n<div class=\"read-more-wrapper\"><a class=\"read-more\" href=\"https:\/\/diarioellabrador.cl\/index.php\/2026\/09\/05\/tijerales-marcaron-los-preparativos-finales-para-la-29a-semana-de-la-chilenidad\/\" title=\"Leer m\u00e1s\"> <span class=\"button \">Leer m\u00e1s<\/span><\/a><\/div>\n","protected":false},"author":2,"featured_media":24552,"comment_status":"open","ping_status":"open","sticky":false,"template":"","format":"standard","meta":{"footnotes":"","_members_access_role":[],"_members_access_error":""},"categories":[5],"tags":[],"class_list":["post-24530","post","type-post","status-publish","format-standard","has-post-thumbnail","hentry","category-rodeo"],"yoast_head":"<!-- This site is optimized with the Yoast SEO plugin v28.4 - https:\/\/yoast.com\/product\/yoast-seo-wordpress\/ -->\n<title>Tijerales marcaron los preparativos finales para la 29\u00aa Semana de la Chilenidad - Diario El Labrador<\/title>\n<meta name=\"robots\" content=\"index, follow, max-snippet:-1, max-image-preview:large, max-video-preview:-1\" \/>\n<link rel=\"canonical\" href=\"https:\/\/diarioellabrador.cl\/index.php\/2026\/09\/05\/tijerales-marcaron-los-preparativos-finales-para-la-29a-semana-de-la-chilenidad\/\" \/>\n<meta property=\"og:locale\" content=\"es_ES\" \/>\n<meta property=\"og:type\" content=\"article\" \/>\n<meta property=\"og:title\" content=\"Tijerales marcaron los preparativos finales para la 29\u00aa Semana de la Chilenidad - Diario El Labrador\" \/>\n<meta property=\"og:description\" content=\"Por Fernanda Silva Rodr\u00edguez La ceremonia realizada en el Parque Padre Hurtado reconoci\u00f3 el trabajo detr\u00e1s de la organizaci\u00f3n de la tradicional fiesta. Los tradicionales tijerales dieron este viernes el puntapi\u00e9 inicial a la 29\u00aa Semana de la Chilenidad, marcando simb\u00f3licamente el comienzo de la cuenta regresiva para una nueva edici\u00f3n de esta fiesta que Leer m\u00e1s\" \/>\n<meta property=\"og:url\" content=\"https:\/\/diarioellabrador.cl\/index.php\/2026\/09\/05\/tijerales-marcaron-los-preparativos-finales-para-la-29a-semana-de-la-chilenidad\/\" \/>\n<meta property=\"og:site_name\" content=\"Diario El Labrador\" \/>\n<meta property=\"article:publisher\" content=\"https:\/\/web.facebook.com\/profile.php?id=61576120840621\" \/>\n<meta property=\"article:published_time\" content=\"2026-09-05T22:01:00+00:00\" \/>\n<meta property=\"og:image\" content=\"https:\/\/diarioellabrador.cl\/wp-content\/uploads\/2026\/09\/Tijerales-marcaron-los-preparativos-finales-para-la-29a-Semana-de-la-Chilenidad.jpg\" \/>\n\t<meta property=\"og:image:width\" content=\"711\" \/>\n\t<meta property=\"og:image:height\" content=\"400\" \/>\n\t<meta property=\"og:image:type\" content=\"image\/jpeg\" \/>\n<meta name=\"author\" content=\"Editor\" \/>\n<meta name=\"twitter:card\" content=\"summary_large_image\" \/>\n<meta name=\"twitter:creator\" content=\"@ElLabradorOf\" \/>\n<meta name=\"twitter:site\" content=\"@ElLabradorOf\" \/>\n<meta name=\"twitter:label1\" content=\"Escrito por\" \/>\n\t<meta name=\"twitter:data1\" content=\"Editor\" \/>\n\t<meta name=\"twitter:label2\" content=\"Tiempo de lectura\" \/>\n\t<meta name=\"twitter:data2\" content=\"4 minutos\" \/>\n<script type=\"application\/ld+json\" class=\"yoast-schema-graph\">{\"@context\":\"https:\\\/\\\/schema.org\",\"@graph\":[{\"@type\":\"Article\",\"@id\":\"https:\\\/\\\/diarioellabrador.cl\\\/index.php\\\/2026\\\/09\\\/05\\\/tijerales-marcaron-los-preparativos-finales-para-la-29a-semana-de-la-chilenidad\\\/#article\",\"isPartOf\":{\"@id\":\"https:\\\/\\\/diarioellabrador.cl\\\/index.php\\\/2026\\\/09\\\/05\\\/tijerales-marcaron-los-preparativos-finales-para-la-29a-semana-de-la-chilenidad\\\/\"},\"author\":{\"name\":\"Editor\",\"@id\":\"https:\\\/\\\/diarioellabrador.cl\\\/#\\\/schema\\\/person\\\/bc25ff80b4563f9c7f4bd7855df01685\"},\"headline\":\"Tijerales marcaron los preparativos finales para la 29\u00aa Semana de la Chilenidad\",\"datePublished\":\"2026-09-05T22:01:00+00:00\",\"mainEntityOfPage\":{\"@id\":\"https:\\\/\\\/diarioellabrador.cl\\\/index.php\\\/2026\\\/09\\\/05\\\/tijerales-marcaron-los-preparativos-finales-para-la-29a-semana-de-la-chilenidad\\\/\"},\"wordCount\":784,\"commentCount\":0,\"publisher\":{\"@id\":\"https:\\\/\\\/diarioellabrador.cl\\\/#organization\"},\"image\":{\"@id\":\"https:\\\/\\\/diarioellabrador.cl\\\/index.php\\\/2026\\\/09\\\/05\\\/tijerales-marcaron-los-preparativos-finales-para-la-29a-semana-de-la-chilenidad\\\/#primaryimage\"},\"thumbnailUrl\":\"https:\\\/\\\/diarioellabrador.cl\\\/wp-content\\\/uploads\\\/2026\\\/09\\\/Tijerales-marcaron-los-preparativos-finales-para-la-29a-Semana-de-la-Chilenidad.jpg\",\"articleSection\":[\"Rodeo\"],\"inLanguage\":\"es\",\"potentialAction\":[{\"@type\":\"CommentAction\",\"name\":\"Comment\",\"target\":[\"https:\\\/\\\/diarioellabrador.cl\\\/index.php\\\/2026\\\/09\\\/05\\\/tijerales-marcaron-los-preparativos-finales-para-la-29a-semana-de-la-chilenidad\\\/#respond\"]}]},{\"@type\":\"WebPage\",\"@id\":\"https:\\\/\\\/diarioellabrador.cl\\\/index.php\\\/2026\\\/09\\\/05\\\/tijerales-marcaron-los-preparativos-finales-para-la-29a-semana-de-la-chilenidad\\\/\",\"url\":\"https:\\\/\\\/diarioellabrador.cl\\\/index.php\\\/2026\\\/09\\\/05\\\/tijerales-marcaron-los-preparativos-finales-para-la-29a-semana-de-la-chilenidad\\\/\",\"name\":\"Tijerales marcaron los preparativos finales para la 29\u00aa Semana de la Chilenidad - Diario El Labrador\",\"isPartOf\":{\"@id\":\"https:\\\/\\\/diarioellabrador.cl\\\/#website\"},\"primaryImageOfPage\":{\"@id\":\"https:\\\/\\\/diarioellabrador.cl\\\/index.php\\\/2026\\\/09\\\/05\\\/tijerales-marcaron-los-preparativos-finales-para-la-29a-semana-de-la-chilenidad\\\/#primaryimage\"},\"image\":{\"@id\":\"https:\\\/\\\/diarioellabrador.cl\\\/index.php\\\/2026\\\/09\\\/05\\\/tijerales-marcaron-los-preparativos-finales-para-la-29a-semana-de-la-chilenidad\\\/#primaryimage\"},\"thumbnailUrl\":\"https:\\\/\\\/diarioellabrador.cl\\\/wp-content\\\/uploads\\\/2026\\\/09\\\/Tijerales-marcaron-los-preparativos-finales-para-la-29a-Semana-de-la-Chilenidad.jpg\",\"datePublished\":\"2026-09-05T22:01:00+00:00\",\"breadcrumb\":{\"@id\":\"https:\\\/\\\/diarioellabrador.cl\\\/index.php\\\/2026\\\/09\\\/05\\\/tijerales-marcaron-los-preparativos-finales-para-la-29a-semana-de-la-chilenidad\\\/#breadcrumb\"},\"inLanguage\":\"es\",\"potentialAction\":[{\"@type\":\"ReadAction\",\"target\":[\"https:\\\/\\\/diarioellabrador.cl\\\/index.php\\\/2026\\\/09\\\/05\\\/tijerales-marcaron-los-preparativos-finales-para-la-29a-semana-de-la-chilenidad\\\/\"]}]},{\"@type\":\"ImageObject\",\"inLanguage\":\"es\",\"@id\":\"https:\\\/\\\/diarioellabrador.cl\\\/index.php\\\/2026\\\/09\\\/05\\\/tijerales-marcaron-los-preparativos-finales-para-la-29a-semana-de-la-chilenidad\\\/#primaryimage\",\"url\":\"https:\\\/\\\/diarioellabrador.cl\\\/wp-content\\\/uploads\\\/2026\\\/09\\\/Tijerales-marcaron-los-preparativos-finales-para-la-29a-Semana-de-la-Chilenidad.jpg\",\"contentUrl\":\"https:\\\/\\\/diarioellabrador.cl\\\/wp-content\\\/uploads\\\/2026\\\/09\\\/Tijerales-marcaron-los-preparativos-finales-para-la-29a-Semana-de-la-Chilenidad.jpg\",\"width\":711,\"height\":400},{\"@type\":\"BreadcrumbList\",\"@id\":\"https:\\\/\\\/diarioellabrador.cl\\\/index.php\\\/2026\\\/09\\\/05\\\/tijerales-marcaron-los-preparativos-finales-para-la-29a-semana-de-la-chilenidad\\\/#breadcrumb\",\"itemListElement\":[{\"@type\":\"ListItem\",\"position\":1,\"name\":\"Portada\",\"item\":\"https:\\\/\\\/diarioellabrador.cl\\\/\"},{\"@type\":\"ListItem\",\"position\":2,\"name\":\"Tijerales marcaron los preparativos finales para la 29\u00aa Semana de la Chilenidad\"}]},{\"@type\":\"WebSite\",\"@id\":\"https:\\\/\\\/diarioellabrador.cl\\\/#website\",\"url\":\"https:\\\/\\\/diarioellabrador.cl\\\/\",\"name\":\"Diario El Labrador\",\"description\":\"Haciendo noticia desde 1921\",\"publisher\":{\"@id\":\"https:\\\/\\\/diarioellabrador.cl\\\/#organization\"},\"potentialAction\":[{\"@type\":\"SearchAction\",\"target\":{\"@type\":\"EntryPoint\",\"urlTemplate\":\"https:\\\/\\\/diarioellabrador.cl\\\/?s={search_term_string}\"},\"query-input\":{\"@type\":\"PropertyValueSpecification\",\"valueRequired\":true,\"valueName\":\"search_term_string\"}}],\"inLanguage\":\"es\"},{\"@type\":\"Organization\",\"@id\":\"https:\\\/\\\/diarioellabrador.cl\\\/#organization\",\"name\":\"Diario El Labrador\",\"url\":\"https:\\\/\\\/diarioellabrador.cl\\\/\",\"logo\":{\"@type\":\"ImageObject\",\"inLanguage\":\"es\",\"@id\":\"https:\\\/\\\/diarioellabrador.cl\\\/#\\\/schema\\\/logo\\\/image\\\/\",\"url\":\"https:\\\/\\\/diarioellabrador.cl\\\/wp-content\\\/uploads\\\/2025\\\/02\\\/cropped-Logo-Icono.png\",\"contentUrl\":\"https:\\\/\\\/diarioellabrador.cl\\\/wp-content\\\/uploads\\\/2025\\\/02\\\/cropped-Logo-Icono.png\",\"width\":512,\"height\":512,\"caption\":\"Diario El Labrador\"},\"image\":{\"@id\":\"https:\\\/\\\/diarioellabrador.cl\\\/#\\\/schema\\\/logo\\\/image\\\/\"},\"sameAs\":[\"https:\\\/\\\/web.facebook.com\\\/profile.php?id=61576120840621\",\"https:\\\/\\\/x.com\\\/ElLabradorOf\",\"https:\\\/\\\/www.instagram.com\\\/diarioellabradoroficial\\\/\"]},{\"@type\":\"Person\",\"@id\":\"https:\\\/\\\/diarioellabrador.cl\\\/#\\\/schema\\\/person\\\/bc25ff80b4563f9c7f4bd7855df01685\",\"name\":\"Editor\",\"image\":{\"@type\":\"ImageObject\",\"inLanguage\":\"es\",\"@id\":\"https:\\\/\\\/secure.gravatar.com\\\/avatar\\\/109c326cf2be5c04f048c2c2a2b8b6ef44bf3d8d1d3d4c55d0ac40c4bc994684?s=96&d=initials&r=g&initials=ed\",\"url\":\"https:\\\/\\\/secure.gravatar.com\\\/avatar\\\/109c326cf2be5c04f048c2c2a2b8b6ef44bf3d8d1d3d4c55d0ac40c4bc994684?s=96&d=initials&r=g&initials=ed\",\"contentUrl\":\"https:\\\/\\\/secure.gravatar.com\\\/avatar\\\/109c326cf2be5c04f048c2c2a2b8b6ef44bf3d8d1d3d4c55d0ac40c4bc994684?s=96&d=initials&r=g&initials=ed\",\"caption\":\"Editor\"},\"url\":\"https:\\\/\\\/diarioellabrador.cl\\\/index.php\\\/author\\\/editor\\\/\"}]}<\/script>\n<!-- \/ Yoast SEO plugin. -->","yoast_head_json":{"title":"Tijerales marcaron los preparativos finales para la 29\u00aa Semana de la Chilenidad - Diario El Labrador","robots":{"index":"index","follow":"follow","max-snippet":"max-snippet:-1","max-image-preview":"max-image-preview:large","max-video-preview":"max-video-preview:-1"},"canonical":"https:\/\/diarioellabrador.cl\/index.php\/2026\/09\/05\/tijerales-marcaron-los-preparativos-finales-para-la-29a-semana-de-la-chilenidad\/","og_locale":"es_ES","og_type":"article","og_title":"Tijerales marcaron los preparativos finales para la 29\u00aa Semana de la Chilenidad - Diario El Labrador","og_description":"Por Fernanda Silva Rodr\u00edguez La ceremonia realizada en el Parque Padre Hurtado reconoci\u00f3 el trabajo detr\u00e1s de la organizaci\u00f3n de la tradicional fiesta. Los tradicionales tijerales dieron este viernes el puntapi\u00e9 inicial a la 29\u00aa Semana de la Chilenidad, marcando simb\u00f3licamente el comienzo de la cuenta regresiva para una nueva edici\u00f3n de esta fiesta que Leer m\u00e1s","og_url":"https:\/\/diarioellabrador.cl\/index.php\/2026\/09\/05\/tijerales-marcaron-los-preparativos-finales-para-la-29a-semana-de-la-chilenidad\/","og_site_name":"Diario El Labrador","article_publisher":"https:\/\/web.facebook.com\/profile.php?id=61576120840621","article_published_time":"2026-09-05T22:01:00+00:00","og_image":[{"width":711,"height":400,"url":"https:\/\/diarioellabrador.cl\/wp-content\/uploads\/2026\/09\/Tijerales-marcaron-los-preparativos-finales-para-la-29a-Semana-de-la-Chilenidad.jpg","type":"image\/jpeg"}],"author":"Editor","twitter_card":"summary_large_image","twitter_creator":"@ElLabradorOf","twitter_site":"@ElLabradorOf","twitter_misc":{"Escrito por":"Editor","Tiempo de lectura":"4 minutos"},"schema":{"@context":"https:\/\/schema.org","@graph":[{"@type":"Article","@id":"https:\/\/diarioellabrador.cl\/index.php\/2026\/09\/05\/tijerales-marcaron-los-preparativos-finales-para-la-29a-semana-de-la-chilenidad\/#article","isPartOf":{"@id":"https:\/\/diarioellabrador.cl\/index.php\/2026\/09\/05\/tijerales-marcaron-los-preparativos-finales-para-la-29a-semana-de-la-chilenidad\/"},"author":{"name":"Editor","@id":"https:\/\/diarioellabrador.cl\/#\/schema\/person\/bc25ff80b4563f9c7f4bd7855df01685"},"headline":"Tijerales marcaron los preparativos finales para la 29\u00aa Semana de la Chilenidad","datePublished":"2026-09-05T22:01:00+00:00","mainEntityOfPage":{"@id":"https:\/\/diarioellabrador.cl\/index.php\/2026\/09\/05\/tijerales-marcaron-los-preparativos-finales-para-la-29a-semana-de-la-chilenidad\/"},"wordCount":784,"commentCount":0,"publisher":{"@id":"https:\/\/diarioellabrador.cl\/#organization"},"image":{"@id":"https:\/\/diarioellabrador.cl\/index.php\/2026\/09\/05\/tijerales-marcaron-los-preparativos-finales-para-la-29a-semana-de-la-chilenidad\/#primaryimage"},"thumbnailUrl":"https:\/\/diarioellabrador.cl\/wp-content\/uploads\/2026\/09\/Tijerales-marcaron-los-preparativos-finales-para-la-29a-Semana-de-la-Chilenidad.jpg","articleSection":["Rodeo"],"inLanguage":"es","potentialAction":[{"@type":"CommentAction","name":"Comment","target":["https:\/\/diarioellabrador.cl\/index.php\/2026\/09\/05\/tijerales-marcaron-los-preparativos-finales-para-la-29a-semana-de-la-chilenidad\/#respond"]}]},{"@type":"WebPage","@id":"https:\/\/diarioellabrador.cl\/index.php\/2026\/09\/05\/tijerales-marcaron-los-preparativos-finales-para-la-29a-semana-de-la-chilenidad\/","url":"https:\/\/diarioellabrador.cl\/index.php\/2026\/09\/05\/tijerales-marcaron-los-preparativos-finales-para-la-29a-semana-de-la-chilenidad\/","name":"Tijerales marcaron los preparativos finales para la 29\u00aa Semana de la Chilenidad - Diario El Labrador","isPartOf":{"@id":"https:\/\/diarioellabrador.cl\/#website"},"primaryImageOfPage":{"@id":"https:\/\/diarioellabrador.cl\/index.php\/2026\/09\/05\/tijerales-marcaron-los-preparativos-finales-para-la-29a-semana-de-la-chilenidad\/#primaryimage"},"image":{"@id":"https:\/\/diarioellabrador.cl\/index.php\/2026\/09\/05\/tijerales-marcaron-los-preparativos-finales-para-la-29a-semana-de-la-chilenidad\/#primaryimage"},"thumbnailUrl":"https:\/\/diarioellabrador.cl\/wp-content\/uploads\/2026\/09\/Tijerales-marcaron-los-preparativos-finales-para-la-29a-Semana-de-la-Chilenidad.jpg","datePublished":"2026-09-05T22:01:00+00:00","breadcrumb":{"@id":"https:\/\/diarioellabrador.cl\/index.php\/2026\/09\/05\/tijerales-marcaron-los-preparativos-finales-para-la-29a-semana-de-la-chilenidad\/#breadcrumb"},"inLanguage":"es","potentialAction":[{"@type":"ReadAction","target":["https:\/\/diarioellabrador.cl\/index.php\/2026\/09\/05\/tijerales-marcaron-los-preparativos-finales-para-la-29a-semana-de-la-chilenidad\/"]}]},{"@type":"ImageObject","inLanguage":"es","@id":"https:\/\/diarioellabrador.cl\/index.php\/2026\/09\/05\/tijerales-marcaron-los-preparativos-finales-para-la-29a-semana-de-la-chilenidad\/#primaryimage","url":"https:\/\/diarioellabrador.cl\/wp-content\/uploads\/2026\/09\/Tijerales-marcaron-los-preparativos-finales-para-la-29a-Semana-de-la-Chilenidad.jpg","contentUrl":"https:\/\/diarioellabrador.cl\/wp-content\/uploads\/2026\/09\/Tijerales-marcaron-los-preparativos-finales-para-la-29a-Semana-de-la-Chilenidad.jpg","width":711,"height":400},{"@type":"BreadcrumbList","@id":"https:\/\/diarioellabrador.cl\/index.php\/2026\/09\/05\/tijerales-marcaron-los-preparativos-finales-para-la-29a-semana-de-la-chilenidad\/#breadcrumb","itemListElement":[{"@type":"ListItem","position":1,"name":"Portada","item":"https:\/\/diarioellabrador.cl\/"},{"@type":"ListItem","position":2,"name":"Tijerales marcaron los preparativos finales para la 29\u00aa Semana de la Chilenidad"}]},{"@type":"WebSite","@id":"https:\/\/diarioellabrador.cl\/#website","url":"https:\/\/diarioellabrador.cl\/","name":"Diario El Labrador","description":"Haciendo noticia desde 1921","publisher":{"@id":"https:\/\/diarioellabrador.cl\/#organization"},"potentialAction":[{"@type":"SearchAction","target":{"@type":"EntryPoint","urlTemplate":"https:\/\/diarioellabrador.cl\/?s={search_term_string}"},"query-input":{"@type":"PropertyValueSpecification","valueRequired":true,"valueName":"search_term_string"}}],"inLanguage":"es"},{"@type":"Organization","@id":"https:\/\/diarioellabrador.cl\/#organization","name":"Diario El Labrador","url":"https:\/\/diarioellabrador.cl\/","logo":{"@type":"ImageObject","inLanguage":"es","@id":"https:\/\/diarioellabrador.cl\/#\/schema\/logo\/image\/","url":"https:\/\/diarioellabrador.cl\/wp-content\/uploads\/2025\/02\/cropped-Logo-Icono.png","contentUrl":"https:\/\/diarioellabrador.cl\/wp-content\/uploads\/2025\/02\/cropped-Logo-Icono.png","width":512,"height":512,"caption":"Diario El Labrador"},"image":{"@id":"https:\/\/diarioellabrador.cl\/#\/schema\/logo\/image\/"},"sameAs":["https:\/\/web.facebook.com\/profile.php?id=61576120840621","https:\/\/x.com\/ElLabradorOf","https:\/\/www.instagram.com\/diarioellabradoroficial\/"]},{"@type":"Person","@id":"https:\/\/diarioellabrador.cl\/#\/schema\/person\/bc25ff80b4563f9c7f4bd7855df01685","name":"Editor","image":{"@type":"ImageObject","inLanguage":"es","@id":"https:\/\/secure.gravatar.com\/avatar\/109c326cf2be5c04f048c2c2a2b8b6ef44bf3d8d1d3d4c55d0ac40c4bc994684?s=96&d=initials&r=g&initials=ed","url":"https:\/\/secure.gravatar.com\/avatar\/109c326cf2be5c04f048c2c2a2b8b6ef44bf3d8d1d3d4c55d0ac40c4bc994684?s=96&d=initials&r=g&initials=ed","contentUrl":"https:\/\/secure.gravatar.com\/avatar\/109c326cf2be5c04f048c2c2a2b8b6ef44bf3d8d1d3d4c55d0ac40c4bc994684?s=96&d=initials&r=g&initials=ed","caption":"Editor"},"url":"https:\/\/diarioellabrador.cl\/index.php\/author\/editor\/"}]}},"_links":{"self":[{"href":"https:\/\/diarioellabrador.cl\/index.php\/wp-json\/wp\/v2\/posts\/24530","targetHints":{"allow":["GET"]}}],"collection":[{"href":"https:\/\/diarioellabrador.cl\/index.php\/wp-json\/wp\/v2\/posts"}],"about":[{"href":"https:\/\/diarioellabrador.cl\/index.php\/wp-json\/wp\/v2\/types\/post"}],"author":[{"embeddable":true,"href":"https:\/\/diarioellabrador.cl\/index.php\/wp-json\/wp\/v2\/users\/2"}],"replies":[{"embeddable":true,"href":"https:\/\/diarioellabrador.cl\/index.php\/wp-json\/wp\/v2\/comments?post=24530"}],"version-history":[{"count":1,"href":"https:\/\/diarioellabrador.cl\/index.php\/wp-json\/wp\/v2\/posts\/24530\/revisions"}],"predecessor-version":[{"id":24560,"href":"https:\/\/diarioellabrador.cl\/index.php\/wp-json\/wp\/v2\/posts\/24530\/revisions\/24560"}],"wp:featuredmedia":[{"embeddable":true,"href":"https:\/\/diarioellabrador.cl\/index.php\/wp-json\/wp\/v2\/media\/24552"}],"wp:attachment":[{"href":"https:\/\/diarioellabrador.cl\/index.php\/wp-json\/wp\/v2\/media?parent=24530"}],"wp:term":[{"taxonomy":"category","embeddable":true,"href":"https:\/\/diarioellabrador.cl\/index.php\/wp-json\/wp\/v2\/categories?post=24530"},{"taxonomy":"post_tag","embeddable":true,"href":"https:\/\/diarioellabrador.cl\/index.php\/wp-json\/wp\/v2\/tags?post=24530"}],"curies":[{"name":"wp","href":"https:\/\/api.w.org\/{rel}","templated":true}]}}