{"id":24528,"date":"2026-09-05T18:00:00","date_gmt":"2026-09-05T22:00:00","guid":{"rendered":"https:\/\/diarioellabrador.cl\/?p=24528"},"modified":"2026-09-05T15:50:45","modified_gmt":"2026-09-05T19:50:45","slug":"politica-veleidosa","status":"publish","type":"post","link":"https:\/\/diarioellabrador.cl\/index.php\/2026\/09\/05\/politica-veleidosa\/","title":{"rendered":"Pol\u00edtica veleidosa"},"content":{"rendered":"\n<p class=\"wp-block-paragraph\">Nelson Retamales Tirado<\/p>\n\n\n\n<p class=\"wp-block-paragraph\">Que la pol\u00edtica es veleidosa, s\u00ed que lo es y, de qu\u00e9 manera, pues en una democracia estable -como hasta ahora, la nuestra- lo m\u00e1s inestable es, justamente, la pol\u00edtica, entendiendo \u00e9sta, como el arte de gobernar luego de que, la experiencia en los manejos del Estado, se convierten en sabidur\u00eda pol\u00edtica.<\/p>\n\n\n\n<p class=\"wp-block-paragraph\">Para gobernar y finalmente imponer los programas ofrecidos en campa\u00f1as, no s\u00f3lo es necesario ganar la presidencia con todo el aparataje burocr\u00e1tico que lo acompa\u00f1a, sino que, es menester, contar con otra patita del tridente del Poder, como es el Legislativo.<\/p>\n\n\n\n<p class=\"wp-block-paragraph\">En una democracia verdadera, moderna, no ideologizada, lo normal es que las fuerzas de gobierno y de oposici\u00f3n est\u00e9n niveladas, con escaso margen en favor de una u otra, empero, con la mente abierta a apoyar aquellas iniciativas que, en verdad favorecen al pueblo, independientemente de para quien resulte un triunfo pol\u00edtico, pero en Chile se aplica, lamentablemente, el dicho \u201cme opongo, porque soy de la oposici\u00f3n\u201d.<\/p>\n\n\n\n<p class=\"wp-block-paragraph\">Boric tuvo una mayor\u00eda magra y aun as\u00ed, obtuvo \u201ctriunfos\u201d con leyes que favorecieron a la gente, como la reforma laboral y hoy, Kast, quien tambi\u00e9n tiene una d\u00e9bil mayor\u00eda -por decirlo de alg\u00fan modo pues, en verdad, llega a ella con votos que no son de la coalici\u00f3n- ha logrado igualmente, algunos \u00e9xitos, sin&nbsp; embargo, las diversas causas penales vigentes en contra de parlamentarios, ponen en riesgo incluso, la mayor\u00eda circunstancial, aunque a decir verdad, tambi\u00e9n podr\u00eda fortalecerla, si se considera que parlamentarios de oposici\u00f3n, est\u00e1n igualmente, siendo perseguidos.<\/p>\n\n\n\n<p class=\"wp-block-paragraph\">Todo depender\u00e1 de cu\u00e1n r\u00e1pido se resuelvan las solicitudes de desafuero, tr\u00e1mite previo necesario, para encauzar a un parlamentario.<\/p>\n\n\n\n<p class=\"wp-block-paragraph\">La c\u00e1mara m\u00e1s compleja es el Senado pues all\u00ed hay al menos siete senadores en la mira de la Fiscal\u00eda y uno de ellos ya fue desaforado por la Corte Suprema -pero como diputado- y hoy se le est\u00e1 solicitando como Senador. Se trata del ex democristiano \u00c1ngel Calisto, electo por el FRVS, al negarse su nuevo referente, Dem\u00f3cratas, llevarlo como candidato, debido a que era investigado por la Fiscal\u00eda. Ahora deber\u00e1 enfrentar un nuevo desafuero cuyo resultado, no hay que ser muy entendido, para saber cu\u00e1l ser\u00e1.<\/p>\n\n\n\n<p class=\"wp-block-paragraph\">Al quedar fuera este senador, no afectar\u00e1 mayormente la mayor\u00eda pues \u00e9sta se reduce en un voto, pero sigue siendo complicado el escenario para el gobierno, por quien Calisto estaba alineado en las votaciones.<\/p>\n\n\n\n<p class=\"wp-block-paragraph\">En un intento de no perder la normalidad de la C\u00e1mara Alta, se ha pretendido reformar la ley para reemplazar a los desaforados, pero los tiempos no dan.<\/p>\n\n\n\n<p class=\"wp-block-paragraph\">As\u00ed, gobierno y oposici\u00f3n necesitar\u00e1n de algunos votos del otro lado para avanzar u oponerse a leyes, lo que nos indica que \u00e9stas deber\u00e1n consensuarse porque, m\u00e1s que ganar uno u otro sector, lo que importa es el futuro del pa\u00eds, el bienestar de los ciudadanos y no trivialidades ideol\u00f3gicas.<\/p>\n\n\n\n<p class=\"wp-block-paragraph\">En corto per\u00edodo habr\u00e1n de despacharse importantes proyectos como la reforma constitucional de seguridad, la iniciativa sobre mercado de capitales y la Ley de Presupuestos y se requerir\u00e1n sendos acuerdos.<\/p>\n\n\n\n<p class=\"wp-block-paragraph\"><\/p>\n","protected":false},"excerpt":{"rendered":"<p>Nelson Retamales Tirado Que la pol\u00edtica es veleidosa, s\u00ed que lo es y, de qu\u00e9 manera, pues en una democracia estable -como hasta ahora, la nuestra- lo m\u00e1s inestable es, justamente, la pol\u00edtica, entendiendo \u00e9sta, como el arte de gobernar luego de que, la experiencia en los manejos del Estado, se convierten en sabidur\u00eda pol\u00edtica.<\/p>\n<div class=\"read-more-wrapper\"><a class=\"read-more\" href=\"https:\/\/diarioellabrador.cl\/index.php\/2026\/09\/05\/politica-veleidosa\/\" title=\"Leer m\u00e1s\"> <span class=\"button \">Leer m\u00e1s<\/span><\/a><\/div>\n","protected":false},"author":2,"featured_media":0,"comment_status":"open","ping_status":"open","sticky":false,"template":"","format":"standard","meta":{"footnotes":"","_members_access_role":[],"_members_access_error":""},"categories":[9],"tags":[],"class_list":["post-24528","post","type-post","status-publish","format-standard","hentry","category-opinion"],"yoast_head":"<!-- This site is optimized with the Yoast SEO plugin v28.4 - https:\/\/yoast.com\/product\/yoast-seo-wordpress\/ -->\n<title>Pol\u00edtica veleidosa - Diario El Labrador<\/title>\n<meta name=\"robots\" content=\"index, follow, max-snippet:-1, max-image-preview:large, max-video-preview:-1\" \/>\n<link rel=\"canonical\" href=\"https:\/\/diarioellabrador.cl\/index.php\/2026\/09\/05\/politica-veleidosa\/\" \/>\n<meta property=\"og:locale\" content=\"es_ES\" \/>\n<meta property=\"og:type\" content=\"article\" \/>\n<meta property=\"og:title\" content=\"Pol\u00edtica veleidosa - Diario El Labrador\" \/>\n<meta property=\"og:description\" content=\"Nelson Retamales Tirado Que la pol\u00edtica es veleidosa, s\u00ed que lo es y, de qu\u00e9 manera, pues en una democracia estable -como hasta ahora, la nuestra- lo m\u00e1s inestable es, justamente, la pol\u00edtica, entendiendo \u00e9sta, como el arte de gobernar luego de que, la experiencia en los manejos del Estado, se convierten en sabidur\u00eda pol\u00edtica. Leer m\u00e1s\" \/>\n<meta property=\"og:url\" content=\"https:\/\/diarioellabrador.cl\/index.php\/2026\/09\/05\/politica-veleidosa\/\" \/>\n<meta property=\"og:site_name\" content=\"Diario El Labrador\" \/>\n<meta property=\"article:publisher\" content=\"https:\/\/web.facebook.com\/profile.php?id=61576120840621\" \/>\n<meta property=\"article:published_time\" content=\"2026-09-05T22:00:00+00:00\" \/>\n<meta name=\"author\" content=\"Editor\" \/>\n<meta name=\"twitter:card\" content=\"summary_large_image\" \/>\n<meta name=\"twitter:creator\" content=\"@ElLabradorOf\" \/>\n<meta name=\"twitter:site\" content=\"@ElLabradorOf\" \/>\n<meta name=\"twitter:label1\" content=\"Escrito por\" \/>\n\t<meta name=\"twitter:data1\" content=\"Editor\" \/>\n\t<meta name=\"twitter:label2\" content=\"Tiempo de lectura\" \/>\n\t<meta name=\"twitter:data2\" content=\"3 minutos\" \/>\n<script type=\"application\/ld+json\" class=\"yoast-schema-graph\">{\"@context\":\"https:\\\/\\\/schema.org\",\"@graph\":[{\"@type\":\"Article\",\"@id\":\"https:\\\/\\\/diarioellabrador.cl\\\/index.php\\\/2026\\\/09\\\/05\\\/politica-veleidosa\\\/#article\",\"isPartOf\":{\"@id\":\"https:\\\/\\\/diarioellabrador.cl\\\/index.php\\\/2026\\\/09\\\/05\\\/politica-veleidosa\\\/\"},\"author\":{\"name\":\"Editor\",\"@id\":\"https:\\\/\\\/diarioellabrador.cl\\\/#\\\/schema\\\/person\\\/bc25ff80b4563f9c7f4bd7855df01685\"},\"headline\":\"Pol\u00edtica veleidosa\",\"datePublished\":\"2026-09-05T22:00:00+00:00\",\"mainEntityOfPage\":{\"@id\":\"https:\\\/\\\/diarioellabrador.cl\\\/index.php\\\/2026\\\/09\\\/05\\\/politica-veleidosa\\\/\"},\"wordCount\":550,\"commentCount\":0,\"publisher\":{\"@id\":\"https:\\\/\\\/diarioellabrador.cl\\\/#organization\"},\"articleSection\":[\"Opini\u00f3n\"],\"inLanguage\":\"es\",\"potentialAction\":[{\"@type\":\"CommentAction\",\"name\":\"Comment\",\"target\":[\"https:\\\/\\\/diarioellabrador.cl\\\/index.php\\\/2026\\\/09\\\/05\\\/politica-veleidosa\\\/#respond\"]}]},{\"@type\":\"WebPage\",\"@id\":\"https:\\\/\\\/diarioellabrador.cl\\\/index.php\\\/2026\\\/09\\\/05\\\/politica-veleidosa\\\/\",\"url\":\"https:\\\/\\\/diarioellabrador.cl\\\/index.php\\\/2026\\\/09\\\/05\\\/politica-veleidosa\\\/\",\"name\":\"Pol\u00edtica veleidosa - Diario El Labrador\",\"isPartOf\":{\"@id\":\"https:\\\/\\\/diarioellabrador.cl\\\/#website\"},\"datePublished\":\"2026-09-05T22:00:00+00:00\",\"breadcrumb\":{\"@id\":\"https:\\\/\\\/diarioellabrador.cl\\\/index.php\\\/2026\\\/09\\\/05\\\/politica-veleidosa\\\/#breadcrumb\"},\"inLanguage\":\"es\",\"potentialAction\":[{\"@type\":\"ReadAction\",\"target\":[\"https:\\\/\\\/diarioellabrador.cl\\\/index.php\\\/2026\\\/09\\\/05\\\/politica-veleidosa\\\/\"]}]},{\"@type\":\"BreadcrumbList\",\"@id\":\"https:\\\/\\\/diarioellabrador.cl\\\/index.php\\\/2026\\\/09\\\/05\\\/politica-veleidosa\\\/#breadcrumb\",\"itemListElement\":[{\"@type\":\"ListItem\",\"position\":1,\"name\":\"Portada\",\"item\":\"https:\\\/\\\/diarioellabrador.cl\\\/\"},{\"@type\":\"ListItem\",\"position\":2,\"name\":\"Pol\u00edtica veleidosa\"}]},{\"@type\":\"WebSite\",\"@id\":\"https:\\\/\\\/diarioellabrador.cl\\\/#website\",\"url\":\"https:\\\/\\\/diarioellabrador.cl\\\/\",\"name\":\"Diario El Labrador\",\"description\":\"Haciendo noticia desde 1921\",\"publisher\":{\"@id\":\"https:\\\/\\\/diarioellabrador.cl\\\/#organization\"},\"potentialAction\":[{\"@type\":\"SearchAction\",\"target\":{\"@type\":\"EntryPoint\",\"urlTemplate\":\"https:\\\/\\\/diarioellabrador.cl\\\/?s={search_term_string}\"},\"query-input\":{\"@type\":\"PropertyValueSpecification\",\"valueRequired\":true,\"valueName\":\"search_term_string\"}}],\"inLanguage\":\"es\"},{\"@type\":\"Organization\",\"@id\":\"https:\\\/\\\/diarioellabrador.cl\\\/#organization\",\"name\":\"Diario El Labrador\",\"url\":\"https:\\\/\\\/diarioellabrador.cl\\\/\",\"logo\":{\"@type\":\"ImageObject\",\"inLanguage\":\"es\",\"@id\":\"https:\\\/\\\/diarioellabrador.cl\\\/#\\\/schema\\\/logo\\\/image\\\/\",\"url\":\"https:\\\/\\\/diarioellabrador.cl\\\/wp-content\\\/uploads\\\/2025\\\/02\\\/cropped-Logo-Icono.png\",\"contentUrl\":\"https:\\\/\\\/diarioellabrador.cl\\\/wp-content\\\/uploads\\\/2025\\\/02\\\/cropped-Logo-Icono.png\",\"width\":512,\"height\":512,\"caption\":\"Diario El Labrador\"},\"image\":{\"@id\":\"https:\\\/\\\/diarioellabrador.cl\\\/#\\\/schema\\\/logo\\\/image\\\/\"},\"sameAs\":[\"https:\\\/\\\/web.facebook.com\\\/profile.php?id=61576120840621\",\"https:\\\/\\\/x.com\\\/ElLabradorOf\",\"https:\\\/\\\/www.instagram.com\\\/diarioellabradoroficial\\\/\"]},{\"@type\":\"Person\",\"@id\":\"https:\\\/\\\/diarioellabrador.cl\\\/#\\\/schema\\\/person\\\/bc25ff80b4563f9c7f4bd7855df01685\",\"name\":\"Editor\",\"image\":{\"@type\":\"ImageObject\",\"inLanguage\":\"es\",\"@id\":\"https:\\\/\\\/secure.gravatar.com\\\/avatar\\\/109c326cf2be5c04f048c2c2a2b8b6ef44bf3d8d1d3d4c55d0ac40c4bc994684?s=96&d=initials&r=g&initials=ed\",\"url\":\"https:\\\/\\\/secure.gravatar.com\\\/avatar\\\/109c326cf2be5c04f048c2c2a2b8b6ef44bf3d8d1d3d4c55d0ac40c4bc994684?s=96&d=initials&r=g&initials=ed\",\"contentUrl\":\"https:\\\/\\\/secure.gravatar.com\\\/avatar\\\/109c326cf2be5c04f048c2c2a2b8b6ef44bf3d8d1d3d4c55d0ac40c4bc994684?s=96&d=initials&r=g&initials=ed\",\"caption\":\"Editor\"},\"url\":\"https:\\\/\\\/diarioellabrador.cl\\\/index.php\\\/author\\\/editor\\\/\"}]}<\/script>\n<!-- \/ Yoast SEO plugin. -->","yoast_head_json":{"title":"Pol\u00edtica veleidosa - Diario El Labrador","robots":{"index":"index","follow":"follow","max-snippet":"max-snippet:-1","max-image-preview":"max-image-preview:large","max-video-preview":"max-video-preview:-1"},"canonical":"https:\/\/diarioellabrador.cl\/index.php\/2026\/09\/05\/politica-veleidosa\/","og_locale":"es_ES","og_type":"article","og_title":"Pol\u00edtica veleidosa - Diario El Labrador","og_description":"Nelson Retamales Tirado Que la pol\u00edtica es veleidosa, s\u00ed que lo es y, de qu\u00e9 manera, pues en una democracia estable -como hasta ahora, la nuestra- lo m\u00e1s inestable es, justamente, la pol\u00edtica, entendiendo \u00e9sta, como el arte de gobernar luego de que, la experiencia en los manejos del Estado, se convierten en sabidur\u00eda pol\u00edtica. Leer m\u00e1s","og_url":"https:\/\/diarioellabrador.cl\/index.php\/2026\/09\/05\/politica-veleidosa\/","og_site_name":"Diario El Labrador","article_publisher":"https:\/\/web.facebook.com\/profile.php?id=61576120840621","article_published_time":"2026-09-05T22:00:00+00:00","author":"Editor","twitter_card":"summary_large_image","twitter_creator":"@ElLabradorOf","twitter_site":"@ElLabradorOf","twitter_misc":{"Escrito por":"Editor","Tiempo de lectura":"3 minutos"},"schema":{"@context":"https:\/\/schema.org","@graph":[{"@type":"Article","@id":"https:\/\/diarioellabrador.cl\/index.php\/2026\/09\/05\/politica-veleidosa\/#article","isPartOf":{"@id":"https:\/\/diarioellabrador.cl\/index.php\/2026\/09\/05\/politica-veleidosa\/"},"author":{"name":"Editor","@id":"https:\/\/diarioellabrador.cl\/#\/schema\/person\/bc25ff80b4563f9c7f4bd7855df01685"},"headline":"Pol\u00edtica veleidosa","datePublished":"2026-09-05T22:00:00+00:00","mainEntityOfPage":{"@id":"https:\/\/diarioellabrador.cl\/index.php\/2026\/09\/05\/politica-veleidosa\/"},"wordCount":550,"commentCount":0,"publisher":{"@id":"https:\/\/diarioellabrador.cl\/#organization"},"articleSection":["Opini\u00f3n"],"inLanguage":"es","potentialAction":[{"@type":"CommentAction","name":"Comment","target":["https:\/\/diarioellabrador.cl\/index.php\/2026\/09\/05\/politica-veleidosa\/#respond"]}]},{"@type":"WebPage","@id":"https:\/\/diarioellabrador.cl\/index.php\/2026\/09\/05\/politica-veleidosa\/","url":"https:\/\/diarioellabrador.cl\/index.php\/2026\/09\/05\/politica-veleidosa\/","name":"Pol\u00edtica veleidosa - Diario El Labrador","isPartOf":{"@id":"https:\/\/diarioellabrador.cl\/#website"},"datePublished":"2026-09-05T22:00:00+00:00","breadcrumb":{"@id":"https:\/\/diarioellabrador.cl\/index.php\/2026\/09\/05\/politica-veleidosa\/#breadcrumb"},"inLanguage":"es","potentialAction":[{"@type":"ReadAction","target":["https:\/\/diarioellabrador.cl\/index.php\/2026\/09\/05\/politica-veleidosa\/"]}]},{"@type":"BreadcrumbList","@id":"https:\/\/diarioellabrador.cl\/index.php\/2026\/09\/05\/politica-veleidosa\/#breadcrumb","itemListElement":[{"@type":"ListItem","position":1,"name":"Portada","item":"https:\/\/diarioellabrador.cl\/"},{"@type":"ListItem","position":2,"name":"Pol\u00edtica veleidosa"}]},{"@type":"WebSite","@id":"https:\/\/diarioellabrador.cl\/#website","url":"https:\/\/diarioellabrador.cl\/","name":"Diario El Labrador","description":"Haciendo noticia desde 1921","publisher":{"@id":"https:\/\/diarioellabrador.cl\/#organization"},"potentialAction":[{"@type":"SearchAction","target":{"@type":"EntryPoint","urlTemplate":"https:\/\/diarioellabrador.cl\/?s={search_term_string}"},"query-input":{"@type":"PropertyValueSpecification","valueRequired":true,"valueName":"search_term_string"}}],"inLanguage":"es"},{"@type":"Organization","@id":"https:\/\/diarioellabrador.cl\/#organization","name":"Diario El Labrador","url":"https:\/\/diarioellabrador.cl\/","logo":{"@type":"ImageObject","inLanguage":"es","@id":"https:\/\/diarioellabrador.cl\/#\/schema\/logo\/image\/","url":"https:\/\/diarioellabrador.cl\/wp-content\/uploads\/2025\/02\/cropped-Logo-Icono.png","contentUrl":"https:\/\/diarioellabrador.cl\/wp-content\/uploads\/2025\/02\/cropped-Logo-Icono.png","width":512,"height":512,"caption":"Diario El Labrador"},"image":{"@id":"https:\/\/diarioellabrador.cl\/#\/schema\/logo\/image\/"},"sameAs":["https:\/\/web.facebook.com\/profile.php?id=61576120840621","https:\/\/x.com\/ElLabradorOf","https:\/\/www.instagram.com\/diarioellabradoroficial\/"]},{"@type":"Person","@id":"https:\/\/diarioellabrador.cl\/#\/schema\/person\/bc25ff80b4563f9c7f4bd7855df01685","name":"Editor","image":{"@type":"ImageObject","inLanguage":"es","@id":"https:\/\/secure.gravatar.com\/avatar\/109c326cf2be5c04f048c2c2a2b8b6ef44bf3d8d1d3d4c55d0ac40c4bc994684?s=96&d=initials&r=g&initials=ed","url":"https:\/\/secure.gravatar.com\/avatar\/109c326cf2be5c04f048c2c2a2b8b6ef44bf3d8d1d3d4c55d0ac40c4bc994684?s=96&d=initials&r=g&initials=ed","contentUrl":"https:\/\/secure.gravatar.com\/avatar\/109c326cf2be5c04f048c2c2a2b8b6ef44bf3d8d1d3d4c55d0ac40c4bc994684?s=96&d=initials&r=g&initials=ed","caption":"Editor"},"url":"https:\/\/diarioellabrador.cl\/index.php\/author\/editor\/"}]}},"_links":{"self":[{"href":"https:\/\/diarioellabrador.cl\/index.php\/wp-json\/wp\/v2\/posts\/24528","targetHints":{"allow":["GET"]}}],"collection":[{"href":"https:\/\/diarioellabrador.cl\/index.php\/wp-json\/wp\/v2\/posts"}],"about":[{"href":"https:\/\/diarioellabrador.cl\/index.php\/wp-json\/wp\/v2\/types\/post"}],"author":[{"embeddable":true,"href":"https:\/\/diarioellabrador.cl\/index.php\/wp-json\/wp\/v2\/users\/2"}],"replies":[{"embeddable":true,"href":"https:\/\/diarioellabrador.cl\/index.php\/wp-json\/wp\/v2\/comments?post=24528"}],"version-history":[{"count":1,"href":"https:\/\/diarioellabrador.cl\/index.php\/wp-json\/wp\/v2\/posts\/24528\/revisions"}],"predecessor-version":[{"id":24529,"href":"https:\/\/diarioellabrador.cl\/index.php\/wp-json\/wp\/v2\/posts\/24528\/revisions\/24529"}],"wp:attachment":[{"href":"https:\/\/diarioellabrador.cl\/index.php\/wp-json\/wp\/v2\/media?parent=24528"}],"wp:term":[{"taxonomy":"category","embeddable":true,"href":"https:\/\/diarioellabrador.cl\/index.php\/wp-json\/wp\/v2\/categories?post=24528"},{"taxonomy":"post_tag","embeddable":true,"href":"https:\/\/diarioellabrador.cl\/index.php\/wp-json\/wp\/v2\/tags?post=24528"}],"curies":[{"name":"wp","href":"https:\/\/api.w.org\/{rel}","templated":true}]}}