{"id":24517,"date":"2026-09-03T19:16:52","date_gmt":"2026-09-03T23:16:52","guid":{"rendered":"https:\/\/diarioellabrador.cl\/?p=24517"},"modified":"2026-09-03T19:19:58","modified_gmt":"2026-09-03T23:19:58","slug":"autoridades-visitan-central-de-camaras-de-conaf-metropolitana-para-conocer-sus-capacidades-operativas-ante-la-proxima-temporada-de-incendios-forestales","status":"publish","type":"post","link":"https:\/\/diarioellabrador.cl\/index.php\/2026\/09\/03\/autoridades-visitan-central-de-camaras-de-conaf-metropolitana-para-conocer-sus-capacidades-operativas-ante-la-proxima-temporada-de-incendios-forestales\/","title":{"rendered":"Autoridades visitan central de c\u00e1maras de CONAF Metropolitana para conocer sus capacidades operativas ante la pr\u00f3xima temporada de incendios forestales"},"content":{"rendered":"\n<p class=\"wp-block-paragraph\"><strong>\u2022&nbsp;&nbsp;&nbsp;&nbsp;&nbsp;&nbsp;&nbsp;&nbsp;&nbsp; La visita permiti\u00f3 conocer en terreno los sistemas de monitoreo, detecci\u00f3n y despacho de emergencias, adem\u00e1s de los equipos y recursos destinados al combate de incendios forestales, fortaleciendo la coordinaci\u00f3n entre CONAF, Serem\u00edas y las delegaciones presidenciales de la Regi\u00f3n Metropolitana.<\/strong><\/p>\n\n\n\n<p class=\"wp-block-paragraph\">Con el objetivo de fortalecer la coordinaci\u00f3n y preparaci\u00f3n de los servicios p\u00fablicos frente a la pr\u00f3xima temporada de incendios forestales, el director regional de CONAF, Mario Pinto Quintana, encabez\u00f3 una visita a las instalaciones y centro operativo de la instituci\u00f3n, instancia en la que participaron representantes de distintas delegaciones presidenciales y serem\u00edas de la Regi\u00f3n Metropolitana.<\/p>\n\n\n\n<p class=\"wp-block-paragraph\">En la jornada estuvo presente el delegado presidencial provincial de Melipilla, Gast\u00f3n Libuy, junto a las delegadas provinciales de Talagante, Annemarie M\u00fcller, Cordillera, Mar\u00eda Ang\u00e9lica Villadangos; Chacabuco, Crist\u00f3bal Saavedra; adem\u00e1s del seremi de Transporte y Telecomunicaciones, Gonzalo Cuevas, y el seremi de Agricultura, Fernando Rencoret; adem\u00e1s del alcalde de La Reina; Jos\u00e9 Manuel palacios, entre otras autoridades y equipos de emergencia de la regi\u00f3n.<\/p>\n\n\n\n<p class=\"wp-block-paragraph\">Durante el recorrido, las autoridades pudieron conocer parte de las capacidades operativas con las que cuenta CONAF para enfrentar emergencias por incendios forestales, instancia que tambi\u00e9n permiti\u00f3 conocer el funcionamiento del centro de mando y los procedimientos de coordinaci\u00f3n que se activan frente a una emergencia.<\/p>\n\n\n\n<p class=\"wp-block-paragraph\">El delegado presidencial provincial de Melipilla, Gast\u00f3n Libuy, destac\u00f3 la importancia de mantener una coordinaci\u00f3n permanente con CONAF Regional, especialmente ante la proximidad de una nueva temporada de incendios forestales y considerando que la provincia de Melipilla se encuentra entre las zonas de la regi\u00f3n con mayor recurrencia de este tipo de emergencias.<\/p>\n\n\n\n<p class=\"wp-block-paragraph\">\u201cEs muy importante para nosotros como Delegaci\u00f3n Presidencial Provincial de Melipilla estar coordinados con CONAF regional, y saber sus capacidades operativas. Pudimos ver en el recorrido, junto con los otros delegados de la Regi\u00f3n Metropolitana, las capacidades operativas de CONAF Regional, su sistema de distribuci\u00f3n y despacho de emergencia, su sistema de monitoreo, la inteligencia artificial que est\u00e1n aplicando a la detecci\u00f3n de incendios, y los equipos modernos de ataque al fuego y centro de mando\u201d.<\/p>\n\n\n\n<p class=\"wp-block-paragraph\">En esta l\u00ednea, agreg\u00f3 que \u201csin duda CONAF tiene un alto est\u00e1ndar de preparaci\u00f3n. Somos uno de los pa\u00edses mejor preparados de Sudam\u00e9rica para enfrentar las emergencias de incendios forestales, y es de esperar que sigamos con esta coordinaci\u00f3n y preparaci\u00f3n para la pr\u00f3xima temporada de incendios que se nos avecina\u201d.<\/p>\n\n\n\n<p class=\"wp-block-paragraph\">Por su parte, el director regional de CONAF, Mario Pinto, valor\u00f3 la participaci\u00f3n de las autoridades y destac\u00f3 que la coordinaci\u00f3n con las delegaciones presidenciales resulta fundamental para una adecuada respuesta ante este tipo de emergencias.<\/p>\n\n\n\n<p class=\"wp-block-paragraph\">\u201cAgradecer la disposici\u00f3n de los delegados y seremi de transporte de poder conocer c\u00f3mo nosotros como instituci\u00f3n nos organizamos y establecemos todo el procedimiento desde la prevenci\u00f3n hasta el control, pasando por la detecci\u00f3n y la mitigaci\u00f3n para lo que es el combate de incendios forestales. Hoy en d\u00eda estamos organiz\u00e1ndonos como sociedad y tambi\u00e9n como servicios p\u00fablicos, y esta visita es fundamental, porque finalmente el despliegue en los territorios depende tambi\u00e9n de las delegaciones. Agradecemos la visita de parte de los delegados, porque entendemos que el trabajo mancomunado nos permite llegar de mejor forma a los territorios\u201d, concluy\u00f3.<\/p>\n\n\n\n<p class=\"wp-block-paragraph\"><\/p>\n","protected":false},"excerpt":{"rendered":"<p>\u2022&nbsp;&nbsp;&nbsp;&nbsp;&nbsp;&nbsp;&nbsp;&nbsp;&nbsp; La visita permiti\u00f3 conocer en terreno los sistemas de monitoreo, detecci\u00f3n y despacho de emergencias, adem\u00e1s de los equipos y recursos destinados al combate de incendios forestales, fortaleciendo la coordinaci\u00f3n entre CONAF, Serem\u00edas y las delegaciones presidenciales de la Regi\u00f3n Metropolitana. Con el objetivo de fortalecer la coordinaci\u00f3n y preparaci\u00f3n de los servicios p\u00fablicos<\/p>\n<div class=\"read-more-wrapper\"><a class=\"read-more\" href=\"https:\/\/diarioellabrador.cl\/index.php\/2026\/09\/03\/autoridades-visitan-central-de-camaras-de-conaf-metropolitana-para-conocer-sus-capacidades-operativas-ante-la-proxima-temporada-de-incendios-forestales\/\" title=\"Leer m\u00e1s\"> <span class=\"button \">Leer m\u00e1s<\/span><\/a><\/div>\n","protected":false},"author":2,"featured_media":24446,"comment_status":"open","ping_status":"open","sticky":false,"template":"","format":"standard","meta":{"footnotes":"","_members_access_role":[],"_members_access_error":""},"categories":[1],"tags":[],"class_list":["post-24517","post","type-post","status-publish","format-standard","has-post-thumbnail","hentry","category-cronica"],"yoast_head":"<!-- This site is optimized with the Yoast SEO plugin v28.4 - https:\/\/yoast.com\/product\/yoast-seo-wordpress\/ -->\n<title>Autoridades visitan central de c\u00e1maras de CONAF Metropolitana para conocer sus capacidades operativas ante la pr\u00f3xima temporada de incendios forestales - Diario El Labrador<\/title>\n<meta name=\"robots\" content=\"index, follow, max-snippet:-1, max-image-preview:large, max-video-preview:-1\" \/>\n<link rel=\"canonical\" href=\"https:\/\/diarioellabrador.cl\/index.php\/2026\/09\/03\/autoridades-visitan-central-de-camaras-de-conaf-metropolitana-para-conocer-sus-capacidades-operativas-ante-la-proxima-temporada-de-incendios-forestales\/\" \/>\n<meta property=\"og:locale\" content=\"es_ES\" \/>\n<meta property=\"og:type\" content=\"article\" \/>\n<meta property=\"og:title\" content=\"Autoridades visitan central de c\u00e1maras de CONAF Metropolitana para conocer sus capacidades operativas ante la pr\u00f3xima temporada de incendios forestales - Diario El Labrador\" \/>\n<meta property=\"og:description\" content=\"\u2022&nbsp;&nbsp;&nbsp;&nbsp;&nbsp;&nbsp;&nbsp;&nbsp;&nbsp; La visita permiti\u00f3 conocer en terreno los sistemas de monitoreo, detecci\u00f3n y despacho de emergencias, adem\u00e1s de los equipos y recursos destinados al combate de incendios forestales, fortaleciendo la coordinaci\u00f3n entre CONAF, Serem\u00edas y las delegaciones presidenciales de la Regi\u00f3n Metropolitana. Con el objetivo de fortalecer la coordinaci\u00f3n y preparaci\u00f3n de los servicios p\u00fablicos Leer m\u00e1s\" \/>\n<meta property=\"og:url\" content=\"https:\/\/diarioellabrador.cl\/index.php\/2026\/09\/03\/autoridades-visitan-central-de-camaras-de-conaf-metropolitana-para-conocer-sus-capacidades-operativas-ante-la-proxima-temporada-de-incendios-forestales\/\" \/>\n<meta property=\"og:site_name\" content=\"Diario El Labrador\" \/>\n<meta property=\"article:publisher\" content=\"https:\/\/web.facebook.com\/profile.php?id=61576120840621\" \/>\n<meta property=\"article:published_time\" content=\"2026-09-03T23:16:52+00:00\" \/>\n<meta property=\"article:modified_time\" content=\"2026-09-03T23:19:58+00:00\" \/>\n<meta property=\"og:image\" content=\"https:\/\/diarioellabrador.cl\/wp-content\/uploads\/2026\/09\/Autoridades-visitan-central-de-camaras-de-CONAF-Metropolitana-para-conocer-sus-capacidades-operativas-ante-la-proxima-temporada-de-incendios-forestales-3-scaled.jpeg\" \/>\n\t<meta property=\"og:image:width\" content=\"2560\" \/>\n\t<meta property=\"og:image:height\" content=\"1920\" \/>\n\t<meta property=\"og:image:type\" content=\"image\/jpeg\" \/>\n<meta name=\"author\" content=\"Editor\" \/>\n<meta name=\"twitter:card\" content=\"summary_large_image\" \/>\n<meta name=\"twitter:creator\" content=\"@ElLabradorOf\" \/>\n<meta name=\"twitter:site\" content=\"@ElLabradorOf\" \/>\n<meta name=\"twitter:label1\" content=\"Escrito por\" \/>\n\t<meta name=\"twitter:data1\" content=\"Editor\" \/>\n\t<meta name=\"twitter:label2\" content=\"Tiempo de lectura\" \/>\n\t<meta name=\"twitter:data2\" content=\"3 minutos\" \/>\n<script type=\"application\/ld+json\" class=\"yoast-schema-graph\">{\"@context\":\"https:\\\/\\\/schema.org\",\"@graph\":[{\"@type\":\"Article\",\"@id\":\"https:\\\/\\\/diarioellabrador.cl\\\/index.php\\\/2026\\\/09\\\/03\\\/autoridades-visitan-central-de-camaras-de-conaf-metropolitana-para-conocer-sus-capacidades-operativas-ante-la-proxima-temporada-de-incendios-forestales\\\/#article\",\"isPartOf\":{\"@id\":\"https:\\\/\\\/diarioellabrador.cl\\\/index.php\\\/2026\\\/09\\\/03\\\/autoridades-visitan-central-de-camaras-de-conaf-metropolitana-para-conocer-sus-capacidades-operativas-ante-la-proxima-temporada-de-incendios-forestales\\\/\"},\"author\":{\"name\":\"Editor\",\"@id\":\"https:\\\/\\\/diarioellabrador.cl\\\/#\\\/schema\\\/person\\\/bc25ff80b4563f9c7f4bd7855df01685\"},\"headline\":\"Autoridades visitan central de c\u00e1maras de CONAF Metropolitana para conocer sus capacidades operativas ante la pr\u00f3xima temporada de incendios forestales\",\"datePublished\":\"2026-09-03T23:16:52+00:00\",\"dateModified\":\"2026-09-03T23:19:58+00:00\",\"mainEntityOfPage\":{\"@id\":\"https:\\\/\\\/diarioellabrador.cl\\\/index.php\\\/2026\\\/09\\\/03\\\/autoridades-visitan-central-de-camaras-de-conaf-metropolitana-para-conocer-sus-capacidades-operativas-ante-la-proxima-temporada-de-incendios-forestales\\\/\"},\"wordCount\":605,\"commentCount\":0,\"publisher\":{\"@id\":\"https:\\\/\\\/diarioellabrador.cl\\\/#organization\"},\"image\":{\"@id\":\"https:\\\/\\\/diarioellabrador.cl\\\/index.php\\\/2026\\\/09\\\/03\\\/autoridades-visitan-central-de-camaras-de-conaf-metropolitana-para-conocer-sus-capacidades-operativas-ante-la-proxima-temporada-de-incendios-forestales\\\/#primaryimage\"},\"thumbnailUrl\":\"https:\\\/\\\/diarioellabrador.cl\\\/wp-content\\\/uploads\\\/2026\\\/09\\\/Autoridades-visitan-central-de-camaras-de-CONAF-Metropolitana-para-conocer-sus-capacidades-operativas-ante-la-proxima-temporada-de-incendios-forestales-3-scaled.jpeg\",\"articleSection\":[\"Cr\u00f3nica\"],\"inLanguage\":\"es\",\"potentialAction\":[{\"@type\":\"CommentAction\",\"name\":\"Comment\",\"target\":[\"https:\\\/\\\/diarioellabrador.cl\\\/index.php\\\/2026\\\/09\\\/03\\\/autoridades-visitan-central-de-camaras-de-conaf-metropolitana-para-conocer-sus-capacidades-operativas-ante-la-proxima-temporada-de-incendios-forestales\\\/#respond\"]}]},{\"@type\":\"WebPage\",\"@id\":\"https:\\\/\\\/diarioellabrador.cl\\\/index.php\\\/2026\\\/09\\\/03\\\/autoridades-visitan-central-de-camaras-de-conaf-metropolitana-para-conocer-sus-capacidades-operativas-ante-la-proxima-temporada-de-incendios-forestales\\\/\",\"url\":\"https:\\\/\\\/diarioellabrador.cl\\\/index.php\\\/2026\\\/09\\\/03\\\/autoridades-visitan-central-de-camaras-de-conaf-metropolitana-para-conocer-sus-capacidades-operativas-ante-la-proxima-temporada-de-incendios-forestales\\\/\",\"name\":\"Autoridades visitan central de c\u00e1maras de CONAF Metropolitana para conocer sus capacidades operativas ante la pr\u00f3xima temporada de incendios forestales - Diario El Labrador\",\"isPartOf\":{\"@id\":\"https:\\\/\\\/diarioellabrador.cl\\\/#website\"},\"primaryImageOfPage\":{\"@id\":\"https:\\\/\\\/diarioellabrador.cl\\\/index.php\\\/2026\\\/09\\\/03\\\/autoridades-visitan-central-de-camaras-de-conaf-metropolitana-para-conocer-sus-capacidades-operativas-ante-la-proxima-temporada-de-incendios-forestales\\\/#primaryimage\"},\"image\":{\"@id\":\"https:\\\/\\\/diarioellabrador.cl\\\/index.php\\\/2026\\\/09\\\/03\\\/autoridades-visitan-central-de-camaras-de-conaf-metropolitana-para-conocer-sus-capacidades-operativas-ante-la-proxima-temporada-de-incendios-forestales\\\/#primaryimage\"},\"thumbnailUrl\":\"https:\\\/\\\/diarioellabrador.cl\\\/wp-content\\\/uploads\\\/2026\\\/09\\\/Autoridades-visitan-central-de-camaras-de-CONAF-Metropolitana-para-conocer-sus-capacidades-operativas-ante-la-proxima-temporada-de-incendios-forestales-3-scaled.jpeg\",\"datePublished\":\"2026-09-03T23:16:52+00:00\",\"dateModified\":\"2026-09-03T23:19:58+00:00\",\"breadcrumb\":{\"@id\":\"https:\\\/\\\/diarioellabrador.cl\\\/index.php\\\/2026\\\/09\\\/03\\\/autoridades-visitan-central-de-camaras-de-conaf-metropolitana-para-conocer-sus-capacidades-operativas-ante-la-proxima-temporada-de-incendios-forestales\\\/#breadcrumb\"},\"inLanguage\":\"es\",\"potentialAction\":[{\"@type\":\"ReadAction\",\"target\":[\"https:\\\/\\\/diarioellabrador.cl\\\/index.php\\\/2026\\\/09\\\/03\\\/autoridades-visitan-central-de-camaras-de-conaf-metropolitana-para-conocer-sus-capacidades-operativas-ante-la-proxima-temporada-de-incendios-forestales\\\/\"]}]},{\"@type\":\"ImageObject\",\"inLanguage\":\"es\",\"@id\":\"https:\\\/\\\/diarioellabrador.cl\\\/index.php\\\/2026\\\/09\\\/03\\\/autoridades-visitan-central-de-camaras-de-conaf-metropolitana-para-conocer-sus-capacidades-operativas-ante-la-proxima-temporada-de-incendios-forestales\\\/#primaryimage\",\"url\":\"https:\\\/\\\/diarioellabrador.cl\\\/wp-content\\\/uploads\\\/2026\\\/09\\\/Autoridades-visitan-central-de-camaras-de-CONAF-Metropolitana-para-conocer-sus-capacidades-operativas-ante-la-proxima-temporada-de-incendios-forestales-3-scaled.jpeg\",\"contentUrl\":\"https:\\\/\\\/diarioellabrador.cl\\\/wp-content\\\/uploads\\\/2026\\\/09\\\/Autoridades-visitan-central-de-camaras-de-CONAF-Metropolitana-para-conocer-sus-capacidades-operativas-ante-la-proxima-temporada-de-incendios-forestales-3-scaled.jpeg\",\"width\":2560,\"height\":1920},{\"@type\":\"BreadcrumbList\",\"@id\":\"https:\\\/\\\/diarioellabrador.cl\\\/index.php\\\/2026\\\/09\\\/03\\\/autoridades-visitan-central-de-camaras-de-conaf-metropolitana-para-conocer-sus-capacidades-operativas-ante-la-proxima-temporada-de-incendios-forestales\\\/#breadcrumb\",\"itemListElement\":[{\"@type\":\"ListItem\",\"position\":1,\"name\":\"Portada\",\"item\":\"https:\\\/\\\/diarioellabrador.cl\\\/\"},{\"@type\":\"ListItem\",\"position\":2,\"name\":\"Autoridades visitan central de c\u00e1maras de CONAF Metropolitana para conocer sus capacidades operativas ante la pr\u00f3xima temporada de incendios forestales\"}]},{\"@type\":\"WebSite\",\"@id\":\"https:\\\/\\\/diarioellabrador.cl\\\/#website\",\"url\":\"https:\\\/\\\/diarioellabrador.cl\\\/\",\"name\":\"Diario El Labrador\",\"description\":\"Haciendo noticia desde 1921\",\"publisher\":{\"@id\":\"https:\\\/\\\/diarioellabrador.cl\\\/#organization\"},\"potentialAction\":[{\"@type\":\"SearchAction\",\"target\":{\"@type\":\"EntryPoint\",\"urlTemplate\":\"https:\\\/\\\/diarioellabrador.cl\\\/?s={search_term_string}\"},\"query-input\":{\"@type\":\"PropertyValueSpecification\",\"valueRequired\":true,\"valueName\":\"search_term_string\"}}],\"inLanguage\":\"es\"},{\"@type\":\"Organization\",\"@id\":\"https:\\\/\\\/diarioellabrador.cl\\\/#organization\",\"name\":\"Diario El Labrador\",\"url\":\"https:\\\/\\\/diarioellabrador.cl\\\/\",\"logo\":{\"@type\":\"ImageObject\",\"inLanguage\":\"es\",\"@id\":\"https:\\\/\\\/diarioellabrador.cl\\\/#\\\/schema\\\/logo\\\/image\\\/\",\"url\":\"https:\\\/\\\/diarioellabrador.cl\\\/wp-content\\\/uploads\\\/2025\\\/02\\\/cropped-Logo-Icono.png\",\"contentUrl\":\"https:\\\/\\\/diarioellabrador.cl\\\/wp-content\\\/uploads\\\/2025\\\/02\\\/cropped-Logo-Icono.png\",\"width\":512,\"height\":512,\"caption\":\"Diario El Labrador\"},\"image\":{\"@id\":\"https:\\\/\\\/diarioellabrador.cl\\\/#\\\/schema\\\/logo\\\/image\\\/\"},\"sameAs\":[\"https:\\\/\\\/web.facebook.com\\\/profile.php?id=61576120840621\",\"https:\\\/\\\/x.com\\\/ElLabradorOf\",\"https:\\\/\\\/www.instagram.com\\\/diarioellabradoroficial\\\/\"]},{\"@type\":\"Person\",\"@id\":\"https:\\\/\\\/diarioellabrador.cl\\\/#\\\/schema\\\/person\\\/bc25ff80b4563f9c7f4bd7855df01685\",\"name\":\"Editor\",\"image\":{\"@type\":\"ImageObject\",\"inLanguage\":\"es\",\"@id\":\"https:\\\/\\\/secure.gravatar.com\\\/avatar\\\/109c326cf2be5c04f048c2c2a2b8b6ef44bf3d8d1d3d4c55d0ac40c4bc994684?s=96&d=initials&r=g&initials=ed\",\"url\":\"https:\\\/\\\/secure.gravatar.com\\\/avatar\\\/109c326cf2be5c04f048c2c2a2b8b6ef44bf3d8d1d3d4c55d0ac40c4bc994684?s=96&d=initials&r=g&initials=ed\",\"contentUrl\":\"https:\\\/\\\/secure.gravatar.com\\\/avatar\\\/109c326cf2be5c04f048c2c2a2b8b6ef44bf3d8d1d3d4c55d0ac40c4bc994684?s=96&d=initials&r=g&initials=ed\",\"caption\":\"Editor\"},\"url\":\"https:\\\/\\\/diarioellabrador.cl\\\/index.php\\\/author\\\/editor\\\/\"}]}<\/script>\n<!-- \/ Yoast SEO plugin. -->","yoast_head_json":{"title":"Autoridades visitan central de c\u00e1maras de CONAF Metropolitana para conocer sus capacidades operativas ante la pr\u00f3xima temporada de incendios forestales - Diario El Labrador","robots":{"index":"index","follow":"follow","max-snippet":"max-snippet:-1","max-image-preview":"max-image-preview:large","max-video-preview":"max-video-preview:-1"},"canonical":"https:\/\/diarioellabrador.cl\/index.php\/2026\/09\/03\/autoridades-visitan-central-de-camaras-de-conaf-metropolitana-para-conocer-sus-capacidades-operativas-ante-la-proxima-temporada-de-incendios-forestales\/","og_locale":"es_ES","og_type":"article","og_title":"Autoridades visitan central de c\u00e1maras de CONAF Metropolitana para conocer sus capacidades operativas ante la pr\u00f3xima temporada de incendios forestales - Diario El Labrador","og_description":"\u2022&nbsp;&nbsp;&nbsp;&nbsp;&nbsp;&nbsp;&nbsp;&nbsp;&nbsp; La visita permiti\u00f3 conocer en terreno los sistemas de monitoreo, detecci\u00f3n y despacho de emergencias, adem\u00e1s de los equipos y recursos destinados al combate de incendios forestales, fortaleciendo la coordinaci\u00f3n entre CONAF, Serem\u00edas y las delegaciones presidenciales de la Regi\u00f3n Metropolitana. Con el objetivo de fortalecer la coordinaci\u00f3n y preparaci\u00f3n de los servicios p\u00fablicos Leer m\u00e1s","og_url":"https:\/\/diarioellabrador.cl\/index.php\/2026\/09\/03\/autoridades-visitan-central-de-camaras-de-conaf-metropolitana-para-conocer-sus-capacidades-operativas-ante-la-proxima-temporada-de-incendios-forestales\/","og_site_name":"Diario El Labrador","article_publisher":"https:\/\/web.facebook.com\/profile.php?id=61576120840621","article_published_time":"2026-09-03T23:16:52+00:00","article_modified_time":"2026-09-03T23:19:58+00:00","og_image":[{"width":2560,"height":1920,"url":"https:\/\/diarioellabrador.cl\/wp-content\/uploads\/2026\/09\/Autoridades-visitan-central-de-camaras-de-CONAF-Metropolitana-para-conocer-sus-capacidades-operativas-ante-la-proxima-temporada-de-incendios-forestales-3-scaled.jpeg","type":"image\/jpeg"}],"author":"Editor","twitter_card":"summary_large_image","twitter_creator":"@ElLabradorOf","twitter_site":"@ElLabradorOf","twitter_misc":{"Escrito por":"Editor","Tiempo de lectura":"3 minutos"},"schema":{"@context":"https:\/\/schema.org","@graph":[{"@type":"Article","@id":"https:\/\/diarioellabrador.cl\/index.php\/2026\/09\/03\/autoridades-visitan-central-de-camaras-de-conaf-metropolitana-para-conocer-sus-capacidades-operativas-ante-la-proxima-temporada-de-incendios-forestales\/#article","isPartOf":{"@id":"https:\/\/diarioellabrador.cl\/index.php\/2026\/09\/03\/autoridades-visitan-central-de-camaras-de-conaf-metropolitana-para-conocer-sus-capacidades-operativas-ante-la-proxima-temporada-de-incendios-forestales\/"},"author":{"name":"Editor","@id":"https:\/\/diarioellabrador.cl\/#\/schema\/person\/bc25ff80b4563f9c7f4bd7855df01685"},"headline":"Autoridades visitan central de c\u00e1maras de CONAF Metropolitana para conocer sus capacidades operativas ante la pr\u00f3xima temporada de incendios forestales","datePublished":"2026-09-03T23:16:52+00:00","dateModified":"2026-09-03T23:19:58+00:00","mainEntityOfPage":{"@id":"https:\/\/diarioellabrador.cl\/index.php\/2026\/09\/03\/autoridades-visitan-central-de-camaras-de-conaf-metropolitana-para-conocer-sus-capacidades-operativas-ante-la-proxima-temporada-de-incendios-forestales\/"},"wordCount":605,"commentCount":0,"publisher":{"@id":"https:\/\/diarioellabrador.cl\/#organization"},"image":{"@id":"https:\/\/diarioellabrador.cl\/index.php\/2026\/09\/03\/autoridades-visitan-central-de-camaras-de-conaf-metropolitana-para-conocer-sus-capacidades-operativas-ante-la-proxima-temporada-de-incendios-forestales\/#primaryimage"},"thumbnailUrl":"https:\/\/diarioellabrador.cl\/wp-content\/uploads\/2026\/09\/Autoridades-visitan-central-de-camaras-de-CONAF-Metropolitana-para-conocer-sus-capacidades-operativas-ante-la-proxima-temporada-de-incendios-forestales-3-scaled.jpeg","articleSection":["Cr\u00f3nica"],"inLanguage":"es","potentialAction":[{"@type":"CommentAction","name":"Comment","target":["https:\/\/diarioellabrador.cl\/index.php\/2026\/09\/03\/autoridades-visitan-central-de-camaras-de-conaf-metropolitana-para-conocer-sus-capacidades-operativas-ante-la-proxima-temporada-de-incendios-forestales\/#respond"]}]},{"@type":"WebPage","@id":"https:\/\/diarioellabrador.cl\/index.php\/2026\/09\/03\/autoridades-visitan-central-de-camaras-de-conaf-metropolitana-para-conocer-sus-capacidades-operativas-ante-la-proxima-temporada-de-incendios-forestales\/","url":"https:\/\/diarioellabrador.cl\/index.php\/2026\/09\/03\/autoridades-visitan-central-de-camaras-de-conaf-metropolitana-para-conocer-sus-capacidades-operativas-ante-la-proxima-temporada-de-incendios-forestales\/","name":"Autoridades visitan central de c\u00e1maras de CONAF Metropolitana para conocer sus capacidades operativas ante la pr\u00f3xima temporada de incendios forestales - Diario El Labrador","isPartOf":{"@id":"https:\/\/diarioellabrador.cl\/#website"},"primaryImageOfPage":{"@id":"https:\/\/diarioellabrador.cl\/index.php\/2026\/09\/03\/autoridades-visitan-central-de-camaras-de-conaf-metropolitana-para-conocer-sus-capacidades-operativas-ante-la-proxima-temporada-de-incendios-forestales\/#primaryimage"},"image":{"@id":"https:\/\/diarioellabrador.cl\/index.php\/2026\/09\/03\/autoridades-visitan-central-de-camaras-de-conaf-metropolitana-para-conocer-sus-capacidades-operativas-ante-la-proxima-temporada-de-incendios-forestales\/#primaryimage"},"thumbnailUrl":"https:\/\/diarioellabrador.cl\/wp-content\/uploads\/2026\/09\/Autoridades-visitan-central-de-camaras-de-CONAF-Metropolitana-para-conocer-sus-capacidades-operativas-ante-la-proxima-temporada-de-incendios-forestales-3-scaled.jpeg","datePublished":"2026-09-03T23:16:52+00:00","dateModified":"2026-09-03T23:19:58+00:00","breadcrumb":{"@id":"https:\/\/diarioellabrador.cl\/index.php\/2026\/09\/03\/autoridades-visitan-central-de-camaras-de-conaf-metropolitana-para-conocer-sus-capacidades-operativas-ante-la-proxima-temporada-de-incendios-forestales\/#breadcrumb"},"inLanguage":"es","potentialAction":[{"@type":"ReadAction","target":["https:\/\/diarioellabrador.cl\/index.php\/2026\/09\/03\/autoridades-visitan-central-de-camaras-de-conaf-metropolitana-para-conocer-sus-capacidades-operativas-ante-la-proxima-temporada-de-incendios-forestales\/"]}]},{"@type":"ImageObject","inLanguage":"es","@id":"https:\/\/diarioellabrador.cl\/index.php\/2026\/09\/03\/autoridades-visitan-central-de-camaras-de-conaf-metropolitana-para-conocer-sus-capacidades-operativas-ante-la-proxima-temporada-de-incendios-forestales\/#primaryimage","url":"https:\/\/diarioellabrador.cl\/wp-content\/uploads\/2026\/09\/Autoridades-visitan-central-de-camaras-de-CONAF-Metropolitana-para-conocer-sus-capacidades-operativas-ante-la-proxima-temporada-de-incendios-forestales-3-scaled.jpeg","contentUrl":"https:\/\/diarioellabrador.cl\/wp-content\/uploads\/2026\/09\/Autoridades-visitan-central-de-camaras-de-CONAF-Metropolitana-para-conocer-sus-capacidades-operativas-ante-la-proxima-temporada-de-incendios-forestales-3-scaled.jpeg","width":2560,"height":1920},{"@type":"BreadcrumbList","@id":"https:\/\/diarioellabrador.cl\/index.php\/2026\/09\/03\/autoridades-visitan-central-de-camaras-de-conaf-metropolitana-para-conocer-sus-capacidades-operativas-ante-la-proxima-temporada-de-incendios-forestales\/#breadcrumb","itemListElement":[{"@type":"ListItem","position":1,"name":"Portada","item":"https:\/\/diarioellabrador.cl\/"},{"@type":"ListItem","position":2,"name":"Autoridades visitan central de c\u00e1maras de CONAF Metropolitana para conocer sus capacidades operativas ante la pr\u00f3xima temporada de incendios forestales"}]},{"@type":"WebSite","@id":"https:\/\/diarioellabrador.cl\/#website","url":"https:\/\/diarioellabrador.cl\/","name":"Diario El Labrador","description":"Haciendo noticia desde 1921","publisher":{"@id":"https:\/\/diarioellabrador.cl\/#organization"},"potentialAction":[{"@type":"SearchAction","target":{"@type":"EntryPoint","urlTemplate":"https:\/\/diarioellabrador.cl\/?s={search_term_string}"},"query-input":{"@type":"PropertyValueSpecification","valueRequired":true,"valueName":"search_term_string"}}],"inLanguage":"es"},{"@type":"Organization","@id":"https:\/\/diarioellabrador.cl\/#organization","name":"Diario El Labrador","url":"https:\/\/diarioellabrador.cl\/","logo":{"@type":"ImageObject","inLanguage":"es","@id":"https:\/\/diarioellabrador.cl\/#\/schema\/logo\/image\/","url":"https:\/\/diarioellabrador.cl\/wp-content\/uploads\/2025\/02\/cropped-Logo-Icono.png","contentUrl":"https:\/\/diarioellabrador.cl\/wp-content\/uploads\/2025\/02\/cropped-Logo-Icono.png","width":512,"height":512,"caption":"Diario El Labrador"},"image":{"@id":"https:\/\/diarioellabrador.cl\/#\/schema\/logo\/image\/"},"sameAs":["https:\/\/web.facebook.com\/profile.php?id=61576120840621","https:\/\/x.com\/ElLabradorOf","https:\/\/www.instagram.com\/diarioellabradoroficial\/"]},{"@type":"Person","@id":"https:\/\/diarioellabrador.cl\/#\/schema\/person\/bc25ff80b4563f9c7f4bd7855df01685","name":"Editor","image":{"@type":"ImageObject","inLanguage":"es","@id":"https:\/\/secure.gravatar.com\/avatar\/109c326cf2be5c04f048c2c2a2b8b6ef44bf3d8d1d3d4c55d0ac40c4bc994684?s=96&d=initials&r=g&initials=ed","url":"https:\/\/secure.gravatar.com\/avatar\/109c326cf2be5c04f048c2c2a2b8b6ef44bf3d8d1d3d4c55d0ac40c4bc994684?s=96&d=initials&r=g&initials=ed","contentUrl":"https:\/\/secure.gravatar.com\/avatar\/109c326cf2be5c04f048c2c2a2b8b6ef44bf3d8d1d3d4c55d0ac40c4bc994684?s=96&d=initials&r=g&initials=ed","caption":"Editor"},"url":"https:\/\/diarioellabrador.cl\/index.php\/author\/editor\/"}]}},"_links":{"self":[{"href":"https:\/\/diarioellabrador.cl\/index.php\/wp-json\/wp\/v2\/posts\/24517","targetHints":{"allow":["GET"]}}],"collection":[{"href":"https:\/\/diarioellabrador.cl\/index.php\/wp-json\/wp\/v2\/posts"}],"about":[{"href":"https:\/\/diarioellabrador.cl\/index.php\/wp-json\/wp\/v2\/types\/post"}],"author":[{"embeddable":true,"href":"https:\/\/diarioellabrador.cl\/index.php\/wp-json\/wp\/v2\/users\/2"}],"replies":[{"embeddable":true,"href":"https:\/\/diarioellabrador.cl\/index.php\/wp-json\/wp\/v2\/comments?post=24517"}],"version-history":[{"count":1,"href":"https:\/\/diarioellabrador.cl\/index.php\/wp-json\/wp\/v2\/posts\/24517\/revisions"}],"predecessor-version":[{"id":24518,"href":"https:\/\/diarioellabrador.cl\/index.php\/wp-json\/wp\/v2\/posts\/24517\/revisions\/24518"}],"wp:featuredmedia":[{"embeddable":true,"href":"https:\/\/diarioellabrador.cl\/index.php\/wp-json\/wp\/v2\/media\/24446"}],"wp:attachment":[{"href":"https:\/\/diarioellabrador.cl\/index.php\/wp-json\/wp\/v2\/media?parent=24517"}],"wp:term":[{"taxonomy":"category","embeddable":true,"href":"https:\/\/diarioellabrador.cl\/index.php\/wp-json\/wp\/v2\/categories?post=24517"},{"taxonomy":"post_tag","embeddable":true,"href":"https:\/\/diarioellabrador.cl\/index.php\/wp-json\/wp\/v2\/tags?post=24517"}],"curies":[{"name":"wp","href":"https:\/\/api.w.org\/{rel}","templated":true}]}}