{"id":24511,"date":"2026-09-03T19:09:56","date_gmt":"2026-09-03T23:09:56","guid":{"rendered":"https:\/\/diarioellabrador.cl\/?p=24511"},"modified":"2026-09-03T19:10:32","modified_gmt":"2026-09-03T23:10:32","slug":"delegado-provincial-gaston-libuy-informa-aumento-de-la-pgu-para-personas-entre-75-y-81-anos-a-partir-de-septiembre","status":"publish","type":"post","link":"https:\/\/diarioellabrador.cl\/index.php\/2026\/09\/03\/delegado-provincial-gaston-libuy-informa-aumento-de-la-pgu-para-personas-entre-75-y-81-anos-a-partir-de-septiembre\/","title":{"rendered":"Delegado Provincial Gast\u00f3n Libuy informa aumento de la PGU para personas entre 75 y 81 a\u00f1os a partir de septiembre"},"content":{"rendered":"\n<ul class=\"wp-block-list\">\n<li><strong>El incremento forma parte de la implementaci\u00f3n de la Reforma de Pensiones y permitir\u00e1 que el monto m\u00e1ximo de la Pensi\u00f3n Garantizada Universal llegue a $250.275 para este grupo de beneficiarios.<\/strong><\/li>\n\n\n\n<li><strong>El reajuste se realizar\u00e1 de manera autom\u00e1tica para quienes tienen la PGU, sin necesidad de realizar tr\u00e1mites.<\/strong><\/li>\n<\/ul>\n\n\n\n<p class=\"wp-block-paragraph\">A partir de este lunes 1 de septiembre comenz\u00f3 una nueva etapa en la implementaci\u00f3n de la Reforma de Pensiones, que contempla el aumento de la Pensi\u00f3n Garantizada Universal (PGU) para las personas de entre 75 y 81 a\u00f1os.<\/p>\n\n\n\n<p class=\"wp-block-paragraph\">De esta manera, quienes se encuentren dentro de este tramo de edad, y reciban la PGU, ver\u00e1n incrementado su beneficio desde los actuales $231.732 hasta un monto m\u00e1ximo de $250.275 mensuales. El aumento se incorporar\u00e1 autom\u00e1ticamente al pago correspondiente a septiembre, por lo que las personas que ya son beneficiarias de la PGU no deben realizar ning\u00fan tr\u00e1mite ni presentar una solicitud adicional.<\/p>\n\n\n\n<p class=\"wp-block-paragraph\">El delegado presidencial provincial de Melipilla, Gast\u00f3n Libuy, destac\u00f3 el impacto que tiene esta medida para las personas mayores y sus familias, enfatizando en la importancia de contar con este apoyo econ\u00f3mico.<\/p>\n\n\n\n<p class=\"wp-block-paragraph\">\u201cLa PGU es muy importante para nuestro Gobierno, es un aporte que construimos entre todos los chilenos y que busca reconocer a quienes han entregado gran parte de su vida al trabajo, al cuidado de sus familias y al desarrollo de nuestro pa\u00eds. Este mes de septiembre, partimos con buenas noticias para muchas personas mayores de nuestra provincia, porque desde este mes quienes tienen entre 75 y 81 a\u00f1os, y reciben la PGU, ver\u00e1n aumentado su beneficio de manera autom\u00e1tica\u201d, se\u00f1al\u00f3 el delegado.<\/p>\n\n\n\n<p class=\"wp-block-paragraph\">La autoridad provincial explic\u00f3 que este nuevo incremento se suma al aumento que ya recibieron las personas de 82 a\u00f1os y m\u00e1s en septiembre de 2025. Con ambos grupos, se proyecta que a fines de 2026 cerca de un mill\u00f3n de personas en el pa\u00eds est\u00e9n recibiendo la PGU con el nuevo monto.<\/p>\n\n\n\n<p class=\"wp-block-paragraph\">\u201cQueremos que las personas mayores sepan que este aumento no requiere ning\u00fan tr\u00e1mite. Lo importante es que revisen su liquidaci\u00f3n de pago correspondiente a septiembre y puedan verificar que el incremento ya est\u00e1 incorporado. Es un apoyo que llega directamente y que esperamos contribuya a aliviar los gastos de nuestros adultos mayores y sus hogares\u201d, agreg\u00f3 la autoridad provincial.<\/p>\n\n\n\n<p class=\"wp-block-paragraph\"><strong>Nuevos beneficiarios podr\u00e1n solicitar la PGU bajo las nuevas condiciones<\/strong><\/p>\n\n\n\n<p class=\"wp-block-paragraph\">Esta nueva etapa de la Reforma de Pensiones tambi\u00e9n contempla una modificaci\u00f3n relevante para las personas de entre 75 y 81 a\u00f1os que reciben pensiones asociadas a Leyes de Reparaci\u00f3n, de Gracia o como exonerados de Dipreca y Capredena.<\/p>\n\n\n\n<p class=\"wp-block-paragraph\">En estos casos, las personas que cumplan con los requisitos establecidos podr\u00e1n solicitar la PGU, por lo que se recomienda informarse sobre las nuevas condiciones y verificar si corresponde acceder al beneficio.<\/p>\n\n\n\n<p class=\"wp-block-paragraph\">Desde el Gobierno hicieron adem\u00e1s un llamado a mantenerse atentos ante posibles intentos de fraude, recordando que el aumento para quienes ya son beneficiarios de la PGU se realiza de forma autom\u00e1tica y no requiere entregar datos personales, claves ni efectuar pagos para acceder al incremento.<\/p>\n\n\n\n<p class=\"wp-block-paragraph\">Las personas que necesiten informaci\u00f3n sobre la PGU, conocer sus requisitos o el pago del beneficio, pueden consultar directamente en ChileAtiende, que tiene oficinas provinciales ubicadas en calle Serrano 541, comuna de Melipilla. Asimismo, a trav\u00e9s de sus canales oficiales en redes sociales (<a href=\"http:\/\/www.facebook.com\/ChileAtiende\">www.facebook.com\/ChileAtiende<\/a> o&nbsp; <a href=\"http:\/\/www.instagram.com\/chileatiende\">www.instagram.com\/chileatiende<\/a>), o llamar al Call Center 101.<\/p>\n\n\n\n<p class=\"wp-block-paragraph\"><\/p>\n","protected":false},"excerpt":{"rendered":"<p>A partir de este lunes 1 de septiembre comenz\u00f3 una nueva etapa en la implementaci\u00f3n de la Reforma de Pensiones, que contempla el aumento de la Pensi\u00f3n Garantizada Universal (PGU) para las personas de entre 75 y 81 a\u00f1os. De esta manera, quienes se encuentren dentro de este tramo de edad, y reciban la PGU,<\/p>\n<div class=\"read-more-wrapper\"><a class=\"read-more\" href=\"https:\/\/diarioellabrador.cl\/index.php\/2026\/09\/03\/delegado-provincial-gaston-libuy-informa-aumento-de-la-pgu-para-personas-entre-75-y-81-anos-a-partir-de-septiembre\/\" title=\"Leer m\u00e1s\"> <span class=\"button \">Leer m\u00e1s<\/span><\/a><\/div>\n","protected":false},"author":2,"featured_media":24447,"comment_status":"open","ping_status":"open","sticky":false,"template":"","format":"standard","meta":{"footnotes":"","_members_access_role":[],"_members_access_error":""},"categories":[1],"tags":[],"class_list":["post-24511","post","type-post","status-publish","format-standard","has-post-thumbnail","hentry","category-cronica"],"yoast_head":"<!-- This site is optimized with the Yoast SEO plugin v28.4 - https:\/\/yoast.com\/product\/yoast-seo-wordpress\/ -->\n<title>Delegado Provincial Gast\u00f3n Libuy informa aumento de la PGU para personas entre 75 y 81 a\u00f1os a partir de septiembre - Diario El Labrador<\/title>\n<meta name=\"robots\" content=\"index, follow, max-snippet:-1, max-image-preview:large, max-video-preview:-1\" \/>\n<link rel=\"canonical\" href=\"https:\/\/diarioellabrador.cl\/index.php\/2026\/09\/03\/delegado-provincial-gaston-libuy-informa-aumento-de-la-pgu-para-personas-entre-75-y-81-anos-a-partir-de-septiembre\/\" \/>\n<meta property=\"og:locale\" content=\"es_ES\" \/>\n<meta property=\"og:type\" content=\"article\" \/>\n<meta property=\"og:title\" content=\"Delegado Provincial Gast\u00f3n Libuy informa aumento de la PGU para personas entre 75 y 81 a\u00f1os a partir de septiembre - Diario El Labrador\" \/>\n<meta property=\"og:description\" content=\"A partir de este lunes 1 de septiembre comenz\u00f3 una nueva etapa en la implementaci\u00f3n de la Reforma de Pensiones, que contempla el aumento de la Pensi\u00f3n Garantizada Universal (PGU) para las personas de entre 75 y 81 a\u00f1os. De esta manera, quienes se encuentren dentro de este tramo de edad, y reciban la PGU, Leer m\u00e1s\" \/>\n<meta property=\"og:url\" content=\"https:\/\/diarioellabrador.cl\/index.php\/2026\/09\/03\/delegado-provincial-gaston-libuy-informa-aumento-de-la-pgu-para-personas-entre-75-y-81-anos-a-partir-de-septiembre\/\" \/>\n<meta property=\"og:site_name\" content=\"Diario El Labrador\" \/>\n<meta property=\"article:publisher\" content=\"https:\/\/web.facebook.com\/profile.php?id=61576120840621\" \/>\n<meta property=\"article:published_time\" content=\"2026-09-03T23:09:56+00:00\" \/>\n<meta property=\"article:modified_time\" content=\"2026-09-03T23:10:32+00:00\" \/>\n<meta property=\"og:image\" content=\"https:\/\/diarioellabrador.cl\/wp-content\/uploads\/2026\/09\/Delegado-Provincial-Gaston-Libuy-informa-aumento-de-la-PGU-para-personas-entre-75-y-81-anos-a-partir-de-septiembre-1.jpeg\" \/>\n\t<meta property=\"og:image:width\" content=\"1080\" \/>\n\t<meta property=\"og:image:height\" content=\"1350\" \/>\n\t<meta property=\"og:image:type\" content=\"image\/jpeg\" \/>\n<meta name=\"author\" content=\"Editor\" \/>\n<meta name=\"twitter:card\" content=\"summary_large_image\" \/>\n<meta name=\"twitter:creator\" content=\"@ElLabradorOf\" \/>\n<meta name=\"twitter:site\" content=\"@ElLabradorOf\" \/>\n<meta name=\"twitter:label1\" content=\"Escrito por\" \/>\n\t<meta name=\"twitter:data1\" content=\"Editor\" \/>\n\t<meta name=\"twitter:label2\" content=\"Tiempo de lectura\" \/>\n\t<meta name=\"twitter:data2\" content=\"3 minutos\" \/>\n<script type=\"application\/ld+json\" class=\"yoast-schema-graph\">{\"@context\":\"https:\\\/\\\/schema.org\",\"@graph\":[{\"@type\":\"Article\",\"@id\":\"https:\\\/\\\/diarioellabrador.cl\\\/index.php\\\/2026\\\/09\\\/03\\\/delegado-provincial-gaston-libuy-informa-aumento-de-la-pgu-para-personas-entre-75-y-81-anos-a-partir-de-septiembre\\\/#article\",\"isPartOf\":{\"@id\":\"https:\\\/\\\/diarioellabrador.cl\\\/index.php\\\/2026\\\/09\\\/03\\\/delegado-provincial-gaston-libuy-informa-aumento-de-la-pgu-para-personas-entre-75-y-81-anos-a-partir-de-septiembre\\\/\"},\"author\":{\"name\":\"Editor\",\"@id\":\"https:\\\/\\\/diarioellabrador.cl\\\/#\\\/schema\\\/person\\\/bc25ff80b4563f9c7f4bd7855df01685\"},\"headline\":\"Delegado Provincial Gast\u00f3n Libuy informa aumento de la PGU para personas entre 75 y 81 a\u00f1os a partir de septiembre\",\"datePublished\":\"2026-09-03T23:09:56+00:00\",\"dateModified\":\"2026-09-03T23:10:32+00:00\",\"mainEntityOfPage\":{\"@id\":\"https:\\\/\\\/diarioellabrador.cl\\\/index.php\\\/2026\\\/09\\\/03\\\/delegado-provincial-gaston-libuy-informa-aumento-de-la-pgu-para-personas-entre-75-y-81-anos-a-partir-de-septiembre\\\/\"},\"wordCount\":606,\"commentCount\":0,\"publisher\":{\"@id\":\"https:\\\/\\\/diarioellabrador.cl\\\/#organization\"},\"image\":{\"@id\":\"https:\\\/\\\/diarioellabrador.cl\\\/index.php\\\/2026\\\/09\\\/03\\\/delegado-provincial-gaston-libuy-informa-aumento-de-la-pgu-para-personas-entre-75-y-81-anos-a-partir-de-septiembre\\\/#primaryimage\"},\"thumbnailUrl\":\"https:\\\/\\\/diarioellabrador.cl\\\/wp-content\\\/uploads\\\/2026\\\/09\\\/Delegado-Provincial-Gaston-Libuy-informa-aumento-de-la-PGU-para-personas-entre-75-y-81-anos-a-partir-de-septiembre-1.jpeg\",\"articleSection\":[\"Cr\u00f3nica\"],\"inLanguage\":\"es\",\"potentialAction\":[{\"@type\":\"CommentAction\",\"name\":\"Comment\",\"target\":[\"https:\\\/\\\/diarioellabrador.cl\\\/index.php\\\/2026\\\/09\\\/03\\\/delegado-provincial-gaston-libuy-informa-aumento-de-la-pgu-para-personas-entre-75-y-81-anos-a-partir-de-septiembre\\\/#respond\"]}]},{\"@type\":\"WebPage\",\"@id\":\"https:\\\/\\\/diarioellabrador.cl\\\/index.php\\\/2026\\\/09\\\/03\\\/delegado-provincial-gaston-libuy-informa-aumento-de-la-pgu-para-personas-entre-75-y-81-anos-a-partir-de-septiembre\\\/\",\"url\":\"https:\\\/\\\/diarioellabrador.cl\\\/index.php\\\/2026\\\/09\\\/03\\\/delegado-provincial-gaston-libuy-informa-aumento-de-la-pgu-para-personas-entre-75-y-81-anos-a-partir-de-septiembre\\\/\",\"name\":\"Delegado Provincial Gast\u00f3n Libuy informa aumento de la PGU para personas entre 75 y 81 a\u00f1os a partir de septiembre - Diario El Labrador\",\"isPartOf\":{\"@id\":\"https:\\\/\\\/diarioellabrador.cl\\\/#website\"},\"primaryImageOfPage\":{\"@id\":\"https:\\\/\\\/diarioellabrador.cl\\\/index.php\\\/2026\\\/09\\\/03\\\/delegado-provincial-gaston-libuy-informa-aumento-de-la-pgu-para-personas-entre-75-y-81-anos-a-partir-de-septiembre\\\/#primaryimage\"},\"image\":{\"@id\":\"https:\\\/\\\/diarioellabrador.cl\\\/index.php\\\/2026\\\/09\\\/03\\\/delegado-provincial-gaston-libuy-informa-aumento-de-la-pgu-para-personas-entre-75-y-81-anos-a-partir-de-septiembre\\\/#primaryimage\"},\"thumbnailUrl\":\"https:\\\/\\\/diarioellabrador.cl\\\/wp-content\\\/uploads\\\/2026\\\/09\\\/Delegado-Provincial-Gaston-Libuy-informa-aumento-de-la-PGU-para-personas-entre-75-y-81-anos-a-partir-de-septiembre-1.jpeg\",\"datePublished\":\"2026-09-03T23:09:56+00:00\",\"dateModified\":\"2026-09-03T23:10:32+00:00\",\"breadcrumb\":{\"@id\":\"https:\\\/\\\/diarioellabrador.cl\\\/index.php\\\/2026\\\/09\\\/03\\\/delegado-provincial-gaston-libuy-informa-aumento-de-la-pgu-para-personas-entre-75-y-81-anos-a-partir-de-septiembre\\\/#breadcrumb\"},\"inLanguage\":\"es\",\"potentialAction\":[{\"@type\":\"ReadAction\",\"target\":[\"https:\\\/\\\/diarioellabrador.cl\\\/index.php\\\/2026\\\/09\\\/03\\\/delegado-provincial-gaston-libuy-informa-aumento-de-la-pgu-para-personas-entre-75-y-81-anos-a-partir-de-septiembre\\\/\"]}]},{\"@type\":\"ImageObject\",\"inLanguage\":\"es\",\"@id\":\"https:\\\/\\\/diarioellabrador.cl\\\/index.php\\\/2026\\\/09\\\/03\\\/delegado-provincial-gaston-libuy-informa-aumento-de-la-pgu-para-personas-entre-75-y-81-anos-a-partir-de-septiembre\\\/#primaryimage\",\"url\":\"https:\\\/\\\/diarioellabrador.cl\\\/wp-content\\\/uploads\\\/2026\\\/09\\\/Delegado-Provincial-Gaston-Libuy-informa-aumento-de-la-PGU-para-personas-entre-75-y-81-anos-a-partir-de-septiembre-1.jpeg\",\"contentUrl\":\"https:\\\/\\\/diarioellabrador.cl\\\/wp-content\\\/uploads\\\/2026\\\/09\\\/Delegado-Provincial-Gaston-Libuy-informa-aumento-de-la-PGU-para-personas-entre-75-y-81-anos-a-partir-de-septiembre-1.jpeg\",\"width\":1080,\"height\":1350},{\"@type\":\"BreadcrumbList\",\"@id\":\"https:\\\/\\\/diarioellabrador.cl\\\/index.php\\\/2026\\\/09\\\/03\\\/delegado-provincial-gaston-libuy-informa-aumento-de-la-pgu-para-personas-entre-75-y-81-anos-a-partir-de-septiembre\\\/#breadcrumb\",\"itemListElement\":[{\"@type\":\"ListItem\",\"position\":1,\"name\":\"Portada\",\"item\":\"https:\\\/\\\/diarioellabrador.cl\\\/\"},{\"@type\":\"ListItem\",\"position\":2,\"name\":\"Delegado Provincial Gast\u00f3n Libuy informa aumento de la PGU para personas entre 75 y 81 a\u00f1os a partir de septiembre\"}]},{\"@type\":\"WebSite\",\"@id\":\"https:\\\/\\\/diarioellabrador.cl\\\/#website\",\"url\":\"https:\\\/\\\/diarioellabrador.cl\\\/\",\"name\":\"Diario El Labrador\",\"description\":\"Haciendo noticia desde 1921\",\"publisher\":{\"@id\":\"https:\\\/\\\/diarioellabrador.cl\\\/#organization\"},\"potentialAction\":[{\"@type\":\"SearchAction\",\"target\":{\"@type\":\"EntryPoint\",\"urlTemplate\":\"https:\\\/\\\/diarioellabrador.cl\\\/?s={search_term_string}\"},\"query-input\":{\"@type\":\"PropertyValueSpecification\",\"valueRequired\":true,\"valueName\":\"search_term_string\"}}],\"inLanguage\":\"es\"},{\"@type\":\"Organization\",\"@id\":\"https:\\\/\\\/diarioellabrador.cl\\\/#organization\",\"name\":\"Diario El Labrador\",\"url\":\"https:\\\/\\\/diarioellabrador.cl\\\/\",\"logo\":{\"@type\":\"ImageObject\",\"inLanguage\":\"es\",\"@id\":\"https:\\\/\\\/diarioellabrador.cl\\\/#\\\/schema\\\/logo\\\/image\\\/\",\"url\":\"https:\\\/\\\/diarioellabrador.cl\\\/wp-content\\\/uploads\\\/2025\\\/02\\\/cropped-Logo-Icono.png\",\"contentUrl\":\"https:\\\/\\\/diarioellabrador.cl\\\/wp-content\\\/uploads\\\/2025\\\/02\\\/cropped-Logo-Icono.png\",\"width\":512,\"height\":512,\"caption\":\"Diario El Labrador\"},\"image\":{\"@id\":\"https:\\\/\\\/diarioellabrador.cl\\\/#\\\/schema\\\/logo\\\/image\\\/\"},\"sameAs\":[\"https:\\\/\\\/web.facebook.com\\\/profile.php?id=61576120840621\",\"https:\\\/\\\/x.com\\\/ElLabradorOf\",\"https:\\\/\\\/www.instagram.com\\\/diarioellabradoroficial\\\/\"]},{\"@type\":\"Person\",\"@id\":\"https:\\\/\\\/diarioellabrador.cl\\\/#\\\/schema\\\/person\\\/bc25ff80b4563f9c7f4bd7855df01685\",\"name\":\"Editor\",\"image\":{\"@type\":\"ImageObject\",\"inLanguage\":\"es\",\"@id\":\"https:\\\/\\\/secure.gravatar.com\\\/avatar\\\/109c326cf2be5c04f048c2c2a2b8b6ef44bf3d8d1d3d4c55d0ac40c4bc994684?s=96&d=initials&r=g&initials=ed\",\"url\":\"https:\\\/\\\/secure.gravatar.com\\\/avatar\\\/109c326cf2be5c04f048c2c2a2b8b6ef44bf3d8d1d3d4c55d0ac40c4bc994684?s=96&d=initials&r=g&initials=ed\",\"contentUrl\":\"https:\\\/\\\/secure.gravatar.com\\\/avatar\\\/109c326cf2be5c04f048c2c2a2b8b6ef44bf3d8d1d3d4c55d0ac40c4bc994684?s=96&d=initials&r=g&initials=ed\",\"caption\":\"Editor\"},\"url\":\"https:\\\/\\\/diarioellabrador.cl\\\/index.php\\\/author\\\/editor\\\/\"}]}<\/script>\n<!-- \/ Yoast SEO plugin. -->","yoast_head_json":{"title":"Delegado Provincial Gast\u00f3n Libuy informa aumento de la PGU para personas entre 75 y 81 a\u00f1os a partir de septiembre - Diario El Labrador","robots":{"index":"index","follow":"follow","max-snippet":"max-snippet:-1","max-image-preview":"max-image-preview:large","max-video-preview":"max-video-preview:-1"},"canonical":"https:\/\/diarioellabrador.cl\/index.php\/2026\/09\/03\/delegado-provincial-gaston-libuy-informa-aumento-de-la-pgu-para-personas-entre-75-y-81-anos-a-partir-de-septiembre\/","og_locale":"es_ES","og_type":"article","og_title":"Delegado Provincial Gast\u00f3n Libuy informa aumento de la PGU para personas entre 75 y 81 a\u00f1os a partir de septiembre - Diario El Labrador","og_description":"A partir de este lunes 1 de septiembre comenz\u00f3 una nueva etapa en la implementaci\u00f3n de la Reforma de Pensiones, que contempla el aumento de la Pensi\u00f3n Garantizada Universal (PGU) para las personas de entre 75 y 81 a\u00f1os. De esta manera, quienes se encuentren dentro de este tramo de edad, y reciban la PGU, Leer m\u00e1s","og_url":"https:\/\/diarioellabrador.cl\/index.php\/2026\/09\/03\/delegado-provincial-gaston-libuy-informa-aumento-de-la-pgu-para-personas-entre-75-y-81-anos-a-partir-de-septiembre\/","og_site_name":"Diario El Labrador","article_publisher":"https:\/\/web.facebook.com\/profile.php?id=61576120840621","article_published_time":"2026-09-03T23:09:56+00:00","article_modified_time":"2026-09-03T23:10:32+00:00","og_image":[{"width":1080,"height":1350,"url":"https:\/\/diarioellabrador.cl\/wp-content\/uploads\/2026\/09\/Delegado-Provincial-Gaston-Libuy-informa-aumento-de-la-PGU-para-personas-entre-75-y-81-anos-a-partir-de-septiembre-1.jpeg","type":"image\/jpeg"}],"author":"Editor","twitter_card":"summary_large_image","twitter_creator":"@ElLabradorOf","twitter_site":"@ElLabradorOf","twitter_misc":{"Escrito por":"Editor","Tiempo de lectura":"3 minutos"},"schema":{"@context":"https:\/\/schema.org","@graph":[{"@type":"Article","@id":"https:\/\/diarioellabrador.cl\/index.php\/2026\/09\/03\/delegado-provincial-gaston-libuy-informa-aumento-de-la-pgu-para-personas-entre-75-y-81-anos-a-partir-de-septiembre\/#article","isPartOf":{"@id":"https:\/\/diarioellabrador.cl\/index.php\/2026\/09\/03\/delegado-provincial-gaston-libuy-informa-aumento-de-la-pgu-para-personas-entre-75-y-81-anos-a-partir-de-septiembre\/"},"author":{"name":"Editor","@id":"https:\/\/diarioellabrador.cl\/#\/schema\/person\/bc25ff80b4563f9c7f4bd7855df01685"},"headline":"Delegado Provincial Gast\u00f3n Libuy informa aumento de la PGU para personas entre 75 y 81 a\u00f1os a partir de septiembre","datePublished":"2026-09-03T23:09:56+00:00","dateModified":"2026-09-03T23:10:32+00:00","mainEntityOfPage":{"@id":"https:\/\/diarioellabrador.cl\/index.php\/2026\/09\/03\/delegado-provincial-gaston-libuy-informa-aumento-de-la-pgu-para-personas-entre-75-y-81-anos-a-partir-de-septiembre\/"},"wordCount":606,"commentCount":0,"publisher":{"@id":"https:\/\/diarioellabrador.cl\/#organization"},"image":{"@id":"https:\/\/diarioellabrador.cl\/index.php\/2026\/09\/03\/delegado-provincial-gaston-libuy-informa-aumento-de-la-pgu-para-personas-entre-75-y-81-anos-a-partir-de-septiembre\/#primaryimage"},"thumbnailUrl":"https:\/\/diarioellabrador.cl\/wp-content\/uploads\/2026\/09\/Delegado-Provincial-Gaston-Libuy-informa-aumento-de-la-PGU-para-personas-entre-75-y-81-anos-a-partir-de-septiembre-1.jpeg","articleSection":["Cr\u00f3nica"],"inLanguage":"es","potentialAction":[{"@type":"CommentAction","name":"Comment","target":["https:\/\/diarioellabrador.cl\/index.php\/2026\/09\/03\/delegado-provincial-gaston-libuy-informa-aumento-de-la-pgu-para-personas-entre-75-y-81-anos-a-partir-de-septiembre\/#respond"]}]},{"@type":"WebPage","@id":"https:\/\/diarioellabrador.cl\/index.php\/2026\/09\/03\/delegado-provincial-gaston-libuy-informa-aumento-de-la-pgu-para-personas-entre-75-y-81-anos-a-partir-de-septiembre\/","url":"https:\/\/diarioellabrador.cl\/index.php\/2026\/09\/03\/delegado-provincial-gaston-libuy-informa-aumento-de-la-pgu-para-personas-entre-75-y-81-anos-a-partir-de-septiembre\/","name":"Delegado Provincial Gast\u00f3n Libuy informa aumento de la PGU para personas entre 75 y 81 a\u00f1os a partir de septiembre - Diario El Labrador","isPartOf":{"@id":"https:\/\/diarioellabrador.cl\/#website"},"primaryImageOfPage":{"@id":"https:\/\/diarioellabrador.cl\/index.php\/2026\/09\/03\/delegado-provincial-gaston-libuy-informa-aumento-de-la-pgu-para-personas-entre-75-y-81-anos-a-partir-de-septiembre\/#primaryimage"},"image":{"@id":"https:\/\/diarioellabrador.cl\/index.php\/2026\/09\/03\/delegado-provincial-gaston-libuy-informa-aumento-de-la-pgu-para-personas-entre-75-y-81-anos-a-partir-de-septiembre\/#primaryimage"},"thumbnailUrl":"https:\/\/diarioellabrador.cl\/wp-content\/uploads\/2026\/09\/Delegado-Provincial-Gaston-Libuy-informa-aumento-de-la-PGU-para-personas-entre-75-y-81-anos-a-partir-de-septiembre-1.jpeg","datePublished":"2026-09-03T23:09:56+00:00","dateModified":"2026-09-03T23:10:32+00:00","breadcrumb":{"@id":"https:\/\/diarioellabrador.cl\/index.php\/2026\/09\/03\/delegado-provincial-gaston-libuy-informa-aumento-de-la-pgu-para-personas-entre-75-y-81-anos-a-partir-de-septiembre\/#breadcrumb"},"inLanguage":"es","potentialAction":[{"@type":"ReadAction","target":["https:\/\/diarioellabrador.cl\/index.php\/2026\/09\/03\/delegado-provincial-gaston-libuy-informa-aumento-de-la-pgu-para-personas-entre-75-y-81-anos-a-partir-de-septiembre\/"]}]},{"@type":"ImageObject","inLanguage":"es","@id":"https:\/\/diarioellabrador.cl\/index.php\/2026\/09\/03\/delegado-provincial-gaston-libuy-informa-aumento-de-la-pgu-para-personas-entre-75-y-81-anos-a-partir-de-septiembre\/#primaryimage","url":"https:\/\/diarioellabrador.cl\/wp-content\/uploads\/2026\/09\/Delegado-Provincial-Gaston-Libuy-informa-aumento-de-la-PGU-para-personas-entre-75-y-81-anos-a-partir-de-septiembre-1.jpeg","contentUrl":"https:\/\/diarioellabrador.cl\/wp-content\/uploads\/2026\/09\/Delegado-Provincial-Gaston-Libuy-informa-aumento-de-la-PGU-para-personas-entre-75-y-81-anos-a-partir-de-septiembre-1.jpeg","width":1080,"height":1350},{"@type":"BreadcrumbList","@id":"https:\/\/diarioellabrador.cl\/index.php\/2026\/09\/03\/delegado-provincial-gaston-libuy-informa-aumento-de-la-pgu-para-personas-entre-75-y-81-anos-a-partir-de-septiembre\/#breadcrumb","itemListElement":[{"@type":"ListItem","position":1,"name":"Portada","item":"https:\/\/diarioellabrador.cl\/"},{"@type":"ListItem","position":2,"name":"Delegado Provincial Gast\u00f3n Libuy informa aumento de la PGU para personas entre 75 y 81 a\u00f1os a partir de septiembre"}]},{"@type":"WebSite","@id":"https:\/\/diarioellabrador.cl\/#website","url":"https:\/\/diarioellabrador.cl\/","name":"Diario El Labrador","description":"Haciendo noticia desde 1921","publisher":{"@id":"https:\/\/diarioellabrador.cl\/#organization"},"potentialAction":[{"@type":"SearchAction","target":{"@type":"EntryPoint","urlTemplate":"https:\/\/diarioellabrador.cl\/?s={search_term_string}"},"query-input":{"@type":"PropertyValueSpecification","valueRequired":true,"valueName":"search_term_string"}}],"inLanguage":"es"},{"@type":"Organization","@id":"https:\/\/diarioellabrador.cl\/#organization","name":"Diario El Labrador","url":"https:\/\/diarioellabrador.cl\/","logo":{"@type":"ImageObject","inLanguage":"es","@id":"https:\/\/diarioellabrador.cl\/#\/schema\/logo\/image\/","url":"https:\/\/diarioellabrador.cl\/wp-content\/uploads\/2025\/02\/cropped-Logo-Icono.png","contentUrl":"https:\/\/diarioellabrador.cl\/wp-content\/uploads\/2025\/02\/cropped-Logo-Icono.png","width":512,"height":512,"caption":"Diario El Labrador"},"image":{"@id":"https:\/\/diarioellabrador.cl\/#\/schema\/logo\/image\/"},"sameAs":["https:\/\/web.facebook.com\/profile.php?id=61576120840621","https:\/\/x.com\/ElLabradorOf","https:\/\/www.instagram.com\/diarioellabradoroficial\/"]},{"@type":"Person","@id":"https:\/\/diarioellabrador.cl\/#\/schema\/person\/bc25ff80b4563f9c7f4bd7855df01685","name":"Editor","image":{"@type":"ImageObject","inLanguage":"es","@id":"https:\/\/secure.gravatar.com\/avatar\/109c326cf2be5c04f048c2c2a2b8b6ef44bf3d8d1d3d4c55d0ac40c4bc994684?s=96&d=initials&r=g&initials=ed","url":"https:\/\/secure.gravatar.com\/avatar\/109c326cf2be5c04f048c2c2a2b8b6ef44bf3d8d1d3d4c55d0ac40c4bc994684?s=96&d=initials&r=g&initials=ed","contentUrl":"https:\/\/secure.gravatar.com\/avatar\/109c326cf2be5c04f048c2c2a2b8b6ef44bf3d8d1d3d4c55d0ac40c4bc994684?s=96&d=initials&r=g&initials=ed","caption":"Editor"},"url":"https:\/\/diarioellabrador.cl\/index.php\/author\/editor\/"}]}},"_links":{"self":[{"href":"https:\/\/diarioellabrador.cl\/index.php\/wp-json\/wp\/v2\/posts\/24511","targetHints":{"allow":["GET"]}}],"collection":[{"href":"https:\/\/diarioellabrador.cl\/index.php\/wp-json\/wp\/v2\/posts"}],"about":[{"href":"https:\/\/diarioellabrador.cl\/index.php\/wp-json\/wp\/v2\/types\/post"}],"author":[{"embeddable":true,"href":"https:\/\/diarioellabrador.cl\/index.php\/wp-json\/wp\/v2\/users\/2"}],"replies":[{"embeddable":true,"href":"https:\/\/diarioellabrador.cl\/index.php\/wp-json\/wp\/v2\/comments?post=24511"}],"version-history":[{"count":1,"href":"https:\/\/diarioellabrador.cl\/index.php\/wp-json\/wp\/v2\/posts\/24511\/revisions"}],"predecessor-version":[{"id":24512,"href":"https:\/\/diarioellabrador.cl\/index.php\/wp-json\/wp\/v2\/posts\/24511\/revisions\/24512"}],"wp:featuredmedia":[{"embeddable":true,"href":"https:\/\/diarioellabrador.cl\/index.php\/wp-json\/wp\/v2\/media\/24447"}],"wp:attachment":[{"href":"https:\/\/diarioellabrador.cl\/index.php\/wp-json\/wp\/v2\/media?parent=24511"}],"wp:term":[{"taxonomy":"category","embeddable":true,"href":"https:\/\/diarioellabrador.cl\/index.php\/wp-json\/wp\/v2\/categories?post=24511"},{"taxonomy":"post_tag","embeddable":true,"href":"https:\/\/diarioellabrador.cl\/index.php\/wp-json\/wp\/v2\/tags?post=24511"}],"curies":[{"name":"wp","href":"https:\/\/api.w.org\/{rel}","templated":true}]}}