{"id":24503,"date":"2026-09-03T19:04:33","date_gmt":"2026-09-03T23:04:33","guid":{"rendered":"https:\/\/diarioellabrador.cl\/?p=24503"},"modified":"2026-09-03T19:04:41","modified_gmt":"2026-09-03T23:04:41","slug":"seremi-de-agricultura-y-conaf-lideran-alianza-con-autoridades-provinciales-para-potenciar-la-prevencion-y-el-combate-de-incendios-en-la-rm","status":"publish","type":"post","link":"https:\/\/diarioellabrador.cl\/index.php\/2026\/09\/03\/seremi-de-agricultura-y-conaf-lideran-alianza-con-autoridades-provinciales-para-potenciar-la-prevencion-y-el-combate-de-incendios-en-la-rm\/","title":{"rendered":"Seremi de Agricultura y CONAF lideran alianza con autoridades provinciales para potenciar la prevenci\u00f3n y el combate de incendios en la RM"},"content":{"rendered":"\n<ul class=\"wp-block-list\">\n<li><em>La iniciativa, liderada por la Seremi de Agricultura y CONAF, busca capacitar a los delegados presidenciales provinciales sobre la labor operativa disponible.<\/em><\/li>\n\n\n\n<li><em>Llaman de forma urgente a la prevenci\u00f3n y recuerdan que las quemas agr\u00edcolas quedar\u00e1n totalmente prohibidas a partir del 24 de noviembre.<\/em><\/li>\n<\/ul>\n\n\n\n<p class=\"wp-block-paragraph\">El Seremi de Agricultura, Fernando Rencoret, junto al director regional de CONAF, Mario Pinto, encabezaron una importante visita t\u00e9cnica a la Central de Coordinaci\u00f3n de Incendios Forestales \u201cRoble 1\u201d, ubicada en la comuna de La Reina. La actividad cont\u00f3 con la participaci\u00f3n de las y los delegados presidenciales provinciales de Melipilla, Gast\u00f3n Libuy; Cordillera, Mar\u00eda Ang\u00e9lica Villadangos; Talagante, Annemarie Irene M\u00fcller y Chacabuco, Crist\u00f3bal Saavedra; adem\u00e1s del Seremi de Transportes, Gonzalo Cuevas, y el alcalde de La Reina, Jos\u00e9 Manuel Palacios.<\/p>\n\n\n\n<p class=\"wp-block-paragraph\">La iniciativa nace desde la Secretar\u00eda Regional Ministerial de Agricultura y CONAF con el objetivo de que las autoridades provinciales conozcan en terreno toda la tecnolog\u00eda, log\u00edstica y capacidad operativa con la que cuenta la instituci\u00f3n para proteger a la poblaci\u00f3n, el medioambiente y la infraestructura cr\u00edtica durante todo el a\u00f1o.<\/p>\n\n\n\n<p class=\"wp-block-paragraph\">La Central \u201cRoble 1\u201d constituye el n\u00facleo operativo del sistema de protecci\u00f3n de la Regi\u00f3n Metropolitana. Desde este espacio estrat\u00e9gico se concentran las jefaturas de prevenci\u00f3n, control, log\u00edstica e investigaci\u00f3n, procesando informaci\u00f3n en tiempo real para la toma de decisiones clave ante emergencias complejas.<\/p>\n\n\n\n<p class=\"wp-block-paragraph\">Al respecto, el director regional de CONAF RM, Mario Pinto, destac\u00f3 la importancia estrat\u00e9gica del encuentro: \u201c<em>El objetivo de esta visita es que puedan conocer in situ los recursos para la prevenci\u00f3n, mitigaci\u00f3n, control y combate de incendios forestales. La idea es generar esta sinergia con las delegaciones y sus equipos para poder ver c\u00f3mo podemos operativizar en terreno todo lo que es el trabajo y el despliegue de recursos, y tambi\u00e9n lo que es concientizar a la ciudadan\u00eda respecto a la prevenci\u00f3n y control de incendios\u201d<\/em>.<\/p>\n\n\n\n<p class=\"wp-block-paragraph\"><strong>Alerta por carga de combustible y calendario de quemas<\/strong><\/p>\n\n\n\n<p class=\"wp-block-paragraph\">Las autoridades advirtieron que la presente temporada ser\u00e1 especialmente propensa a la ocurrencia de incendios forestales. Esto se debe a la alta carga de combustible&nbsp; de vegetaci\u00f3n presente en los territorios, impulsada por las condiciones clim\u00e1ticas actuales.<\/p>\n\n\n\n<p class=\"wp-block-paragraph\">El Seremi de Agricultura, Fernando Rencoret, enfatiz\u00f3:&nbsp;<em>\u201cEsta temporada ser\u00e1 m\u00e1s propensa a incendios por la carga de combustible en los territorios debido a las condiciones clim\u00e1ticas. El llamado es a la prevenci\u00f3n y al uso responsable del fuego\u201d<\/em>.<\/p>\n\n\n\n<p class=\"wp-block-paragraph\">Asimismo, la autoridad regional realiz\u00f3 un importante anuncio respecto a las regulaciones agr\u00edcolas:&nbsp;<em>\u201cRecordamos que el calendario de quemas estar\u00e1 vigente estrictamente entre el 1 y el 23 de noviembre. Posterior a esa fecha, quedar\u00e1 completamente prohibido realizar quemas los 365 d\u00edas del a\u00f1o\u201d<\/em>.<\/p>\n\n\n\n<p class=\"wp-block-paragraph\">Con este encuentro, las autoridades refuerzan el trabajo interinstitucional y la planificaci\u00f3n preventiva para mitigar los riesgos de un periodo estival que se anticipa altamente desafiante para la Regi\u00f3n Metropolitana.<\/p>\n\n\n\n<p class=\"wp-block-paragraph\"><\/p>\n","protected":false},"excerpt":{"rendered":"<p>El Seremi de Agricultura, Fernando Rencoret, junto al director regional de CONAF, Mario Pinto, encabezaron una importante visita t\u00e9cnica a la Central de Coordinaci\u00f3n de Incendios Forestales \u201cRoble 1\u201d, ubicada en la comuna de La Reina. La actividad cont\u00f3 con la participaci\u00f3n de las y los delegados presidenciales provinciales de Melipilla, Gast\u00f3n Libuy; Cordillera, Mar\u00eda<\/p>\n<div class=\"read-more-wrapper\"><a class=\"read-more\" href=\"https:\/\/diarioellabrador.cl\/index.php\/2026\/09\/03\/seremi-de-agricultura-y-conaf-lideran-alianza-con-autoridades-provinciales-para-potenciar-la-prevencion-y-el-combate-de-incendios-en-la-rm\/\" title=\"Leer m\u00e1s\"> <span class=\"button \">Leer m\u00e1s<\/span><\/a><\/div>\n","protected":false},"author":2,"featured_media":24437,"comment_status":"open","ping_status":"open","sticky":false,"template":"","format":"standard","meta":{"footnotes":"","_members_access_role":[],"_members_access_error":""},"categories":[1],"tags":[],"class_list":["post-24503","post","type-post","status-publish","format-standard","has-post-thumbnail","hentry","category-cronica"],"yoast_head":"<!-- This site is optimized with the Yoast SEO plugin v28.4 - https:\/\/yoast.com\/product\/yoast-seo-wordpress\/ -->\n<title>Seremi de Agricultura y CONAF lideran alianza con autoridades provinciales para potenciar la prevenci\u00f3n y el combate de incendios en la RM - Diario El Labrador<\/title>\n<meta name=\"robots\" content=\"index, follow, max-snippet:-1, max-image-preview:large, max-video-preview:-1\" \/>\n<link rel=\"canonical\" href=\"https:\/\/diarioellabrador.cl\/index.php\/2026\/09\/03\/seremi-de-agricultura-y-conaf-lideran-alianza-con-autoridades-provinciales-para-potenciar-la-prevencion-y-el-combate-de-incendios-en-la-rm\/\" \/>\n<meta property=\"og:locale\" content=\"es_ES\" \/>\n<meta property=\"og:type\" content=\"article\" \/>\n<meta property=\"og:title\" content=\"Seremi de Agricultura y CONAF lideran alianza con autoridades provinciales para potenciar la prevenci\u00f3n y el combate de incendios en la RM - Diario El Labrador\" \/>\n<meta property=\"og:description\" content=\"El Seremi de Agricultura, Fernando Rencoret, junto al director regional de CONAF, Mario Pinto, encabezaron una importante visita t\u00e9cnica a la Central de Coordinaci\u00f3n de Incendios Forestales \u201cRoble 1\u201d, ubicada en la comuna de La Reina. La actividad cont\u00f3 con la participaci\u00f3n de las y los delegados presidenciales provinciales de Melipilla, Gast\u00f3n Libuy; Cordillera, Mar\u00eda Leer m\u00e1s\" \/>\n<meta property=\"og:url\" content=\"https:\/\/diarioellabrador.cl\/index.php\/2026\/09\/03\/seremi-de-agricultura-y-conaf-lideran-alianza-con-autoridades-provinciales-para-potenciar-la-prevencion-y-el-combate-de-incendios-en-la-rm\/\" \/>\n<meta property=\"og:site_name\" content=\"Diario El Labrador\" \/>\n<meta property=\"article:publisher\" content=\"https:\/\/web.facebook.com\/profile.php?id=61576120840621\" \/>\n<meta property=\"article:published_time\" content=\"2026-09-03T23:04:33+00:00\" \/>\n<meta property=\"article:modified_time\" content=\"2026-09-03T23:04:41+00:00\" \/>\n<meta property=\"og:image\" content=\"https:\/\/diarioellabrador.cl\/wp-content\/uploads\/2026\/09\/Seremi-de-Agricultura-y-CONAF-lideran-alianza-con-autoridades-provinciales-para-potenciar-la-prevencion-y-el-combate-de-incendios-en-la-RM.jpeg\" \/>\n\t<meta property=\"og:image:width\" content=\"2364\" \/>\n\t<meta property=\"og:image:height\" content=\"1330\" \/>\n\t<meta property=\"og:image:type\" content=\"image\/jpeg\" \/>\n<meta name=\"author\" content=\"Editor\" \/>\n<meta name=\"twitter:card\" content=\"summary_large_image\" \/>\n<meta name=\"twitter:creator\" content=\"@ElLabradorOf\" \/>\n<meta name=\"twitter:site\" content=\"@ElLabradorOf\" \/>\n<meta name=\"twitter:label1\" content=\"Escrito por\" \/>\n\t<meta name=\"twitter:data1\" content=\"Editor\" \/>\n\t<meta name=\"twitter:label2\" content=\"Tiempo de lectura\" \/>\n\t<meta name=\"twitter:data2\" content=\"3 minutos\" \/>\n<script type=\"application\/ld+json\" class=\"yoast-schema-graph\">{\"@context\":\"https:\\\/\\\/schema.org\",\"@graph\":[{\"@type\":\"Article\",\"@id\":\"https:\\\/\\\/diarioellabrador.cl\\\/index.php\\\/2026\\\/09\\\/03\\\/seremi-de-agricultura-y-conaf-lideran-alianza-con-autoridades-provinciales-para-potenciar-la-prevencion-y-el-combate-de-incendios-en-la-rm\\\/#article\",\"isPartOf\":{\"@id\":\"https:\\\/\\\/diarioellabrador.cl\\\/index.php\\\/2026\\\/09\\\/03\\\/seremi-de-agricultura-y-conaf-lideran-alianza-con-autoridades-provinciales-para-potenciar-la-prevencion-y-el-combate-de-incendios-en-la-rm\\\/\"},\"author\":{\"name\":\"Editor\",\"@id\":\"https:\\\/\\\/diarioellabrador.cl\\\/#\\\/schema\\\/person\\\/bc25ff80b4563f9c7f4bd7855df01685\"},\"headline\":\"Seremi de Agricultura y CONAF lideran alianza con autoridades provinciales para potenciar la prevenci\u00f3n y el combate de incendios en la RM\",\"datePublished\":\"2026-09-03T23:04:33+00:00\",\"dateModified\":\"2026-09-03T23:04:41+00:00\",\"mainEntityOfPage\":{\"@id\":\"https:\\\/\\\/diarioellabrador.cl\\\/index.php\\\/2026\\\/09\\\/03\\\/seremi-de-agricultura-y-conaf-lideran-alianza-con-autoridades-provinciales-para-potenciar-la-prevencion-y-el-combate-de-incendios-en-la-rm\\\/\"},\"wordCount\":530,\"commentCount\":0,\"publisher\":{\"@id\":\"https:\\\/\\\/diarioellabrador.cl\\\/#organization\"},\"image\":{\"@id\":\"https:\\\/\\\/diarioellabrador.cl\\\/index.php\\\/2026\\\/09\\\/03\\\/seremi-de-agricultura-y-conaf-lideran-alianza-con-autoridades-provinciales-para-potenciar-la-prevencion-y-el-combate-de-incendios-en-la-rm\\\/#primaryimage\"},\"thumbnailUrl\":\"https:\\\/\\\/diarioellabrador.cl\\\/wp-content\\\/uploads\\\/2026\\\/09\\\/Seremi-de-Agricultura-y-CONAF-lideran-alianza-con-autoridades-provinciales-para-potenciar-la-prevencion-y-el-combate-de-incendios-en-la-RM.jpeg\",\"articleSection\":[\"Cr\u00f3nica\"],\"inLanguage\":\"es\",\"potentialAction\":[{\"@type\":\"CommentAction\",\"name\":\"Comment\",\"target\":[\"https:\\\/\\\/diarioellabrador.cl\\\/index.php\\\/2026\\\/09\\\/03\\\/seremi-de-agricultura-y-conaf-lideran-alianza-con-autoridades-provinciales-para-potenciar-la-prevencion-y-el-combate-de-incendios-en-la-rm\\\/#respond\"]}]},{\"@type\":\"WebPage\",\"@id\":\"https:\\\/\\\/diarioellabrador.cl\\\/index.php\\\/2026\\\/09\\\/03\\\/seremi-de-agricultura-y-conaf-lideran-alianza-con-autoridades-provinciales-para-potenciar-la-prevencion-y-el-combate-de-incendios-en-la-rm\\\/\",\"url\":\"https:\\\/\\\/diarioellabrador.cl\\\/index.php\\\/2026\\\/09\\\/03\\\/seremi-de-agricultura-y-conaf-lideran-alianza-con-autoridades-provinciales-para-potenciar-la-prevencion-y-el-combate-de-incendios-en-la-rm\\\/\",\"name\":\"Seremi de Agricultura y CONAF lideran alianza con autoridades provinciales para potenciar la prevenci\u00f3n y el combate de incendios en la RM - Diario El Labrador\",\"isPartOf\":{\"@id\":\"https:\\\/\\\/diarioellabrador.cl\\\/#website\"},\"primaryImageOfPage\":{\"@id\":\"https:\\\/\\\/diarioellabrador.cl\\\/index.php\\\/2026\\\/09\\\/03\\\/seremi-de-agricultura-y-conaf-lideran-alianza-con-autoridades-provinciales-para-potenciar-la-prevencion-y-el-combate-de-incendios-en-la-rm\\\/#primaryimage\"},\"image\":{\"@id\":\"https:\\\/\\\/diarioellabrador.cl\\\/index.php\\\/2026\\\/09\\\/03\\\/seremi-de-agricultura-y-conaf-lideran-alianza-con-autoridades-provinciales-para-potenciar-la-prevencion-y-el-combate-de-incendios-en-la-rm\\\/#primaryimage\"},\"thumbnailUrl\":\"https:\\\/\\\/diarioellabrador.cl\\\/wp-content\\\/uploads\\\/2026\\\/09\\\/Seremi-de-Agricultura-y-CONAF-lideran-alianza-con-autoridades-provinciales-para-potenciar-la-prevencion-y-el-combate-de-incendios-en-la-RM.jpeg\",\"datePublished\":\"2026-09-03T23:04:33+00:00\",\"dateModified\":\"2026-09-03T23:04:41+00:00\",\"breadcrumb\":{\"@id\":\"https:\\\/\\\/diarioellabrador.cl\\\/index.php\\\/2026\\\/09\\\/03\\\/seremi-de-agricultura-y-conaf-lideran-alianza-con-autoridades-provinciales-para-potenciar-la-prevencion-y-el-combate-de-incendios-en-la-rm\\\/#breadcrumb\"},\"inLanguage\":\"es\",\"potentialAction\":[{\"@type\":\"ReadAction\",\"target\":[\"https:\\\/\\\/diarioellabrador.cl\\\/index.php\\\/2026\\\/09\\\/03\\\/seremi-de-agricultura-y-conaf-lideran-alianza-con-autoridades-provinciales-para-potenciar-la-prevencion-y-el-combate-de-incendios-en-la-rm\\\/\"]}]},{\"@type\":\"ImageObject\",\"inLanguage\":\"es\",\"@id\":\"https:\\\/\\\/diarioellabrador.cl\\\/index.php\\\/2026\\\/09\\\/03\\\/seremi-de-agricultura-y-conaf-lideran-alianza-con-autoridades-provinciales-para-potenciar-la-prevencion-y-el-combate-de-incendios-en-la-rm\\\/#primaryimage\",\"url\":\"https:\\\/\\\/diarioellabrador.cl\\\/wp-content\\\/uploads\\\/2026\\\/09\\\/Seremi-de-Agricultura-y-CONAF-lideran-alianza-con-autoridades-provinciales-para-potenciar-la-prevencion-y-el-combate-de-incendios-en-la-RM.jpeg\",\"contentUrl\":\"https:\\\/\\\/diarioellabrador.cl\\\/wp-content\\\/uploads\\\/2026\\\/09\\\/Seremi-de-Agricultura-y-CONAF-lideran-alianza-con-autoridades-provinciales-para-potenciar-la-prevencion-y-el-combate-de-incendios-en-la-RM.jpeg\",\"width\":2364,\"height\":1330},{\"@type\":\"BreadcrumbList\",\"@id\":\"https:\\\/\\\/diarioellabrador.cl\\\/index.php\\\/2026\\\/09\\\/03\\\/seremi-de-agricultura-y-conaf-lideran-alianza-con-autoridades-provinciales-para-potenciar-la-prevencion-y-el-combate-de-incendios-en-la-rm\\\/#breadcrumb\",\"itemListElement\":[{\"@type\":\"ListItem\",\"position\":1,\"name\":\"Portada\",\"item\":\"https:\\\/\\\/diarioellabrador.cl\\\/\"},{\"@type\":\"ListItem\",\"position\":2,\"name\":\"Seremi de Agricultura y CONAF lideran alianza con autoridades provinciales para potenciar la prevenci\u00f3n y el combate de incendios en la RM\"}]},{\"@type\":\"WebSite\",\"@id\":\"https:\\\/\\\/diarioellabrador.cl\\\/#website\",\"url\":\"https:\\\/\\\/diarioellabrador.cl\\\/\",\"name\":\"Diario El Labrador\",\"description\":\"Haciendo noticia desde 1921\",\"publisher\":{\"@id\":\"https:\\\/\\\/diarioellabrador.cl\\\/#organization\"},\"potentialAction\":[{\"@type\":\"SearchAction\",\"target\":{\"@type\":\"EntryPoint\",\"urlTemplate\":\"https:\\\/\\\/diarioellabrador.cl\\\/?s={search_term_string}\"},\"query-input\":{\"@type\":\"PropertyValueSpecification\",\"valueRequired\":true,\"valueName\":\"search_term_string\"}}],\"inLanguage\":\"es\"},{\"@type\":\"Organization\",\"@id\":\"https:\\\/\\\/diarioellabrador.cl\\\/#organization\",\"name\":\"Diario El Labrador\",\"url\":\"https:\\\/\\\/diarioellabrador.cl\\\/\",\"logo\":{\"@type\":\"ImageObject\",\"inLanguage\":\"es\",\"@id\":\"https:\\\/\\\/diarioellabrador.cl\\\/#\\\/schema\\\/logo\\\/image\\\/\",\"url\":\"https:\\\/\\\/diarioellabrador.cl\\\/wp-content\\\/uploads\\\/2025\\\/02\\\/cropped-Logo-Icono.png\",\"contentUrl\":\"https:\\\/\\\/diarioellabrador.cl\\\/wp-content\\\/uploads\\\/2025\\\/02\\\/cropped-Logo-Icono.png\",\"width\":512,\"height\":512,\"caption\":\"Diario El Labrador\"},\"image\":{\"@id\":\"https:\\\/\\\/diarioellabrador.cl\\\/#\\\/schema\\\/logo\\\/image\\\/\"},\"sameAs\":[\"https:\\\/\\\/web.facebook.com\\\/profile.php?id=61576120840621\",\"https:\\\/\\\/x.com\\\/ElLabradorOf\",\"https:\\\/\\\/www.instagram.com\\\/diarioellabradoroficial\\\/\"]},{\"@type\":\"Person\",\"@id\":\"https:\\\/\\\/diarioellabrador.cl\\\/#\\\/schema\\\/person\\\/bc25ff80b4563f9c7f4bd7855df01685\",\"name\":\"Editor\",\"image\":{\"@type\":\"ImageObject\",\"inLanguage\":\"es\",\"@id\":\"https:\\\/\\\/secure.gravatar.com\\\/avatar\\\/109c326cf2be5c04f048c2c2a2b8b6ef44bf3d8d1d3d4c55d0ac40c4bc994684?s=96&d=initials&r=g&initials=ed\",\"url\":\"https:\\\/\\\/secure.gravatar.com\\\/avatar\\\/109c326cf2be5c04f048c2c2a2b8b6ef44bf3d8d1d3d4c55d0ac40c4bc994684?s=96&d=initials&r=g&initials=ed\",\"contentUrl\":\"https:\\\/\\\/secure.gravatar.com\\\/avatar\\\/109c326cf2be5c04f048c2c2a2b8b6ef44bf3d8d1d3d4c55d0ac40c4bc994684?s=96&d=initials&r=g&initials=ed\",\"caption\":\"Editor\"},\"url\":\"https:\\\/\\\/diarioellabrador.cl\\\/index.php\\\/author\\\/editor\\\/\"}]}<\/script>\n<!-- \/ Yoast SEO plugin. -->","yoast_head_json":{"title":"Seremi de Agricultura y CONAF lideran alianza con autoridades provinciales para potenciar la prevenci\u00f3n y el combate de incendios en la RM - Diario El Labrador","robots":{"index":"index","follow":"follow","max-snippet":"max-snippet:-1","max-image-preview":"max-image-preview:large","max-video-preview":"max-video-preview:-1"},"canonical":"https:\/\/diarioellabrador.cl\/index.php\/2026\/09\/03\/seremi-de-agricultura-y-conaf-lideran-alianza-con-autoridades-provinciales-para-potenciar-la-prevencion-y-el-combate-de-incendios-en-la-rm\/","og_locale":"es_ES","og_type":"article","og_title":"Seremi de Agricultura y CONAF lideran alianza con autoridades provinciales para potenciar la prevenci\u00f3n y el combate de incendios en la RM - Diario El Labrador","og_description":"El Seremi de Agricultura, Fernando Rencoret, junto al director regional de CONAF, Mario Pinto, encabezaron una importante visita t\u00e9cnica a la Central de Coordinaci\u00f3n de Incendios Forestales \u201cRoble 1\u201d, ubicada en la comuna de La Reina. La actividad cont\u00f3 con la participaci\u00f3n de las y los delegados presidenciales provinciales de Melipilla, Gast\u00f3n Libuy; Cordillera, Mar\u00eda Leer m\u00e1s","og_url":"https:\/\/diarioellabrador.cl\/index.php\/2026\/09\/03\/seremi-de-agricultura-y-conaf-lideran-alianza-con-autoridades-provinciales-para-potenciar-la-prevencion-y-el-combate-de-incendios-en-la-rm\/","og_site_name":"Diario El Labrador","article_publisher":"https:\/\/web.facebook.com\/profile.php?id=61576120840621","article_published_time":"2026-09-03T23:04:33+00:00","article_modified_time":"2026-09-03T23:04:41+00:00","og_image":[{"width":2364,"height":1330,"url":"https:\/\/diarioellabrador.cl\/wp-content\/uploads\/2026\/09\/Seremi-de-Agricultura-y-CONAF-lideran-alianza-con-autoridades-provinciales-para-potenciar-la-prevencion-y-el-combate-de-incendios-en-la-RM.jpeg","type":"image\/jpeg"}],"author":"Editor","twitter_card":"summary_large_image","twitter_creator":"@ElLabradorOf","twitter_site":"@ElLabradorOf","twitter_misc":{"Escrito por":"Editor","Tiempo de lectura":"3 minutos"},"schema":{"@context":"https:\/\/schema.org","@graph":[{"@type":"Article","@id":"https:\/\/diarioellabrador.cl\/index.php\/2026\/09\/03\/seremi-de-agricultura-y-conaf-lideran-alianza-con-autoridades-provinciales-para-potenciar-la-prevencion-y-el-combate-de-incendios-en-la-rm\/#article","isPartOf":{"@id":"https:\/\/diarioellabrador.cl\/index.php\/2026\/09\/03\/seremi-de-agricultura-y-conaf-lideran-alianza-con-autoridades-provinciales-para-potenciar-la-prevencion-y-el-combate-de-incendios-en-la-rm\/"},"author":{"name":"Editor","@id":"https:\/\/diarioellabrador.cl\/#\/schema\/person\/bc25ff80b4563f9c7f4bd7855df01685"},"headline":"Seremi de Agricultura y CONAF lideran alianza con autoridades provinciales para potenciar la prevenci\u00f3n y el combate de incendios en la RM","datePublished":"2026-09-03T23:04:33+00:00","dateModified":"2026-09-03T23:04:41+00:00","mainEntityOfPage":{"@id":"https:\/\/diarioellabrador.cl\/index.php\/2026\/09\/03\/seremi-de-agricultura-y-conaf-lideran-alianza-con-autoridades-provinciales-para-potenciar-la-prevencion-y-el-combate-de-incendios-en-la-rm\/"},"wordCount":530,"commentCount":0,"publisher":{"@id":"https:\/\/diarioellabrador.cl\/#organization"},"image":{"@id":"https:\/\/diarioellabrador.cl\/index.php\/2026\/09\/03\/seremi-de-agricultura-y-conaf-lideran-alianza-con-autoridades-provinciales-para-potenciar-la-prevencion-y-el-combate-de-incendios-en-la-rm\/#primaryimage"},"thumbnailUrl":"https:\/\/diarioellabrador.cl\/wp-content\/uploads\/2026\/09\/Seremi-de-Agricultura-y-CONAF-lideran-alianza-con-autoridades-provinciales-para-potenciar-la-prevencion-y-el-combate-de-incendios-en-la-RM.jpeg","articleSection":["Cr\u00f3nica"],"inLanguage":"es","potentialAction":[{"@type":"CommentAction","name":"Comment","target":["https:\/\/diarioellabrador.cl\/index.php\/2026\/09\/03\/seremi-de-agricultura-y-conaf-lideran-alianza-con-autoridades-provinciales-para-potenciar-la-prevencion-y-el-combate-de-incendios-en-la-rm\/#respond"]}]},{"@type":"WebPage","@id":"https:\/\/diarioellabrador.cl\/index.php\/2026\/09\/03\/seremi-de-agricultura-y-conaf-lideran-alianza-con-autoridades-provinciales-para-potenciar-la-prevencion-y-el-combate-de-incendios-en-la-rm\/","url":"https:\/\/diarioellabrador.cl\/index.php\/2026\/09\/03\/seremi-de-agricultura-y-conaf-lideran-alianza-con-autoridades-provinciales-para-potenciar-la-prevencion-y-el-combate-de-incendios-en-la-rm\/","name":"Seremi de Agricultura y CONAF lideran alianza con autoridades provinciales para potenciar la prevenci\u00f3n y el combate de incendios en la RM - Diario El Labrador","isPartOf":{"@id":"https:\/\/diarioellabrador.cl\/#website"},"primaryImageOfPage":{"@id":"https:\/\/diarioellabrador.cl\/index.php\/2026\/09\/03\/seremi-de-agricultura-y-conaf-lideran-alianza-con-autoridades-provinciales-para-potenciar-la-prevencion-y-el-combate-de-incendios-en-la-rm\/#primaryimage"},"image":{"@id":"https:\/\/diarioellabrador.cl\/index.php\/2026\/09\/03\/seremi-de-agricultura-y-conaf-lideran-alianza-con-autoridades-provinciales-para-potenciar-la-prevencion-y-el-combate-de-incendios-en-la-rm\/#primaryimage"},"thumbnailUrl":"https:\/\/diarioellabrador.cl\/wp-content\/uploads\/2026\/09\/Seremi-de-Agricultura-y-CONAF-lideran-alianza-con-autoridades-provinciales-para-potenciar-la-prevencion-y-el-combate-de-incendios-en-la-RM.jpeg","datePublished":"2026-09-03T23:04:33+00:00","dateModified":"2026-09-03T23:04:41+00:00","breadcrumb":{"@id":"https:\/\/diarioellabrador.cl\/index.php\/2026\/09\/03\/seremi-de-agricultura-y-conaf-lideran-alianza-con-autoridades-provinciales-para-potenciar-la-prevencion-y-el-combate-de-incendios-en-la-rm\/#breadcrumb"},"inLanguage":"es","potentialAction":[{"@type":"ReadAction","target":["https:\/\/diarioellabrador.cl\/index.php\/2026\/09\/03\/seremi-de-agricultura-y-conaf-lideran-alianza-con-autoridades-provinciales-para-potenciar-la-prevencion-y-el-combate-de-incendios-en-la-rm\/"]}]},{"@type":"ImageObject","inLanguage":"es","@id":"https:\/\/diarioellabrador.cl\/index.php\/2026\/09\/03\/seremi-de-agricultura-y-conaf-lideran-alianza-con-autoridades-provinciales-para-potenciar-la-prevencion-y-el-combate-de-incendios-en-la-rm\/#primaryimage","url":"https:\/\/diarioellabrador.cl\/wp-content\/uploads\/2026\/09\/Seremi-de-Agricultura-y-CONAF-lideran-alianza-con-autoridades-provinciales-para-potenciar-la-prevencion-y-el-combate-de-incendios-en-la-RM.jpeg","contentUrl":"https:\/\/diarioellabrador.cl\/wp-content\/uploads\/2026\/09\/Seremi-de-Agricultura-y-CONAF-lideran-alianza-con-autoridades-provinciales-para-potenciar-la-prevencion-y-el-combate-de-incendios-en-la-RM.jpeg","width":2364,"height":1330},{"@type":"BreadcrumbList","@id":"https:\/\/diarioellabrador.cl\/index.php\/2026\/09\/03\/seremi-de-agricultura-y-conaf-lideran-alianza-con-autoridades-provinciales-para-potenciar-la-prevencion-y-el-combate-de-incendios-en-la-rm\/#breadcrumb","itemListElement":[{"@type":"ListItem","position":1,"name":"Portada","item":"https:\/\/diarioellabrador.cl\/"},{"@type":"ListItem","position":2,"name":"Seremi de Agricultura y CONAF lideran alianza con autoridades provinciales para potenciar la prevenci\u00f3n y el combate de incendios en la RM"}]},{"@type":"WebSite","@id":"https:\/\/diarioellabrador.cl\/#website","url":"https:\/\/diarioellabrador.cl\/","name":"Diario El Labrador","description":"Haciendo noticia desde 1921","publisher":{"@id":"https:\/\/diarioellabrador.cl\/#organization"},"potentialAction":[{"@type":"SearchAction","target":{"@type":"EntryPoint","urlTemplate":"https:\/\/diarioellabrador.cl\/?s={search_term_string}"},"query-input":{"@type":"PropertyValueSpecification","valueRequired":true,"valueName":"search_term_string"}}],"inLanguage":"es"},{"@type":"Organization","@id":"https:\/\/diarioellabrador.cl\/#organization","name":"Diario El Labrador","url":"https:\/\/diarioellabrador.cl\/","logo":{"@type":"ImageObject","inLanguage":"es","@id":"https:\/\/diarioellabrador.cl\/#\/schema\/logo\/image\/","url":"https:\/\/diarioellabrador.cl\/wp-content\/uploads\/2025\/02\/cropped-Logo-Icono.png","contentUrl":"https:\/\/diarioellabrador.cl\/wp-content\/uploads\/2025\/02\/cropped-Logo-Icono.png","width":512,"height":512,"caption":"Diario El Labrador"},"image":{"@id":"https:\/\/diarioellabrador.cl\/#\/schema\/logo\/image\/"},"sameAs":["https:\/\/web.facebook.com\/profile.php?id=61576120840621","https:\/\/x.com\/ElLabradorOf","https:\/\/www.instagram.com\/diarioellabradoroficial\/"]},{"@type":"Person","@id":"https:\/\/diarioellabrador.cl\/#\/schema\/person\/bc25ff80b4563f9c7f4bd7855df01685","name":"Editor","image":{"@type":"ImageObject","inLanguage":"es","@id":"https:\/\/secure.gravatar.com\/avatar\/109c326cf2be5c04f048c2c2a2b8b6ef44bf3d8d1d3d4c55d0ac40c4bc994684?s=96&d=initials&r=g&initials=ed","url":"https:\/\/secure.gravatar.com\/avatar\/109c326cf2be5c04f048c2c2a2b8b6ef44bf3d8d1d3d4c55d0ac40c4bc994684?s=96&d=initials&r=g&initials=ed","contentUrl":"https:\/\/secure.gravatar.com\/avatar\/109c326cf2be5c04f048c2c2a2b8b6ef44bf3d8d1d3d4c55d0ac40c4bc994684?s=96&d=initials&r=g&initials=ed","caption":"Editor"},"url":"https:\/\/diarioellabrador.cl\/index.php\/author\/editor\/"}]}},"_links":{"self":[{"href":"https:\/\/diarioellabrador.cl\/index.php\/wp-json\/wp\/v2\/posts\/24503","targetHints":{"allow":["GET"]}}],"collection":[{"href":"https:\/\/diarioellabrador.cl\/index.php\/wp-json\/wp\/v2\/posts"}],"about":[{"href":"https:\/\/diarioellabrador.cl\/index.php\/wp-json\/wp\/v2\/types\/post"}],"author":[{"embeddable":true,"href":"https:\/\/diarioellabrador.cl\/index.php\/wp-json\/wp\/v2\/users\/2"}],"replies":[{"embeddable":true,"href":"https:\/\/diarioellabrador.cl\/index.php\/wp-json\/wp\/v2\/comments?post=24503"}],"version-history":[{"count":1,"href":"https:\/\/diarioellabrador.cl\/index.php\/wp-json\/wp\/v2\/posts\/24503\/revisions"}],"predecessor-version":[{"id":24504,"href":"https:\/\/diarioellabrador.cl\/index.php\/wp-json\/wp\/v2\/posts\/24503\/revisions\/24504"}],"wp:featuredmedia":[{"embeddable":true,"href":"https:\/\/diarioellabrador.cl\/index.php\/wp-json\/wp\/v2\/media\/24437"}],"wp:attachment":[{"href":"https:\/\/diarioellabrador.cl\/index.php\/wp-json\/wp\/v2\/media?parent=24503"}],"wp:term":[{"taxonomy":"category","embeddable":true,"href":"https:\/\/diarioellabrador.cl\/index.php\/wp-json\/wp\/v2\/categories?post=24503"},{"taxonomy":"post_tag","embeddable":true,"href":"https:\/\/diarioellabrador.cl\/index.php\/wp-json\/wp\/v2\/tags?post=24503"}],"curies":[{"name":"wp","href":"https:\/\/api.w.org\/{rel}","templated":true}]}}