{"id":24497,"date":"2026-09-03T18:59:43","date_gmt":"2026-09-03T22:59:43","guid":{"rendered":"https:\/\/diarioellabrador.cl\/?p=24497"},"modified":"2026-09-03T18:59:53","modified_gmt":"2026-09-03T22:59:53","slug":"la-juventud-rural-de-la-region-metropolitana-analizo-y-proyecto-su-futuro-en-encuentro-apoyado-por-indap","status":"publish","type":"post","link":"https:\/\/diarioellabrador.cl\/index.php\/2026\/09\/03\/la-juventud-rural-de-la-region-metropolitana-analizo-y-proyecto-su-futuro-en-encuentro-apoyado-por-indap\/","title":{"rendered":"La Juventud Rural de la Regi\u00f3n Metropolitana analiz\u00f3 y proyect\u00f3 su futuro en encuentro apoyado por INDAP"},"content":{"rendered":"\n<ul class=\"wp-block-list\">\n<li><strong><em>21 j\u00f3venes se reunieron en la Escuela Agroecol\u00f3gica de Pirque para debatir y proyectar su futuro y el de la agricultura familiar campesina en la regi\u00f3n metropolitana.<\/em><\/strong><\/li>\n<\/ul>\n\n\n\n<p class=\"wp-block-paragraph\">Con el prop\u00f3sito de avanzar en el fortalecimiento de la Mesa de J\u00f3venes Rurales, 21 representantes de la juventud rural de la regi\u00f3n Metropolitana, se congregaron en la Escuela Agroecol\u00f3gica de Pirque. En torno a un conversatorio, los j\u00f3venes debatieron las m\u00faltiples necesidades e intereses que les permitir\u00e1n llevar adelante sus emprendimientos y proyectos de vida.<\/p>\n\n\n\n<p class=\"wp-block-paragraph\">Otras tem\u00e1ticas abordadas en este encuentro fueron el desaf\u00edo de continuar produciendo los productos y alimentos que la ciudadan\u00eda requiere, adem\u00e1s de discutir sobre el v\u00ednculo de los j\u00f3venes e INDAP, el principal servicio gubernamental que fomenta el desarrollo productivo de la Agricultura Familiar Campesina.<\/p>\n\n\n\n<p class=\"wp-block-paragraph\">El encuentro cont\u00f3 con la presencia de la directora regional (S) de INDAP, Mariana Arias, adem\u00e1s de los jefes y ejecutivos de las cuatro a agencias de \u00e1rea de INDAP Metropolitano.<\/p>\n\n\n\n<p class=\"wp-block-paragraph\">\u201cLa idea de este encuentro, adem\u00e1s de ver la producci\u00f3n agroecol\u00f3gica in situ, fue invitarlos a trabajar en un plan regional para poder apoyarlos, potenciarlos, reencantarlos y potenciar tambi\u00e9n la Mesa Regional de J\u00f3venes Rurales de la Regi\u00f3n Metropolitana\u201d, detall\u00f3 la directora regional (S) de INDAP Metropolitano, Mariana Arias. \u201cTambi\u00e9n queremos hacerles un llamado: que se acerquen a nuestras agencias de \u00e1rea todos esos agricultores y agricultoras innovadores, que se sumen y participen con nosotros\u201d, acot\u00f3 Arias.<\/p>\n\n\n\n<p class=\"wp-block-paragraph\">En el transcurso de la cita, los j\u00f3venes realizaron un recorrido por las dependencias de la Escuela Agroecol\u00f3gica, actividad que les permiti\u00f3 conocer el trabajo en agricultura regenerativa que este centro de estudios.<\/p>\n\n\n\n<p class=\"wp-block-paragraph\">Por su parte, Sonia Maldonado, agricultora de Melipilla y productora de frambuesas, agradeci\u00f3 la instancia de participaci\u00f3n y di\u00e1logo que se gener\u00f3 a partir de este encuentro. \u201cEncontr\u00e9 una actividad muy colaborativa, participativa donde nos conocimos entre j\u00f3venes. Vimos nuestros proyectos, qu\u00e9 esperamos de INDAP, qu\u00e9 esperamos de la mesa de j\u00f3venes\u201d. La joven productora agreg\u00f3 que, a futuro, espera \u201cseguir reuni\u00e9ndonos y conversando entre j\u00f3venes para que lograr un gran grupo de j\u00f3venes desde donde defender nuestro campo, nuestras ra\u00edces, donde nuestros proyectos se puedan llevar a cabo\u201d.<\/p>\n\n\n\n<p class=\"wp-block-paragraph\">El encuentro tambi\u00e9n incluy\u00f3 la participaci\u00f3n de acad\u00e9micos del Instituto AIEP, quienes presentaron los puntos relevantes del proyecto \u201cPulso Agr\u00edcola\u201d que, en alianza con INDAP Metropolitano, permite que j\u00f3venes productores acreditados en este servicio, accedan a capacitaci\u00f3n como alfabetizaci\u00f3n digital, electricidad y construcci\u00f3n.<\/p>\n\n\n\n<p class=\"wp-block-paragraph\"><\/p>\n","protected":false},"excerpt":{"rendered":"<p>Con el prop\u00f3sito de avanzar en el fortalecimiento de la Mesa de J\u00f3venes Rurales, 21 representantes de la juventud rural de la regi\u00f3n Metropolitana, se congregaron en la Escuela Agroecol\u00f3gica de Pirque. En torno a un conversatorio, los j\u00f3venes debatieron las m\u00faltiples necesidades e intereses que les permitir\u00e1n llevar adelante sus emprendimientos y proyectos de<\/p>\n<div class=\"read-more-wrapper\"><a class=\"read-more\" href=\"https:\/\/diarioellabrador.cl\/index.php\/2026\/09\/03\/la-juventud-rural-de-la-region-metropolitana-analizo-y-proyecto-su-futuro-en-encuentro-apoyado-por-indap\/\" title=\"Leer m\u00e1s\"> <span class=\"button \">Leer m\u00e1s<\/span><\/a><\/div>\n","protected":false},"author":2,"featured_media":24436,"comment_status":"open","ping_status":"open","sticky":false,"template":"","format":"standard","meta":{"footnotes":"","_members_access_role":[],"_members_access_error":""},"categories":[1],"tags":[],"class_list":["post-24497","post","type-post","status-publish","format-standard","has-post-thumbnail","hentry","category-cronica"],"yoast_head":"<!-- This site is optimized with the Yoast SEO plugin v28.4 - https:\/\/yoast.com\/product\/yoast-seo-wordpress\/ -->\n<title>La Juventud Rural de la Regi\u00f3n Metropolitana analiz\u00f3 y proyect\u00f3 su futuro en encuentro apoyado por INDAP - Diario El Labrador<\/title>\n<meta name=\"robots\" content=\"index, follow, max-snippet:-1, max-image-preview:large, max-video-preview:-1\" \/>\n<link rel=\"canonical\" href=\"https:\/\/diarioellabrador.cl\/index.php\/2026\/09\/03\/la-juventud-rural-de-la-region-metropolitana-analizo-y-proyecto-su-futuro-en-encuentro-apoyado-por-indap\/\" \/>\n<meta property=\"og:locale\" content=\"es_ES\" \/>\n<meta property=\"og:type\" content=\"article\" \/>\n<meta property=\"og:title\" content=\"La Juventud Rural de la Regi\u00f3n Metropolitana analiz\u00f3 y proyect\u00f3 su futuro en encuentro apoyado por INDAP - Diario El Labrador\" \/>\n<meta property=\"og:description\" content=\"Con el prop\u00f3sito de avanzar en el fortalecimiento de la Mesa de J\u00f3venes Rurales, 21 representantes de la juventud rural de la regi\u00f3n Metropolitana, se congregaron en la Escuela Agroecol\u00f3gica de Pirque. En torno a un conversatorio, los j\u00f3venes debatieron las m\u00faltiples necesidades e intereses que les permitir\u00e1n llevar adelante sus emprendimientos y proyectos de Leer m\u00e1s\" \/>\n<meta property=\"og:url\" content=\"https:\/\/diarioellabrador.cl\/index.php\/2026\/09\/03\/la-juventud-rural-de-la-region-metropolitana-analizo-y-proyecto-su-futuro-en-encuentro-apoyado-por-indap\/\" \/>\n<meta property=\"og:site_name\" content=\"Diario El Labrador\" \/>\n<meta property=\"article:publisher\" content=\"https:\/\/web.facebook.com\/profile.php?id=61576120840621\" \/>\n<meta property=\"article:published_time\" content=\"2026-09-03T22:59:43+00:00\" \/>\n<meta property=\"article:modified_time\" content=\"2026-09-03T22:59:53+00:00\" \/>\n<meta property=\"og:image\" content=\"https:\/\/diarioellabrador.cl\/wp-content\/uploads\/2026\/09\/Encuentro-Regional-Jovenes-Rurales-INDAP-Metropolitano-en-Pirque-3.jpeg\" \/>\n\t<meta property=\"og:image:width\" content=\"1280\" \/>\n\t<meta property=\"og:image:height\" content=\"960\" \/>\n\t<meta property=\"og:image:type\" content=\"image\/jpeg\" \/>\n<meta name=\"author\" content=\"Editor\" \/>\n<meta name=\"twitter:card\" content=\"summary_large_image\" \/>\n<meta name=\"twitter:creator\" content=\"@ElLabradorOf\" \/>\n<meta name=\"twitter:site\" content=\"@ElLabradorOf\" \/>\n<meta name=\"twitter:label1\" content=\"Escrito por\" \/>\n\t<meta name=\"twitter:data1\" content=\"Editor\" \/>\n\t<meta name=\"twitter:label2\" content=\"Tiempo de lectura\" \/>\n\t<meta name=\"twitter:data2\" content=\"3 minutos\" \/>\n<script type=\"application\/ld+json\" class=\"yoast-schema-graph\">{\"@context\":\"https:\\\/\\\/schema.org\",\"@graph\":[{\"@type\":\"Article\",\"@id\":\"https:\\\/\\\/diarioellabrador.cl\\\/index.php\\\/2026\\\/09\\\/03\\\/la-juventud-rural-de-la-region-metropolitana-analizo-y-proyecto-su-futuro-en-encuentro-apoyado-por-indap\\\/#article\",\"isPartOf\":{\"@id\":\"https:\\\/\\\/diarioellabrador.cl\\\/index.php\\\/2026\\\/09\\\/03\\\/la-juventud-rural-de-la-region-metropolitana-analizo-y-proyecto-su-futuro-en-encuentro-apoyado-por-indap\\\/\"},\"author\":{\"name\":\"Editor\",\"@id\":\"https:\\\/\\\/diarioellabrador.cl\\\/#\\\/schema\\\/person\\\/bc25ff80b4563f9c7f4bd7855df01685\"},\"headline\":\"La Juventud Rural de la Regi\u00f3n Metropolitana analiz\u00f3 y proyect\u00f3 su futuro en encuentro apoyado por INDAP\",\"datePublished\":\"2026-09-03T22:59:43+00:00\",\"dateModified\":\"2026-09-03T22:59:53+00:00\",\"mainEntityOfPage\":{\"@id\":\"https:\\\/\\\/diarioellabrador.cl\\\/index.php\\\/2026\\\/09\\\/03\\\/la-juventud-rural-de-la-region-metropolitana-analizo-y-proyecto-su-futuro-en-encuentro-apoyado-por-indap\\\/\"},\"wordCount\":459,\"commentCount\":0,\"publisher\":{\"@id\":\"https:\\\/\\\/diarioellabrador.cl\\\/#organization\"},\"image\":{\"@id\":\"https:\\\/\\\/diarioellabrador.cl\\\/index.php\\\/2026\\\/09\\\/03\\\/la-juventud-rural-de-la-region-metropolitana-analizo-y-proyecto-su-futuro-en-encuentro-apoyado-por-indap\\\/#primaryimage\"},\"thumbnailUrl\":\"https:\\\/\\\/diarioellabrador.cl\\\/wp-content\\\/uploads\\\/2026\\\/09\\\/Encuentro-Regional-Jovenes-Rurales-INDAP-Metropolitano-en-Pirque-3.jpeg\",\"articleSection\":[\"Cr\u00f3nica\"],\"inLanguage\":\"es\",\"potentialAction\":[{\"@type\":\"CommentAction\",\"name\":\"Comment\",\"target\":[\"https:\\\/\\\/diarioellabrador.cl\\\/index.php\\\/2026\\\/09\\\/03\\\/la-juventud-rural-de-la-region-metropolitana-analizo-y-proyecto-su-futuro-en-encuentro-apoyado-por-indap\\\/#respond\"]}]},{\"@type\":\"WebPage\",\"@id\":\"https:\\\/\\\/diarioellabrador.cl\\\/index.php\\\/2026\\\/09\\\/03\\\/la-juventud-rural-de-la-region-metropolitana-analizo-y-proyecto-su-futuro-en-encuentro-apoyado-por-indap\\\/\",\"url\":\"https:\\\/\\\/diarioellabrador.cl\\\/index.php\\\/2026\\\/09\\\/03\\\/la-juventud-rural-de-la-region-metropolitana-analizo-y-proyecto-su-futuro-en-encuentro-apoyado-por-indap\\\/\",\"name\":\"La Juventud Rural de la Regi\u00f3n Metropolitana analiz\u00f3 y proyect\u00f3 su futuro en encuentro apoyado por INDAP - Diario El Labrador\",\"isPartOf\":{\"@id\":\"https:\\\/\\\/diarioellabrador.cl\\\/#website\"},\"primaryImageOfPage\":{\"@id\":\"https:\\\/\\\/diarioellabrador.cl\\\/index.php\\\/2026\\\/09\\\/03\\\/la-juventud-rural-de-la-region-metropolitana-analizo-y-proyecto-su-futuro-en-encuentro-apoyado-por-indap\\\/#primaryimage\"},\"image\":{\"@id\":\"https:\\\/\\\/diarioellabrador.cl\\\/index.php\\\/2026\\\/09\\\/03\\\/la-juventud-rural-de-la-region-metropolitana-analizo-y-proyecto-su-futuro-en-encuentro-apoyado-por-indap\\\/#primaryimage\"},\"thumbnailUrl\":\"https:\\\/\\\/diarioellabrador.cl\\\/wp-content\\\/uploads\\\/2026\\\/09\\\/Encuentro-Regional-Jovenes-Rurales-INDAP-Metropolitano-en-Pirque-3.jpeg\",\"datePublished\":\"2026-09-03T22:59:43+00:00\",\"dateModified\":\"2026-09-03T22:59:53+00:00\",\"breadcrumb\":{\"@id\":\"https:\\\/\\\/diarioellabrador.cl\\\/index.php\\\/2026\\\/09\\\/03\\\/la-juventud-rural-de-la-region-metropolitana-analizo-y-proyecto-su-futuro-en-encuentro-apoyado-por-indap\\\/#breadcrumb\"},\"inLanguage\":\"es\",\"potentialAction\":[{\"@type\":\"ReadAction\",\"target\":[\"https:\\\/\\\/diarioellabrador.cl\\\/index.php\\\/2026\\\/09\\\/03\\\/la-juventud-rural-de-la-region-metropolitana-analizo-y-proyecto-su-futuro-en-encuentro-apoyado-por-indap\\\/\"]}]},{\"@type\":\"ImageObject\",\"inLanguage\":\"es\",\"@id\":\"https:\\\/\\\/diarioellabrador.cl\\\/index.php\\\/2026\\\/09\\\/03\\\/la-juventud-rural-de-la-region-metropolitana-analizo-y-proyecto-su-futuro-en-encuentro-apoyado-por-indap\\\/#primaryimage\",\"url\":\"https:\\\/\\\/diarioellabrador.cl\\\/wp-content\\\/uploads\\\/2026\\\/09\\\/Encuentro-Regional-Jovenes-Rurales-INDAP-Metropolitano-en-Pirque-3.jpeg\",\"contentUrl\":\"https:\\\/\\\/diarioellabrador.cl\\\/wp-content\\\/uploads\\\/2026\\\/09\\\/Encuentro-Regional-Jovenes-Rurales-INDAP-Metropolitano-en-Pirque-3.jpeg\",\"width\":1280,\"height\":960},{\"@type\":\"BreadcrumbList\",\"@id\":\"https:\\\/\\\/diarioellabrador.cl\\\/index.php\\\/2026\\\/09\\\/03\\\/la-juventud-rural-de-la-region-metropolitana-analizo-y-proyecto-su-futuro-en-encuentro-apoyado-por-indap\\\/#breadcrumb\",\"itemListElement\":[{\"@type\":\"ListItem\",\"position\":1,\"name\":\"Portada\",\"item\":\"https:\\\/\\\/diarioellabrador.cl\\\/\"},{\"@type\":\"ListItem\",\"position\":2,\"name\":\"La Juventud Rural de la Regi\u00f3n Metropolitana analiz\u00f3 y proyect\u00f3 su futuro en encuentro apoyado por INDAP\"}]},{\"@type\":\"WebSite\",\"@id\":\"https:\\\/\\\/diarioellabrador.cl\\\/#website\",\"url\":\"https:\\\/\\\/diarioellabrador.cl\\\/\",\"name\":\"Diario El Labrador\",\"description\":\"Haciendo noticia desde 1921\",\"publisher\":{\"@id\":\"https:\\\/\\\/diarioellabrador.cl\\\/#organization\"},\"potentialAction\":[{\"@type\":\"SearchAction\",\"target\":{\"@type\":\"EntryPoint\",\"urlTemplate\":\"https:\\\/\\\/diarioellabrador.cl\\\/?s={search_term_string}\"},\"query-input\":{\"@type\":\"PropertyValueSpecification\",\"valueRequired\":true,\"valueName\":\"search_term_string\"}}],\"inLanguage\":\"es\"},{\"@type\":\"Organization\",\"@id\":\"https:\\\/\\\/diarioellabrador.cl\\\/#organization\",\"name\":\"Diario El Labrador\",\"url\":\"https:\\\/\\\/diarioellabrador.cl\\\/\",\"logo\":{\"@type\":\"ImageObject\",\"inLanguage\":\"es\",\"@id\":\"https:\\\/\\\/diarioellabrador.cl\\\/#\\\/schema\\\/logo\\\/image\\\/\",\"url\":\"https:\\\/\\\/diarioellabrador.cl\\\/wp-content\\\/uploads\\\/2025\\\/02\\\/cropped-Logo-Icono.png\",\"contentUrl\":\"https:\\\/\\\/diarioellabrador.cl\\\/wp-content\\\/uploads\\\/2025\\\/02\\\/cropped-Logo-Icono.png\",\"width\":512,\"height\":512,\"caption\":\"Diario El Labrador\"},\"image\":{\"@id\":\"https:\\\/\\\/diarioellabrador.cl\\\/#\\\/schema\\\/logo\\\/image\\\/\"},\"sameAs\":[\"https:\\\/\\\/web.facebook.com\\\/profile.php?id=61576120840621\",\"https:\\\/\\\/x.com\\\/ElLabradorOf\",\"https:\\\/\\\/www.instagram.com\\\/diarioellabradoroficial\\\/\"]},{\"@type\":\"Person\",\"@id\":\"https:\\\/\\\/diarioellabrador.cl\\\/#\\\/schema\\\/person\\\/bc25ff80b4563f9c7f4bd7855df01685\",\"name\":\"Editor\",\"image\":{\"@type\":\"ImageObject\",\"inLanguage\":\"es\",\"@id\":\"https:\\\/\\\/secure.gravatar.com\\\/avatar\\\/109c326cf2be5c04f048c2c2a2b8b6ef44bf3d8d1d3d4c55d0ac40c4bc994684?s=96&d=initials&r=g&initials=ed\",\"url\":\"https:\\\/\\\/secure.gravatar.com\\\/avatar\\\/109c326cf2be5c04f048c2c2a2b8b6ef44bf3d8d1d3d4c55d0ac40c4bc994684?s=96&d=initials&r=g&initials=ed\",\"contentUrl\":\"https:\\\/\\\/secure.gravatar.com\\\/avatar\\\/109c326cf2be5c04f048c2c2a2b8b6ef44bf3d8d1d3d4c55d0ac40c4bc994684?s=96&d=initials&r=g&initials=ed\",\"caption\":\"Editor\"},\"url\":\"https:\\\/\\\/diarioellabrador.cl\\\/index.php\\\/author\\\/editor\\\/\"}]}<\/script>\n<!-- \/ Yoast SEO plugin. -->","yoast_head_json":{"title":"La Juventud Rural de la Regi\u00f3n Metropolitana analiz\u00f3 y proyect\u00f3 su futuro en encuentro apoyado por INDAP - Diario El Labrador","robots":{"index":"index","follow":"follow","max-snippet":"max-snippet:-1","max-image-preview":"max-image-preview:large","max-video-preview":"max-video-preview:-1"},"canonical":"https:\/\/diarioellabrador.cl\/index.php\/2026\/09\/03\/la-juventud-rural-de-la-region-metropolitana-analizo-y-proyecto-su-futuro-en-encuentro-apoyado-por-indap\/","og_locale":"es_ES","og_type":"article","og_title":"La Juventud Rural de la Regi\u00f3n Metropolitana analiz\u00f3 y proyect\u00f3 su futuro en encuentro apoyado por INDAP - Diario El Labrador","og_description":"Con el prop\u00f3sito de avanzar en el fortalecimiento de la Mesa de J\u00f3venes Rurales, 21 representantes de la juventud rural de la regi\u00f3n Metropolitana, se congregaron en la Escuela Agroecol\u00f3gica de Pirque. En torno a un conversatorio, los j\u00f3venes debatieron las m\u00faltiples necesidades e intereses que les permitir\u00e1n llevar adelante sus emprendimientos y proyectos de Leer m\u00e1s","og_url":"https:\/\/diarioellabrador.cl\/index.php\/2026\/09\/03\/la-juventud-rural-de-la-region-metropolitana-analizo-y-proyecto-su-futuro-en-encuentro-apoyado-por-indap\/","og_site_name":"Diario El Labrador","article_publisher":"https:\/\/web.facebook.com\/profile.php?id=61576120840621","article_published_time":"2026-09-03T22:59:43+00:00","article_modified_time":"2026-09-03T22:59:53+00:00","og_image":[{"width":1280,"height":960,"url":"https:\/\/diarioellabrador.cl\/wp-content\/uploads\/2026\/09\/Encuentro-Regional-Jovenes-Rurales-INDAP-Metropolitano-en-Pirque-3.jpeg","type":"image\/jpeg"}],"author":"Editor","twitter_card":"summary_large_image","twitter_creator":"@ElLabradorOf","twitter_site":"@ElLabradorOf","twitter_misc":{"Escrito por":"Editor","Tiempo de lectura":"3 minutos"},"schema":{"@context":"https:\/\/schema.org","@graph":[{"@type":"Article","@id":"https:\/\/diarioellabrador.cl\/index.php\/2026\/09\/03\/la-juventud-rural-de-la-region-metropolitana-analizo-y-proyecto-su-futuro-en-encuentro-apoyado-por-indap\/#article","isPartOf":{"@id":"https:\/\/diarioellabrador.cl\/index.php\/2026\/09\/03\/la-juventud-rural-de-la-region-metropolitana-analizo-y-proyecto-su-futuro-en-encuentro-apoyado-por-indap\/"},"author":{"name":"Editor","@id":"https:\/\/diarioellabrador.cl\/#\/schema\/person\/bc25ff80b4563f9c7f4bd7855df01685"},"headline":"La Juventud Rural de la Regi\u00f3n Metropolitana analiz\u00f3 y proyect\u00f3 su futuro en encuentro apoyado por INDAP","datePublished":"2026-09-03T22:59:43+00:00","dateModified":"2026-09-03T22:59:53+00:00","mainEntityOfPage":{"@id":"https:\/\/diarioellabrador.cl\/index.php\/2026\/09\/03\/la-juventud-rural-de-la-region-metropolitana-analizo-y-proyecto-su-futuro-en-encuentro-apoyado-por-indap\/"},"wordCount":459,"commentCount":0,"publisher":{"@id":"https:\/\/diarioellabrador.cl\/#organization"},"image":{"@id":"https:\/\/diarioellabrador.cl\/index.php\/2026\/09\/03\/la-juventud-rural-de-la-region-metropolitana-analizo-y-proyecto-su-futuro-en-encuentro-apoyado-por-indap\/#primaryimage"},"thumbnailUrl":"https:\/\/diarioellabrador.cl\/wp-content\/uploads\/2026\/09\/Encuentro-Regional-Jovenes-Rurales-INDAP-Metropolitano-en-Pirque-3.jpeg","articleSection":["Cr\u00f3nica"],"inLanguage":"es","potentialAction":[{"@type":"CommentAction","name":"Comment","target":["https:\/\/diarioellabrador.cl\/index.php\/2026\/09\/03\/la-juventud-rural-de-la-region-metropolitana-analizo-y-proyecto-su-futuro-en-encuentro-apoyado-por-indap\/#respond"]}]},{"@type":"WebPage","@id":"https:\/\/diarioellabrador.cl\/index.php\/2026\/09\/03\/la-juventud-rural-de-la-region-metropolitana-analizo-y-proyecto-su-futuro-en-encuentro-apoyado-por-indap\/","url":"https:\/\/diarioellabrador.cl\/index.php\/2026\/09\/03\/la-juventud-rural-de-la-region-metropolitana-analizo-y-proyecto-su-futuro-en-encuentro-apoyado-por-indap\/","name":"La Juventud Rural de la Regi\u00f3n Metropolitana analiz\u00f3 y proyect\u00f3 su futuro en encuentro apoyado por INDAP - Diario El Labrador","isPartOf":{"@id":"https:\/\/diarioellabrador.cl\/#website"},"primaryImageOfPage":{"@id":"https:\/\/diarioellabrador.cl\/index.php\/2026\/09\/03\/la-juventud-rural-de-la-region-metropolitana-analizo-y-proyecto-su-futuro-en-encuentro-apoyado-por-indap\/#primaryimage"},"image":{"@id":"https:\/\/diarioellabrador.cl\/index.php\/2026\/09\/03\/la-juventud-rural-de-la-region-metropolitana-analizo-y-proyecto-su-futuro-en-encuentro-apoyado-por-indap\/#primaryimage"},"thumbnailUrl":"https:\/\/diarioellabrador.cl\/wp-content\/uploads\/2026\/09\/Encuentro-Regional-Jovenes-Rurales-INDAP-Metropolitano-en-Pirque-3.jpeg","datePublished":"2026-09-03T22:59:43+00:00","dateModified":"2026-09-03T22:59:53+00:00","breadcrumb":{"@id":"https:\/\/diarioellabrador.cl\/index.php\/2026\/09\/03\/la-juventud-rural-de-la-region-metropolitana-analizo-y-proyecto-su-futuro-en-encuentro-apoyado-por-indap\/#breadcrumb"},"inLanguage":"es","potentialAction":[{"@type":"ReadAction","target":["https:\/\/diarioellabrador.cl\/index.php\/2026\/09\/03\/la-juventud-rural-de-la-region-metropolitana-analizo-y-proyecto-su-futuro-en-encuentro-apoyado-por-indap\/"]}]},{"@type":"ImageObject","inLanguage":"es","@id":"https:\/\/diarioellabrador.cl\/index.php\/2026\/09\/03\/la-juventud-rural-de-la-region-metropolitana-analizo-y-proyecto-su-futuro-en-encuentro-apoyado-por-indap\/#primaryimage","url":"https:\/\/diarioellabrador.cl\/wp-content\/uploads\/2026\/09\/Encuentro-Regional-Jovenes-Rurales-INDAP-Metropolitano-en-Pirque-3.jpeg","contentUrl":"https:\/\/diarioellabrador.cl\/wp-content\/uploads\/2026\/09\/Encuentro-Regional-Jovenes-Rurales-INDAP-Metropolitano-en-Pirque-3.jpeg","width":1280,"height":960},{"@type":"BreadcrumbList","@id":"https:\/\/diarioellabrador.cl\/index.php\/2026\/09\/03\/la-juventud-rural-de-la-region-metropolitana-analizo-y-proyecto-su-futuro-en-encuentro-apoyado-por-indap\/#breadcrumb","itemListElement":[{"@type":"ListItem","position":1,"name":"Portada","item":"https:\/\/diarioellabrador.cl\/"},{"@type":"ListItem","position":2,"name":"La Juventud Rural de la Regi\u00f3n Metropolitana analiz\u00f3 y proyect\u00f3 su futuro en encuentro apoyado por INDAP"}]},{"@type":"WebSite","@id":"https:\/\/diarioellabrador.cl\/#website","url":"https:\/\/diarioellabrador.cl\/","name":"Diario El Labrador","description":"Haciendo noticia desde 1921","publisher":{"@id":"https:\/\/diarioellabrador.cl\/#organization"},"potentialAction":[{"@type":"SearchAction","target":{"@type":"EntryPoint","urlTemplate":"https:\/\/diarioellabrador.cl\/?s={search_term_string}"},"query-input":{"@type":"PropertyValueSpecification","valueRequired":true,"valueName":"search_term_string"}}],"inLanguage":"es"},{"@type":"Organization","@id":"https:\/\/diarioellabrador.cl\/#organization","name":"Diario El Labrador","url":"https:\/\/diarioellabrador.cl\/","logo":{"@type":"ImageObject","inLanguage":"es","@id":"https:\/\/diarioellabrador.cl\/#\/schema\/logo\/image\/","url":"https:\/\/diarioellabrador.cl\/wp-content\/uploads\/2025\/02\/cropped-Logo-Icono.png","contentUrl":"https:\/\/diarioellabrador.cl\/wp-content\/uploads\/2025\/02\/cropped-Logo-Icono.png","width":512,"height":512,"caption":"Diario El Labrador"},"image":{"@id":"https:\/\/diarioellabrador.cl\/#\/schema\/logo\/image\/"},"sameAs":["https:\/\/web.facebook.com\/profile.php?id=61576120840621","https:\/\/x.com\/ElLabradorOf","https:\/\/www.instagram.com\/diarioellabradoroficial\/"]},{"@type":"Person","@id":"https:\/\/diarioellabrador.cl\/#\/schema\/person\/bc25ff80b4563f9c7f4bd7855df01685","name":"Editor","image":{"@type":"ImageObject","inLanguage":"es","@id":"https:\/\/secure.gravatar.com\/avatar\/109c326cf2be5c04f048c2c2a2b8b6ef44bf3d8d1d3d4c55d0ac40c4bc994684?s=96&d=initials&r=g&initials=ed","url":"https:\/\/secure.gravatar.com\/avatar\/109c326cf2be5c04f048c2c2a2b8b6ef44bf3d8d1d3d4c55d0ac40c4bc994684?s=96&d=initials&r=g&initials=ed","contentUrl":"https:\/\/secure.gravatar.com\/avatar\/109c326cf2be5c04f048c2c2a2b8b6ef44bf3d8d1d3d4c55d0ac40c4bc994684?s=96&d=initials&r=g&initials=ed","caption":"Editor"},"url":"https:\/\/diarioellabrador.cl\/index.php\/author\/editor\/"}]}},"_links":{"self":[{"href":"https:\/\/diarioellabrador.cl\/index.php\/wp-json\/wp\/v2\/posts\/24497","targetHints":{"allow":["GET"]}}],"collection":[{"href":"https:\/\/diarioellabrador.cl\/index.php\/wp-json\/wp\/v2\/posts"}],"about":[{"href":"https:\/\/diarioellabrador.cl\/index.php\/wp-json\/wp\/v2\/types\/post"}],"author":[{"embeddable":true,"href":"https:\/\/diarioellabrador.cl\/index.php\/wp-json\/wp\/v2\/users\/2"}],"replies":[{"embeddable":true,"href":"https:\/\/diarioellabrador.cl\/index.php\/wp-json\/wp\/v2\/comments?post=24497"}],"version-history":[{"count":1,"href":"https:\/\/diarioellabrador.cl\/index.php\/wp-json\/wp\/v2\/posts\/24497\/revisions"}],"predecessor-version":[{"id":24498,"href":"https:\/\/diarioellabrador.cl\/index.php\/wp-json\/wp\/v2\/posts\/24497\/revisions\/24498"}],"wp:featuredmedia":[{"embeddable":true,"href":"https:\/\/diarioellabrador.cl\/index.php\/wp-json\/wp\/v2\/media\/24436"}],"wp:attachment":[{"href":"https:\/\/diarioellabrador.cl\/index.php\/wp-json\/wp\/v2\/media?parent=24497"}],"wp:term":[{"taxonomy":"category","embeddable":true,"href":"https:\/\/diarioellabrador.cl\/index.php\/wp-json\/wp\/v2\/categories?post=24497"},{"taxonomy":"post_tag","embeddable":true,"href":"https:\/\/diarioellabrador.cl\/index.php\/wp-json\/wp\/v2\/tags?post=24497"}],"curies":[{"name":"wp","href":"https:\/\/api.w.org\/{rel}","templated":true}]}}