{"id":24489,"date":"2026-09-03T18:55:33","date_gmt":"2026-09-03T22:55:33","guid":{"rendered":"https:\/\/diarioellabrador.cl\/?p=24489"},"modified":"2026-09-03T18:55:37","modified_gmt":"2026-09-03T22:55:37","slug":"con-emotiva-ceremonia-de-izamiento-de-la-bandera-dan-inicio-a-septiembre-en-provincia-de-talagante","status":"publish","type":"post","link":"https:\/\/diarioellabrador.cl\/index.php\/2026\/09\/03\/con-emotiva-ceremonia-de-izamiento-de-la-bandera-dan-inicio-a-septiembre-en-provincia-de-talagante\/","title":{"rendered":"Con emotiva ceremonia de izamiento de la Bandera\u00a0 dan inicio a Septiembre en provincia de Talagante"},"content":{"rendered":"\n<p class=\"wp-block-paragraph\">Con una emotiva ceremonia encabezada por la Delegada Presidencial Provincial de Talagante, Annemarie M\u00fcller During, se realiz\u00f3 la ceremonia de izamiento del Pabell\u00f3n Patrio en dependencias de la Delegaci\u00f3n, dando inicio al Mes de la Patria.<br>La autoridad provincial indic\u00f3 que la jornada estuvo marcada por el respeto, la solemnidad y el orgullo por los s\u00edmbolos nacionales.<br>Adem\u00e1s agradeci\u00f3 especialmente al Colegio Premilitar Subteniente Luis Cruz Mart\u00ednez y a su Banda de Guerra, quienes acompa\u00f1aron la actividad y dieron un marco especial a esta significativa ceremonia.<br>Por\u00a0 \u00faltimo, sostuvo que \u201ccomo Delegaci\u00f3n, iniciamos septiembre reafirmando nuestro compromiso con las cinco comunas de nuestra provincia y sus familias\u201d.<\/p>\n","protected":false},"excerpt":{"rendered":"<p>Con una emotiva ceremonia encabezada por la Delegada Presidencial Provincial de Talagante, Annemarie M\u00fcller During, se realiz\u00f3 la ceremonia de izamiento del Pabell\u00f3n Patrio en dependencias de la Delegaci\u00f3n, dando inicio al Mes de la Patria.La autoridad provincial indic\u00f3 que la jornada estuvo marcada por el respeto, la solemnidad y el orgullo por los s\u00edmbolos<\/p>\n<div class=\"read-more-wrapper\"><a class=\"read-more\" href=\"https:\/\/diarioellabrador.cl\/index.php\/2026\/09\/03\/con-emotiva-ceremonia-de-izamiento-de-la-bandera-dan-inicio-a-septiembre-en-provincia-de-talagante\/\" title=\"Leer m\u00e1s\"> <span class=\"button \">Leer m\u00e1s<\/span><\/a><\/div>\n","protected":false},"author":2,"featured_media":24448,"comment_status":"open","ping_status":"open","sticky":false,"template":"","format":"standard","meta":{"footnotes":"","_members_access_role":[],"_members_access_error":""},"categories":[1],"tags":[],"class_list":["post-24489","post","type-post","status-publish","format-standard","has-post-thumbnail","hentry","category-cronica"],"yoast_head":"<!-- This site is optimized with the Yoast SEO plugin v28.4 - https:\/\/yoast.com\/product\/yoast-seo-wordpress\/ -->\n<title>Con emotiva ceremonia de izamiento de la Bandera\u00a0 dan inicio a Septiembre en provincia de Talagante - Diario El Labrador<\/title>\n<meta name=\"robots\" content=\"index, follow, max-snippet:-1, max-image-preview:large, max-video-preview:-1\" \/>\n<link rel=\"canonical\" href=\"https:\/\/diarioellabrador.cl\/index.php\/2026\/09\/03\/con-emotiva-ceremonia-de-izamiento-de-la-bandera-dan-inicio-a-septiembre-en-provincia-de-talagante\/\" \/>\n<meta property=\"og:locale\" content=\"es_ES\" \/>\n<meta property=\"og:type\" content=\"article\" \/>\n<meta property=\"og:title\" content=\"Con emotiva ceremonia de izamiento de la Bandera\u00a0 dan inicio a Septiembre en provincia de Talagante - Diario El Labrador\" \/>\n<meta property=\"og:description\" content=\"Con una emotiva ceremonia encabezada por la Delegada Presidencial Provincial de Talagante, Annemarie M\u00fcller During, se realiz\u00f3 la ceremonia de izamiento del Pabell\u00f3n Patrio en dependencias de la Delegaci\u00f3n, dando inicio al Mes de la Patria.La autoridad provincial indic\u00f3 que la jornada estuvo marcada por el respeto, la solemnidad y el orgullo por los s\u00edmbolos Leer m\u00e1s\" \/>\n<meta property=\"og:url\" content=\"https:\/\/diarioellabrador.cl\/index.php\/2026\/09\/03\/con-emotiva-ceremonia-de-izamiento-de-la-bandera-dan-inicio-a-septiembre-en-provincia-de-talagante\/\" \/>\n<meta property=\"og:site_name\" content=\"Diario El Labrador\" \/>\n<meta property=\"article:publisher\" content=\"https:\/\/web.facebook.com\/profile.php?id=61576120840621\" \/>\n<meta property=\"article:published_time\" content=\"2026-09-03T22:55:33+00:00\" \/>\n<meta property=\"article:modified_time\" content=\"2026-09-03T22:55:37+00:00\" \/>\n<meta property=\"og:image\" content=\"https:\/\/diarioellabrador.cl\/wp-content\/uploads\/2026\/09\/Con-emotiva-ceremonia-de-izamiento-de-la-Bandera-dan-inicio-a-Septiembre-en-provincia-de-Talagante.jpg\" \/>\n\t<meta property=\"og:image:width\" content=\"460\" \/>\n\t<meta property=\"og:image:height\" content=\"528\" \/>\n\t<meta property=\"og:image:type\" content=\"image\/jpeg\" \/>\n<meta name=\"author\" content=\"Editor\" \/>\n<meta name=\"twitter:card\" content=\"summary_large_image\" \/>\n<meta name=\"twitter:creator\" content=\"@ElLabradorOf\" \/>\n<meta name=\"twitter:site\" content=\"@ElLabradorOf\" \/>\n<meta name=\"twitter:label1\" content=\"Escrito por\" \/>\n\t<meta name=\"twitter:data1\" content=\"Editor\" \/>\n\t<meta name=\"twitter:label2\" content=\"Tiempo de lectura\" \/>\n\t<meta name=\"twitter:data2\" content=\"1 minuto\" \/>\n<script type=\"application\/ld+json\" class=\"yoast-schema-graph\">{\"@context\":\"https:\\\/\\\/schema.org\",\"@graph\":[{\"@type\":\"Article\",\"@id\":\"https:\\\/\\\/diarioellabrador.cl\\\/index.php\\\/2026\\\/09\\\/03\\\/con-emotiva-ceremonia-de-izamiento-de-la-bandera-dan-inicio-a-septiembre-en-provincia-de-talagante\\\/#article\",\"isPartOf\":{\"@id\":\"https:\\\/\\\/diarioellabrador.cl\\\/index.php\\\/2026\\\/09\\\/03\\\/con-emotiva-ceremonia-de-izamiento-de-la-bandera-dan-inicio-a-septiembre-en-provincia-de-talagante\\\/\"},\"author\":{\"name\":\"Editor\",\"@id\":\"https:\\\/\\\/diarioellabrador.cl\\\/#\\\/schema\\\/person\\\/bc25ff80b4563f9c7f4bd7855df01685\"},\"headline\":\"Con emotiva ceremonia de izamiento de la Bandera\u00a0 dan inicio a Septiembre en provincia de Talagante\",\"datePublished\":\"2026-09-03T22:55:33+00:00\",\"dateModified\":\"2026-09-03T22:55:37+00:00\",\"mainEntityOfPage\":{\"@id\":\"https:\\\/\\\/diarioellabrador.cl\\\/index.php\\\/2026\\\/09\\\/03\\\/con-emotiva-ceremonia-de-izamiento-de-la-bandera-dan-inicio-a-septiembre-en-provincia-de-talagante\\\/\"},\"wordCount\":131,\"commentCount\":0,\"publisher\":{\"@id\":\"https:\\\/\\\/diarioellabrador.cl\\\/#organization\"},\"image\":{\"@id\":\"https:\\\/\\\/diarioellabrador.cl\\\/index.php\\\/2026\\\/09\\\/03\\\/con-emotiva-ceremonia-de-izamiento-de-la-bandera-dan-inicio-a-septiembre-en-provincia-de-talagante\\\/#primaryimage\"},\"thumbnailUrl\":\"https:\\\/\\\/diarioellabrador.cl\\\/wp-content\\\/uploads\\\/2026\\\/09\\\/Con-emotiva-ceremonia-de-izamiento-de-la-Bandera-dan-inicio-a-Septiembre-en-provincia-de-Talagante.jpg\",\"articleSection\":[\"Cr\u00f3nica\"],\"inLanguage\":\"es\",\"potentialAction\":[{\"@type\":\"CommentAction\",\"name\":\"Comment\",\"target\":[\"https:\\\/\\\/diarioellabrador.cl\\\/index.php\\\/2026\\\/09\\\/03\\\/con-emotiva-ceremonia-de-izamiento-de-la-bandera-dan-inicio-a-septiembre-en-provincia-de-talagante\\\/#respond\"]}]},{\"@type\":\"WebPage\",\"@id\":\"https:\\\/\\\/diarioellabrador.cl\\\/index.php\\\/2026\\\/09\\\/03\\\/con-emotiva-ceremonia-de-izamiento-de-la-bandera-dan-inicio-a-septiembre-en-provincia-de-talagante\\\/\",\"url\":\"https:\\\/\\\/diarioellabrador.cl\\\/index.php\\\/2026\\\/09\\\/03\\\/con-emotiva-ceremonia-de-izamiento-de-la-bandera-dan-inicio-a-septiembre-en-provincia-de-talagante\\\/\",\"name\":\"Con emotiva ceremonia de izamiento de la Bandera\u00a0 dan inicio a Septiembre en provincia de Talagante - Diario El Labrador\",\"isPartOf\":{\"@id\":\"https:\\\/\\\/diarioellabrador.cl\\\/#website\"},\"primaryImageOfPage\":{\"@id\":\"https:\\\/\\\/diarioellabrador.cl\\\/index.php\\\/2026\\\/09\\\/03\\\/con-emotiva-ceremonia-de-izamiento-de-la-bandera-dan-inicio-a-septiembre-en-provincia-de-talagante\\\/#primaryimage\"},\"image\":{\"@id\":\"https:\\\/\\\/diarioellabrador.cl\\\/index.php\\\/2026\\\/09\\\/03\\\/con-emotiva-ceremonia-de-izamiento-de-la-bandera-dan-inicio-a-septiembre-en-provincia-de-talagante\\\/#primaryimage\"},\"thumbnailUrl\":\"https:\\\/\\\/diarioellabrador.cl\\\/wp-content\\\/uploads\\\/2026\\\/09\\\/Con-emotiva-ceremonia-de-izamiento-de-la-Bandera-dan-inicio-a-Septiembre-en-provincia-de-Talagante.jpg\",\"datePublished\":\"2026-09-03T22:55:33+00:00\",\"dateModified\":\"2026-09-03T22:55:37+00:00\",\"breadcrumb\":{\"@id\":\"https:\\\/\\\/diarioellabrador.cl\\\/index.php\\\/2026\\\/09\\\/03\\\/con-emotiva-ceremonia-de-izamiento-de-la-bandera-dan-inicio-a-septiembre-en-provincia-de-talagante\\\/#breadcrumb\"},\"inLanguage\":\"es\",\"potentialAction\":[{\"@type\":\"ReadAction\",\"target\":[\"https:\\\/\\\/diarioellabrador.cl\\\/index.php\\\/2026\\\/09\\\/03\\\/con-emotiva-ceremonia-de-izamiento-de-la-bandera-dan-inicio-a-septiembre-en-provincia-de-talagante\\\/\"]}]},{\"@type\":\"ImageObject\",\"inLanguage\":\"es\",\"@id\":\"https:\\\/\\\/diarioellabrador.cl\\\/index.php\\\/2026\\\/09\\\/03\\\/con-emotiva-ceremonia-de-izamiento-de-la-bandera-dan-inicio-a-septiembre-en-provincia-de-talagante\\\/#primaryimage\",\"url\":\"https:\\\/\\\/diarioellabrador.cl\\\/wp-content\\\/uploads\\\/2026\\\/09\\\/Con-emotiva-ceremonia-de-izamiento-de-la-Bandera-dan-inicio-a-Septiembre-en-provincia-de-Talagante.jpg\",\"contentUrl\":\"https:\\\/\\\/diarioellabrador.cl\\\/wp-content\\\/uploads\\\/2026\\\/09\\\/Con-emotiva-ceremonia-de-izamiento-de-la-Bandera-dan-inicio-a-Septiembre-en-provincia-de-Talagante.jpg\",\"width\":460,\"height\":528},{\"@type\":\"BreadcrumbList\",\"@id\":\"https:\\\/\\\/diarioellabrador.cl\\\/index.php\\\/2026\\\/09\\\/03\\\/con-emotiva-ceremonia-de-izamiento-de-la-bandera-dan-inicio-a-septiembre-en-provincia-de-talagante\\\/#breadcrumb\",\"itemListElement\":[{\"@type\":\"ListItem\",\"position\":1,\"name\":\"Portada\",\"item\":\"https:\\\/\\\/diarioellabrador.cl\\\/\"},{\"@type\":\"ListItem\",\"position\":2,\"name\":\"Con emotiva ceremonia de izamiento de la Bandera\u00a0 dan inicio a Septiembre en provincia de Talagante\"}]},{\"@type\":\"WebSite\",\"@id\":\"https:\\\/\\\/diarioellabrador.cl\\\/#website\",\"url\":\"https:\\\/\\\/diarioellabrador.cl\\\/\",\"name\":\"Diario El Labrador\",\"description\":\"Haciendo noticia desde 1921\",\"publisher\":{\"@id\":\"https:\\\/\\\/diarioellabrador.cl\\\/#organization\"},\"potentialAction\":[{\"@type\":\"SearchAction\",\"target\":{\"@type\":\"EntryPoint\",\"urlTemplate\":\"https:\\\/\\\/diarioellabrador.cl\\\/?s={search_term_string}\"},\"query-input\":{\"@type\":\"PropertyValueSpecification\",\"valueRequired\":true,\"valueName\":\"search_term_string\"}}],\"inLanguage\":\"es\"},{\"@type\":\"Organization\",\"@id\":\"https:\\\/\\\/diarioellabrador.cl\\\/#organization\",\"name\":\"Diario El Labrador\",\"url\":\"https:\\\/\\\/diarioellabrador.cl\\\/\",\"logo\":{\"@type\":\"ImageObject\",\"inLanguage\":\"es\",\"@id\":\"https:\\\/\\\/diarioellabrador.cl\\\/#\\\/schema\\\/logo\\\/image\\\/\",\"url\":\"https:\\\/\\\/diarioellabrador.cl\\\/wp-content\\\/uploads\\\/2025\\\/02\\\/cropped-Logo-Icono.png\",\"contentUrl\":\"https:\\\/\\\/diarioellabrador.cl\\\/wp-content\\\/uploads\\\/2025\\\/02\\\/cropped-Logo-Icono.png\",\"width\":512,\"height\":512,\"caption\":\"Diario El Labrador\"},\"image\":{\"@id\":\"https:\\\/\\\/diarioellabrador.cl\\\/#\\\/schema\\\/logo\\\/image\\\/\"},\"sameAs\":[\"https:\\\/\\\/web.facebook.com\\\/profile.php?id=61576120840621\",\"https:\\\/\\\/x.com\\\/ElLabradorOf\",\"https:\\\/\\\/www.instagram.com\\\/diarioellabradoroficial\\\/\"]},{\"@type\":\"Person\",\"@id\":\"https:\\\/\\\/diarioellabrador.cl\\\/#\\\/schema\\\/person\\\/bc25ff80b4563f9c7f4bd7855df01685\",\"name\":\"Editor\",\"image\":{\"@type\":\"ImageObject\",\"inLanguage\":\"es\",\"@id\":\"https:\\\/\\\/secure.gravatar.com\\\/avatar\\\/109c326cf2be5c04f048c2c2a2b8b6ef44bf3d8d1d3d4c55d0ac40c4bc994684?s=96&d=initials&r=g&initials=ed\",\"url\":\"https:\\\/\\\/secure.gravatar.com\\\/avatar\\\/109c326cf2be5c04f048c2c2a2b8b6ef44bf3d8d1d3d4c55d0ac40c4bc994684?s=96&d=initials&r=g&initials=ed\",\"contentUrl\":\"https:\\\/\\\/secure.gravatar.com\\\/avatar\\\/109c326cf2be5c04f048c2c2a2b8b6ef44bf3d8d1d3d4c55d0ac40c4bc994684?s=96&d=initials&r=g&initials=ed\",\"caption\":\"Editor\"},\"url\":\"https:\\\/\\\/diarioellabrador.cl\\\/index.php\\\/author\\\/editor\\\/\"}]}<\/script>\n<!-- \/ Yoast SEO plugin. -->","yoast_head_json":{"title":"Con emotiva ceremonia de izamiento de la Bandera\u00a0 dan inicio a Septiembre en provincia de Talagante - Diario El Labrador","robots":{"index":"index","follow":"follow","max-snippet":"max-snippet:-1","max-image-preview":"max-image-preview:large","max-video-preview":"max-video-preview:-1"},"canonical":"https:\/\/diarioellabrador.cl\/index.php\/2026\/09\/03\/con-emotiva-ceremonia-de-izamiento-de-la-bandera-dan-inicio-a-septiembre-en-provincia-de-talagante\/","og_locale":"es_ES","og_type":"article","og_title":"Con emotiva ceremonia de izamiento de la Bandera\u00a0 dan inicio a Septiembre en provincia de Talagante - Diario El Labrador","og_description":"Con una emotiva ceremonia encabezada por la Delegada Presidencial Provincial de Talagante, Annemarie M\u00fcller During, se realiz\u00f3 la ceremonia de izamiento del Pabell\u00f3n Patrio en dependencias de la Delegaci\u00f3n, dando inicio al Mes de la Patria.La autoridad provincial indic\u00f3 que la jornada estuvo marcada por el respeto, la solemnidad y el orgullo por los s\u00edmbolos Leer m\u00e1s","og_url":"https:\/\/diarioellabrador.cl\/index.php\/2026\/09\/03\/con-emotiva-ceremonia-de-izamiento-de-la-bandera-dan-inicio-a-septiembre-en-provincia-de-talagante\/","og_site_name":"Diario El Labrador","article_publisher":"https:\/\/web.facebook.com\/profile.php?id=61576120840621","article_published_time":"2026-09-03T22:55:33+00:00","article_modified_time":"2026-09-03T22:55:37+00:00","og_image":[{"width":460,"height":528,"url":"https:\/\/diarioellabrador.cl\/wp-content\/uploads\/2026\/09\/Con-emotiva-ceremonia-de-izamiento-de-la-Bandera-dan-inicio-a-Septiembre-en-provincia-de-Talagante.jpg","type":"image\/jpeg"}],"author":"Editor","twitter_card":"summary_large_image","twitter_creator":"@ElLabradorOf","twitter_site":"@ElLabradorOf","twitter_misc":{"Escrito por":"Editor","Tiempo de lectura":"1 minuto"},"schema":{"@context":"https:\/\/schema.org","@graph":[{"@type":"Article","@id":"https:\/\/diarioellabrador.cl\/index.php\/2026\/09\/03\/con-emotiva-ceremonia-de-izamiento-de-la-bandera-dan-inicio-a-septiembre-en-provincia-de-talagante\/#article","isPartOf":{"@id":"https:\/\/diarioellabrador.cl\/index.php\/2026\/09\/03\/con-emotiva-ceremonia-de-izamiento-de-la-bandera-dan-inicio-a-septiembre-en-provincia-de-talagante\/"},"author":{"name":"Editor","@id":"https:\/\/diarioellabrador.cl\/#\/schema\/person\/bc25ff80b4563f9c7f4bd7855df01685"},"headline":"Con emotiva ceremonia de izamiento de la Bandera\u00a0 dan inicio a Septiembre en provincia de Talagante","datePublished":"2026-09-03T22:55:33+00:00","dateModified":"2026-09-03T22:55:37+00:00","mainEntityOfPage":{"@id":"https:\/\/diarioellabrador.cl\/index.php\/2026\/09\/03\/con-emotiva-ceremonia-de-izamiento-de-la-bandera-dan-inicio-a-septiembre-en-provincia-de-talagante\/"},"wordCount":131,"commentCount":0,"publisher":{"@id":"https:\/\/diarioellabrador.cl\/#organization"},"image":{"@id":"https:\/\/diarioellabrador.cl\/index.php\/2026\/09\/03\/con-emotiva-ceremonia-de-izamiento-de-la-bandera-dan-inicio-a-septiembre-en-provincia-de-talagante\/#primaryimage"},"thumbnailUrl":"https:\/\/diarioellabrador.cl\/wp-content\/uploads\/2026\/09\/Con-emotiva-ceremonia-de-izamiento-de-la-Bandera-dan-inicio-a-Septiembre-en-provincia-de-Talagante.jpg","articleSection":["Cr\u00f3nica"],"inLanguage":"es","potentialAction":[{"@type":"CommentAction","name":"Comment","target":["https:\/\/diarioellabrador.cl\/index.php\/2026\/09\/03\/con-emotiva-ceremonia-de-izamiento-de-la-bandera-dan-inicio-a-septiembre-en-provincia-de-talagante\/#respond"]}]},{"@type":"WebPage","@id":"https:\/\/diarioellabrador.cl\/index.php\/2026\/09\/03\/con-emotiva-ceremonia-de-izamiento-de-la-bandera-dan-inicio-a-septiembre-en-provincia-de-talagante\/","url":"https:\/\/diarioellabrador.cl\/index.php\/2026\/09\/03\/con-emotiva-ceremonia-de-izamiento-de-la-bandera-dan-inicio-a-septiembre-en-provincia-de-talagante\/","name":"Con emotiva ceremonia de izamiento de la Bandera\u00a0 dan inicio a Septiembre en provincia de Talagante - Diario El Labrador","isPartOf":{"@id":"https:\/\/diarioellabrador.cl\/#website"},"primaryImageOfPage":{"@id":"https:\/\/diarioellabrador.cl\/index.php\/2026\/09\/03\/con-emotiva-ceremonia-de-izamiento-de-la-bandera-dan-inicio-a-septiembre-en-provincia-de-talagante\/#primaryimage"},"image":{"@id":"https:\/\/diarioellabrador.cl\/index.php\/2026\/09\/03\/con-emotiva-ceremonia-de-izamiento-de-la-bandera-dan-inicio-a-septiembre-en-provincia-de-talagante\/#primaryimage"},"thumbnailUrl":"https:\/\/diarioellabrador.cl\/wp-content\/uploads\/2026\/09\/Con-emotiva-ceremonia-de-izamiento-de-la-Bandera-dan-inicio-a-Septiembre-en-provincia-de-Talagante.jpg","datePublished":"2026-09-03T22:55:33+00:00","dateModified":"2026-09-03T22:55:37+00:00","breadcrumb":{"@id":"https:\/\/diarioellabrador.cl\/index.php\/2026\/09\/03\/con-emotiva-ceremonia-de-izamiento-de-la-bandera-dan-inicio-a-septiembre-en-provincia-de-talagante\/#breadcrumb"},"inLanguage":"es","potentialAction":[{"@type":"ReadAction","target":["https:\/\/diarioellabrador.cl\/index.php\/2026\/09\/03\/con-emotiva-ceremonia-de-izamiento-de-la-bandera-dan-inicio-a-septiembre-en-provincia-de-talagante\/"]}]},{"@type":"ImageObject","inLanguage":"es","@id":"https:\/\/diarioellabrador.cl\/index.php\/2026\/09\/03\/con-emotiva-ceremonia-de-izamiento-de-la-bandera-dan-inicio-a-septiembre-en-provincia-de-talagante\/#primaryimage","url":"https:\/\/diarioellabrador.cl\/wp-content\/uploads\/2026\/09\/Con-emotiva-ceremonia-de-izamiento-de-la-Bandera-dan-inicio-a-Septiembre-en-provincia-de-Talagante.jpg","contentUrl":"https:\/\/diarioellabrador.cl\/wp-content\/uploads\/2026\/09\/Con-emotiva-ceremonia-de-izamiento-de-la-Bandera-dan-inicio-a-Septiembre-en-provincia-de-Talagante.jpg","width":460,"height":528},{"@type":"BreadcrumbList","@id":"https:\/\/diarioellabrador.cl\/index.php\/2026\/09\/03\/con-emotiva-ceremonia-de-izamiento-de-la-bandera-dan-inicio-a-septiembre-en-provincia-de-talagante\/#breadcrumb","itemListElement":[{"@type":"ListItem","position":1,"name":"Portada","item":"https:\/\/diarioellabrador.cl\/"},{"@type":"ListItem","position":2,"name":"Con emotiva ceremonia de izamiento de la Bandera\u00a0 dan inicio a Septiembre en provincia de Talagante"}]},{"@type":"WebSite","@id":"https:\/\/diarioellabrador.cl\/#website","url":"https:\/\/diarioellabrador.cl\/","name":"Diario El Labrador","description":"Haciendo noticia desde 1921","publisher":{"@id":"https:\/\/diarioellabrador.cl\/#organization"},"potentialAction":[{"@type":"SearchAction","target":{"@type":"EntryPoint","urlTemplate":"https:\/\/diarioellabrador.cl\/?s={search_term_string}"},"query-input":{"@type":"PropertyValueSpecification","valueRequired":true,"valueName":"search_term_string"}}],"inLanguage":"es"},{"@type":"Organization","@id":"https:\/\/diarioellabrador.cl\/#organization","name":"Diario El Labrador","url":"https:\/\/diarioellabrador.cl\/","logo":{"@type":"ImageObject","inLanguage":"es","@id":"https:\/\/diarioellabrador.cl\/#\/schema\/logo\/image\/","url":"https:\/\/diarioellabrador.cl\/wp-content\/uploads\/2025\/02\/cropped-Logo-Icono.png","contentUrl":"https:\/\/diarioellabrador.cl\/wp-content\/uploads\/2025\/02\/cropped-Logo-Icono.png","width":512,"height":512,"caption":"Diario El Labrador"},"image":{"@id":"https:\/\/diarioellabrador.cl\/#\/schema\/logo\/image\/"},"sameAs":["https:\/\/web.facebook.com\/profile.php?id=61576120840621","https:\/\/x.com\/ElLabradorOf","https:\/\/www.instagram.com\/diarioellabradoroficial\/"]},{"@type":"Person","@id":"https:\/\/diarioellabrador.cl\/#\/schema\/person\/bc25ff80b4563f9c7f4bd7855df01685","name":"Editor","image":{"@type":"ImageObject","inLanguage":"es","@id":"https:\/\/secure.gravatar.com\/avatar\/109c326cf2be5c04f048c2c2a2b8b6ef44bf3d8d1d3d4c55d0ac40c4bc994684?s=96&d=initials&r=g&initials=ed","url":"https:\/\/secure.gravatar.com\/avatar\/109c326cf2be5c04f048c2c2a2b8b6ef44bf3d8d1d3d4c55d0ac40c4bc994684?s=96&d=initials&r=g&initials=ed","contentUrl":"https:\/\/secure.gravatar.com\/avatar\/109c326cf2be5c04f048c2c2a2b8b6ef44bf3d8d1d3d4c55d0ac40c4bc994684?s=96&d=initials&r=g&initials=ed","caption":"Editor"},"url":"https:\/\/diarioellabrador.cl\/index.php\/author\/editor\/"}]}},"_links":{"self":[{"href":"https:\/\/diarioellabrador.cl\/index.php\/wp-json\/wp\/v2\/posts\/24489","targetHints":{"allow":["GET"]}}],"collection":[{"href":"https:\/\/diarioellabrador.cl\/index.php\/wp-json\/wp\/v2\/posts"}],"about":[{"href":"https:\/\/diarioellabrador.cl\/index.php\/wp-json\/wp\/v2\/types\/post"}],"author":[{"embeddable":true,"href":"https:\/\/diarioellabrador.cl\/index.php\/wp-json\/wp\/v2\/users\/2"}],"replies":[{"embeddable":true,"href":"https:\/\/diarioellabrador.cl\/index.php\/wp-json\/wp\/v2\/comments?post=24489"}],"version-history":[{"count":1,"href":"https:\/\/diarioellabrador.cl\/index.php\/wp-json\/wp\/v2\/posts\/24489\/revisions"}],"predecessor-version":[{"id":24490,"href":"https:\/\/diarioellabrador.cl\/index.php\/wp-json\/wp\/v2\/posts\/24489\/revisions\/24490"}],"wp:featuredmedia":[{"embeddable":true,"href":"https:\/\/diarioellabrador.cl\/index.php\/wp-json\/wp\/v2\/media\/24448"}],"wp:attachment":[{"href":"https:\/\/diarioellabrador.cl\/index.php\/wp-json\/wp\/v2\/media?parent=24489"}],"wp:term":[{"taxonomy":"category","embeddable":true,"href":"https:\/\/diarioellabrador.cl\/index.php\/wp-json\/wp\/v2\/categories?post=24489"},{"taxonomy":"post_tag","embeddable":true,"href":"https:\/\/diarioellabrador.cl\/index.php\/wp-json\/wp\/v2\/tags?post=24489"}],"curies":[{"name":"wp","href":"https:\/\/api.w.org\/{rel}","templated":true}]}}