{"id":24487,"date":"2026-09-03T18:53:40","date_gmt":"2026-09-03T22:53:40","guid":{"rendered":"https:\/\/diarioellabrador.cl\/?p=24487"},"modified":"2026-09-03T18:53:45","modified_gmt":"2026-09-03T22:53:45","slug":"reunion-de-coordinacion-para-la-fiesta-de-la-virgen-de-la-merced-en-isla-de-maipo","status":"publish","type":"post","link":"https:\/\/diarioellabrador.cl\/index.php\/2026\/09\/03\/reunion-de-coordinacion-para-la-fiesta-de-la-virgen-de-la-merced-en-isla-de-maipo\/","title":{"rendered":"Reuni\u00f3n de coordinaci\u00f3n para la Fiesta de la Virgen de la Merced en Isla de Maipo"},"content":{"rendered":"\n<p class=\"wp-block-paragraph\">La Delegada Presidencial Provincial de Talagante, Annemarie M\u00fcller During, sostuvo una reuni\u00f3n de coordinaci\u00f3n con el equipo organizador de la tradicional Fiesta de la Virgen de la Merced, importante celebraci\u00f3n religiosa que se desarrolla en Isla de Maipo y que cada a\u00f1o convoca a una gran cantidad de personas.<\/p>\n\n\n\n<p class=\"wp-block-paragraph\">Durante el encuentro se abordaron distintos aspectos relacionados con la organizaci\u00f3n y seguridad de la actividad, con el objetivo de generar las mejores condiciones para que vecinos, familias y visitantes puedan participar de esta tradicional celebraci\u00f3n.<\/p>\n\n\n\n<p class=\"wp-block-paragraph\">En la instancia tambi\u00e9n participaron el director de Seguridad P\u00fablica de la Municipalidad de Isla de Maipo, Marcial Garc\u00eda, y el cura p\u00e1rroco C\u00e9sar Campos.<\/p>\n\n\n\n<p class=\"wp-block-paragraph\">La autoridad provincial se\u00f1al\u00f3 que \u201ccomo Delegaci\u00f3n Presidencial Provincial de Talagante entregaremos todas las facilidades y coordinaremos las medidas de seguridad que est\u00e9n a nuestro alcance para contribuir al correcto desarrollo de esta importante celebraci\u00f3n, trabajando junto al municipio, los organizadores y las instituciones correspondientes\u201d.<\/p>\n\n\n\n<p class=\"wp-block-paragraph\">Finalmente, indic\u00f3 que \u201cseguiremos apoyando aquellas actividades que re\u00fanen a nuestras comunidades y mantienen vivas las tradiciones de nuestra provincia\u201d.<\/p>\n\n\n\n<p class=\"wp-block-paragraph\"><\/p>\n","protected":false},"excerpt":{"rendered":"<p>La Delegada Presidencial Provincial de Talagante, Annemarie M\u00fcller During, sostuvo una reuni\u00f3n de coordinaci\u00f3n con el equipo organizador de la tradicional Fiesta de la Virgen de la Merced, importante celebraci\u00f3n religiosa que se desarrolla en Isla de Maipo y que cada a\u00f1o convoca a una gran cantidad de personas. Durante el encuentro se abordaron distintos<\/p>\n<div class=\"read-more-wrapper\"><a class=\"read-more\" href=\"https:\/\/diarioellabrador.cl\/index.php\/2026\/09\/03\/reunion-de-coordinacion-para-la-fiesta-de-la-virgen-de-la-merced-en-isla-de-maipo\/\" title=\"Leer m\u00e1s\"> <span class=\"button \">Leer m\u00e1s<\/span><\/a><\/div>\n","protected":false},"author":2,"featured_media":24450,"comment_status":"open","ping_status":"open","sticky":false,"template":"","format":"standard","meta":{"footnotes":"","_members_access_role":[],"_members_access_error":""},"categories":[1],"tags":[],"class_list":["post-24487","post","type-post","status-publish","format-standard","has-post-thumbnail","hentry","category-cronica"],"yoast_head":"<!-- This site is optimized with the Yoast SEO plugin v28.4 - https:\/\/yoast.com\/product\/yoast-seo-wordpress\/ -->\n<title>Reuni\u00f3n de coordinaci\u00f3n para la Fiesta de la Virgen de la Merced en Isla de Maipo - Diario El Labrador<\/title>\n<meta name=\"robots\" content=\"index, follow, max-snippet:-1, max-image-preview:large, max-video-preview:-1\" \/>\n<link rel=\"canonical\" href=\"https:\/\/diarioellabrador.cl\/index.php\/2026\/09\/03\/reunion-de-coordinacion-para-la-fiesta-de-la-virgen-de-la-merced-en-isla-de-maipo\/\" \/>\n<meta property=\"og:locale\" content=\"es_ES\" \/>\n<meta property=\"og:type\" content=\"article\" \/>\n<meta property=\"og:title\" content=\"Reuni\u00f3n de coordinaci\u00f3n para la Fiesta de la Virgen de la Merced en Isla de Maipo - Diario El Labrador\" \/>\n<meta property=\"og:description\" content=\"La Delegada Presidencial Provincial de Talagante, Annemarie M\u00fcller During, sostuvo una reuni\u00f3n de coordinaci\u00f3n con el equipo organizador de la tradicional Fiesta de la Virgen de la Merced, importante celebraci\u00f3n religiosa que se desarrolla en Isla de Maipo y que cada a\u00f1o convoca a una gran cantidad de personas. Durante el encuentro se abordaron distintos Leer m\u00e1s\" \/>\n<meta property=\"og:url\" content=\"https:\/\/diarioellabrador.cl\/index.php\/2026\/09\/03\/reunion-de-coordinacion-para-la-fiesta-de-la-virgen-de-la-merced-en-isla-de-maipo\/\" \/>\n<meta property=\"og:site_name\" content=\"Diario El Labrador\" \/>\n<meta property=\"article:publisher\" content=\"https:\/\/web.facebook.com\/profile.php?id=61576120840621\" \/>\n<meta property=\"article:published_time\" content=\"2026-09-03T22:53:40+00:00\" \/>\n<meta property=\"article:modified_time\" content=\"2026-09-03T22:53:45+00:00\" \/>\n<meta property=\"og:image\" content=\"https:\/\/diarioellabrador.cl\/wp-content\/uploads\/2026\/09\/Reunion-de-coordinacion-para-la-Fiesta-de-la-Virgen-de-la-Merced-en-Isla-de-Maipo-scaled.jpg\" \/>\n\t<meta property=\"og:image:width\" content=\"2560\" \/>\n\t<meta property=\"og:image:height\" content=\"1920\" \/>\n\t<meta property=\"og:image:type\" content=\"image\/jpeg\" \/>\n<meta name=\"author\" content=\"Editor\" \/>\n<meta name=\"twitter:card\" content=\"summary_large_image\" \/>\n<meta name=\"twitter:creator\" content=\"@ElLabradorOf\" \/>\n<meta name=\"twitter:site\" content=\"@ElLabradorOf\" \/>\n<meta name=\"twitter:label1\" content=\"Escrito por\" \/>\n\t<meta name=\"twitter:data1\" content=\"Editor\" \/>\n\t<meta name=\"twitter:label2\" content=\"Tiempo de lectura\" \/>\n\t<meta name=\"twitter:data2\" content=\"2 minutos\" \/>\n<script type=\"application\/ld+json\" class=\"yoast-schema-graph\">{\"@context\":\"https:\\\/\\\/schema.org\",\"@graph\":[{\"@type\":\"Article\",\"@id\":\"https:\\\/\\\/diarioellabrador.cl\\\/index.php\\\/2026\\\/09\\\/03\\\/reunion-de-coordinacion-para-la-fiesta-de-la-virgen-de-la-merced-en-isla-de-maipo\\\/#article\",\"isPartOf\":{\"@id\":\"https:\\\/\\\/diarioellabrador.cl\\\/index.php\\\/2026\\\/09\\\/03\\\/reunion-de-coordinacion-para-la-fiesta-de-la-virgen-de-la-merced-en-isla-de-maipo\\\/\"},\"author\":{\"name\":\"Editor\",\"@id\":\"https:\\\/\\\/diarioellabrador.cl\\\/#\\\/schema\\\/person\\\/bc25ff80b4563f9c7f4bd7855df01685\"},\"headline\":\"Reuni\u00f3n de coordinaci\u00f3n para la Fiesta de la Virgen de la Merced en Isla de Maipo\",\"datePublished\":\"2026-09-03T22:53:40+00:00\",\"dateModified\":\"2026-09-03T22:53:45+00:00\",\"mainEntityOfPage\":{\"@id\":\"https:\\\/\\\/diarioellabrador.cl\\\/index.php\\\/2026\\\/09\\\/03\\\/reunion-de-coordinacion-para-la-fiesta-de-la-virgen-de-la-merced-en-isla-de-maipo\\\/\"},\"wordCount\":210,\"commentCount\":0,\"publisher\":{\"@id\":\"https:\\\/\\\/diarioellabrador.cl\\\/#organization\"},\"image\":{\"@id\":\"https:\\\/\\\/diarioellabrador.cl\\\/index.php\\\/2026\\\/09\\\/03\\\/reunion-de-coordinacion-para-la-fiesta-de-la-virgen-de-la-merced-en-isla-de-maipo\\\/#primaryimage\"},\"thumbnailUrl\":\"https:\\\/\\\/diarioellabrador.cl\\\/wp-content\\\/uploads\\\/2026\\\/09\\\/Reunion-de-coordinacion-para-la-Fiesta-de-la-Virgen-de-la-Merced-en-Isla-de-Maipo-scaled.jpg\",\"articleSection\":[\"Cr\u00f3nica\"],\"inLanguage\":\"es\",\"potentialAction\":[{\"@type\":\"CommentAction\",\"name\":\"Comment\",\"target\":[\"https:\\\/\\\/diarioellabrador.cl\\\/index.php\\\/2026\\\/09\\\/03\\\/reunion-de-coordinacion-para-la-fiesta-de-la-virgen-de-la-merced-en-isla-de-maipo\\\/#respond\"]}]},{\"@type\":\"WebPage\",\"@id\":\"https:\\\/\\\/diarioellabrador.cl\\\/index.php\\\/2026\\\/09\\\/03\\\/reunion-de-coordinacion-para-la-fiesta-de-la-virgen-de-la-merced-en-isla-de-maipo\\\/\",\"url\":\"https:\\\/\\\/diarioellabrador.cl\\\/index.php\\\/2026\\\/09\\\/03\\\/reunion-de-coordinacion-para-la-fiesta-de-la-virgen-de-la-merced-en-isla-de-maipo\\\/\",\"name\":\"Reuni\u00f3n de coordinaci\u00f3n para la Fiesta de la Virgen de la Merced en Isla de Maipo - Diario El Labrador\",\"isPartOf\":{\"@id\":\"https:\\\/\\\/diarioellabrador.cl\\\/#website\"},\"primaryImageOfPage\":{\"@id\":\"https:\\\/\\\/diarioellabrador.cl\\\/index.php\\\/2026\\\/09\\\/03\\\/reunion-de-coordinacion-para-la-fiesta-de-la-virgen-de-la-merced-en-isla-de-maipo\\\/#primaryimage\"},\"image\":{\"@id\":\"https:\\\/\\\/diarioellabrador.cl\\\/index.php\\\/2026\\\/09\\\/03\\\/reunion-de-coordinacion-para-la-fiesta-de-la-virgen-de-la-merced-en-isla-de-maipo\\\/#primaryimage\"},\"thumbnailUrl\":\"https:\\\/\\\/diarioellabrador.cl\\\/wp-content\\\/uploads\\\/2026\\\/09\\\/Reunion-de-coordinacion-para-la-Fiesta-de-la-Virgen-de-la-Merced-en-Isla-de-Maipo-scaled.jpg\",\"datePublished\":\"2026-09-03T22:53:40+00:00\",\"dateModified\":\"2026-09-03T22:53:45+00:00\",\"breadcrumb\":{\"@id\":\"https:\\\/\\\/diarioellabrador.cl\\\/index.php\\\/2026\\\/09\\\/03\\\/reunion-de-coordinacion-para-la-fiesta-de-la-virgen-de-la-merced-en-isla-de-maipo\\\/#breadcrumb\"},\"inLanguage\":\"es\",\"potentialAction\":[{\"@type\":\"ReadAction\",\"target\":[\"https:\\\/\\\/diarioellabrador.cl\\\/index.php\\\/2026\\\/09\\\/03\\\/reunion-de-coordinacion-para-la-fiesta-de-la-virgen-de-la-merced-en-isla-de-maipo\\\/\"]}]},{\"@type\":\"ImageObject\",\"inLanguage\":\"es\",\"@id\":\"https:\\\/\\\/diarioellabrador.cl\\\/index.php\\\/2026\\\/09\\\/03\\\/reunion-de-coordinacion-para-la-fiesta-de-la-virgen-de-la-merced-en-isla-de-maipo\\\/#primaryimage\",\"url\":\"https:\\\/\\\/diarioellabrador.cl\\\/wp-content\\\/uploads\\\/2026\\\/09\\\/Reunion-de-coordinacion-para-la-Fiesta-de-la-Virgen-de-la-Merced-en-Isla-de-Maipo-scaled.jpg\",\"contentUrl\":\"https:\\\/\\\/diarioellabrador.cl\\\/wp-content\\\/uploads\\\/2026\\\/09\\\/Reunion-de-coordinacion-para-la-Fiesta-de-la-Virgen-de-la-Merced-en-Isla-de-Maipo-scaled.jpg\",\"width\":2560,\"height\":1920},{\"@type\":\"BreadcrumbList\",\"@id\":\"https:\\\/\\\/diarioellabrador.cl\\\/index.php\\\/2026\\\/09\\\/03\\\/reunion-de-coordinacion-para-la-fiesta-de-la-virgen-de-la-merced-en-isla-de-maipo\\\/#breadcrumb\",\"itemListElement\":[{\"@type\":\"ListItem\",\"position\":1,\"name\":\"Portada\",\"item\":\"https:\\\/\\\/diarioellabrador.cl\\\/\"},{\"@type\":\"ListItem\",\"position\":2,\"name\":\"Reuni\u00f3n de coordinaci\u00f3n para la Fiesta de la Virgen de la Merced en Isla de Maipo\"}]},{\"@type\":\"WebSite\",\"@id\":\"https:\\\/\\\/diarioellabrador.cl\\\/#website\",\"url\":\"https:\\\/\\\/diarioellabrador.cl\\\/\",\"name\":\"Diario El Labrador\",\"description\":\"Haciendo noticia desde 1921\",\"publisher\":{\"@id\":\"https:\\\/\\\/diarioellabrador.cl\\\/#organization\"},\"potentialAction\":[{\"@type\":\"SearchAction\",\"target\":{\"@type\":\"EntryPoint\",\"urlTemplate\":\"https:\\\/\\\/diarioellabrador.cl\\\/?s={search_term_string}\"},\"query-input\":{\"@type\":\"PropertyValueSpecification\",\"valueRequired\":true,\"valueName\":\"search_term_string\"}}],\"inLanguage\":\"es\"},{\"@type\":\"Organization\",\"@id\":\"https:\\\/\\\/diarioellabrador.cl\\\/#organization\",\"name\":\"Diario El Labrador\",\"url\":\"https:\\\/\\\/diarioellabrador.cl\\\/\",\"logo\":{\"@type\":\"ImageObject\",\"inLanguage\":\"es\",\"@id\":\"https:\\\/\\\/diarioellabrador.cl\\\/#\\\/schema\\\/logo\\\/image\\\/\",\"url\":\"https:\\\/\\\/diarioellabrador.cl\\\/wp-content\\\/uploads\\\/2025\\\/02\\\/cropped-Logo-Icono.png\",\"contentUrl\":\"https:\\\/\\\/diarioellabrador.cl\\\/wp-content\\\/uploads\\\/2025\\\/02\\\/cropped-Logo-Icono.png\",\"width\":512,\"height\":512,\"caption\":\"Diario El Labrador\"},\"image\":{\"@id\":\"https:\\\/\\\/diarioellabrador.cl\\\/#\\\/schema\\\/logo\\\/image\\\/\"},\"sameAs\":[\"https:\\\/\\\/web.facebook.com\\\/profile.php?id=61576120840621\",\"https:\\\/\\\/x.com\\\/ElLabradorOf\",\"https:\\\/\\\/www.instagram.com\\\/diarioellabradoroficial\\\/\"]},{\"@type\":\"Person\",\"@id\":\"https:\\\/\\\/diarioellabrador.cl\\\/#\\\/schema\\\/person\\\/bc25ff80b4563f9c7f4bd7855df01685\",\"name\":\"Editor\",\"image\":{\"@type\":\"ImageObject\",\"inLanguage\":\"es\",\"@id\":\"https:\\\/\\\/secure.gravatar.com\\\/avatar\\\/109c326cf2be5c04f048c2c2a2b8b6ef44bf3d8d1d3d4c55d0ac40c4bc994684?s=96&d=initials&r=g&initials=ed\",\"url\":\"https:\\\/\\\/secure.gravatar.com\\\/avatar\\\/109c326cf2be5c04f048c2c2a2b8b6ef44bf3d8d1d3d4c55d0ac40c4bc994684?s=96&d=initials&r=g&initials=ed\",\"contentUrl\":\"https:\\\/\\\/secure.gravatar.com\\\/avatar\\\/109c326cf2be5c04f048c2c2a2b8b6ef44bf3d8d1d3d4c55d0ac40c4bc994684?s=96&d=initials&r=g&initials=ed\",\"caption\":\"Editor\"},\"url\":\"https:\\\/\\\/diarioellabrador.cl\\\/index.php\\\/author\\\/editor\\\/\"}]}<\/script>\n<!-- \/ Yoast SEO plugin. -->","yoast_head_json":{"title":"Reuni\u00f3n de coordinaci\u00f3n para la Fiesta de la Virgen de la Merced en Isla de Maipo - Diario El Labrador","robots":{"index":"index","follow":"follow","max-snippet":"max-snippet:-1","max-image-preview":"max-image-preview:large","max-video-preview":"max-video-preview:-1"},"canonical":"https:\/\/diarioellabrador.cl\/index.php\/2026\/09\/03\/reunion-de-coordinacion-para-la-fiesta-de-la-virgen-de-la-merced-en-isla-de-maipo\/","og_locale":"es_ES","og_type":"article","og_title":"Reuni\u00f3n de coordinaci\u00f3n para la Fiesta de la Virgen de la Merced en Isla de Maipo - Diario El Labrador","og_description":"La Delegada Presidencial Provincial de Talagante, Annemarie M\u00fcller During, sostuvo una reuni\u00f3n de coordinaci\u00f3n con el equipo organizador de la tradicional Fiesta de la Virgen de la Merced, importante celebraci\u00f3n religiosa que se desarrolla en Isla de Maipo y que cada a\u00f1o convoca a una gran cantidad de personas. Durante el encuentro se abordaron distintos Leer m\u00e1s","og_url":"https:\/\/diarioellabrador.cl\/index.php\/2026\/09\/03\/reunion-de-coordinacion-para-la-fiesta-de-la-virgen-de-la-merced-en-isla-de-maipo\/","og_site_name":"Diario El Labrador","article_publisher":"https:\/\/web.facebook.com\/profile.php?id=61576120840621","article_published_time":"2026-09-03T22:53:40+00:00","article_modified_time":"2026-09-03T22:53:45+00:00","og_image":[{"width":2560,"height":1920,"url":"https:\/\/diarioellabrador.cl\/wp-content\/uploads\/2026\/09\/Reunion-de-coordinacion-para-la-Fiesta-de-la-Virgen-de-la-Merced-en-Isla-de-Maipo-scaled.jpg","type":"image\/jpeg"}],"author":"Editor","twitter_card":"summary_large_image","twitter_creator":"@ElLabradorOf","twitter_site":"@ElLabradorOf","twitter_misc":{"Escrito por":"Editor","Tiempo de lectura":"2 minutos"},"schema":{"@context":"https:\/\/schema.org","@graph":[{"@type":"Article","@id":"https:\/\/diarioellabrador.cl\/index.php\/2026\/09\/03\/reunion-de-coordinacion-para-la-fiesta-de-la-virgen-de-la-merced-en-isla-de-maipo\/#article","isPartOf":{"@id":"https:\/\/diarioellabrador.cl\/index.php\/2026\/09\/03\/reunion-de-coordinacion-para-la-fiesta-de-la-virgen-de-la-merced-en-isla-de-maipo\/"},"author":{"name":"Editor","@id":"https:\/\/diarioellabrador.cl\/#\/schema\/person\/bc25ff80b4563f9c7f4bd7855df01685"},"headline":"Reuni\u00f3n de coordinaci\u00f3n para la Fiesta de la Virgen de la Merced en Isla de Maipo","datePublished":"2026-09-03T22:53:40+00:00","dateModified":"2026-09-03T22:53:45+00:00","mainEntityOfPage":{"@id":"https:\/\/diarioellabrador.cl\/index.php\/2026\/09\/03\/reunion-de-coordinacion-para-la-fiesta-de-la-virgen-de-la-merced-en-isla-de-maipo\/"},"wordCount":210,"commentCount":0,"publisher":{"@id":"https:\/\/diarioellabrador.cl\/#organization"},"image":{"@id":"https:\/\/diarioellabrador.cl\/index.php\/2026\/09\/03\/reunion-de-coordinacion-para-la-fiesta-de-la-virgen-de-la-merced-en-isla-de-maipo\/#primaryimage"},"thumbnailUrl":"https:\/\/diarioellabrador.cl\/wp-content\/uploads\/2026\/09\/Reunion-de-coordinacion-para-la-Fiesta-de-la-Virgen-de-la-Merced-en-Isla-de-Maipo-scaled.jpg","articleSection":["Cr\u00f3nica"],"inLanguage":"es","potentialAction":[{"@type":"CommentAction","name":"Comment","target":["https:\/\/diarioellabrador.cl\/index.php\/2026\/09\/03\/reunion-de-coordinacion-para-la-fiesta-de-la-virgen-de-la-merced-en-isla-de-maipo\/#respond"]}]},{"@type":"WebPage","@id":"https:\/\/diarioellabrador.cl\/index.php\/2026\/09\/03\/reunion-de-coordinacion-para-la-fiesta-de-la-virgen-de-la-merced-en-isla-de-maipo\/","url":"https:\/\/diarioellabrador.cl\/index.php\/2026\/09\/03\/reunion-de-coordinacion-para-la-fiesta-de-la-virgen-de-la-merced-en-isla-de-maipo\/","name":"Reuni\u00f3n de coordinaci\u00f3n para la Fiesta de la Virgen de la Merced en Isla de Maipo - Diario El Labrador","isPartOf":{"@id":"https:\/\/diarioellabrador.cl\/#website"},"primaryImageOfPage":{"@id":"https:\/\/diarioellabrador.cl\/index.php\/2026\/09\/03\/reunion-de-coordinacion-para-la-fiesta-de-la-virgen-de-la-merced-en-isla-de-maipo\/#primaryimage"},"image":{"@id":"https:\/\/diarioellabrador.cl\/index.php\/2026\/09\/03\/reunion-de-coordinacion-para-la-fiesta-de-la-virgen-de-la-merced-en-isla-de-maipo\/#primaryimage"},"thumbnailUrl":"https:\/\/diarioellabrador.cl\/wp-content\/uploads\/2026\/09\/Reunion-de-coordinacion-para-la-Fiesta-de-la-Virgen-de-la-Merced-en-Isla-de-Maipo-scaled.jpg","datePublished":"2026-09-03T22:53:40+00:00","dateModified":"2026-09-03T22:53:45+00:00","breadcrumb":{"@id":"https:\/\/diarioellabrador.cl\/index.php\/2026\/09\/03\/reunion-de-coordinacion-para-la-fiesta-de-la-virgen-de-la-merced-en-isla-de-maipo\/#breadcrumb"},"inLanguage":"es","potentialAction":[{"@type":"ReadAction","target":["https:\/\/diarioellabrador.cl\/index.php\/2026\/09\/03\/reunion-de-coordinacion-para-la-fiesta-de-la-virgen-de-la-merced-en-isla-de-maipo\/"]}]},{"@type":"ImageObject","inLanguage":"es","@id":"https:\/\/diarioellabrador.cl\/index.php\/2026\/09\/03\/reunion-de-coordinacion-para-la-fiesta-de-la-virgen-de-la-merced-en-isla-de-maipo\/#primaryimage","url":"https:\/\/diarioellabrador.cl\/wp-content\/uploads\/2026\/09\/Reunion-de-coordinacion-para-la-Fiesta-de-la-Virgen-de-la-Merced-en-Isla-de-Maipo-scaled.jpg","contentUrl":"https:\/\/diarioellabrador.cl\/wp-content\/uploads\/2026\/09\/Reunion-de-coordinacion-para-la-Fiesta-de-la-Virgen-de-la-Merced-en-Isla-de-Maipo-scaled.jpg","width":2560,"height":1920},{"@type":"BreadcrumbList","@id":"https:\/\/diarioellabrador.cl\/index.php\/2026\/09\/03\/reunion-de-coordinacion-para-la-fiesta-de-la-virgen-de-la-merced-en-isla-de-maipo\/#breadcrumb","itemListElement":[{"@type":"ListItem","position":1,"name":"Portada","item":"https:\/\/diarioellabrador.cl\/"},{"@type":"ListItem","position":2,"name":"Reuni\u00f3n de coordinaci\u00f3n para la Fiesta de la Virgen de la Merced en Isla de Maipo"}]},{"@type":"WebSite","@id":"https:\/\/diarioellabrador.cl\/#website","url":"https:\/\/diarioellabrador.cl\/","name":"Diario El Labrador","description":"Haciendo noticia desde 1921","publisher":{"@id":"https:\/\/diarioellabrador.cl\/#organization"},"potentialAction":[{"@type":"SearchAction","target":{"@type":"EntryPoint","urlTemplate":"https:\/\/diarioellabrador.cl\/?s={search_term_string}"},"query-input":{"@type":"PropertyValueSpecification","valueRequired":true,"valueName":"search_term_string"}}],"inLanguage":"es"},{"@type":"Organization","@id":"https:\/\/diarioellabrador.cl\/#organization","name":"Diario El Labrador","url":"https:\/\/diarioellabrador.cl\/","logo":{"@type":"ImageObject","inLanguage":"es","@id":"https:\/\/diarioellabrador.cl\/#\/schema\/logo\/image\/","url":"https:\/\/diarioellabrador.cl\/wp-content\/uploads\/2025\/02\/cropped-Logo-Icono.png","contentUrl":"https:\/\/diarioellabrador.cl\/wp-content\/uploads\/2025\/02\/cropped-Logo-Icono.png","width":512,"height":512,"caption":"Diario El Labrador"},"image":{"@id":"https:\/\/diarioellabrador.cl\/#\/schema\/logo\/image\/"},"sameAs":["https:\/\/web.facebook.com\/profile.php?id=61576120840621","https:\/\/x.com\/ElLabradorOf","https:\/\/www.instagram.com\/diarioellabradoroficial\/"]},{"@type":"Person","@id":"https:\/\/diarioellabrador.cl\/#\/schema\/person\/bc25ff80b4563f9c7f4bd7855df01685","name":"Editor","image":{"@type":"ImageObject","inLanguage":"es","@id":"https:\/\/secure.gravatar.com\/avatar\/109c326cf2be5c04f048c2c2a2b8b6ef44bf3d8d1d3d4c55d0ac40c4bc994684?s=96&d=initials&r=g&initials=ed","url":"https:\/\/secure.gravatar.com\/avatar\/109c326cf2be5c04f048c2c2a2b8b6ef44bf3d8d1d3d4c55d0ac40c4bc994684?s=96&d=initials&r=g&initials=ed","contentUrl":"https:\/\/secure.gravatar.com\/avatar\/109c326cf2be5c04f048c2c2a2b8b6ef44bf3d8d1d3d4c55d0ac40c4bc994684?s=96&d=initials&r=g&initials=ed","caption":"Editor"},"url":"https:\/\/diarioellabrador.cl\/index.php\/author\/editor\/"}]}},"_links":{"self":[{"href":"https:\/\/diarioellabrador.cl\/index.php\/wp-json\/wp\/v2\/posts\/24487","targetHints":{"allow":["GET"]}}],"collection":[{"href":"https:\/\/diarioellabrador.cl\/index.php\/wp-json\/wp\/v2\/posts"}],"about":[{"href":"https:\/\/diarioellabrador.cl\/index.php\/wp-json\/wp\/v2\/types\/post"}],"author":[{"embeddable":true,"href":"https:\/\/diarioellabrador.cl\/index.php\/wp-json\/wp\/v2\/users\/2"}],"replies":[{"embeddable":true,"href":"https:\/\/diarioellabrador.cl\/index.php\/wp-json\/wp\/v2\/comments?post=24487"}],"version-history":[{"count":1,"href":"https:\/\/diarioellabrador.cl\/index.php\/wp-json\/wp\/v2\/posts\/24487\/revisions"}],"predecessor-version":[{"id":24488,"href":"https:\/\/diarioellabrador.cl\/index.php\/wp-json\/wp\/v2\/posts\/24487\/revisions\/24488"}],"wp:featuredmedia":[{"embeddable":true,"href":"https:\/\/diarioellabrador.cl\/index.php\/wp-json\/wp\/v2\/media\/24450"}],"wp:attachment":[{"href":"https:\/\/diarioellabrador.cl\/index.php\/wp-json\/wp\/v2\/media?parent=24487"}],"wp:term":[{"taxonomy":"category","embeddable":true,"href":"https:\/\/diarioellabrador.cl\/index.php\/wp-json\/wp\/v2\/categories?post=24487"},{"taxonomy":"post_tag","embeddable":true,"href":"https:\/\/diarioellabrador.cl\/index.php\/wp-json\/wp\/v2\/tags?post=24487"}],"curies":[{"name":"wp","href":"https:\/\/api.w.org\/{rel}","templated":true}]}}