{"id":24485,"date":"2026-09-03T18:52:20","date_gmt":"2026-09-03T22:52:20","guid":{"rendered":"https:\/\/diarioellabrador.cl\/?p=24485"},"modified":"2026-09-03T18:52:23","modified_gmt":"2026-09-03T22:52:23","slug":"el-cambio-de-hora-en-chile-2026-para-pasar-al-horario-de-verano-se-realizara-el-sabado-5-de-septiembre","status":"publish","type":"post","link":"https:\/\/diarioellabrador.cl\/index.php\/2026\/09\/03\/el-cambio-de-hora-en-chile-2026-para-pasar-al-horario-de-verano-se-realizara-el-sabado-5-de-septiembre\/","title":{"rendered":"El cambio de hora en Chile 2026 para pasar al horario de verano se realizar\u00e1 el s\u00e1bado 5 de septiembre"},"content":{"rendered":"\n<p class=\"wp-block-paragraph\">La medianoche del s\u00e1bado 5 de septiembre los relojes se deber\u00e1n adelantar una hora, lo que marcar\u00e1 el inicio del horario de verano en gran parte de Chile, con algunas excepciones. En el caso de Chile Insular, Isla de Pascua e Isla Salas y G\u00f3mez, los relojes se deber\u00e1n modificar a las 22 horas del primer s\u00e1bado de septiembre.<\/p>\n\n\n\n<p class=\"wp-block-paragraph\">As\u00ed, la hora oficial del territorio chileno pasar\u00e1 a ser la 1.00 horas de la madrugada del domingo 6 de septiembre. El cambio permitir\u00e1 que todas las regiones continentales del pa\u00eds tengan el mismo horario, ya que en el invierno las regiones patag\u00f3nicas de Ays\u00e9n y Magallanes no pasaron al horario de invierno.<\/p>\n\n\n\n<p class=\"wp-block-paragraph\">La modificaci\u00f3n del horario de invierno y horario de verano se aplica en Chile desde 1968, un a\u00f1o marcado por una severa sequ\u00eda que afect\u00f3 a las principales fuentes de energ\u00eda el\u00e9ctrica del pa\u00eds. Durante casi seis d\u00e9cadas, la modificaci\u00f3n ha sido actualizada mediante decretos impulsados por los gobiernos de turno.<\/p>\n\n\n\n<p class=\"wp-block-paragraph\"><strong>\u00bfLos tel\u00e9fonos cambian la hora autom\u00e1ticamente?<\/strong><\/p>\n\n\n\n<p class=\"wp-block-paragraph\">La mayor\u00eda de los dispositivos electr\u00f3nicos \u2014ordenadores, tabletas o tel\u00e9fonos m\u00f3viles (celulares)\u2014 tienen mecanismos que permiten el ajuste autom\u00e1tico, aunque tambi\u00e9n est\u00e1 la opci\u00f3n de realizarlo de manera manual. En el caso de los celulares con sistema operativo&nbsp;<a href=\"https:\/\/elpais.com\/economia\/2026-07-16\/bruselas-fuerza-a-google-a-abrir-android-a-asistentes-de-inteligencia-artificial-de-la-competencia.html\">Android<\/a>&nbsp;se debe entrar a la opci\u00f3n<em>&nbsp;Sistema&nbsp;<\/em>o&nbsp;<em>Administraci\u00f3n genera<\/em>l. Luego, se ingresa a&nbsp;<em>Fecha y Hora<\/em>, siempre con las opciones&nbsp;<em>Establecer hora autom\u00e1ticamente<\/em>&nbsp;y&nbsp;<em>Establecer una zona horaria autom\u00e1ticamente<\/em>&nbsp;desactivadas. Para la modificaci\u00f3n en&nbsp;<a href=\"https:\/\/elpais.com\/economia\/negocios\/2026-03-28\/la-manzana-por-la-que-millones-de-consumidores-pecaron-llega-a-su-madurez.html\">iPhone<\/a>&nbsp;se tiene que entrar&nbsp;<em>Configuraci\u00f3n<\/em>, y luego acceder a&nbsp;<em>General<\/em>, y finalmente a&nbsp;<em>Fecha y Hora<\/em>, con la opci\u00f3n de Definir autom\u00e1ticamente desactivada.<\/p>\n\n\n\n<p class=\"wp-block-paragraph\"><strong>\u00bfCu\u00e1ndo ser\u00e1 el pr\u00f3ximo cambio de hora?<\/strong><\/p>\n\n\n\n<p class=\"wp-block-paragraph\">El&nbsp;<a href=\"https:\/\/www.bcn.cl\/leychile\/navegar?i=1179983&amp;f=2022-08-13\" target=\"_blank\" rel=\"noopener\">decreto 98<\/a>&nbsp;decreta que el horario de verano llegar\u00e1 a su fin durante la primera semana del mes de abril del pr\u00f3ximo. El pr\u00f3ximo cambio de hora para entrar nuevamente al horario de invierno se concretar\u00e1 el s\u00e1bado 3 de abril de 2027. Por el momento el Gobierno de Jos\u00e9 Antonio Kast no ha entregado alguna definici\u00f3n sobre alg\u00fan cambio a este calendario.<\/p>\n\n\n\n<p class=\"wp-block-paragraph\"><strong>C\u00f3mo impacta el cambio de hora en las personas<\/strong><\/p>\n\n\n\n<p class=\"wp-block-paragraph\">El ajuste en los relojes ha sido un tema de debate entre los especialistas debido a su impacto en la calidad de vida de las personas. La luz de la ma\u00f1ana cumple un papel fundamental en la sincronizaci\u00f3n del reloj circadiano, el mecanismo interno que regula procesos como el sue\u00f1o y la vigilia, la liberaci\u00f3n hormonal, el metabolismo y el estado de alerta. El impacto puede sentirse especialmente durante los d\u00edas posteriores al cambio. Al adelantar artificialmente el reloj, muchas personas deben despertarse cuando su organismo todav\u00eda se encuentra biol\u00f3gicamente preparado para seguir durmiendo, lo que puede traducirse en mayor somnolencia, fatiga, dificultades para conciliar el sue\u00f1o, menor concentraci\u00f3n y una disminuci\u00f3n transitoria del rendimiento. La literatura cient\u00edfica tambi\u00e9n ha descrito asociaciones entre la transici\u00f3n al horario de verano y un aumento temporal de accidentes cardiovasculares, cerebrovasculares y de tr\u00e1nsito.<\/p>\n\n\n\n<p class=\"wp-block-paragraph\"><\/p>\n","protected":false},"excerpt":{"rendered":"<p>La medianoche del s\u00e1bado 5 de septiembre los relojes se deber\u00e1n adelantar una hora, lo que marcar\u00e1 el inicio del horario de verano en gran parte de Chile, con algunas excepciones. En el caso de Chile Insular, Isla de Pascua e Isla Salas y G\u00f3mez, los relojes se deber\u00e1n modificar a las 22 horas del<\/p>\n<div class=\"read-more-wrapper\"><a class=\"read-more\" href=\"https:\/\/diarioellabrador.cl\/index.php\/2026\/09\/03\/el-cambio-de-hora-en-chile-2026-para-pasar-al-horario-de-verano-se-realizara-el-sabado-5-de-septiembre\/\" title=\"Leer m\u00e1s\"> <span class=\"button \">Leer m\u00e1s<\/span><\/a><\/div>\n","protected":false},"author":2,"featured_media":24440,"comment_status":"open","ping_status":"open","sticky":false,"template":"","format":"standard","meta":{"footnotes":"","_members_access_role":[],"_members_access_error":""},"categories":[1],"tags":[],"class_list":["post-24485","post","type-post","status-publish","format-standard","has-post-thumbnail","hentry","category-cronica"],"yoast_head":"<!-- This site is optimized with the Yoast SEO plugin v28.4 - https:\/\/yoast.com\/product\/yoast-seo-wordpress\/ -->\n<title>El cambio de hora en Chile 2026 para pasar al horario de verano se realizar\u00e1 el s\u00e1bado 5 de septiembre - Diario El Labrador<\/title>\n<meta name=\"robots\" content=\"index, follow, max-snippet:-1, max-image-preview:large, max-video-preview:-1\" \/>\n<link rel=\"canonical\" href=\"https:\/\/diarioellabrador.cl\/index.php\/2026\/09\/03\/el-cambio-de-hora-en-chile-2026-para-pasar-al-horario-de-verano-se-realizara-el-sabado-5-de-septiembre\/\" \/>\n<meta property=\"og:locale\" content=\"es_ES\" \/>\n<meta property=\"og:type\" content=\"article\" \/>\n<meta property=\"og:title\" content=\"El cambio de hora en Chile 2026 para pasar al horario de verano se realizar\u00e1 el s\u00e1bado 5 de septiembre - Diario El Labrador\" \/>\n<meta property=\"og:description\" content=\"La medianoche del s\u00e1bado 5 de septiembre los relojes se deber\u00e1n adelantar una hora, lo que marcar\u00e1 el inicio del horario de verano en gran parte de Chile, con algunas excepciones. En el caso de Chile Insular, Isla de Pascua e Isla Salas y G\u00f3mez, los relojes se deber\u00e1n modificar a las 22 horas del Leer m\u00e1s\" \/>\n<meta property=\"og:url\" content=\"https:\/\/diarioellabrador.cl\/index.php\/2026\/09\/03\/el-cambio-de-hora-en-chile-2026-para-pasar-al-horario-de-verano-se-realizara-el-sabado-5-de-septiembre\/\" \/>\n<meta property=\"og:site_name\" content=\"Diario El Labrador\" \/>\n<meta property=\"article:publisher\" content=\"https:\/\/web.facebook.com\/profile.php?id=61576120840621\" \/>\n<meta property=\"article:published_time\" content=\"2026-09-03T22:52:20+00:00\" \/>\n<meta property=\"article:modified_time\" content=\"2026-09-03T22:52:23+00:00\" \/>\n<meta property=\"og:image\" content=\"https:\/\/diarioellabrador.cl\/wp-content\/uploads\/2026\/09\/El-cambio-de-hora-en-Chile-2026-para-pasar-al-horario-de-verano-se-realizara-el-sabado-5-de-septiembre.jpg\" \/>\n\t<meta property=\"og:image:width\" content=\"640\" \/>\n\t<meta property=\"og:image:height\" content=\"479\" \/>\n\t<meta property=\"og:image:type\" content=\"image\/jpeg\" \/>\n<meta name=\"author\" content=\"Editor\" \/>\n<meta name=\"twitter:card\" content=\"summary_large_image\" \/>\n<meta name=\"twitter:creator\" content=\"@ElLabradorOf\" \/>\n<meta name=\"twitter:site\" content=\"@ElLabradorOf\" \/>\n<meta name=\"twitter:label1\" content=\"Escrito por\" \/>\n\t<meta name=\"twitter:data1\" content=\"Editor\" \/>\n\t<meta name=\"twitter:label2\" content=\"Tiempo de lectura\" \/>\n\t<meta name=\"twitter:data2\" content=\"3 minutos\" \/>\n<script type=\"application\/ld+json\" class=\"yoast-schema-graph\">{\"@context\":\"https:\\\/\\\/schema.org\",\"@graph\":[{\"@type\":\"Article\",\"@id\":\"https:\\\/\\\/diarioellabrador.cl\\\/index.php\\\/2026\\\/09\\\/03\\\/el-cambio-de-hora-en-chile-2026-para-pasar-al-horario-de-verano-se-realizara-el-sabado-5-de-septiembre\\\/#article\",\"isPartOf\":{\"@id\":\"https:\\\/\\\/diarioellabrador.cl\\\/index.php\\\/2026\\\/09\\\/03\\\/el-cambio-de-hora-en-chile-2026-para-pasar-al-horario-de-verano-se-realizara-el-sabado-5-de-septiembre\\\/\"},\"author\":{\"name\":\"Editor\",\"@id\":\"https:\\\/\\\/diarioellabrador.cl\\\/#\\\/schema\\\/person\\\/bc25ff80b4563f9c7f4bd7855df01685\"},\"headline\":\"El cambio de hora en Chile 2026 para pasar al horario de verano se realizar\u00e1 el s\u00e1bado 5 de septiembre\",\"datePublished\":\"2026-09-03T22:52:20+00:00\",\"dateModified\":\"2026-09-03T22:52:23+00:00\",\"mainEntityOfPage\":{\"@id\":\"https:\\\/\\\/diarioellabrador.cl\\\/index.php\\\/2026\\\/09\\\/03\\\/el-cambio-de-hora-en-chile-2026-para-pasar-al-horario-de-verano-se-realizara-el-sabado-5-de-septiembre\\\/\"},\"wordCount\":570,\"commentCount\":0,\"publisher\":{\"@id\":\"https:\\\/\\\/diarioellabrador.cl\\\/#organization\"},\"image\":{\"@id\":\"https:\\\/\\\/diarioellabrador.cl\\\/index.php\\\/2026\\\/09\\\/03\\\/el-cambio-de-hora-en-chile-2026-para-pasar-al-horario-de-verano-se-realizara-el-sabado-5-de-septiembre\\\/#primaryimage\"},\"thumbnailUrl\":\"https:\\\/\\\/diarioellabrador.cl\\\/wp-content\\\/uploads\\\/2026\\\/09\\\/El-cambio-de-hora-en-Chile-2026-para-pasar-al-horario-de-verano-se-realizara-el-sabado-5-de-septiembre.jpg\",\"articleSection\":[\"Cr\u00f3nica\"],\"inLanguage\":\"es\",\"potentialAction\":[{\"@type\":\"CommentAction\",\"name\":\"Comment\",\"target\":[\"https:\\\/\\\/diarioellabrador.cl\\\/index.php\\\/2026\\\/09\\\/03\\\/el-cambio-de-hora-en-chile-2026-para-pasar-al-horario-de-verano-se-realizara-el-sabado-5-de-septiembre\\\/#respond\"]}]},{\"@type\":\"WebPage\",\"@id\":\"https:\\\/\\\/diarioellabrador.cl\\\/index.php\\\/2026\\\/09\\\/03\\\/el-cambio-de-hora-en-chile-2026-para-pasar-al-horario-de-verano-se-realizara-el-sabado-5-de-septiembre\\\/\",\"url\":\"https:\\\/\\\/diarioellabrador.cl\\\/index.php\\\/2026\\\/09\\\/03\\\/el-cambio-de-hora-en-chile-2026-para-pasar-al-horario-de-verano-se-realizara-el-sabado-5-de-septiembre\\\/\",\"name\":\"El cambio de hora en Chile 2026 para pasar al horario de verano se realizar\u00e1 el s\u00e1bado 5 de septiembre - Diario El Labrador\",\"isPartOf\":{\"@id\":\"https:\\\/\\\/diarioellabrador.cl\\\/#website\"},\"primaryImageOfPage\":{\"@id\":\"https:\\\/\\\/diarioellabrador.cl\\\/index.php\\\/2026\\\/09\\\/03\\\/el-cambio-de-hora-en-chile-2026-para-pasar-al-horario-de-verano-se-realizara-el-sabado-5-de-septiembre\\\/#primaryimage\"},\"image\":{\"@id\":\"https:\\\/\\\/diarioellabrador.cl\\\/index.php\\\/2026\\\/09\\\/03\\\/el-cambio-de-hora-en-chile-2026-para-pasar-al-horario-de-verano-se-realizara-el-sabado-5-de-septiembre\\\/#primaryimage\"},\"thumbnailUrl\":\"https:\\\/\\\/diarioellabrador.cl\\\/wp-content\\\/uploads\\\/2026\\\/09\\\/El-cambio-de-hora-en-Chile-2026-para-pasar-al-horario-de-verano-se-realizara-el-sabado-5-de-septiembre.jpg\",\"datePublished\":\"2026-09-03T22:52:20+00:00\",\"dateModified\":\"2026-09-03T22:52:23+00:00\",\"breadcrumb\":{\"@id\":\"https:\\\/\\\/diarioellabrador.cl\\\/index.php\\\/2026\\\/09\\\/03\\\/el-cambio-de-hora-en-chile-2026-para-pasar-al-horario-de-verano-se-realizara-el-sabado-5-de-septiembre\\\/#breadcrumb\"},\"inLanguage\":\"es\",\"potentialAction\":[{\"@type\":\"ReadAction\",\"target\":[\"https:\\\/\\\/diarioellabrador.cl\\\/index.php\\\/2026\\\/09\\\/03\\\/el-cambio-de-hora-en-chile-2026-para-pasar-al-horario-de-verano-se-realizara-el-sabado-5-de-septiembre\\\/\"]}]},{\"@type\":\"ImageObject\",\"inLanguage\":\"es\",\"@id\":\"https:\\\/\\\/diarioellabrador.cl\\\/index.php\\\/2026\\\/09\\\/03\\\/el-cambio-de-hora-en-chile-2026-para-pasar-al-horario-de-verano-se-realizara-el-sabado-5-de-septiembre\\\/#primaryimage\",\"url\":\"https:\\\/\\\/diarioellabrador.cl\\\/wp-content\\\/uploads\\\/2026\\\/09\\\/El-cambio-de-hora-en-Chile-2026-para-pasar-al-horario-de-verano-se-realizara-el-sabado-5-de-septiembre.jpg\",\"contentUrl\":\"https:\\\/\\\/diarioellabrador.cl\\\/wp-content\\\/uploads\\\/2026\\\/09\\\/El-cambio-de-hora-en-Chile-2026-para-pasar-al-horario-de-verano-se-realizara-el-sabado-5-de-septiembre.jpg\",\"width\":640,\"height\":479},{\"@type\":\"BreadcrumbList\",\"@id\":\"https:\\\/\\\/diarioellabrador.cl\\\/index.php\\\/2026\\\/09\\\/03\\\/el-cambio-de-hora-en-chile-2026-para-pasar-al-horario-de-verano-se-realizara-el-sabado-5-de-septiembre\\\/#breadcrumb\",\"itemListElement\":[{\"@type\":\"ListItem\",\"position\":1,\"name\":\"Portada\",\"item\":\"https:\\\/\\\/diarioellabrador.cl\\\/\"},{\"@type\":\"ListItem\",\"position\":2,\"name\":\"El cambio de hora en Chile 2026 para pasar al horario de verano se realizar\u00e1 el s\u00e1bado 5 de septiembre\"}]},{\"@type\":\"WebSite\",\"@id\":\"https:\\\/\\\/diarioellabrador.cl\\\/#website\",\"url\":\"https:\\\/\\\/diarioellabrador.cl\\\/\",\"name\":\"Diario El Labrador\",\"description\":\"Haciendo noticia desde 1921\",\"publisher\":{\"@id\":\"https:\\\/\\\/diarioellabrador.cl\\\/#organization\"},\"potentialAction\":[{\"@type\":\"SearchAction\",\"target\":{\"@type\":\"EntryPoint\",\"urlTemplate\":\"https:\\\/\\\/diarioellabrador.cl\\\/?s={search_term_string}\"},\"query-input\":{\"@type\":\"PropertyValueSpecification\",\"valueRequired\":true,\"valueName\":\"search_term_string\"}}],\"inLanguage\":\"es\"},{\"@type\":\"Organization\",\"@id\":\"https:\\\/\\\/diarioellabrador.cl\\\/#organization\",\"name\":\"Diario El Labrador\",\"url\":\"https:\\\/\\\/diarioellabrador.cl\\\/\",\"logo\":{\"@type\":\"ImageObject\",\"inLanguage\":\"es\",\"@id\":\"https:\\\/\\\/diarioellabrador.cl\\\/#\\\/schema\\\/logo\\\/image\\\/\",\"url\":\"https:\\\/\\\/diarioellabrador.cl\\\/wp-content\\\/uploads\\\/2025\\\/02\\\/cropped-Logo-Icono.png\",\"contentUrl\":\"https:\\\/\\\/diarioellabrador.cl\\\/wp-content\\\/uploads\\\/2025\\\/02\\\/cropped-Logo-Icono.png\",\"width\":512,\"height\":512,\"caption\":\"Diario El Labrador\"},\"image\":{\"@id\":\"https:\\\/\\\/diarioellabrador.cl\\\/#\\\/schema\\\/logo\\\/image\\\/\"},\"sameAs\":[\"https:\\\/\\\/web.facebook.com\\\/profile.php?id=61576120840621\",\"https:\\\/\\\/x.com\\\/ElLabradorOf\",\"https:\\\/\\\/www.instagram.com\\\/diarioellabradoroficial\\\/\"]},{\"@type\":\"Person\",\"@id\":\"https:\\\/\\\/diarioellabrador.cl\\\/#\\\/schema\\\/person\\\/bc25ff80b4563f9c7f4bd7855df01685\",\"name\":\"Editor\",\"image\":{\"@type\":\"ImageObject\",\"inLanguage\":\"es\",\"@id\":\"https:\\\/\\\/secure.gravatar.com\\\/avatar\\\/109c326cf2be5c04f048c2c2a2b8b6ef44bf3d8d1d3d4c55d0ac40c4bc994684?s=96&d=initials&r=g&initials=ed\",\"url\":\"https:\\\/\\\/secure.gravatar.com\\\/avatar\\\/109c326cf2be5c04f048c2c2a2b8b6ef44bf3d8d1d3d4c55d0ac40c4bc994684?s=96&d=initials&r=g&initials=ed\",\"contentUrl\":\"https:\\\/\\\/secure.gravatar.com\\\/avatar\\\/109c326cf2be5c04f048c2c2a2b8b6ef44bf3d8d1d3d4c55d0ac40c4bc994684?s=96&d=initials&r=g&initials=ed\",\"caption\":\"Editor\"},\"url\":\"https:\\\/\\\/diarioellabrador.cl\\\/index.php\\\/author\\\/editor\\\/\"}]}<\/script>\n<!-- \/ Yoast SEO plugin. -->","yoast_head_json":{"title":"El cambio de hora en Chile 2026 para pasar al horario de verano se realizar\u00e1 el s\u00e1bado 5 de septiembre - Diario El Labrador","robots":{"index":"index","follow":"follow","max-snippet":"max-snippet:-1","max-image-preview":"max-image-preview:large","max-video-preview":"max-video-preview:-1"},"canonical":"https:\/\/diarioellabrador.cl\/index.php\/2026\/09\/03\/el-cambio-de-hora-en-chile-2026-para-pasar-al-horario-de-verano-se-realizara-el-sabado-5-de-septiembre\/","og_locale":"es_ES","og_type":"article","og_title":"El cambio de hora en Chile 2026 para pasar al horario de verano se realizar\u00e1 el s\u00e1bado 5 de septiembre - Diario El Labrador","og_description":"La medianoche del s\u00e1bado 5 de septiembre los relojes se deber\u00e1n adelantar una hora, lo que marcar\u00e1 el inicio del horario de verano en gran parte de Chile, con algunas excepciones. En el caso de Chile Insular, Isla de Pascua e Isla Salas y G\u00f3mez, los relojes se deber\u00e1n modificar a las 22 horas del Leer m\u00e1s","og_url":"https:\/\/diarioellabrador.cl\/index.php\/2026\/09\/03\/el-cambio-de-hora-en-chile-2026-para-pasar-al-horario-de-verano-se-realizara-el-sabado-5-de-septiembre\/","og_site_name":"Diario El Labrador","article_publisher":"https:\/\/web.facebook.com\/profile.php?id=61576120840621","article_published_time":"2026-09-03T22:52:20+00:00","article_modified_time":"2026-09-03T22:52:23+00:00","og_image":[{"width":640,"height":479,"url":"https:\/\/diarioellabrador.cl\/wp-content\/uploads\/2026\/09\/El-cambio-de-hora-en-Chile-2026-para-pasar-al-horario-de-verano-se-realizara-el-sabado-5-de-septiembre.jpg","type":"image\/jpeg"}],"author":"Editor","twitter_card":"summary_large_image","twitter_creator":"@ElLabradorOf","twitter_site":"@ElLabradorOf","twitter_misc":{"Escrito por":"Editor","Tiempo de lectura":"3 minutos"},"schema":{"@context":"https:\/\/schema.org","@graph":[{"@type":"Article","@id":"https:\/\/diarioellabrador.cl\/index.php\/2026\/09\/03\/el-cambio-de-hora-en-chile-2026-para-pasar-al-horario-de-verano-se-realizara-el-sabado-5-de-septiembre\/#article","isPartOf":{"@id":"https:\/\/diarioellabrador.cl\/index.php\/2026\/09\/03\/el-cambio-de-hora-en-chile-2026-para-pasar-al-horario-de-verano-se-realizara-el-sabado-5-de-septiembre\/"},"author":{"name":"Editor","@id":"https:\/\/diarioellabrador.cl\/#\/schema\/person\/bc25ff80b4563f9c7f4bd7855df01685"},"headline":"El cambio de hora en Chile 2026 para pasar al horario de verano se realizar\u00e1 el s\u00e1bado 5 de septiembre","datePublished":"2026-09-03T22:52:20+00:00","dateModified":"2026-09-03T22:52:23+00:00","mainEntityOfPage":{"@id":"https:\/\/diarioellabrador.cl\/index.php\/2026\/09\/03\/el-cambio-de-hora-en-chile-2026-para-pasar-al-horario-de-verano-se-realizara-el-sabado-5-de-septiembre\/"},"wordCount":570,"commentCount":0,"publisher":{"@id":"https:\/\/diarioellabrador.cl\/#organization"},"image":{"@id":"https:\/\/diarioellabrador.cl\/index.php\/2026\/09\/03\/el-cambio-de-hora-en-chile-2026-para-pasar-al-horario-de-verano-se-realizara-el-sabado-5-de-septiembre\/#primaryimage"},"thumbnailUrl":"https:\/\/diarioellabrador.cl\/wp-content\/uploads\/2026\/09\/El-cambio-de-hora-en-Chile-2026-para-pasar-al-horario-de-verano-se-realizara-el-sabado-5-de-septiembre.jpg","articleSection":["Cr\u00f3nica"],"inLanguage":"es","potentialAction":[{"@type":"CommentAction","name":"Comment","target":["https:\/\/diarioellabrador.cl\/index.php\/2026\/09\/03\/el-cambio-de-hora-en-chile-2026-para-pasar-al-horario-de-verano-se-realizara-el-sabado-5-de-septiembre\/#respond"]}]},{"@type":"WebPage","@id":"https:\/\/diarioellabrador.cl\/index.php\/2026\/09\/03\/el-cambio-de-hora-en-chile-2026-para-pasar-al-horario-de-verano-se-realizara-el-sabado-5-de-septiembre\/","url":"https:\/\/diarioellabrador.cl\/index.php\/2026\/09\/03\/el-cambio-de-hora-en-chile-2026-para-pasar-al-horario-de-verano-se-realizara-el-sabado-5-de-septiembre\/","name":"El cambio de hora en Chile 2026 para pasar al horario de verano se realizar\u00e1 el s\u00e1bado 5 de septiembre - Diario El Labrador","isPartOf":{"@id":"https:\/\/diarioellabrador.cl\/#website"},"primaryImageOfPage":{"@id":"https:\/\/diarioellabrador.cl\/index.php\/2026\/09\/03\/el-cambio-de-hora-en-chile-2026-para-pasar-al-horario-de-verano-se-realizara-el-sabado-5-de-septiembre\/#primaryimage"},"image":{"@id":"https:\/\/diarioellabrador.cl\/index.php\/2026\/09\/03\/el-cambio-de-hora-en-chile-2026-para-pasar-al-horario-de-verano-se-realizara-el-sabado-5-de-septiembre\/#primaryimage"},"thumbnailUrl":"https:\/\/diarioellabrador.cl\/wp-content\/uploads\/2026\/09\/El-cambio-de-hora-en-Chile-2026-para-pasar-al-horario-de-verano-se-realizara-el-sabado-5-de-septiembre.jpg","datePublished":"2026-09-03T22:52:20+00:00","dateModified":"2026-09-03T22:52:23+00:00","breadcrumb":{"@id":"https:\/\/diarioellabrador.cl\/index.php\/2026\/09\/03\/el-cambio-de-hora-en-chile-2026-para-pasar-al-horario-de-verano-se-realizara-el-sabado-5-de-septiembre\/#breadcrumb"},"inLanguage":"es","potentialAction":[{"@type":"ReadAction","target":["https:\/\/diarioellabrador.cl\/index.php\/2026\/09\/03\/el-cambio-de-hora-en-chile-2026-para-pasar-al-horario-de-verano-se-realizara-el-sabado-5-de-septiembre\/"]}]},{"@type":"ImageObject","inLanguage":"es","@id":"https:\/\/diarioellabrador.cl\/index.php\/2026\/09\/03\/el-cambio-de-hora-en-chile-2026-para-pasar-al-horario-de-verano-se-realizara-el-sabado-5-de-septiembre\/#primaryimage","url":"https:\/\/diarioellabrador.cl\/wp-content\/uploads\/2026\/09\/El-cambio-de-hora-en-Chile-2026-para-pasar-al-horario-de-verano-se-realizara-el-sabado-5-de-septiembre.jpg","contentUrl":"https:\/\/diarioellabrador.cl\/wp-content\/uploads\/2026\/09\/El-cambio-de-hora-en-Chile-2026-para-pasar-al-horario-de-verano-se-realizara-el-sabado-5-de-septiembre.jpg","width":640,"height":479},{"@type":"BreadcrumbList","@id":"https:\/\/diarioellabrador.cl\/index.php\/2026\/09\/03\/el-cambio-de-hora-en-chile-2026-para-pasar-al-horario-de-verano-se-realizara-el-sabado-5-de-septiembre\/#breadcrumb","itemListElement":[{"@type":"ListItem","position":1,"name":"Portada","item":"https:\/\/diarioellabrador.cl\/"},{"@type":"ListItem","position":2,"name":"El cambio de hora en Chile 2026 para pasar al horario de verano se realizar\u00e1 el s\u00e1bado 5 de septiembre"}]},{"@type":"WebSite","@id":"https:\/\/diarioellabrador.cl\/#website","url":"https:\/\/diarioellabrador.cl\/","name":"Diario El Labrador","description":"Haciendo noticia desde 1921","publisher":{"@id":"https:\/\/diarioellabrador.cl\/#organization"},"potentialAction":[{"@type":"SearchAction","target":{"@type":"EntryPoint","urlTemplate":"https:\/\/diarioellabrador.cl\/?s={search_term_string}"},"query-input":{"@type":"PropertyValueSpecification","valueRequired":true,"valueName":"search_term_string"}}],"inLanguage":"es"},{"@type":"Organization","@id":"https:\/\/diarioellabrador.cl\/#organization","name":"Diario El Labrador","url":"https:\/\/diarioellabrador.cl\/","logo":{"@type":"ImageObject","inLanguage":"es","@id":"https:\/\/diarioellabrador.cl\/#\/schema\/logo\/image\/","url":"https:\/\/diarioellabrador.cl\/wp-content\/uploads\/2025\/02\/cropped-Logo-Icono.png","contentUrl":"https:\/\/diarioellabrador.cl\/wp-content\/uploads\/2025\/02\/cropped-Logo-Icono.png","width":512,"height":512,"caption":"Diario El Labrador"},"image":{"@id":"https:\/\/diarioellabrador.cl\/#\/schema\/logo\/image\/"},"sameAs":["https:\/\/web.facebook.com\/profile.php?id=61576120840621","https:\/\/x.com\/ElLabradorOf","https:\/\/www.instagram.com\/diarioellabradoroficial\/"]},{"@type":"Person","@id":"https:\/\/diarioellabrador.cl\/#\/schema\/person\/bc25ff80b4563f9c7f4bd7855df01685","name":"Editor","image":{"@type":"ImageObject","inLanguage":"es","@id":"https:\/\/secure.gravatar.com\/avatar\/109c326cf2be5c04f048c2c2a2b8b6ef44bf3d8d1d3d4c55d0ac40c4bc994684?s=96&d=initials&r=g&initials=ed","url":"https:\/\/secure.gravatar.com\/avatar\/109c326cf2be5c04f048c2c2a2b8b6ef44bf3d8d1d3d4c55d0ac40c4bc994684?s=96&d=initials&r=g&initials=ed","contentUrl":"https:\/\/secure.gravatar.com\/avatar\/109c326cf2be5c04f048c2c2a2b8b6ef44bf3d8d1d3d4c55d0ac40c4bc994684?s=96&d=initials&r=g&initials=ed","caption":"Editor"},"url":"https:\/\/diarioellabrador.cl\/index.php\/author\/editor\/"}]}},"_links":{"self":[{"href":"https:\/\/diarioellabrador.cl\/index.php\/wp-json\/wp\/v2\/posts\/24485","targetHints":{"allow":["GET"]}}],"collection":[{"href":"https:\/\/diarioellabrador.cl\/index.php\/wp-json\/wp\/v2\/posts"}],"about":[{"href":"https:\/\/diarioellabrador.cl\/index.php\/wp-json\/wp\/v2\/types\/post"}],"author":[{"embeddable":true,"href":"https:\/\/diarioellabrador.cl\/index.php\/wp-json\/wp\/v2\/users\/2"}],"replies":[{"embeddable":true,"href":"https:\/\/diarioellabrador.cl\/index.php\/wp-json\/wp\/v2\/comments?post=24485"}],"version-history":[{"count":1,"href":"https:\/\/diarioellabrador.cl\/index.php\/wp-json\/wp\/v2\/posts\/24485\/revisions"}],"predecessor-version":[{"id":24486,"href":"https:\/\/diarioellabrador.cl\/index.php\/wp-json\/wp\/v2\/posts\/24485\/revisions\/24486"}],"wp:featuredmedia":[{"embeddable":true,"href":"https:\/\/diarioellabrador.cl\/index.php\/wp-json\/wp\/v2\/media\/24440"}],"wp:attachment":[{"href":"https:\/\/diarioellabrador.cl\/index.php\/wp-json\/wp\/v2\/media?parent=24485"}],"wp:term":[{"taxonomy":"category","embeddable":true,"href":"https:\/\/diarioellabrador.cl\/index.php\/wp-json\/wp\/v2\/categories?post=24485"},{"taxonomy":"post_tag","embeddable":true,"href":"https:\/\/diarioellabrador.cl\/index.php\/wp-json\/wp\/v2\/tags?post=24485"}],"curies":[{"name":"wp","href":"https:\/\/api.w.org\/{rel}","templated":true}]}}