{"id":24479,"date":"2026-09-03T18:48:52","date_gmt":"2026-09-03T22:48:52","guid":{"rendered":"https:\/\/diarioellabrador.cl\/?p=24479"},"modified":"2026-09-03T18:48:57","modified_gmt":"2026-09-03T22:48:57","slug":"detienen-a-joven-acusado-de-asaltar-a-trabajador-agricola-en-calle-benitez","status":"publish","type":"post","link":"https:\/\/diarioellabrador.cl\/index.php\/2026\/09\/03\/detienen-a-joven-acusado-de-asaltar-a-trabajador-agricola-en-calle-benitez\/","title":{"rendered":"Detienen a joven acusado de asaltar a trabajador agr\u00edcola en calle Ben\u00edtez"},"content":{"rendered":"\n<p class=\"wp-block-paragraph\">Un joven de 24 a\u00f1os fue detenido por Carabineros tras ser sindicado como uno de los participantes en un asalto que afect\u00f3 a un trabajador agr\u00edcola en Melipilla.<\/p>\n\n\n\n<p class=\"wp-block-paragraph\">El hecho ocurri\u00f3 alrededor de las 06:30 horas, cuando la v\u00edctima, un joven de 21 a\u00f1os y nacionalidad boliviana, se encontraba en la intersecci\u00f3n de Pardo con Ben\u00edtez esperando el bus que lo trasladar\u00eda hasta su lugar de trabajo. En esos momentos aparecieron tres sujetos que lo abordaron y le sustrajeron su tel\u00e9fono celular.<\/p>\n\n\n\n<p class=\"wp-block-paragraph\">Tras el asalto, lleg\u00f3 al lugar un veh\u00edculo de Seguridad P\u00fablica, instancia en que la v\u00edctima denunci\u00f3 lo ocurrido y se inici\u00f3 un patrullaje para ubicar a los responsables. Al advertir que eran seguidos, los individuos huyeron en distintas direcciones. Uno de ellos fue alcanzado y retenido por un inspector municipal en calle Hurtado, al llegar a Ben\u00edtez.<\/p>\n\n\n\n<p class=\"wp-block-paragraph\">Posteriormente, personal de Carabineros concurri\u00f3 al lugar y detuvo al sujeto, quien fue identificado con las iniciales F.F.C., de 24 a\u00f1os, de nacionalidad chilena, quedando a disposici\u00f3n de la justicia.<\/p>\n\n\n\n<p class=\"wp-block-paragraph\"><\/p>\n","protected":false},"excerpt":{"rendered":"<p>Un joven de 24 a\u00f1os fue detenido por Carabineros tras ser sindicado como uno de los participantes en un asalto que afect\u00f3 a un trabajador agr\u00edcola en Melipilla. El hecho ocurri\u00f3 alrededor de las 06:30 horas, cuando la v\u00edctima, un joven de 21 a\u00f1os y nacionalidad boliviana, se encontraba en la intersecci\u00f3n de Pardo con<\/p>\n<div class=\"read-more-wrapper\"><a class=\"read-more\" href=\"https:\/\/diarioellabrador.cl\/index.php\/2026\/09\/03\/detienen-a-joven-acusado-de-asaltar-a-trabajador-agricola-en-calle-benitez\/\" title=\"Leer m\u00e1s\"> <span class=\"button \">Leer m\u00e1s<\/span><\/a><\/div>\n","protected":false},"author":2,"featured_media":24459,"comment_status":"open","ping_status":"open","sticky":false,"template":"","format":"standard","meta":{"footnotes":"","_members_access_role":[],"_members_access_error":""},"categories":[3],"tags":[],"class_list":["post-24479","post","type-post","status-publish","format-standard","has-post-thumbnail","hentry","category-policial"],"yoast_head":"<!-- This site is optimized with the Yoast SEO plugin v28.4 - https:\/\/yoast.com\/product\/yoast-seo-wordpress\/ -->\n<title>Detienen a joven acusado de asaltar a trabajador agr\u00edcola en calle Ben\u00edtez - Diario El Labrador<\/title>\n<meta name=\"robots\" content=\"index, follow, max-snippet:-1, max-image-preview:large, max-video-preview:-1\" \/>\n<link rel=\"canonical\" href=\"https:\/\/diarioellabrador.cl\/index.php\/2026\/09\/03\/detienen-a-joven-acusado-de-asaltar-a-trabajador-agricola-en-calle-benitez\/\" \/>\n<meta property=\"og:locale\" content=\"es_ES\" \/>\n<meta property=\"og:type\" content=\"article\" \/>\n<meta property=\"og:title\" content=\"Detienen a joven acusado de asaltar a trabajador agr\u00edcola en calle Ben\u00edtez - Diario El Labrador\" \/>\n<meta property=\"og:description\" content=\"Un joven de 24 a\u00f1os fue detenido por Carabineros tras ser sindicado como uno de los participantes en un asalto que afect\u00f3 a un trabajador agr\u00edcola en Melipilla. El hecho ocurri\u00f3 alrededor de las 06:30 horas, cuando la v\u00edctima, un joven de 21 a\u00f1os y nacionalidad boliviana, se encontraba en la intersecci\u00f3n de Pardo con Leer m\u00e1s\" \/>\n<meta property=\"og:url\" content=\"https:\/\/diarioellabrador.cl\/index.php\/2026\/09\/03\/detienen-a-joven-acusado-de-asaltar-a-trabajador-agricola-en-calle-benitez\/\" \/>\n<meta property=\"og:site_name\" content=\"Diario El Labrador\" \/>\n<meta property=\"article:publisher\" content=\"https:\/\/web.facebook.com\/profile.php?id=61576120840621\" \/>\n<meta property=\"article:published_time\" content=\"2026-09-03T22:48:52+00:00\" \/>\n<meta property=\"article:modified_time\" content=\"2026-09-03T22:48:57+00:00\" \/>\n<meta property=\"og:image\" content=\"https:\/\/diarioellabrador.cl\/wp-content\/uploads\/2026\/09\/Detienen-a-joven-acusado-de-asaltar-a-trabajador-agricola-en-calle-Benitez.jpg\" \/>\n\t<meta property=\"og:image:width\" content=\"690\" \/>\n\t<meta property=\"og:image:height\" content=\"426\" \/>\n\t<meta property=\"og:image:type\" content=\"image\/jpeg\" \/>\n<meta name=\"author\" content=\"Editor\" \/>\n<meta name=\"twitter:card\" content=\"summary_large_image\" \/>\n<meta name=\"twitter:creator\" content=\"@ElLabradorOf\" \/>\n<meta name=\"twitter:site\" content=\"@ElLabradorOf\" \/>\n<meta name=\"twitter:label1\" content=\"Escrito por\" \/>\n\t<meta name=\"twitter:data1\" content=\"Editor\" \/>\n\t<meta name=\"twitter:label2\" content=\"Tiempo de lectura\" \/>\n\t<meta name=\"twitter:data2\" content=\"1 minuto\" \/>\n<script type=\"application\/ld+json\" class=\"yoast-schema-graph\">{\"@context\":\"https:\\\/\\\/schema.org\",\"@graph\":[{\"@type\":\"Article\",\"@id\":\"https:\\\/\\\/diarioellabrador.cl\\\/index.php\\\/2026\\\/09\\\/03\\\/detienen-a-joven-acusado-de-asaltar-a-trabajador-agricola-en-calle-benitez\\\/#article\",\"isPartOf\":{\"@id\":\"https:\\\/\\\/diarioellabrador.cl\\\/index.php\\\/2026\\\/09\\\/03\\\/detienen-a-joven-acusado-de-asaltar-a-trabajador-agricola-en-calle-benitez\\\/\"},\"author\":{\"name\":\"Editor\",\"@id\":\"https:\\\/\\\/diarioellabrador.cl\\\/#\\\/schema\\\/person\\\/bc25ff80b4563f9c7f4bd7855df01685\"},\"headline\":\"Detienen a joven acusado de asaltar a trabajador agr\u00edcola en calle Ben\u00edtez\",\"datePublished\":\"2026-09-03T22:48:52+00:00\",\"dateModified\":\"2026-09-03T22:48:57+00:00\",\"mainEntityOfPage\":{\"@id\":\"https:\\\/\\\/diarioellabrador.cl\\\/index.php\\\/2026\\\/09\\\/03\\\/detienen-a-joven-acusado-de-asaltar-a-trabajador-agricola-en-calle-benitez\\\/\"},\"wordCount\":196,\"commentCount\":0,\"publisher\":{\"@id\":\"https:\\\/\\\/diarioellabrador.cl\\\/#organization\"},\"image\":{\"@id\":\"https:\\\/\\\/diarioellabrador.cl\\\/index.php\\\/2026\\\/09\\\/03\\\/detienen-a-joven-acusado-de-asaltar-a-trabajador-agricola-en-calle-benitez\\\/#primaryimage\"},\"thumbnailUrl\":\"https:\\\/\\\/diarioellabrador.cl\\\/wp-content\\\/uploads\\\/2026\\\/09\\\/Detienen-a-joven-acusado-de-asaltar-a-trabajador-agricola-en-calle-Benitez.jpg\",\"articleSection\":[\"Policial\"],\"inLanguage\":\"es\",\"potentialAction\":[{\"@type\":\"CommentAction\",\"name\":\"Comment\",\"target\":[\"https:\\\/\\\/diarioellabrador.cl\\\/index.php\\\/2026\\\/09\\\/03\\\/detienen-a-joven-acusado-de-asaltar-a-trabajador-agricola-en-calle-benitez\\\/#respond\"]}]},{\"@type\":\"WebPage\",\"@id\":\"https:\\\/\\\/diarioellabrador.cl\\\/index.php\\\/2026\\\/09\\\/03\\\/detienen-a-joven-acusado-de-asaltar-a-trabajador-agricola-en-calle-benitez\\\/\",\"url\":\"https:\\\/\\\/diarioellabrador.cl\\\/index.php\\\/2026\\\/09\\\/03\\\/detienen-a-joven-acusado-de-asaltar-a-trabajador-agricola-en-calle-benitez\\\/\",\"name\":\"Detienen a joven acusado de asaltar a trabajador agr\u00edcola en calle Ben\u00edtez - Diario El Labrador\",\"isPartOf\":{\"@id\":\"https:\\\/\\\/diarioellabrador.cl\\\/#website\"},\"primaryImageOfPage\":{\"@id\":\"https:\\\/\\\/diarioellabrador.cl\\\/index.php\\\/2026\\\/09\\\/03\\\/detienen-a-joven-acusado-de-asaltar-a-trabajador-agricola-en-calle-benitez\\\/#primaryimage\"},\"image\":{\"@id\":\"https:\\\/\\\/diarioellabrador.cl\\\/index.php\\\/2026\\\/09\\\/03\\\/detienen-a-joven-acusado-de-asaltar-a-trabajador-agricola-en-calle-benitez\\\/#primaryimage\"},\"thumbnailUrl\":\"https:\\\/\\\/diarioellabrador.cl\\\/wp-content\\\/uploads\\\/2026\\\/09\\\/Detienen-a-joven-acusado-de-asaltar-a-trabajador-agricola-en-calle-Benitez.jpg\",\"datePublished\":\"2026-09-03T22:48:52+00:00\",\"dateModified\":\"2026-09-03T22:48:57+00:00\",\"breadcrumb\":{\"@id\":\"https:\\\/\\\/diarioellabrador.cl\\\/index.php\\\/2026\\\/09\\\/03\\\/detienen-a-joven-acusado-de-asaltar-a-trabajador-agricola-en-calle-benitez\\\/#breadcrumb\"},\"inLanguage\":\"es\",\"potentialAction\":[{\"@type\":\"ReadAction\",\"target\":[\"https:\\\/\\\/diarioellabrador.cl\\\/index.php\\\/2026\\\/09\\\/03\\\/detienen-a-joven-acusado-de-asaltar-a-trabajador-agricola-en-calle-benitez\\\/\"]}]},{\"@type\":\"ImageObject\",\"inLanguage\":\"es\",\"@id\":\"https:\\\/\\\/diarioellabrador.cl\\\/index.php\\\/2026\\\/09\\\/03\\\/detienen-a-joven-acusado-de-asaltar-a-trabajador-agricola-en-calle-benitez\\\/#primaryimage\",\"url\":\"https:\\\/\\\/diarioellabrador.cl\\\/wp-content\\\/uploads\\\/2026\\\/09\\\/Detienen-a-joven-acusado-de-asaltar-a-trabajador-agricola-en-calle-Benitez.jpg\",\"contentUrl\":\"https:\\\/\\\/diarioellabrador.cl\\\/wp-content\\\/uploads\\\/2026\\\/09\\\/Detienen-a-joven-acusado-de-asaltar-a-trabajador-agricola-en-calle-Benitez.jpg\",\"width\":690,\"height\":426},{\"@type\":\"BreadcrumbList\",\"@id\":\"https:\\\/\\\/diarioellabrador.cl\\\/index.php\\\/2026\\\/09\\\/03\\\/detienen-a-joven-acusado-de-asaltar-a-trabajador-agricola-en-calle-benitez\\\/#breadcrumb\",\"itemListElement\":[{\"@type\":\"ListItem\",\"position\":1,\"name\":\"Portada\",\"item\":\"https:\\\/\\\/diarioellabrador.cl\\\/\"},{\"@type\":\"ListItem\",\"position\":2,\"name\":\"Detienen a joven acusado de asaltar a trabajador agr\u00edcola en calle Ben\u00edtez\"}]},{\"@type\":\"WebSite\",\"@id\":\"https:\\\/\\\/diarioellabrador.cl\\\/#website\",\"url\":\"https:\\\/\\\/diarioellabrador.cl\\\/\",\"name\":\"Diario El Labrador\",\"description\":\"Haciendo noticia desde 1921\",\"publisher\":{\"@id\":\"https:\\\/\\\/diarioellabrador.cl\\\/#organization\"},\"potentialAction\":[{\"@type\":\"SearchAction\",\"target\":{\"@type\":\"EntryPoint\",\"urlTemplate\":\"https:\\\/\\\/diarioellabrador.cl\\\/?s={search_term_string}\"},\"query-input\":{\"@type\":\"PropertyValueSpecification\",\"valueRequired\":true,\"valueName\":\"search_term_string\"}}],\"inLanguage\":\"es\"},{\"@type\":\"Organization\",\"@id\":\"https:\\\/\\\/diarioellabrador.cl\\\/#organization\",\"name\":\"Diario El Labrador\",\"url\":\"https:\\\/\\\/diarioellabrador.cl\\\/\",\"logo\":{\"@type\":\"ImageObject\",\"inLanguage\":\"es\",\"@id\":\"https:\\\/\\\/diarioellabrador.cl\\\/#\\\/schema\\\/logo\\\/image\\\/\",\"url\":\"https:\\\/\\\/diarioellabrador.cl\\\/wp-content\\\/uploads\\\/2025\\\/02\\\/cropped-Logo-Icono.png\",\"contentUrl\":\"https:\\\/\\\/diarioellabrador.cl\\\/wp-content\\\/uploads\\\/2025\\\/02\\\/cropped-Logo-Icono.png\",\"width\":512,\"height\":512,\"caption\":\"Diario El Labrador\"},\"image\":{\"@id\":\"https:\\\/\\\/diarioellabrador.cl\\\/#\\\/schema\\\/logo\\\/image\\\/\"},\"sameAs\":[\"https:\\\/\\\/web.facebook.com\\\/profile.php?id=61576120840621\",\"https:\\\/\\\/x.com\\\/ElLabradorOf\",\"https:\\\/\\\/www.instagram.com\\\/diarioellabradoroficial\\\/\"]},{\"@type\":\"Person\",\"@id\":\"https:\\\/\\\/diarioellabrador.cl\\\/#\\\/schema\\\/person\\\/bc25ff80b4563f9c7f4bd7855df01685\",\"name\":\"Editor\",\"image\":{\"@type\":\"ImageObject\",\"inLanguage\":\"es\",\"@id\":\"https:\\\/\\\/secure.gravatar.com\\\/avatar\\\/109c326cf2be5c04f048c2c2a2b8b6ef44bf3d8d1d3d4c55d0ac40c4bc994684?s=96&d=initials&r=g&initials=ed\",\"url\":\"https:\\\/\\\/secure.gravatar.com\\\/avatar\\\/109c326cf2be5c04f048c2c2a2b8b6ef44bf3d8d1d3d4c55d0ac40c4bc994684?s=96&d=initials&r=g&initials=ed\",\"contentUrl\":\"https:\\\/\\\/secure.gravatar.com\\\/avatar\\\/109c326cf2be5c04f048c2c2a2b8b6ef44bf3d8d1d3d4c55d0ac40c4bc994684?s=96&d=initials&r=g&initials=ed\",\"caption\":\"Editor\"},\"url\":\"https:\\\/\\\/diarioellabrador.cl\\\/index.php\\\/author\\\/editor\\\/\"}]}<\/script>\n<!-- \/ Yoast SEO plugin. -->","yoast_head_json":{"title":"Detienen a joven acusado de asaltar a trabajador agr\u00edcola en calle Ben\u00edtez - Diario El Labrador","robots":{"index":"index","follow":"follow","max-snippet":"max-snippet:-1","max-image-preview":"max-image-preview:large","max-video-preview":"max-video-preview:-1"},"canonical":"https:\/\/diarioellabrador.cl\/index.php\/2026\/09\/03\/detienen-a-joven-acusado-de-asaltar-a-trabajador-agricola-en-calle-benitez\/","og_locale":"es_ES","og_type":"article","og_title":"Detienen a joven acusado de asaltar a trabajador agr\u00edcola en calle Ben\u00edtez - Diario El Labrador","og_description":"Un joven de 24 a\u00f1os fue detenido por Carabineros tras ser sindicado como uno de los participantes en un asalto que afect\u00f3 a un trabajador agr\u00edcola en Melipilla. El hecho ocurri\u00f3 alrededor de las 06:30 horas, cuando la v\u00edctima, un joven de 21 a\u00f1os y nacionalidad boliviana, se encontraba en la intersecci\u00f3n de Pardo con Leer m\u00e1s","og_url":"https:\/\/diarioellabrador.cl\/index.php\/2026\/09\/03\/detienen-a-joven-acusado-de-asaltar-a-trabajador-agricola-en-calle-benitez\/","og_site_name":"Diario El Labrador","article_publisher":"https:\/\/web.facebook.com\/profile.php?id=61576120840621","article_published_time":"2026-09-03T22:48:52+00:00","article_modified_time":"2026-09-03T22:48:57+00:00","og_image":[{"width":690,"height":426,"url":"https:\/\/diarioellabrador.cl\/wp-content\/uploads\/2026\/09\/Detienen-a-joven-acusado-de-asaltar-a-trabajador-agricola-en-calle-Benitez.jpg","type":"image\/jpeg"}],"author":"Editor","twitter_card":"summary_large_image","twitter_creator":"@ElLabradorOf","twitter_site":"@ElLabradorOf","twitter_misc":{"Escrito por":"Editor","Tiempo de lectura":"1 minuto"},"schema":{"@context":"https:\/\/schema.org","@graph":[{"@type":"Article","@id":"https:\/\/diarioellabrador.cl\/index.php\/2026\/09\/03\/detienen-a-joven-acusado-de-asaltar-a-trabajador-agricola-en-calle-benitez\/#article","isPartOf":{"@id":"https:\/\/diarioellabrador.cl\/index.php\/2026\/09\/03\/detienen-a-joven-acusado-de-asaltar-a-trabajador-agricola-en-calle-benitez\/"},"author":{"name":"Editor","@id":"https:\/\/diarioellabrador.cl\/#\/schema\/person\/bc25ff80b4563f9c7f4bd7855df01685"},"headline":"Detienen a joven acusado de asaltar a trabajador agr\u00edcola en calle Ben\u00edtez","datePublished":"2026-09-03T22:48:52+00:00","dateModified":"2026-09-03T22:48:57+00:00","mainEntityOfPage":{"@id":"https:\/\/diarioellabrador.cl\/index.php\/2026\/09\/03\/detienen-a-joven-acusado-de-asaltar-a-trabajador-agricola-en-calle-benitez\/"},"wordCount":196,"commentCount":0,"publisher":{"@id":"https:\/\/diarioellabrador.cl\/#organization"},"image":{"@id":"https:\/\/diarioellabrador.cl\/index.php\/2026\/09\/03\/detienen-a-joven-acusado-de-asaltar-a-trabajador-agricola-en-calle-benitez\/#primaryimage"},"thumbnailUrl":"https:\/\/diarioellabrador.cl\/wp-content\/uploads\/2026\/09\/Detienen-a-joven-acusado-de-asaltar-a-trabajador-agricola-en-calle-Benitez.jpg","articleSection":["Policial"],"inLanguage":"es","potentialAction":[{"@type":"CommentAction","name":"Comment","target":["https:\/\/diarioellabrador.cl\/index.php\/2026\/09\/03\/detienen-a-joven-acusado-de-asaltar-a-trabajador-agricola-en-calle-benitez\/#respond"]}]},{"@type":"WebPage","@id":"https:\/\/diarioellabrador.cl\/index.php\/2026\/09\/03\/detienen-a-joven-acusado-de-asaltar-a-trabajador-agricola-en-calle-benitez\/","url":"https:\/\/diarioellabrador.cl\/index.php\/2026\/09\/03\/detienen-a-joven-acusado-de-asaltar-a-trabajador-agricola-en-calle-benitez\/","name":"Detienen a joven acusado de asaltar a trabajador agr\u00edcola en calle Ben\u00edtez - Diario El Labrador","isPartOf":{"@id":"https:\/\/diarioellabrador.cl\/#website"},"primaryImageOfPage":{"@id":"https:\/\/diarioellabrador.cl\/index.php\/2026\/09\/03\/detienen-a-joven-acusado-de-asaltar-a-trabajador-agricola-en-calle-benitez\/#primaryimage"},"image":{"@id":"https:\/\/diarioellabrador.cl\/index.php\/2026\/09\/03\/detienen-a-joven-acusado-de-asaltar-a-trabajador-agricola-en-calle-benitez\/#primaryimage"},"thumbnailUrl":"https:\/\/diarioellabrador.cl\/wp-content\/uploads\/2026\/09\/Detienen-a-joven-acusado-de-asaltar-a-trabajador-agricola-en-calle-Benitez.jpg","datePublished":"2026-09-03T22:48:52+00:00","dateModified":"2026-09-03T22:48:57+00:00","breadcrumb":{"@id":"https:\/\/diarioellabrador.cl\/index.php\/2026\/09\/03\/detienen-a-joven-acusado-de-asaltar-a-trabajador-agricola-en-calle-benitez\/#breadcrumb"},"inLanguage":"es","potentialAction":[{"@type":"ReadAction","target":["https:\/\/diarioellabrador.cl\/index.php\/2026\/09\/03\/detienen-a-joven-acusado-de-asaltar-a-trabajador-agricola-en-calle-benitez\/"]}]},{"@type":"ImageObject","inLanguage":"es","@id":"https:\/\/diarioellabrador.cl\/index.php\/2026\/09\/03\/detienen-a-joven-acusado-de-asaltar-a-trabajador-agricola-en-calle-benitez\/#primaryimage","url":"https:\/\/diarioellabrador.cl\/wp-content\/uploads\/2026\/09\/Detienen-a-joven-acusado-de-asaltar-a-trabajador-agricola-en-calle-Benitez.jpg","contentUrl":"https:\/\/diarioellabrador.cl\/wp-content\/uploads\/2026\/09\/Detienen-a-joven-acusado-de-asaltar-a-trabajador-agricola-en-calle-Benitez.jpg","width":690,"height":426},{"@type":"BreadcrumbList","@id":"https:\/\/diarioellabrador.cl\/index.php\/2026\/09\/03\/detienen-a-joven-acusado-de-asaltar-a-trabajador-agricola-en-calle-benitez\/#breadcrumb","itemListElement":[{"@type":"ListItem","position":1,"name":"Portada","item":"https:\/\/diarioellabrador.cl\/"},{"@type":"ListItem","position":2,"name":"Detienen a joven acusado de asaltar a trabajador agr\u00edcola en calle Ben\u00edtez"}]},{"@type":"WebSite","@id":"https:\/\/diarioellabrador.cl\/#website","url":"https:\/\/diarioellabrador.cl\/","name":"Diario El Labrador","description":"Haciendo noticia desde 1921","publisher":{"@id":"https:\/\/diarioellabrador.cl\/#organization"},"potentialAction":[{"@type":"SearchAction","target":{"@type":"EntryPoint","urlTemplate":"https:\/\/diarioellabrador.cl\/?s={search_term_string}"},"query-input":{"@type":"PropertyValueSpecification","valueRequired":true,"valueName":"search_term_string"}}],"inLanguage":"es"},{"@type":"Organization","@id":"https:\/\/diarioellabrador.cl\/#organization","name":"Diario El Labrador","url":"https:\/\/diarioellabrador.cl\/","logo":{"@type":"ImageObject","inLanguage":"es","@id":"https:\/\/diarioellabrador.cl\/#\/schema\/logo\/image\/","url":"https:\/\/diarioellabrador.cl\/wp-content\/uploads\/2025\/02\/cropped-Logo-Icono.png","contentUrl":"https:\/\/diarioellabrador.cl\/wp-content\/uploads\/2025\/02\/cropped-Logo-Icono.png","width":512,"height":512,"caption":"Diario El Labrador"},"image":{"@id":"https:\/\/diarioellabrador.cl\/#\/schema\/logo\/image\/"},"sameAs":["https:\/\/web.facebook.com\/profile.php?id=61576120840621","https:\/\/x.com\/ElLabradorOf","https:\/\/www.instagram.com\/diarioellabradoroficial\/"]},{"@type":"Person","@id":"https:\/\/diarioellabrador.cl\/#\/schema\/person\/bc25ff80b4563f9c7f4bd7855df01685","name":"Editor","image":{"@type":"ImageObject","inLanguage":"es","@id":"https:\/\/secure.gravatar.com\/avatar\/109c326cf2be5c04f048c2c2a2b8b6ef44bf3d8d1d3d4c55d0ac40c4bc994684?s=96&d=initials&r=g&initials=ed","url":"https:\/\/secure.gravatar.com\/avatar\/109c326cf2be5c04f048c2c2a2b8b6ef44bf3d8d1d3d4c55d0ac40c4bc994684?s=96&d=initials&r=g&initials=ed","contentUrl":"https:\/\/secure.gravatar.com\/avatar\/109c326cf2be5c04f048c2c2a2b8b6ef44bf3d8d1d3d4c55d0ac40c4bc994684?s=96&d=initials&r=g&initials=ed","caption":"Editor"},"url":"https:\/\/diarioellabrador.cl\/index.php\/author\/editor\/"}]}},"_links":{"self":[{"href":"https:\/\/diarioellabrador.cl\/index.php\/wp-json\/wp\/v2\/posts\/24479","targetHints":{"allow":["GET"]}}],"collection":[{"href":"https:\/\/diarioellabrador.cl\/index.php\/wp-json\/wp\/v2\/posts"}],"about":[{"href":"https:\/\/diarioellabrador.cl\/index.php\/wp-json\/wp\/v2\/types\/post"}],"author":[{"embeddable":true,"href":"https:\/\/diarioellabrador.cl\/index.php\/wp-json\/wp\/v2\/users\/2"}],"replies":[{"embeddable":true,"href":"https:\/\/diarioellabrador.cl\/index.php\/wp-json\/wp\/v2\/comments?post=24479"}],"version-history":[{"count":1,"href":"https:\/\/diarioellabrador.cl\/index.php\/wp-json\/wp\/v2\/posts\/24479\/revisions"}],"predecessor-version":[{"id":24480,"href":"https:\/\/diarioellabrador.cl\/index.php\/wp-json\/wp\/v2\/posts\/24479\/revisions\/24480"}],"wp:featuredmedia":[{"embeddable":true,"href":"https:\/\/diarioellabrador.cl\/index.php\/wp-json\/wp\/v2\/media\/24459"}],"wp:attachment":[{"href":"https:\/\/diarioellabrador.cl\/index.php\/wp-json\/wp\/v2\/media?parent=24479"}],"wp:term":[{"taxonomy":"category","embeddable":true,"href":"https:\/\/diarioellabrador.cl\/index.php\/wp-json\/wp\/v2\/categories?post=24479"},{"taxonomy":"post_tag","embeddable":true,"href":"https:\/\/diarioellabrador.cl\/index.php\/wp-json\/wp\/v2\/tags?post=24479"}],"curies":[{"name":"wp","href":"https:\/\/api.w.org\/{rel}","templated":true}]}}