{"id":24477,"date":"2026-09-03T18:48:03","date_gmt":"2026-09-03T22:48:03","guid":{"rendered":"https:\/\/diarioellabrador.cl\/?p=24477"},"modified":"2026-09-03T18:48:07","modified_gmt":"2026-09-03T22:48:07","slug":"millonario-robo-afecta-a-restaurante-ubicado-a-pasos-de-la-plaza-de-armas","status":"publish","type":"post","link":"https:\/\/diarioellabrador.cl\/index.php\/2026\/09\/03\/millonario-robo-afecta-a-restaurante-ubicado-a-pasos-de-la-plaza-de-armas\/","title":{"rendered":"Millonario robo afecta a restaurante ubicado a pasos de la Plaza de Armas"},"content":{"rendered":"\n<p class=\"wp-block-paragraph\">El propietario del local ubicado en calle San Agust\u00edn, lleg\u00f3 durante las primeras horas del d\u00eda para iniciar la jornada, percat\u00e1ndose de inmediato de que algo extra\u00f1o hab\u00eda ocurrido durante la noche, luego de observar que las luces del establecimiento se encontraban encendidas.<\/p>\n\n\n\n<p class=\"wp-block-paragraph\">Al ingresar comprob\u00f3 que el recinto estaba completamente desordenado, principalmente en el sector de la caja. Posteriormente se dirigi\u00f3 hasta la bodega, donde descubri\u00f3 que los frigor\u00edficos se encontraban pr\u00e1cticamente vac\u00edos.<\/p>\n\n\n\n<p class=\"wp-block-paragraph\">Los desconocidos sustrajeron toda la carne y pollo que se manten\u00edan almacenados, adem\u00e1s de mercader\u00eda y otros productos que se encontraban al interior del restaurante.<\/p>\n\n\n\n<p class=\"wp-block-paragraph\">El afectado inform\u00f3 el hecho a Carabineros y realiz\u00f3 una primera evaluaci\u00f3n de las especies sustra\u00eddas, estimando las p\u00e9rdidas en aproximadamente 5 millones de pesos.<\/p>\n\n\n\n<p class=\"wp-block-paragraph\">En tanto, personal policial qued\u00f3 a cargo de las diligencias destinadas a establecer c\u00f3mo ingresaron los autores al recinto y determinar su identidad.<\/p>\n\n\n\n<p class=\"wp-block-paragraph\"><\/p>\n","protected":false},"excerpt":{"rendered":"<p>El propietario del local ubicado en calle San Agust\u00edn, lleg\u00f3 durante las primeras horas del d\u00eda para iniciar la jornada, percat\u00e1ndose de inmediato de que algo extra\u00f1o hab\u00eda ocurrido durante la noche, luego de observar que las luces del establecimiento se encontraban encendidas. Al ingresar comprob\u00f3 que el recinto estaba completamente desordenado, principalmente en el<\/p>\n<div class=\"read-more-wrapper\"><a class=\"read-more\" href=\"https:\/\/diarioellabrador.cl\/index.php\/2026\/09\/03\/millonario-robo-afecta-a-restaurante-ubicado-a-pasos-de-la-plaza-de-armas\/\" title=\"Leer m\u00e1s\"> <span class=\"button \">Leer m\u00e1s<\/span><\/a><\/div>\n","protected":false},"author":2,"featured_media":24460,"comment_status":"open","ping_status":"open","sticky":false,"template":"","format":"standard","meta":{"footnotes":"","_members_access_role":[],"_members_access_error":""},"categories":[14,3],"tags":[],"class_list":["post-24477","post","type-post","status-publish","format-standard","has-post-thumbnail","hentry","category-destacados","category-policial"],"yoast_head":"<!-- This site is optimized with the Yoast SEO plugin v28.4 - https:\/\/yoast.com\/product\/yoast-seo-wordpress\/ -->\n<title>Millonario robo afecta a restaurante ubicado a pasos de la Plaza de Armas - Diario El Labrador<\/title>\n<meta name=\"robots\" content=\"index, follow, max-snippet:-1, max-image-preview:large, max-video-preview:-1\" \/>\n<link rel=\"canonical\" href=\"https:\/\/diarioellabrador.cl\/index.php\/2026\/09\/03\/millonario-robo-afecta-a-restaurante-ubicado-a-pasos-de-la-plaza-de-armas\/\" \/>\n<meta property=\"og:locale\" content=\"es_ES\" \/>\n<meta property=\"og:type\" content=\"article\" \/>\n<meta property=\"og:title\" content=\"Millonario robo afecta a restaurante ubicado a pasos de la Plaza de Armas - Diario El Labrador\" \/>\n<meta property=\"og:description\" content=\"El propietario del local ubicado en calle San Agust\u00edn, lleg\u00f3 durante las primeras horas del d\u00eda para iniciar la jornada, percat\u00e1ndose de inmediato de que algo extra\u00f1o hab\u00eda ocurrido durante la noche, luego de observar que las luces del establecimiento se encontraban encendidas. Al ingresar comprob\u00f3 que el recinto estaba completamente desordenado, principalmente en el Leer m\u00e1s\" \/>\n<meta property=\"og:url\" content=\"https:\/\/diarioellabrador.cl\/index.php\/2026\/09\/03\/millonario-robo-afecta-a-restaurante-ubicado-a-pasos-de-la-plaza-de-armas\/\" \/>\n<meta property=\"og:site_name\" content=\"Diario El Labrador\" \/>\n<meta property=\"article:publisher\" content=\"https:\/\/web.facebook.com\/profile.php?id=61576120840621\" \/>\n<meta property=\"article:published_time\" content=\"2026-09-03T22:48:03+00:00\" \/>\n<meta property=\"article:modified_time\" content=\"2026-09-03T22:48:07+00:00\" \/>\n<meta property=\"og:image\" content=\"https:\/\/diarioellabrador.cl\/wp-content\/uploads\/2026\/09\/Millonario-robo-afecta-a-restaurante-ubicado-a-pasos-de-la-Plaza-de-Armas.png\" \/>\n\t<meta property=\"og:image:width\" content=\"948\" \/>\n\t<meta property=\"og:image:height\" content=\"549\" \/>\n\t<meta property=\"og:image:type\" content=\"image\/png\" \/>\n<meta name=\"author\" content=\"Editor\" \/>\n<meta name=\"twitter:card\" content=\"summary_large_image\" \/>\n<meta name=\"twitter:creator\" content=\"@ElLabradorOf\" \/>\n<meta name=\"twitter:site\" content=\"@ElLabradorOf\" \/>\n<meta name=\"twitter:label1\" content=\"Escrito por\" \/>\n\t<meta name=\"twitter:data1\" content=\"Editor\" \/>\n\t<meta name=\"twitter:label2\" content=\"Tiempo de lectura\" \/>\n\t<meta name=\"twitter:data2\" content=\"1 minuto\" \/>\n<script type=\"application\/ld+json\" class=\"yoast-schema-graph\">{\"@context\":\"https:\\\/\\\/schema.org\",\"@graph\":[{\"@type\":\"Article\",\"@id\":\"https:\\\/\\\/diarioellabrador.cl\\\/index.php\\\/2026\\\/09\\\/03\\\/millonario-robo-afecta-a-restaurante-ubicado-a-pasos-de-la-plaza-de-armas\\\/#article\",\"isPartOf\":{\"@id\":\"https:\\\/\\\/diarioellabrador.cl\\\/index.php\\\/2026\\\/09\\\/03\\\/millonario-robo-afecta-a-restaurante-ubicado-a-pasos-de-la-plaza-de-armas\\\/\"},\"author\":{\"name\":\"Editor\",\"@id\":\"https:\\\/\\\/diarioellabrador.cl\\\/#\\\/schema\\\/person\\\/bc25ff80b4563f9c7f4bd7855df01685\"},\"headline\":\"Millonario robo afecta a restaurante ubicado a pasos de la Plaza de Armas\",\"datePublished\":\"2026-09-03T22:48:03+00:00\",\"dateModified\":\"2026-09-03T22:48:07+00:00\",\"mainEntityOfPage\":{\"@id\":\"https:\\\/\\\/diarioellabrador.cl\\\/index.php\\\/2026\\\/09\\\/03\\\/millonario-robo-afecta-a-restaurante-ubicado-a-pasos-de-la-plaza-de-armas\\\/\"},\"wordCount\":174,\"commentCount\":0,\"publisher\":{\"@id\":\"https:\\\/\\\/diarioellabrador.cl\\\/#organization\"},\"image\":{\"@id\":\"https:\\\/\\\/diarioellabrador.cl\\\/index.php\\\/2026\\\/09\\\/03\\\/millonario-robo-afecta-a-restaurante-ubicado-a-pasos-de-la-plaza-de-armas\\\/#primaryimage\"},\"thumbnailUrl\":\"https:\\\/\\\/diarioellabrador.cl\\\/wp-content\\\/uploads\\\/2026\\\/09\\\/Millonario-robo-afecta-a-restaurante-ubicado-a-pasos-de-la-Plaza-de-Armas.png\",\"articleSection\":[\"Destacados\",\"Policial\"],\"inLanguage\":\"es\",\"potentialAction\":[{\"@type\":\"CommentAction\",\"name\":\"Comment\",\"target\":[\"https:\\\/\\\/diarioellabrador.cl\\\/index.php\\\/2026\\\/09\\\/03\\\/millonario-robo-afecta-a-restaurante-ubicado-a-pasos-de-la-plaza-de-armas\\\/#respond\"]}]},{\"@type\":\"WebPage\",\"@id\":\"https:\\\/\\\/diarioellabrador.cl\\\/index.php\\\/2026\\\/09\\\/03\\\/millonario-robo-afecta-a-restaurante-ubicado-a-pasos-de-la-plaza-de-armas\\\/\",\"url\":\"https:\\\/\\\/diarioellabrador.cl\\\/index.php\\\/2026\\\/09\\\/03\\\/millonario-robo-afecta-a-restaurante-ubicado-a-pasos-de-la-plaza-de-armas\\\/\",\"name\":\"Millonario robo afecta a restaurante ubicado a pasos de la Plaza de Armas - Diario El Labrador\",\"isPartOf\":{\"@id\":\"https:\\\/\\\/diarioellabrador.cl\\\/#website\"},\"primaryImageOfPage\":{\"@id\":\"https:\\\/\\\/diarioellabrador.cl\\\/index.php\\\/2026\\\/09\\\/03\\\/millonario-robo-afecta-a-restaurante-ubicado-a-pasos-de-la-plaza-de-armas\\\/#primaryimage\"},\"image\":{\"@id\":\"https:\\\/\\\/diarioellabrador.cl\\\/index.php\\\/2026\\\/09\\\/03\\\/millonario-robo-afecta-a-restaurante-ubicado-a-pasos-de-la-plaza-de-armas\\\/#primaryimage\"},\"thumbnailUrl\":\"https:\\\/\\\/diarioellabrador.cl\\\/wp-content\\\/uploads\\\/2026\\\/09\\\/Millonario-robo-afecta-a-restaurante-ubicado-a-pasos-de-la-Plaza-de-Armas.png\",\"datePublished\":\"2026-09-03T22:48:03+00:00\",\"dateModified\":\"2026-09-03T22:48:07+00:00\",\"breadcrumb\":{\"@id\":\"https:\\\/\\\/diarioellabrador.cl\\\/index.php\\\/2026\\\/09\\\/03\\\/millonario-robo-afecta-a-restaurante-ubicado-a-pasos-de-la-plaza-de-armas\\\/#breadcrumb\"},\"inLanguage\":\"es\",\"potentialAction\":[{\"@type\":\"ReadAction\",\"target\":[\"https:\\\/\\\/diarioellabrador.cl\\\/index.php\\\/2026\\\/09\\\/03\\\/millonario-robo-afecta-a-restaurante-ubicado-a-pasos-de-la-plaza-de-armas\\\/\"]}]},{\"@type\":\"ImageObject\",\"inLanguage\":\"es\",\"@id\":\"https:\\\/\\\/diarioellabrador.cl\\\/index.php\\\/2026\\\/09\\\/03\\\/millonario-robo-afecta-a-restaurante-ubicado-a-pasos-de-la-plaza-de-armas\\\/#primaryimage\",\"url\":\"https:\\\/\\\/diarioellabrador.cl\\\/wp-content\\\/uploads\\\/2026\\\/09\\\/Millonario-robo-afecta-a-restaurante-ubicado-a-pasos-de-la-Plaza-de-Armas.png\",\"contentUrl\":\"https:\\\/\\\/diarioellabrador.cl\\\/wp-content\\\/uploads\\\/2026\\\/09\\\/Millonario-robo-afecta-a-restaurante-ubicado-a-pasos-de-la-Plaza-de-Armas.png\",\"width\":948,\"height\":549},{\"@type\":\"BreadcrumbList\",\"@id\":\"https:\\\/\\\/diarioellabrador.cl\\\/index.php\\\/2026\\\/09\\\/03\\\/millonario-robo-afecta-a-restaurante-ubicado-a-pasos-de-la-plaza-de-armas\\\/#breadcrumb\",\"itemListElement\":[{\"@type\":\"ListItem\",\"position\":1,\"name\":\"Portada\",\"item\":\"https:\\\/\\\/diarioellabrador.cl\\\/\"},{\"@type\":\"ListItem\",\"position\":2,\"name\":\"Millonario robo afecta a restaurante ubicado a pasos de la Plaza de Armas\"}]},{\"@type\":\"WebSite\",\"@id\":\"https:\\\/\\\/diarioellabrador.cl\\\/#website\",\"url\":\"https:\\\/\\\/diarioellabrador.cl\\\/\",\"name\":\"Diario El Labrador\",\"description\":\"Haciendo noticia desde 1921\",\"publisher\":{\"@id\":\"https:\\\/\\\/diarioellabrador.cl\\\/#organization\"},\"potentialAction\":[{\"@type\":\"SearchAction\",\"target\":{\"@type\":\"EntryPoint\",\"urlTemplate\":\"https:\\\/\\\/diarioellabrador.cl\\\/?s={search_term_string}\"},\"query-input\":{\"@type\":\"PropertyValueSpecification\",\"valueRequired\":true,\"valueName\":\"search_term_string\"}}],\"inLanguage\":\"es\"},{\"@type\":\"Organization\",\"@id\":\"https:\\\/\\\/diarioellabrador.cl\\\/#organization\",\"name\":\"Diario El Labrador\",\"url\":\"https:\\\/\\\/diarioellabrador.cl\\\/\",\"logo\":{\"@type\":\"ImageObject\",\"inLanguage\":\"es\",\"@id\":\"https:\\\/\\\/diarioellabrador.cl\\\/#\\\/schema\\\/logo\\\/image\\\/\",\"url\":\"https:\\\/\\\/diarioellabrador.cl\\\/wp-content\\\/uploads\\\/2025\\\/02\\\/cropped-Logo-Icono.png\",\"contentUrl\":\"https:\\\/\\\/diarioellabrador.cl\\\/wp-content\\\/uploads\\\/2025\\\/02\\\/cropped-Logo-Icono.png\",\"width\":512,\"height\":512,\"caption\":\"Diario El Labrador\"},\"image\":{\"@id\":\"https:\\\/\\\/diarioellabrador.cl\\\/#\\\/schema\\\/logo\\\/image\\\/\"},\"sameAs\":[\"https:\\\/\\\/web.facebook.com\\\/profile.php?id=61576120840621\",\"https:\\\/\\\/x.com\\\/ElLabradorOf\",\"https:\\\/\\\/www.instagram.com\\\/diarioellabradoroficial\\\/\"]},{\"@type\":\"Person\",\"@id\":\"https:\\\/\\\/diarioellabrador.cl\\\/#\\\/schema\\\/person\\\/bc25ff80b4563f9c7f4bd7855df01685\",\"name\":\"Editor\",\"image\":{\"@type\":\"ImageObject\",\"inLanguage\":\"es\",\"@id\":\"https:\\\/\\\/secure.gravatar.com\\\/avatar\\\/109c326cf2be5c04f048c2c2a2b8b6ef44bf3d8d1d3d4c55d0ac40c4bc994684?s=96&d=initials&r=g&initials=ed\",\"url\":\"https:\\\/\\\/secure.gravatar.com\\\/avatar\\\/109c326cf2be5c04f048c2c2a2b8b6ef44bf3d8d1d3d4c55d0ac40c4bc994684?s=96&d=initials&r=g&initials=ed\",\"contentUrl\":\"https:\\\/\\\/secure.gravatar.com\\\/avatar\\\/109c326cf2be5c04f048c2c2a2b8b6ef44bf3d8d1d3d4c55d0ac40c4bc994684?s=96&d=initials&r=g&initials=ed\",\"caption\":\"Editor\"},\"url\":\"https:\\\/\\\/diarioellabrador.cl\\\/index.php\\\/author\\\/editor\\\/\"}]}<\/script>\n<!-- \/ Yoast SEO plugin. -->","yoast_head_json":{"title":"Millonario robo afecta a restaurante ubicado a pasos de la Plaza de Armas - Diario El Labrador","robots":{"index":"index","follow":"follow","max-snippet":"max-snippet:-1","max-image-preview":"max-image-preview:large","max-video-preview":"max-video-preview:-1"},"canonical":"https:\/\/diarioellabrador.cl\/index.php\/2026\/09\/03\/millonario-robo-afecta-a-restaurante-ubicado-a-pasos-de-la-plaza-de-armas\/","og_locale":"es_ES","og_type":"article","og_title":"Millonario robo afecta a restaurante ubicado a pasos de la Plaza de Armas - Diario El Labrador","og_description":"El propietario del local ubicado en calle San Agust\u00edn, lleg\u00f3 durante las primeras horas del d\u00eda para iniciar la jornada, percat\u00e1ndose de inmediato de que algo extra\u00f1o hab\u00eda ocurrido durante la noche, luego de observar que las luces del establecimiento se encontraban encendidas. Al ingresar comprob\u00f3 que el recinto estaba completamente desordenado, principalmente en el Leer m\u00e1s","og_url":"https:\/\/diarioellabrador.cl\/index.php\/2026\/09\/03\/millonario-robo-afecta-a-restaurante-ubicado-a-pasos-de-la-plaza-de-armas\/","og_site_name":"Diario El Labrador","article_publisher":"https:\/\/web.facebook.com\/profile.php?id=61576120840621","article_published_time":"2026-09-03T22:48:03+00:00","article_modified_time":"2026-09-03T22:48:07+00:00","og_image":[{"width":948,"height":549,"url":"https:\/\/diarioellabrador.cl\/wp-content\/uploads\/2026\/09\/Millonario-robo-afecta-a-restaurante-ubicado-a-pasos-de-la-Plaza-de-Armas.png","type":"image\/png"}],"author":"Editor","twitter_card":"summary_large_image","twitter_creator":"@ElLabradorOf","twitter_site":"@ElLabradorOf","twitter_misc":{"Escrito por":"Editor","Tiempo de lectura":"1 minuto"},"schema":{"@context":"https:\/\/schema.org","@graph":[{"@type":"Article","@id":"https:\/\/diarioellabrador.cl\/index.php\/2026\/09\/03\/millonario-robo-afecta-a-restaurante-ubicado-a-pasos-de-la-plaza-de-armas\/#article","isPartOf":{"@id":"https:\/\/diarioellabrador.cl\/index.php\/2026\/09\/03\/millonario-robo-afecta-a-restaurante-ubicado-a-pasos-de-la-plaza-de-armas\/"},"author":{"name":"Editor","@id":"https:\/\/diarioellabrador.cl\/#\/schema\/person\/bc25ff80b4563f9c7f4bd7855df01685"},"headline":"Millonario robo afecta a restaurante ubicado a pasos de la Plaza de Armas","datePublished":"2026-09-03T22:48:03+00:00","dateModified":"2026-09-03T22:48:07+00:00","mainEntityOfPage":{"@id":"https:\/\/diarioellabrador.cl\/index.php\/2026\/09\/03\/millonario-robo-afecta-a-restaurante-ubicado-a-pasos-de-la-plaza-de-armas\/"},"wordCount":174,"commentCount":0,"publisher":{"@id":"https:\/\/diarioellabrador.cl\/#organization"},"image":{"@id":"https:\/\/diarioellabrador.cl\/index.php\/2026\/09\/03\/millonario-robo-afecta-a-restaurante-ubicado-a-pasos-de-la-plaza-de-armas\/#primaryimage"},"thumbnailUrl":"https:\/\/diarioellabrador.cl\/wp-content\/uploads\/2026\/09\/Millonario-robo-afecta-a-restaurante-ubicado-a-pasos-de-la-Plaza-de-Armas.png","articleSection":["Destacados","Policial"],"inLanguage":"es","potentialAction":[{"@type":"CommentAction","name":"Comment","target":["https:\/\/diarioellabrador.cl\/index.php\/2026\/09\/03\/millonario-robo-afecta-a-restaurante-ubicado-a-pasos-de-la-plaza-de-armas\/#respond"]}]},{"@type":"WebPage","@id":"https:\/\/diarioellabrador.cl\/index.php\/2026\/09\/03\/millonario-robo-afecta-a-restaurante-ubicado-a-pasos-de-la-plaza-de-armas\/","url":"https:\/\/diarioellabrador.cl\/index.php\/2026\/09\/03\/millonario-robo-afecta-a-restaurante-ubicado-a-pasos-de-la-plaza-de-armas\/","name":"Millonario robo afecta a restaurante ubicado a pasos de la Plaza de Armas - Diario El Labrador","isPartOf":{"@id":"https:\/\/diarioellabrador.cl\/#website"},"primaryImageOfPage":{"@id":"https:\/\/diarioellabrador.cl\/index.php\/2026\/09\/03\/millonario-robo-afecta-a-restaurante-ubicado-a-pasos-de-la-plaza-de-armas\/#primaryimage"},"image":{"@id":"https:\/\/diarioellabrador.cl\/index.php\/2026\/09\/03\/millonario-robo-afecta-a-restaurante-ubicado-a-pasos-de-la-plaza-de-armas\/#primaryimage"},"thumbnailUrl":"https:\/\/diarioellabrador.cl\/wp-content\/uploads\/2026\/09\/Millonario-robo-afecta-a-restaurante-ubicado-a-pasos-de-la-Plaza-de-Armas.png","datePublished":"2026-09-03T22:48:03+00:00","dateModified":"2026-09-03T22:48:07+00:00","breadcrumb":{"@id":"https:\/\/diarioellabrador.cl\/index.php\/2026\/09\/03\/millonario-robo-afecta-a-restaurante-ubicado-a-pasos-de-la-plaza-de-armas\/#breadcrumb"},"inLanguage":"es","potentialAction":[{"@type":"ReadAction","target":["https:\/\/diarioellabrador.cl\/index.php\/2026\/09\/03\/millonario-robo-afecta-a-restaurante-ubicado-a-pasos-de-la-plaza-de-armas\/"]}]},{"@type":"ImageObject","inLanguage":"es","@id":"https:\/\/diarioellabrador.cl\/index.php\/2026\/09\/03\/millonario-robo-afecta-a-restaurante-ubicado-a-pasos-de-la-plaza-de-armas\/#primaryimage","url":"https:\/\/diarioellabrador.cl\/wp-content\/uploads\/2026\/09\/Millonario-robo-afecta-a-restaurante-ubicado-a-pasos-de-la-Plaza-de-Armas.png","contentUrl":"https:\/\/diarioellabrador.cl\/wp-content\/uploads\/2026\/09\/Millonario-robo-afecta-a-restaurante-ubicado-a-pasos-de-la-Plaza-de-Armas.png","width":948,"height":549},{"@type":"BreadcrumbList","@id":"https:\/\/diarioellabrador.cl\/index.php\/2026\/09\/03\/millonario-robo-afecta-a-restaurante-ubicado-a-pasos-de-la-plaza-de-armas\/#breadcrumb","itemListElement":[{"@type":"ListItem","position":1,"name":"Portada","item":"https:\/\/diarioellabrador.cl\/"},{"@type":"ListItem","position":2,"name":"Millonario robo afecta a restaurante ubicado a pasos de la Plaza de Armas"}]},{"@type":"WebSite","@id":"https:\/\/diarioellabrador.cl\/#website","url":"https:\/\/diarioellabrador.cl\/","name":"Diario El Labrador","description":"Haciendo noticia desde 1921","publisher":{"@id":"https:\/\/diarioellabrador.cl\/#organization"},"potentialAction":[{"@type":"SearchAction","target":{"@type":"EntryPoint","urlTemplate":"https:\/\/diarioellabrador.cl\/?s={search_term_string}"},"query-input":{"@type":"PropertyValueSpecification","valueRequired":true,"valueName":"search_term_string"}}],"inLanguage":"es"},{"@type":"Organization","@id":"https:\/\/diarioellabrador.cl\/#organization","name":"Diario El Labrador","url":"https:\/\/diarioellabrador.cl\/","logo":{"@type":"ImageObject","inLanguage":"es","@id":"https:\/\/diarioellabrador.cl\/#\/schema\/logo\/image\/","url":"https:\/\/diarioellabrador.cl\/wp-content\/uploads\/2025\/02\/cropped-Logo-Icono.png","contentUrl":"https:\/\/diarioellabrador.cl\/wp-content\/uploads\/2025\/02\/cropped-Logo-Icono.png","width":512,"height":512,"caption":"Diario El Labrador"},"image":{"@id":"https:\/\/diarioellabrador.cl\/#\/schema\/logo\/image\/"},"sameAs":["https:\/\/web.facebook.com\/profile.php?id=61576120840621","https:\/\/x.com\/ElLabradorOf","https:\/\/www.instagram.com\/diarioellabradoroficial\/"]},{"@type":"Person","@id":"https:\/\/diarioellabrador.cl\/#\/schema\/person\/bc25ff80b4563f9c7f4bd7855df01685","name":"Editor","image":{"@type":"ImageObject","inLanguage":"es","@id":"https:\/\/secure.gravatar.com\/avatar\/109c326cf2be5c04f048c2c2a2b8b6ef44bf3d8d1d3d4c55d0ac40c4bc994684?s=96&d=initials&r=g&initials=ed","url":"https:\/\/secure.gravatar.com\/avatar\/109c326cf2be5c04f048c2c2a2b8b6ef44bf3d8d1d3d4c55d0ac40c4bc994684?s=96&d=initials&r=g&initials=ed","contentUrl":"https:\/\/secure.gravatar.com\/avatar\/109c326cf2be5c04f048c2c2a2b8b6ef44bf3d8d1d3d4c55d0ac40c4bc994684?s=96&d=initials&r=g&initials=ed","caption":"Editor"},"url":"https:\/\/diarioellabrador.cl\/index.php\/author\/editor\/"}]}},"_links":{"self":[{"href":"https:\/\/diarioellabrador.cl\/index.php\/wp-json\/wp\/v2\/posts\/24477","targetHints":{"allow":["GET"]}}],"collection":[{"href":"https:\/\/diarioellabrador.cl\/index.php\/wp-json\/wp\/v2\/posts"}],"about":[{"href":"https:\/\/diarioellabrador.cl\/index.php\/wp-json\/wp\/v2\/types\/post"}],"author":[{"embeddable":true,"href":"https:\/\/diarioellabrador.cl\/index.php\/wp-json\/wp\/v2\/users\/2"}],"replies":[{"embeddable":true,"href":"https:\/\/diarioellabrador.cl\/index.php\/wp-json\/wp\/v2\/comments?post=24477"}],"version-history":[{"count":1,"href":"https:\/\/diarioellabrador.cl\/index.php\/wp-json\/wp\/v2\/posts\/24477\/revisions"}],"predecessor-version":[{"id":24478,"href":"https:\/\/diarioellabrador.cl\/index.php\/wp-json\/wp\/v2\/posts\/24477\/revisions\/24478"}],"wp:featuredmedia":[{"embeddable":true,"href":"https:\/\/diarioellabrador.cl\/index.php\/wp-json\/wp\/v2\/media\/24460"}],"wp:attachment":[{"href":"https:\/\/diarioellabrador.cl\/index.php\/wp-json\/wp\/v2\/media?parent=24477"}],"wp:term":[{"taxonomy":"category","embeddable":true,"href":"https:\/\/diarioellabrador.cl\/index.php\/wp-json\/wp\/v2\/categories?post=24477"},{"taxonomy":"post_tag","embeddable":true,"href":"https:\/\/diarioellabrador.cl\/index.php\/wp-json\/wp\/v2\/tags?post=24477"}],"curies":[{"name":"wp","href":"https:\/\/api.w.org\/{rel}","templated":true}]}}