{"id":24475,"date":"2026-09-03T18:47:04","date_gmt":"2026-09-03T22:47:04","guid":{"rendered":"https:\/\/diarioellabrador.cl\/?p=24475"},"modified":"2026-09-03T18:47:09","modified_gmt":"2026-09-03T22:47:09","slug":"se-definen-los-octavos-de-copa-chile-anfp-oficializo-programacion-de-la-primera-fase-eliminatoria","status":"publish","type":"post","link":"https:\/\/diarioellabrador.cl\/index.php\/2026\/09\/03\/se-definen-los-octavos-de-copa-chile-anfp-oficializo-programacion-de-la-primera-fase-eliminatoria\/","title":{"rendered":"Se definen los octavos de Copa Chile: ANFP oficializ\u00f3 programaci\u00f3n de la primera fase eliminatoria"},"content":{"rendered":"\n<p class=\"wp-block-paragraph\">La <strong>ANFP<\/strong> program\u00f3 los partidos de ida y vuelta de los octavos de final de la <strong>Copa Chile<\/strong>. Diez equipos de la Liga de Primera y seis de la Liga de Ascenso disputar\u00e1n el paso a los ocho mejores del torneo.<\/p>\n\n\n\n<p class=\"wp-block-paragraph\">Ya est\u00e1n listas las fechas para el inicio de la fase eliminatoria de Copa Chile. Desde el 22 hasta el 27 de septiembre se jugar\u00e1n los cruces de ida y vuelta entre los diecis\u00e9is clasificados de la cuadrag\u00e9sima sexta edici\u00f3n.<\/p>\n\n\n\n<p class=\"wp-block-paragraph\">El \u00fanico duelo de vuelta que se jugar\u00e1 una semana m\u00e1s tarde ser\u00e1 el de <strong>Coquimbo Unido<\/strong> con <strong>Cobreloa<\/strong>, el cual fue agendado para el d\u00eda <strong>7 de octubre<\/strong>.<\/p>\n\n\n\n<h2 class=\"wp-block-heading\">La Copa Chile es la carta alternativa para acceder a copas internacionales<\/h2>\n\n\n\n<p class=\"wp-block-paragraph\">La agenda comienza el martes 22 de septiembre con el enfrentamiento entre Deportes Puerto Montt y \u00d1ublense. M\u00e1s tarde, el mismo d\u00eda jugar\u00e1n Cobreloa y Coquimbo Unido en paralelo al duelo entre Audax Italiano y Colo-Colo.<\/p>\n\n\n\n<p class=\"wp-block-paragraph\">El 23 de septiembre abrir\u00e1n la jornada Curic\u00f3 Unido y Deportes Concepci\u00f3n en el Estadio La Granja y en el cierre se enfrentar\u00e1n Deportes Iquique con Deportes Antofagasta y Uni\u00f3n La Calera se medir\u00e1 ante Universidad Cat\u00f3lica.<\/p>\n\n\n\n<p class=\"wp-block-paragraph\">Para cerrar los cruces de ida, el 24 de septiembre O\u2019Higgins de Rancagua jugar\u00e1 su encuentro en El Teniente ante Deportes Santa Cruz y Everton recibir\u00e1 a la Universidad de Chile en Vi\u00f1a del Mar.<\/p>\n\n\n\n<p class=\"wp-block-paragraph\">En caso hipot\u00e9tico de que un equipo de la <strong>Liga de Ascenso<\/strong> consiga ganar la <strong>Copa Chile<\/strong>, no podr\u00e1 conseguir un cupo a la Copa Libertadores del pr\u00f3ximo a\u00f1o por las normas de la <strong>CONMEBOL<\/strong>.<\/p>\n\n\n\n<p class=\"wp-block-paragraph\">Los partidos de vuelta abrir\u00e1n el 25 de septiembre con el choque entre Colo-Colo y Audax Italiano. El s\u00e1bado 26, Universidad Cat\u00f3lica recibir\u00e1 a Uni\u00f3n La Calera y \u00d1ublense a Deportes Puerto Montt.<\/p>\n\n\n\n<p class=\"wp-block-paragraph\">El 27 de septiembre se jugar\u00e1n cuatro partidos en una jornada que iniciar\u00e1 con Deportes Antofagasta ante Deportes Iquique en el Calvo y Bascu\u00f1\u00e1n. Luego, Deportes Concepci\u00f3n recibir\u00e1 a Curic\u00f3 Unido en Collao, Universidad de Chile har\u00e1 lo propio ante Everton y Deportes Santa Cruz ser\u00e1 local ante O\u2019Higgins.<\/p>\n\n\n\n<p class=\"wp-block-paragraph\"><\/p>\n","protected":false},"excerpt":{"rendered":"<p>La ANFP program\u00f3 los partidos de ida y vuelta de los octavos de final de la Copa Chile. Diez equipos de la Liga de Primera y seis de la Liga de Ascenso disputar\u00e1n el paso a los ocho mejores del torneo. Ya est\u00e1n listas las fechas para el inicio de la fase eliminatoria de Copa<\/p>\n<div class=\"read-more-wrapper\"><a class=\"read-more\" href=\"https:\/\/diarioellabrador.cl\/index.php\/2026\/09\/03\/se-definen-los-octavos-de-copa-chile-anfp-oficializo-programacion-de-la-primera-fase-eliminatoria\/\" title=\"Leer m\u00e1s\"> <span class=\"button \">Leer m\u00e1s<\/span><\/a><\/div>\n","protected":false},"author":2,"featured_media":24431,"comment_status":"open","ping_status":"open","sticky":false,"template":"","format":"standard","meta":{"footnotes":"","_members_access_role":[],"_members_access_error":""},"categories":[4],"tags":[],"class_list":["post-24475","post","type-post","status-publish","format-standard","has-post-thumbnail","hentry","category-deportes"],"yoast_head":"<!-- This site is optimized with the Yoast SEO plugin v28.4 - https:\/\/yoast.com\/product\/yoast-seo-wordpress\/ -->\n<title>Se definen los octavos de Copa Chile: ANFP oficializ\u00f3 programaci\u00f3n de la primera fase eliminatoria - Diario El Labrador<\/title>\n<meta name=\"robots\" content=\"index, follow, max-snippet:-1, max-image-preview:large, max-video-preview:-1\" \/>\n<link rel=\"canonical\" href=\"https:\/\/diarioellabrador.cl\/index.php\/2026\/09\/03\/se-definen-los-octavos-de-copa-chile-anfp-oficializo-programacion-de-la-primera-fase-eliminatoria\/\" \/>\n<meta property=\"og:locale\" content=\"es_ES\" \/>\n<meta property=\"og:type\" content=\"article\" \/>\n<meta property=\"og:title\" content=\"Se definen los octavos de Copa Chile: ANFP oficializ\u00f3 programaci\u00f3n de la primera fase eliminatoria - Diario El Labrador\" \/>\n<meta property=\"og:description\" content=\"La ANFP program\u00f3 los partidos de ida y vuelta de los octavos de final de la Copa Chile. Diez equipos de la Liga de Primera y seis de la Liga de Ascenso disputar\u00e1n el paso a los ocho mejores del torneo. Ya est\u00e1n listas las fechas para el inicio de la fase eliminatoria de Copa Leer m\u00e1s\" \/>\n<meta property=\"og:url\" content=\"https:\/\/diarioellabrador.cl\/index.php\/2026\/09\/03\/se-definen-los-octavos-de-copa-chile-anfp-oficializo-programacion-de-la-primera-fase-eliminatoria\/\" \/>\n<meta property=\"og:site_name\" content=\"Diario El Labrador\" \/>\n<meta property=\"article:publisher\" content=\"https:\/\/web.facebook.com\/profile.php?id=61576120840621\" \/>\n<meta property=\"article:published_time\" content=\"2026-09-03T22:47:04+00:00\" \/>\n<meta property=\"article:modified_time\" content=\"2026-09-03T22:47:09+00:00\" \/>\n<meta property=\"og:image\" content=\"https:\/\/diarioellabrador.cl\/wp-content\/uploads\/2026\/09\/Se-definen-los-octavos-de-Copa-Chile-ANFP-oficializo-programacion-de-la-primera-fase-eliminatoria.jpg\" \/>\n\t<meta property=\"og:image:width\" content=\"1080\" \/>\n\t<meta property=\"og:image:height\" content=\"1350\" \/>\n\t<meta property=\"og:image:type\" content=\"image\/jpeg\" \/>\n<meta name=\"author\" content=\"Editor\" \/>\n<meta name=\"twitter:card\" content=\"summary_large_image\" \/>\n<meta name=\"twitter:creator\" content=\"@ElLabradorOf\" \/>\n<meta name=\"twitter:site\" content=\"@ElLabradorOf\" \/>\n<meta name=\"twitter:label1\" content=\"Escrito por\" \/>\n\t<meta name=\"twitter:data1\" content=\"Editor\" \/>\n\t<meta name=\"twitter:label2\" content=\"Tiempo de lectura\" \/>\n\t<meta name=\"twitter:data2\" content=\"2 minutos\" \/>\n<script type=\"application\/ld+json\" class=\"yoast-schema-graph\">{\"@context\":\"https:\\\/\\\/schema.org\",\"@graph\":[{\"@type\":\"Article\",\"@id\":\"https:\\\/\\\/diarioellabrador.cl\\\/index.php\\\/2026\\\/09\\\/03\\\/se-definen-los-octavos-de-copa-chile-anfp-oficializo-programacion-de-la-primera-fase-eliminatoria\\\/#article\",\"isPartOf\":{\"@id\":\"https:\\\/\\\/diarioellabrador.cl\\\/index.php\\\/2026\\\/09\\\/03\\\/se-definen-los-octavos-de-copa-chile-anfp-oficializo-programacion-de-la-primera-fase-eliminatoria\\\/\"},\"author\":{\"name\":\"Editor\",\"@id\":\"https:\\\/\\\/diarioellabrador.cl\\\/#\\\/schema\\\/person\\\/bc25ff80b4563f9c7f4bd7855df01685\"},\"headline\":\"Se definen los octavos de Copa Chile: ANFP oficializ\u00f3 programaci\u00f3n de la primera fase eliminatoria\",\"datePublished\":\"2026-09-03T22:47:04+00:00\",\"dateModified\":\"2026-09-03T22:47:09+00:00\",\"mainEntityOfPage\":{\"@id\":\"https:\\\/\\\/diarioellabrador.cl\\\/index.php\\\/2026\\\/09\\\/03\\\/se-definen-los-octavos-de-copa-chile-anfp-oficializo-programacion-de-la-primera-fase-eliminatoria\\\/\"},\"wordCount\":383,\"commentCount\":0,\"publisher\":{\"@id\":\"https:\\\/\\\/diarioellabrador.cl\\\/#organization\"},\"image\":{\"@id\":\"https:\\\/\\\/diarioellabrador.cl\\\/index.php\\\/2026\\\/09\\\/03\\\/se-definen-los-octavos-de-copa-chile-anfp-oficializo-programacion-de-la-primera-fase-eliminatoria\\\/#primaryimage\"},\"thumbnailUrl\":\"https:\\\/\\\/diarioellabrador.cl\\\/wp-content\\\/uploads\\\/2026\\\/09\\\/Se-definen-los-octavos-de-Copa-Chile-ANFP-oficializo-programacion-de-la-primera-fase-eliminatoria.jpg\",\"articleSection\":[\"Deportes\"],\"inLanguage\":\"es\",\"potentialAction\":[{\"@type\":\"CommentAction\",\"name\":\"Comment\",\"target\":[\"https:\\\/\\\/diarioellabrador.cl\\\/index.php\\\/2026\\\/09\\\/03\\\/se-definen-los-octavos-de-copa-chile-anfp-oficializo-programacion-de-la-primera-fase-eliminatoria\\\/#respond\"]}]},{\"@type\":\"WebPage\",\"@id\":\"https:\\\/\\\/diarioellabrador.cl\\\/index.php\\\/2026\\\/09\\\/03\\\/se-definen-los-octavos-de-copa-chile-anfp-oficializo-programacion-de-la-primera-fase-eliminatoria\\\/\",\"url\":\"https:\\\/\\\/diarioellabrador.cl\\\/index.php\\\/2026\\\/09\\\/03\\\/se-definen-los-octavos-de-copa-chile-anfp-oficializo-programacion-de-la-primera-fase-eliminatoria\\\/\",\"name\":\"Se definen los octavos de Copa Chile: ANFP oficializ\u00f3 programaci\u00f3n de la primera fase eliminatoria - Diario El Labrador\",\"isPartOf\":{\"@id\":\"https:\\\/\\\/diarioellabrador.cl\\\/#website\"},\"primaryImageOfPage\":{\"@id\":\"https:\\\/\\\/diarioellabrador.cl\\\/index.php\\\/2026\\\/09\\\/03\\\/se-definen-los-octavos-de-copa-chile-anfp-oficializo-programacion-de-la-primera-fase-eliminatoria\\\/#primaryimage\"},\"image\":{\"@id\":\"https:\\\/\\\/diarioellabrador.cl\\\/index.php\\\/2026\\\/09\\\/03\\\/se-definen-los-octavos-de-copa-chile-anfp-oficializo-programacion-de-la-primera-fase-eliminatoria\\\/#primaryimage\"},\"thumbnailUrl\":\"https:\\\/\\\/diarioellabrador.cl\\\/wp-content\\\/uploads\\\/2026\\\/09\\\/Se-definen-los-octavos-de-Copa-Chile-ANFP-oficializo-programacion-de-la-primera-fase-eliminatoria.jpg\",\"datePublished\":\"2026-09-03T22:47:04+00:00\",\"dateModified\":\"2026-09-03T22:47:09+00:00\",\"breadcrumb\":{\"@id\":\"https:\\\/\\\/diarioellabrador.cl\\\/index.php\\\/2026\\\/09\\\/03\\\/se-definen-los-octavos-de-copa-chile-anfp-oficializo-programacion-de-la-primera-fase-eliminatoria\\\/#breadcrumb\"},\"inLanguage\":\"es\",\"potentialAction\":[{\"@type\":\"ReadAction\",\"target\":[\"https:\\\/\\\/diarioellabrador.cl\\\/index.php\\\/2026\\\/09\\\/03\\\/se-definen-los-octavos-de-copa-chile-anfp-oficializo-programacion-de-la-primera-fase-eliminatoria\\\/\"]}]},{\"@type\":\"ImageObject\",\"inLanguage\":\"es\",\"@id\":\"https:\\\/\\\/diarioellabrador.cl\\\/index.php\\\/2026\\\/09\\\/03\\\/se-definen-los-octavos-de-copa-chile-anfp-oficializo-programacion-de-la-primera-fase-eliminatoria\\\/#primaryimage\",\"url\":\"https:\\\/\\\/diarioellabrador.cl\\\/wp-content\\\/uploads\\\/2026\\\/09\\\/Se-definen-los-octavos-de-Copa-Chile-ANFP-oficializo-programacion-de-la-primera-fase-eliminatoria.jpg\",\"contentUrl\":\"https:\\\/\\\/diarioellabrador.cl\\\/wp-content\\\/uploads\\\/2026\\\/09\\\/Se-definen-los-octavos-de-Copa-Chile-ANFP-oficializo-programacion-de-la-primera-fase-eliminatoria.jpg\",\"width\":1080,\"height\":1350},{\"@type\":\"BreadcrumbList\",\"@id\":\"https:\\\/\\\/diarioellabrador.cl\\\/index.php\\\/2026\\\/09\\\/03\\\/se-definen-los-octavos-de-copa-chile-anfp-oficializo-programacion-de-la-primera-fase-eliminatoria\\\/#breadcrumb\",\"itemListElement\":[{\"@type\":\"ListItem\",\"position\":1,\"name\":\"Portada\",\"item\":\"https:\\\/\\\/diarioellabrador.cl\\\/\"},{\"@type\":\"ListItem\",\"position\":2,\"name\":\"Se definen los octavos de Copa Chile: ANFP oficializ\u00f3 programaci\u00f3n de la primera fase eliminatoria\"}]},{\"@type\":\"WebSite\",\"@id\":\"https:\\\/\\\/diarioellabrador.cl\\\/#website\",\"url\":\"https:\\\/\\\/diarioellabrador.cl\\\/\",\"name\":\"Diario El Labrador\",\"description\":\"Haciendo noticia desde 1921\",\"publisher\":{\"@id\":\"https:\\\/\\\/diarioellabrador.cl\\\/#organization\"},\"potentialAction\":[{\"@type\":\"SearchAction\",\"target\":{\"@type\":\"EntryPoint\",\"urlTemplate\":\"https:\\\/\\\/diarioellabrador.cl\\\/?s={search_term_string}\"},\"query-input\":{\"@type\":\"PropertyValueSpecification\",\"valueRequired\":true,\"valueName\":\"search_term_string\"}}],\"inLanguage\":\"es\"},{\"@type\":\"Organization\",\"@id\":\"https:\\\/\\\/diarioellabrador.cl\\\/#organization\",\"name\":\"Diario El Labrador\",\"url\":\"https:\\\/\\\/diarioellabrador.cl\\\/\",\"logo\":{\"@type\":\"ImageObject\",\"inLanguage\":\"es\",\"@id\":\"https:\\\/\\\/diarioellabrador.cl\\\/#\\\/schema\\\/logo\\\/image\\\/\",\"url\":\"https:\\\/\\\/diarioellabrador.cl\\\/wp-content\\\/uploads\\\/2025\\\/02\\\/cropped-Logo-Icono.png\",\"contentUrl\":\"https:\\\/\\\/diarioellabrador.cl\\\/wp-content\\\/uploads\\\/2025\\\/02\\\/cropped-Logo-Icono.png\",\"width\":512,\"height\":512,\"caption\":\"Diario El Labrador\"},\"image\":{\"@id\":\"https:\\\/\\\/diarioellabrador.cl\\\/#\\\/schema\\\/logo\\\/image\\\/\"},\"sameAs\":[\"https:\\\/\\\/web.facebook.com\\\/profile.php?id=61576120840621\",\"https:\\\/\\\/x.com\\\/ElLabradorOf\",\"https:\\\/\\\/www.instagram.com\\\/diarioellabradoroficial\\\/\"]},{\"@type\":\"Person\",\"@id\":\"https:\\\/\\\/diarioellabrador.cl\\\/#\\\/schema\\\/person\\\/bc25ff80b4563f9c7f4bd7855df01685\",\"name\":\"Editor\",\"image\":{\"@type\":\"ImageObject\",\"inLanguage\":\"es\",\"@id\":\"https:\\\/\\\/secure.gravatar.com\\\/avatar\\\/109c326cf2be5c04f048c2c2a2b8b6ef44bf3d8d1d3d4c55d0ac40c4bc994684?s=96&d=initials&r=g&initials=ed\",\"url\":\"https:\\\/\\\/secure.gravatar.com\\\/avatar\\\/109c326cf2be5c04f048c2c2a2b8b6ef44bf3d8d1d3d4c55d0ac40c4bc994684?s=96&d=initials&r=g&initials=ed\",\"contentUrl\":\"https:\\\/\\\/secure.gravatar.com\\\/avatar\\\/109c326cf2be5c04f048c2c2a2b8b6ef44bf3d8d1d3d4c55d0ac40c4bc994684?s=96&d=initials&r=g&initials=ed\",\"caption\":\"Editor\"},\"url\":\"https:\\\/\\\/diarioellabrador.cl\\\/index.php\\\/author\\\/editor\\\/\"}]}<\/script>\n<!-- \/ Yoast SEO plugin. -->","yoast_head_json":{"title":"Se definen los octavos de Copa Chile: ANFP oficializ\u00f3 programaci\u00f3n de la primera fase eliminatoria - Diario El Labrador","robots":{"index":"index","follow":"follow","max-snippet":"max-snippet:-1","max-image-preview":"max-image-preview:large","max-video-preview":"max-video-preview:-1"},"canonical":"https:\/\/diarioellabrador.cl\/index.php\/2026\/09\/03\/se-definen-los-octavos-de-copa-chile-anfp-oficializo-programacion-de-la-primera-fase-eliminatoria\/","og_locale":"es_ES","og_type":"article","og_title":"Se definen los octavos de Copa Chile: ANFP oficializ\u00f3 programaci\u00f3n de la primera fase eliminatoria - Diario El Labrador","og_description":"La ANFP program\u00f3 los partidos de ida y vuelta de los octavos de final de la Copa Chile. Diez equipos de la Liga de Primera y seis de la Liga de Ascenso disputar\u00e1n el paso a los ocho mejores del torneo. Ya est\u00e1n listas las fechas para el inicio de la fase eliminatoria de Copa Leer m\u00e1s","og_url":"https:\/\/diarioellabrador.cl\/index.php\/2026\/09\/03\/se-definen-los-octavos-de-copa-chile-anfp-oficializo-programacion-de-la-primera-fase-eliminatoria\/","og_site_name":"Diario El Labrador","article_publisher":"https:\/\/web.facebook.com\/profile.php?id=61576120840621","article_published_time":"2026-09-03T22:47:04+00:00","article_modified_time":"2026-09-03T22:47:09+00:00","og_image":[{"width":1080,"height":1350,"url":"https:\/\/diarioellabrador.cl\/wp-content\/uploads\/2026\/09\/Se-definen-los-octavos-de-Copa-Chile-ANFP-oficializo-programacion-de-la-primera-fase-eliminatoria.jpg","type":"image\/jpeg"}],"author":"Editor","twitter_card":"summary_large_image","twitter_creator":"@ElLabradorOf","twitter_site":"@ElLabradorOf","twitter_misc":{"Escrito por":"Editor","Tiempo de lectura":"2 minutos"},"schema":{"@context":"https:\/\/schema.org","@graph":[{"@type":"Article","@id":"https:\/\/diarioellabrador.cl\/index.php\/2026\/09\/03\/se-definen-los-octavos-de-copa-chile-anfp-oficializo-programacion-de-la-primera-fase-eliminatoria\/#article","isPartOf":{"@id":"https:\/\/diarioellabrador.cl\/index.php\/2026\/09\/03\/se-definen-los-octavos-de-copa-chile-anfp-oficializo-programacion-de-la-primera-fase-eliminatoria\/"},"author":{"name":"Editor","@id":"https:\/\/diarioellabrador.cl\/#\/schema\/person\/bc25ff80b4563f9c7f4bd7855df01685"},"headline":"Se definen los octavos de Copa Chile: ANFP oficializ\u00f3 programaci\u00f3n de la primera fase eliminatoria","datePublished":"2026-09-03T22:47:04+00:00","dateModified":"2026-09-03T22:47:09+00:00","mainEntityOfPage":{"@id":"https:\/\/diarioellabrador.cl\/index.php\/2026\/09\/03\/se-definen-los-octavos-de-copa-chile-anfp-oficializo-programacion-de-la-primera-fase-eliminatoria\/"},"wordCount":383,"commentCount":0,"publisher":{"@id":"https:\/\/diarioellabrador.cl\/#organization"},"image":{"@id":"https:\/\/diarioellabrador.cl\/index.php\/2026\/09\/03\/se-definen-los-octavos-de-copa-chile-anfp-oficializo-programacion-de-la-primera-fase-eliminatoria\/#primaryimage"},"thumbnailUrl":"https:\/\/diarioellabrador.cl\/wp-content\/uploads\/2026\/09\/Se-definen-los-octavos-de-Copa-Chile-ANFP-oficializo-programacion-de-la-primera-fase-eliminatoria.jpg","articleSection":["Deportes"],"inLanguage":"es","potentialAction":[{"@type":"CommentAction","name":"Comment","target":["https:\/\/diarioellabrador.cl\/index.php\/2026\/09\/03\/se-definen-los-octavos-de-copa-chile-anfp-oficializo-programacion-de-la-primera-fase-eliminatoria\/#respond"]}]},{"@type":"WebPage","@id":"https:\/\/diarioellabrador.cl\/index.php\/2026\/09\/03\/se-definen-los-octavos-de-copa-chile-anfp-oficializo-programacion-de-la-primera-fase-eliminatoria\/","url":"https:\/\/diarioellabrador.cl\/index.php\/2026\/09\/03\/se-definen-los-octavos-de-copa-chile-anfp-oficializo-programacion-de-la-primera-fase-eliminatoria\/","name":"Se definen los octavos de Copa Chile: ANFP oficializ\u00f3 programaci\u00f3n de la primera fase eliminatoria - Diario El Labrador","isPartOf":{"@id":"https:\/\/diarioellabrador.cl\/#website"},"primaryImageOfPage":{"@id":"https:\/\/diarioellabrador.cl\/index.php\/2026\/09\/03\/se-definen-los-octavos-de-copa-chile-anfp-oficializo-programacion-de-la-primera-fase-eliminatoria\/#primaryimage"},"image":{"@id":"https:\/\/diarioellabrador.cl\/index.php\/2026\/09\/03\/se-definen-los-octavos-de-copa-chile-anfp-oficializo-programacion-de-la-primera-fase-eliminatoria\/#primaryimage"},"thumbnailUrl":"https:\/\/diarioellabrador.cl\/wp-content\/uploads\/2026\/09\/Se-definen-los-octavos-de-Copa-Chile-ANFP-oficializo-programacion-de-la-primera-fase-eliminatoria.jpg","datePublished":"2026-09-03T22:47:04+00:00","dateModified":"2026-09-03T22:47:09+00:00","breadcrumb":{"@id":"https:\/\/diarioellabrador.cl\/index.php\/2026\/09\/03\/se-definen-los-octavos-de-copa-chile-anfp-oficializo-programacion-de-la-primera-fase-eliminatoria\/#breadcrumb"},"inLanguage":"es","potentialAction":[{"@type":"ReadAction","target":["https:\/\/diarioellabrador.cl\/index.php\/2026\/09\/03\/se-definen-los-octavos-de-copa-chile-anfp-oficializo-programacion-de-la-primera-fase-eliminatoria\/"]}]},{"@type":"ImageObject","inLanguage":"es","@id":"https:\/\/diarioellabrador.cl\/index.php\/2026\/09\/03\/se-definen-los-octavos-de-copa-chile-anfp-oficializo-programacion-de-la-primera-fase-eliminatoria\/#primaryimage","url":"https:\/\/diarioellabrador.cl\/wp-content\/uploads\/2026\/09\/Se-definen-los-octavos-de-Copa-Chile-ANFP-oficializo-programacion-de-la-primera-fase-eliminatoria.jpg","contentUrl":"https:\/\/diarioellabrador.cl\/wp-content\/uploads\/2026\/09\/Se-definen-los-octavos-de-Copa-Chile-ANFP-oficializo-programacion-de-la-primera-fase-eliminatoria.jpg","width":1080,"height":1350},{"@type":"BreadcrumbList","@id":"https:\/\/diarioellabrador.cl\/index.php\/2026\/09\/03\/se-definen-los-octavos-de-copa-chile-anfp-oficializo-programacion-de-la-primera-fase-eliminatoria\/#breadcrumb","itemListElement":[{"@type":"ListItem","position":1,"name":"Portada","item":"https:\/\/diarioellabrador.cl\/"},{"@type":"ListItem","position":2,"name":"Se definen los octavos de Copa Chile: ANFP oficializ\u00f3 programaci\u00f3n de la primera fase eliminatoria"}]},{"@type":"WebSite","@id":"https:\/\/diarioellabrador.cl\/#website","url":"https:\/\/diarioellabrador.cl\/","name":"Diario El Labrador","description":"Haciendo noticia desde 1921","publisher":{"@id":"https:\/\/diarioellabrador.cl\/#organization"},"potentialAction":[{"@type":"SearchAction","target":{"@type":"EntryPoint","urlTemplate":"https:\/\/diarioellabrador.cl\/?s={search_term_string}"},"query-input":{"@type":"PropertyValueSpecification","valueRequired":true,"valueName":"search_term_string"}}],"inLanguage":"es"},{"@type":"Organization","@id":"https:\/\/diarioellabrador.cl\/#organization","name":"Diario El Labrador","url":"https:\/\/diarioellabrador.cl\/","logo":{"@type":"ImageObject","inLanguage":"es","@id":"https:\/\/diarioellabrador.cl\/#\/schema\/logo\/image\/","url":"https:\/\/diarioellabrador.cl\/wp-content\/uploads\/2025\/02\/cropped-Logo-Icono.png","contentUrl":"https:\/\/diarioellabrador.cl\/wp-content\/uploads\/2025\/02\/cropped-Logo-Icono.png","width":512,"height":512,"caption":"Diario El Labrador"},"image":{"@id":"https:\/\/diarioellabrador.cl\/#\/schema\/logo\/image\/"},"sameAs":["https:\/\/web.facebook.com\/profile.php?id=61576120840621","https:\/\/x.com\/ElLabradorOf","https:\/\/www.instagram.com\/diarioellabradoroficial\/"]},{"@type":"Person","@id":"https:\/\/diarioellabrador.cl\/#\/schema\/person\/bc25ff80b4563f9c7f4bd7855df01685","name":"Editor","image":{"@type":"ImageObject","inLanguage":"es","@id":"https:\/\/secure.gravatar.com\/avatar\/109c326cf2be5c04f048c2c2a2b8b6ef44bf3d8d1d3d4c55d0ac40c4bc994684?s=96&d=initials&r=g&initials=ed","url":"https:\/\/secure.gravatar.com\/avatar\/109c326cf2be5c04f048c2c2a2b8b6ef44bf3d8d1d3d4c55d0ac40c4bc994684?s=96&d=initials&r=g&initials=ed","contentUrl":"https:\/\/secure.gravatar.com\/avatar\/109c326cf2be5c04f048c2c2a2b8b6ef44bf3d8d1d3d4c55d0ac40c4bc994684?s=96&d=initials&r=g&initials=ed","caption":"Editor"},"url":"https:\/\/diarioellabrador.cl\/index.php\/author\/editor\/"}]}},"_links":{"self":[{"href":"https:\/\/diarioellabrador.cl\/index.php\/wp-json\/wp\/v2\/posts\/24475","targetHints":{"allow":["GET"]}}],"collection":[{"href":"https:\/\/diarioellabrador.cl\/index.php\/wp-json\/wp\/v2\/posts"}],"about":[{"href":"https:\/\/diarioellabrador.cl\/index.php\/wp-json\/wp\/v2\/types\/post"}],"author":[{"embeddable":true,"href":"https:\/\/diarioellabrador.cl\/index.php\/wp-json\/wp\/v2\/users\/2"}],"replies":[{"embeddable":true,"href":"https:\/\/diarioellabrador.cl\/index.php\/wp-json\/wp\/v2\/comments?post=24475"}],"version-history":[{"count":1,"href":"https:\/\/diarioellabrador.cl\/index.php\/wp-json\/wp\/v2\/posts\/24475\/revisions"}],"predecessor-version":[{"id":24476,"href":"https:\/\/diarioellabrador.cl\/index.php\/wp-json\/wp\/v2\/posts\/24475\/revisions\/24476"}],"wp:featuredmedia":[{"embeddable":true,"href":"https:\/\/diarioellabrador.cl\/index.php\/wp-json\/wp\/v2\/media\/24431"}],"wp:attachment":[{"href":"https:\/\/diarioellabrador.cl\/index.php\/wp-json\/wp\/v2\/media?parent=24475"}],"wp:term":[{"taxonomy":"category","embeddable":true,"href":"https:\/\/diarioellabrador.cl\/index.php\/wp-json\/wp\/v2\/categories?post=24475"},{"taxonomy":"post_tag","embeddable":true,"href":"https:\/\/diarioellabrador.cl\/index.php\/wp-json\/wp\/v2\/tags?post=24475"}],"curies":[{"name":"wp","href":"https:\/\/api.w.org\/{rel}","templated":true}]}}