{"id":24473,"date":"2026-09-03T18:46:15","date_gmt":"2026-09-03T22:46:15","guid":{"rendered":"https:\/\/diarioellabrador.cl\/?p=24473"},"modified":"2026-09-03T18:46:20","modified_gmt":"2026-09-03T22:46:20","slug":"chile-rugby-apelara-a-sancion-de-uruguayo-que-lesiono-a-emilio-shea-los-motivos-que-redujeron-pena","status":"publish","type":"post","link":"https:\/\/diarioellabrador.cl\/index.php\/2026\/09\/03\/chile-rugby-apelara-a-sancion-de-uruguayo-que-lesiono-a-emilio-shea-los-motivos-que-redujeron-pena\/","title":{"rendered":"Chile Rugby apelar\u00e1 a sanci\u00f3n de uruguayo que lesion\u00f3 a Emilio Shea: los motivos que redujeron pena"},"content":{"rendered":"\n<p class=\"wp-block-paragraph\">El rugbista chileno <strong>Emilio Shea<\/strong> atraviesa un duro momento en su carrera al, lamentablemente, sufrir una grave lesi\u00f3n producto de un tackle del uruguayo Joaqu\u00edn Myzska en la primera fecha del Americas Rugby Championship (ARC).<\/p>\n\n\n\n<p class=\"wp-block-paragraph\">El diagn\u00f3stico, de por s\u00ed, es grave: doce meses de ausencia y, m\u00e1s a\u00fan, perderse el Mundial de 2027 al padecer una lesi\u00f3n de ligamento en su rodilla derecha.<\/p>\n\n\n\n<p class=\"wp-block-paragraph\">A su infractor, en tanto, se le aplicaron trece partidos de sanci\u00f3n, algo que no dej\u00f3 satisfecho al ente rector del rugby nacional.<\/p>\n\n\n\n<h2 class=\"wp-block-heading\">Chile Rugby apela<\/h2>\n\n\n\n<p class=\"wp-block-paragraph\">Dado que las decisiones del Tribunal de Disciplina de Sudam\u00e9rica Rugby son apelables, Chile decidi\u00f3 usar esa ventana para apelar y pedir, de acuerdo con La Tercera, un mayor castigo contra Myzska.<\/p>\n\n\n\n<p class=\"wp-block-paragraph\">A su vez, BioBioChile se contact\u00f3 con la Federaci\u00f3n Nacional, que ratific\u00f3 la apelaci\u00f3n al caso.<\/p>\n\n\n\n<p class=\"wp-block-paragraph\">Mientras tanto y considerando el tiempo de recuperaci\u00f3n de Emilio Shea, el pedido desde nuestro pa\u00eds es aplicarle una sanci\u00f3n equivalente, es decir, <strong>52 partidos<\/strong>.<\/p>\n\n\n\n<p class=\"wp-block-paragraph\">Mientras tanto, el medio uruguayo <a href=\"https:\/\/www.elobservador.com.uy\/rugby\/los-detalles-la-sancion-13-se-semanas-joaquin-myszka-la-sancion-uruguay-chile-rugby-accion-imprudente-lesion-grave-y-pedido-disculpas-n6055994\" target=\"_blank\" rel=\"noopener\">El Observador<\/a> explic\u00f3 que al hooker de Los Teros no se le castig\u00f3 tan severamente al considerar atenuantes como <strong>mostrar arrepentimiento y, adem\u00e1s, el \u201cpedir disculpas\u201d a su rival<\/strong>.<\/p>\n\n\n\n<p class=\"wp-block-paragraph\">El propio Joaqu\u00edn Myzska, a trav\u00e9s de una carta, explic\u00f3 que se comunic\u00f3 con Shea, pero no hubo respuesta.<\/p>\n\n\n\n<h1 class=\"wp-block-heading\"><em>Rugbista uruguayo publica carta tras brutal tackle que lesion\u00f3 a chileno: \u00abEsto no busca justificar\u00bb<\/em><\/h1>\n\n\n\n<p class=\"wp-block-paragraph\">El rugbista uruguayo <strong>Joaqu\u00edn Myszka<\/strong> rompi\u00f3 el silencio luego de la pol\u00e9mica jugada que termin\u00f3 con <strong>una grave lesi\u00f3n del chileno Emilio Shea<\/strong> durante el duelo entre Chile XV y Uruguay XV, el s\u00e1bado en Talcahuano, por la primera fecha del Americas Rugby Championship.<\/p>\n\n\n\n<p class=\"wp-block-paragraph\">A trav\u00e9s de una declaraci\u00f3n p\u00fablica en sus redes sociales, el hooker de Los Teros <strong>reconoci\u00f3 su responsabilidad<\/strong> en la acci\u00f3n y asegur\u00f3 que decidi\u00f3 esperar algunos d\u00edas antes de referirse p\u00fablicamente a lo ocurrido.<\/p>\n\n\n\n<p class=\"wp-block-paragraph\">\u201c<strong>Cuando uno comete un error, lo \u00fanico que se puede hacer es aceptarlo, as\u00ed como sus consecuencias<\/strong>\u201d, expres\u00f3 Myszka, quien adem\u00e1s se\u00f1al\u00f3 que ya se hab\u00eda puesto en contacto con Shea para disculparse y conocer su estado de salud.<\/p>\n\n\n\n<p class=\"wp-block-paragraph\">\u201c<strong>Ya me puse en contacto con Emilio, primero para disculparme, luego del encuentro y luego para saber en la situaci\u00f3n que se encontraba y ponerme a disposici\u00f3n de lo que precisara<\/strong>\u201d, relat\u00f3 el charr\u00faa.<\/p>\n\n\n\n<p class=\"wp-block-paragraph\">Seg\u00fan explic\u00f3, todav\u00eda no ha recibido una respuesta del seleccionado chileno, aunque asegur\u00f3 que tampoco la est\u00e1 buscando.<\/p>\n\n\n\n<p class=\"wp-block-paragraph\">\u201c<strong>Espero que se recupere pronto, que el proceso sea lo m\u00e1s leve posible y poder verlo jugar muchos partidos m\u00e1s a lo largo de su carrera<\/strong>\u201d, agreg\u00f3.<\/p>\n\n\n\n<p class=\"wp-block-paragraph\">La acci\u00f3n ocurri\u00f3 el s\u00e1bado 29 de agosto en el Estadio Huachipato CAP de Talcahuano, durante el partido que Chile termin\u00f3 ganando por 33-12. Shea ya hab\u00eda soltado el bal\u00f3n cuando recibi\u00f3 el tackle de Myszka directamente sobre su rodilla derecha. La jugada provoc\u00f3 la expulsi\u00f3n del uruguayo y posteriormente desencaden\u00f3 una pelea entre ambos equipos.<\/p>\n\n\n\n<p class=\"wp-block-paragraph\">Las consecuencias para Shea fueron especialmente graves. El pilar sufri\u00f3 <strong>una lesi\u00f3n multiligamentaria de alto grado en la rodilla derecha<\/strong>, estableciendo el per\u00edodo de recuperaci\u00f3n en unos <strong>12 meses<\/strong>.<\/p>\n\n\n\n<p class=\"wp-block-paragraph\">La gravedad del diagn\u00f3stico incluso pone en duda su participaci\u00f3n en los pr\u00f3ximos grandes desaf\u00edos de la selecci\u00f3n chilena, incluido el <strong>Mundial de Australia 2027<\/strong>, aunque Shea manifest\u00f3 p\u00fablicamente su intenci\u00f3n de trabajar para regresar y representar nuevamente al pa\u00eds.<\/p>\n\n\n\n<h2 class=\"wp-block-heading\">\u201cEsto no busca justificar de ninguna manera lo sucedido\u201d<\/h2>\n\n\n\n<p class=\"wp-block-paragraph\">En su mensaje, Myszka tambi\u00e9n se refiri\u00f3 al debate generado posteriormente en redes sociales. Agradeci\u00f3 las muestras de apoyo recibidas y llam\u00f3 a tener responsabilidad con las palabras utilizadas en internet.<\/p>\n\n\n\n<p class=\"wp-block-paragraph\">\u201c<strong>Todo lo que se expresa en redes sociales tiene consecuencias y puede repercutir directamente en la persona que se encuentra detr\u00e1s de la pantalla<\/strong>\u201d, sostuvo.<\/p>\n\n\n\n<p class=\"wp-block-paragraph\">El uruguayo tambi\u00e9n plante\u00f3 que las situaciones de contacto forman parte de la naturaleza del rugby, aunque remarc\u00f3 que esa realidad no debe utilizarse para justificar lo ocurrido.<\/p>\n\n\n\n<p class=\"wp-block-paragraph\">\u201c<strong>Esto no busca justificar de ninguna manera lo sucedido, ni tampoco quitarle importancia<\/strong>\u201d, afirm\u00f3.<\/p>\n\n\n\n<p class=\"wp-block-paragraph\">Su declaraci\u00f3n se conoci\u00f3 despu\u00e9s de que Sudam\u00e9rica Rugby oficializara la sanci\u00f3n por la acci\u00f3n. Myszka recibi\u00f3 inicialmente una suspensi\u00f3n correspondiente a 26 partidos por foul play de nivel alto, pena que fue reducida a <strong>13 encuentros<\/strong> luego de considerarse factores atenuantes, entre ellos su arrepentimiento y la ausencia de antecedentes de expulsiones de esa magnitud.<\/p>\n\n\n\n<p class=\"wp-block-paragraph\"><\/p>\n","protected":false},"excerpt":{"rendered":"<p>El rugbista chileno Emilio Shea atraviesa un duro momento en su carrera al, lamentablemente, sufrir una grave lesi\u00f3n producto de un tackle del uruguayo Joaqu\u00edn Myzska en la primera fecha del Americas Rugby Championship (ARC). El diagn\u00f3stico, de por s\u00ed, es grave: doce meses de ausencia y, m\u00e1s a\u00fan, perderse el Mundial de 2027 al<\/p>\n<div class=\"read-more-wrapper\"><a class=\"read-more\" href=\"https:\/\/diarioellabrador.cl\/index.php\/2026\/09\/03\/chile-rugby-apelara-a-sancion-de-uruguayo-que-lesiono-a-emilio-shea-los-motivos-que-redujeron-pena\/\" title=\"Leer m\u00e1s\"> <span class=\"button \">Leer m\u00e1s<\/span><\/a><\/div>\n","protected":false},"author":2,"featured_media":24430,"comment_status":"open","ping_status":"open","sticky":false,"template":"","format":"standard","meta":{"footnotes":"","_members_access_role":[],"_members_access_error":""},"categories":[4],"tags":[],"class_list":["post-24473","post","type-post","status-publish","format-standard","has-post-thumbnail","hentry","category-deportes"],"yoast_head":"<!-- This site is optimized with the Yoast SEO plugin v28.4 - https:\/\/yoast.com\/product\/yoast-seo-wordpress\/ -->\n<title>Chile Rugby apelar\u00e1 a sanci\u00f3n de uruguayo que lesion\u00f3 a Emilio Shea: los motivos que redujeron pena - Diario El Labrador<\/title>\n<meta name=\"robots\" content=\"index, follow, max-snippet:-1, max-image-preview:large, max-video-preview:-1\" \/>\n<link rel=\"canonical\" href=\"https:\/\/diarioellabrador.cl\/index.php\/2026\/09\/03\/chile-rugby-apelara-a-sancion-de-uruguayo-que-lesiono-a-emilio-shea-los-motivos-que-redujeron-pena\/\" \/>\n<meta property=\"og:locale\" content=\"es_ES\" \/>\n<meta property=\"og:type\" content=\"article\" \/>\n<meta property=\"og:title\" content=\"Chile Rugby apelar\u00e1 a sanci\u00f3n de uruguayo que lesion\u00f3 a Emilio Shea: los motivos que redujeron pena - Diario El Labrador\" \/>\n<meta property=\"og:description\" content=\"El rugbista chileno Emilio Shea atraviesa un duro momento en su carrera al, lamentablemente, sufrir una grave lesi\u00f3n producto de un tackle del uruguayo Joaqu\u00edn Myzska en la primera fecha del Americas Rugby Championship (ARC). El diagn\u00f3stico, de por s\u00ed, es grave: doce meses de ausencia y, m\u00e1s a\u00fan, perderse el Mundial de 2027 al Leer m\u00e1s\" \/>\n<meta property=\"og:url\" content=\"https:\/\/diarioellabrador.cl\/index.php\/2026\/09\/03\/chile-rugby-apelara-a-sancion-de-uruguayo-que-lesiono-a-emilio-shea-los-motivos-que-redujeron-pena\/\" \/>\n<meta property=\"og:site_name\" content=\"Diario El Labrador\" \/>\n<meta property=\"article:publisher\" content=\"https:\/\/web.facebook.com\/profile.php?id=61576120840621\" \/>\n<meta property=\"article:published_time\" content=\"2026-09-03T22:46:15+00:00\" \/>\n<meta property=\"article:modified_time\" content=\"2026-09-03T22:46:20+00:00\" \/>\n<meta property=\"og:image\" content=\"https:\/\/diarioellabrador.cl\/wp-content\/uploads\/2026\/09\/Chile-Rugby-apelara-a-sancion-de-uruguayo-que-lesiono-a-Emilio-Shea-los-motivos-que-redujeron-pena.jpg\" \/>\n\t<meta property=\"og:image:width\" content=\"1200\" \/>\n\t<meta property=\"og:image:height\" content=\"630\" \/>\n\t<meta property=\"og:image:type\" content=\"image\/jpeg\" \/>\n<meta name=\"author\" content=\"Editor\" \/>\n<meta name=\"twitter:card\" content=\"summary_large_image\" \/>\n<meta name=\"twitter:creator\" content=\"@ElLabradorOf\" \/>\n<meta name=\"twitter:site\" content=\"@ElLabradorOf\" \/>\n<meta name=\"twitter:label1\" content=\"Escrito por\" \/>\n\t<meta name=\"twitter:data1\" content=\"Editor\" \/>\n\t<meta name=\"twitter:label2\" content=\"Tiempo de lectura\" \/>\n\t<meta name=\"twitter:data2\" content=\"4 minutos\" \/>\n<script type=\"application\/ld+json\" class=\"yoast-schema-graph\">{\"@context\":\"https:\\\/\\\/schema.org\",\"@graph\":[{\"@type\":\"Article\",\"@id\":\"https:\\\/\\\/diarioellabrador.cl\\\/index.php\\\/2026\\\/09\\\/03\\\/chile-rugby-apelara-a-sancion-de-uruguayo-que-lesiono-a-emilio-shea-los-motivos-que-redujeron-pena\\\/#article\",\"isPartOf\":{\"@id\":\"https:\\\/\\\/diarioellabrador.cl\\\/index.php\\\/2026\\\/09\\\/03\\\/chile-rugby-apelara-a-sancion-de-uruguayo-que-lesiono-a-emilio-shea-los-motivos-que-redujeron-pena\\\/\"},\"author\":{\"name\":\"Editor\",\"@id\":\"https:\\\/\\\/diarioellabrador.cl\\\/#\\\/schema\\\/person\\\/bc25ff80b4563f9c7f4bd7855df01685\"},\"headline\":\"Chile Rugby apelar\u00e1 a sanci\u00f3n de uruguayo que lesion\u00f3 a Emilio Shea: los motivos que redujeron pena\",\"datePublished\":\"2026-09-03T22:46:15+00:00\",\"dateModified\":\"2026-09-03T22:46:20+00:00\",\"mainEntityOfPage\":{\"@id\":\"https:\\\/\\\/diarioellabrador.cl\\\/index.php\\\/2026\\\/09\\\/03\\\/chile-rugby-apelara-a-sancion-de-uruguayo-que-lesiono-a-emilio-shea-los-motivos-que-redujeron-pena\\\/\"},\"wordCount\":788,\"commentCount\":0,\"publisher\":{\"@id\":\"https:\\\/\\\/diarioellabrador.cl\\\/#organization\"},\"image\":{\"@id\":\"https:\\\/\\\/diarioellabrador.cl\\\/index.php\\\/2026\\\/09\\\/03\\\/chile-rugby-apelara-a-sancion-de-uruguayo-que-lesiono-a-emilio-shea-los-motivos-que-redujeron-pena\\\/#primaryimage\"},\"thumbnailUrl\":\"https:\\\/\\\/diarioellabrador.cl\\\/wp-content\\\/uploads\\\/2026\\\/09\\\/Chile-Rugby-apelara-a-sancion-de-uruguayo-que-lesiono-a-Emilio-Shea-los-motivos-que-redujeron-pena.jpg\",\"articleSection\":[\"Deportes\"],\"inLanguage\":\"es\",\"potentialAction\":[{\"@type\":\"CommentAction\",\"name\":\"Comment\",\"target\":[\"https:\\\/\\\/diarioellabrador.cl\\\/index.php\\\/2026\\\/09\\\/03\\\/chile-rugby-apelara-a-sancion-de-uruguayo-que-lesiono-a-emilio-shea-los-motivos-que-redujeron-pena\\\/#respond\"]}]},{\"@type\":\"WebPage\",\"@id\":\"https:\\\/\\\/diarioellabrador.cl\\\/index.php\\\/2026\\\/09\\\/03\\\/chile-rugby-apelara-a-sancion-de-uruguayo-que-lesiono-a-emilio-shea-los-motivos-que-redujeron-pena\\\/\",\"url\":\"https:\\\/\\\/diarioellabrador.cl\\\/index.php\\\/2026\\\/09\\\/03\\\/chile-rugby-apelara-a-sancion-de-uruguayo-que-lesiono-a-emilio-shea-los-motivos-que-redujeron-pena\\\/\",\"name\":\"Chile Rugby apelar\u00e1 a sanci\u00f3n de uruguayo que lesion\u00f3 a Emilio Shea: los motivos que redujeron pena - Diario El Labrador\",\"isPartOf\":{\"@id\":\"https:\\\/\\\/diarioellabrador.cl\\\/#website\"},\"primaryImageOfPage\":{\"@id\":\"https:\\\/\\\/diarioellabrador.cl\\\/index.php\\\/2026\\\/09\\\/03\\\/chile-rugby-apelara-a-sancion-de-uruguayo-que-lesiono-a-emilio-shea-los-motivos-que-redujeron-pena\\\/#primaryimage\"},\"image\":{\"@id\":\"https:\\\/\\\/diarioellabrador.cl\\\/index.php\\\/2026\\\/09\\\/03\\\/chile-rugby-apelara-a-sancion-de-uruguayo-que-lesiono-a-emilio-shea-los-motivos-que-redujeron-pena\\\/#primaryimage\"},\"thumbnailUrl\":\"https:\\\/\\\/diarioellabrador.cl\\\/wp-content\\\/uploads\\\/2026\\\/09\\\/Chile-Rugby-apelara-a-sancion-de-uruguayo-que-lesiono-a-Emilio-Shea-los-motivos-que-redujeron-pena.jpg\",\"datePublished\":\"2026-09-03T22:46:15+00:00\",\"dateModified\":\"2026-09-03T22:46:20+00:00\",\"breadcrumb\":{\"@id\":\"https:\\\/\\\/diarioellabrador.cl\\\/index.php\\\/2026\\\/09\\\/03\\\/chile-rugby-apelara-a-sancion-de-uruguayo-que-lesiono-a-emilio-shea-los-motivos-que-redujeron-pena\\\/#breadcrumb\"},\"inLanguage\":\"es\",\"potentialAction\":[{\"@type\":\"ReadAction\",\"target\":[\"https:\\\/\\\/diarioellabrador.cl\\\/index.php\\\/2026\\\/09\\\/03\\\/chile-rugby-apelara-a-sancion-de-uruguayo-que-lesiono-a-emilio-shea-los-motivos-que-redujeron-pena\\\/\"]}]},{\"@type\":\"ImageObject\",\"inLanguage\":\"es\",\"@id\":\"https:\\\/\\\/diarioellabrador.cl\\\/index.php\\\/2026\\\/09\\\/03\\\/chile-rugby-apelara-a-sancion-de-uruguayo-que-lesiono-a-emilio-shea-los-motivos-que-redujeron-pena\\\/#primaryimage\",\"url\":\"https:\\\/\\\/diarioellabrador.cl\\\/wp-content\\\/uploads\\\/2026\\\/09\\\/Chile-Rugby-apelara-a-sancion-de-uruguayo-que-lesiono-a-Emilio-Shea-los-motivos-que-redujeron-pena.jpg\",\"contentUrl\":\"https:\\\/\\\/diarioellabrador.cl\\\/wp-content\\\/uploads\\\/2026\\\/09\\\/Chile-Rugby-apelara-a-sancion-de-uruguayo-que-lesiono-a-Emilio-Shea-los-motivos-que-redujeron-pena.jpg\",\"width\":1200,\"height\":630},{\"@type\":\"BreadcrumbList\",\"@id\":\"https:\\\/\\\/diarioellabrador.cl\\\/index.php\\\/2026\\\/09\\\/03\\\/chile-rugby-apelara-a-sancion-de-uruguayo-que-lesiono-a-emilio-shea-los-motivos-que-redujeron-pena\\\/#breadcrumb\",\"itemListElement\":[{\"@type\":\"ListItem\",\"position\":1,\"name\":\"Portada\",\"item\":\"https:\\\/\\\/diarioellabrador.cl\\\/\"},{\"@type\":\"ListItem\",\"position\":2,\"name\":\"Chile Rugby apelar\u00e1 a sanci\u00f3n de uruguayo que lesion\u00f3 a Emilio Shea: los motivos que redujeron pena\"}]},{\"@type\":\"WebSite\",\"@id\":\"https:\\\/\\\/diarioellabrador.cl\\\/#website\",\"url\":\"https:\\\/\\\/diarioellabrador.cl\\\/\",\"name\":\"Diario El Labrador\",\"description\":\"Haciendo noticia desde 1921\",\"publisher\":{\"@id\":\"https:\\\/\\\/diarioellabrador.cl\\\/#organization\"},\"potentialAction\":[{\"@type\":\"SearchAction\",\"target\":{\"@type\":\"EntryPoint\",\"urlTemplate\":\"https:\\\/\\\/diarioellabrador.cl\\\/?s={search_term_string}\"},\"query-input\":{\"@type\":\"PropertyValueSpecification\",\"valueRequired\":true,\"valueName\":\"search_term_string\"}}],\"inLanguage\":\"es\"},{\"@type\":\"Organization\",\"@id\":\"https:\\\/\\\/diarioellabrador.cl\\\/#organization\",\"name\":\"Diario El Labrador\",\"url\":\"https:\\\/\\\/diarioellabrador.cl\\\/\",\"logo\":{\"@type\":\"ImageObject\",\"inLanguage\":\"es\",\"@id\":\"https:\\\/\\\/diarioellabrador.cl\\\/#\\\/schema\\\/logo\\\/image\\\/\",\"url\":\"https:\\\/\\\/diarioellabrador.cl\\\/wp-content\\\/uploads\\\/2025\\\/02\\\/cropped-Logo-Icono.png\",\"contentUrl\":\"https:\\\/\\\/diarioellabrador.cl\\\/wp-content\\\/uploads\\\/2025\\\/02\\\/cropped-Logo-Icono.png\",\"width\":512,\"height\":512,\"caption\":\"Diario El Labrador\"},\"image\":{\"@id\":\"https:\\\/\\\/diarioellabrador.cl\\\/#\\\/schema\\\/logo\\\/image\\\/\"},\"sameAs\":[\"https:\\\/\\\/web.facebook.com\\\/profile.php?id=61576120840621\",\"https:\\\/\\\/x.com\\\/ElLabradorOf\",\"https:\\\/\\\/www.instagram.com\\\/diarioellabradoroficial\\\/\"]},{\"@type\":\"Person\",\"@id\":\"https:\\\/\\\/diarioellabrador.cl\\\/#\\\/schema\\\/person\\\/bc25ff80b4563f9c7f4bd7855df01685\",\"name\":\"Editor\",\"image\":{\"@type\":\"ImageObject\",\"inLanguage\":\"es\",\"@id\":\"https:\\\/\\\/secure.gravatar.com\\\/avatar\\\/109c326cf2be5c04f048c2c2a2b8b6ef44bf3d8d1d3d4c55d0ac40c4bc994684?s=96&d=initials&r=g&initials=ed\",\"url\":\"https:\\\/\\\/secure.gravatar.com\\\/avatar\\\/109c326cf2be5c04f048c2c2a2b8b6ef44bf3d8d1d3d4c55d0ac40c4bc994684?s=96&d=initials&r=g&initials=ed\",\"contentUrl\":\"https:\\\/\\\/secure.gravatar.com\\\/avatar\\\/109c326cf2be5c04f048c2c2a2b8b6ef44bf3d8d1d3d4c55d0ac40c4bc994684?s=96&d=initials&r=g&initials=ed\",\"caption\":\"Editor\"},\"url\":\"https:\\\/\\\/diarioellabrador.cl\\\/index.php\\\/author\\\/editor\\\/\"}]}<\/script>\n<!-- \/ Yoast SEO plugin. -->","yoast_head_json":{"title":"Chile Rugby apelar\u00e1 a sanci\u00f3n de uruguayo que lesion\u00f3 a Emilio Shea: los motivos que redujeron pena - Diario El Labrador","robots":{"index":"index","follow":"follow","max-snippet":"max-snippet:-1","max-image-preview":"max-image-preview:large","max-video-preview":"max-video-preview:-1"},"canonical":"https:\/\/diarioellabrador.cl\/index.php\/2026\/09\/03\/chile-rugby-apelara-a-sancion-de-uruguayo-que-lesiono-a-emilio-shea-los-motivos-que-redujeron-pena\/","og_locale":"es_ES","og_type":"article","og_title":"Chile Rugby apelar\u00e1 a sanci\u00f3n de uruguayo que lesion\u00f3 a Emilio Shea: los motivos que redujeron pena - Diario El Labrador","og_description":"El rugbista chileno Emilio Shea atraviesa un duro momento en su carrera al, lamentablemente, sufrir una grave lesi\u00f3n producto de un tackle del uruguayo Joaqu\u00edn Myzska en la primera fecha del Americas Rugby Championship (ARC). El diagn\u00f3stico, de por s\u00ed, es grave: doce meses de ausencia y, m\u00e1s a\u00fan, perderse el Mundial de 2027 al Leer m\u00e1s","og_url":"https:\/\/diarioellabrador.cl\/index.php\/2026\/09\/03\/chile-rugby-apelara-a-sancion-de-uruguayo-que-lesiono-a-emilio-shea-los-motivos-que-redujeron-pena\/","og_site_name":"Diario El Labrador","article_publisher":"https:\/\/web.facebook.com\/profile.php?id=61576120840621","article_published_time":"2026-09-03T22:46:15+00:00","article_modified_time":"2026-09-03T22:46:20+00:00","og_image":[{"width":1200,"height":630,"url":"https:\/\/diarioellabrador.cl\/wp-content\/uploads\/2026\/09\/Chile-Rugby-apelara-a-sancion-de-uruguayo-que-lesiono-a-Emilio-Shea-los-motivos-que-redujeron-pena.jpg","type":"image\/jpeg"}],"author":"Editor","twitter_card":"summary_large_image","twitter_creator":"@ElLabradorOf","twitter_site":"@ElLabradorOf","twitter_misc":{"Escrito por":"Editor","Tiempo de lectura":"4 minutos"},"schema":{"@context":"https:\/\/schema.org","@graph":[{"@type":"Article","@id":"https:\/\/diarioellabrador.cl\/index.php\/2026\/09\/03\/chile-rugby-apelara-a-sancion-de-uruguayo-que-lesiono-a-emilio-shea-los-motivos-que-redujeron-pena\/#article","isPartOf":{"@id":"https:\/\/diarioellabrador.cl\/index.php\/2026\/09\/03\/chile-rugby-apelara-a-sancion-de-uruguayo-que-lesiono-a-emilio-shea-los-motivos-que-redujeron-pena\/"},"author":{"name":"Editor","@id":"https:\/\/diarioellabrador.cl\/#\/schema\/person\/bc25ff80b4563f9c7f4bd7855df01685"},"headline":"Chile Rugby apelar\u00e1 a sanci\u00f3n de uruguayo que lesion\u00f3 a Emilio Shea: los motivos que redujeron pena","datePublished":"2026-09-03T22:46:15+00:00","dateModified":"2026-09-03T22:46:20+00:00","mainEntityOfPage":{"@id":"https:\/\/diarioellabrador.cl\/index.php\/2026\/09\/03\/chile-rugby-apelara-a-sancion-de-uruguayo-que-lesiono-a-emilio-shea-los-motivos-que-redujeron-pena\/"},"wordCount":788,"commentCount":0,"publisher":{"@id":"https:\/\/diarioellabrador.cl\/#organization"},"image":{"@id":"https:\/\/diarioellabrador.cl\/index.php\/2026\/09\/03\/chile-rugby-apelara-a-sancion-de-uruguayo-que-lesiono-a-emilio-shea-los-motivos-que-redujeron-pena\/#primaryimage"},"thumbnailUrl":"https:\/\/diarioellabrador.cl\/wp-content\/uploads\/2026\/09\/Chile-Rugby-apelara-a-sancion-de-uruguayo-que-lesiono-a-Emilio-Shea-los-motivos-que-redujeron-pena.jpg","articleSection":["Deportes"],"inLanguage":"es","potentialAction":[{"@type":"CommentAction","name":"Comment","target":["https:\/\/diarioellabrador.cl\/index.php\/2026\/09\/03\/chile-rugby-apelara-a-sancion-de-uruguayo-que-lesiono-a-emilio-shea-los-motivos-que-redujeron-pena\/#respond"]}]},{"@type":"WebPage","@id":"https:\/\/diarioellabrador.cl\/index.php\/2026\/09\/03\/chile-rugby-apelara-a-sancion-de-uruguayo-que-lesiono-a-emilio-shea-los-motivos-que-redujeron-pena\/","url":"https:\/\/diarioellabrador.cl\/index.php\/2026\/09\/03\/chile-rugby-apelara-a-sancion-de-uruguayo-que-lesiono-a-emilio-shea-los-motivos-que-redujeron-pena\/","name":"Chile Rugby apelar\u00e1 a sanci\u00f3n de uruguayo que lesion\u00f3 a Emilio Shea: los motivos que redujeron pena - Diario El Labrador","isPartOf":{"@id":"https:\/\/diarioellabrador.cl\/#website"},"primaryImageOfPage":{"@id":"https:\/\/diarioellabrador.cl\/index.php\/2026\/09\/03\/chile-rugby-apelara-a-sancion-de-uruguayo-que-lesiono-a-emilio-shea-los-motivos-que-redujeron-pena\/#primaryimage"},"image":{"@id":"https:\/\/diarioellabrador.cl\/index.php\/2026\/09\/03\/chile-rugby-apelara-a-sancion-de-uruguayo-que-lesiono-a-emilio-shea-los-motivos-que-redujeron-pena\/#primaryimage"},"thumbnailUrl":"https:\/\/diarioellabrador.cl\/wp-content\/uploads\/2026\/09\/Chile-Rugby-apelara-a-sancion-de-uruguayo-que-lesiono-a-Emilio-Shea-los-motivos-que-redujeron-pena.jpg","datePublished":"2026-09-03T22:46:15+00:00","dateModified":"2026-09-03T22:46:20+00:00","breadcrumb":{"@id":"https:\/\/diarioellabrador.cl\/index.php\/2026\/09\/03\/chile-rugby-apelara-a-sancion-de-uruguayo-que-lesiono-a-emilio-shea-los-motivos-que-redujeron-pena\/#breadcrumb"},"inLanguage":"es","potentialAction":[{"@type":"ReadAction","target":["https:\/\/diarioellabrador.cl\/index.php\/2026\/09\/03\/chile-rugby-apelara-a-sancion-de-uruguayo-que-lesiono-a-emilio-shea-los-motivos-que-redujeron-pena\/"]}]},{"@type":"ImageObject","inLanguage":"es","@id":"https:\/\/diarioellabrador.cl\/index.php\/2026\/09\/03\/chile-rugby-apelara-a-sancion-de-uruguayo-que-lesiono-a-emilio-shea-los-motivos-que-redujeron-pena\/#primaryimage","url":"https:\/\/diarioellabrador.cl\/wp-content\/uploads\/2026\/09\/Chile-Rugby-apelara-a-sancion-de-uruguayo-que-lesiono-a-Emilio-Shea-los-motivos-que-redujeron-pena.jpg","contentUrl":"https:\/\/diarioellabrador.cl\/wp-content\/uploads\/2026\/09\/Chile-Rugby-apelara-a-sancion-de-uruguayo-que-lesiono-a-Emilio-Shea-los-motivos-que-redujeron-pena.jpg","width":1200,"height":630},{"@type":"BreadcrumbList","@id":"https:\/\/diarioellabrador.cl\/index.php\/2026\/09\/03\/chile-rugby-apelara-a-sancion-de-uruguayo-que-lesiono-a-emilio-shea-los-motivos-que-redujeron-pena\/#breadcrumb","itemListElement":[{"@type":"ListItem","position":1,"name":"Portada","item":"https:\/\/diarioellabrador.cl\/"},{"@type":"ListItem","position":2,"name":"Chile Rugby apelar\u00e1 a sanci\u00f3n de uruguayo que lesion\u00f3 a Emilio Shea: los motivos que redujeron pena"}]},{"@type":"WebSite","@id":"https:\/\/diarioellabrador.cl\/#website","url":"https:\/\/diarioellabrador.cl\/","name":"Diario El Labrador","description":"Haciendo noticia desde 1921","publisher":{"@id":"https:\/\/diarioellabrador.cl\/#organization"},"potentialAction":[{"@type":"SearchAction","target":{"@type":"EntryPoint","urlTemplate":"https:\/\/diarioellabrador.cl\/?s={search_term_string}"},"query-input":{"@type":"PropertyValueSpecification","valueRequired":true,"valueName":"search_term_string"}}],"inLanguage":"es"},{"@type":"Organization","@id":"https:\/\/diarioellabrador.cl\/#organization","name":"Diario El Labrador","url":"https:\/\/diarioellabrador.cl\/","logo":{"@type":"ImageObject","inLanguage":"es","@id":"https:\/\/diarioellabrador.cl\/#\/schema\/logo\/image\/","url":"https:\/\/diarioellabrador.cl\/wp-content\/uploads\/2025\/02\/cropped-Logo-Icono.png","contentUrl":"https:\/\/diarioellabrador.cl\/wp-content\/uploads\/2025\/02\/cropped-Logo-Icono.png","width":512,"height":512,"caption":"Diario El Labrador"},"image":{"@id":"https:\/\/diarioellabrador.cl\/#\/schema\/logo\/image\/"},"sameAs":["https:\/\/web.facebook.com\/profile.php?id=61576120840621","https:\/\/x.com\/ElLabradorOf","https:\/\/www.instagram.com\/diarioellabradoroficial\/"]},{"@type":"Person","@id":"https:\/\/diarioellabrador.cl\/#\/schema\/person\/bc25ff80b4563f9c7f4bd7855df01685","name":"Editor","image":{"@type":"ImageObject","inLanguage":"es","@id":"https:\/\/secure.gravatar.com\/avatar\/109c326cf2be5c04f048c2c2a2b8b6ef44bf3d8d1d3d4c55d0ac40c4bc994684?s=96&d=initials&r=g&initials=ed","url":"https:\/\/secure.gravatar.com\/avatar\/109c326cf2be5c04f048c2c2a2b8b6ef44bf3d8d1d3d4c55d0ac40c4bc994684?s=96&d=initials&r=g&initials=ed","contentUrl":"https:\/\/secure.gravatar.com\/avatar\/109c326cf2be5c04f048c2c2a2b8b6ef44bf3d8d1d3d4c55d0ac40c4bc994684?s=96&d=initials&r=g&initials=ed","caption":"Editor"},"url":"https:\/\/diarioellabrador.cl\/index.php\/author\/editor\/"}]}},"_links":{"self":[{"href":"https:\/\/diarioellabrador.cl\/index.php\/wp-json\/wp\/v2\/posts\/24473","targetHints":{"allow":["GET"]}}],"collection":[{"href":"https:\/\/diarioellabrador.cl\/index.php\/wp-json\/wp\/v2\/posts"}],"about":[{"href":"https:\/\/diarioellabrador.cl\/index.php\/wp-json\/wp\/v2\/types\/post"}],"author":[{"embeddable":true,"href":"https:\/\/diarioellabrador.cl\/index.php\/wp-json\/wp\/v2\/users\/2"}],"replies":[{"embeddable":true,"href":"https:\/\/diarioellabrador.cl\/index.php\/wp-json\/wp\/v2\/comments?post=24473"}],"version-history":[{"count":1,"href":"https:\/\/diarioellabrador.cl\/index.php\/wp-json\/wp\/v2\/posts\/24473\/revisions"}],"predecessor-version":[{"id":24474,"href":"https:\/\/diarioellabrador.cl\/index.php\/wp-json\/wp\/v2\/posts\/24473\/revisions\/24474"}],"wp:featuredmedia":[{"embeddable":true,"href":"https:\/\/diarioellabrador.cl\/index.php\/wp-json\/wp\/v2\/media\/24430"}],"wp:attachment":[{"href":"https:\/\/diarioellabrador.cl\/index.php\/wp-json\/wp\/v2\/media?parent=24473"}],"wp:term":[{"taxonomy":"category","embeddable":true,"href":"https:\/\/diarioellabrador.cl\/index.php\/wp-json\/wp\/v2\/categories?post=24473"},{"taxonomy":"post_tag","embeddable":true,"href":"https:\/\/diarioellabrador.cl\/index.php\/wp-json\/wp\/v2\/tags?post=24473"}],"curies":[{"name":"wp","href":"https:\/\/api.w.org\/{rel}","templated":true}]}}