{"id":24471,"date":"2026-09-03T18:45:15","date_gmt":"2026-09-03T22:45:15","guid":{"rendered":"https:\/\/diarioellabrador.cl\/?p=24471"},"modified":"2026-09-03T18:45:24","modified_gmt":"2026-09-03T22:45:24","slug":"inscripciones-para-la-expo-semana-de-la-chilenidad-estan-abiertas-hasta-hoy-viernes","status":"publish","type":"post","link":"https:\/\/diarioellabrador.cl\/index.php\/2026\/09\/03\/inscripciones-para-la-expo-semana-de-la-chilenidad-estan-abiertas-hasta-hoy-viernes\/","title":{"rendered":"Inscripciones para la Expo Semana de la Chilenidad est\u00e1n abiertas hasta hoy viernes"},"content":{"rendered":"\n<h1 class=\"wp-block-heading\">Por <a href=\"void();\">CaballoyRodeo.cl<\/a><\/h1>\n\n\n\n<p class=\"wp-block-paragraph\"><strong><em>Revisa los requisitos del proceso<\/em><\/strong>.<\/p>\n\n\n\n<p class=\"wp-block-paragraph\"><strong>Hasta este viernes 4 de septiembre se ampli\u00f3 el plazo de inscripciones<\/strong> para la <strong>Exposici\u00f3n de Caballos Raza Chilena<\/strong> que se realizar\u00e1 en la <strong>XXIX Semana de la Chilenidad<\/strong> el domingo 13 del mes de la patria.<\/p>\n\n\n\n<p class=\"wp-block-paragraph\">Los interesados en participar deber\u00e1n hacer llegar sus antecedentes a los correos electr\u00f3nicos <a href=\"mailto:comisiontecnica@fcch.cl\"><strong>comisiontecnica@fcch.cl<\/strong><\/a> y <a href=\"mailto:federacioncriadores@fcch.cl\"><strong>federacioncriadores@fcch.cl<\/strong><\/a><strong>,<\/strong> adjuntando la siguiente documentaci\u00f3n:<\/p>\n\n\n\n<ul class=\"wp-block-list\">\n<li>Carnet de Criador vigente, temporada 2026-2027.<\/li>\n\n\n\n<li>Pedigree del ejemplar por ambos lados.<\/li>\n<\/ul>\n\n\n\n<p class=\"wp-block-paragraph\">Se recuerda especialmente que <strong>todos los ejemplares participantes deber\u00e1n cumplir \u00edntegramente con los requisitos sanitarios y contar con la documentaci\u00f3n de traslado vigente exigida por el Servicio Agr\u00edcola y Ganadero (SAG).<\/strong><\/p>\n\n\n\n<p class=\"wp-block-paragraph\">Ser\u00e1 responsabilidad de cada propietario o participante verificar previamente el cumplimiento de estas exigencias para el ingreso, permanencia y traslado de los ejemplares.<\/p>\n\n\n\n<p class=\"wp-block-paragraph\">La Expo Semana de la Chilenidad 2026 se desarrollar\u00e1 el domingo 13 de septiembre en la <strong>Explanada<\/strong> del <strong>Parque Padre Hurtado<\/strong>.<\/p>\n\n\n\n<p class=\"wp-block-paragraph\"><\/p>\n","protected":false},"excerpt":{"rendered":"<p>Por CaballoyRodeo.cl Revisa los requisitos del proceso. Hasta este viernes 4 de septiembre se ampli\u00f3 el plazo de inscripciones para la Exposici\u00f3n de Caballos Raza Chilena que se realizar\u00e1 en la XXIX Semana de la Chilenidad el domingo 13 del mes de la patria. Los interesados en participar deber\u00e1n hacer llegar sus antecedentes a los<\/p>\n<div class=\"read-more-wrapper\"><a class=\"read-more\" href=\"https:\/\/diarioellabrador.cl\/index.php\/2026\/09\/03\/inscripciones-para-la-expo-semana-de-la-chilenidad-estan-abiertas-hasta-hoy-viernes\/\" title=\"Leer m\u00e1s\"> <span class=\"button \">Leer m\u00e1s<\/span><\/a><\/div>\n","protected":false},"author":2,"featured_media":24434,"comment_status":"open","ping_status":"open","sticky":false,"template":"","format":"standard","meta":{"footnotes":"","_members_access_role":[],"_members_access_error":""},"categories":[5],"tags":[],"class_list":["post-24471","post","type-post","status-publish","format-standard","has-post-thumbnail","hentry","category-rodeo"],"yoast_head":"<!-- This site is optimized with the Yoast SEO plugin v28.4 - https:\/\/yoast.com\/product\/yoast-seo-wordpress\/ -->\n<title>Inscripciones para la Expo Semana de la Chilenidad est\u00e1n abiertas hasta hoy viernes - Diario El Labrador<\/title>\n<meta name=\"robots\" content=\"index, follow, max-snippet:-1, max-image-preview:large, max-video-preview:-1\" \/>\n<link rel=\"canonical\" href=\"https:\/\/diarioellabrador.cl\/index.php\/2026\/09\/03\/inscripciones-para-la-expo-semana-de-la-chilenidad-estan-abiertas-hasta-hoy-viernes\/\" \/>\n<meta property=\"og:locale\" content=\"es_ES\" \/>\n<meta property=\"og:type\" content=\"article\" \/>\n<meta property=\"og:title\" content=\"Inscripciones para la Expo Semana de la Chilenidad est\u00e1n abiertas hasta hoy viernes - Diario El Labrador\" \/>\n<meta property=\"og:description\" content=\"Por CaballoyRodeo.cl Revisa los requisitos del proceso. Hasta este viernes 4 de septiembre se ampli\u00f3 el plazo de inscripciones para la Exposici\u00f3n de Caballos Raza Chilena que se realizar\u00e1 en la XXIX Semana de la Chilenidad el domingo 13 del mes de la patria. Los interesados en participar deber\u00e1n hacer llegar sus antecedentes a los Leer m\u00e1s\" \/>\n<meta property=\"og:url\" content=\"https:\/\/diarioellabrador.cl\/index.php\/2026\/09\/03\/inscripciones-para-la-expo-semana-de-la-chilenidad-estan-abiertas-hasta-hoy-viernes\/\" \/>\n<meta property=\"og:site_name\" content=\"Diario El Labrador\" \/>\n<meta property=\"article:publisher\" content=\"https:\/\/web.facebook.com\/profile.php?id=61576120840621\" \/>\n<meta property=\"article:published_time\" content=\"2026-09-03T22:45:15+00:00\" \/>\n<meta property=\"article:modified_time\" content=\"2026-09-03T22:45:24+00:00\" \/>\n<meta property=\"og:image\" content=\"https:\/\/diarioellabrador.cl\/wp-content\/uploads\/2026\/09\/Inscripciones-para-la-Expo-Semana-de-la-Chilenidad-estan-abiertas-hasta-hoy-viernes.jpg\" \/>\n\t<meta property=\"og:image:width\" content=\"750\" \/>\n\t<meta property=\"og:image:height\" content=\"390\" \/>\n\t<meta property=\"og:image:type\" content=\"image\/jpeg\" \/>\n<meta name=\"author\" content=\"Editor\" \/>\n<meta name=\"twitter:card\" content=\"summary_large_image\" \/>\n<meta name=\"twitter:creator\" content=\"@ElLabradorOf\" \/>\n<meta name=\"twitter:site\" content=\"@ElLabradorOf\" \/>\n<meta name=\"twitter:label1\" content=\"Escrito por\" \/>\n\t<meta name=\"twitter:data1\" content=\"Editor\" \/>\n\t<meta name=\"twitter:label2\" content=\"Tiempo de lectura\" \/>\n\t<meta name=\"twitter:data2\" content=\"1 minuto\" \/>\n<script type=\"application\/ld+json\" class=\"yoast-schema-graph\">{\"@context\":\"https:\\\/\\\/schema.org\",\"@graph\":[{\"@type\":\"Article\",\"@id\":\"https:\\\/\\\/diarioellabrador.cl\\\/index.php\\\/2026\\\/09\\\/03\\\/inscripciones-para-la-expo-semana-de-la-chilenidad-estan-abiertas-hasta-hoy-viernes\\\/#article\",\"isPartOf\":{\"@id\":\"https:\\\/\\\/diarioellabrador.cl\\\/index.php\\\/2026\\\/09\\\/03\\\/inscripciones-para-la-expo-semana-de-la-chilenidad-estan-abiertas-hasta-hoy-viernes\\\/\"},\"author\":{\"name\":\"Editor\",\"@id\":\"https:\\\/\\\/diarioellabrador.cl\\\/#\\\/schema\\\/person\\\/bc25ff80b4563f9c7f4bd7855df01685\"},\"headline\":\"Inscripciones para la Expo Semana de la Chilenidad est\u00e1n abiertas hasta hoy viernes\",\"datePublished\":\"2026-09-03T22:45:15+00:00\",\"dateModified\":\"2026-09-03T22:45:24+00:00\",\"mainEntityOfPage\":{\"@id\":\"https:\\\/\\\/diarioellabrador.cl\\\/index.php\\\/2026\\\/09\\\/03\\\/inscripciones-para-la-expo-semana-de-la-chilenidad-estan-abiertas-hasta-hoy-viernes\\\/\"},\"wordCount\":173,\"commentCount\":0,\"publisher\":{\"@id\":\"https:\\\/\\\/diarioellabrador.cl\\\/#organization\"},\"image\":{\"@id\":\"https:\\\/\\\/diarioellabrador.cl\\\/index.php\\\/2026\\\/09\\\/03\\\/inscripciones-para-la-expo-semana-de-la-chilenidad-estan-abiertas-hasta-hoy-viernes\\\/#primaryimage\"},\"thumbnailUrl\":\"https:\\\/\\\/diarioellabrador.cl\\\/wp-content\\\/uploads\\\/2026\\\/09\\\/Inscripciones-para-la-Expo-Semana-de-la-Chilenidad-estan-abiertas-hasta-hoy-viernes.jpg\",\"articleSection\":[\"Rodeo\"],\"inLanguage\":\"es\",\"potentialAction\":[{\"@type\":\"CommentAction\",\"name\":\"Comment\",\"target\":[\"https:\\\/\\\/diarioellabrador.cl\\\/index.php\\\/2026\\\/09\\\/03\\\/inscripciones-para-la-expo-semana-de-la-chilenidad-estan-abiertas-hasta-hoy-viernes\\\/#respond\"]}]},{\"@type\":\"WebPage\",\"@id\":\"https:\\\/\\\/diarioellabrador.cl\\\/index.php\\\/2026\\\/09\\\/03\\\/inscripciones-para-la-expo-semana-de-la-chilenidad-estan-abiertas-hasta-hoy-viernes\\\/\",\"url\":\"https:\\\/\\\/diarioellabrador.cl\\\/index.php\\\/2026\\\/09\\\/03\\\/inscripciones-para-la-expo-semana-de-la-chilenidad-estan-abiertas-hasta-hoy-viernes\\\/\",\"name\":\"Inscripciones para la Expo Semana de la Chilenidad est\u00e1n abiertas hasta hoy viernes - Diario El Labrador\",\"isPartOf\":{\"@id\":\"https:\\\/\\\/diarioellabrador.cl\\\/#website\"},\"primaryImageOfPage\":{\"@id\":\"https:\\\/\\\/diarioellabrador.cl\\\/index.php\\\/2026\\\/09\\\/03\\\/inscripciones-para-la-expo-semana-de-la-chilenidad-estan-abiertas-hasta-hoy-viernes\\\/#primaryimage\"},\"image\":{\"@id\":\"https:\\\/\\\/diarioellabrador.cl\\\/index.php\\\/2026\\\/09\\\/03\\\/inscripciones-para-la-expo-semana-de-la-chilenidad-estan-abiertas-hasta-hoy-viernes\\\/#primaryimage\"},\"thumbnailUrl\":\"https:\\\/\\\/diarioellabrador.cl\\\/wp-content\\\/uploads\\\/2026\\\/09\\\/Inscripciones-para-la-Expo-Semana-de-la-Chilenidad-estan-abiertas-hasta-hoy-viernes.jpg\",\"datePublished\":\"2026-09-03T22:45:15+00:00\",\"dateModified\":\"2026-09-03T22:45:24+00:00\",\"breadcrumb\":{\"@id\":\"https:\\\/\\\/diarioellabrador.cl\\\/index.php\\\/2026\\\/09\\\/03\\\/inscripciones-para-la-expo-semana-de-la-chilenidad-estan-abiertas-hasta-hoy-viernes\\\/#breadcrumb\"},\"inLanguage\":\"es\",\"potentialAction\":[{\"@type\":\"ReadAction\",\"target\":[\"https:\\\/\\\/diarioellabrador.cl\\\/index.php\\\/2026\\\/09\\\/03\\\/inscripciones-para-la-expo-semana-de-la-chilenidad-estan-abiertas-hasta-hoy-viernes\\\/\"]}]},{\"@type\":\"ImageObject\",\"inLanguage\":\"es\",\"@id\":\"https:\\\/\\\/diarioellabrador.cl\\\/index.php\\\/2026\\\/09\\\/03\\\/inscripciones-para-la-expo-semana-de-la-chilenidad-estan-abiertas-hasta-hoy-viernes\\\/#primaryimage\",\"url\":\"https:\\\/\\\/diarioellabrador.cl\\\/wp-content\\\/uploads\\\/2026\\\/09\\\/Inscripciones-para-la-Expo-Semana-de-la-Chilenidad-estan-abiertas-hasta-hoy-viernes.jpg\",\"contentUrl\":\"https:\\\/\\\/diarioellabrador.cl\\\/wp-content\\\/uploads\\\/2026\\\/09\\\/Inscripciones-para-la-Expo-Semana-de-la-Chilenidad-estan-abiertas-hasta-hoy-viernes.jpg\",\"width\":750,\"height\":390},{\"@type\":\"BreadcrumbList\",\"@id\":\"https:\\\/\\\/diarioellabrador.cl\\\/index.php\\\/2026\\\/09\\\/03\\\/inscripciones-para-la-expo-semana-de-la-chilenidad-estan-abiertas-hasta-hoy-viernes\\\/#breadcrumb\",\"itemListElement\":[{\"@type\":\"ListItem\",\"position\":1,\"name\":\"Portada\",\"item\":\"https:\\\/\\\/diarioellabrador.cl\\\/\"},{\"@type\":\"ListItem\",\"position\":2,\"name\":\"Inscripciones para la Expo Semana de la Chilenidad est\u00e1n abiertas hasta hoy viernes\"}]},{\"@type\":\"WebSite\",\"@id\":\"https:\\\/\\\/diarioellabrador.cl\\\/#website\",\"url\":\"https:\\\/\\\/diarioellabrador.cl\\\/\",\"name\":\"Diario El Labrador\",\"description\":\"Haciendo noticia desde 1921\",\"publisher\":{\"@id\":\"https:\\\/\\\/diarioellabrador.cl\\\/#organization\"},\"potentialAction\":[{\"@type\":\"SearchAction\",\"target\":{\"@type\":\"EntryPoint\",\"urlTemplate\":\"https:\\\/\\\/diarioellabrador.cl\\\/?s={search_term_string}\"},\"query-input\":{\"@type\":\"PropertyValueSpecification\",\"valueRequired\":true,\"valueName\":\"search_term_string\"}}],\"inLanguage\":\"es\"},{\"@type\":\"Organization\",\"@id\":\"https:\\\/\\\/diarioellabrador.cl\\\/#organization\",\"name\":\"Diario El Labrador\",\"url\":\"https:\\\/\\\/diarioellabrador.cl\\\/\",\"logo\":{\"@type\":\"ImageObject\",\"inLanguage\":\"es\",\"@id\":\"https:\\\/\\\/diarioellabrador.cl\\\/#\\\/schema\\\/logo\\\/image\\\/\",\"url\":\"https:\\\/\\\/diarioellabrador.cl\\\/wp-content\\\/uploads\\\/2025\\\/02\\\/cropped-Logo-Icono.png\",\"contentUrl\":\"https:\\\/\\\/diarioellabrador.cl\\\/wp-content\\\/uploads\\\/2025\\\/02\\\/cropped-Logo-Icono.png\",\"width\":512,\"height\":512,\"caption\":\"Diario El Labrador\"},\"image\":{\"@id\":\"https:\\\/\\\/diarioellabrador.cl\\\/#\\\/schema\\\/logo\\\/image\\\/\"},\"sameAs\":[\"https:\\\/\\\/web.facebook.com\\\/profile.php?id=61576120840621\",\"https:\\\/\\\/x.com\\\/ElLabradorOf\",\"https:\\\/\\\/www.instagram.com\\\/diarioellabradoroficial\\\/\"]},{\"@type\":\"Person\",\"@id\":\"https:\\\/\\\/diarioellabrador.cl\\\/#\\\/schema\\\/person\\\/bc25ff80b4563f9c7f4bd7855df01685\",\"name\":\"Editor\",\"image\":{\"@type\":\"ImageObject\",\"inLanguage\":\"es\",\"@id\":\"https:\\\/\\\/secure.gravatar.com\\\/avatar\\\/109c326cf2be5c04f048c2c2a2b8b6ef44bf3d8d1d3d4c55d0ac40c4bc994684?s=96&d=initials&r=g&initials=ed\",\"url\":\"https:\\\/\\\/secure.gravatar.com\\\/avatar\\\/109c326cf2be5c04f048c2c2a2b8b6ef44bf3d8d1d3d4c55d0ac40c4bc994684?s=96&d=initials&r=g&initials=ed\",\"contentUrl\":\"https:\\\/\\\/secure.gravatar.com\\\/avatar\\\/109c326cf2be5c04f048c2c2a2b8b6ef44bf3d8d1d3d4c55d0ac40c4bc994684?s=96&d=initials&r=g&initials=ed\",\"caption\":\"Editor\"},\"url\":\"https:\\\/\\\/diarioellabrador.cl\\\/index.php\\\/author\\\/editor\\\/\"}]}<\/script>\n<!-- \/ Yoast SEO plugin. -->","yoast_head_json":{"title":"Inscripciones para la Expo Semana de la Chilenidad est\u00e1n abiertas hasta hoy viernes - Diario El Labrador","robots":{"index":"index","follow":"follow","max-snippet":"max-snippet:-1","max-image-preview":"max-image-preview:large","max-video-preview":"max-video-preview:-1"},"canonical":"https:\/\/diarioellabrador.cl\/index.php\/2026\/09\/03\/inscripciones-para-la-expo-semana-de-la-chilenidad-estan-abiertas-hasta-hoy-viernes\/","og_locale":"es_ES","og_type":"article","og_title":"Inscripciones para la Expo Semana de la Chilenidad est\u00e1n abiertas hasta hoy viernes - Diario El Labrador","og_description":"Por CaballoyRodeo.cl Revisa los requisitos del proceso. Hasta este viernes 4 de septiembre se ampli\u00f3 el plazo de inscripciones para la Exposici\u00f3n de Caballos Raza Chilena que se realizar\u00e1 en la XXIX Semana de la Chilenidad el domingo 13 del mes de la patria. Los interesados en participar deber\u00e1n hacer llegar sus antecedentes a los Leer m\u00e1s","og_url":"https:\/\/diarioellabrador.cl\/index.php\/2026\/09\/03\/inscripciones-para-la-expo-semana-de-la-chilenidad-estan-abiertas-hasta-hoy-viernes\/","og_site_name":"Diario El Labrador","article_publisher":"https:\/\/web.facebook.com\/profile.php?id=61576120840621","article_published_time":"2026-09-03T22:45:15+00:00","article_modified_time":"2026-09-03T22:45:24+00:00","og_image":[{"width":750,"height":390,"url":"https:\/\/diarioellabrador.cl\/wp-content\/uploads\/2026\/09\/Inscripciones-para-la-Expo-Semana-de-la-Chilenidad-estan-abiertas-hasta-hoy-viernes.jpg","type":"image\/jpeg"}],"author":"Editor","twitter_card":"summary_large_image","twitter_creator":"@ElLabradorOf","twitter_site":"@ElLabradorOf","twitter_misc":{"Escrito por":"Editor","Tiempo de lectura":"1 minuto"},"schema":{"@context":"https:\/\/schema.org","@graph":[{"@type":"Article","@id":"https:\/\/diarioellabrador.cl\/index.php\/2026\/09\/03\/inscripciones-para-la-expo-semana-de-la-chilenidad-estan-abiertas-hasta-hoy-viernes\/#article","isPartOf":{"@id":"https:\/\/diarioellabrador.cl\/index.php\/2026\/09\/03\/inscripciones-para-la-expo-semana-de-la-chilenidad-estan-abiertas-hasta-hoy-viernes\/"},"author":{"name":"Editor","@id":"https:\/\/diarioellabrador.cl\/#\/schema\/person\/bc25ff80b4563f9c7f4bd7855df01685"},"headline":"Inscripciones para la Expo Semana de la Chilenidad est\u00e1n abiertas hasta hoy viernes","datePublished":"2026-09-03T22:45:15+00:00","dateModified":"2026-09-03T22:45:24+00:00","mainEntityOfPage":{"@id":"https:\/\/diarioellabrador.cl\/index.php\/2026\/09\/03\/inscripciones-para-la-expo-semana-de-la-chilenidad-estan-abiertas-hasta-hoy-viernes\/"},"wordCount":173,"commentCount":0,"publisher":{"@id":"https:\/\/diarioellabrador.cl\/#organization"},"image":{"@id":"https:\/\/diarioellabrador.cl\/index.php\/2026\/09\/03\/inscripciones-para-la-expo-semana-de-la-chilenidad-estan-abiertas-hasta-hoy-viernes\/#primaryimage"},"thumbnailUrl":"https:\/\/diarioellabrador.cl\/wp-content\/uploads\/2026\/09\/Inscripciones-para-la-Expo-Semana-de-la-Chilenidad-estan-abiertas-hasta-hoy-viernes.jpg","articleSection":["Rodeo"],"inLanguage":"es","potentialAction":[{"@type":"CommentAction","name":"Comment","target":["https:\/\/diarioellabrador.cl\/index.php\/2026\/09\/03\/inscripciones-para-la-expo-semana-de-la-chilenidad-estan-abiertas-hasta-hoy-viernes\/#respond"]}]},{"@type":"WebPage","@id":"https:\/\/diarioellabrador.cl\/index.php\/2026\/09\/03\/inscripciones-para-la-expo-semana-de-la-chilenidad-estan-abiertas-hasta-hoy-viernes\/","url":"https:\/\/diarioellabrador.cl\/index.php\/2026\/09\/03\/inscripciones-para-la-expo-semana-de-la-chilenidad-estan-abiertas-hasta-hoy-viernes\/","name":"Inscripciones para la Expo Semana de la Chilenidad est\u00e1n abiertas hasta hoy viernes - Diario El Labrador","isPartOf":{"@id":"https:\/\/diarioellabrador.cl\/#website"},"primaryImageOfPage":{"@id":"https:\/\/diarioellabrador.cl\/index.php\/2026\/09\/03\/inscripciones-para-la-expo-semana-de-la-chilenidad-estan-abiertas-hasta-hoy-viernes\/#primaryimage"},"image":{"@id":"https:\/\/diarioellabrador.cl\/index.php\/2026\/09\/03\/inscripciones-para-la-expo-semana-de-la-chilenidad-estan-abiertas-hasta-hoy-viernes\/#primaryimage"},"thumbnailUrl":"https:\/\/diarioellabrador.cl\/wp-content\/uploads\/2026\/09\/Inscripciones-para-la-Expo-Semana-de-la-Chilenidad-estan-abiertas-hasta-hoy-viernes.jpg","datePublished":"2026-09-03T22:45:15+00:00","dateModified":"2026-09-03T22:45:24+00:00","breadcrumb":{"@id":"https:\/\/diarioellabrador.cl\/index.php\/2026\/09\/03\/inscripciones-para-la-expo-semana-de-la-chilenidad-estan-abiertas-hasta-hoy-viernes\/#breadcrumb"},"inLanguage":"es","potentialAction":[{"@type":"ReadAction","target":["https:\/\/diarioellabrador.cl\/index.php\/2026\/09\/03\/inscripciones-para-la-expo-semana-de-la-chilenidad-estan-abiertas-hasta-hoy-viernes\/"]}]},{"@type":"ImageObject","inLanguage":"es","@id":"https:\/\/diarioellabrador.cl\/index.php\/2026\/09\/03\/inscripciones-para-la-expo-semana-de-la-chilenidad-estan-abiertas-hasta-hoy-viernes\/#primaryimage","url":"https:\/\/diarioellabrador.cl\/wp-content\/uploads\/2026\/09\/Inscripciones-para-la-Expo-Semana-de-la-Chilenidad-estan-abiertas-hasta-hoy-viernes.jpg","contentUrl":"https:\/\/diarioellabrador.cl\/wp-content\/uploads\/2026\/09\/Inscripciones-para-la-Expo-Semana-de-la-Chilenidad-estan-abiertas-hasta-hoy-viernes.jpg","width":750,"height":390},{"@type":"BreadcrumbList","@id":"https:\/\/diarioellabrador.cl\/index.php\/2026\/09\/03\/inscripciones-para-la-expo-semana-de-la-chilenidad-estan-abiertas-hasta-hoy-viernes\/#breadcrumb","itemListElement":[{"@type":"ListItem","position":1,"name":"Portada","item":"https:\/\/diarioellabrador.cl\/"},{"@type":"ListItem","position":2,"name":"Inscripciones para la Expo Semana de la Chilenidad est\u00e1n abiertas hasta hoy viernes"}]},{"@type":"WebSite","@id":"https:\/\/diarioellabrador.cl\/#website","url":"https:\/\/diarioellabrador.cl\/","name":"Diario El Labrador","description":"Haciendo noticia desde 1921","publisher":{"@id":"https:\/\/diarioellabrador.cl\/#organization"},"potentialAction":[{"@type":"SearchAction","target":{"@type":"EntryPoint","urlTemplate":"https:\/\/diarioellabrador.cl\/?s={search_term_string}"},"query-input":{"@type":"PropertyValueSpecification","valueRequired":true,"valueName":"search_term_string"}}],"inLanguage":"es"},{"@type":"Organization","@id":"https:\/\/diarioellabrador.cl\/#organization","name":"Diario El Labrador","url":"https:\/\/diarioellabrador.cl\/","logo":{"@type":"ImageObject","inLanguage":"es","@id":"https:\/\/diarioellabrador.cl\/#\/schema\/logo\/image\/","url":"https:\/\/diarioellabrador.cl\/wp-content\/uploads\/2025\/02\/cropped-Logo-Icono.png","contentUrl":"https:\/\/diarioellabrador.cl\/wp-content\/uploads\/2025\/02\/cropped-Logo-Icono.png","width":512,"height":512,"caption":"Diario El Labrador"},"image":{"@id":"https:\/\/diarioellabrador.cl\/#\/schema\/logo\/image\/"},"sameAs":["https:\/\/web.facebook.com\/profile.php?id=61576120840621","https:\/\/x.com\/ElLabradorOf","https:\/\/www.instagram.com\/diarioellabradoroficial\/"]},{"@type":"Person","@id":"https:\/\/diarioellabrador.cl\/#\/schema\/person\/bc25ff80b4563f9c7f4bd7855df01685","name":"Editor","image":{"@type":"ImageObject","inLanguage":"es","@id":"https:\/\/secure.gravatar.com\/avatar\/109c326cf2be5c04f048c2c2a2b8b6ef44bf3d8d1d3d4c55d0ac40c4bc994684?s=96&d=initials&r=g&initials=ed","url":"https:\/\/secure.gravatar.com\/avatar\/109c326cf2be5c04f048c2c2a2b8b6ef44bf3d8d1d3d4c55d0ac40c4bc994684?s=96&d=initials&r=g&initials=ed","contentUrl":"https:\/\/secure.gravatar.com\/avatar\/109c326cf2be5c04f048c2c2a2b8b6ef44bf3d8d1d3d4c55d0ac40c4bc994684?s=96&d=initials&r=g&initials=ed","caption":"Editor"},"url":"https:\/\/diarioellabrador.cl\/index.php\/author\/editor\/"}]}},"_links":{"self":[{"href":"https:\/\/diarioellabrador.cl\/index.php\/wp-json\/wp\/v2\/posts\/24471","targetHints":{"allow":["GET"]}}],"collection":[{"href":"https:\/\/diarioellabrador.cl\/index.php\/wp-json\/wp\/v2\/posts"}],"about":[{"href":"https:\/\/diarioellabrador.cl\/index.php\/wp-json\/wp\/v2\/types\/post"}],"author":[{"embeddable":true,"href":"https:\/\/diarioellabrador.cl\/index.php\/wp-json\/wp\/v2\/users\/2"}],"replies":[{"embeddable":true,"href":"https:\/\/diarioellabrador.cl\/index.php\/wp-json\/wp\/v2\/comments?post=24471"}],"version-history":[{"count":1,"href":"https:\/\/diarioellabrador.cl\/index.php\/wp-json\/wp\/v2\/posts\/24471\/revisions"}],"predecessor-version":[{"id":24472,"href":"https:\/\/diarioellabrador.cl\/index.php\/wp-json\/wp\/v2\/posts\/24471\/revisions\/24472"}],"wp:featuredmedia":[{"embeddable":true,"href":"https:\/\/diarioellabrador.cl\/index.php\/wp-json\/wp\/v2\/media\/24434"}],"wp:attachment":[{"href":"https:\/\/diarioellabrador.cl\/index.php\/wp-json\/wp\/v2\/media?parent=24471"}],"wp:term":[{"taxonomy":"category","embeddable":true,"href":"https:\/\/diarioellabrador.cl\/index.php\/wp-json\/wp\/v2\/categories?post=24471"},{"taxonomy":"post_tag","embeddable":true,"href":"https:\/\/diarioellabrador.cl\/index.php\/wp-json\/wp\/v2\/tags?post=24471"}],"curies":[{"name":"wp","href":"https:\/\/api.w.org\/{rel}","templated":true}]}}