{"id":24469,"date":"2026-09-03T18:44:06","date_gmt":"2026-09-03T22:44:06","guid":{"rendered":"https:\/\/diarioellabrador.cl\/?p=24469"},"modified":"2026-09-03T18:44:15","modified_gmt":"2026-09-03T22:44:15","slug":"semana-de-la-chilenidad-2026-cuando-es-y-donde-comprar-las-entradas","status":"publish","type":"post","link":"https:\/\/diarioellabrador.cl\/index.php\/2026\/09\/03\/semana-de-la-chilenidad-2026-cuando-es-y-donde-comprar-las-entradas\/","title":{"rendered":"Semana de la Chilenidad 2026: \u00bfCu\u00e1ndo es y d\u00f3nde comprar las entradas?"},"content":{"rendered":"\n<h1 class=\"wp-block-heading\">Por <a href=\"https:\/\/www.caballoyrodeo.cl\/portal_rodeo\/site\/artic\/20260526\/pags\/20260526183238.html\">Fernanda Silva Rodr\u00edguez<\/a><\/h1>\n\n\n\n<p class=\"wp-block-paragraph\"><strong><em>El tradicional evento de Fiestas Patrias se realizar\u00e1 del 12 al 20 de septiembre en el Parque Padre Hurtado, con jornadas de receso los d\u00edas 14 y 15. Revisa las fechas, precios y c\u00f3mo adquirir las entradas.<\/em><\/strong><\/p>\n\n\n\n<p class=\"wp-block-paragraph\">El <strong>Parque Padre Hurtado, en La Reina,<\/strong> se prepara para recibir nuevamente a miles de familias en una de las celebraciones de Fiestas Patrias m\u00e1s importantes de Santiago.<\/p>\n\n\n\n<p class=\"wp-block-paragraph\">La <strong>Semana de la Chilenidad 2026<\/strong> estar\u00e1 llena de <strong>folclor, baile, gastronom\u00eda, expo de Caballos Chilenos, Escuadras Ecuestres y nuestras tradiciones.<\/strong><\/p>\n\n\n\n<h2 class=\"wp-block-heading\">\u00bfCu\u00e1ndo es la Semana de la Chilenidad 2026?<\/h2>\n\n\n\n<p class=\"wp-block-paragraph\">La <strong>Semana de la Chilenidad 2026<\/strong> se har\u00e1 en dos per\u00edodos, entre el <strong>s\u00e1bado 12 y domingo 13 de septiembre<\/strong>, y luego desde el <strong>mi\u00e9rcoles 16 hasta el domingo 20 de septiembre<\/strong>.<\/p>\n\n\n\n<p class=\"wp-block-paragraph\">Los d\u00edas <strong>lunes 14 y martes 15 de septiembre<\/strong> el evento permanecer\u00e1 <strong>cerrado por receso<\/strong>.&nbsp;<\/p>\n\n\n\n<h2 class=\"wp-block-heading\">\u00bfD\u00f3nde comprar las entradas para la Semana de la Chilenidad 2026?<\/h2>\n\n\n\n<p class=\"wp-block-paragraph\">Las entradas para la <strong>Semana de la Chilenidad 2026<\/strong> se pueden comprar a trav\u00e9s de <a href=\"https:\/\/ticketplus.cl\/events\/semana-de-la-chilenidad-2026\"><strong>TicketPlus.cl<\/strong><\/a><strong>.<\/strong><\/p>\n\n\n\n<p class=\"wp-block-paragraph\"><strong>Los precios son:<\/strong><\/p>\n\n\n\n<p class=\"wp-block-paragraph\"><strong>Entrada General Adulto:<\/strong> $15.333. V\u00e1lida para personas <strong>mayores de 15 a\u00f1os<\/strong>.<\/p>\n\n\n\n<p class=\"wp-block-paragraph\"><strong>Entrada General Adulto Mayor:<\/strong> $8.762. V\u00e1lida para personas <strong>mayores de 60 a\u00f1os<\/strong>.<\/p>\n\n\n\n<p class=\"wp-block-paragraph\"><strong>Entrada General Ni\u00f1o:<\/strong> $8.762. V\u00e1lida para ni\u00f1os y ni\u00f1as de <strong>6 a 14 a\u00f1os<\/strong>.<\/p>\n\n\n\n<p class=\"wp-block-paragraph\">La Semana de la Chilenidad se realizar\u00e1 en el <strong>Parque Padre Hurtado<\/strong>, convirti\u00e9ndose una vez m\u00e1s en uno de los principales panoramas para celebrar las Fiestas Patrias en Santiago.<\/p>\n\n\n\n<p class=\"wp-block-paragraph\"><\/p>\n","protected":false},"excerpt":{"rendered":"<p>Por Fernanda Silva Rodr\u00edguez El tradicional evento de Fiestas Patrias se realizar\u00e1 del 12 al 20 de septiembre en el Parque Padre Hurtado, con jornadas de receso los d\u00edas 14 y 15. Revisa las fechas, precios y c\u00f3mo adquirir las entradas. El Parque Padre Hurtado, en La Reina, se prepara para recibir nuevamente a miles<\/p>\n<div class=\"read-more-wrapper\"><a class=\"read-more\" href=\"https:\/\/diarioellabrador.cl\/index.php\/2026\/09\/03\/semana-de-la-chilenidad-2026-cuando-es-y-donde-comprar-las-entradas\/\" title=\"Leer m\u00e1s\"> <span class=\"button \">Leer m\u00e1s<\/span><\/a><\/div>\n","protected":false},"author":2,"featured_media":24435,"comment_status":"open","ping_status":"open","sticky":false,"template":"","format":"standard","meta":{"footnotes":"","_members_access_role":[],"_members_access_error":""},"categories":[5],"tags":[],"class_list":["post-24469","post","type-post","status-publish","format-standard","has-post-thumbnail","hentry","category-rodeo"],"yoast_head":"<!-- This site is optimized with the Yoast SEO plugin v28.4 - https:\/\/yoast.com\/product\/yoast-seo-wordpress\/ -->\n<title>Semana de la Chilenidad 2026: \u00bfCu\u00e1ndo es y d\u00f3nde comprar las entradas? - Diario El Labrador<\/title>\n<meta name=\"robots\" content=\"index, follow, max-snippet:-1, max-image-preview:large, max-video-preview:-1\" \/>\n<link rel=\"canonical\" href=\"https:\/\/diarioellabrador.cl\/index.php\/2026\/09\/03\/semana-de-la-chilenidad-2026-cuando-es-y-donde-comprar-las-entradas\/\" \/>\n<meta property=\"og:locale\" content=\"es_ES\" \/>\n<meta property=\"og:type\" content=\"article\" \/>\n<meta property=\"og:title\" content=\"Semana de la Chilenidad 2026: \u00bfCu\u00e1ndo es y d\u00f3nde comprar las entradas? - Diario El Labrador\" \/>\n<meta property=\"og:description\" content=\"Por Fernanda Silva Rodr\u00edguez El tradicional evento de Fiestas Patrias se realizar\u00e1 del 12 al 20 de septiembre en el Parque Padre Hurtado, con jornadas de receso los d\u00edas 14 y 15. Revisa las fechas, precios y c\u00f3mo adquirir las entradas. El Parque Padre Hurtado, en La Reina, se prepara para recibir nuevamente a miles Leer m\u00e1s\" \/>\n<meta property=\"og:url\" content=\"https:\/\/diarioellabrador.cl\/index.php\/2026\/09\/03\/semana-de-la-chilenidad-2026-cuando-es-y-donde-comprar-las-entradas\/\" \/>\n<meta property=\"og:site_name\" content=\"Diario El Labrador\" \/>\n<meta property=\"article:publisher\" content=\"https:\/\/web.facebook.com\/profile.php?id=61576120840621\" \/>\n<meta property=\"article:published_time\" content=\"2026-09-03T22:44:06+00:00\" \/>\n<meta property=\"article:modified_time\" content=\"2026-09-03T22:44:15+00:00\" \/>\n<meta property=\"og:image\" content=\"https:\/\/diarioellabrador.cl\/wp-content\/uploads\/2026\/09\/Semana-de-la-Chilenidad-2026-Cuando-es-y-donde-comprar-las-entradas.jpg\" \/>\n\t<meta property=\"og:image:width\" content=\"750\" \/>\n\t<meta property=\"og:image:height\" content=\"389\" \/>\n\t<meta property=\"og:image:type\" content=\"image\/jpeg\" \/>\n<meta name=\"author\" content=\"Editor\" \/>\n<meta name=\"twitter:card\" content=\"summary_large_image\" \/>\n<meta name=\"twitter:creator\" content=\"@ElLabradorOf\" \/>\n<meta name=\"twitter:site\" content=\"@ElLabradorOf\" \/>\n<meta name=\"twitter:label1\" content=\"Escrito por\" \/>\n\t<meta name=\"twitter:data1\" content=\"Editor\" \/>\n\t<meta name=\"twitter:label2\" content=\"Tiempo de lectura\" \/>\n\t<meta name=\"twitter:data2\" content=\"2 minutos\" \/>\n<script type=\"application\/ld+json\" class=\"yoast-schema-graph\">{\"@context\":\"https:\\\/\\\/schema.org\",\"@graph\":[{\"@type\":\"Article\",\"@id\":\"https:\\\/\\\/diarioellabrador.cl\\\/index.php\\\/2026\\\/09\\\/03\\\/semana-de-la-chilenidad-2026-cuando-es-y-donde-comprar-las-entradas\\\/#article\",\"isPartOf\":{\"@id\":\"https:\\\/\\\/diarioellabrador.cl\\\/index.php\\\/2026\\\/09\\\/03\\\/semana-de-la-chilenidad-2026-cuando-es-y-donde-comprar-las-entradas\\\/\"},\"author\":{\"name\":\"Editor\",\"@id\":\"https:\\\/\\\/diarioellabrador.cl\\\/#\\\/schema\\\/person\\\/bc25ff80b4563f9c7f4bd7855df01685\"},\"headline\":\"Semana de la Chilenidad 2026: \u00bfCu\u00e1ndo es y d\u00f3nde comprar las entradas?\",\"datePublished\":\"2026-09-03T22:44:06+00:00\",\"dateModified\":\"2026-09-03T22:44:15+00:00\",\"mainEntityOfPage\":{\"@id\":\"https:\\\/\\\/diarioellabrador.cl\\\/index.php\\\/2026\\\/09\\\/03\\\/semana-de-la-chilenidad-2026-cuando-es-y-donde-comprar-las-entradas\\\/\"},\"wordCount\":257,\"commentCount\":0,\"publisher\":{\"@id\":\"https:\\\/\\\/diarioellabrador.cl\\\/#organization\"},\"image\":{\"@id\":\"https:\\\/\\\/diarioellabrador.cl\\\/index.php\\\/2026\\\/09\\\/03\\\/semana-de-la-chilenidad-2026-cuando-es-y-donde-comprar-las-entradas\\\/#primaryimage\"},\"thumbnailUrl\":\"https:\\\/\\\/diarioellabrador.cl\\\/wp-content\\\/uploads\\\/2026\\\/09\\\/Semana-de-la-Chilenidad-2026-Cuando-es-y-donde-comprar-las-entradas.jpg\",\"articleSection\":[\"Rodeo\"],\"inLanguage\":\"es\",\"potentialAction\":[{\"@type\":\"CommentAction\",\"name\":\"Comment\",\"target\":[\"https:\\\/\\\/diarioellabrador.cl\\\/index.php\\\/2026\\\/09\\\/03\\\/semana-de-la-chilenidad-2026-cuando-es-y-donde-comprar-las-entradas\\\/#respond\"]}]},{\"@type\":\"WebPage\",\"@id\":\"https:\\\/\\\/diarioellabrador.cl\\\/index.php\\\/2026\\\/09\\\/03\\\/semana-de-la-chilenidad-2026-cuando-es-y-donde-comprar-las-entradas\\\/\",\"url\":\"https:\\\/\\\/diarioellabrador.cl\\\/index.php\\\/2026\\\/09\\\/03\\\/semana-de-la-chilenidad-2026-cuando-es-y-donde-comprar-las-entradas\\\/\",\"name\":\"Semana de la Chilenidad 2026: \u00bfCu\u00e1ndo es y d\u00f3nde comprar las entradas? - Diario El Labrador\",\"isPartOf\":{\"@id\":\"https:\\\/\\\/diarioellabrador.cl\\\/#website\"},\"primaryImageOfPage\":{\"@id\":\"https:\\\/\\\/diarioellabrador.cl\\\/index.php\\\/2026\\\/09\\\/03\\\/semana-de-la-chilenidad-2026-cuando-es-y-donde-comprar-las-entradas\\\/#primaryimage\"},\"image\":{\"@id\":\"https:\\\/\\\/diarioellabrador.cl\\\/index.php\\\/2026\\\/09\\\/03\\\/semana-de-la-chilenidad-2026-cuando-es-y-donde-comprar-las-entradas\\\/#primaryimage\"},\"thumbnailUrl\":\"https:\\\/\\\/diarioellabrador.cl\\\/wp-content\\\/uploads\\\/2026\\\/09\\\/Semana-de-la-Chilenidad-2026-Cuando-es-y-donde-comprar-las-entradas.jpg\",\"datePublished\":\"2026-09-03T22:44:06+00:00\",\"dateModified\":\"2026-09-03T22:44:15+00:00\",\"breadcrumb\":{\"@id\":\"https:\\\/\\\/diarioellabrador.cl\\\/index.php\\\/2026\\\/09\\\/03\\\/semana-de-la-chilenidad-2026-cuando-es-y-donde-comprar-las-entradas\\\/#breadcrumb\"},\"inLanguage\":\"es\",\"potentialAction\":[{\"@type\":\"ReadAction\",\"target\":[\"https:\\\/\\\/diarioellabrador.cl\\\/index.php\\\/2026\\\/09\\\/03\\\/semana-de-la-chilenidad-2026-cuando-es-y-donde-comprar-las-entradas\\\/\"]}]},{\"@type\":\"ImageObject\",\"inLanguage\":\"es\",\"@id\":\"https:\\\/\\\/diarioellabrador.cl\\\/index.php\\\/2026\\\/09\\\/03\\\/semana-de-la-chilenidad-2026-cuando-es-y-donde-comprar-las-entradas\\\/#primaryimage\",\"url\":\"https:\\\/\\\/diarioellabrador.cl\\\/wp-content\\\/uploads\\\/2026\\\/09\\\/Semana-de-la-Chilenidad-2026-Cuando-es-y-donde-comprar-las-entradas.jpg\",\"contentUrl\":\"https:\\\/\\\/diarioellabrador.cl\\\/wp-content\\\/uploads\\\/2026\\\/09\\\/Semana-de-la-Chilenidad-2026-Cuando-es-y-donde-comprar-las-entradas.jpg\",\"width\":750,\"height\":389},{\"@type\":\"BreadcrumbList\",\"@id\":\"https:\\\/\\\/diarioellabrador.cl\\\/index.php\\\/2026\\\/09\\\/03\\\/semana-de-la-chilenidad-2026-cuando-es-y-donde-comprar-las-entradas\\\/#breadcrumb\",\"itemListElement\":[{\"@type\":\"ListItem\",\"position\":1,\"name\":\"Portada\",\"item\":\"https:\\\/\\\/diarioellabrador.cl\\\/\"},{\"@type\":\"ListItem\",\"position\":2,\"name\":\"Semana de la Chilenidad 2026: \u00bfCu\u00e1ndo es y d\u00f3nde comprar las entradas?\"}]},{\"@type\":\"WebSite\",\"@id\":\"https:\\\/\\\/diarioellabrador.cl\\\/#website\",\"url\":\"https:\\\/\\\/diarioellabrador.cl\\\/\",\"name\":\"Diario El Labrador\",\"description\":\"Haciendo noticia desde 1921\",\"publisher\":{\"@id\":\"https:\\\/\\\/diarioellabrador.cl\\\/#organization\"},\"potentialAction\":[{\"@type\":\"SearchAction\",\"target\":{\"@type\":\"EntryPoint\",\"urlTemplate\":\"https:\\\/\\\/diarioellabrador.cl\\\/?s={search_term_string}\"},\"query-input\":{\"@type\":\"PropertyValueSpecification\",\"valueRequired\":true,\"valueName\":\"search_term_string\"}}],\"inLanguage\":\"es\"},{\"@type\":\"Organization\",\"@id\":\"https:\\\/\\\/diarioellabrador.cl\\\/#organization\",\"name\":\"Diario El Labrador\",\"url\":\"https:\\\/\\\/diarioellabrador.cl\\\/\",\"logo\":{\"@type\":\"ImageObject\",\"inLanguage\":\"es\",\"@id\":\"https:\\\/\\\/diarioellabrador.cl\\\/#\\\/schema\\\/logo\\\/image\\\/\",\"url\":\"https:\\\/\\\/diarioellabrador.cl\\\/wp-content\\\/uploads\\\/2025\\\/02\\\/cropped-Logo-Icono.png\",\"contentUrl\":\"https:\\\/\\\/diarioellabrador.cl\\\/wp-content\\\/uploads\\\/2025\\\/02\\\/cropped-Logo-Icono.png\",\"width\":512,\"height\":512,\"caption\":\"Diario El Labrador\"},\"image\":{\"@id\":\"https:\\\/\\\/diarioellabrador.cl\\\/#\\\/schema\\\/logo\\\/image\\\/\"},\"sameAs\":[\"https:\\\/\\\/web.facebook.com\\\/profile.php?id=61576120840621\",\"https:\\\/\\\/x.com\\\/ElLabradorOf\",\"https:\\\/\\\/www.instagram.com\\\/diarioellabradoroficial\\\/\"]},{\"@type\":\"Person\",\"@id\":\"https:\\\/\\\/diarioellabrador.cl\\\/#\\\/schema\\\/person\\\/bc25ff80b4563f9c7f4bd7855df01685\",\"name\":\"Editor\",\"image\":{\"@type\":\"ImageObject\",\"inLanguage\":\"es\",\"@id\":\"https:\\\/\\\/secure.gravatar.com\\\/avatar\\\/109c326cf2be5c04f048c2c2a2b8b6ef44bf3d8d1d3d4c55d0ac40c4bc994684?s=96&d=initials&r=g&initials=ed\",\"url\":\"https:\\\/\\\/secure.gravatar.com\\\/avatar\\\/109c326cf2be5c04f048c2c2a2b8b6ef44bf3d8d1d3d4c55d0ac40c4bc994684?s=96&d=initials&r=g&initials=ed\",\"contentUrl\":\"https:\\\/\\\/secure.gravatar.com\\\/avatar\\\/109c326cf2be5c04f048c2c2a2b8b6ef44bf3d8d1d3d4c55d0ac40c4bc994684?s=96&d=initials&r=g&initials=ed\",\"caption\":\"Editor\"},\"url\":\"https:\\\/\\\/diarioellabrador.cl\\\/index.php\\\/author\\\/editor\\\/\"}]}<\/script>\n<!-- \/ Yoast SEO plugin. -->","yoast_head_json":{"title":"Semana de la Chilenidad 2026: \u00bfCu\u00e1ndo es y d\u00f3nde comprar las entradas? - Diario El Labrador","robots":{"index":"index","follow":"follow","max-snippet":"max-snippet:-1","max-image-preview":"max-image-preview:large","max-video-preview":"max-video-preview:-1"},"canonical":"https:\/\/diarioellabrador.cl\/index.php\/2026\/09\/03\/semana-de-la-chilenidad-2026-cuando-es-y-donde-comprar-las-entradas\/","og_locale":"es_ES","og_type":"article","og_title":"Semana de la Chilenidad 2026: \u00bfCu\u00e1ndo es y d\u00f3nde comprar las entradas? - Diario El Labrador","og_description":"Por Fernanda Silva Rodr\u00edguez El tradicional evento de Fiestas Patrias se realizar\u00e1 del 12 al 20 de septiembre en el Parque Padre Hurtado, con jornadas de receso los d\u00edas 14 y 15. Revisa las fechas, precios y c\u00f3mo adquirir las entradas. El Parque Padre Hurtado, en La Reina, se prepara para recibir nuevamente a miles Leer m\u00e1s","og_url":"https:\/\/diarioellabrador.cl\/index.php\/2026\/09\/03\/semana-de-la-chilenidad-2026-cuando-es-y-donde-comprar-las-entradas\/","og_site_name":"Diario El Labrador","article_publisher":"https:\/\/web.facebook.com\/profile.php?id=61576120840621","article_published_time":"2026-09-03T22:44:06+00:00","article_modified_time":"2026-09-03T22:44:15+00:00","og_image":[{"width":750,"height":389,"url":"https:\/\/diarioellabrador.cl\/wp-content\/uploads\/2026\/09\/Semana-de-la-Chilenidad-2026-Cuando-es-y-donde-comprar-las-entradas.jpg","type":"image\/jpeg"}],"author":"Editor","twitter_card":"summary_large_image","twitter_creator":"@ElLabradorOf","twitter_site":"@ElLabradorOf","twitter_misc":{"Escrito por":"Editor","Tiempo de lectura":"2 minutos"},"schema":{"@context":"https:\/\/schema.org","@graph":[{"@type":"Article","@id":"https:\/\/diarioellabrador.cl\/index.php\/2026\/09\/03\/semana-de-la-chilenidad-2026-cuando-es-y-donde-comprar-las-entradas\/#article","isPartOf":{"@id":"https:\/\/diarioellabrador.cl\/index.php\/2026\/09\/03\/semana-de-la-chilenidad-2026-cuando-es-y-donde-comprar-las-entradas\/"},"author":{"name":"Editor","@id":"https:\/\/diarioellabrador.cl\/#\/schema\/person\/bc25ff80b4563f9c7f4bd7855df01685"},"headline":"Semana de la Chilenidad 2026: \u00bfCu\u00e1ndo es y d\u00f3nde comprar las entradas?","datePublished":"2026-09-03T22:44:06+00:00","dateModified":"2026-09-03T22:44:15+00:00","mainEntityOfPage":{"@id":"https:\/\/diarioellabrador.cl\/index.php\/2026\/09\/03\/semana-de-la-chilenidad-2026-cuando-es-y-donde-comprar-las-entradas\/"},"wordCount":257,"commentCount":0,"publisher":{"@id":"https:\/\/diarioellabrador.cl\/#organization"},"image":{"@id":"https:\/\/diarioellabrador.cl\/index.php\/2026\/09\/03\/semana-de-la-chilenidad-2026-cuando-es-y-donde-comprar-las-entradas\/#primaryimage"},"thumbnailUrl":"https:\/\/diarioellabrador.cl\/wp-content\/uploads\/2026\/09\/Semana-de-la-Chilenidad-2026-Cuando-es-y-donde-comprar-las-entradas.jpg","articleSection":["Rodeo"],"inLanguage":"es","potentialAction":[{"@type":"CommentAction","name":"Comment","target":["https:\/\/diarioellabrador.cl\/index.php\/2026\/09\/03\/semana-de-la-chilenidad-2026-cuando-es-y-donde-comprar-las-entradas\/#respond"]}]},{"@type":"WebPage","@id":"https:\/\/diarioellabrador.cl\/index.php\/2026\/09\/03\/semana-de-la-chilenidad-2026-cuando-es-y-donde-comprar-las-entradas\/","url":"https:\/\/diarioellabrador.cl\/index.php\/2026\/09\/03\/semana-de-la-chilenidad-2026-cuando-es-y-donde-comprar-las-entradas\/","name":"Semana de la Chilenidad 2026: \u00bfCu\u00e1ndo es y d\u00f3nde comprar las entradas? - Diario El Labrador","isPartOf":{"@id":"https:\/\/diarioellabrador.cl\/#website"},"primaryImageOfPage":{"@id":"https:\/\/diarioellabrador.cl\/index.php\/2026\/09\/03\/semana-de-la-chilenidad-2026-cuando-es-y-donde-comprar-las-entradas\/#primaryimage"},"image":{"@id":"https:\/\/diarioellabrador.cl\/index.php\/2026\/09\/03\/semana-de-la-chilenidad-2026-cuando-es-y-donde-comprar-las-entradas\/#primaryimage"},"thumbnailUrl":"https:\/\/diarioellabrador.cl\/wp-content\/uploads\/2026\/09\/Semana-de-la-Chilenidad-2026-Cuando-es-y-donde-comprar-las-entradas.jpg","datePublished":"2026-09-03T22:44:06+00:00","dateModified":"2026-09-03T22:44:15+00:00","breadcrumb":{"@id":"https:\/\/diarioellabrador.cl\/index.php\/2026\/09\/03\/semana-de-la-chilenidad-2026-cuando-es-y-donde-comprar-las-entradas\/#breadcrumb"},"inLanguage":"es","potentialAction":[{"@type":"ReadAction","target":["https:\/\/diarioellabrador.cl\/index.php\/2026\/09\/03\/semana-de-la-chilenidad-2026-cuando-es-y-donde-comprar-las-entradas\/"]}]},{"@type":"ImageObject","inLanguage":"es","@id":"https:\/\/diarioellabrador.cl\/index.php\/2026\/09\/03\/semana-de-la-chilenidad-2026-cuando-es-y-donde-comprar-las-entradas\/#primaryimage","url":"https:\/\/diarioellabrador.cl\/wp-content\/uploads\/2026\/09\/Semana-de-la-Chilenidad-2026-Cuando-es-y-donde-comprar-las-entradas.jpg","contentUrl":"https:\/\/diarioellabrador.cl\/wp-content\/uploads\/2026\/09\/Semana-de-la-Chilenidad-2026-Cuando-es-y-donde-comprar-las-entradas.jpg","width":750,"height":389},{"@type":"BreadcrumbList","@id":"https:\/\/diarioellabrador.cl\/index.php\/2026\/09\/03\/semana-de-la-chilenidad-2026-cuando-es-y-donde-comprar-las-entradas\/#breadcrumb","itemListElement":[{"@type":"ListItem","position":1,"name":"Portada","item":"https:\/\/diarioellabrador.cl\/"},{"@type":"ListItem","position":2,"name":"Semana de la Chilenidad 2026: \u00bfCu\u00e1ndo es y d\u00f3nde comprar las entradas?"}]},{"@type":"WebSite","@id":"https:\/\/diarioellabrador.cl\/#website","url":"https:\/\/diarioellabrador.cl\/","name":"Diario El Labrador","description":"Haciendo noticia desde 1921","publisher":{"@id":"https:\/\/diarioellabrador.cl\/#organization"},"potentialAction":[{"@type":"SearchAction","target":{"@type":"EntryPoint","urlTemplate":"https:\/\/diarioellabrador.cl\/?s={search_term_string}"},"query-input":{"@type":"PropertyValueSpecification","valueRequired":true,"valueName":"search_term_string"}}],"inLanguage":"es"},{"@type":"Organization","@id":"https:\/\/diarioellabrador.cl\/#organization","name":"Diario El Labrador","url":"https:\/\/diarioellabrador.cl\/","logo":{"@type":"ImageObject","inLanguage":"es","@id":"https:\/\/diarioellabrador.cl\/#\/schema\/logo\/image\/","url":"https:\/\/diarioellabrador.cl\/wp-content\/uploads\/2025\/02\/cropped-Logo-Icono.png","contentUrl":"https:\/\/diarioellabrador.cl\/wp-content\/uploads\/2025\/02\/cropped-Logo-Icono.png","width":512,"height":512,"caption":"Diario El Labrador"},"image":{"@id":"https:\/\/diarioellabrador.cl\/#\/schema\/logo\/image\/"},"sameAs":["https:\/\/web.facebook.com\/profile.php?id=61576120840621","https:\/\/x.com\/ElLabradorOf","https:\/\/www.instagram.com\/diarioellabradoroficial\/"]},{"@type":"Person","@id":"https:\/\/diarioellabrador.cl\/#\/schema\/person\/bc25ff80b4563f9c7f4bd7855df01685","name":"Editor","image":{"@type":"ImageObject","inLanguage":"es","@id":"https:\/\/secure.gravatar.com\/avatar\/109c326cf2be5c04f048c2c2a2b8b6ef44bf3d8d1d3d4c55d0ac40c4bc994684?s=96&d=initials&r=g&initials=ed","url":"https:\/\/secure.gravatar.com\/avatar\/109c326cf2be5c04f048c2c2a2b8b6ef44bf3d8d1d3d4c55d0ac40c4bc994684?s=96&d=initials&r=g&initials=ed","contentUrl":"https:\/\/secure.gravatar.com\/avatar\/109c326cf2be5c04f048c2c2a2b8b6ef44bf3d8d1d3d4c55d0ac40c4bc994684?s=96&d=initials&r=g&initials=ed","caption":"Editor"},"url":"https:\/\/diarioellabrador.cl\/index.php\/author\/editor\/"}]}},"_links":{"self":[{"href":"https:\/\/diarioellabrador.cl\/index.php\/wp-json\/wp\/v2\/posts\/24469","targetHints":{"allow":["GET"]}}],"collection":[{"href":"https:\/\/diarioellabrador.cl\/index.php\/wp-json\/wp\/v2\/posts"}],"about":[{"href":"https:\/\/diarioellabrador.cl\/index.php\/wp-json\/wp\/v2\/types\/post"}],"author":[{"embeddable":true,"href":"https:\/\/diarioellabrador.cl\/index.php\/wp-json\/wp\/v2\/users\/2"}],"replies":[{"embeddable":true,"href":"https:\/\/diarioellabrador.cl\/index.php\/wp-json\/wp\/v2\/comments?post=24469"}],"version-history":[{"count":1,"href":"https:\/\/diarioellabrador.cl\/index.php\/wp-json\/wp\/v2\/posts\/24469\/revisions"}],"predecessor-version":[{"id":24470,"href":"https:\/\/diarioellabrador.cl\/index.php\/wp-json\/wp\/v2\/posts\/24469\/revisions\/24470"}],"wp:featuredmedia":[{"embeddable":true,"href":"https:\/\/diarioellabrador.cl\/index.php\/wp-json\/wp\/v2\/media\/24435"}],"wp:attachment":[{"href":"https:\/\/diarioellabrador.cl\/index.php\/wp-json\/wp\/v2\/media?parent=24469"}],"wp:term":[{"taxonomy":"category","embeddable":true,"href":"https:\/\/diarioellabrador.cl\/index.php\/wp-json\/wp\/v2\/categories?post=24469"},{"taxonomy":"post_tag","embeddable":true,"href":"https:\/\/diarioellabrador.cl\/index.php\/wp-json\/wp\/v2\/tags?post=24469"}],"curies":[{"name":"wp","href":"https:\/\/api.w.org\/{rel}","templated":true}]}}