{"id":24467,"date":"2026-09-03T18:42:52","date_gmt":"2026-09-03T22:42:52","guid":{"rendered":"https:\/\/diarioellabrador.cl\/?p=24467"},"modified":"2026-09-03T18:43:08","modified_gmt":"2026-09-03T22:43:08","slug":"federacion-de-criadores-participo-en-masivo-encuentro-de-mujeres-y-caballos-de-latinoamerica","status":"publish","type":"post","link":"https:\/\/diarioellabrador.cl\/index.php\/2026\/09\/03\/federacion-de-criadores-participo-en-masivo-encuentro-de-mujeres-y-caballos-de-latinoamerica\/","title":{"rendered":"Federaci\u00f3n de Criadores particip\u00f3 en masivo Encuentro de Mujeres y Caballos de Latinoam\u00e9rica"},"content":{"rendered":"\n<p class=\"wp-block-paragraph\"><strong><em>La directora Andrea Castagnoli represent\u00f3 a la instituci\u00f3n en el evento realizado en San Francisco Lodge, en San Esteban.<\/em><\/strong><\/p>\n\n\n\n<p class=\"wp-block-paragraph\">El fin de semana reci\u00e9n pasado se efectu\u00f3 el <strong>Primer Encuentro Mujeres y Caballos de Latinoam\u00e9rica<\/strong>, un concurrido evento que reuni\u00f3 a damas de distintas \u00e1reas vinculadas con los equinos y cont\u00f3 con la participaci\u00f3n de la <strong>Federaci\u00f3n Criadores de Caballos Raza Chilena<\/strong>, a trav\u00e9s de la directora <strong>Andrea Castagnoli<\/strong>.<\/p>\n\n\n\n<p class=\"wp-block-paragraph\">\u00abFue una actividad in\u00e9dita, el primer encuentro de mujeres y caballos que se realiz\u00f3 en el <strong>San Francisco Lodge<\/strong>, en San Esteban, y la idea de este proyecto era hacer un encuentro que pudiera reunir a todas las mujeres que son referentes en \u00e1reas ecuestres y de trabajo tambi\u00e9n con caballos. Hab\u00eda mucha <strong>terapia asistida con caballos, equinoterapia, terapia de constelaciones, el rodeo femenino, las escuadras, las pruebas funcionales de la Federaci\u00f3n,<\/strong> entre otras\u00bb, explic\u00f3 Castagnoli.<\/p>\n\n\n\n<p class=\"wp-block-paragraph\">\u00abEn mi caso, fui a exponer acerca de la dirigencia femenina, de mi experiencia como dirigente y tambi\u00e9n a hablar y promover las pruebas funcionales que como federaci\u00f3n estamos patrocinando y promocionando\u00bb, agreg\u00f3.<\/p>\n\n\n\n<p class=\"wp-block-paragraph\">La directora de la Federaci\u00f3n de Criadores cont\u00f3 que \u00abhubo una tremenda convocatoria de mujeres de todo el pa\u00eds. Tambi\u00e9n contamos tambi\u00e9n con la participaci\u00f3n de <strong>Pilar Sordo<\/strong>, quien tuvo tres intervenciones durante el fin de semana y es un tremendo referente en la psicolog\u00eda sudamericana\u00bb.<\/p>\n\n\n\n<p class=\"wp-block-paragraph\">\u00abFue muy importante, muy acogedor lo que se vivi\u00f3, con instantes bien bonitos respecto a las disciplinas que cada una realiza con los caballos y la cercan\u00eda que hay, pues hab\u00eda un idioma en com\u00fan, el caballo, que fue el gran protagonista durante todo el fin de semana\u00bb, a\u00f1adi\u00f3.<\/p>\n\n\n\n<p class=\"wp-block-paragraph\">Andrea Castagnoli destac\u00f3 lo interesante que result\u00f3 compartir experiencias con mujeres de otras \u00e1reas y disciplinas vinculadas al caballo.<\/p>\n\n\n\n<p class=\"wp-block-paragraph\">\u00abTe das cuenta que desde cada \u00e1rea todas tenemos mucho que aportar. Es importante la tarea que realiza cada una y la presencia del caballo hoy en Chile y en el mundo respecto a todo lo que puede dar tanto terap\u00e9uticamente como recreacionalmente. Entonces se abren un mont\u00f3n de abanicos de actividades, de responsabilidades que se pueden seguir desarrollando con el caballo y, por supuesto, hay que seguir promovi\u00e9ndolas\u00bb, expuso.<\/p>\n\n\n\n<p class=\"wp-block-paragraph\">\u00abNosotros que estamos en la parte de crianza y m\u00e1s recreacional, vemos el caballo como un compa\u00f1ero del d\u00eda a d\u00eda. Hay mucha gente en el pa\u00eds y en el mundo que hoy se est\u00e1 sanando a trav\u00e9s de los caballos y las personas que est\u00e1n realizando esta tarea con el caballo, se est\u00e1n formando a diario y tambi\u00e9n tienen la alternativa de formar a m\u00e1s gente\u00bb, complet\u00f3.<\/p>\n\n\n\n<p class=\"wp-block-paragraph\">La directora describi\u00f3 el entorno en que se llev\u00f3 a cabo este importante encuentro de mujeres.<\/p>\n\n\n\n<p class=\"wp-block-paragraph\">\u00abEl lugar era espectacular, precioso. Fuimos muy bien atendidas por parte de sus due\u00f1os. Quiero destacar a <strong>Francisco Correa<\/strong>, un hombre que ha hecho un trabajo tremendo respecto a la vinculaci\u00f3n de la mujer con el caballo. \u00c9l cree fielmente que la mujer s\u00ed puede lograr este binomio perfecto con el caballo, entonces se atrevi\u00f3 a hacer esto, con un equipo de trabajo muy bueno, con muy buena organizaci\u00f3n y sali\u00f3 un espect\u00e1culo bien bonito\u00bb, detall\u00f3.<\/p>\n\n\n\n<p class=\"wp-block-paragraph\">\u00abHab\u00eda dos salones de exposiciones, en un momento llegamos a tener cuatro actividades en el mismo momento. Se trabaj\u00f3 tambi\u00e9n en espacios abiertos, a campo. Y se logr\u00f3 el objetivo de crear este v\u00ednculo, de conocerse, de saber las actividades del otro. Hab\u00eda alrededor de 20 stands, incluido el de la Federaci\u00f3n que fue un stand informativo y de venta de productos de nuestra Tienda Virtual y con videos informativos sobre las pruebas funcionales\u00bb, complement\u00f3.<\/p>\n\n\n\n<p class=\"wp-block-paragraph\">Adem\u00e1s, Castagnoli resalt\u00f3 que \u00abhubo un marco p\u00fablico tremendo durante los tres d\u00edas que dur\u00f3 el evento, que parti\u00f3 el viernes. La mayor\u00eda era mujeres y se dio un ambiente muy respetuoso y de una alta convocatoria. Estoy muy contenta de haber representado a la Federaci\u00f3n, de haber contado lo que hacemos y creo que debemos seguir informando lo que estamos haciendo\u00bb.<\/p>\n\n\n\n<p class=\"wp-block-paragraph\">\u00abHubo un gran revuelo con los libros de cuentos, con los libros para colorear. Tambi\u00e9n cuando coment\u00e9 con respecto a la vinculaci\u00f3n que tenemos con la comunidad, como el caballo en la escuela, eso abri\u00f3 mucha expectativa, se me acerc\u00f3 mucha gente para poder coordinar y llevar el caballo a la escuela en distintos lugares, como tambi\u00e9n poder acceder a los libros. Fue muy bonito e insisto que todav\u00eda nos falta seguir promoviendo, promocionando y contando las responsabilidades y los objetivos que tenemos como Federaci\u00f3n de Criadores\u00bb, finaliz\u00f3.<\/p>\n\n\n\n<p class=\"wp-block-paragraph\"><\/p>\n","protected":false},"excerpt":{"rendered":"<p>La directora Andrea Castagnoli represent\u00f3 a la instituci\u00f3n en el evento realizado en San Francisco Lodge, en San Esteban. El fin de semana reci\u00e9n pasado se efectu\u00f3 el Primer Encuentro Mujeres y Caballos de Latinoam\u00e9rica, un concurrido evento que reuni\u00f3 a damas de distintas \u00e1reas vinculadas con los equinos y cont\u00f3 con la participaci\u00f3n de<\/p>\n<div class=\"read-more-wrapper\"><a class=\"read-more\" href=\"https:\/\/diarioellabrador.cl\/index.php\/2026\/09\/03\/federacion-de-criadores-participo-en-masivo-encuentro-de-mujeres-y-caballos-de-latinoamerica\/\" title=\"Leer m\u00e1s\"> <span class=\"button \">Leer m\u00e1s<\/span><\/a><\/div>\n","protected":false},"author":2,"featured_media":24433,"comment_status":"open","ping_status":"open","sticky":false,"template":"","format":"standard","meta":{"footnotes":"","_members_access_role":[],"_members_access_error":""},"categories":[5],"tags":[],"class_list":["post-24467","post","type-post","status-publish","format-standard","has-post-thumbnail","hentry","category-rodeo"],"yoast_head":"<!-- This site is optimized with the Yoast SEO plugin v28.4 - https:\/\/yoast.com\/product\/yoast-seo-wordpress\/ -->\n<title>Federaci\u00f3n de Criadores particip\u00f3 en masivo Encuentro de Mujeres y Caballos de Latinoam\u00e9rica - Diario El Labrador<\/title>\n<meta name=\"robots\" content=\"index, follow, max-snippet:-1, max-image-preview:large, max-video-preview:-1\" \/>\n<link rel=\"canonical\" href=\"https:\/\/diarioellabrador.cl\/index.php\/2026\/09\/03\/federacion-de-criadores-participo-en-masivo-encuentro-de-mujeres-y-caballos-de-latinoamerica\/\" \/>\n<meta property=\"og:locale\" content=\"es_ES\" \/>\n<meta property=\"og:type\" content=\"article\" \/>\n<meta property=\"og:title\" content=\"Federaci\u00f3n de Criadores particip\u00f3 en masivo Encuentro de Mujeres y Caballos de Latinoam\u00e9rica - Diario El Labrador\" \/>\n<meta property=\"og:description\" content=\"La directora Andrea Castagnoli represent\u00f3 a la instituci\u00f3n en el evento realizado en San Francisco Lodge, en San Esteban. El fin de semana reci\u00e9n pasado se efectu\u00f3 el Primer Encuentro Mujeres y Caballos de Latinoam\u00e9rica, un concurrido evento que reuni\u00f3 a damas de distintas \u00e1reas vinculadas con los equinos y cont\u00f3 con la participaci\u00f3n de Leer m\u00e1s\" \/>\n<meta property=\"og:url\" content=\"https:\/\/diarioellabrador.cl\/index.php\/2026\/09\/03\/federacion-de-criadores-participo-en-masivo-encuentro-de-mujeres-y-caballos-de-latinoamerica\/\" \/>\n<meta property=\"og:site_name\" content=\"Diario El Labrador\" \/>\n<meta property=\"article:publisher\" content=\"https:\/\/web.facebook.com\/profile.php?id=61576120840621\" \/>\n<meta property=\"article:published_time\" content=\"2026-09-03T22:42:52+00:00\" \/>\n<meta property=\"article:modified_time\" content=\"2026-09-03T22:43:08+00:00\" \/>\n<meta property=\"og:image\" content=\"https:\/\/diarioellabrador.cl\/wp-content\/uploads\/2026\/09\/Federacion-de-Criadores-participo-en-masivo-Encuentro-de-Mujeres-y-Caballos-de-Latinoamerica1.jpg\" \/>\n\t<meta property=\"og:image:width\" content=\"600\" \/>\n\t<meta property=\"og:image:height\" content=\"365\" \/>\n\t<meta property=\"og:image:type\" content=\"image\/jpeg\" \/>\n<meta name=\"author\" content=\"Editor\" \/>\n<meta name=\"twitter:card\" content=\"summary_large_image\" \/>\n<meta name=\"twitter:creator\" content=\"@ElLabradorOf\" \/>\n<meta name=\"twitter:site\" content=\"@ElLabradorOf\" \/>\n<meta name=\"twitter:label1\" content=\"Escrito por\" \/>\n\t<meta name=\"twitter:data1\" content=\"Editor\" \/>\n\t<meta name=\"twitter:label2\" content=\"Tiempo de lectura\" \/>\n\t<meta name=\"twitter:data2\" content=\"4 minutos\" \/>\n<script type=\"application\/ld+json\" class=\"yoast-schema-graph\">{\"@context\":\"https:\\\/\\\/schema.org\",\"@graph\":[{\"@type\":\"Article\",\"@id\":\"https:\\\/\\\/diarioellabrador.cl\\\/index.php\\\/2026\\\/09\\\/03\\\/federacion-de-criadores-participo-en-masivo-encuentro-de-mujeres-y-caballos-de-latinoamerica\\\/#article\",\"isPartOf\":{\"@id\":\"https:\\\/\\\/diarioellabrador.cl\\\/index.php\\\/2026\\\/09\\\/03\\\/federacion-de-criadores-participo-en-masivo-encuentro-de-mujeres-y-caballos-de-latinoamerica\\\/\"},\"author\":{\"name\":\"Editor\",\"@id\":\"https:\\\/\\\/diarioellabrador.cl\\\/#\\\/schema\\\/person\\\/bc25ff80b4563f9c7f4bd7855df01685\"},\"headline\":\"Federaci\u00f3n de Criadores particip\u00f3 en masivo Encuentro de Mujeres y Caballos de Latinoam\u00e9rica\",\"datePublished\":\"2026-09-03T22:42:52+00:00\",\"dateModified\":\"2026-09-03T22:43:08+00:00\",\"mainEntityOfPage\":{\"@id\":\"https:\\\/\\\/diarioellabrador.cl\\\/index.php\\\/2026\\\/09\\\/03\\\/federacion-de-criadores-participo-en-masivo-encuentro-de-mujeres-y-caballos-de-latinoamerica\\\/\"},\"wordCount\":815,\"commentCount\":0,\"publisher\":{\"@id\":\"https:\\\/\\\/diarioellabrador.cl\\\/#organization\"},\"image\":{\"@id\":\"https:\\\/\\\/diarioellabrador.cl\\\/index.php\\\/2026\\\/09\\\/03\\\/federacion-de-criadores-participo-en-masivo-encuentro-de-mujeres-y-caballos-de-latinoamerica\\\/#primaryimage\"},\"thumbnailUrl\":\"https:\\\/\\\/diarioellabrador.cl\\\/wp-content\\\/uploads\\\/2026\\\/09\\\/Federacion-de-Criadores-participo-en-masivo-Encuentro-de-Mujeres-y-Caballos-de-Latinoamerica1.jpg\",\"articleSection\":[\"Rodeo\"],\"inLanguage\":\"es\",\"potentialAction\":[{\"@type\":\"CommentAction\",\"name\":\"Comment\",\"target\":[\"https:\\\/\\\/diarioellabrador.cl\\\/index.php\\\/2026\\\/09\\\/03\\\/federacion-de-criadores-participo-en-masivo-encuentro-de-mujeres-y-caballos-de-latinoamerica\\\/#respond\"]}]},{\"@type\":\"WebPage\",\"@id\":\"https:\\\/\\\/diarioellabrador.cl\\\/index.php\\\/2026\\\/09\\\/03\\\/federacion-de-criadores-participo-en-masivo-encuentro-de-mujeres-y-caballos-de-latinoamerica\\\/\",\"url\":\"https:\\\/\\\/diarioellabrador.cl\\\/index.php\\\/2026\\\/09\\\/03\\\/federacion-de-criadores-participo-en-masivo-encuentro-de-mujeres-y-caballos-de-latinoamerica\\\/\",\"name\":\"Federaci\u00f3n de Criadores particip\u00f3 en masivo Encuentro de Mujeres y Caballos de Latinoam\u00e9rica - Diario El Labrador\",\"isPartOf\":{\"@id\":\"https:\\\/\\\/diarioellabrador.cl\\\/#website\"},\"primaryImageOfPage\":{\"@id\":\"https:\\\/\\\/diarioellabrador.cl\\\/index.php\\\/2026\\\/09\\\/03\\\/federacion-de-criadores-participo-en-masivo-encuentro-de-mujeres-y-caballos-de-latinoamerica\\\/#primaryimage\"},\"image\":{\"@id\":\"https:\\\/\\\/diarioellabrador.cl\\\/index.php\\\/2026\\\/09\\\/03\\\/federacion-de-criadores-participo-en-masivo-encuentro-de-mujeres-y-caballos-de-latinoamerica\\\/#primaryimage\"},\"thumbnailUrl\":\"https:\\\/\\\/diarioellabrador.cl\\\/wp-content\\\/uploads\\\/2026\\\/09\\\/Federacion-de-Criadores-participo-en-masivo-Encuentro-de-Mujeres-y-Caballos-de-Latinoamerica1.jpg\",\"datePublished\":\"2026-09-03T22:42:52+00:00\",\"dateModified\":\"2026-09-03T22:43:08+00:00\",\"breadcrumb\":{\"@id\":\"https:\\\/\\\/diarioellabrador.cl\\\/index.php\\\/2026\\\/09\\\/03\\\/federacion-de-criadores-participo-en-masivo-encuentro-de-mujeres-y-caballos-de-latinoamerica\\\/#breadcrumb\"},\"inLanguage\":\"es\",\"potentialAction\":[{\"@type\":\"ReadAction\",\"target\":[\"https:\\\/\\\/diarioellabrador.cl\\\/index.php\\\/2026\\\/09\\\/03\\\/federacion-de-criadores-participo-en-masivo-encuentro-de-mujeres-y-caballos-de-latinoamerica\\\/\"]}]},{\"@type\":\"ImageObject\",\"inLanguage\":\"es\",\"@id\":\"https:\\\/\\\/diarioellabrador.cl\\\/index.php\\\/2026\\\/09\\\/03\\\/federacion-de-criadores-participo-en-masivo-encuentro-de-mujeres-y-caballos-de-latinoamerica\\\/#primaryimage\",\"url\":\"https:\\\/\\\/diarioellabrador.cl\\\/wp-content\\\/uploads\\\/2026\\\/09\\\/Federacion-de-Criadores-participo-en-masivo-Encuentro-de-Mujeres-y-Caballos-de-Latinoamerica1.jpg\",\"contentUrl\":\"https:\\\/\\\/diarioellabrador.cl\\\/wp-content\\\/uploads\\\/2026\\\/09\\\/Federacion-de-Criadores-participo-en-masivo-Encuentro-de-Mujeres-y-Caballos-de-Latinoamerica1.jpg\",\"width\":600,\"height\":365},{\"@type\":\"BreadcrumbList\",\"@id\":\"https:\\\/\\\/diarioellabrador.cl\\\/index.php\\\/2026\\\/09\\\/03\\\/federacion-de-criadores-participo-en-masivo-encuentro-de-mujeres-y-caballos-de-latinoamerica\\\/#breadcrumb\",\"itemListElement\":[{\"@type\":\"ListItem\",\"position\":1,\"name\":\"Portada\",\"item\":\"https:\\\/\\\/diarioellabrador.cl\\\/\"},{\"@type\":\"ListItem\",\"position\":2,\"name\":\"Federaci\u00f3n de Criadores particip\u00f3 en masivo Encuentro de Mujeres y Caballos de Latinoam\u00e9rica\"}]},{\"@type\":\"WebSite\",\"@id\":\"https:\\\/\\\/diarioellabrador.cl\\\/#website\",\"url\":\"https:\\\/\\\/diarioellabrador.cl\\\/\",\"name\":\"Diario El Labrador\",\"description\":\"Haciendo noticia desde 1921\",\"publisher\":{\"@id\":\"https:\\\/\\\/diarioellabrador.cl\\\/#organization\"},\"potentialAction\":[{\"@type\":\"SearchAction\",\"target\":{\"@type\":\"EntryPoint\",\"urlTemplate\":\"https:\\\/\\\/diarioellabrador.cl\\\/?s={search_term_string}\"},\"query-input\":{\"@type\":\"PropertyValueSpecification\",\"valueRequired\":true,\"valueName\":\"search_term_string\"}}],\"inLanguage\":\"es\"},{\"@type\":\"Organization\",\"@id\":\"https:\\\/\\\/diarioellabrador.cl\\\/#organization\",\"name\":\"Diario El Labrador\",\"url\":\"https:\\\/\\\/diarioellabrador.cl\\\/\",\"logo\":{\"@type\":\"ImageObject\",\"inLanguage\":\"es\",\"@id\":\"https:\\\/\\\/diarioellabrador.cl\\\/#\\\/schema\\\/logo\\\/image\\\/\",\"url\":\"https:\\\/\\\/diarioellabrador.cl\\\/wp-content\\\/uploads\\\/2025\\\/02\\\/cropped-Logo-Icono.png\",\"contentUrl\":\"https:\\\/\\\/diarioellabrador.cl\\\/wp-content\\\/uploads\\\/2025\\\/02\\\/cropped-Logo-Icono.png\",\"width\":512,\"height\":512,\"caption\":\"Diario El Labrador\"},\"image\":{\"@id\":\"https:\\\/\\\/diarioellabrador.cl\\\/#\\\/schema\\\/logo\\\/image\\\/\"},\"sameAs\":[\"https:\\\/\\\/web.facebook.com\\\/profile.php?id=61576120840621\",\"https:\\\/\\\/x.com\\\/ElLabradorOf\",\"https:\\\/\\\/www.instagram.com\\\/diarioellabradoroficial\\\/\"]},{\"@type\":\"Person\",\"@id\":\"https:\\\/\\\/diarioellabrador.cl\\\/#\\\/schema\\\/person\\\/bc25ff80b4563f9c7f4bd7855df01685\",\"name\":\"Editor\",\"image\":{\"@type\":\"ImageObject\",\"inLanguage\":\"es\",\"@id\":\"https:\\\/\\\/secure.gravatar.com\\\/avatar\\\/109c326cf2be5c04f048c2c2a2b8b6ef44bf3d8d1d3d4c55d0ac40c4bc994684?s=96&d=initials&r=g&initials=ed\",\"url\":\"https:\\\/\\\/secure.gravatar.com\\\/avatar\\\/109c326cf2be5c04f048c2c2a2b8b6ef44bf3d8d1d3d4c55d0ac40c4bc994684?s=96&d=initials&r=g&initials=ed\",\"contentUrl\":\"https:\\\/\\\/secure.gravatar.com\\\/avatar\\\/109c326cf2be5c04f048c2c2a2b8b6ef44bf3d8d1d3d4c55d0ac40c4bc994684?s=96&d=initials&r=g&initials=ed\",\"caption\":\"Editor\"},\"url\":\"https:\\\/\\\/diarioellabrador.cl\\\/index.php\\\/author\\\/editor\\\/\"}]}<\/script>\n<!-- \/ Yoast SEO plugin. -->","yoast_head_json":{"title":"Federaci\u00f3n de Criadores particip\u00f3 en masivo Encuentro de Mujeres y Caballos de Latinoam\u00e9rica - Diario El Labrador","robots":{"index":"index","follow":"follow","max-snippet":"max-snippet:-1","max-image-preview":"max-image-preview:large","max-video-preview":"max-video-preview:-1"},"canonical":"https:\/\/diarioellabrador.cl\/index.php\/2026\/09\/03\/federacion-de-criadores-participo-en-masivo-encuentro-de-mujeres-y-caballos-de-latinoamerica\/","og_locale":"es_ES","og_type":"article","og_title":"Federaci\u00f3n de Criadores particip\u00f3 en masivo Encuentro de Mujeres y Caballos de Latinoam\u00e9rica - Diario El Labrador","og_description":"La directora Andrea Castagnoli represent\u00f3 a la instituci\u00f3n en el evento realizado en San Francisco Lodge, en San Esteban. El fin de semana reci\u00e9n pasado se efectu\u00f3 el Primer Encuentro Mujeres y Caballos de Latinoam\u00e9rica, un concurrido evento que reuni\u00f3 a damas de distintas \u00e1reas vinculadas con los equinos y cont\u00f3 con la participaci\u00f3n de Leer m\u00e1s","og_url":"https:\/\/diarioellabrador.cl\/index.php\/2026\/09\/03\/federacion-de-criadores-participo-en-masivo-encuentro-de-mujeres-y-caballos-de-latinoamerica\/","og_site_name":"Diario El Labrador","article_publisher":"https:\/\/web.facebook.com\/profile.php?id=61576120840621","article_published_time":"2026-09-03T22:42:52+00:00","article_modified_time":"2026-09-03T22:43:08+00:00","og_image":[{"width":600,"height":365,"url":"https:\/\/diarioellabrador.cl\/wp-content\/uploads\/2026\/09\/Federacion-de-Criadores-participo-en-masivo-Encuentro-de-Mujeres-y-Caballos-de-Latinoamerica1.jpg","type":"image\/jpeg"}],"author":"Editor","twitter_card":"summary_large_image","twitter_creator":"@ElLabradorOf","twitter_site":"@ElLabradorOf","twitter_misc":{"Escrito por":"Editor","Tiempo de lectura":"4 minutos"},"schema":{"@context":"https:\/\/schema.org","@graph":[{"@type":"Article","@id":"https:\/\/diarioellabrador.cl\/index.php\/2026\/09\/03\/federacion-de-criadores-participo-en-masivo-encuentro-de-mujeres-y-caballos-de-latinoamerica\/#article","isPartOf":{"@id":"https:\/\/diarioellabrador.cl\/index.php\/2026\/09\/03\/federacion-de-criadores-participo-en-masivo-encuentro-de-mujeres-y-caballos-de-latinoamerica\/"},"author":{"name":"Editor","@id":"https:\/\/diarioellabrador.cl\/#\/schema\/person\/bc25ff80b4563f9c7f4bd7855df01685"},"headline":"Federaci\u00f3n de Criadores particip\u00f3 en masivo Encuentro de Mujeres y Caballos de Latinoam\u00e9rica","datePublished":"2026-09-03T22:42:52+00:00","dateModified":"2026-09-03T22:43:08+00:00","mainEntityOfPage":{"@id":"https:\/\/diarioellabrador.cl\/index.php\/2026\/09\/03\/federacion-de-criadores-participo-en-masivo-encuentro-de-mujeres-y-caballos-de-latinoamerica\/"},"wordCount":815,"commentCount":0,"publisher":{"@id":"https:\/\/diarioellabrador.cl\/#organization"},"image":{"@id":"https:\/\/diarioellabrador.cl\/index.php\/2026\/09\/03\/federacion-de-criadores-participo-en-masivo-encuentro-de-mujeres-y-caballos-de-latinoamerica\/#primaryimage"},"thumbnailUrl":"https:\/\/diarioellabrador.cl\/wp-content\/uploads\/2026\/09\/Federacion-de-Criadores-participo-en-masivo-Encuentro-de-Mujeres-y-Caballos-de-Latinoamerica1.jpg","articleSection":["Rodeo"],"inLanguage":"es","potentialAction":[{"@type":"CommentAction","name":"Comment","target":["https:\/\/diarioellabrador.cl\/index.php\/2026\/09\/03\/federacion-de-criadores-participo-en-masivo-encuentro-de-mujeres-y-caballos-de-latinoamerica\/#respond"]}]},{"@type":"WebPage","@id":"https:\/\/diarioellabrador.cl\/index.php\/2026\/09\/03\/federacion-de-criadores-participo-en-masivo-encuentro-de-mujeres-y-caballos-de-latinoamerica\/","url":"https:\/\/diarioellabrador.cl\/index.php\/2026\/09\/03\/federacion-de-criadores-participo-en-masivo-encuentro-de-mujeres-y-caballos-de-latinoamerica\/","name":"Federaci\u00f3n de Criadores particip\u00f3 en masivo Encuentro de Mujeres y Caballos de Latinoam\u00e9rica - Diario El Labrador","isPartOf":{"@id":"https:\/\/diarioellabrador.cl\/#website"},"primaryImageOfPage":{"@id":"https:\/\/diarioellabrador.cl\/index.php\/2026\/09\/03\/federacion-de-criadores-participo-en-masivo-encuentro-de-mujeres-y-caballos-de-latinoamerica\/#primaryimage"},"image":{"@id":"https:\/\/diarioellabrador.cl\/index.php\/2026\/09\/03\/federacion-de-criadores-participo-en-masivo-encuentro-de-mujeres-y-caballos-de-latinoamerica\/#primaryimage"},"thumbnailUrl":"https:\/\/diarioellabrador.cl\/wp-content\/uploads\/2026\/09\/Federacion-de-Criadores-participo-en-masivo-Encuentro-de-Mujeres-y-Caballos-de-Latinoamerica1.jpg","datePublished":"2026-09-03T22:42:52+00:00","dateModified":"2026-09-03T22:43:08+00:00","breadcrumb":{"@id":"https:\/\/diarioellabrador.cl\/index.php\/2026\/09\/03\/federacion-de-criadores-participo-en-masivo-encuentro-de-mujeres-y-caballos-de-latinoamerica\/#breadcrumb"},"inLanguage":"es","potentialAction":[{"@type":"ReadAction","target":["https:\/\/diarioellabrador.cl\/index.php\/2026\/09\/03\/federacion-de-criadores-participo-en-masivo-encuentro-de-mujeres-y-caballos-de-latinoamerica\/"]}]},{"@type":"ImageObject","inLanguage":"es","@id":"https:\/\/diarioellabrador.cl\/index.php\/2026\/09\/03\/federacion-de-criadores-participo-en-masivo-encuentro-de-mujeres-y-caballos-de-latinoamerica\/#primaryimage","url":"https:\/\/diarioellabrador.cl\/wp-content\/uploads\/2026\/09\/Federacion-de-Criadores-participo-en-masivo-Encuentro-de-Mujeres-y-Caballos-de-Latinoamerica1.jpg","contentUrl":"https:\/\/diarioellabrador.cl\/wp-content\/uploads\/2026\/09\/Federacion-de-Criadores-participo-en-masivo-Encuentro-de-Mujeres-y-Caballos-de-Latinoamerica1.jpg","width":600,"height":365},{"@type":"BreadcrumbList","@id":"https:\/\/diarioellabrador.cl\/index.php\/2026\/09\/03\/federacion-de-criadores-participo-en-masivo-encuentro-de-mujeres-y-caballos-de-latinoamerica\/#breadcrumb","itemListElement":[{"@type":"ListItem","position":1,"name":"Portada","item":"https:\/\/diarioellabrador.cl\/"},{"@type":"ListItem","position":2,"name":"Federaci\u00f3n de Criadores particip\u00f3 en masivo Encuentro de Mujeres y Caballos de Latinoam\u00e9rica"}]},{"@type":"WebSite","@id":"https:\/\/diarioellabrador.cl\/#website","url":"https:\/\/diarioellabrador.cl\/","name":"Diario El Labrador","description":"Haciendo noticia desde 1921","publisher":{"@id":"https:\/\/diarioellabrador.cl\/#organization"},"potentialAction":[{"@type":"SearchAction","target":{"@type":"EntryPoint","urlTemplate":"https:\/\/diarioellabrador.cl\/?s={search_term_string}"},"query-input":{"@type":"PropertyValueSpecification","valueRequired":true,"valueName":"search_term_string"}}],"inLanguage":"es"},{"@type":"Organization","@id":"https:\/\/diarioellabrador.cl\/#organization","name":"Diario El Labrador","url":"https:\/\/diarioellabrador.cl\/","logo":{"@type":"ImageObject","inLanguage":"es","@id":"https:\/\/diarioellabrador.cl\/#\/schema\/logo\/image\/","url":"https:\/\/diarioellabrador.cl\/wp-content\/uploads\/2025\/02\/cropped-Logo-Icono.png","contentUrl":"https:\/\/diarioellabrador.cl\/wp-content\/uploads\/2025\/02\/cropped-Logo-Icono.png","width":512,"height":512,"caption":"Diario El Labrador"},"image":{"@id":"https:\/\/diarioellabrador.cl\/#\/schema\/logo\/image\/"},"sameAs":["https:\/\/web.facebook.com\/profile.php?id=61576120840621","https:\/\/x.com\/ElLabradorOf","https:\/\/www.instagram.com\/diarioellabradoroficial\/"]},{"@type":"Person","@id":"https:\/\/diarioellabrador.cl\/#\/schema\/person\/bc25ff80b4563f9c7f4bd7855df01685","name":"Editor","image":{"@type":"ImageObject","inLanguage":"es","@id":"https:\/\/secure.gravatar.com\/avatar\/109c326cf2be5c04f048c2c2a2b8b6ef44bf3d8d1d3d4c55d0ac40c4bc994684?s=96&d=initials&r=g&initials=ed","url":"https:\/\/secure.gravatar.com\/avatar\/109c326cf2be5c04f048c2c2a2b8b6ef44bf3d8d1d3d4c55d0ac40c4bc994684?s=96&d=initials&r=g&initials=ed","contentUrl":"https:\/\/secure.gravatar.com\/avatar\/109c326cf2be5c04f048c2c2a2b8b6ef44bf3d8d1d3d4c55d0ac40c4bc994684?s=96&d=initials&r=g&initials=ed","caption":"Editor"},"url":"https:\/\/diarioellabrador.cl\/index.php\/author\/editor\/"}]}},"_links":{"self":[{"href":"https:\/\/diarioellabrador.cl\/index.php\/wp-json\/wp\/v2\/posts\/24467","targetHints":{"allow":["GET"]}}],"collection":[{"href":"https:\/\/diarioellabrador.cl\/index.php\/wp-json\/wp\/v2\/posts"}],"about":[{"href":"https:\/\/diarioellabrador.cl\/index.php\/wp-json\/wp\/v2\/types\/post"}],"author":[{"embeddable":true,"href":"https:\/\/diarioellabrador.cl\/index.php\/wp-json\/wp\/v2\/users\/2"}],"replies":[{"embeddable":true,"href":"https:\/\/diarioellabrador.cl\/index.php\/wp-json\/wp\/v2\/comments?post=24467"}],"version-history":[{"count":1,"href":"https:\/\/diarioellabrador.cl\/index.php\/wp-json\/wp\/v2\/posts\/24467\/revisions"}],"predecessor-version":[{"id":24468,"href":"https:\/\/diarioellabrador.cl\/index.php\/wp-json\/wp\/v2\/posts\/24467\/revisions\/24468"}],"wp:featuredmedia":[{"embeddable":true,"href":"https:\/\/diarioellabrador.cl\/index.php\/wp-json\/wp\/v2\/media\/24433"}],"wp:attachment":[{"href":"https:\/\/diarioellabrador.cl\/index.php\/wp-json\/wp\/v2\/media?parent=24467"}],"wp:term":[{"taxonomy":"category","embeddable":true,"href":"https:\/\/diarioellabrador.cl\/index.php\/wp-json\/wp\/v2\/categories?post=24467"},{"taxonomy":"post_tag","embeddable":true,"href":"https:\/\/diarioellabrador.cl\/index.php\/wp-json\/wp\/v2\/tags?post=24467"}],"curies":[{"name":"wp","href":"https:\/\/api.w.org\/{rel}","templated":true}]}}