{"id":24465,"date":"2026-09-03T18:41:39","date_gmt":"2026-09-03T22:41:39","guid":{"rendered":"https:\/\/diarioellabrador.cl\/?p=24465"},"modified":"2026-09-03T18:41:51","modified_gmt":"2026-09-03T22:41:51","slug":"ley-karin-legislar-es-el-comienzo-aprender-a-convivir-es-el-desafio","status":"publish","type":"post","link":"https:\/\/diarioellabrador.cl\/index.php\/2026\/09\/03\/ley-karin-legislar-es-el-comienzo-aprender-a-convivir-es-el-desafio\/","title":{"rendered":"Ley Karin: legislar es el comienzo, aprender a convivir es el desaf\u00edo"},"content":{"rendered":"\n<p class=\"wp-block-paragraph\">Una tarde, un ni\u00f1o lleg\u00f3 a casa enojado. Hab\u00eda tenido un problema en el colegio y entr\u00f3 dando un portazo.<\/p>\n\n\n\n<p class=\"wp-block-paragraph\">Su padre lo mir\u00f3 y le dijo:<\/p>\n\n\n\n<p class=\"wp-block-paragraph\">\u2014\u00a1Aqu\u00ed no se grita! \u00a1C\u00e1lmate!<\/p>\n\n\n\n<p class=\"wp-block-paragraph\">El ni\u00f1o respondi\u00f3:<\/p>\n\n\n\n<p class=\"wp-block-paragraph\">\u2014\u00a1Pero estoy enojado!<\/p>\n\n\n\n<p class=\"wp-block-paragraph\">\u2014\u00a1No tienes por qu\u00e9 estarlo! \u2014contest\u00f3 su padre.<\/p>\n\n\n\n<p class=\"wp-block-paragraph\">El ni\u00f1o se encerr\u00f3 en su pieza.<\/p>\n\n\n\n<p class=\"wp-block-paragraph\">Quiz\u00e1s ese d\u00eda aprendi\u00f3 algo que muchas personas hemos aprendido, casi sin darnos cuenta: que algunas emociones es mejor esconderlas porque expresarlas incomoda a los dem\u00e1s.<\/p>\n\n\n\n<p class=\"wp-block-paragraph\">Y ah\u00ed comienza una historia que vale la pena mirar con atenci\u00f3n.<\/p>\n\n\n\n<p class=\"wp-block-paragraph\">Porque la violencia no aparece de la nada.<\/p>\n\n\n\n<p class=\"wp-block-paragraph\">No siempre comienza con un golpe. A veces comienza mucho antes: con una palabra que humilla, con un grito que se vuelve costumbre, con la incapacidad de escuchar, con una rabia que nadie nos ense\u00f1\u00f3 a gestionar o con la creencia de que quien tiene m\u00e1s fuerza tiene tambi\u00e9n la raz\u00f3n.<\/p>\n\n\n\n<p class=\"wp-block-paragraph\">Por eso, hablar de violencia solamente desde una ley, una denuncia o una sanci\u00f3n es necesario, pero insuficiente.<\/p>\n\n\n\n<p class=\"wp-block-paragraph\">La Ley Karin representa un avance importante para enfrentar la violencia y el acoso en los espacios laborales. Sin embargo, la violencia es mucho m\u00e1s amplia. Puede aparecer en nuestras familias, escuelas, calles, relaciones de pareja, redes sociales y lugares de trabajo.<\/p>\n\n\n\n<p class=\"wp-block-paragraph\">Es transversal.<\/p>\n\n\n\n<p class=\"wp-block-paragraph\">Y si realmente queremos prevenirla, necesitamos mirar tambi\u00e9n aquello que ocurre <strong>antes<\/strong> del conflicto.<\/p>\n\n\n\n<p class=\"wp-block-paragraph\">\u00bfC\u00f3mo estamos educando nuestras emociones?<\/p>\n\n\n\n<p class=\"wp-block-paragraph\">Porque nadie nace sabiendo manejar sus emociones. Eso tambi\u00e9n se aprende.<\/p>\n\n\n\n<p class=\"wp-block-paragraph\">Aprendemos observando. Aprendemos de nuestros padres, profesores, compa\u00f1eros y de los adultos que han sido importantes en nuestra vida.<\/p>\n\n\n\n<p class=\"wp-block-paragraph\">Por eso necesitamos recuperar algo que parece sencillo, pero que hoy muchas veces falta: <strong>espacios para conversar<\/strong>.<\/p>\n\n\n\n<p class=\"wp-block-paragraph\">Espacios donde podamos decir \u201cestoy enojado\u201d, \u201cme doli\u00f3\u201d, \u201ctengo miedo\u201d o \u201cnecesito ayuda\u201d sin que inmediatamente aparezcan la burla, el juicio o el rechazo.<\/p>\n\n\n\n<p class=\"wp-block-paragraph\">La prevenci\u00f3n de la violencia tambi\u00e9n pasa por ah\u00ed: por construir, poco a poco, una cultura permanente de buen trato.<\/p>\n\n\n\n<p class=\"wp-block-paragraph\">Esto no significa justificar las conductas violentas. Todo lo contrario.<\/p>\n\n\n\n<p class=\"wp-block-paragraph\">Significa comprender que prevenir tambi\u00e9n es educar, contener, poner l\u00edmites y ense\u00f1ar otras formas de relacionarnos.<\/p>\n\n\n\n<p class=\"wp-block-paragraph\">Quiz\u00e1s hemos dedicado demasiado tiempo a preguntarnos qui\u00e9n tiene la culpa y muy poco a preguntarnos:<\/p>\n\n\n\n<p class=\"wp-block-paragraph\"><strong>\u00bfQu\u00e9 estamos haciendo para que nuestros ni\u00f1os, j\u00f3venes y adultos aprendan a convivir mejor?<\/strong><\/p>\n\n\n\n<p class=\"wp-block-paragraph\">Como Orientadora Familiar, creo que ah\u00ed existe uno de los grandes desaf\u00edos de nuestra sociedad.<\/p>\n\n\n\n<p class=\"wp-block-paragraph\">Porque una comunidad no cambia solamente cuando castiga la violencia.<\/p>\n\n\n\n<p class=\"wp-block-paragraph\">La verdadera prevenci\u00f3n comienza mucho antes de una denuncia, de una sanci\u00f3n o de una agresi\u00f3n.<\/p>\n\n\n\n<p class=\"wp-block-paragraph\"><strong>Comienza en casa.<\/strong><\/p>\n\n\n\n<p class=\"wp-block-paragraph\">Comienza cuando un adulto decide escuchar en lugar de gritar.<\/p>\n\n\n\n<p class=\"wp-block-paragraph\">Cuando un padre le ense\u00f1a a su hijo que estar enojado est\u00e1 bien, pero hacer da\u00f1o no.<\/p>\n\n\n\n<p class=\"wp-block-paragraph\">Cuando una escuela entiende que educar tambi\u00e9n significa ense\u00f1ar a convivir.<\/p>\n\n\n\n<p class=\"wp-block-paragraph\">Cuando en un trabajo comprendemos que la productividad y el buen trato no son enemigos.<\/p>\n\n\n\n<p class=\"wp-block-paragraph\">La cultura del buen trato no se decreta.<\/p>\n\n\n\n<p class=\"wp-block-paragraph\"><strong>Se practica.<\/strong><\/p>\n\n\n\n<p class=\"wp-block-paragraph\">Porque la violencia puede comenzar mucho antes de un golpe.<\/p>\n\n\n\n<p class=\"wp-block-paragraph\">Pero la prevenci\u00f3n tambi\u00e9n.<\/p>\n\n\n\n<p class=\"wp-block-paragraph\"><strong><em>Daniela Foster Mu\u00f1oz<\/em><\/strong><\/p>\n\n\n\n<p class=\"wp-block-paragraph\"><strong><em>Orientadora Familiar \u2013 Relaciones Humanas<\/em><\/strong><\/p>\n\n\n\n<p class=\"wp-block-paragraph\"><strong><em>Para orientaci\u00f3n, consultas me puedes escribir aqu\u00ed en diario el labrador<\/em><\/strong><\/p>\n\n\n\n<p class=\"wp-block-paragraph\"><strong><em>naturalnutrabienestar@gmail.com<\/em><\/strong><\/p>\n\n\n\n<p class=\"wp-block-paragraph\"><strong><em>www.diariolabrador.cl\/ Columna : DANIELA FOSTER<\/em><\/strong><\/p>\n\n\n\n<p class=\"wp-block-paragraph\"><\/p>\n","protected":false},"excerpt":{"rendered":"<p>Una tarde, un ni\u00f1o lleg\u00f3 a casa enojado. Hab\u00eda tenido un problema en el colegio y entr\u00f3 dando un portazo. Su padre lo mir\u00f3 y le dijo: \u2014\u00a1Aqu\u00ed no se grita! \u00a1C\u00e1lmate! El ni\u00f1o respondi\u00f3: \u2014\u00a1Pero estoy enojado! \u2014\u00a1No tienes por qu\u00e9 estarlo! \u2014contest\u00f3 su padre. El ni\u00f1o se encerr\u00f3 en su pieza. Quiz\u00e1s ese<\/p>\n<div class=\"read-more-wrapper\"><a class=\"read-more\" href=\"https:\/\/diarioellabrador.cl\/index.php\/2026\/09\/03\/ley-karin-legislar-es-el-comienzo-aprender-a-convivir-es-el-desafio\/\" title=\"Leer m\u00e1s\"> <span class=\"button \">Leer m\u00e1s<\/span><\/a><\/div>\n","protected":false},"author":2,"featured_media":24463,"comment_status":"open","ping_status":"open","sticky":false,"template":"","format":"standard","meta":{"footnotes":"","_members_access_role":[],"_members_access_error":""},"categories":[9],"tags":[],"class_list":["post-24465","post","type-post","status-publish","format-standard","has-post-thumbnail","hentry","category-opinion"],"yoast_head":"<!-- This site is optimized with the Yoast SEO plugin v28.4 - https:\/\/yoast.com\/product\/yoast-seo-wordpress\/ -->\n<title>Ley Karin: legislar es el comienzo, aprender a convivir es el desaf\u00edo - Diario El Labrador<\/title>\n<meta name=\"robots\" content=\"index, follow, max-snippet:-1, max-image-preview:large, max-video-preview:-1\" \/>\n<link rel=\"canonical\" href=\"https:\/\/diarioellabrador.cl\/index.php\/2026\/09\/03\/ley-karin-legislar-es-el-comienzo-aprender-a-convivir-es-el-desafio\/\" \/>\n<meta property=\"og:locale\" content=\"es_ES\" \/>\n<meta property=\"og:type\" content=\"article\" \/>\n<meta property=\"og:title\" content=\"Ley Karin: legislar es el comienzo, aprender a convivir es el desaf\u00edo - Diario El Labrador\" \/>\n<meta property=\"og:description\" content=\"Una tarde, un ni\u00f1o lleg\u00f3 a casa enojado. Hab\u00eda tenido un problema en el colegio y entr\u00f3 dando un portazo. Su padre lo mir\u00f3 y le dijo: \u2014\u00a1Aqu\u00ed no se grita! \u00a1C\u00e1lmate! El ni\u00f1o respondi\u00f3: \u2014\u00a1Pero estoy enojado! \u2014\u00a1No tienes por qu\u00e9 estarlo! \u2014contest\u00f3 su padre. El ni\u00f1o se encerr\u00f3 en su pieza. Quiz\u00e1s ese Leer m\u00e1s\" \/>\n<meta property=\"og:url\" content=\"https:\/\/diarioellabrador.cl\/index.php\/2026\/09\/03\/ley-karin-legislar-es-el-comienzo-aprender-a-convivir-es-el-desafio\/\" \/>\n<meta property=\"og:site_name\" content=\"Diario El Labrador\" \/>\n<meta property=\"article:publisher\" content=\"https:\/\/web.facebook.com\/profile.php?id=61576120840621\" \/>\n<meta property=\"article:published_time\" content=\"2026-09-03T22:41:39+00:00\" \/>\n<meta property=\"article:modified_time\" content=\"2026-09-03T22:41:51+00:00\" \/>\n<meta property=\"og:image\" content=\"https:\/\/diarioellabrador.cl\/wp-content\/uploads\/2026\/09\/Ley-Karin.jpg\" \/>\n\t<meta property=\"og:image:width\" content=\"298\" \/>\n\t<meta property=\"og:image:height\" content=\"413\" \/>\n\t<meta property=\"og:image:type\" content=\"image\/jpeg\" \/>\n<meta name=\"author\" content=\"Editor\" \/>\n<meta name=\"twitter:card\" content=\"summary_large_image\" \/>\n<meta name=\"twitter:creator\" content=\"@ElLabradorOf\" \/>\n<meta name=\"twitter:site\" content=\"@ElLabradorOf\" \/>\n<meta name=\"twitter:label1\" content=\"Escrito por\" \/>\n\t<meta name=\"twitter:data1\" content=\"Editor\" \/>\n\t<meta name=\"twitter:label2\" content=\"Tiempo de lectura\" \/>\n\t<meta name=\"twitter:data2\" content=\"3 minutos\" \/>\n<script type=\"application\/ld+json\" class=\"yoast-schema-graph\">{\"@context\":\"https:\\\/\\\/schema.org\",\"@graph\":[{\"@type\":\"Article\",\"@id\":\"https:\\\/\\\/diarioellabrador.cl\\\/index.php\\\/2026\\\/09\\\/03\\\/ley-karin-legislar-es-el-comienzo-aprender-a-convivir-es-el-desafio\\\/#article\",\"isPartOf\":{\"@id\":\"https:\\\/\\\/diarioellabrador.cl\\\/index.php\\\/2026\\\/09\\\/03\\\/ley-karin-legislar-es-el-comienzo-aprender-a-convivir-es-el-desafio\\\/\"},\"author\":{\"name\":\"Editor\",\"@id\":\"https:\\\/\\\/diarioellabrador.cl\\\/#\\\/schema\\\/person\\\/bc25ff80b4563f9c7f4bd7855df01685\"},\"headline\":\"Ley Karin: legislar es el comienzo, aprender a convivir es el desaf\u00edo\",\"datePublished\":\"2026-09-03T22:41:39+00:00\",\"dateModified\":\"2026-09-03T22:41:51+00:00\",\"mainEntityOfPage\":{\"@id\":\"https:\\\/\\\/diarioellabrador.cl\\\/index.php\\\/2026\\\/09\\\/03\\\/ley-karin-legislar-es-el-comienzo-aprender-a-convivir-es-el-desafio\\\/\"},\"wordCount\":578,\"commentCount\":0,\"publisher\":{\"@id\":\"https:\\\/\\\/diarioellabrador.cl\\\/#organization\"},\"image\":{\"@id\":\"https:\\\/\\\/diarioellabrador.cl\\\/index.php\\\/2026\\\/09\\\/03\\\/ley-karin-legislar-es-el-comienzo-aprender-a-convivir-es-el-desafio\\\/#primaryimage\"},\"thumbnailUrl\":\"https:\\\/\\\/diarioellabrador.cl\\\/wp-content\\\/uploads\\\/2026\\\/09\\\/Ley-Karin.jpg\",\"articleSection\":[\"Opini\u00f3n\"],\"inLanguage\":\"es\",\"potentialAction\":[{\"@type\":\"CommentAction\",\"name\":\"Comment\",\"target\":[\"https:\\\/\\\/diarioellabrador.cl\\\/index.php\\\/2026\\\/09\\\/03\\\/ley-karin-legislar-es-el-comienzo-aprender-a-convivir-es-el-desafio\\\/#respond\"]}]},{\"@type\":\"WebPage\",\"@id\":\"https:\\\/\\\/diarioellabrador.cl\\\/index.php\\\/2026\\\/09\\\/03\\\/ley-karin-legislar-es-el-comienzo-aprender-a-convivir-es-el-desafio\\\/\",\"url\":\"https:\\\/\\\/diarioellabrador.cl\\\/index.php\\\/2026\\\/09\\\/03\\\/ley-karin-legislar-es-el-comienzo-aprender-a-convivir-es-el-desafio\\\/\",\"name\":\"Ley Karin: legislar es el comienzo, aprender a convivir es el desaf\u00edo - Diario El Labrador\",\"isPartOf\":{\"@id\":\"https:\\\/\\\/diarioellabrador.cl\\\/#website\"},\"primaryImageOfPage\":{\"@id\":\"https:\\\/\\\/diarioellabrador.cl\\\/index.php\\\/2026\\\/09\\\/03\\\/ley-karin-legislar-es-el-comienzo-aprender-a-convivir-es-el-desafio\\\/#primaryimage\"},\"image\":{\"@id\":\"https:\\\/\\\/diarioellabrador.cl\\\/index.php\\\/2026\\\/09\\\/03\\\/ley-karin-legislar-es-el-comienzo-aprender-a-convivir-es-el-desafio\\\/#primaryimage\"},\"thumbnailUrl\":\"https:\\\/\\\/diarioellabrador.cl\\\/wp-content\\\/uploads\\\/2026\\\/09\\\/Ley-Karin.jpg\",\"datePublished\":\"2026-09-03T22:41:39+00:00\",\"dateModified\":\"2026-09-03T22:41:51+00:00\",\"breadcrumb\":{\"@id\":\"https:\\\/\\\/diarioellabrador.cl\\\/index.php\\\/2026\\\/09\\\/03\\\/ley-karin-legislar-es-el-comienzo-aprender-a-convivir-es-el-desafio\\\/#breadcrumb\"},\"inLanguage\":\"es\",\"potentialAction\":[{\"@type\":\"ReadAction\",\"target\":[\"https:\\\/\\\/diarioellabrador.cl\\\/index.php\\\/2026\\\/09\\\/03\\\/ley-karin-legislar-es-el-comienzo-aprender-a-convivir-es-el-desafio\\\/\"]}]},{\"@type\":\"ImageObject\",\"inLanguage\":\"es\",\"@id\":\"https:\\\/\\\/diarioellabrador.cl\\\/index.php\\\/2026\\\/09\\\/03\\\/ley-karin-legislar-es-el-comienzo-aprender-a-convivir-es-el-desafio\\\/#primaryimage\",\"url\":\"https:\\\/\\\/diarioellabrador.cl\\\/wp-content\\\/uploads\\\/2026\\\/09\\\/Ley-Karin.jpg\",\"contentUrl\":\"https:\\\/\\\/diarioellabrador.cl\\\/wp-content\\\/uploads\\\/2026\\\/09\\\/Ley-Karin.jpg\",\"width\":298,\"height\":413},{\"@type\":\"BreadcrumbList\",\"@id\":\"https:\\\/\\\/diarioellabrador.cl\\\/index.php\\\/2026\\\/09\\\/03\\\/ley-karin-legislar-es-el-comienzo-aprender-a-convivir-es-el-desafio\\\/#breadcrumb\",\"itemListElement\":[{\"@type\":\"ListItem\",\"position\":1,\"name\":\"Portada\",\"item\":\"https:\\\/\\\/diarioellabrador.cl\\\/\"},{\"@type\":\"ListItem\",\"position\":2,\"name\":\"Ley Karin: legislar es el comienzo, aprender a convivir es el desaf\u00edo\"}]},{\"@type\":\"WebSite\",\"@id\":\"https:\\\/\\\/diarioellabrador.cl\\\/#website\",\"url\":\"https:\\\/\\\/diarioellabrador.cl\\\/\",\"name\":\"Diario El Labrador\",\"description\":\"Haciendo noticia desde 1921\",\"publisher\":{\"@id\":\"https:\\\/\\\/diarioellabrador.cl\\\/#organization\"},\"potentialAction\":[{\"@type\":\"SearchAction\",\"target\":{\"@type\":\"EntryPoint\",\"urlTemplate\":\"https:\\\/\\\/diarioellabrador.cl\\\/?s={search_term_string}\"},\"query-input\":{\"@type\":\"PropertyValueSpecification\",\"valueRequired\":true,\"valueName\":\"search_term_string\"}}],\"inLanguage\":\"es\"},{\"@type\":\"Organization\",\"@id\":\"https:\\\/\\\/diarioellabrador.cl\\\/#organization\",\"name\":\"Diario El Labrador\",\"url\":\"https:\\\/\\\/diarioellabrador.cl\\\/\",\"logo\":{\"@type\":\"ImageObject\",\"inLanguage\":\"es\",\"@id\":\"https:\\\/\\\/diarioellabrador.cl\\\/#\\\/schema\\\/logo\\\/image\\\/\",\"url\":\"https:\\\/\\\/diarioellabrador.cl\\\/wp-content\\\/uploads\\\/2025\\\/02\\\/cropped-Logo-Icono.png\",\"contentUrl\":\"https:\\\/\\\/diarioellabrador.cl\\\/wp-content\\\/uploads\\\/2025\\\/02\\\/cropped-Logo-Icono.png\",\"width\":512,\"height\":512,\"caption\":\"Diario El Labrador\"},\"image\":{\"@id\":\"https:\\\/\\\/diarioellabrador.cl\\\/#\\\/schema\\\/logo\\\/image\\\/\"},\"sameAs\":[\"https:\\\/\\\/web.facebook.com\\\/profile.php?id=61576120840621\",\"https:\\\/\\\/x.com\\\/ElLabradorOf\",\"https:\\\/\\\/www.instagram.com\\\/diarioellabradoroficial\\\/\"]},{\"@type\":\"Person\",\"@id\":\"https:\\\/\\\/diarioellabrador.cl\\\/#\\\/schema\\\/person\\\/bc25ff80b4563f9c7f4bd7855df01685\",\"name\":\"Editor\",\"image\":{\"@type\":\"ImageObject\",\"inLanguage\":\"es\",\"@id\":\"https:\\\/\\\/secure.gravatar.com\\\/avatar\\\/109c326cf2be5c04f048c2c2a2b8b6ef44bf3d8d1d3d4c55d0ac40c4bc994684?s=96&d=initials&r=g&initials=ed\",\"url\":\"https:\\\/\\\/secure.gravatar.com\\\/avatar\\\/109c326cf2be5c04f048c2c2a2b8b6ef44bf3d8d1d3d4c55d0ac40c4bc994684?s=96&d=initials&r=g&initials=ed\",\"contentUrl\":\"https:\\\/\\\/secure.gravatar.com\\\/avatar\\\/109c326cf2be5c04f048c2c2a2b8b6ef44bf3d8d1d3d4c55d0ac40c4bc994684?s=96&d=initials&r=g&initials=ed\",\"caption\":\"Editor\"},\"url\":\"https:\\\/\\\/diarioellabrador.cl\\\/index.php\\\/author\\\/editor\\\/\"}]}<\/script>\n<!-- \/ Yoast SEO plugin. -->","yoast_head_json":{"title":"Ley Karin: legislar es el comienzo, aprender a convivir es el desaf\u00edo - Diario El Labrador","robots":{"index":"index","follow":"follow","max-snippet":"max-snippet:-1","max-image-preview":"max-image-preview:large","max-video-preview":"max-video-preview:-1"},"canonical":"https:\/\/diarioellabrador.cl\/index.php\/2026\/09\/03\/ley-karin-legislar-es-el-comienzo-aprender-a-convivir-es-el-desafio\/","og_locale":"es_ES","og_type":"article","og_title":"Ley Karin: legislar es el comienzo, aprender a convivir es el desaf\u00edo - Diario El Labrador","og_description":"Una tarde, un ni\u00f1o lleg\u00f3 a casa enojado. Hab\u00eda tenido un problema en el colegio y entr\u00f3 dando un portazo. Su padre lo mir\u00f3 y le dijo: \u2014\u00a1Aqu\u00ed no se grita! \u00a1C\u00e1lmate! El ni\u00f1o respondi\u00f3: \u2014\u00a1Pero estoy enojado! \u2014\u00a1No tienes por qu\u00e9 estarlo! \u2014contest\u00f3 su padre. El ni\u00f1o se encerr\u00f3 en su pieza. Quiz\u00e1s ese Leer m\u00e1s","og_url":"https:\/\/diarioellabrador.cl\/index.php\/2026\/09\/03\/ley-karin-legislar-es-el-comienzo-aprender-a-convivir-es-el-desafio\/","og_site_name":"Diario El Labrador","article_publisher":"https:\/\/web.facebook.com\/profile.php?id=61576120840621","article_published_time":"2026-09-03T22:41:39+00:00","article_modified_time":"2026-09-03T22:41:51+00:00","og_image":[{"width":298,"height":413,"url":"https:\/\/diarioellabrador.cl\/wp-content\/uploads\/2026\/09\/Ley-Karin.jpg","type":"image\/jpeg"}],"author":"Editor","twitter_card":"summary_large_image","twitter_creator":"@ElLabradorOf","twitter_site":"@ElLabradorOf","twitter_misc":{"Escrito por":"Editor","Tiempo de lectura":"3 minutos"},"schema":{"@context":"https:\/\/schema.org","@graph":[{"@type":"Article","@id":"https:\/\/diarioellabrador.cl\/index.php\/2026\/09\/03\/ley-karin-legislar-es-el-comienzo-aprender-a-convivir-es-el-desafio\/#article","isPartOf":{"@id":"https:\/\/diarioellabrador.cl\/index.php\/2026\/09\/03\/ley-karin-legislar-es-el-comienzo-aprender-a-convivir-es-el-desafio\/"},"author":{"name":"Editor","@id":"https:\/\/diarioellabrador.cl\/#\/schema\/person\/bc25ff80b4563f9c7f4bd7855df01685"},"headline":"Ley Karin: legislar es el comienzo, aprender a convivir es el desaf\u00edo","datePublished":"2026-09-03T22:41:39+00:00","dateModified":"2026-09-03T22:41:51+00:00","mainEntityOfPage":{"@id":"https:\/\/diarioellabrador.cl\/index.php\/2026\/09\/03\/ley-karin-legislar-es-el-comienzo-aprender-a-convivir-es-el-desafio\/"},"wordCount":578,"commentCount":0,"publisher":{"@id":"https:\/\/diarioellabrador.cl\/#organization"},"image":{"@id":"https:\/\/diarioellabrador.cl\/index.php\/2026\/09\/03\/ley-karin-legislar-es-el-comienzo-aprender-a-convivir-es-el-desafio\/#primaryimage"},"thumbnailUrl":"https:\/\/diarioellabrador.cl\/wp-content\/uploads\/2026\/09\/Ley-Karin.jpg","articleSection":["Opini\u00f3n"],"inLanguage":"es","potentialAction":[{"@type":"CommentAction","name":"Comment","target":["https:\/\/diarioellabrador.cl\/index.php\/2026\/09\/03\/ley-karin-legislar-es-el-comienzo-aprender-a-convivir-es-el-desafio\/#respond"]}]},{"@type":"WebPage","@id":"https:\/\/diarioellabrador.cl\/index.php\/2026\/09\/03\/ley-karin-legislar-es-el-comienzo-aprender-a-convivir-es-el-desafio\/","url":"https:\/\/diarioellabrador.cl\/index.php\/2026\/09\/03\/ley-karin-legislar-es-el-comienzo-aprender-a-convivir-es-el-desafio\/","name":"Ley Karin: legislar es el comienzo, aprender a convivir es el desaf\u00edo - Diario El Labrador","isPartOf":{"@id":"https:\/\/diarioellabrador.cl\/#website"},"primaryImageOfPage":{"@id":"https:\/\/diarioellabrador.cl\/index.php\/2026\/09\/03\/ley-karin-legislar-es-el-comienzo-aprender-a-convivir-es-el-desafio\/#primaryimage"},"image":{"@id":"https:\/\/diarioellabrador.cl\/index.php\/2026\/09\/03\/ley-karin-legislar-es-el-comienzo-aprender-a-convivir-es-el-desafio\/#primaryimage"},"thumbnailUrl":"https:\/\/diarioellabrador.cl\/wp-content\/uploads\/2026\/09\/Ley-Karin.jpg","datePublished":"2026-09-03T22:41:39+00:00","dateModified":"2026-09-03T22:41:51+00:00","breadcrumb":{"@id":"https:\/\/diarioellabrador.cl\/index.php\/2026\/09\/03\/ley-karin-legislar-es-el-comienzo-aprender-a-convivir-es-el-desafio\/#breadcrumb"},"inLanguage":"es","potentialAction":[{"@type":"ReadAction","target":["https:\/\/diarioellabrador.cl\/index.php\/2026\/09\/03\/ley-karin-legislar-es-el-comienzo-aprender-a-convivir-es-el-desafio\/"]}]},{"@type":"ImageObject","inLanguage":"es","@id":"https:\/\/diarioellabrador.cl\/index.php\/2026\/09\/03\/ley-karin-legislar-es-el-comienzo-aprender-a-convivir-es-el-desafio\/#primaryimage","url":"https:\/\/diarioellabrador.cl\/wp-content\/uploads\/2026\/09\/Ley-Karin.jpg","contentUrl":"https:\/\/diarioellabrador.cl\/wp-content\/uploads\/2026\/09\/Ley-Karin.jpg","width":298,"height":413},{"@type":"BreadcrumbList","@id":"https:\/\/diarioellabrador.cl\/index.php\/2026\/09\/03\/ley-karin-legislar-es-el-comienzo-aprender-a-convivir-es-el-desafio\/#breadcrumb","itemListElement":[{"@type":"ListItem","position":1,"name":"Portada","item":"https:\/\/diarioellabrador.cl\/"},{"@type":"ListItem","position":2,"name":"Ley Karin: legislar es el comienzo, aprender a convivir es el desaf\u00edo"}]},{"@type":"WebSite","@id":"https:\/\/diarioellabrador.cl\/#website","url":"https:\/\/diarioellabrador.cl\/","name":"Diario El Labrador","description":"Haciendo noticia desde 1921","publisher":{"@id":"https:\/\/diarioellabrador.cl\/#organization"},"potentialAction":[{"@type":"SearchAction","target":{"@type":"EntryPoint","urlTemplate":"https:\/\/diarioellabrador.cl\/?s={search_term_string}"},"query-input":{"@type":"PropertyValueSpecification","valueRequired":true,"valueName":"search_term_string"}}],"inLanguage":"es"},{"@type":"Organization","@id":"https:\/\/diarioellabrador.cl\/#organization","name":"Diario El Labrador","url":"https:\/\/diarioellabrador.cl\/","logo":{"@type":"ImageObject","inLanguage":"es","@id":"https:\/\/diarioellabrador.cl\/#\/schema\/logo\/image\/","url":"https:\/\/diarioellabrador.cl\/wp-content\/uploads\/2025\/02\/cropped-Logo-Icono.png","contentUrl":"https:\/\/diarioellabrador.cl\/wp-content\/uploads\/2025\/02\/cropped-Logo-Icono.png","width":512,"height":512,"caption":"Diario El Labrador"},"image":{"@id":"https:\/\/diarioellabrador.cl\/#\/schema\/logo\/image\/"},"sameAs":["https:\/\/web.facebook.com\/profile.php?id=61576120840621","https:\/\/x.com\/ElLabradorOf","https:\/\/www.instagram.com\/diarioellabradoroficial\/"]},{"@type":"Person","@id":"https:\/\/diarioellabrador.cl\/#\/schema\/person\/bc25ff80b4563f9c7f4bd7855df01685","name":"Editor","image":{"@type":"ImageObject","inLanguage":"es","@id":"https:\/\/secure.gravatar.com\/avatar\/109c326cf2be5c04f048c2c2a2b8b6ef44bf3d8d1d3d4c55d0ac40c4bc994684?s=96&d=initials&r=g&initials=ed","url":"https:\/\/secure.gravatar.com\/avatar\/109c326cf2be5c04f048c2c2a2b8b6ef44bf3d8d1d3d4c55d0ac40c4bc994684?s=96&d=initials&r=g&initials=ed","contentUrl":"https:\/\/secure.gravatar.com\/avatar\/109c326cf2be5c04f048c2c2a2b8b6ef44bf3d8d1d3d4c55d0ac40c4bc994684?s=96&d=initials&r=g&initials=ed","caption":"Editor"},"url":"https:\/\/diarioellabrador.cl\/index.php\/author\/editor\/"}]}},"_links":{"self":[{"href":"https:\/\/diarioellabrador.cl\/index.php\/wp-json\/wp\/v2\/posts\/24465","targetHints":{"allow":["GET"]}}],"collection":[{"href":"https:\/\/diarioellabrador.cl\/index.php\/wp-json\/wp\/v2\/posts"}],"about":[{"href":"https:\/\/diarioellabrador.cl\/index.php\/wp-json\/wp\/v2\/types\/post"}],"author":[{"embeddable":true,"href":"https:\/\/diarioellabrador.cl\/index.php\/wp-json\/wp\/v2\/users\/2"}],"replies":[{"embeddable":true,"href":"https:\/\/diarioellabrador.cl\/index.php\/wp-json\/wp\/v2\/comments?post=24465"}],"version-history":[{"count":1,"href":"https:\/\/diarioellabrador.cl\/index.php\/wp-json\/wp\/v2\/posts\/24465\/revisions"}],"predecessor-version":[{"id":24466,"href":"https:\/\/diarioellabrador.cl\/index.php\/wp-json\/wp\/v2\/posts\/24465\/revisions\/24466"}],"wp:featuredmedia":[{"embeddable":true,"href":"https:\/\/diarioellabrador.cl\/index.php\/wp-json\/wp\/v2\/media\/24463"}],"wp:attachment":[{"href":"https:\/\/diarioellabrador.cl\/index.php\/wp-json\/wp\/v2\/media?parent=24465"}],"wp:term":[{"taxonomy":"category","embeddable":true,"href":"https:\/\/diarioellabrador.cl\/index.php\/wp-json\/wp\/v2\/categories?post=24465"},{"taxonomy":"post_tag","embeddable":true,"href":"https:\/\/diarioellabrador.cl\/index.php\/wp-json\/wp\/v2\/tags?post=24465"}],"curies":[{"name":"wp","href":"https:\/\/api.w.org\/{rel}","templated":true}]}}