{"id":24429,"date":"2026-09-03T18:40:35","date_gmt":"2026-09-03T22:40:35","guid":{"rendered":"https:\/\/diarioellabrador.cl\/?p=24429"},"modified":"2026-09-03T18:40:47","modified_gmt":"2026-09-03T22:40:47","slug":"la-educacion-fisica-en-chile","status":"publish","type":"post","link":"https:\/\/diarioellabrador.cl\/index.php\/2026\/09\/03\/la-educacion-fisica-en-chile\/","title":{"rendered":"LA EDUCACI\u00d3N F\u00cdSICA EN CHILE"},"content":{"rendered":"\n<p class=\"wp-block-paragraph\">Hola, hola. Es un gusto saludarles nuevamente. Como profesor de Educaci\u00f3n F\u00edsica, quiero compartir con ustedes parte de la historia de esta hermosa profesi\u00f3n en Chile. Para ello, tomar\u00e9 como referencia el interesante art\u00edculo de mi profesor de postgrado, Doctor en Educaci\u00f3n F\u00edsica Miguel Cornejo Am\u00e9stica, publicado en la revista efdeportes en 2011, titulado \u201cLa Educaci\u00f3n F\u00edsica en Chile: una aproximaci\u00f3n hist\u00f3rica\u201d. Los invito a conocer este interesante recorrido por los or\u00edgenes y evoluci\u00f3n de nuestra disciplina.<\/p>\n\n\n\n<p class=\"wp-block-paragraph\">Tras el proceso de Independencia iniciado en 1810, las principales preocupaciones de las autoridades chilenas estuvieron centradas solo en la organizaci\u00f3n pol\u00edtica y econ\u00f3mica del pa\u00eds. En la historia de la Educaci\u00f3n F\u00edsica chilena, las primeras acciones concretas surgieron durante la segunda mitad del siglo XIX. En 1854, la Educaci\u00f3n F\u00edsica fue incorporada a las escuelas normales destinadas a la formaci\u00f3n de profesores y, en 1865, comenz\u00f3 a integrarse en las escuelas primarias. Posteriormente, en 1869, las autoridades de Santiago impulsaron formalmente la ense\u00f1anza de la M\u00fasica y la Educaci\u00f3n F\u00edsica en los establecimientos.<\/p>\n\n\n\n<p class=\"wp-block-paragraph\">Durante sus primeros a\u00f1os, la Educaci\u00f3n F\u00edsica estuvo fuertemente influenciada por los ejercicios militares. Sin embargo, exist\u00edan importantes dificultades, como la falta de profesores especializados, infraestructura e implementaci\u00f3n adecuada. Un avance importante ocurri\u00f3 en 1883, cuando se estableci\u00f3 la incorporaci\u00f3n optativa de la gimnasia en la Educaci\u00f3n Primaria. Posteriormente, el gobierno impuls\u00f3 reformas para mejorar la formaci\u00f3n docente, enviando profesores chilenos a Europa y contratando especialistas extranjeros. Entre ellos destac\u00f3 Jos\u00e9 Francisco Jenschke, quien promovi\u00f3 principalmente la influencia de la gimnasia alemana, caracterizada por elementos nacionalistas y militares.<\/p>\n\n\n\n<p class=\"wp-block-paragraph\">El a\u00f1o 1889 se cre\u00f3 el Instituto Pedag\u00f3gico, donde comenz\u00f3 la formaci\u00f3n de profesores de gimnasia; se estableci\u00f3 la obligatoriedad de la ense\u00f1anza de esta asignatura en las escuelas y se desarroll\u00f3 el Congreso Pedag\u00f3gico Nacional, instancia en la que se debati\u00f3 la necesidad de crear instituciones especializadas para la formaci\u00f3n de docentes de Educaci\u00f3n F\u00edsica.<\/p>\n\n\n\n<p class=\"wp-block-paragraph\">La consolidaci\u00f3n institucional se produjo en 1906, con la creaci\u00f3n del Instituto Superior de Educaci\u00f3n F\u00edsica y Manual, considerado el primero de Sudam\u00e9rica. Su primer director fue Joaqu\u00edn Cabezas, quien hab\u00eda recibido formaci\u00f3n en Suecia y promovi\u00f3 la gimnasia sueca de Ling, basada en un enfoque m\u00e1s anal\u00edtico y educativo del movimiento.<\/p>\n\n\n\n<p class=\"wp-block-paragraph\">En 1931 se cre\u00f3 el Consejo Superior de Educaci\u00f3n F\u00edsica, vinculado al Ministerio de Guerra, reflejando la hist\u00f3rica relaci\u00f3n existente entre la actividad f\u00edsica y las instituciones militares.<\/p>\n\n\n\n<p class=\"wp-block-paragraph\">En esta etapa tambi\u00e9n destac\u00f3 Luis Bisquertt Susarte, quien impuls\u00f3 una visi\u00f3n social de la Educaci\u00f3n F\u00edsica como un derecho de las personas y promovi\u00f3, al mismo tiempo, un enfoque biol\u00f3gico en la formaci\u00f3n profesional.<\/p>\n\n\n\n<p class=\"wp-block-paragraph\">A partir de mediados del siglo XX, el Estado comenz\u00f3 a asumir un papel m\u00e1s activo, en el gobierno de Eduardo Frei Montalva y Salvador Allende se fortaleci\u00f3 la relaci\u00f3n entre educaci\u00f3n, deporte y recreaci\u00f3n, llegando incluso a plantearse la actividad f\u00edsica como un derecho de todos los ciudadanos.<\/p>\n\n\n\n<p class=\"wp-block-paragraph\">En 1973, el sistema educativo chileno experiment\u00f3 profundas transformaciones, especialmente con la municipalizaci\u00f3n y privatizaci\u00f3n de la educaci\u00f3n, manteni\u00e9ndose la Educaci\u00f3n F\u00edsica como asignatura del curr\u00edculo escolar.<\/p>\n\n\n\n<p class=\"wp-block-paragraph\">Ya en 1990, con el presidente Patricio Aylwin, surgieron nuevos programas destinados a fortalecer la actividad f\u00edsica y el deporte en los \u00e1mbitos escolar, universitario y social. Finalmente, con el Presidente Eduardo Frei Ru\u00edz-Tagle, se gestion\u00f3 la Ley del Deporte N\u00ba19.712 que fue promulgada en 2001, reconociendo la importancia de la Educaci\u00f3n F\u00edsica escolar y propuso establecer mecanismos para evaluar su calidad.<\/p>\n\n\n\n<p class=\"wp-block-paragraph\">En s\u00edntesis, la historia de la Educaci\u00f3n F\u00edsica en Chile ha sido un proceso de evoluci\u00f3n constante, marcada por influencias europeas, debates pedag\u00f3gicos, transformaciones pol\u00edticas, sociales y una creciente valoraci\u00f3n de la actividad f\u00edsica como un elemento fundamental para la educaci\u00f3n, la salud y el desarrollo integral de las personas. Saludos.-<\/p>\n\n\n\n<p class=\"wp-block-paragraph\">Pablo Jara Quinteros<\/p>\n\n\n\n<p class=\"wp-block-paragraph\">Profesor de Educaci\u00f3n F\u00edsica<\/p>\n\n\n\n<p class=\"wp-block-paragraph\">Magister en Gesti\u00f3n deportiva<\/p>\n\n\n\n<p class=\"wp-block-paragraph\">pablojaraquinteros@gmail.com<\/p>\n\n\n\n<p class=\"wp-block-paragraph\"><\/p>\n","protected":false},"excerpt":{"rendered":"<p>Hola, hola. Es un gusto saludarles nuevamente. Como profesor de Educaci\u00f3n F\u00edsica, quiero compartir con ustedes parte de la historia de esta hermosa profesi\u00f3n en Chile. Para ello, tomar\u00e9 como referencia el interesante art\u00edculo de mi profesor de postgrado, Doctor en Educaci\u00f3n F\u00edsica Miguel Cornejo Am\u00e9stica, publicado en la revista efdeportes en 2011, titulado \u201cLa<\/p>\n<div class=\"read-more-wrapper\"><a class=\"read-more\" href=\"https:\/\/diarioellabrador.cl\/index.php\/2026\/09\/03\/la-educacion-fisica-en-chile\/\" title=\"Leer m\u00e1s\"> <span class=\"button \">Leer m\u00e1s<\/span><\/a><\/div>\n","protected":false},"author":2,"featured_media":24462,"comment_status":"open","ping_status":"open","sticky":false,"template":"","format":"standard","meta":{"footnotes":"","_members_access_role":[],"_members_access_error":""},"categories":[9],"tags":[],"class_list":["post-24429","post","type-post","status-publish","format-standard","has-post-thumbnail","hentry","category-opinion"],"yoast_head":"<!-- This site is optimized with the Yoast SEO plugin v28.4 - https:\/\/yoast.com\/product\/yoast-seo-wordpress\/ -->\n<title>LA EDUCACI\u00d3N F\u00cdSICA EN CHILE - Diario El Labrador<\/title>\n<meta name=\"robots\" content=\"index, follow, max-snippet:-1, max-image-preview:large, max-video-preview:-1\" \/>\n<link rel=\"canonical\" href=\"https:\/\/diarioellabrador.cl\/index.php\/2026\/09\/03\/la-educacion-fisica-en-chile\/\" \/>\n<meta property=\"og:locale\" content=\"es_ES\" \/>\n<meta property=\"og:type\" content=\"article\" \/>\n<meta property=\"og:title\" content=\"LA EDUCACI\u00d3N F\u00cdSICA EN CHILE - Diario El Labrador\" \/>\n<meta property=\"og:description\" content=\"Hola, hola. Es un gusto saludarles nuevamente. Como profesor de Educaci\u00f3n F\u00edsica, quiero compartir con ustedes parte de la historia de esta hermosa profesi\u00f3n en Chile. Para ello, tomar\u00e9 como referencia el interesante art\u00edculo de mi profesor de postgrado, Doctor en Educaci\u00f3n F\u00edsica Miguel Cornejo Am\u00e9stica, publicado en la revista efdeportes en 2011, titulado \u201cLa Leer m\u00e1s\" \/>\n<meta property=\"og:url\" content=\"https:\/\/diarioellabrador.cl\/index.php\/2026\/09\/03\/la-educacion-fisica-en-chile\/\" \/>\n<meta property=\"og:site_name\" content=\"Diario El Labrador\" \/>\n<meta property=\"article:publisher\" content=\"https:\/\/web.facebook.com\/profile.php?id=61576120840621\" \/>\n<meta property=\"article:published_time\" content=\"2026-09-03T22:40:35+00:00\" \/>\n<meta property=\"article:modified_time\" content=\"2026-09-03T22:40:47+00:00\" \/>\n<meta property=\"og:image\" content=\"https:\/\/diarioellabrador.cl\/wp-content\/uploads\/2026\/09\/60.-LA-EDUCACION-FISICA-EN-CHILE.-VIERNES-04-DE-SEPTIEMBRE-DE-2026.jpg\" \/>\n\t<meta property=\"og:image:width\" content=\"1080\" \/>\n\t<meta property=\"og:image:height\" content=\"1338\" \/>\n\t<meta property=\"og:image:type\" content=\"image\/jpeg\" \/>\n<meta name=\"author\" content=\"Editor\" \/>\n<meta name=\"twitter:card\" content=\"summary_large_image\" \/>\n<meta name=\"twitter:creator\" content=\"@ElLabradorOf\" \/>\n<meta name=\"twitter:site\" content=\"@ElLabradorOf\" \/>\n<meta name=\"twitter:label1\" content=\"Escrito por\" \/>\n\t<meta name=\"twitter:data1\" content=\"Editor\" \/>\n\t<meta name=\"twitter:label2\" content=\"Tiempo de lectura\" \/>\n\t<meta name=\"twitter:data2\" content=\"4 minutos\" \/>\n<script type=\"application\/ld+json\" class=\"yoast-schema-graph\">{\"@context\":\"https:\\\/\\\/schema.org\",\"@graph\":[{\"@type\":\"Article\",\"@id\":\"https:\\\/\\\/diarioellabrador.cl\\\/index.php\\\/2026\\\/09\\\/03\\\/la-educacion-fisica-en-chile\\\/#article\",\"isPartOf\":{\"@id\":\"https:\\\/\\\/diarioellabrador.cl\\\/index.php\\\/2026\\\/09\\\/03\\\/la-educacion-fisica-en-chile\\\/\"},\"author\":{\"name\":\"Editor\",\"@id\":\"https:\\\/\\\/diarioellabrador.cl\\\/#\\\/schema\\\/person\\\/bc25ff80b4563f9c7f4bd7855df01685\"},\"headline\":\"LA EDUCACI\u00d3N F\u00cdSICA EN CHILE\",\"datePublished\":\"2026-09-03T22:40:35+00:00\",\"dateModified\":\"2026-09-03T22:40:47+00:00\",\"mainEntityOfPage\":{\"@id\":\"https:\\\/\\\/diarioellabrador.cl\\\/index.php\\\/2026\\\/09\\\/03\\\/la-educacion-fisica-en-chile\\\/\"},\"wordCount\":720,\"commentCount\":0,\"publisher\":{\"@id\":\"https:\\\/\\\/diarioellabrador.cl\\\/#organization\"},\"image\":{\"@id\":\"https:\\\/\\\/diarioellabrador.cl\\\/index.php\\\/2026\\\/09\\\/03\\\/la-educacion-fisica-en-chile\\\/#primaryimage\"},\"thumbnailUrl\":\"https:\\\/\\\/diarioellabrador.cl\\\/wp-content\\\/uploads\\\/2026\\\/09\\\/60.-LA-EDUCACION-FISICA-EN-CHILE.-VIERNES-04-DE-SEPTIEMBRE-DE-2026.jpg\",\"articleSection\":[\"Opini\u00f3n\"],\"inLanguage\":\"es\",\"potentialAction\":[{\"@type\":\"CommentAction\",\"name\":\"Comment\",\"target\":[\"https:\\\/\\\/diarioellabrador.cl\\\/index.php\\\/2026\\\/09\\\/03\\\/la-educacion-fisica-en-chile\\\/#respond\"]}]},{\"@type\":\"WebPage\",\"@id\":\"https:\\\/\\\/diarioellabrador.cl\\\/index.php\\\/2026\\\/09\\\/03\\\/la-educacion-fisica-en-chile\\\/\",\"url\":\"https:\\\/\\\/diarioellabrador.cl\\\/index.php\\\/2026\\\/09\\\/03\\\/la-educacion-fisica-en-chile\\\/\",\"name\":\"LA EDUCACI\u00d3N F\u00cdSICA EN CHILE - Diario El Labrador\",\"isPartOf\":{\"@id\":\"https:\\\/\\\/diarioellabrador.cl\\\/#website\"},\"primaryImageOfPage\":{\"@id\":\"https:\\\/\\\/diarioellabrador.cl\\\/index.php\\\/2026\\\/09\\\/03\\\/la-educacion-fisica-en-chile\\\/#primaryimage\"},\"image\":{\"@id\":\"https:\\\/\\\/diarioellabrador.cl\\\/index.php\\\/2026\\\/09\\\/03\\\/la-educacion-fisica-en-chile\\\/#primaryimage\"},\"thumbnailUrl\":\"https:\\\/\\\/diarioellabrador.cl\\\/wp-content\\\/uploads\\\/2026\\\/09\\\/60.-LA-EDUCACION-FISICA-EN-CHILE.-VIERNES-04-DE-SEPTIEMBRE-DE-2026.jpg\",\"datePublished\":\"2026-09-03T22:40:35+00:00\",\"dateModified\":\"2026-09-03T22:40:47+00:00\",\"breadcrumb\":{\"@id\":\"https:\\\/\\\/diarioellabrador.cl\\\/index.php\\\/2026\\\/09\\\/03\\\/la-educacion-fisica-en-chile\\\/#breadcrumb\"},\"inLanguage\":\"es\",\"potentialAction\":[{\"@type\":\"ReadAction\",\"target\":[\"https:\\\/\\\/diarioellabrador.cl\\\/index.php\\\/2026\\\/09\\\/03\\\/la-educacion-fisica-en-chile\\\/\"]}]},{\"@type\":\"ImageObject\",\"inLanguage\":\"es\",\"@id\":\"https:\\\/\\\/diarioellabrador.cl\\\/index.php\\\/2026\\\/09\\\/03\\\/la-educacion-fisica-en-chile\\\/#primaryimage\",\"url\":\"https:\\\/\\\/diarioellabrador.cl\\\/wp-content\\\/uploads\\\/2026\\\/09\\\/60.-LA-EDUCACION-FISICA-EN-CHILE.-VIERNES-04-DE-SEPTIEMBRE-DE-2026.jpg\",\"contentUrl\":\"https:\\\/\\\/diarioellabrador.cl\\\/wp-content\\\/uploads\\\/2026\\\/09\\\/60.-LA-EDUCACION-FISICA-EN-CHILE.-VIERNES-04-DE-SEPTIEMBRE-DE-2026.jpg\",\"width\":1080,\"height\":1338},{\"@type\":\"BreadcrumbList\",\"@id\":\"https:\\\/\\\/diarioellabrador.cl\\\/index.php\\\/2026\\\/09\\\/03\\\/la-educacion-fisica-en-chile\\\/#breadcrumb\",\"itemListElement\":[{\"@type\":\"ListItem\",\"position\":1,\"name\":\"Portada\",\"item\":\"https:\\\/\\\/diarioellabrador.cl\\\/\"},{\"@type\":\"ListItem\",\"position\":2,\"name\":\"LA EDUCACI\u00d3N F\u00cdSICA EN CHILE\"}]},{\"@type\":\"WebSite\",\"@id\":\"https:\\\/\\\/diarioellabrador.cl\\\/#website\",\"url\":\"https:\\\/\\\/diarioellabrador.cl\\\/\",\"name\":\"Diario El Labrador\",\"description\":\"Haciendo noticia desde 1921\",\"publisher\":{\"@id\":\"https:\\\/\\\/diarioellabrador.cl\\\/#organization\"},\"potentialAction\":[{\"@type\":\"SearchAction\",\"target\":{\"@type\":\"EntryPoint\",\"urlTemplate\":\"https:\\\/\\\/diarioellabrador.cl\\\/?s={search_term_string}\"},\"query-input\":{\"@type\":\"PropertyValueSpecification\",\"valueRequired\":true,\"valueName\":\"search_term_string\"}}],\"inLanguage\":\"es\"},{\"@type\":\"Organization\",\"@id\":\"https:\\\/\\\/diarioellabrador.cl\\\/#organization\",\"name\":\"Diario El Labrador\",\"url\":\"https:\\\/\\\/diarioellabrador.cl\\\/\",\"logo\":{\"@type\":\"ImageObject\",\"inLanguage\":\"es\",\"@id\":\"https:\\\/\\\/diarioellabrador.cl\\\/#\\\/schema\\\/logo\\\/image\\\/\",\"url\":\"https:\\\/\\\/diarioellabrador.cl\\\/wp-content\\\/uploads\\\/2025\\\/02\\\/cropped-Logo-Icono.png\",\"contentUrl\":\"https:\\\/\\\/diarioellabrador.cl\\\/wp-content\\\/uploads\\\/2025\\\/02\\\/cropped-Logo-Icono.png\",\"width\":512,\"height\":512,\"caption\":\"Diario El Labrador\"},\"image\":{\"@id\":\"https:\\\/\\\/diarioellabrador.cl\\\/#\\\/schema\\\/logo\\\/image\\\/\"},\"sameAs\":[\"https:\\\/\\\/web.facebook.com\\\/profile.php?id=61576120840621\",\"https:\\\/\\\/x.com\\\/ElLabradorOf\",\"https:\\\/\\\/www.instagram.com\\\/diarioellabradoroficial\\\/\"]},{\"@type\":\"Person\",\"@id\":\"https:\\\/\\\/diarioellabrador.cl\\\/#\\\/schema\\\/person\\\/bc25ff80b4563f9c7f4bd7855df01685\",\"name\":\"Editor\",\"image\":{\"@type\":\"ImageObject\",\"inLanguage\":\"es\",\"@id\":\"https:\\\/\\\/secure.gravatar.com\\\/avatar\\\/109c326cf2be5c04f048c2c2a2b8b6ef44bf3d8d1d3d4c55d0ac40c4bc994684?s=96&d=initials&r=g&initials=ed\",\"url\":\"https:\\\/\\\/secure.gravatar.com\\\/avatar\\\/109c326cf2be5c04f048c2c2a2b8b6ef44bf3d8d1d3d4c55d0ac40c4bc994684?s=96&d=initials&r=g&initials=ed\",\"contentUrl\":\"https:\\\/\\\/secure.gravatar.com\\\/avatar\\\/109c326cf2be5c04f048c2c2a2b8b6ef44bf3d8d1d3d4c55d0ac40c4bc994684?s=96&d=initials&r=g&initials=ed\",\"caption\":\"Editor\"},\"url\":\"https:\\\/\\\/diarioellabrador.cl\\\/index.php\\\/author\\\/editor\\\/\"}]}<\/script>\n<!-- \/ Yoast SEO plugin. -->","yoast_head_json":{"title":"LA EDUCACI\u00d3N F\u00cdSICA EN CHILE - Diario El Labrador","robots":{"index":"index","follow":"follow","max-snippet":"max-snippet:-1","max-image-preview":"max-image-preview:large","max-video-preview":"max-video-preview:-1"},"canonical":"https:\/\/diarioellabrador.cl\/index.php\/2026\/09\/03\/la-educacion-fisica-en-chile\/","og_locale":"es_ES","og_type":"article","og_title":"LA EDUCACI\u00d3N F\u00cdSICA EN CHILE - Diario El Labrador","og_description":"Hola, hola. Es un gusto saludarles nuevamente. Como profesor de Educaci\u00f3n F\u00edsica, quiero compartir con ustedes parte de la historia de esta hermosa profesi\u00f3n en Chile. Para ello, tomar\u00e9 como referencia el interesante art\u00edculo de mi profesor de postgrado, Doctor en Educaci\u00f3n F\u00edsica Miguel Cornejo Am\u00e9stica, publicado en la revista efdeportes en 2011, titulado \u201cLa Leer m\u00e1s","og_url":"https:\/\/diarioellabrador.cl\/index.php\/2026\/09\/03\/la-educacion-fisica-en-chile\/","og_site_name":"Diario El Labrador","article_publisher":"https:\/\/web.facebook.com\/profile.php?id=61576120840621","article_published_time":"2026-09-03T22:40:35+00:00","article_modified_time":"2026-09-03T22:40:47+00:00","og_image":[{"width":1080,"height":1338,"url":"https:\/\/diarioellabrador.cl\/wp-content\/uploads\/2026\/09\/60.-LA-EDUCACION-FISICA-EN-CHILE.-VIERNES-04-DE-SEPTIEMBRE-DE-2026.jpg","type":"image\/jpeg"}],"author":"Editor","twitter_card":"summary_large_image","twitter_creator":"@ElLabradorOf","twitter_site":"@ElLabradorOf","twitter_misc":{"Escrito por":"Editor","Tiempo de lectura":"4 minutos"},"schema":{"@context":"https:\/\/schema.org","@graph":[{"@type":"Article","@id":"https:\/\/diarioellabrador.cl\/index.php\/2026\/09\/03\/la-educacion-fisica-en-chile\/#article","isPartOf":{"@id":"https:\/\/diarioellabrador.cl\/index.php\/2026\/09\/03\/la-educacion-fisica-en-chile\/"},"author":{"name":"Editor","@id":"https:\/\/diarioellabrador.cl\/#\/schema\/person\/bc25ff80b4563f9c7f4bd7855df01685"},"headline":"LA EDUCACI\u00d3N F\u00cdSICA EN CHILE","datePublished":"2026-09-03T22:40:35+00:00","dateModified":"2026-09-03T22:40:47+00:00","mainEntityOfPage":{"@id":"https:\/\/diarioellabrador.cl\/index.php\/2026\/09\/03\/la-educacion-fisica-en-chile\/"},"wordCount":720,"commentCount":0,"publisher":{"@id":"https:\/\/diarioellabrador.cl\/#organization"},"image":{"@id":"https:\/\/diarioellabrador.cl\/index.php\/2026\/09\/03\/la-educacion-fisica-en-chile\/#primaryimage"},"thumbnailUrl":"https:\/\/diarioellabrador.cl\/wp-content\/uploads\/2026\/09\/60.-LA-EDUCACION-FISICA-EN-CHILE.-VIERNES-04-DE-SEPTIEMBRE-DE-2026.jpg","articleSection":["Opini\u00f3n"],"inLanguage":"es","potentialAction":[{"@type":"CommentAction","name":"Comment","target":["https:\/\/diarioellabrador.cl\/index.php\/2026\/09\/03\/la-educacion-fisica-en-chile\/#respond"]}]},{"@type":"WebPage","@id":"https:\/\/diarioellabrador.cl\/index.php\/2026\/09\/03\/la-educacion-fisica-en-chile\/","url":"https:\/\/diarioellabrador.cl\/index.php\/2026\/09\/03\/la-educacion-fisica-en-chile\/","name":"LA EDUCACI\u00d3N F\u00cdSICA EN CHILE - Diario El Labrador","isPartOf":{"@id":"https:\/\/diarioellabrador.cl\/#website"},"primaryImageOfPage":{"@id":"https:\/\/diarioellabrador.cl\/index.php\/2026\/09\/03\/la-educacion-fisica-en-chile\/#primaryimage"},"image":{"@id":"https:\/\/diarioellabrador.cl\/index.php\/2026\/09\/03\/la-educacion-fisica-en-chile\/#primaryimage"},"thumbnailUrl":"https:\/\/diarioellabrador.cl\/wp-content\/uploads\/2026\/09\/60.-LA-EDUCACION-FISICA-EN-CHILE.-VIERNES-04-DE-SEPTIEMBRE-DE-2026.jpg","datePublished":"2026-09-03T22:40:35+00:00","dateModified":"2026-09-03T22:40:47+00:00","breadcrumb":{"@id":"https:\/\/diarioellabrador.cl\/index.php\/2026\/09\/03\/la-educacion-fisica-en-chile\/#breadcrumb"},"inLanguage":"es","potentialAction":[{"@type":"ReadAction","target":["https:\/\/diarioellabrador.cl\/index.php\/2026\/09\/03\/la-educacion-fisica-en-chile\/"]}]},{"@type":"ImageObject","inLanguage":"es","@id":"https:\/\/diarioellabrador.cl\/index.php\/2026\/09\/03\/la-educacion-fisica-en-chile\/#primaryimage","url":"https:\/\/diarioellabrador.cl\/wp-content\/uploads\/2026\/09\/60.-LA-EDUCACION-FISICA-EN-CHILE.-VIERNES-04-DE-SEPTIEMBRE-DE-2026.jpg","contentUrl":"https:\/\/diarioellabrador.cl\/wp-content\/uploads\/2026\/09\/60.-LA-EDUCACION-FISICA-EN-CHILE.-VIERNES-04-DE-SEPTIEMBRE-DE-2026.jpg","width":1080,"height":1338},{"@type":"BreadcrumbList","@id":"https:\/\/diarioellabrador.cl\/index.php\/2026\/09\/03\/la-educacion-fisica-en-chile\/#breadcrumb","itemListElement":[{"@type":"ListItem","position":1,"name":"Portada","item":"https:\/\/diarioellabrador.cl\/"},{"@type":"ListItem","position":2,"name":"LA EDUCACI\u00d3N F\u00cdSICA EN CHILE"}]},{"@type":"WebSite","@id":"https:\/\/diarioellabrador.cl\/#website","url":"https:\/\/diarioellabrador.cl\/","name":"Diario El Labrador","description":"Haciendo noticia desde 1921","publisher":{"@id":"https:\/\/diarioellabrador.cl\/#organization"},"potentialAction":[{"@type":"SearchAction","target":{"@type":"EntryPoint","urlTemplate":"https:\/\/diarioellabrador.cl\/?s={search_term_string}"},"query-input":{"@type":"PropertyValueSpecification","valueRequired":true,"valueName":"search_term_string"}}],"inLanguage":"es"},{"@type":"Organization","@id":"https:\/\/diarioellabrador.cl\/#organization","name":"Diario El Labrador","url":"https:\/\/diarioellabrador.cl\/","logo":{"@type":"ImageObject","inLanguage":"es","@id":"https:\/\/diarioellabrador.cl\/#\/schema\/logo\/image\/","url":"https:\/\/diarioellabrador.cl\/wp-content\/uploads\/2025\/02\/cropped-Logo-Icono.png","contentUrl":"https:\/\/diarioellabrador.cl\/wp-content\/uploads\/2025\/02\/cropped-Logo-Icono.png","width":512,"height":512,"caption":"Diario El Labrador"},"image":{"@id":"https:\/\/diarioellabrador.cl\/#\/schema\/logo\/image\/"},"sameAs":["https:\/\/web.facebook.com\/profile.php?id=61576120840621","https:\/\/x.com\/ElLabradorOf","https:\/\/www.instagram.com\/diarioellabradoroficial\/"]},{"@type":"Person","@id":"https:\/\/diarioellabrador.cl\/#\/schema\/person\/bc25ff80b4563f9c7f4bd7855df01685","name":"Editor","image":{"@type":"ImageObject","inLanguage":"es","@id":"https:\/\/secure.gravatar.com\/avatar\/109c326cf2be5c04f048c2c2a2b8b6ef44bf3d8d1d3d4c55d0ac40c4bc994684?s=96&d=initials&r=g&initials=ed","url":"https:\/\/secure.gravatar.com\/avatar\/109c326cf2be5c04f048c2c2a2b8b6ef44bf3d8d1d3d4c55d0ac40c4bc994684?s=96&d=initials&r=g&initials=ed","contentUrl":"https:\/\/secure.gravatar.com\/avatar\/109c326cf2be5c04f048c2c2a2b8b6ef44bf3d8d1d3d4c55d0ac40c4bc994684?s=96&d=initials&r=g&initials=ed","caption":"Editor"},"url":"https:\/\/diarioellabrador.cl\/index.php\/author\/editor\/"}]}},"_links":{"self":[{"href":"https:\/\/diarioellabrador.cl\/index.php\/wp-json\/wp\/v2\/posts\/24429","targetHints":{"allow":["GET"]}}],"collection":[{"href":"https:\/\/diarioellabrador.cl\/index.php\/wp-json\/wp\/v2\/posts"}],"about":[{"href":"https:\/\/diarioellabrador.cl\/index.php\/wp-json\/wp\/v2\/types\/post"}],"author":[{"embeddable":true,"href":"https:\/\/diarioellabrador.cl\/index.php\/wp-json\/wp\/v2\/users\/2"}],"replies":[{"embeddable":true,"href":"https:\/\/diarioellabrador.cl\/index.php\/wp-json\/wp\/v2\/comments?post=24429"}],"version-history":[{"count":1,"href":"https:\/\/diarioellabrador.cl\/index.php\/wp-json\/wp\/v2\/posts\/24429\/revisions"}],"predecessor-version":[{"id":24464,"href":"https:\/\/diarioellabrador.cl\/index.php\/wp-json\/wp\/v2\/posts\/24429\/revisions\/24464"}],"wp:featuredmedia":[{"embeddable":true,"href":"https:\/\/diarioellabrador.cl\/index.php\/wp-json\/wp\/v2\/media\/24462"}],"wp:attachment":[{"href":"https:\/\/diarioellabrador.cl\/index.php\/wp-json\/wp\/v2\/media?parent=24429"}],"wp:term":[{"taxonomy":"category","embeddable":true,"href":"https:\/\/diarioellabrador.cl\/index.php\/wp-json\/wp\/v2\/categories?post=24429"},{"taxonomy":"post_tag","embeddable":true,"href":"https:\/\/diarioellabrador.cl\/index.php\/wp-json\/wp\/v2\/tags?post=24429"}],"curies":[{"name":"wp","href":"https:\/\/api.w.org\/{rel}","templated":true}]}}