{"id":24425,"date":"2026-09-01T19:08:55","date_gmt":"2026-09-01T23:08:55","guid":{"rendered":"https:\/\/diarioellabrador.cl\/?p=24425"},"modified":"2026-09-01T19:08:58","modified_gmt":"2026-09-01T23:08:58","slug":"delegado-provincial-gaston-libuy-informa-que-septiembre-es-el-ultimo-mes-para-utilizar-el-cupon-de-gas-licuado-de-27-mil-pesos","status":"publish","type":"post","link":"https:\/\/diarioellabrador.cl\/index.php\/2026\/09\/01\/delegado-provincial-gaston-libuy-informa-que-septiembre-es-el-ultimo-mes-para-utilizar-el-cupon-de-gas-licuado-de-27-mil-pesos\/","title":{"rendered":"Delegado Provincial Gast\u00f3n Libuy informa que septiembre es el \u00faltimo mes para utilizar el Cup\u00f3n de Gas Licuado de 27 mil pesos"},"content":{"rendered":"\n<ul class=\"wp-block-list\">\n<li><strong>El beneficio, impulsado por el Gobierno para apoyar a los hogares y aliviar el gasto asociado al gas licuado, puede ser utilizado hasta el 30 de septiembre de 2026 por quienes activaron oportunamente su cup\u00f3n.<\/strong><\/li>\n<\/ul>\n\n\n\n<p class=\"wp-block-paragraph\">M\u00e1s de 4 millones de hogares ya han utilizado su Cup\u00f3n de Gas Licuado, beneficio extraordinario de Gobierno, el cual consta de 27 mil pesos destinado a apoyar a las familias y contribuir a aliviar el gasto en gas licuado durante invierno.<\/p>\n\n\n\n<p class=\"wp-block-paragraph\">El delegado presidencial provincial de Melipilla, Gast\u00f3n Libuy, destac\u00f3 la importancia de este apoyo impulsado por el Gobierno, haciendo un llamado a las personas que a\u00fan mantienen saldo disponible, a aprovechar durante septiembre este beneficio, considerando que el pr\u00f3ximo 30 de septiembre del 2026 vence el plazo para utilizarlo en los distribuidores adheridos.<\/p>\n\n\n\n<p class=\"wp-block-paragraph\">\u201cEste es un apoyo importante que el Gobierno dispuso para las familias de nuestro pa\u00eds, considerando el alto costo que representa el gas licuado y el impacto que tiene este gasto en el presupuesto de los hogares durante el invierno. Por eso, queremos hacer un llamado a quienes todav\u00eda tienen disponible su Cup\u00f3n de Gas, a que aprovechen este beneficio y lo utilicen durante septiembre. Este es el \u00faltimo mes para hacerlo, por lo que invitamos a las familias a no dejar pasar esta oportunidad y hacer uso de los recursos que tienen disponibles\u201d, se\u00f1al\u00f3.<\/p>\n\n\n\n<p class=\"wp-block-paragraph\">Cabe recordar que el plazo para activar el beneficio venci\u00f3 el pasado 30 de junio, por lo que actualmente no es posible realizar nuevas activaciones. Sin embargo, quienes activaron su cup\u00f3n dentro del plazo establecido, y a\u00fan mantienen saldo disponible, podr\u00e1n utilizarlo hasta el 30 de septiembre del 2026.<\/p>\n\n\n\n<p class=\"wp-block-paragraph\">El beneficio corresponde a $27.000 por hogar y puede ser utilizado en los distribuidores de gas licuado adheridos.<\/p>\n\n\n\n<p class=\"wp-block-paragraph\"><\/p>\n","protected":false},"excerpt":{"rendered":"<p>M\u00e1s de 4 millones de hogares ya han utilizado su Cup\u00f3n de Gas Licuado, beneficio extraordinario de Gobierno, el cual consta de 27 mil pesos destinado a apoyar a las familias y contribuir a aliviar el gasto en gas licuado durante invierno. El delegado presidencial provincial de Melipilla, Gast\u00f3n Libuy, destac\u00f3 la importancia de este<\/p>\n<div class=\"read-more-wrapper\"><a class=\"read-more\" href=\"https:\/\/diarioellabrador.cl\/index.php\/2026\/09\/01\/delegado-provincial-gaston-libuy-informa-que-septiembre-es-el-ultimo-mes-para-utilizar-el-cupon-de-gas-licuado-de-27-mil-pesos\/\" title=\"Leer m\u00e1s\"> <span class=\"button \">Leer m\u00e1s<\/span><\/a><\/div>\n","protected":false},"author":2,"featured_media":24359,"comment_status":"open","ping_status":"open","sticky":false,"template":"","format":"standard","meta":{"footnotes":"","_members_access_role":[],"_members_access_error":""},"categories":[1],"tags":[],"class_list":["post-24425","post","type-post","status-publish","format-standard","has-post-thumbnail","hentry","category-cronica"],"yoast_head":"<!-- This site is optimized with the Yoast SEO plugin v28.4 - https:\/\/yoast.com\/product\/yoast-seo-wordpress\/ -->\n<title>Delegado Provincial Gast\u00f3n Libuy informa que septiembre es el \u00faltimo mes para utilizar el Cup\u00f3n de Gas Licuado de 27 mil pesos - Diario El Labrador<\/title>\n<meta name=\"robots\" content=\"index, follow, max-snippet:-1, max-image-preview:large, max-video-preview:-1\" \/>\n<link rel=\"canonical\" href=\"https:\/\/diarioellabrador.cl\/index.php\/2026\/09\/01\/delegado-provincial-gaston-libuy-informa-que-septiembre-es-el-ultimo-mes-para-utilizar-el-cupon-de-gas-licuado-de-27-mil-pesos\/\" \/>\n<meta property=\"og:locale\" content=\"es_ES\" \/>\n<meta property=\"og:type\" content=\"article\" \/>\n<meta property=\"og:title\" content=\"Delegado Provincial Gast\u00f3n Libuy informa que septiembre es el \u00faltimo mes para utilizar el Cup\u00f3n de Gas Licuado de 27 mil pesos - Diario El Labrador\" \/>\n<meta property=\"og:description\" content=\"M\u00e1s de 4 millones de hogares ya han utilizado su Cup\u00f3n de Gas Licuado, beneficio extraordinario de Gobierno, el cual consta de 27 mil pesos destinado a apoyar a las familias y contribuir a aliviar el gasto en gas licuado durante invierno. El delegado presidencial provincial de Melipilla, Gast\u00f3n Libuy, destac\u00f3 la importancia de este Leer m\u00e1s\" \/>\n<meta property=\"og:url\" content=\"https:\/\/diarioellabrador.cl\/index.php\/2026\/09\/01\/delegado-provincial-gaston-libuy-informa-que-septiembre-es-el-ultimo-mes-para-utilizar-el-cupon-de-gas-licuado-de-27-mil-pesos\/\" \/>\n<meta property=\"og:site_name\" content=\"Diario El Labrador\" \/>\n<meta property=\"article:publisher\" content=\"https:\/\/web.facebook.com\/profile.php?id=61576120840621\" \/>\n<meta property=\"article:published_time\" content=\"2026-09-01T23:08:55+00:00\" \/>\n<meta property=\"article:modified_time\" content=\"2026-09-01T23:08:58+00:00\" \/>\n<meta property=\"og:image\" content=\"https:\/\/diarioellabrador.cl\/wp-content\/uploads\/2026\/09\/Delegado-Provincial-Gaston-Libuy-informa-que-septiembre-es-el-ultimo-mes-para-utilizar-el-Cupon-de-Gas-Licuado-de-27-mil-pesos-.jpg\" \/>\n\t<meta property=\"og:image:width\" content=\"1080\" \/>\n\t<meta property=\"og:image:height\" content=\"1351\" \/>\n\t<meta property=\"og:image:type\" content=\"image\/jpeg\" \/>\n<meta name=\"author\" content=\"Editor\" \/>\n<meta name=\"twitter:card\" content=\"summary_large_image\" \/>\n<meta name=\"twitter:creator\" content=\"@ElLabradorOf\" \/>\n<meta name=\"twitter:site\" content=\"@ElLabradorOf\" \/>\n<meta name=\"twitter:label1\" content=\"Escrito por\" \/>\n\t<meta name=\"twitter:data1\" content=\"Editor\" \/>\n\t<meta name=\"twitter:label2\" content=\"Tiempo de lectura\" \/>\n\t<meta name=\"twitter:data2\" content=\"2 minutos\" \/>\n<script type=\"application\/ld+json\" class=\"yoast-schema-graph\">{\"@context\":\"https:\\\/\\\/schema.org\",\"@graph\":[{\"@type\":\"Article\",\"@id\":\"https:\\\/\\\/diarioellabrador.cl\\\/index.php\\\/2026\\\/09\\\/01\\\/delegado-provincial-gaston-libuy-informa-que-septiembre-es-el-ultimo-mes-para-utilizar-el-cupon-de-gas-licuado-de-27-mil-pesos\\\/#article\",\"isPartOf\":{\"@id\":\"https:\\\/\\\/diarioellabrador.cl\\\/index.php\\\/2026\\\/09\\\/01\\\/delegado-provincial-gaston-libuy-informa-que-septiembre-es-el-ultimo-mes-para-utilizar-el-cupon-de-gas-licuado-de-27-mil-pesos\\\/\"},\"author\":{\"name\":\"Editor\",\"@id\":\"https:\\\/\\\/diarioellabrador.cl\\\/#\\\/schema\\\/person\\\/bc25ff80b4563f9c7f4bd7855df01685\"},\"headline\":\"Delegado Provincial Gast\u00f3n Libuy informa que septiembre es el \u00faltimo mes para utilizar el Cup\u00f3n de Gas Licuado de 27 mil pesos\",\"datePublished\":\"2026-09-01T23:08:55+00:00\",\"dateModified\":\"2026-09-01T23:08:58+00:00\",\"mainEntityOfPage\":{\"@id\":\"https:\\\/\\\/diarioellabrador.cl\\\/index.php\\\/2026\\\/09\\\/01\\\/delegado-provincial-gaston-libuy-informa-que-septiembre-es-el-ultimo-mes-para-utilizar-el-cupon-de-gas-licuado-de-27-mil-pesos\\\/\"},\"wordCount\":318,\"commentCount\":0,\"publisher\":{\"@id\":\"https:\\\/\\\/diarioellabrador.cl\\\/#organization\"},\"image\":{\"@id\":\"https:\\\/\\\/diarioellabrador.cl\\\/index.php\\\/2026\\\/09\\\/01\\\/delegado-provincial-gaston-libuy-informa-que-septiembre-es-el-ultimo-mes-para-utilizar-el-cupon-de-gas-licuado-de-27-mil-pesos\\\/#primaryimage\"},\"thumbnailUrl\":\"https:\\\/\\\/diarioellabrador.cl\\\/wp-content\\\/uploads\\\/2026\\\/09\\\/Delegado-Provincial-Gaston-Libuy-informa-que-septiembre-es-el-ultimo-mes-para-utilizar-el-Cupon-de-Gas-Licuado-de-27-mil-pesos-.jpg\",\"articleSection\":[\"Cr\u00f3nica\"],\"inLanguage\":\"es\",\"potentialAction\":[{\"@type\":\"CommentAction\",\"name\":\"Comment\",\"target\":[\"https:\\\/\\\/diarioellabrador.cl\\\/index.php\\\/2026\\\/09\\\/01\\\/delegado-provincial-gaston-libuy-informa-que-septiembre-es-el-ultimo-mes-para-utilizar-el-cupon-de-gas-licuado-de-27-mil-pesos\\\/#respond\"]}]},{\"@type\":\"WebPage\",\"@id\":\"https:\\\/\\\/diarioellabrador.cl\\\/index.php\\\/2026\\\/09\\\/01\\\/delegado-provincial-gaston-libuy-informa-que-septiembre-es-el-ultimo-mes-para-utilizar-el-cupon-de-gas-licuado-de-27-mil-pesos\\\/\",\"url\":\"https:\\\/\\\/diarioellabrador.cl\\\/index.php\\\/2026\\\/09\\\/01\\\/delegado-provincial-gaston-libuy-informa-que-septiembre-es-el-ultimo-mes-para-utilizar-el-cupon-de-gas-licuado-de-27-mil-pesos\\\/\",\"name\":\"Delegado Provincial Gast\u00f3n Libuy informa que septiembre es el \u00faltimo mes para utilizar el Cup\u00f3n de Gas Licuado de 27 mil pesos - Diario El Labrador\",\"isPartOf\":{\"@id\":\"https:\\\/\\\/diarioellabrador.cl\\\/#website\"},\"primaryImageOfPage\":{\"@id\":\"https:\\\/\\\/diarioellabrador.cl\\\/index.php\\\/2026\\\/09\\\/01\\\/delegado-provincial-gaston-libuy-informa-que-septiembre-es-el-ultimo-mes-para-utilizar-el-cupon-de-gas-licuado-de-27-mil-pesos\\\/#primaryimage\"},\"image\":{\"@id\":\"https:\\\/\\\/diarioellabrador.cl\\\/index.php\\\/2026\\\/09\\\/01\\\/delegado-provincial-gaston-libuy-informa-que-septiembre-es-el-ultimo-mes-para-utilizar-el-cupon-de-gas-licuado-de-27-mil-pesos\\\/#primaryimage\"},\"thumbnailUrl\":\"https:\\\/\\\/diarioellabrador.cl\\\/wp-content\\\/uploads\\\/2026\\\/09\\\/Delegado-Provincial-Gaston-Libuy-informa-que-septiembre-es-el-ultimo-mes-para-utilizar-el-Cupon-de-Gas-Licuado-de-27-mil-pesos-.jpg\",\"datePublished\":\"2026-09-01T23:08:55+00:00\",\"dateModified\":\"2026-09-01T23:08:58+00:00\",\"breadcrumb\":{\"@id\":\"https:\\\/\\\/diarioellabrador.cl\\\/index.php\\\/2026\\\/09\\\/01\\\/delegado-provincial-gaston-libuy-informa-que-septiembre-es-el-ultimo-mes-para-utilizar-el-cupon-de-gas-licuado-de-27-mil-pesos\\\/#breadcrumb\"},\"inLanguage\":\"es\",\"potentialAction\":[{\"@type\":\"ReadAction\",\"target\":[\"https:\\\/\\\/diarioellabrador.cl\\\/index.php\\\/2026\\\/09\\\/01\\\/delegado-provincial-gaston-libuy-informa-que-septiembre-es-el-ultimo-mes-para-utilizar-el-cupon-de-gas-licuado-de-27-mil-pesos\\\/\"]}]},{\"@type\":\"ImageObject\",\"inLanguage\":\"es\",\"@id\":\"https:\\\/\\\/diarioellabrador.cl\\\/index.php\\\/2026\\\/09\\\/01\\\/delegado-provincial-gaston-libuy-informa-que-septiembre-es-el-ultimo-mes-para-utilizar-el-cupon-de-gas-licuado-de-27-mil-pesos\\\/#primaryimage\",\"url\":\"https:\\\/\\\/diarioellabrador.cl\\\/wp-content\\\/uploads\\\/2026\\\/09\\\/Delegado-Provincial-Gaston-Libuy-informa-que-septiembre-es-el-ultimo-mes-para-utilizar-el-Cupon-de-Gas-Licuado-de-27-mil-pesos-.jpg\",\"contentUrl\":\"https:\\\/\\\/diarioellabrador.cl\\\/wp-content\\\/uploads\\\/2026\\\/09\\\/Delegado-Provincial-Gaston-Libuy-informa-que-septiembre-es-el-ultimo-mes-para-utilizar-el-Cupon-de-Gas-Licuado-de-27-mil-pesos-.jpg\",\"width\":1080,\"height\":1351},{\"@type\":\"BreadcrumbList\",\"@id\":\"https:\\\/\\\/diarioellabrador.cl\\\/index.php\\\/2026\\\/09\\\/01\\\/delegado-provincial-gaston-libuy-informa-que-septiembre-es-el-ultimo-mes-para-utilizar-el-cupon-de-gas-licuado-de-27-mil-pesos\\\/#breadcrumb\",\"itemListElement\":[{\"@type\":\"ListItem\",\"position\":1,\"name\":\"Portada\",\"item\":\"https:\\\/\\\/diarioellabrador.cl\\\/\"},{\"@type\":\"ListItem\",\"position\":2,\"name\":\"Delegado Provincial Gast\u00f3n Libuy informa que septiembre es el \u00faltimo mes para utilizar el Cup\u00f3n de Gas Licuado de 27 mil pesos\"}]},{\"@type\":\"WebSite\",\"@id\":\"https:\\\/\\\/diarioellabrador.cl\\\/#website\",\"url\":\"https:\\\/\\\/diarioellabrador.cl\\\/\",\"name\":\"Diario El Labrador\",\"description\":\"Haciendo noticia desde 1921\",\"publisher\":{\"@id\":\"https:\\\/\\\/diarioellabrador.cl\\\/#organization\"},\"potentialAction\":[{\"@type\":\"SearchAction\",\"target\":{\"@type\":\"EntryPoint\",\"urlTemplate\":\"https:\\\/\\\/diarioellabrador.cl\\\/?s={search_term_string}\"},\"query-input\":{\"@type\":\"PropertyValueSpecification\",\"valueRequired\":true,\"valueName\":\"search_term_string\"}}],\"inLanguage\":\"es\"},{\"@type\":\"Organization\",\"@id\":\"https:\\\/\\\/diarioellabrador.cl\\\/#organization\",\"name\":\"Diario El Labrador\",\"url\":\"https:\\\/\\\/diarioellabrador.cl\\\/\",\"logo\":{\"@type\":\"ImageObject\",\"inLanguage\":\"es\",\"@id\":\"https:\\\/\\\/diarioellabrador.cl\\\/#\\\/schema\\\/logo\\\/image\\\/\",\"url\":\"https:\\\/\\\/diarioellabrador.cl\\\/wp-content\\\/uploads\\\/2025\\\/02\\\/cropped-Logo-Icono.png\",\"contentUrl\":\"https:\\\/\\\/diarioellabrador.cl\\\/wp-content\\\/uploads\\\/2025\\\/02\\\/cropped-Logo-Icono.png\",\"width\":512,\"height\":512,\"caption\":\"Diario El Labrador\"},\"image\":{\"@id\":\"https:\\\/\\\/diarioellabrador.cl\\\/#\\\/schema\\\/logo\\\/image\\\/\"},\"sameAs\":[\"https:\\\/\\\/web.facebook.com\\\/profile.php?id=61576120840621\",\"https:\\\/\\\/x.com\\\/ElLabradorOf\",\"https:\\\/\\\/www.instagram.com\\\/diarioellabradoroficial\\\/\"]},{\"@type\":\"Person\",\"@id\":\"https:\\\/\\\/diarioellabrador.cl\\\/#\\\/schema\\\/person\\\/bc25ff80b4563f9c7f4bd7855df01685\",\"name\":\"Editor\",\"image\":{\"@type\":\"ImageObject\",\"inLanguage\":\"es\",\"@id\":\"https:\\\/\\\/secure.gravatar.com\\\/avatar\\\/109c326cf2be5c04f048c2c2a2b8b6ef44bf3d8d1d3d4c55d0ac40c4bc994684?s=96&d=initials&r=g&initials=ed\",\"url\":\"https:\\\/\\\/secure.gravatar.com\\\/avatar\\\/109c326cf2be5c04f048c2c2a2b8b6ef44bf3d8d1d3d4c55d0ac40c4bc994684?s=96&d=initials&r=g&initials=ed\",\"contentUrl\":\"https:\\\/\\\/secure.gravatar.com\\\/avatar\\\/109c326cf2be5c04f048c2c2a2b8b6ef44bf3d8d1d3d4c55d0ac40c4bc994684?s=96&d=initials&r=g&initials=ed\",\"caption\":\"Editor\"},\"url\":\"https:\\\/\\\/diarioellabrador.cl\\\/index.php\\\/author\\\/editor\\\/\"}]}<\/script>\n<!-- \/ Yoast SEO plugin. -->","yoast_head_json":{"title":"Delegado Provincial Gast\u00f3n Libuy informa que septiembre es el \u00faltimo mes para utilizar el Cup\u00f3n de Gas Licuado de 27 mil pesos - Diario El Labrador","robots":{"index":"index","follow":"follow","max-snippet":"max-snippet:-1","max-image-preview":"max-image-preview:large","max-video-preview":"max-video-preview:-1"},"canonical":"https:\/\/diarioellabrador.cl\/index.php\/2026\/09\/01\/delegado-provincial-gaston-libuy-informa-que-septiembre-es-el-ultimo-mes-para-utilizar-el-cupon-de-gas-licuado-de-27-mil-pesos\/","og_locale":"es_ES","og_type":"article","og_title":"Delegado Provincial Gast\u00f3n Libuy informa que septiembre es el \u00faltimo mes para utilizar el Cup\u00f3n de Gas Licuado de 27 mil pesos - Diario El Labrador","og_description":"M\u00e1s de 4 millones de hogares ya han utilizado su Cup\u00f3n de Gas Licuado, beneficio extraordinario de Gobierno, el cual consta de 27 mil pesos destinado a apoyar a las familias y contribuir a aliviar el gasto en gas licuado durante invierno. El delegado presidencial provincial de Melipilla, Gast\u00f3n Libuy, destac\u00f3 la importancia de este Leer m\u00e1s","og_url":"https:\/\/diarioellabrador.cl\/index.php\/2026\/09\/01\/delegado-provincial-gaston-libuy-informa-que-septiembre-es-el-ultimo-mes-para-utilizar-el-cupon-de-gas-licuado-de-27-mil-pesos\/","og_site_name":"Diario El Labrador","article_publisher":"https:\/\/web.facebook.com\/profile.php?id=61576120840621","article_published_time":"2026-09-01T23:08:55+00:00","article_modified_time":"2026-09-01T23:08:58+00:00","og_image":[{"width":1080,"height":1351,"url":"https:\/\/diarioellabrador.cl\/wp-content\/uploads\/2026\/09\/Delegado-Provincial-Gaston-Libuy-informa-que-septiembre-es-el-ultimo-mes-para-utilizar-el-Cupon-de-Gas-Licuado-de-27-mil-pesos-.jpg","type":"image\/jpeg"}],"author":"Editor","twitter_card":"summary_large_image","twitter_creator":"@ElLabradorOf","twitter_site":"@ElLabradorOf","twitter_misc":{"Escrito por":"Editor","Tiempo de lectura":"2 minutos"},"schema":{"@context":"https:\/\/schema.org","@graph":[{"@type":"Article","@id":"https:\/\/diarioellabrador.cl\/index.php\/2026\/09\/01\/delegado-provincial-gaston-libuy-informa-que-septiembre-es-el-ultimo-mes-para-utilizar-el-cupon-de-gas-licuado-de-27-mil-pesos\/#article","isPartOf":{"@id":"https:\/\/diarioellabrador.cl\/index.php\/2026\/09\/01\/delegado-provincial-gaston-libuy-informa-que-septiembre-es-el-ultimo-mes-para-utilizar-el-cupon-de-gas-licuado-de-27-mil-pesos\/"},"author":{"name":"Editor","@id":"https:\/\/diarioellabrador.cl\/#\/schema\/person\/bc25ff80b4563f9c7f4bd7855df01685"},"headline":"Delegado Provincial Gast\u00f3n Libuy informa que septiembre es el \u00faltimo mes para utilizar el Cup\u00f3n de Gas Licuado de 27 mil pesos","datePublished":"2026-09-01T23:08:55+00:00","dateModified":"2026-09-01T23:08:58+00:00","mainEntityOfPage":{"@id":"https:\/\/diarioellabrador.cl\/index.php\/2026\/09\/01\/delegado-provincial-gaston-libuy-informa-que-septiembre-es-el-ultimo-mes-para-utilizar-el-cupon-de-gas-licuado-de-27-mil-pesos\/"},"wordCount":318,"commentCount":0,"publisher":{"@id":"https:\/\/diarioellabrador.cl\/#organization"},"image":{"@id":"https:\/\/diarioellabrador.cl\/index.php\/2026\/09\/01\/delegado-provincial-gaston-libuy-informa-que-septiembre-es-el-ultimo-mes-para-utilizar-el-cupon-de-gas-licuado-de-27-mil-pesos\/#primaryimage"},"thumbnailUrl":"https:\/\/diarioellabrador.cl\/wp-content\/uploads\/2026\/09\/Delegado-Provincial-Gaston-Libuy-informa-que-septiembre-es-el-ultimo-mes-para-utilizar-el-Cupon-de-Gas-Licuado-de-27-mil-pesos-.jpg","articleSection":["Cr\u00f3nica"],"inLanguage":"es","potentialAction":[{"@type":"CommentAction","name":"Comment","target":["https:\/\/diarioellabrador.cl\/index.php\/2026\/09\/01\/delegado-provincial-gaston-libuy-informa-que-septiembre-es-el-ultimo-mes-para-utilizar-el-cupon-de-gas-licuado-de-27-mil-pesos\/#respond"]}]},{"@type":"WebPage","@id":"https:\/\/diarioellabrador.cl\/index.php\/2026\/09\/01\/delegado-provincial-gaston-libuy-informa-que-septiembre-es-el-ultimo-mes-para-utilizar-el-cupon-de-gas-licuado-de-27-mil-pesos\/","url":"https:\/\/diarioellabrador.cl\/index.php\/2026\/09\/01\/delegado-provincial-gaston-libuy-informa-que-septiembre-es-el-ultimo-mes-para-utilizar-el-cupon-de-gas-licuado-de-27-mil-pesos\/","name":"Delegado Provincial Gast\u00f3n Libuy informa que septiembre es el \u00faltimo mes para utilizar el Cup\u00f3n de Gas Licuado de 27 mil pesos - Diario El Labrador","isPartOf":{"@id":"https:\/\/diarioellabrador.cl\/#website"},"primaryImageOfPage":{"@id":"https:\/\/diarioellabrador.cl\/index.php\/2026\/09\/01\/delegado-provincial-gaston-libuy-informa-que-septiembre-es-el-ultimo-mes-para-utilizar-el-cupon-de-gas-licuado-de-27-mil-pesos\/#primaryimage"},"image":{"@id":"https:\/\/diarioellabrador.cl\/index.php\/2026\/09\/01\/delegado-provincial-gaston-libuy-informa-que-septiembre-es-el-ultimo-mes-para-utilizar-el-cupon-de-gas-licuado-de-27-mil-pesos\/#primaryimage"},"thumbnailUrl":"https:\/\/diarioellabrador.cl\/wp-content\/uploads\/2026\/09\/Delegado-Provincial-Gaston-Libuy-informa-que-septiembre-es-el-ultimo-mes-para-utilizar-el-Cupon-de-Gas-Licuado-de-27-mil-pesos-.jpg","datePublished":"2026-09-01T23:08:55+00:00","dateModified":"2026-09-01T23:08:58+00:00","breadcrumb":{"@id":"https:\/\/diarioellabrador.cl\/index.php\/2026\/09\/01\/delegado-provincial-gaston-libuy-informa-que-septiembre-es-el-ultimo-mes-para-utilizar-el-cupon-de-gas-licuado-de-27-mil-pesos\/#breadcrumb"},"inLanguage":"es","potentialAction":[{"@type":"ReadAction","target":["https:\/\/diarioellabrador.cl\/index.php\/2026\/09\/01\/delegado-provincial-gaston-libuy-informa-que-septiembre-es-el-ultimo-mes-para-utilizar-el-cupon-de-gas-licuado-de-27-mil-pesos\/"]}]},{"@type":"ImageObject","inLanguage":"es","@id":"https:\/\/diarioellabrador.cl\/index.php\/2026\/09\/01\/delegado-provincial-gaston-libuy-informa-que-septiembre-es-el-ultimo-mes-para-utilizar-el-cupon-de-gas-licuado-de-27-mil-pesos\/#primaryimage","url":"https:\/\/diarioellabrador.cl\/wp-content\/uploads\/2026\/09\/Delegado-Provincial-Gaston-Libuy-informa-que-septiembre-es-el-ultimo-mes-para-utilizar-el-Cupon-de-Gas-Licuado-de-27-mil-pesos-.jpg","contentUrl":"https:\/\/diarioellabrador.cl\/wp-content\/uploads\/2026\/09\/Delegado-Provincial-Gaston-Libuy-informa-que-septiembre-es-el-ultimo-mes-para-utilizar-el-Cupon-de-Gas-Licuado-de-27-mil-pesos-.jpg","width":1080,"height":1351},{"@type":"BreadcrumbList","@id":"https:\/\/diarioellabrador.cl\/index.php\/2026\/09\/01\/delegado-provincial-gaston-libuy-informa-que-septiembre-es-el-ultimo-mes-para-utilizar-el-cupon-de-gas-licuado-de-27-mil-pesos\/#breadcrumb","itemListElement":[{"@type":"ListItem","position":1,"name":"Portada","item":"https:\/\/diarioellabrador.cl\/"},{"@type":"ListItem","position":2,"name":"Delegado Provincial Gast\u00f3n Libuy informa que septiembre es el \u00faltimo mes para utilizar el Cup\u00f3n de Gas Licuado de 27 mil pesos"}]},{"@type":"WebSite","@id":"https:\/\/diarioellabrador.cl\/#website","url":"https:\/\/diarioellabrador.cl\/","name":"Diario El Labrador","description":"Haciendo noticia desde 1921","publisher":{"@id":"https:\/\/diarioellabrador.cl\/#organization"},"potentialAction":[{"@type":"SearchAction","target":{"@type":"EntryPoint","urlTemplate":"https:\/\/diarioellabrador.cl\/?s={search_term_string}"},"query-input":{"@type":"PropertyValueSpecification","valueRequired":true,"valueName":"search_term_string"}}],"inLanguage":"es"},{"@type":"Organization","@id":"https:\/\/diarioellabrador.cl\/#organization","name":"Diario El Labrador","url":"https:\/\/diarioellabrador.cl\/","logo":{"@type":"ImageObject","inLanguage":"es","@id":"https:\/\/diarioellabrador.cl\/#\/schema\/logo\/image\/","url":"https:\/\/diarioellabrador.cl\/wp-content\/uploads\/2025\/02\/cropped-Logo-Icono.png","contentUrl":"https:\/\/diarioellabrador.cl\/wp-content\/uploads\/2025\/02\/cropped-Logo-Icono.png","width":512,"height":512,"caption":"Diario El Labrador"},"image":{"@id":"https:\/\/diarioellabrador.cl\/#\/schema\/logo\/image\/"},"sameAs":["https:\/\/web.facebook.com\/profile.php?id=61576120840621","https:\/\/x.com\/ElLabradorOf","https:\/\/www.instagram.com\/diarioellabradoroficial\/"]},{"@type":"Person","@id":"https:\/\/diarioellabrador.cl\/#\/schema\/person\/bc25ff80b4563f9c7f4bd7855df01685","name":"Editor","image":{"@type":"ImageObject","inLanguage":"es","@id":"https:\/\/secure.gravatar.com\/avatar\/109c326cf2be5c04f048c2c2a2b8b6ef44bf3d8d1d3d4c55d0ac40c4bc994684?s=96&d=initials&r=g&initials=ed","url":"https:\/\/secure.gravatar.com\/avatar\/109c326cf2be5c04f048c2c2a2b8b6ef44bf3d8d1d3d4c55d0ac40c4bc994684?s=96&d=initials&r=g&initials=ed","contentUrl":"https:\/\/secure.gravatar.com\/avatar\/109c326cf2be5c04f048c2c2a2b8b6ef44bf3d8d1d3d4c55d0ac40c4bc994684?s=96&d=initials&r=g&initials=ed","caption":"Editor"},"url":"https:\/\/diarioellabrador.cl\/index.php\/author\/editor\/"}]}},"_links":{"self":[{"href":"https:\/\/diarioellabrador.cl\/index.php\/wp-json\/wp\/v2\/posts\/24425","targetHints":{"allow":["GET"]}}],"collection":[{"href":"https:\/\/diarioellabrador.cl\/index.php\/wp-json\/wp\/v2\/posts"}],"about":[{"href":"https:\/\/diarioellabrador.cl\/index.php\/wp-json\/wp\/v2\/types\/post"}],"author":[{"embeddable":true,"href":"https:\/\/diarioellabrador.cl\/index.php\/wp-json\/wp\/v2\/users\/2"}],"replies":[{"embeddable":true,"href":"https:\/\/diarioellabrador.cl\/index.php\/wp-json\/wp\/v2\/comments?post=24425"}],"version-history":[{"count":1,"href":"https:\/\/diarioellabrador.cl\/index.php\/wp-json\/wp\/v2\/posts\/24425\/revisions"}],"predecessor-version":[{"id":24426,"href":"https:\/\/diarioellabrador.cl\/index.php\/wp-json\/wp\/v2\/posts\/24425\/revisions\/24426"}],"wp:featuredmedia":[{"embeddable":true,"href":"https:\/\/diarioellabrador.cl\/index.php\/wp-json\/wp\/v2\/media\/24359"}],"wp:attachment":[{"href":"https:\/\/diarioellabrador.cl\/index.php\/wp-json\/wp\/v2\/media?parent=24425"}],"wp:term":[{"taxonomy":"category","embeddable":true,"href":"https:\/\/diarioellabrador.cl\/index.php\/wp-json\/wp\/v2\/categories?post=24425"},{"taxonomy":"post_tag","embeddable":true,"href":"https:\/\/diarioellabrador.cl\/index.php\/wp-json\/wp\/v2\/tags?post=24425"}],"curies":[{"name":"wp","href":"https:\/\/api.w.org\/{rel}","templated":true}]}}