{"id":24423,"date":"2026-09-01T19:06:24","date_gmt":"2026-09-01T23:06:24","guid":{"rendered":"https:\/\/diarioellabrador.cl\/?p=24423"},"modified":"2026-09-01T19:06:26","modified_gmt":"2026-09-01T23:06:26","slug":"cge-concreto-anhelado-proyecto-para-la-comunidad-de-quebrada-honda-en-curacavi","status":"publish","type":"post","link":"https:\/\/diarioellabrador.cl\/index.php\/2026\/09\/01\/cge-concreto-anhelado-proyecto-para-la-comunidad-de-quebrada-honda-en-curacavi\/","title":{"rendered":"CGE concret\u00f3 anhelado proyecto para la comunidad de Quebrada Honda en Curacav\u00ed"},"content":{"rendered":"\n<ul class=\"wp-block-list\">\n<li>Se trata de la instalaci\u00f3n de dos nuevos transformadores y la extensi\u00f3n de parte de la red, con foco en mejorar la calidad de servicio ante la creciente demanda de la comunidad.<\/li>\n<\/ul>\n\n\n\n<p class=\"wp-block-paragraph\">CGE, compa\u00f1\u00eda de distribuci\u00f3n el\u00e9ctrica que atiende a m\u00e1s de 3,2 millones de clientes entre las regiones de Arica y Parinacota y La Araucan\u00eda, gener\u00f3 una serie de iniciativas en el sector de Quebrada Honda en la comuna de Curacav\u00ed, con foco en la calidad de servicio y en coordinaci\u00f3n con los propios vecinos que levantaron esta necesidad.<\/p>\n\n\n\n<p class=\"wp-block-paragraph\">En concreto se trata de la instalaci\u00f3n de 2 nuevos transformadores de 100 y 45 kVA en el sector, que se complement\u00f3 con el cambio de m\u00e1s de 750 metros de red de baja tensi\u00f3n de los cuales 150 corresponde a red protegida.<\/p>\n\n\n\n<p class=\"wp-block-paragraph\">Las acciones son parte de un proyecto de mejoramiento el\u00e9ctrico del sector que concreta un compromiso acordado previamente con la comunidad con foco en la calidad de servicio y se enmarca tambi\u00e9n en el proyecto denominado \u201cTransformadores Verdes\u201d, que consiste en el reacondicionamiento de equipos en desuso, a trav\u00e9s de un proceso de recuperaci\u00f3n de sus componentes y eliminaci\u00f3n o disminuci\u00f3n de posibles elementos contaminantes, a fin de ponerlos nuevamente en servicio en las redes.<\/p>\n\n\n\n<p class=\"wp-block-paragraph\">Marco Carvajal, gerente zonal Quinta Melipilla de CGE, se\u00f1al\u00f3 que \u201ccon esto damos respuesta a un compromiso con los vecinos de Quebrada Honda que nos manifestaron sus problemas de calidad de servicio asociado tambi\u00e9n al crecimiento de la poblaci\u00f3n durante el \u00faltimo tiempo por lo que recogimos su inquietud y trabajamos para mejorar su calidad de vida\u201d, asegur\u00f3 el ejecutivo.<\/p>\n\n\n\n<p class=\"wp-block-paragraph\">CGE y Tusan son las primeras empresas en Chile que implementan de manera efectiva un proyecto de econom\u00eda circular y reciclaje en el segmento de la distribuci\u00f3n el\u00e9ctrica y la construcci\u00f3n de equipos especializados.<\/p>\n\n\n\n<p class=\"wp-block-paragraph\"><strong>Consejos<\/strong><\/p>\n\n\n\n<p class=\"wp-block-paragraph\">\u201cCGE reitera el peligro de aproximarse a las redes e infraestructura el\u00e9ctrica y hace un llamado a sus clientes a tomar algunas medidas de seguridad para evitar accidentes, como no acercarse a conductores o cables da\u00f1ados o que est\u00e9n en el suelo, ya que podr\u00edan estar energizados. En caso de emergencia, se solicita tomar contacto con la empresa a trav\u00e9s del n\u00famero de atenci\u00f3n gratuito 800 800 767; WhatsApp: +569 89568479, y la p\u00e1gina web <a href=\"http:\/\/www.cge.cl\">www.cge.cl<\/a>\u201d, App 1Click de CGE, atencionclientes@cge.cl<\/p>\n\n\n\n<p class=\"wp-block-paragraph\"><\/p>\n","protected":false},"excerpt":{"rendered":"<p>CGE, compa\u00f1\u00eda de distribuci\u00f3n el\u00e9ctrica que atiende a m\u00e1s de 3,2 millones de clientes entre las regiones de Arica y Parinacota y La Araucan\u00eda, gener\u00f3 una serie de iniciativas en el sector de Quebrada Honda en la comuna de Curacav\u00ed, con foco en la calidad de servicio y en coordinaci\u00f3n con los propios vecinos que<\/p>\n<div class=\"read-more-wrapper\"><a class=\"read-more\" href=\"https:\/\/diarioellabrador.cl\/index.php\/2026\/09\/01\/cge-concreto-anhelado-proyecto-para-la-comunidad-de-quebrada-honda-en-curacavi\/\" title=\"Leer m\u00e1s\"> <span class=\"button \">Leer m\u00e1s<\/span><\/a><\/div>\n","protected":false},"author":2,"featured_media":24358,"comment_status":"open","ping_status":"open","sticky":false,"template":"","format":"standard","meta":{"footnotes":"","_members_access_role":[],"_members_access_error":""},"categories":[1],"tags":[],"class_list":["post-24423","post","type-post","status-publish","format-standard","has-post-thumbnail","hentry","category-cronica"],"yoast_head":"<!-- This site is optimized with the Yoast SEO plugin v28.4 - https:\/\/yoast.com\/product\/yoast-seo-wordpress\/ -->\n<title>CGE concret\u00f3 anhelado proyecto para la comunidad de Quebrada Honda en Curacav\u00ed - Diario El Labrador<\/title>\n<meta name=\"robots\" content=\"index, follow, max-snippet:-1, max-image-preview:large, max-video-preview:-1\" \/>\n<link rel=\"canonical\" href=\"https:\/\/diarioellabrador.cl\/index.php\/2026\/09\/01\/cge-concreto-anhelado-proyecto-para-la-comunidad-de-quebrada-honda-en-curacavi\/\" \/>\n<meta property=\"og:locale\" content=\"es_ES\" \/>\n<meta property=\"og:type\" content=\"article\" \/>\n<meta property=\"og:title\" content=\"CGE concret\u00f3 anhelado proyecto para la comunidad de Quebrada Honda en Curacav\u00ed - Diario El Labrador\" \/>\n<meta property=\"og:description\" content=\"CGE, compa\u00f1\u00eda de distribuci\u00f3n el\u00e9ctrica que atiende a m\u00e1s de 3,2 millones de clientes entre las regiones de Arica y Parinacota y La Araucan\u00eda, gener\u00f3 una serie de iniciativas en el sector de Quebrada Honda en la comuna de Curacav\u00ed, con foco en la calidad de servicio y en coordinaci\u00f3n con los propios vecinos que Leer m\u00e1s\" \/>\n<meta property=\"og:url\" content=\"https:\/\/diarioellabrador.cl\/index.php\/2026\/09\/01\/cge-concreto-anhelado-proyecto-para-la-comunidad-de-quebrada-honda-en-curacavi\/\" \/>\n<meta property=\"og:site_name\" content=\"Diario El Labrador\" \/>\n<meta property=\"article:publisher\" content=\"https:\/\/web.facebook.com\/profile.php?id=61576120840621\" \/>\n<meta property=\"article:published_time\" content=\"2026-09-01T23:06:24+00:00\" \/>\n<meta property=\"article:modified_time\" content=\"2026-09-01T23:06:26+00:00\" \/>\n<meta property=\"og:image\" content=\"https:\/\/diarioellabrador.cl\/wp-content\/uploads\/2026\/09\/CGE-concreto-anhelado-proyecto-para-la-comunidad-de-Quebrada-Honda-en-Curacavi-3.jpg\" \/>\n\t<meta property=\"og:image:width\" content=\"1600\" \/>\n\t<meta property=\"og:image:height\" content=\"720\" \/>\n\t<meta property=\"og:image:type\" content=\"image\/jpeg\" \/>\n<meta name=\"author\" content=\"Editor\" \/>\n<meta name=\"twitter:card\" content=\"summary_large_image\" \/>\n<meta name=\"twitter:creator\" content=\"@ElLabradorOf\" \/>\n<meta name=\"twitter:site\" content=\"@ElLabradorOf\" \/>\n<meta name=\"twitter:label1\" content=\"Escrito por\" \/>\n\t<meta name=\"twitter:data1\" content=\"Editor\" \/>\n\t<meta name=\"twitter:label2\" content=\"Tiempo de lectura\" \/>\n\t<meta name=\"twitter:data2\" content=\"2 minutos\" \/>\n<script type=\"application\/ld+json\" class=\"yoast-schema-graph\">{\"@context\":\"https:\\\/\\\/schema.org\",\"@graph\":[{\"@type\":\"Article\",\"@id\":\"https:\\\/\\\/diarioellabrador.cl\\\/index.php\\\/2026\\\/09\\\/01\\\/cge-concreto-anhelado-proyecto-para-la-comunidad-de-quebrada-honda-en-curacavi\\\/#article\",\"isPartOf\":{\"@id\":\"https:\\\/\\\/diarioellabrador.cl\\\/index.php\\\/2026\\\/09\\\/01\\\/cge-concreto-anhelado-proyecto-para-la-comunidad-de-quebrada-honda-en-curacavi\\\/\"},\"author\":{\"name\":\"Editor\",\"@id\":\"https:\\\/\\\/diarioellabrador.cl\\\/#\\\/schema\\\/person\\\/bc25ff80b4563f9c7f4bd7855df01685\"},\"headline\":\"CGE concret\u00f3 anhelado proyecto para la comunidad de Quebrada Honda en Curacav\u00ed\",\"datePublished\":\"2026-09-01T23:06:24+00:00\",\"dateModified\":\"2026-09-01T23:06:26+00:00\",\"mainEntityOfPage\":{\"@id\":\"https:\\\/\\\/diarioellabrador.cl\\\/index.php\\\/2026\\\/09\\\/01\\\/cge-concreto-anhelado-proyecto-para-la-comunidad-de-quebrada-honda-en-curacavi\\\/\"},\"wordCount\":421,\"commentCount\":0,\"publisher\":{\"@id\":\"https:\\\/\\\/diarioellabrador.cl\\\/#organization\"},\"image\":{\"@id\":\"https:\\\/\\\/diarioellabrador.cl\\\/index.php\\\/2026\\\/09\\\/01\\\/cge-concreto-anhelado-proyecto-para-la-comunidad-de-quebrada-honda-en-curacavi\\\/#primaryimage\"},\"thumbnailUrl\":\"https:\\\/\\\/diarioellabrador.cl\\\/wp-content\\\/uploads\\\/2026\\\/09\\\/CGE-concreto-anhelado-proyecto-para-la-comunidad-de-Quebrada-Honda-en-Curacavi-3.jpg\",\"articleSection\":[\"Cr\u00f3nica\"],\"inLanguage\":\"es\",\"potentialAction\":[{\"@type\":\"CommentAction\",\"name\":\"Comment\",\"target\":[\"https:\\\/\\\/diarioellabrador.cl\\\/index.php\\\/2026\\\/09\\\/01\\\/cge-concreto-anhelado-proyecto-para-la-comunidad-de-quebrada-honda-en-curacavi\\\/#respond\"]}]},{\"@type\":\"WebPage\",\"@id\":\"https:\\\/\\\/diarioellabrador.cl\\\/index.php\\\/2026\\\/09\\\/01\\\/cge-concreto-anhelado-proyecto-para-la-comunidad-de-quebrada-honda-en-curacavi\\\/\",\"url\":\"https:\\\/\\\/diarioellabrador.cl\\\/index.php\\\/2026\\\/09\\\/01\\\/cge-concreto-anhelado-proyecto-para-la-comunidad-de-quebrada-honda-en-curacavi\\\/\",\"name\":\"CGE concret\u00f3 anhelado proyecto para la comunidad de Quebrada Honda en Curacav\u00ed - Diario El Labrador\",\"isPartOf\":{\"@id\":\"https:\\\/\\\/diarioellabrador.cl\\\/#website\"},\"primaryImageOfPage\":{\"@id\":\"https:\\\/\\\/diarioellabrador.cl\\\/index.php\\\/2026\\\/09\\\/01\\\/cge-concreto-anhelado-proyecto-para-la-comunidad-de-quebrada-honda-en-curacavi\\\/#primaryimage\"},\"image\":{\"@id\":\"https:\\\/\\\/diarioellabrador.cl\\\/index.php\\\/2026\\\/09\\\/01\\\/cge-concreto-anhelado-proyecto-para-la-comunidad-de-quebrada-honda-en-curacavi\\\/#primaryimage\"},\"thumbnailUrl\":\"https:\\\/\\\/diarioellabrador.cl\\\/wp-content\\\/uploads\\\/2026\\\/09\\\/CGE-concreto-anhelado-proyecto-para-la-comunidad-de-Quebrada-Honda-en-Curacavi-3.jpg\",\"datePublished\":\"2026-09-01T23:06:24+00:00\",\"dateModified\":\"2026-09-01T23:06:26+00:00\",\"breadcrumb\":{\"@id\":\"https:\\\/\\\/diarioellabrador.cl\\\/index.php\\\/2026\\\/09\\\/01\\\/cge-concreto-anhelado-proyecto-para-la-comunidad-de-quebrada-honda-en-curacavi\\\/#breadcrumb\"},\"inLanguage\":\"es\",\"potentialAction\":[{\"@type\":\"ReadAction\",\"target\":[\"https:\\\/\\\/diarioellabrador.cl\\\/index.php\\\/2026\\\/09\\\/01\\\/cge-concreto-anhelado-proyecto-para-la-comunidad-de-quebrada-honda-en-curacavi\\\/\"]}]},{\"@type\":\"ImageObject\",\"inLanguage\":\"es\",\"@id\":\"https:\\\/\\\/diarioellabrador.cl\\\/index.php\\\/2026\\\/09\\\/01\\\/cge-concreto-anhelado-proyecto-para-la-comunidad-de-quebrada-honda-en-curacavi\\\/#primaryimage\",\"url\":\"https:\\\/\\\/diarioellabrador.cl\\\/wp-content\\\/uploads\\\/2026\\\/09\\\/CGE-concreto-anhelado-proyecto-para-la-comunidad-de-Quebrada-Honda-en-Curacavi-3.jpg\",\"contentUrl\":\"https:\\\/\\\/diarioellabrador.cl\\\/wp-content\\\/uploads\\\/2026\\\/09\\\/CGE-concreto-anhelado-proyecto-para-la-comunidad-de-Quebrada-Honda-en-Curacavi-3.jpg\",\"width\":1600,\"height\":720},{\"@type\":\"BreadcrumbList\",\"@id\":\"https:\\\/\\\/diarioellabrador.cl\\\/index.php\\\/2026\\\/09\\\/01\\\/cge-concreto-anhelado-proyecto-para-la-comunidad-de-quebrada-honda-en-curacavi\\\/#breadcrumb\",\"itemListElement\":[{\"@type\":\"ListItem\",\"position\":1,\"name\":\"Portada\",\"item\":\"https:\\\/\\\/diarioellabrador.cl\\\/\"},{\"@type\":\"ListItem\",\"position\":2,\"name\":\"CGE concret\u00f3 anhelado proyecto para la comunidad de Quebrada Honda en Curacav\u00ed\"}]},{\"@type\":\"WebSite\",\"@id\":\"https:\\\/\\\/diarioellabrador.cl\\\/#website\",\"url\":\"https:\\\/\\\/diarioellabrador.cl\\\/\",\"name\":\"Diario El Labrador\",\"description\":\"Haciendo noticia desde 1921\",\"publisher\":{\"@id\":\"https:\\\/\\\/diarioellabrador.cl\\\/#organization\"},\"potentialAction\":[{\"@type\":\"SearchAction\",\"target\":{\"@type\":\"EntryPoint\",\"urlTemplate\":\"https:\\\/\\\/diarioellabrador.cl\\\/?s={search_term_string}\"},\"query-input\":{\"@type\":\"PropertyValueSpecification\",\"valueRequired\":true,\"valueName\":\"search_term_string\"}}],\"inLanguage\":\"es\"},{\"@type\":\"Organization\",\"@id\":\"https:\\\/\\\/diarioellabrador.cl\\\/#organization\",\"name\":\"Diario El Labrador\",\"url\":\"https:\\\/\\\/diarioellabrador.cl\\\/\",\"logo\":{\"@type\":\"ImageObject\",\"inLanguage\":\"es\",\"@id\":\"https:\\\/\\\/diarioellabrador.cl\\\/#\\\/schema\\\/logo\\\/image\\\/\",\"url\":\"https:\\\/\\\/diarioellabrador.cl\\\/wp-content\\\/uploads\\\/2025\\\/02\\\/cropped-Logo-Icono.png\",\"contentUrl\":\"https:\\\/\\\/diarioellabrador.cl\\\/wp-content\\\/uploads\\\/2025\\\/02\\\/cropped-Logo-Icono.png\",\"width\":512,\"height\":512,\"caption\":\"Diario El Labrador\"},\"image\":{\"@id\":\"https:\\\/\\\/diarioellabrador.cl\\\/#\\\/schema\\\/logo\\\/image\\\/\"},\"sameAs\":[\"https:\\\/\\\/web.facebook.com\\\/profile.php?id=61576120840621\",\"https:\\\/\\\/x.com\\\/ElLabradorOf\",\"https:\\\/\\\/www.instagram.com\\\/diarioellabradoroficial\\\/\"]},{\"@type\":\"Person\",\"@id\":\"https:\\\/\\\/diarioellabrador.cl\\\/#\\\/schema\\\/person\\\/bc25ff80b4563f9c7f4bd7855df01685\",\"name\":\"Editor\",\"image\":{\"@type\":\"ImageObject\",\"inLanguage\":\"es\",\"@id\":\"https:\\\/\\\/secure.gravatar.com\\\/avatar\\\/109c326cf2be5c04f048c2c2a2b8b6ef44bf3d8d1d3d4c55d0ac40c4bc994684?s=96&d=initials&r=g&initials=ed\",\"url\":\"https:\\\/\\\/secure.gravatar.com\\\/avatar\\\/109c326cf2be5c04f048c2c2a2b8b6ef44bf3d8d1d3d4c55d0ac40c4bc994684?s=96&d=initials&r=g&initials=ed\",\"contentUrl\":\"https:\\\/\\\/secure.gravatar.com\\\/avatar\\\/109c326cf2be5c04f048c2c2a2b8b6ef44bf3d8d1d3d4c55d0ac40c4bc994684?s=96&d=initials&r=g&initials=ed\",\"caption\":\"Editor\"},\"url\":\"https:\\\/\\\/diarioellabrador.cl\\\/index.php\\\/author\\\/editor\\\/\"}]}<\/script>\n<!-- \/ Yoast SEO plugin. -->","yoast_head_json":{"title":"CGE concret\u00f3 anhelado proyecto para la comunidad de Quebrada Honda en Curacav\u00ed - Diario El Labrador","robots":{"index":"index","follow":"follow","max-snippet":"max-snippet:-1","max-image-preview":"max-image-preview:large","max-video-preview":"max-video-preview:-1"},"canonical":"https:\/\/diarioellabrador.cl\/index.php\/2026\/09\/01\/cge-concreto-anhelado-proyecto-para-la-comunidad-de-quebrada-honda-en-curacavi\/","og_locale":"es_ES","og_type":"article","og_title":"CGE concret\u00f3 anhelado proyecto para la comunidad de Quebrada Honda en Curacav\u00ed - Diario El Labrador","og_description":"CGE, compa\u00f1\u00eda de distribuci\u00f3n el\u00e9ctrica que atiende a m\u00e1s de 3,2 millones de clientes entre las regiones de Arica y Parinacota y La Araucan\u00eda, gener\u00f3 una serie de iniciativas en el sector de Quebrada Honda en la comuna de Curacav\u00ed, con foco en la calidad de servicio y en coordinaci\u00f3n con los propios vecinos que Leer m\u00e1s","og_url":"https:\/\/diarioellabrador.cl\/index.php\/2026\/09\/01\/cge-concreto-anhelado-proyecto-para-la-comunidad-de-quebrada-honda-en-curacavi\/","og_site_name":"Diario El Labrador","article_publisher":"https:\/\/web.facebook.com\/profile.php?id=61576120840621","article_published_time":"2026-09-01T23:06:24+00:00","article_modified_time":"2026-09-01T23:06:26+00:00","og_image":[{"width":1600,"height":720,"url":"https:\/\/diarioellabrador.cl\/wp-content\/uploads\/2026\/09\/CGE-concreto-anhelado-proyecto-para-la-comunidad-de-Quebrada-Honda-en-Curacavi-3.jpg","type":"image\/jpeg"}],"author":"Editor","twitter_card":"summary_large_image","twitter_creator":"@ElLabradorOf","twitter_site":"@ElLabradorOf","twitter_misc":{"Escrito por":"Editor","Tiempo de lectura":"2 minutos"},"schema":{"@context":"https:\/\/schema.org","@graph":[{"@type":"Article","@id":"https:\/\/diarioellabrador.cl\/index.php\/2026\/09\/01\/cge-concreto-anhelado-proyecto-para-la-comunidad-de-quebrada-honda-en-curacavi\/#article","isPartOf":{"@id":"https:\/\/diarioellabrador.cl\/index.php\/2026\/09\/01\/cge-concreto-anhelado-proyecto-para-la-comunidad-de-quebrada-honda-en-curacavi\/"},"author":{"name":"Editor","@id":"https:\/\/diarioellabrador.cl\/#\/schema\/person\/bc25ff80b4563f9c7f4bd7855df01685"},"headline":"CGE concret\u00f3 anhelado proyecto para la comunidad de Quebrada Honda en Curacav\u00ed","datePublished":"2026-09-01T23:06:24+00:00","dateModified":"2026-09-01T23:06:26+00:00","mainEntityOfPage":{"@id":"https:\/\/diarioellabrador.cl\/index.php\/2026\/09\/01\/cge-concreto-anhelado-proyecto-para-la-comunidad-de-quebrada-honda-en-curacavi\/"},"wordCount":421,"commentCount":0,"publisher":{"@id":"https:\/\/diarioellabrador.cl\/#organization"},"image":{"@id":"https:\/\/diarioellabrador.cl\/index.php\/2026\/09\/01\/cge-concreto-anhelado-proyecto-para-la-comunidad-de-quebrada-honda-en-curacavi\/#primaryimage"},"thumbnailUrl":"https:\/\/diarioellabrador.cl\/wp-content\/uploads\/2026\/09\/CGE-concreto-anhelado-proyecto-para-la-comunidad-de-Quebrada-Honda-en-Curacavi-3.jpg","articleSection":["Cr\u00f3nica"],"inLanguage":"es","potentialAction":[{"@type":"CommentAction","name":"Comment","target":["https:\/\/diarioellabrador.cl\/index.php\/2026\/09\/01\/cge-concreto-anhelado-proyecto-para-la-comunidad-de-quebrada-honda-en-curacavi\/#respond"]}]},{"@type":"WebPage","@id":"https:\/\/diarioellabrador.cl\/index.php\/2026\/09\/01\/cge-concreto-anhelado-proyecto-para-la-comunidad-de-quebrada-honda-en-curacavi\/","url":"https:\/\/diarioellabrador.cl\/index.php\/2026\/09\/01\/cge-concreto-anhelado-proyecto-para-la-comunidad-de-quebrada-honda-en-curacavi\/","name":"CGE concret\u00f3 anhelado proyecto para la comunidad de Quebrada Honda en Curacav\u00ed - Diario El Labrador","isPartOf":{"@id":"https:\/\/diarioellabrador.cl\/#website"},"primaryImageOfPage":{"@id":"https:\/\/diarioellabrador.cl\/index.php\/2026\/09\/01\/cge-concreto-anhelado-proyecto-para-la-comunidad-de-quebrada-honda-en-curacavi\/#primaryimage"},"image":{"@id":"https:\/\/diarioellabrador.cl\/index.php\/2026\/09\/01\/cge-concreto-anhelado-proyecto-para-la-comunidad-de-quebrada-honda-en-curacavi\/#primaryimage"},"thumbnailUrl":"https:\/\/diarioellabrador.cl\/wp-content\/uploads\/2026\/09\/CGE-concreto-anhelado-proyecto-para-la-comunidad-de-Quebrada-Honda-en-Curacavi-3.jpg","datePublished":"2026-09-01T23:06:24+00:00","dateModified":"2026-09-01T23:06:26+00:00","breadcrumb":{"@id":"https:\/\/diarioellabrador.cl\/index.php\/2026\/09\/01\/cge-concreto-anhelado-proyecto-para-la-comunidad-de-quebrada-honda-en-curacavi\/#breadcrumb"},"inLanguage":"es","potentialAction":[{"@type":"ReadAction","target":["https:\/\/diarioellabrador.cl\/index.php\/2026\/09\/01\/cge-concreto-anhelado-proyecto-para-la-comunidad-de-quebrada-honda-en-curacavi\/"]}]},{"@type":"ImageObject","inLanguage":"es","@id":"https:\/\/diarioellabrador.cl\/index.php\/2026\/09\/01\/cge-concreto-anhelado-proyecto-para-la-comunidad-de-quebrada-honda-en-curacavi\/#primaryimage","url":"https:\/\/diarioellabrador.cl\/wp-content\/uploads\/2026\/09\/CGE-concreto-anhelado-proyecto-para-la-comunidad-de-Quebrada-Honda-en-Curacavi-3.jpg","contentUrl":"https:\/\/diarioellabrador.cl\/wp-content\/uploads\/2026\/09\/CGE-concreto-anhelado-proyecto-para-la-comunidad-de-Quebrada-Honda-en-Curacavi-3.jpg","width":1600,"height":720},{"@type":"BreadcrumbList","@id":"https:\/\/diarioellabrador.cl\/index.php\/2026\/09\/01\/cge-concreto-anhelado-proyecto-para-la-comunidad-de-quebrada-honda-en-curacavi\/#breadcrumb","itemListElement":[{"@type":"ListItem","position":1,"name":"Portada","item":"https:\/\/diarioellabrador.cl\/"},{"@type":"ListItem","position":2,"name":"CGE concret\u00f3 anhelado proyecto para la comunidad de Quebrada Honda en Curacav\u00ed"}]},{"@type":"WebSite","@id":"https:\/\/diarioellabrador.cl\/#website","url":"https:\/\/diarioellabrador.cl\/","name":"Diario El Labrador","description":"Haciendo noticia desde 1921","publisher":{"@id":"https:\/\/diarioellabrador.cl\/#organization"},"potentialAction":[{"@type":"SearchAction","target":{"@type":"EntryPoint","urlTemplate":"https:\/\/diarioellabrador.cl\/?s={search_term_string}"},"query-input":{"@type":"PropertyValueSpecification","valueRequired":true,"valueName":"search_term_string"}}],"inLanguage":"es"},{"@type":"Organization","@id":"https:\/\/diarioellabrador.cl\/#organization","name":"Diario El Labrador","url":"https:\/\/diarioellabrador.cl\/","logo":{"@type":"ImageObject","inLanguage":"es","@id":"https:\/\/diarioellabrador.cl\/#\/schema\/logo\/image\/","url":"https:\/\/diarioellabrador.cl\/wp-content\/uploads\/2025\/02\/cropped-Logo-Icono.png","contentUrl":"https:\/\/diarioellabrador.cl\/wp-content\/uploads\/2025\/02\/cropped-Logo-Icono.png","width":512,"height":512,"caption":"Diario El Labrador"},"image":{"@id":"https:\/\/diarioellabrador.cl\/#\/schema\/logo\/image\/"},"sameAs":["https:\/\/web.facebook.com\/profile.php?id=61576120840621","https:\/\/x.com\/ElLabradorOf","https:\/\/www.instagram.com\/diarioellabradoroficial\/"]},{"@type":"Person","@id":"https:\/\/diarioellabrador.cl\/#\/schema\/person\/bc25ff80b4563f9c7f4bd7855df01685","name":"Editor","image":{"@type":"ImageObject","inLanguage":"es","@id":"https:\/\/secure.gravatar.com\/avatar\/109c326cf2be5c04f048c2c2a2b8b6ef44bf3d8d1d3d4c55d0ac40c4bc994684?s=96&d=initials&r=g&initials=ed","url":"https:\/\/secure.gravatar.com\/avatar\/109c326cf2be5c04f048c2c2a2b8b6ef44bf3d8d1d3d4c55d0ac40c4bc994684?s=96&d=initials&r=g&initials=ed","contentUrl":"https:\/\/secure.gravatar.com\/avatar\/109c326cf2be5c04f048c2c2a2b8b6ef44bf3d8d1d3d4c55d0ac40c4bc994684?s=96&d=initials&r=g&initials=ed","caption":"Editor"},"url":"https:\/\/diarioellabrador.cl\/index.php\/author\/editor\/"}]}},"_links":{"self":[{"href":"https:\/\/diarioellabrador.cl\/index.php\/wp-json\/wp\/v2\/posts\/24423","targetHints":{"allow":["GET"]}}],"collection":[{"href":"https:\/\/diarioellabrador.cl\/index.php\/wp-json\/wp\/v2\/posts"}],"about":[{"href":"https:\/\/diarioellabrador.cl\/index.php\/wp-json\/wp\/v2\/types\/post"}],"author":[{"embeddable":true,"href":"https:\/\/diarioellabrador.cl\/index.php\/wp-json\/wp\/v2\/users\/2"}],"replies":[{"embeddable":true,"href":"https:\/\/diarioellabrador.cl\/index.php\/wp-json\/wp\/v2\/comments?post=24423"}],"version-history":[{"count":1,"href":"https:\/\/diarioellabrador.cl\/index.php\/wp-json\/wp\/v2\/posts\/24423\/revisions"}],"predecessor-version":[{"id":24424,"href":"https:\/\/diarioellabrador.cl\/index.php\/wp-json\/wp\/v2\/posts\/24423\/revisions\/24424"}],"wp:featuredmedia":[{"embeddable":true,"href":"https:\/\/diarioellabrador.cl\/index.php\/wp-json\/wp\/v2\/media\/24358"}],"wp:attachment":[{"href":"https:\/\/diarioellabrador.cl\/index.php\/wp-json\/wp\/v2\/media?parent=24423"}],"wp:term":[{"taxonomy":"category","embeddable":true,"href":"https:\/\/diarioellabrador.cl\/index.php\/wp-json\/wp\/v2\/categories?post=24423"},{"taxonomy":"post_tag","embeddable":true,"href":"https:\/\/diarioellabrador.cl\/index.php\/wp-json\/wp\/v2\/tags?post=24423"}],"curies":[{"name":"wp","href":"https:\/\/api.w.org\/{rel}","templated":true}]}}