{"id":24406,"date":"2026-09-01T18:42:46","date_gmt":"2026-09-01T22:42:46","guid":{"rendered":"https:\/\/diarioellabrador.cl\/?p=24406"},"modified":"2026-09-01T18:42:51","modified_gmt":"2026-09-01T22:42:51","slug":"autoridades-locales-se-reunen-con-subsecretario-de-redes-asistenciales","status":"publish","type":"post","link":"https:\/\/diarioellabrador.cl\/index.php\/2026\/09\/01\/autoridades-locales-se-reunen-con-subsecretario-de-redes-asistenciales\/","title":{"rendered":"Autoridades locales se re\u00fanen con subsecretario de Redes Asistenciales"},"content":{"rendered":"\n<ul class=\"wp-block-list\">\n<li><strong>Estuvieron presentes la alcaldesa Paula G\u00e1rate, el diputado Jaime Coloma y el consejero regional Javier Ram\u00edrez.<\/strong><\/li>\n<\/ul>\n\n\n\n<p class=\"wp-block-paragraph\">La alcaldesa de Melipilla, Paula G\u00e1rate, junto al diputado Jaime Coloma y el consejero regional Javier Ram\u00edrez, sostuvieron una importante reuni\u00f3n con el subsecretario de Redes Asistenciales, Dr. Julio Montt, para abordar las necesidades actuales y los desaf\u00edos que tiene por delante en materia de salud esta comuna.<br>Uno de los principales temas fue el futuro del ex Hospital San Jos\u00e9, ya que durante septiembre se espera concretar la entrega del inmueble en comodato al municipio, lo que permitir\u00e1 comenzar a trabajar en un gran proyecto para fortalecer la atenci\u00f3n primaria de salud.<br>La edil local indic\u00f3 que \u201cla propuesta municipal es avanzar hacia un centro integral de atenci\u00f3n, c\u00f3modo y digno, que permita reunir distintos servicios que hoy funcionan de manera separada, como atenci\u00f3n para adultos mayores, kinesiolog\u00eda, oficinas administrativas, Farmacia Popular y la Unidad Oftalmol\u00f3gica, entre otros\u201d.<br>Agreg\u00f3 que \u201csabemos que recuperar este espacio requiere una importante remodelaci\u00f3n y ser\u00e1 un proceso que tomar\u00e1 tiempo, pero el primer paso es concretar el comodato y comenzar a proyectar las intervenciones necesarias\u201d.<br>Finalmente, sostuvo que \u201cseguimos gestionando, recuperando espacios y trabajando por una salud primaria m\u00e1s cercana, integral y digna para Melipilla\u201d.<\/p>\n\n\n\n<p class=\"wp-block-paragraph\"><\/p>\n","protected":false},"excerpt":{"rendered":"<p>La alcaldesa de Melipilla, Paula G\u00e1rate, junto al diputado Jaime Coloma y el consejero regional Javier Ram\u00edrez, sostuvieron una importante reuni\u00f3n con el subsecretario de Redes Asistenciales, Dr. Julio Montt, para abordar las necesidades actuales y los desaf\u00edos que tiene por delante en materia de salud esta comuna.Uno de los principales temas fue el futuro<\/p>\n<div class=\"read-more-wrapper\"><a class=\"read-more\" href=\"https:\/\/diarioellabrador.cl\/index.php\/2026\/09\/01\/autoridades-locales-se-reunen-con-subsecretario-de-redes-asistenciales\/\" title=\"Leer m\u00e1s\"> <span class=\"button \">Leer m\u00e1s<\/span><\/a><\/div>\n","protected":false},"author":2,"featured_media":24343,"comment_status":"open","ping_status":"open","sticky":false,"template":"","format":"standard","meta":{"footnotes":"","_members_access_role":[],"_members_access_error":""},"categories":[1],"tags":[],"class_list":["post-24406","post","type-post","status-publish","format-standard","has-post-thumbnail","hentry","category-cronica"],"yoast_head":"<!-- This site is optimized with the Yoast SEO plugin v28.4 - https:\/\/yoast.com\/product\/yoast-seo-wordpress\/ -->\n<title>Autoridades locales se re\u00fanen con subsecretario de Redes Asistenciales - Diario El Labrador<\/title>\n<meta name=\"robots\" content=\"index, follow, max-snippet:-1, max-image-preview:large, max-video-preview:-1\" \/>\n<link rel=\"canonical\" href=\"https:\/\/diarioellabrador.cl\/index.php\/2026\/09\/01\/autoridades-locales-se-reunen-con-subsecretario-de-redes-asistenciales\/\" \/>\n<meta property=\"og:locale\" content=\"es_ES\" \/>\n<meta property=\"og:type\" content=\"article\" \/>\n<meta property=\"og:title\" content=\"Autoridades locales se re\u00fanen con subsecretario de Redes Asistenciales - Diario El Labrador\" \/>\n<meta property=\"og:description\" content=\"La alcaldesa de Melipilla, Paula G\u00e1rate, junto al diputado Jaime Coloma y el consejero regional Javier Ram\u00edrez, sostuvieron una importante reuni\u00f3n con el subsecretario de Redes Asistenciales, Dr. Julio Montt, para abordar las necesidades actuales y los desaf\u00edos que tiene por delante en materia de salud esta comuna.Uno de los principales temas fue el futuro Leer m\u00e1s\" \/>\n<meta property=\"og:url\" content=\"https:\/\/diarioellabrador.cl\/index.php\/2026\/09\/01\/autoridades-locales-se-reunen-con-subsecretario-de-redes-asistenciales\/\" \/>\n<meta property=\"og:site_name\" content=\"Diario El Labrador\" \/>\n<meta property=\"article:publisher\" content=\"https:\/\/web.facebook.com\/profile.php?id=61576120840621\" \/>\n<meta property=\"article:published_time\" content=\"2026-09-01T22:42:46+00:00\" \/>\n<meta property=\"article:modified_time\" content=\"2026-09-01T22:42:51+00:00\" \/>\n<meta property=\"og:image\" content=\"https:\/\/diarioellabrador.cl\/wp-content\/uploads\/2026\/09\/Autoridades-locales-se-reunen-con-subsecretario-de-Redes-Asistenciales.jpg\" \/>\n\t<meta property=\"og:image:width\" content=\"2048\" \/>\n\t<meta property=\"og:image:height\" content=\"1218\" \/>\n\t<meta property=\"og:image:type\" content=\"image\/jpeg\" \/>\n<meta name=\"author\" content=\"Editor\" \/>\n<meta name=\"twitter:card\" content=\"summary_large_image\" \/>\n<meta name=\"twitter:creator\" content=\"@ElLabradorOf\" \/>\n<meta name=\"twitter:site\" content=\"@ElLabradorOf\" \/>\n<meta name=\"twitter:label1\" content=\"Escrito por\" \/>\n\t<meta name=\"twitter:data1\" content=\"Editor\" \/>\n\t<meta name=\"twitter:label2\" content=\"Tiempo de lectura\" \/>\n\t<meta name=\"twitter:data2\" content=\"2 minutos\" \/>\n<script type=\"application\/ld+json\" class=\"yoast-schema-graph\">{\"@context\":\"https:\\\/\\\/schema.org\",\"@graph\":[{\"@type\":\"Article\",\"@id\":\"https:\\\/\\\/diarioellabrador.cl\\\/index.php\\\/2026\\\/09\\\/01\\\/autoridades-locales-se-reunen-con-subsecretario-de-redes-asistenciales\\\/#article\",\"isPartOf\":{\"@id\":\"https:\\\/\\\/diarioellabrador.cl\\\/index.php\\\/2026\\\/09\\\/01\\\/autoridades-locales-se-reunen-con-subsecretario-de-redes-asistenciales\\\/\"},\"author\":{\"name\":\"Editor\",\"@id\":\"https:\\\/\\\/diarioellabrador.cl\\\/#\\\/schema\\\/person\\\/bc25ff80b4563f9c7f4bd7855df01685\"},\"headline\":\"Autoridades locales se re\u00fanen con subsecretario de Redes Asistenciales\",\"datePublished\":\"2026-09-01T22:42:46+00:00\",\"dateModified\":\"2026-09-01T22:42:51+00:00\",\"mainEntityOfPage\":{\"@id\":\"https:\\\/\\\/diarioellabrador.cl\\\/index.php\\\/2026\\\/09\\\/01\\\/autoridades-locales-se-reunen-con-subsecretario-de-redes-asistenciales\\\/\"},\"wordCount\":232,\"commentCount\":0,\"publisher\":{\"@id\":\"https:\\\/\\\/diarioellabrador.cl\\\/#organization\"},\"image\":{\"@id\":\"https:\\\/\\\/diarioellabrador.cl\\\/index.php\\\/2026\\\/09\\\/01\\\/autoridades-locales-se-reunen-con-subsecretario-de-redes-asistenciales\\\/#primaryimage\"},\"thumbnailUrl\":\"https:\\\/\\\/diarioellabrador.cl\\\/wp-content\\\/uploads\\\/2026\\\/09\\\/Autoridades-locales-se-reunen-con-subsecretario-de-Redes-Asistenciales.jpg\",\"articleSection\":[\"Cr\u00f3nica\"],\"inLanguage\":\"es\",\"potentialAction\":[{\"@type\":\"CommentAction\",\"name\":\"Comment\",\"target\":[\"https:\\\/\\\/diarioellabrador.cl\\\/index.php\\\/2026\\\/09\\\/01\\\/autoridades-locales-se-reunen-con-subsecretario-de-redes-asistenciales\\\/#respond\"]}]},{\"@type\":\"WebPage\",\"@id\":\"https:\\\/\\\/diarioellabrador.cl\\\/index.php\\\/2026\\\/09\\\/01\\\/autoridades-locales-se-reunen-con-subsecretario-de-redes-asistenciales\\\/\",\"url\":\"https:\\\/\\\/diarioellabrador.cl\\\/index.php\\\/2026\\\/09\\\/01\\\/autoridades-locales-se-reunen-con-subsecretario-de-redes-asistenciales\\\/\",\"name\":\"Autoridades locales se re\u00fanen con subsecretario de Redes Asistenciales - Diario El Labrador\",\"isPartOf\":{\"@id\":\"https:\\\/\\\/diarioellabrador.cl\\\/#website\"},\"primaryImageOfPage\":{\"@id\":\"https:\\\/\\\/diarioellabrador.cl\\\/index.php\\\/2026\\\/09\\\/01\\\/autoridades-locales-se-reunen-con-subsecretario-de-redes-asistenciales\\\/#primaryimage\"},\"image\":{\"@id\":\"https:\\\/\\\/diarioellabrador.cl\\\/index.php\\\/2026\\\/09\\\/01\\\/autoridades-locales-se-reunen-con-subsecretario-de-redes-asistenciales\\\/#primaryimage\"},\"thumbnailUrl\":\"https:\\\/\\\/diarioellabrador.cl\\\/wp-content\\\/uploads\\\/2026\\\/09\\\/Autoridades-locales-se-reunen-con-subsecretario-de-Redes-Asistenciales.jpg\",\"datePublished\":\"2026-09-01T22:42:46+00:00\",\"dateModified\":\"2026-09-01T22:42:51+00:00\",\"breadcrumb\":{\"@id\":\"https:\\\/\\\/diarioellabrador.cl\\\/index.php\\\/2026\\\/09\\\/01\\\/autoridades-locales-se-reunen-con-subsecretario-de-redes-asistenciales\\\/#breadcrumb\"},\"inLanguage\":\"es\",\"potentialAction\":[{\"@type\":\"ReadAction\",\"target\":[\"https:\\\/\\\/diarioellabrador.cl\\\/index.php\\\/2026\\\/09\\\/01\\\/autoridades-locales-se-reunen-con-subsecretario-de-redes-asistenciales\\\/\"]}]},{\"@type\":\"ImageObject\",\"inLanguage\":\"es\",\"@id\":\"https:\\\/\\\/diarioellabrador.cl\\\/index.php\\\/2026\\\/09\\\/01\\\/autoridades-locales-se-reunen-con-subsecretario-de-redes-asistenciales\\\/#primaryimage\",\"url\":\"https:\\\/\\\/diarioellabrador.cl\\\/wp-content\\\/uploads\\\/2026\\\/09\\\/Autoridades-locales-se-reunen-con-subsecretario-de-Redes-Asistenciales.jpg\",\"contentUrl\":\"https:\\\/\\\/diarioellabrador.cl\\\/wp-content\\\/uploads\\\/2026\\\/09\\\/Autoridades-locales-se-reunen-con-subsecretario-de-Redes-Asistenciales.jpg\",\"width\":2048,\"height\":1218},{\"@type\":\"BreadcrumbList\",\"@id\":\"https:\\\/\\\/diarioellabrador.cl\\\/index.php\\\/2026\\\/09\\\/01\\\/autoridades-locales-se-reunen-con-subsecretario-de-redes-asistenciales\\\/#breadcrumb\",\"itemListElement\":[{\"@type\":\"ListItem\",\"position\":1,\"name\":\"Portada\",\"item\":\"https:\\\/\\\/diarioellabrador.cl\\\/\"},{\"@type\":\"ListItem\",\"position\":2,\"name\":\"Autoridades locales se re\u00fanen con subsecretario de Redes Asistenciales\"}]},{\"@type\":\"WebSite\",\"@id\":\"https:\\\/\\\/diarioellabrador.cl\\\/#website\",\"url\":\"https:\\\/\\\/diarioellabrador.cl\\\/\",\"name\":\"Diario El Labrador\",\"description\":\"Haciendo noticia desde 1921\",\"publisher\":{\"@id\":\"https:\\\/\\\/diarioellabrador.cl\\\/#organization\"},\"potentialAction\":[{\"@type\":\"SearchAction\",\"target\":{\"@type\":\"EntryPoint\",\"urlTemplate\":\"https:\\\/\\\/diarioellabrador.cl\\\/?s={search_term_string}\"},\"query-input\":{\"@type\":\"PropertyValueSpecification\",\"valueRequired\":true,\"valueName\":\"search_term_string\"}}],\"inLanguage\":\"es\"},{\"@type\":\"Organization\",\"@id\":\"https:\\\/\\\/diarioellabrador.cl\\\/#organization\",\"name\":\"Diario El Labrador\",\"url\":\"https:\\\/\\\/diarioellabrador.cl\\\/\",\"logo\":{\"@type\":\"ImageObject\",\"inLanguage\":\"es\",\"@id\":\"https:\\\/\\\/diarioellabrador.cl\\\/#\\\/schema\\\/logo\\\/image\\\/\",\"url\":\"https:\\\/\\\/diarioellabrador.cl\\\/wp-content\\\/uploads\\\/2025\\\/02\\\/cropped-Logo-Icono.png\",\"contentUrl\":\"https:\\\/\\\/diarioellabrador.cl\\\/wp-content\\\/uploads\\\/2025\\\/02\\\/cropped-Logo-Icono.png\",\"width\":512,\"height\":512,\"caption\":\"Diario El Labrador\"},\"image\":{\"@id\":\"https:\\\/\\\/diarioellabrador.cl\\\/#\\\/schema\\\/logo\\\/image\\\/\"},\"sameAs\":[\"https:\\\/\\\/web.facebook.com\\\/profile.php?id=61576120840621\",\"https:\\\/\\\/x.com\\\/ElLabradorOf\",\"https:\\\/\\\/www.instagram.com\\\/diarioellabradoroficial\\\/\"]},{\"@type\":\"Person\",\"@id\":\"https:\\\/\\\/diarioellabrador.cl\\\/#\\\/schema\\\/person\\\/bc25ff80b4563f9c7f4bd7855df01685\",\"name\":\"Editor\",\"image\":{\"@type\":\"ImageObject\",\"inLanguage\":\"es\",\"@id\":\"https:\\\/\\\/secure.gravatar.com\\\/avatar\\\/109c326cf2be5c04f048c2c2a2b8b6ef44bf3d8d1d3d4c55d0ac40c4bc994684?s=96&d=initials&r=g&initials=ed\",\"url\":\"https:\\\/\\\/secure.gravatar.com\\\/avatar\\\/109c326cf2be5c04f048c2c2a2b8b6ef44bf3d8d1d3d4c55d0ac40c4bc994684?s=96&d=initials&r=g&initials=ed\",\"contentUrl\":\"https:\\\/\\\/secure.gravatar.com\\\/avatar\\\/109c326cf2be5c04f048c2c2a2b8b6ef44bf3d8d1d3d4c55d0ac40c4bc994684?s=96&d=initials&r=g&initials=ed\",\"caption\":\"Editor\"},\"url\":\"https:\\\/\\\/diarioellabrador.cl\\\/index.php\\\/author\\\/editor\\\/\"}]}<\/script>\n<!-- \/ Yoast SEO plugin. -->","yoast_head_json":{"title":"Autoridades locales se re\u00fanen con subsecretario de Redes Asistenciales - Diario El Labrador","robots":{"index":"index","follow":"follow","max-snippet":"max-snippet:-1","max-image-preview":"max-image-preview:large","max-video-preview":"max-video-preview:-1"},"canonical":"https:\/\/diarioellabrador.cl\/index.php\/2026\/09\/01\/autoridades-locales-se-reunen-con-subsecretario-de-redes-asistenciales\/","og_locale":"es_ES","og_type":"article","og_title":"Autoridades locales se re\u00fanen con subsecretario de Redes Asistenciales - Diario El Labrador","og_description":"La alcaldesa de Melipilla, Paula G\u00e1rate, junto al diputado Jaime Coloma y el consejero regional Javier Ram\u00edrez, sostuvieron una importante reuni\u00f3n con el subsecretario de Redes Asistenciales, Dr. Julio Montt, para abordar las necesidades actuales y los desaf\u00edos que tiene por delante en materia de salud esta comuna.Uno de los principales temas fue el futuro Leer m\u00e1s","og_url":"https:\/\/diarioellabrador.cl\/index.php\/2026\/09\/01\/autoridades-locales-se-reunen-con-subsecretario-de-redes-asistenciales\/","og_site_name":"Diario El Labrador","article_publisher":"https:\/\/web.facebook.com\/profile.php?id=61576120840621","article_published_time":"2026-09-01T22:42:46+00:00","article_modified_time":"2026-09-01T22:42:51+00:00","og_image":[{"width":2048,"height":1218,"url":"https:\/\/diarioellabrador.cl\/wp-content\/uploads\/2026\/09\/Autoridades-locales-se-reunen-con-subsecretario-de-Redes-Asistenciales.jpg","type":"image\/jpeg"}],"author":"Editor","twitter_card":"summary_large_image","twitter_creator":"@ElLabradorOf","twitter_site":"@ElLabradorOf","twitter_misc":{"Escrito por":"Editor","Tiempo de lectura":"2 minutos"},"schema":{"@context":"https:\/\/schema.org","@graph":[{"@type":"Article","@id":"https:\/\/diarioellabrador.cl\/index.php\/2026\/09\/01\/autoridades-locales-se-reunen-con-subsecretario-de-redes-asistenciales\/#article","isPartOf":{"@id":"https:\/\/diarioellabrador.cl\/index.php\/2026\/09\/01\/autoridades-locales-se-reunen-con-subsecretario-de-redes-asistenciales\/"},"author":{"name":"Editor","@id":"https:\/\/diarioellabrador.cl\/#\/schema\/person\/bc25ff80b4563f9c7f4bd7855df01685"},"headline":"Autoridades locales se re\u00fanen con subsecretario de Redes Asistenciales","datePublished":"2026-09-01T22:42:46+00:00","dateModified":"2026-09-01T22:42:51+00:00","mainEntityOfPage":{"@id":"https:\/\/diarioellabrador.cl\/index.php\/2026\/09\/01\/autoridades-locales-se-reunen-con-subsecretario-de-redes-asistenciales\/"},"wordCount":232,"commentCount":0,"publisher":{"@id":"https:\/\/diarioellabrador.cl\/#organization"},"image":{"@id":"https:\/\/diarioellabrador.cl\/index.php\/2026\/09\/01\/autoridades-locales-se-reunen-con-subsecretario-de-redes-asistenciales\/#primaryimage"},"thumbnailUrl":"https:\/\/diarioellabrador.cl\/wp-content\/uploads\/2026\/09\/Autoridades-locales-se-reunen-con-subsecretario-de-Redes-Asistenciales.jpg","articleSection":["Cr\u00f3nica"],"inLanguage":"es","potentialAction":[{"@type":"CommentAction","name":"Comment","target":["https:\/\/diarioellabrador.cl\/index.php\/2026\/09\/01\/autoridades-locales-se-reunen-con-subsecretario-de-redes-asistenciales\/#respond"]}]},{"@type":"WebPage","@id":"https:\/\/diarioellabrador.cl\/index.php\/2026\/09\/01\/autoridades-locales-se-reunen-con-subsecretario-de-redes-asistenciales\/","url":"https:\/\/diarioellabrador.cl\/index.php\/2026\/09\/01\/autoridades-locales-se-reunen-con-subsecretario-de-redes-asistenciales\/","name":"Autoridades locales se re\u00fanen con subsecretario de Redes Asistenciales - Diario El Labrador","isPartOf":{"@id":"https:\/\/diarioellabrador.cl\/#website"},"primaryImageOfPage":{"@id":"https:\/\/diarioellabrador.cl\/index.php\/2026\/09\/01\/autoridades-locales-se-reunen-con-subsecretario-de-redes-asistenciales\/#primaryimage"},"image":{"@id":"https:\/\/diarioellabrador.cl\/index.php\/2026\/09\/01\/autoridades-locales-se-reunen-con-subsecretario-de-redes-asistenciales\/#primaryimage"},"thumbnailUrl":"https:\/\/diarioellabrador.cl\/wp-content\/uploads\/2026\/09\/Autoridades-locales-se-reunen-con-subsecretario-de-Redes-Asistenciales.jpg","datePublished":"2026-09-01T22:42:46+00:00","dateModified":"2026-09-01T22:42:51+00:00","breadcrumb":{"@id":"https:\/\/diarioellabrador.cl\/index.php\/2026\/09\/01\/autoridades-locales-se-reunen-con-subsecretario-de-redes-asistenciales\/#breadcrumb"},"inLanguage":"es","potentialAction":[{"@type":"ReadAction","target":["https:\/\/diarioellabrador.cl\/index.php\/2026\/09\/01\/autoridades-locales-se-reunen-con-subsecretario-de-redes-asistenciales\/"]}]},{"@type":"ImageObject","inLanguage":"es","@id":"https:\/\/diarioellabrador.cl\/index.php\/2026\/09\/01\/autoridades-locales-se-reunen-con-subsecretario-de-redes-asistenciales\/#primaryimage","url":"https:\/\/diarioellabrador.cl\/wp-content\/uploads\/2026\/09\/Autoridades-locales-se-reunen-con-subsecretario-de-Redes-Asistenciales.jpg","contentUrl":"https:\/\/diarioellabrador.cl\/wp-content\/uploads\/2026\/09\/Autoridades-locales-se-reunen-con-subsecretario-de-Redes-Asistenciales.jpg","width":2048,"height":1218},{"@type":"BreadcrumbList","@id":"https:\/\/diarioellabrador.cl\/index.php\/2026\/09\/01\/autoridades-locales-se-reunen-con-subsecretario-de-redes-asistenciales\/#breadcrumb","itemListElement":[{"@type":"ListItem","position":1,"name":"Portada","item":"https:\/\/diarioellabrador.cl\/"},{"@type":"ListItem","position":2,"name":"Autoridades locales se re\u00fanen con subsecretario de Redes Asistenciales"}]},{"@type":"WebSite","@id":"https:\/\/diarioellabrador.cl\/#website","url":"https:\/\/diarioellabrador.cl\/","name":"Diario El Labrador","description":"Haciendo noticia desde 1921","publisher":{"@id":"https:\/\/diarioellabrador.cl\/#organization"},"potentialAction":[{"@type":"SearchAction","target":{"@type":"EntryPoint","urlTemplate":"https:\/\/diarioellabrador.cl\/?s={search_term_string}"},"query-input":{"@type":"PropertyValueSpecification","valueRequired":true,"valueName":"search_term_string"}}],"inLanguage":"es"},{"@type":"Organization","@id":"https:\/\/diarioellabrador.cl\/#organization","name":"Diario El Labrador","url":"https:\/\/diarioellabrador.cl\/","logo":{"@type":"ImageObject","inLanguage":"es","@id":"https:\/\/diarioellabrador.cl\/#\/schema\/logo\/image\/","url":"https:\/\/diarioellabrador.cl\/wp-content\/uploads\/2025\/02\/cropped-Logo-Icono.png","contentUrl":"https:\/\/diarioellabrador.cl\/wp-content\/uploads\/2025\/02\/cropped-Logo-Icono.png","width":512,"height":512,"caption":"Diario El Labrador"},"image":{"@id":"https:\/\/diarioellabrador.cl\/#\/schema\/logo\/image\/"},"sameAs":["https:\/\/web.facebook.com\/profile.php?id=61576120840621","https:\/\/x.com\/ElLabradorOf","https:\/\/www.instagram.com\/diarioellabradoroficial\/"]},{"@type":"Person","@id":"https:\/\/diarioellabrador.cl\/#\/schema\/person\/bc25ff80b4563f9c7f4bd7855df01685","name":"Editor","image":{"@type":"ImageObject","inLanguage":"es","@id":"https:\/\/secure.gravatar.com\/avatar\/109c326cf2be5c04f048c2c2a2b8b6ef44bf3d8d1d3d4c55d0ac40c4bc994684?s=96&d=initials&r=g&initials=ed","url":"https:\/\/secure.gravatar.com\/avatar\/109c326cf2be5c04f048c2c2a2b8b6ef44bf3d8d1d3d4c55d0ac40c4bc994684?s=96&d=initials&r=g&initials=ed","contentUrl":"https:\/\/secure.gravatar.com\/avatar\/109c326cf2be5c04f048c2c2a2b8b6ef44bf3d8d1d3d4c55d0ac40c4bc994684?s=96&d=initials&r=g&initials=ed","caption":"Editor"},"url":"https:\/\/diarioellabrador.cl\/index.php\/author\/editor\/"}]}},"_links":{"self":[{"href":"https:\/\/diarioellabrador.cl\/index.php\/wp-json\/wp\/v2\/posts\/24406","targetHints":{"allow":["GET"]}}],"collection":[{"href":"https:\/\/diarioellabrador.cl\/index.php\/wp-json\/wp\/v2\/posts"}],"about":[{"href":"https:\/\/diarioellabrador.cl\/index.php\/wp-json\/wp\/v2\/types\/post"}],"author":[{"embeddable":true,"href":"https:\/\/diarioellabrador.cl\/index.php\/wp-json\/wp\/v2\/users\/2"}],"replies":[{"embeddable":true,"href":"https:\/\/diarioellabrador.cl\/index.php\/wp-json\/wp\/v2\/comments?post=24406"}],"version-history":[{"count":1,"href":"https:\/\/diarioellabrador.cl\/index.php\/wp-json\/wp\/v2\/posts\/24406\/revisions"}],"predecessor-version":[{"id":24407,"href":"https:\/\/diarioellabrador.cl\/index.php\/wp-json\/wp\/v2\/posts\/24406\/revisions\/24407"}],"wp:featuredmedia":[{"embeddable":true,"href":"https:\/\/diarioellabrador.cl\/index.php\/wp-json\/wp\/v2\/media\/24343"}],"wp:attachment":[{"href":"https:\/\/diarioellabrador.cl\/index.php\/wp-json\/wp\/v2\/media?parent=24406"}],"wp:term":[{"taxonomy":"category","embeddable":true,"href":"https:\/\/diarioellabrador.cl\/index.php\/wp-json\/wp\/v2\/categories?post=24406"},{"taxonomy":"post_tag","embeddable":true,"href":"https:\/\/diarioellabrador.cl\/index.php\/wp-json\/wp\/v2\/tags?post=24406"}],"curies":[{"name":"wp","href":"https:\/\/api.w.org\/{rel}","templated":true}]}}