{"id":24396,"date":"2026-09-01T18:37:30","date_gmt":"2026-09-01T22:37:30","guid":{"rendered":"https:\/\/diarioellabrador.cl\/?p=24396"},"modified":"2026-09-01T18:37:33","modified_gmt":"2026-09-01T22:37:33","slug":"programa-emprendamos-basico-de-fosis-beneficia-a-85-emprendedoras-de-la-provincia-de-talagante","status":"publish","type":"post","link":"https:\/\/diarioellabrador.cl\/index.php\/2026\/09\/01\/programa-emprendamos-basico-de-fosis-beneficia-a-85-emprendedoras-de-la-provincia-de-talagante\/","title":{"rendered":"Programa Emprendamos B\u00e1sico de FOSIS beneficia a 85 emprendedoras de la provincia de Talagante"},"content":{"rendered":"\n<ul class=\"wp-block-list\">\n<li><strong>La jornada cont\u00f3 con la participaci\u00f3n de la Delegada Presidencial Provincial de Talagante, Annemarie M\u00fcller.<\/strong><\/li>\n<\/ul>\n\n\n\n<p class=\"wp-block-paragraph\">En dependencias de la Delegaci\u00f3n Presidencial Provincial de Talagante se realiz\u00f3 el inicio del Programa Emprendamos B\u00e1sico de FOSIS, iniciativa que beneficiar\u00e1 a 85 emprendedoras y emprendedores de las cinco comunas de nuestra provincia.<br>La jornada cont\u00f3 con la participaci\u00f3n de la Delegada Presidencial Provincial de Talagante, Annemarie M\u00fcller, quien destac\u00f3 la importancia de generar herramientas y oportunidades para quienes han decidido emprender y sacar adelante sus proyectos.<br>A trav\u00e9s de este programa, sus participantes podr\u00e1n fortalecer sus conocimientos y adquirir nuevas herramientas para desarrollar sus emprendimientos, mejorar sus oportunidades de generaci\u00f3n de ingresos y avanzar en sus proyectos.<br>La autoridad indic\u00f3 que \u201cdetr\u00e1s de cada emprendimiento hay esfuerzo, trabajo y familias que buscan construir un mejor futuro. Felicitamos a los 85 emprendedores de Talagante, Pe\u00f1aflor, Padre Hurtado, El Monte e Isla de Maipo que comienzan este nuevo desaf\u00edo\u201d.<\/p>\n\n\n\n<p class=\"wp-block-paragraph\"><\/p>\n","protected":false},"excerpt":{"rendered":"<p>En dependencias de la Delegaci\u00f3n Presidencial Provincial de Talagante se realiz\u00f3 el inicio del Programa Emprendamos B\u00e1sico de FOSIS, iniciativa que beneficiar\u00e1 a 85 emprendedoras y emprendedores de las cinco comunas de nuestra provincia.La jornada cont\u00f3 con la participaci\u00f3n de la Delegada Presidencial Provincial de Talagante, Annemarie M\u00fcller, quien destac\u00f3 la importancia de generar herramientas<\/p>\n<div class=\"read-more-wrapper\"><a class=\"read-more\" href=\"https:\/\/diarioellabrador.cl\/index.php\/2026\/09\/01\/programa-emprendamos-basico-de-fosis-beneficia-a-85-emprendedoras-de-la-provincia-de-talagante\/\" title=\"Leer m\u00e1s\"> <span class=\"button \">Leer m\u00e1s<\/span><\/a><\/div>\n","protected":false},"author":2,"featured_media":24353,"comment_status":"open","ping_status":"open","sticky":false,"template":"","format":"standard","meta":{"footnotes":"","_members_access_role":[],"_members_access_error":""},"categories":[1],"tags":[],"class_list":["post-24396","post","type-post","status-publish","format-standard","has-post-thumbnail","hentry","category-cronica"],"yoast_head":"<!-- This site is optimized with the Yoast SEO plugin v28.4 - https:\/\/yoast.com\/product\/yoast-seo-wordpress\/ -->\n<title>Programa Emprendamos B\u00e1sico de FOSIS beneficia a 85 emprendedoras de la provincia de Talagante - Diario El Labrador<\/title>\n<meta name=\"robots\" content=\"index, follow, max-snippet:-1, max-image-preview:large, max-video-preview:-1\" \/>\n<link rel=\"canonical\" href=\"https:\/\/diarioellabrador.cl\/index.php\/2026\/09\/01\/programa-emprendamos-basico-de-fosis-beneficia-a-85-emprendedoras-de-la-provincia-de-talagante\/\" \/>\n<meta property=\"og:locale\" content=\"es_ES\" \/>\n<meta property=\"og:type\" content=\"article\" \/>\n<meta property=\"og:title\" content=\"Programa Emprendamos B\u00e1sico de FOSIS beneficia a 85 emprendedoras de la provincia de Talagante - Diario El Labrador\" \/>\n<meta property=\"og:description\" content=\"En dependencias de la Delegaci\u00f3n Presidencial Provincial de Talagante se realiz\u00f3 el inicio del Programa Emprendamos B\u00e1sico de FOSIS, iniciativa que beneficiar\u00e1 a 85 emprendedoras y emprendedores de las cinco comunas de nuestra provincia.La jornada cont\u00f3 con la participaci\u00f3n de la Delegada Presidencial Provincial de Talagante, Annemarie M\u00fcller, quien destac\u00f3 la importancia de generar herramientas Leer m\u00e1s\" \/>\n<meta property=\"og:url\" content=\"https:\/\/diarioellabrador.cl\/index.php\/2026\/09\/01\/programa-emprendamos-basico-de-fosis-beneficia-a-85-emprendedoras-de-la-provincia-de-talagante\/\" \/>\n<meta property=\"og:site_name\" content=\"Diario El Labrador\" \/>\n<meta property=\"article:publisher\" content=\"https:\/\/web.facebook.com\/profile.php?id=61576120840621\" \/>\n<meta property=\"article:published_time\" content=\"2026-09-01T22:37:30+00:00\" \/>\n<meta property=\"article:modified_time\" content=\"2026-09-01T22:37:33+00:00\" \/>\n<meta property=\"og:image\" content=\"https:\/\/diarioellabrador.cl\/wp-content\/uploads\/2026\/09\/Programa-Emprendamos-Basico-de-FOSIS-beneficia-a-85-emprendedoras-de-la-provincia-de-Talagante1.jpg\" \/>\n\t<meta property=\"og:image:width\" content=\"484\" \/>\n\t<meta property=\"og:image:height\" content=\"532\" \/>\n\t<meta property=\"og:image:type\" content=\"image\/jpeg\" \/>\n<meta name=\"author\" content=\"Editor\" \/>\n<meta name=\"twitter:card\" content=\"summary_large_image\" \/>\n<meta name=\"twitter:creator\" content=\"@ElLabradorOf\" \/>\n<meta name=\"twitter:site\" content=\"@ElLabradorOf\" \/>\n<meta name=\"twitter:label1\" content=\"Escrito por\" \/>\n\t<meta name=\"twitter:data1\" content=\"Editor\" \/>\n\t<meta name=\"twitter:label2\" content=\"Tiempo de lectura\" \/>\n\t<meta name=\"twitter:data2\" content=\"1 minuto\" \/>\n<script type=\"application\/ld+json\" class=\"yoast-schema-graph\">{\"@context\":\"https:\\\/\\\/schema.org\",\"@graph\":[{\"@type\":\"Article\",\"@id\":\"https:\\\/\\\/diarioellabrador.cl\\\/index.php\\\/2026\\\/09\\\/01\\\/programa-emprendamos-basico-de-fosis-beneficia-a-85-emprendedoras-de-la-provincia-de-talagante\\\/#article\",\"isPartOf\":{\"@id\":\"https:\\\/\\\/diarioellabrador.cl\\\/index.php\\\/2026\\\/09\\\/01\\\/programa-emprendamos-basico-de-fosis-beneficia-a-85-emprendedoras-de-la-provincia-de-talagante\\\/\"},\"author\":{\"name\":\"Editor\",\"@id\":\"https:\\\/\\\/diarioellabrador.cl\\\/#\\\/schema\\\/person\\\/bc25ff80b4563f9c7f4bd7855df01685\"},\"headline\":\"Programa Emprendamos B\u00e1sico de FOSIS beneficia a 85 emprendedoras de la provincia de Talagante\",\"datePublished\":\"2026-09-01T22:37:30+00:00\",\"dateModified\":\"2026-09-01T22:37:33+00:00\",\"mainEntityOfPage\":{\"@id\":\"https:\\\/\\\/diarioellabrador.cl\\\/index.php\\\/2026\\\/09\\\/01\\\/programa-emprendamos-basico-de-fosis-beneficia-a-85-emprendedoras-de-la-provincia-de-talagante\\\/\"},\"wordCount\":178,\"commentCount\":0,\"publisher\":{\"@id\":\"https:\\\/\\\/diarioellabrador.cl\\\/#organization\"},\"image\":{\"@id\":\"https:\\\/\\\/diarioellabrador.cl\\\/index.php\\\/2026\\\/09\\\/01\\\/programa-emprendamos-basico-de-fosis-beneficia-a-85-emprendedoras-de-la-provincia-de-talagante\\\/#primaryimage\"},\"thumbnailUrl\":\"https:\\\/\\\/diarioellabrador.cl\\\/wp-content\\\/uploads\\\/2026\\\/09\\\/Programa-Emprendamos-Basico-de-FOSIS-beneficia-a-85-emprendedoras-de-la-provincia-de-Talagante1.jpg\",\"articleSection\":[\"Cr\u00f3nica\"],\"inLanguage\":\"es\",\"potentialAction\":[{\"@type\":\"CommentAction\",\"name\":\"Comment\",\"target\":[\"https:\\\/\\\/diarioellabrador.cl\\\/index.php\\\/2026\\\/09\\\/01\\\/programa-emprendamos-basico-de-fosis-beneficia-a-85-emprendedoras-de-la-provincia-de-talagante\\\/#respond\"]}]},{\"@type\":\"WebPage\",\"@id\":\"https:\\\/\\\/diarioellabrador.cl\\\/index.php\\\/2026\\\/09\\\/01\\\/programa-emprendamos-basico-de-fosis-beneficia-a-85-emprendedoras-de-la-provincia-de-talagante\\\/\",\"url\":\"https:\\\/\\\/diarioellabrador.cl\\\/index.php\\\/2026\\\/09\\\/01\\\/programa-emprendamos-basico-de-fosis-beneficia-a-85-emprendedoras-de-la-provincia-de-talagante\\\/\",\"name\":\"Programa Emprendamos B\u00e1sico de FOSIS beneficia a 85 emprendedoras de la provincia de Talagante - Diario El Labrador\",\"isPartOf\":{\"@id\":\"https:\\\/\\\/diarioellabrador.cl\\\/#website\"},\"primaryImageOfPage\":{\"@id\":\"https:\\\/\\\/diarioellabrador.cl\\\/index.php\\\/2026\\\/09\\\/01\\\/programa-emprendamos-basico-de-fosis-beneficia-a-85-emprendedoras-de-la-provincia-de-talagante\\\/#primaryimage\"},\"image\":{\"@id\":\"https:\\\/\\\/diarioellabrador.cl\\\/index.php\\\/2026\\\/09\\\/01\\\/programa-emprendamos-basico-de-fosis-beneficia-a-85-emprendedoras-de-la-provincia-de-talagante\\\/#primaryimage\"},\"thumbnailUrl\":\"https:\\\/\\\/diarioellabrador.cl\\\/wp-content\\\/uploads\\\/2026\\\/09\\\/Programa-Emprendamos-Basico-de-FOSIS-beneficia-a-85-emprendedoras-de-la-provincia-de-Talagante1.jpg\",\"datePublished\":\"2026-09-01T22:37:30+00:00\",\"dateModified\":\"2026-09-01T22:37:33+00:00\",\"breadcrumb\":{\"@id\":\"https:\\\/\\\/diarioellabrador.cl\\\/index.php\\\/2026\\\/09\\\/01\\\/programa-emprendamos-basico-de-fosis-beneficia-a-85-emprendedoras-de-la-provincia-de-talagante\\\/#breadcrumb\"},\"inLanguage\":\"es\",\"potentialAction\":[{\"@type\":\"ReadAction\",\"target\":[\"https:\\\/\\\/diarioellabrador.cl\\\/index.php\\\/2026\\\/09\\\/01\\\/programa-emprendamos-basico-de-fosis-beneficia-a-85-emprendedoras-de-la-provincia-de-talagante\\\/\"]}]},{\"@type\":\"ImageObject\",\"inLanguage\":\"es\",\"@id\":\"https:\\\/\\\/diarioellabrador.cl\\\/index.php\\\/2026\\\/09\\\/01\\\/programa-emprendamos-basico-de-fosis-beneficia-a-85-emprendedoras-de-la-provincia-de-talagante\\\/#primaryimage\",\"url\":\"https:\\\/\\\/diarioellabrador.cl\\\/wp-content\\\/uploads\\\/2026\\\/09\\\/Programa-Emprendamos-Basico-de-FOSIS-beneficia-a-85-emprendedoras-de-la-provincia-de-Talagante1.jpg\",\"contentUrl\":\"https:\\\/\\\/diarioellabrador.cl\\\/wp-content\\\/uploads\\\/2026\\\/09\\\/Programa-Emprendamos-Basico-de-FOSIS-beneficia-a-85-emprendedoras-de-la-provincia-de-Talagante1.jpg\",\"width\":484,\"height\":532},{\"@type\":\"BreadcrumbList\",\"@id\":\"https:\\\/\\\/diarioellabrador.cl\\\/index.php\\\/2026\\\/09\\\/01\\\/programa-emprendamos-basico-de-fosis-beneficia-a-85-emprendedoras-de-la-provincia-de-talagante\\\/#breadcrumb\",\"itemListElement\":[{\"@type\":\"ListItem\",\"position\":1,\"name\":\"Portada\",\"item\":\"https:\\\/\\\/diarioellabrador.cl\\\/\"},{\"@type\":\"ListItem\",\"position\":2,\"name\":\"Programa Emprendamos B\u00e1sico de FOSIS beneficia a 85 emprendedoras de la provincia de Talagante\"}]},{\"@type\":\"WebSite\",\"@id\":\"https:\\\/\\\/diarioellabrador.cl\\\/#website\",\"url\":\"https:\\\/\\\/diarioellabrador.cl\\\/\",\"name\":\"Diario El Labrador\",\"description\":\"Haciendo noticia desde 1921\",\"publisher\":{\"@id\":\"https:\\\/\\\/diarioellabrador.cl\\\/#organization\"},\"potentialAction\":[{\"@type\":\"SearchAction\",\"target\":{\"@type\":\"EntryPoint\",\"urlTemplate\":\"https:\\\/\\\/diarioellabrador.cl\\\/?s={search_term_string}\"},\"query-input\":{\"@type\":\"PropertyValueSpecification\",\"valueRequired\":true,\"valueName\":\"search_term_string\"}}],\"inLanguage\":\"es\"},{\"@type\":\"Organization\",\"@id\":\"https:\\\/\\\/diarioellabrador.cl\\\/#organization\",\"name\":\"Diario El Labrador\",\"url\":\"https:\\\/\\\/diarioellabrador.cl\\\/\",\"logo\":{\"@type\":\"ImageObject\",\"inLanguage\":\"es\",\"@id\":\"https:\\\/\\\/diarioellabrador.cl\\\/#\\\/schema\\\/logo\\\/image\\\/\",\"url\":\"https:\\\/\\\/diarioellabrador.cl\\\/wp-content\\\/uploads\\\/2025\\\/02\\\/cropped-Logo-Icono.png\",\"contentUrl\":\"https:\\\/\\\/diarioellabrador.cl\\\/wp-content\\\/uploads\\\/2025\\\/02\\\/cropped-Logo-Icono.png\",\"width\":512,\"height\":512,\"caption\":\"Diario El Labrador\"},\"image\":{\"@id\":\"https:\\\/\\\/diarioellabrador.cl\\\/#\\\/schema\\\/logo\\\/image\\\/\"},\"sameAs\":[\"https:\\\/\\\/web.facebook.com\\\/profile.php?id=61576120840621\",\"https:\\\/\\\/x.com\\\/ElLabradorOf\",\"https:\\\/\\\/www.instagram.com\\\/diarioellabradoroficial\\\/\"]},{\"@type\":\"Person\",\"@id\":\"https:\\\/\\\/diarioellabrador.cl\\\/#\\\/schema\\\/person\\\/bc25ff80b4563f9c7f4bd7855df01685\",\"name\":\"Editor\",\"image\":{\"@type\":\"ImageObject\",\"inLanguage\":\"es\",\"@id\":\"https:\\\/\\\/secure.gravatar.com\\\/avatar\\\/109c326cf2be5c04f048c2c2a2b8b6ef44bf3d8d1d3d4c55d0ac40c4bc994684?s=96&d=initials&r=g&initials=ed\",\"url\":\"https:\\\/\\\/secure.gravatar.com\\\/avatar\\\/109c326cf2be5c04f048c2c2a2b8b6ef44bf3d8d1d3d4c55d0ac40c4bc994684?s=96&d=initials&r=g&initials=ed\",\"contentUrl\":\"https:\\\/\\\/secure.gravatar.com\\\/avatar\\\/109c326cf2be5c04f048c2c2a2b8b6ef44bf3d8d1d3d4c55d0ac40c4bc994684?s=96&d=initials&r=g&initials=ed\",\"caption\":\"Editor\"},\"url\":\"https:\\\/\\\/diarioellabrador.cl\\\/index.php\\\/author\\\/editor\\\/\"}]}<\/script>\n<!-- \/ Yoast SEO plugin. -->","yoast_head_json":{"title":"Programa Emprendamos B\u00e1sico de FOSIS beneficia a 85 emprendedoras de la provincia de Talagante - Diario El Labrador","robots":{"index":"index","follow":"follow","max-snippet":"max-snippet:-1","max-image-preview":"max-image-preview:large","max-video-preview":"max-video-preview:-1"},"canonical":"https:\/\/diarioellabrador.cl\/index.php\/2026\/09\/01\/programa-emprendamos-basico-de-fosis-beneficia-a-85-emprendedoras-de-la-provincia-de-talagante\/","og_locale":"es_ES","og_type":"article","og_title":"Programa Emprendamos B\u00e1sico de FOSIS beneficia a 85 emprendedoras de la provincia de Talagante - Diario El Labrador","og_description":"En dependencias de la Delegaci\u00f3n Presidencial Provincial de Talagante se realiz\u00f3 el inicio del Programa Emprendamos B\u00e1sico de FOSIS, iniciativa que beneficiar\u00e1 a 85 emprendedoras y emprendedores de las cinco comunas de nuestra provincia.La jornada cont\u00f3 con la participaci\u00f3n de la Delegada Presidencial Provincial de Talagante, Annemarie M\u00fcller, quien destac\u00f3 la importancia de generar herramientas Leer m\u00e1s","og_url":"https:\/\/diarioellabrador.cl\/index.php\/2026\/09\/01\/programa-emprendamos-basico-de-fosis-beneficia-a-85-emprendedoras-de-la-provincia-de-talagante\/","og_site_name":"Diario El Labrador","article_publisher":"https:\/\/web.facebook.com\/profile.php?id=61576120840621","article_published_time":"2026-09-01T22:37:30+00:00","article_modified_time":"2026-09-01T22:37:33+00:00","og_image":[{"width":484,"height":532,"url":"https:\/\/diarioellabrador.cl\/wp-content\/uploads\/2026\/09\/Programa-Emprendamos-Basico-de-FOSIS-beneficia-a-85-emprendedoras-de-la-provincia-de-Talagante1.jpg","type":"image\/jpeg"}],"author":"Editor","twitter_card":"summary_large_image","twitter_creator":"@ElLabradorOf","twitter_site":"@ElLabradorOf","twitter_misc":{"Escrito por":"Editor","Tiempo de lectura":"1 minuto"},"schema":{"@context":"https:\/\/schema.org","@graph":[{"@type":"Article","@id":"https:\/\/diarioellabrador.cl\/index.php\/2026\/09\/01\/programa-emprendamos-basico-de-fosis-beneficia-a-85-emprendedoras-de-la-provincia-de-talagante\/#article","isPartOf":{"@id":"https:\/\/diarioellabrador.cl\/index.php\/2026\/09\/01\/programa-emprendamos-basico-de-fosis-beneficia-a-85-emprendedoras-de-la-provincia-de-talagante\/"},"author":{"name":"Editor","@id":"https:\/\/diarioellabrador.cl\/#\/schema\/person\/bc25ff80b4563f9c7f4bd7855df01685"},"headline":"Programa Emprendamos B\u00e1sico de FOSIS beneficia a 85 emprendedoras de la provincia de Talagante","datePublished":"2026-09-01T22:37:30+00:00","dateModified":"2026-09-01T22:37:33+00:00","mainEntityOfPage":{"@id":"https:\/\/diarioellabrador.cl\/index.php\/2026\/09\/01\/programa-emprendamos-basico-de-fosis-beneficia-a-85-emprendedoras-de-la-provincia-de-talagante\/"},"wordCount":178,"commentCount":0,"publisher":{"@id":"https:\/\/diarioellabrador.cl\/#organization"},"image":{"@id":"https:\/\/diarioellabrador.cl\/index.php\/2026\/09\/01\/programa-emprendamos-basico-de-fosis-beneficia-a-85-emprendedoras-de-la-provincia-de-talagante\/#primaryimage"},"thumbnailUrl":"https:\/\/diarioellabrador.cl\/wp-content\/uploads\/2026\/09\/Programa-Emprendamos-Basico-de-FOSIS-beneficia-a-85-emprendedoras-de-la-provincia-de-Talagante1.jpg","articleSection":["Cr\u00f3nica"],"inLanguage":"es","potentialAction":[{"@type":"CommentAction","name":"Comment","target":["https:\/\/diarioellabrador.cl\/index.php\/2026\/09\/01\/programa-emprendamos-basico-de-fosis-beneficia-a-85-emprendedoras-de-la-provincia-de-talagante\/#respond"]}]},{"@type":"WebPage","@id":"https:\/\/diarioellabrador.cl\/index.php\/2026\/09\/01\/programa-emprendamos-basico-de-fosis-beneficia-a-85-emprendedoras-de-la-provincia-de-talagante\/","url":"https:\/\/diarioellabrador.cl\/index.php\/2026\/09\/01\/programa-emprendamos-basico-de-fosis-beneficia-a-85-emprendedoras-de-la-provincia-de-talagante\/","name":"Programa Emprendamos B\u00e1sico de FOSIS beneficia a 85 emprendedoras de la provincia de Talagante - Diario El Labrador","isPartOf":{"@id":"https:\/\/diarioellabrador.cl\/#website"},"primaryImageOfPage":{"@id":"https:\/\/diarioellabrador.cl\/index.php\/2026\/09\/01\/programa-emprendamos-basico-de-fosis-beneficia-a-85-emprendedoras-de-la-provincia-de-talagante\/#primaryimage"},"image":{"@id":"https:\/\/diarioellabrador.cl\/index.php\/2026\/09\/01\/programa-emprendamos-basico-de-fosis-beneficia-a-85-emprendedoras-de-la-provincia-de-talagante\/#primaryimage"},"thumbnailUrl":"https:\/\/diarioellabrador.cl\/wp-content\/uploads\/2026\/09\/Programa-Emprendamos-Basico-de-FOSIS-beneficia-a-85-emprendedoras-de-la-provincia-de-Talagante1.jpg","datePublished":"2026-09-01T22:37:30+00:00","dateModified":"2026-09-01T22:37:33+00:00","breadcrumb":{"@id":"https:\/\/diarioellabrador.cl\/index.php\/2026\/09\/01\/programa-emprendamos-basico-de-fosis-beneficia-a-85-emprendedoras-de-la-provincia-de-talagante\/#breadcrumb"},"inLanguage":"es","potentialAction":[{"@type":"ReadAction","target":["https:\/\/diarioellabrador.cl\/index.php\/2026\/09\/01\/programa-emprendamos-basico-de-fosis-beneficia-a-85-emprendedoras-de-la-provincia-de-talagante\/"]}]},{"@type":"ImageObject","inLanguage":"es","@id":"https:\/\/diarioellabrador.cl\/index.php\/2026\/09\/01\/programa-emprendamos-basico-de-fosis-beneficia-a-85-emprendedoras-de-la-provincia-de-talagante\/#primaryimage","url":"https:\/\/diarioellabrador.cl\/wp-content\/uploads\/2026\/09\/Programa-Emprendamos-Basico-de-FOSIS-beneficia-a-85-emprendedoras-de-la-provincia-de-Talagante1.jpg","contentUrl":"https:\/\/diarioellabrador.cl\/wp-content\/uploads\/2026\/09\/Programa-Emprendamos-Basico-de-FOSIS-beneficia-a-85-emprendedoras-de-la-provincia-de-Talagante1.jpg","width":484,"height":532},{"@type":"BreadcrumbList","@id":"https:\/\/diarioellabrador.cl\/index.php\/2026\/09\/01\/programa-emprendamos-basico-de-fosis-beneficia-a-85-emprendedoras-de-la-provincia-de-talagante\/#breadcrumb","itemListElement":[{"@type":"ListItem","position":1,"name":"Portada","item":"https:\/\/diarioellabrador.cl\/"},{"@type":"ListItem","position":2,"name":"Programa Emprendamos B\u00e1sico de FOSIS beneficia a 85 emprendedoras de la provincia de Talagante"}]},{"@type":"WebSite","@id":"https:\/\/diarioellabrador.cl\/#website","url":"https:\/\/diarioellabrador.cl\/","name":"Diario El Labrador","description":"Haciendo noticia desde 1921","publisher":{"@id":"https:\/\/diarioellabrador.cl\/#organization"},"potentialAction":[{"@type":"SearchAction","target":{"@type":"EntryPoint","urlTemplate":"https:\/\/diarioellabrador.cl\/?s={search_term_string}"},"query-input":{"@type":"PropertyValueSpecification","valueRequired":true,"valueName":"search_term_string"}}],"inLanguage":"es"},{"@type":"Organization","@id":"https:\/\/diarioellabrador.cl\/#organization","name":"Diario El Labrador","url":"https:\/\/diarioellabrador.cl\/","logo":{"@type":"ImageObject","inLanguage":"es","@id":"https:\/\/diarioellabrador.cl\/#\/schema\/logo\/image\/","url":"https:\/\/diarioellabrador.cl\/wp-content\/uploads\/2025\/02\/cropped-Logo-Icono.png","contentUrl":"https:\/\/diarioellabrador.cl\/wp-content\/uploads\/2025\/02\/cropped-Logo-Icono.png","width":512,"height":512,"caption":"Diario El Labrador"},"image":{"@id":"https:\/\/diarioellabrador.cl\/#\/schema\/logo\/image\/"},"sameAs":["https:\/\/web.facebook.com\/profile.php?id=61576120840621","https:\/\/x.com\/ElLabradorOf","https:\/\/www.instagram.com\/diarioellabradoroficial\/"]},{"@type":"Person","@id":"https:\/\/diarioellabrador.cl\/#\/schema\/person\/bc25ff80b4563f9c7f4bd7855df01685","name":"Editor","image":{"@type":"ImageObject","inLanguage":"es","@id":"https:\/\/secure.gravatar.com\/avatar\/109c326cf2be5c04f048c2c2a2b8b6ef44bf3d8d1d3d4c55d0ac40c4bc994684?s=96&d=initials&r=g&initials=ed","url":"https:\/\/secure.gravatar.com\/avatar\/109c326cf2be5c04f048c2c2a2b8b6ef44bf3d8d1d3d4c55d0ac40c4bc994684?s=96&d=initials&r=g&initials=ed","contentUrl":"https:\/\/secure.gravatar.com\/avatar\/109c326cf2be5c04f048c2c2a2b8b6ef44bf3d8d1d3d4c55d0ac40c4bc994684?s=96&d=initials&r=g&initials=ed","caption":"Editor"},"url":"https:\/\/diarioellabrador.cl\/index.php\/author\/editor\/"}]}},"_links":{"self":[{"href":"https:\/\/diarioellabrador.cl\/index.php\/wp-json\/wp\/v2\/posts\/24396","targetHints":{"allow":["GET"]}}],"collection":[{"href":"https:\/\/diarioellabrador.cl\/index.php\/wp-json\/wp\/v2\/posts"}],"about":[{"href":"https:\/\/diarioellabrador.cl\/index.php\/wp-json\/wp\/v2\/types\/post"}],"author":[{"embeddable":true,"href":"https:\/\/diarioellabrador.cl\/index.php\/wp-json\/wp\/v2\/users\/2"}],"replies":[{"embeddable":true,"href":"https:\/\/diarioellabrador.cl\/index.php\/wp-json\/wp\/v2\/comments?post=24396"}],"version-history":[{"count":1,"href":"https:\/\/diarioellabrador.cl\/index.php\/wp-json\/wp\/v2\/posts\/24396\/revisions"}],"predecessor-version":[{"id":24397,"href":"https:\/\/diarioellabrador.cl\/index.php\/wp-json\/wp\/v2\/posts\/24396\/revisions\/24397"}],"wp:featuredmedia":[{"embeddable":true,"href":"https:\/\/diarioellabrador.cl\/index.php\/wp-json\/wp\/v2\/media\/24353"}],"wp:attachment":[{"href":"https:\/\/diarioellabrador.cl\/index.php\/wp-json\/wp\/v2\/media?parent=24396"}],"wp:term":[{"taxonomy":"category","embeddable":true,"href":"https:\/\/diarioellabrador.cl\/index.php\/wp-json\/wp\/v2\/categories?post=24396"},{"taxonomy":"post_tag","embeddable":true,"href":"https:\/\/diarioellabrador.cl\/index.php\/wp-json\/wp\/v2\/tags?post=24396"}],"curies":[{"name":"wp","href":"https:\/\/api.w.org\/{rel}","templated":true}]}}