{"id":24390,"date":"2026-09-01T18:34:35","date_gmt":"2026-09-01T22:34:35","guid":{"rendered":"https:\/\/diarioellabrador.cl\/?p=24390"},"modified":"2026-09-01T18:34:37","modified_gmt":"2026-09-01T22:34:37","slug":"sernac-inicia-proceso-de-fiscalizacion-a-las-ferreterias","status":"publish","type":"post","link":"https:\/\/diarioellabrador.cl\/index.php\/2026\/09\/01\/sernac-inicia-proceso-de-fiscalizacion-a-las-ferreterias\/","title":{"rendered":"SERNAC inicia proceso de fiscalizaci\u00f3n a las ferreter\u00edas"},"content":{"rendered":"\n<ul class=\"wp-block-list\">\n<li><strong>El prop\u00f3sito de esta gesti\u00f3n preventiva es verificar el cumplimento de los derechos de los consumidores.<\/strong><\/li>\n\n\n\n<li><strong>A trav\u00e9s de esta acci\u00f3n se revisar\u00e1 si este tipo de locales cumplen con entregar informaci\u00f3n de los precios de los productos, si existen limitaciones en los medios de pago, entre otros aspectos.<\/strong><\/li>\n\n\n\n<li><strong>En caso de detectar infracciones graves, el Servicio podr\u00eda denunciar a los locales ante la justicia, en cuya instancia podr\u00edan arriesgar multas de m\u00e1s de 21 millones y medio de pesos.<\/strong><\/li>\n<\/ul>\n\n\n\n<p class=\"wp-block-paragraph\">Con el prop\u00f3sito de verificar el estricto cumplimiento de los derechos de los consumidores, el SERNAC inici\u00f3 un minucioso proceso de fiscalizaci\u00f3n a las ferreter\u00edas.<\/p>\n\n\n\n<p class=\"wp-block-paragraph\">A trav\u00e9s de esta acci\u00f3n preventiva, el Servicio revisar\u00e1 si este tipo de locales cumplen con una serie de exigencias que establece la Ley del Consumidor (LPC), entre ellas, si informan correctamente los precios de los productos, si respetan el derecho a la libre elecci\u00f3n, a la seguridad en el consumo, si informan la garant\u00eda legal, si existen limitaciones a los medios de pago, entre otros.<\/p>\n\n\n\n<p class=\"wp-block-paragraph\">El Director Regional Metropolitano Patricio Hidalgo, explic\u00f3 que, mediante el despliegue de la facultad de fiscalizaci\u00f3n, el organismo cumple con su compromiso de tener mayor cobertura e impacto territorial, con miras a prevenir, disuadir y corregir incumplimientos a los derechos de los consumidores en las ferreter\u00edas.<\/p>\n\n\n\n<p class=\"wp-block-paragraph\"><a><\/a>\u201cComo SERNAC estamos trabajando para resguardar los derechos de nuestras y nuestros consumidores, por lo que el llamado a las empresas es a cumplir con la Ley, especialmente entregando informaci\u00f3n, comercializando productos de calidad y seguros\u201d, enfatiz\u00f3 la Patricio Hidalgo.<\/p>\n\n\n\n<p class=\"wp-block-paragraph\">Una vez analizados los hallazgos detectados durante la fiscalizaci\u00f3n, y en caso de detectar infracciones graves, el Servicio podr\u00eda denunciar a los locales ante la justicia, en cuya instancia arriesgan multas de hasta 300 UTM por infracci\u00f3n, esto es, casi 21 millones y medio de pesos.<\/p>\n\n\n\n<p class=\"wp-block-paragraph\">El SERNAC hace un llamado a las y los consumidores a conocer y exigir sus derechos, y en caso de incumplimientos, interponer los reclamos en <a href=\"http:\/\/www.sernac.cl\">www.sernac.cl<\/a>,&nbsp; llamando en forma gratuita al n\u00famero 800 700 100 o en la oficina regional ubicada en la Agustinas 1336 comuna de Santiago , entre las 9:00 y las 14:00 horas.<\/p>\n\n\n\n<p class=\"wp-block-paragraph\"><\/p>\n","protected":false},"excerpt":{"rendered":"<p>Con el prop\u00f3sito de verificar el estricto cumplimiento de los derechos de los consumidores, el SERNAC inici\u00f3 un minucioso proceso de fiscalizaci\u00f3n a las ferreter\u00edas. A trav\u00e9s de esta acci\u00f3n preventiva, el Servicio revisar\u00e1 si este tipo de locales cumplen con una serie de exigencias que establece la Ley del Consumidor (LPC), entre ellas, si<\/p>\n<div class=\"read-more-wrapper\"><a class=\"read-more\" href=\"https:\/\/diarioellabrador.cl\/index.php\/2026\/09\/01\/sernac-inicia-proceso-de-fiscalizacion-a-las-ferreterias\/\" title=\"Leer m\u00e1s\"> <span class=\"button \">Leer m\u00e1s<\/span><\/a><\/div>\n","protected":false},"author":2,"featured_media":24360,"comment_status":"open","ping_status":"open","sticky":false,"template":"","format":"standard","meta":{"footnotes":"","_members_access_role":[],"_members_access_error":""},"categories":[1],"tags":[],"class_list":["post-24390","post","type-post","status-publish","format-standard","has-post-thumbnail","hentry","category-cronica"],"yoast_head":"<!-- This site is optimized with the Yoast SEO plugin v28.4 - https:\/\/yoast.com\/product\/yoast-seo-wordpress\/ -->\n<title>SERNAC inicia proceso de fiscalizaci\u00f3n a las ferreter\u00edas - Diario El Labrador<\/title>\n<meta name=\"robots\" content=\"index, follow, max-snippet:-1, max-image-preview:large, max-video-preview:-1\" \/>\n<link rel=\"canonical\" href=\"https:\/\/diarioellabrador.cl\/index.php\/2026\/09\/01\/sernac-inicia-proceso-de-fiscalizacion-a-las-ferreterias\/\" \/>\n<meta property=\"og:locale\" content=\"es_ES\" \/>\n<meta property=\"og:type\" content=\"article\" \/>\n<meta property=\"og:title\" content=\"SERNAC inicia proceso de fiscalizaci\u00f3n a las ferreter\u00edas - Diario El Labrador\" \/>\n<meta property=\"og:description\" content=\"Con el prop\u00f3sito de verificar el estricto cumplimiento de los derechos de los consumidores, el SERNAC inici\u00f3 un minucioso proceso de fiscalizaci\u00f3n a las ferreter\u00edas. A trav\u00e9s de esta acci\u00f3n preventiva, el Servicio revisar\u00e1 si este tipo de locales cumplen con una serie de exigencias que establece la Ley del Consumidor (LPC), entre ellas, si Leer m\u00e1s\" \/>\n<meta property=\"og:url\" content=\"https:\/\/diarioellabrador.cl\/index.php\/2026\/09\/01\/sernac-inicia-proceso-de-fiscalizacion-a-las-ferreterias\/\" \/>\n<meta property=\"og:site_name\" content=\"Diario El Labrador\" \/>\n<meta property=\"article:publisher\" content=\"https:\/\/web.facebook.com\/profile.php?id=61576120840621\" \/>\n<meta property=\"article:published_time\" content=\"2026-09-01T22:34:35+00:00\" \/>\n<meta property=\"article:modified_time\" content=\"2026-09-01T22:34:37+00:00\" \/>\n<meta property=\"og:image\" content=\"https:\/\/diarioellabrador.cl\/wp-content\/uploads\/2026\/09\/SERNAC-inicia-proceso-de-fiscalizacion-a-las-ferreterias-.jpeg\" \/>\n\t<meta property=\"og:image:width\" content=\"1200\" \/>\n\t<meta property=\"og:image:height\" content=\"800\" \/>\n\t<meta property=\"og:image:type\" content=\"image\/jpeg\" \/>\n<meta name=\"author\" content=\"Editor\" \/>\n<meta name=\"twitter:card\" content=\"summary_large_image\" \/>\n<meta name=\"twitter:creator\" content=\"@ElLabradorOf\" \/>\n<meta name=\"twitter:site\" content=\"@ElLabradorOf\" \/>\n<meta name=\"twitter:label1\" content=\"Escrito por\" \/>\n\t<meta name=\"twitter:data1\" content=\"Editor\" \/>\n\t<meta name=\"twitter:label2\" content=\"Tiempo de lectura\" \/>\n\t<meta name=\"twitter:data2\" content=\"2 minutos\" \/>\n<script type=\"application\/ld+json\" class=\"yoast-schema-graph\">{\"@context\":\"https:\\\/\\\/schema.org\",\"@graph\":[{\"@type\":\"Article\",\"@id\":\"https:\\\/\\\/diarioellabrador.cl\\\/index.php\\\/2026\\\/09\\\/01\\\/sernac-inicia-proceso-de-fiscalizacion-a-las-ferreterias\\\/#article\",\"isPartOf\":{\"@id\":\"https:\\\/\\\/diarioellabrador.cl\\\/index.php\\\/2026\\\/09\\\/01\\\/sernac-inicia-proceso-de-fiscalizacion-a-las-ferreterias\\\/\"},\"author\":{\"name\":\"Editor\",\"@id\":\"https:\\\/\\\/diarioellabrador.cl\\\/#\\\/schema\\\/person\\\/bc25ff80b4563f9c7f4bd7855df01685\"},\"headline\":\"SERNAC inicia proceso de fiscalizaci\u00f3n a las ferreter\u00edas\",\"datePublished\":\"2026-09-01T22:34:35+00:00\",\"dateModified\":\"2026-09-01T22:34:37+00:00\",\"mainEntityOfPage\":{\"@id\":\"https:\\\/\\\/diarioellabrador.cl\\\/index.php\\\/2026\\\/09\\\/01\\\/sernac-inicia-proceso-de-fiscalizacion-a-las-ferreterias\\\/\"},\"wordCount\":384,\"commentCount\":0,\"publisher\":{\"@id\":\"https:\\\/\\\/diarioellabrador.cl\\\/#organization\"},\"image\":{\"@id\":\"https:\\\/\\\/diarioellabrador.cl\\\/index.php\\\/2026\\\/09\\\/01\\\/sernac-inicia-proceso-de-fiscalizacion-a-las-ferreterias\\\/#primaryimage\"},\"thumbnailUrl\":\"https:\\\/\\\/diarioellabrador.cl\\\/wp-content\\\/uploads\\\/2026\\\/09\\\/SERNAC-inicia-proceso-de-fiscalizacion-a-las-ferreterias-.jpeg\",\"articleSection\":[\"Cr\u00f3nica\"],\"inLanguage\":\"es\",\"potentialAction\":[{\"@type\":\"CommentAction\",\"name\":\"Comment\",\"target\":[\"https:\\\/\\\/diarioellabrador.cl\\\/index.php\\\/2026\\\/09\\\/01\\\/sernac-inicia-proceso-de-fiscalizacion-a-las-ferreterias\\\/#respond\"]}]},{\"@type\":\"WebPage\",\"@id\":\"https:\\\/\\\/diarioellabrador.cl\\\/index.php\\\/2026\\\/09\\\/01\\\/sernac-inicia-proceso-de-fiscalizacion-a-las-ferreterias\\\/\",\"url\":\"https:\\\/\\\/diarioellabrador.cl\\\/index.php\\\/2026\\\/09\\\/01\\\/sernac-inicia-proceso-de-fiscalizacion-a-las-ferreterias\\\/\",\"name\":\"SERNAC inicia proceso de fiscalizaci\u00f3n a las ferreter\u00edas - Diario El Labrador\",\"isPartOf\":{\"@id\":\"https:\\\/\\\/diarioellabrador.cl\\\/#website\"},\"primaryImageOfPage\":{\"@id\":\"https:\\\/\\\/diarioellabrador.cl\\\/index.php\\\/2026\\\/09\\\/01\\\/sernac-inicia-proceso-de-fiscalizacion-a-las-ferreterias\\\/#primaryimage\"},\"image\":{\"@id\":\"https:\\\/\\\/diarioellabrador.cl\\\/index.php\\\/2026\\\/09\\\/01\\\/sernac-inicia-proceso-de-fiscalizacion-a-las-ferreterias\\\/#primaryimage\"},\"thumbnailUrl\":\"https:\\\/\\\/diarioellabrador.cl\\\/wp-content\\\/uploads\\\/2026\\\/09\\\/SERNAC-inicia-proceso-de-fiscalizacion-a-las-ferreterias-.jpeg\",\"datePublished\":\"2026-09-01T22:34:35+00:00\",\"dateModified\":\"2026-09-01T22:34:37+00:00\",\"breadcrumb\":{\"@id\":\"https:\\\/\\\/diarioellabrador.cl\\\/index.php\\\/2026\\\/09\\\/01\\\/sernac-inicia-proceso-de-fiscalizacion-a-las-ferreterias\\\/#breadcrumb\"},\"inLanguage\":\"es\",\"potentialAction\":[{\"@type\":\"ReadAction\",\"target\":[\"https:\\\/\\\/diarioellabrador.cl\\\/index.php\\\/2026\\\/09\\\/01\\\/sernac-inicia-proceso-de-fiscalizacion-a-las-ferreterias\\\/\"]}]},{\"@type\":\"ImageObject\",\"inLanguage\":\"es\",\"@id\":\"https:\\\/\\\/diarioellabrador.cl\\\/index.php\\\/2026\\\/09\\\/01\\\/sernac-inicia-proceso-de-fiscalizacion-a-las-ferreterias\\\/#primaryimage\",\"url\":\"https:\\\/\\\/diarioellabrador.cl\\\/wp-content\\\/uploads\\\/2026\\\/09\\\/SERNAC-inicia-proceso-de-fiscalizacion-a-las-ferreterias-.jpeg\",\"contentUrl\":\"https:\\\/\\\/diarioellabrador.cl\\\/wp-content\\\/uploads\\\/2026\\\/09\\\/SERNAC-inicia-proceso-de-fiscalizacion-a-las-ferreterias-.jpeg\",\"width\":1200,\"height\":800},{\"@type\":\"BreadcrumbList\",\"@id\":\"https:\\\/\\\/diarioellabrador.cl\\\/index.php\\\/2026\\\/09\\\/01\\\/sernac-inicia-proceso-de-fiscalizacion-a-las-ferreterias\\\/#breadcrumb\",\"itemListElement\":[{\"@type\":\"ListItem\",\"position\":1,\"name\":\"Portada\",\"item\":\"https:\\\/\\\/diarioellabrador.cl\\\/\"},{\"@type\":\"ListItem\",\"position\":2,\"name\":\"SERNAC inicia proceso de fiscalizaci\u00f3n a las ferreter\u00edas\"}]},{\"@type\":\"WebSite\",\"@id\":\"https:\\\/\\\/diarioellabrador.cl\\\/#website\",\"url\":\"https:\\\/\\\/diarioellabrador.cl\\\/\",\"name\":\"Diario El Labrador\",\"description\":\"Haciendo noticia desde 1921\",\"publisher\":{\"@id\":\"https:\\\/\\\/diarioellabrador.cl\\\/#organization\"},\"potentialAction\":[{\"@type\":\"SearchAction\",\"target\":{\"@type\":\"EntryPoint\",\"urlTemplate\":\"https:\\\/\\\/diarioellabrador.cl\\\/?s={search_term_string}\"},\"query-input\":{\"@type\":\"PropertyValueSpecification\",\"valueRequired\":true,\"valueName\":\"search_term_string\"}}],\"inLanguage\":\"es\"},{\"@type\":\"Organization\",\"@id\":\"https:\\\/\\\/diarioellabrador.cl\\\/#organization\",\"name\":\"Diario El Labrador\",\"url\":\"https:\\\/\\\/diarioellabrador.cl\\\/\",\"logo\":{\"@type\":\"ImageObject\",\"inLanguage\":\"es\",\"@id\":\"https:\\\/\\\/diarioellabrador.cl\\\/#\\\/schema\\\/logo\\\/image\\\/\",\"url\":\"https:\\\/\\\/diarioellabrador.cl\\\/wp-content\\\/uploads\\\/2025\\\/02\\\/cropped-Logo-Icono.png\",\"contentUrl\":\"https:\\\/\\\/diarioellabrador.cl\\\/wp-content\\\/uploads\\\/2025\\\/02\\\/cropped-Logo-Icono.png\",\"width\":512,\"height\":512,\"caption\":\"Diario El Labrador\"},\"image\":{\"@id\":\"https:\\\/\\\/diarioellabrador.cl\\\/#\\\/schema\\\/logo\\\/image\\\/\"},\"sameAs\":[\"https:\\\/\\\/web.facebook.com\\\/profile.php?id=61576120840621\",\"https:\\\/\\\/x.com\\\/ElLabradorOf\",\"https:\\\/\\\/www.instagram.com\\\/diarioellabradoroficial\\\/\"]},{\"@type\":\"Person\",\"@id\":\"https:\\\/\\\/diarioellabrador.cl\\\/#\\\/schema\\\/person\\\/bc25ff80b4563f9c7f4bd7855df01685\",\"name\":\"Editor\",\"image\":{\"@type\":\"ImageObject\",\"inLanguage\":\"es\",\"@id\":\"https:\\\/\\\/secure.gravatar.com\\\/avatar\\\/109c326cf2be5c04f048c2c2a2b8b6ef44bf3d8d1d3d4c55d0ac40c4bc994684?s=96&d=initials&r=g&initials=ed\",\"url\":\"https:\\\/\\\/secure.gravatar.com\\\/avatar\\\/109c326cf2be5c04f048c2c2a2b8b6ef44bf3d8d1d3d4c55d0ac40c4bc994684?s=96&d=initials&r=g&initials=ed\",\"contentUrl\":\"https:\\\/\\\/secure.gravatar.com\\\/avatar\\\/109c326cf2be5c04f048c2c2a2b8b6ef44bf3d8d1d3d4c55d0ac40c4bc994684?s=96&d=initials&r=g&initials=ed\",\"caption\":\"Editor\"},\"url\":\"https:\\\/\\\/diarioellabrador.cl\\\/index.php\\\/author\\\/editor\\\/\"}]}<\/script>\n<!-- \/ Yoast SEO plugin. -->","yoast_head_json":{"title":"SERNAC inicia proceso de fiscalizaci\u00f3n a las ferreter\u00edas - Diario El Labrador","robots":{"index":"index","follow":"follow","max-snippet":"max-snippet:-1","max-image-preview":"max-image-preview:large","max-video-preview":"max-video-preview:-1"},"canonical":"https:\/\/diarioellabrador.cl\/index.php\/2026\/09\/01\/sernac-inicia-proceso-de-fiscalizacion-a-las-ferreterias\/","og_locale":"es_ES","og_type":"article","og_title":"SERNAC inicia proceso de fiscalizaci\u00f3n a las ferreter\u00edas - Diario El Labrador","og_description":"Con el prop\u00f3sito de verificar el estricto cumplimiento de los derechos de los consumidores, el SERNAC inici\u00f3 un minucioso proceso de fiscalizaci\u00f3n a las ferreter\u00edas. A trav\u00e9s de esta acci\u00f3n preventiva, el Servicio revisar\u00e1 si este tipo de locales cumplen con una serie de exigencias que establece la Ley del Consumidor (LPC), entre ellas, si Leer m\u00e1s","og_url":"https:\/\/diarioellabrador.cl\/index.php\/2026\/09\/01\/sernac-inicia-proceso-de-fiscalizacion-a-las-ferreterias\/","og_site_name":"Diario El Labrador","article_publisher":"https:\/\/web.facebook.com\/profile.php?id=61576120840621","article_published_time":"2026-09-01T22:34:35+00:00","article_modified_time":"2026-09-01T22:34:37+00:00","og_image":[{"width":1200,"height":800,"url":"https:\/\/diarioellabrador.cl\/wp-content\/uploads\/2026\/09\/SERNAC-inicia-proceso-de-fiscalizacion-a-las-ferreterias-.jpeg","type":"image\/jpeg"}],"author":"Editor","twitter_card":"summary_large_image","twitter_creator":"@ElLabradorOf","twitter_site":"@ElLabradorOf","twitter_misc":{"Escrito por":"Editor","Tiempo de lectura":"2 minutos"},"schema":{"@context":"https:\/\/schema.org","@graph":[{"@type":"Article","@id":"https:\/\/diarioellabrador.cl\/index.php\/2026\/09\/01\/sernac-inicia-proceso-de-fiscalizacion-a-las-ferreterias\/#article","isPartOf":{"@id":"https:\/\/diarioellabrador.cl\/index.php\/2026\/09\/01\/sernac-inicia-proceso-de-fiscalizacion-a-las-ferreterias\/"},"author":{"name":"Editor","@id":"https:\/\/diarioellabrador.cl\/#\/schema\/person\/bc25ff80b4563f9c7f4bd7855df01685"},"headline":"SERNAC inicia proceso de fiscalizaci\u00f3n a las ferreter\u00edas","datePublished":"2026-09-01T22:34:35+00:00","dateModified":"2026-09-01T22:34:37+00:00","mainEntityOfPage":{"@id":"https:\/\/diarioellabrador.cl\/index.php\/2026\/09\/01\/sernac-inicia-proceso-de-fiscalizacion-a-las-ferreterias\/"},"wordCount":384,"commentCount":0,"publisher":{"@id":"https:\/\/diarioellabrador.cl\/#organization"},"image":{"@id":"https:\/\/diarioellabrador.cl\/index.php\/2026\/09\/01\/sernac-inicia-proceso-de-fiscalizacion-a-las-ferreterias\/#primaryimage"},"thumbnailUrl":"https:\/\/diarioellabrador.cl\/wp-content\/uploads\/2026\/09\/SERNAC-inicia-proceso-de-fiscalizacion-a-las-ferreterias-.jpeg","articleSection":["Cr\u00f3nica"],"inLanguage":"es","potentialAction":[{"@type":"CommentAction","name":"Comment","target":["https:\/\/diarioellabrador.cl\/index.php\/2026\/09\/01\/sernac-inicia-proceso-de-fiscalizacion-a-las-ferreterias\/#respond"]}]},{"@type":"WebPage","@id":"https:\/\/diarioellabrador.cl\/index.php\/2026\/09\/01\/sernac-inicia-proceso-de-fiscalizacion-a-las-ferreterias\/","url":"https:\/\/diarioellabrador.cl\/index.php\/2026\/09\/01\/sernac-inicia-proceso-de-fiscalizacion-a-las-ferreterias\/","name":"SERNAC inicia proceso de fiscalizaci\u00f3n a las ferreter\u00edas - Diario El Labrador","isPartOf":{"@id":"https:\/\/diarioellabrador.cl\/#website"},"primaryImageOfPage":{"@id":"https:\/\/diarioellabrador.cl\/index.php\/2026\/09\/01\/sernac-inicia-proceso-de-fiscalizacion-a-las-ferreterias\/#primaryimage"},"image":{"@id":"https:\/\/diarioellabrador.cl\/index.php\/2026\/09\/01\/sernac-inicia-proceso-de-fiscalizacion-a-las-ferreterias\/#primaryimage"},"thumbnailUrl":"https:\/\/diarioellabrador.cl\/wp-content\/uploads\/2026\/09\/SERNAC-inicia-proceso-de-fiscalizacion-a-las-ferreterias-.jpeg","datePublished":"2026-09-01T22:34:35+00:00","dateModified":"2026-09-01T22:34:37+00:00","breadcrumb":{"@id":"https:\/\/diarioellabrador.cl\/index.php\/2026\/09\/01\/sernac-inicia-proceso-de-fiscalizacion-a-las-ferreterias\/#breadcrumb"},"inLanguage":"es","potentialAction":[{"@type":"ReadAction","target":["https:\/\/diarioellabrador.cl\/index.php\/2026\/09\/01\/sernac-inicia-proceso-de-fiscalizacion-a-las-ferreterias\/"]}]},{"@type":"ImageObject","inLanguage":"es","@id":"https:\/\/diarioellabrador.cl\/index.php\/2026\/09\/01\/sernac-inicia-proceso-de-fiscalizacion-a-las-ferreterias\/#primaryimage","url":"https:\/\/diarioellabrador.cl\/wp-content\/uploads\/2026\/09\/SERNAC-inicia-proceso-de-fiscalizacion-a-las-ferreterias-.jpeg","contentUrl":"https:\/\/diarioellabrador.cl\/wp-content\/uploads\/2026\/09\/SERNAC-inicia-proceso-de-fiscalizacion-a-las-ferreterias-.jpeg","width":1200,"height":800},{"@type":"BreadcrumbList","@id":"https:\/\/diarioellabrador.cl\/index.php\/2026\/09\/01\/sernac-inicia-proceso-de-fiscalizacion-a-las-ferreterias\/#breadcrumb","itemListElement":[{"@type":"ListItem","position":1,"name":"Portada","item":"https:\/\/diarioellabrador.cl\/"},{"@type":"ListItem","position":2,"name":"SERNAC inicia proceso de fiscalizaci\u00f3n a las ferreter\u00edas"}]},{"@type":"WebSite","@id":"https:\/\/diarioellabrador.cl\/#website","url":"https:\/\/diarioellabrador.cl\/","name":"Diario El Labrador","description":"Haciendo noticia desde 1921","publisher":{"@id":"https:\/\/diarioellabrador.cl\/#organization"},"potentialAction":[{"@type":"SearchAction","target":{"@type":"EntryPoint","urlTemplate":"https:\/\/diarioellabrador.cl\/?s={search_term_string}"},"query-input":{"@type":"PropertyValueSpecification","valueRequired":true,"valueName":"search_term_string"}}],"inLanguage":"es"},{"@type":"Organization","@id":"https:\/\/diarioellabrador.cl\/#organization","name":"Diario El Labrador","url":"https:\/\/diarioellabrador.cl\/","logo":{"@type":"ImageObject","inLanguage":"es","@id":"https:\/\/diarioellabrador.cl\/#\/schema\/logo\/image\/","url":"https:\/\/diarioellabrador.cl\/wp-content\/uploads\/2025\/02\/cropped-Logo-Icono.png","contentUrl":"https:\/\/diarioellabrador.cl\/wp-content\/uploads\/2025\/02\/cropped-Logo-Icono.png","width":512,"height":512,"caption":"Diario El Labrador"},"image":{"@id":"https:\/\/diarioellabrador.cl\/#\/schema\/logo\/image\/"},"sameAs":["https:\/\/web.facebook.com\/profile.php?id=61576120840621","https:\/\/x.com\/ElLabradorOf","https:\/\/www.instagram.com\/diarioellabradoroficial\/"]},{"@type":"Person","@id":"https:\/\/diarioellabrador.cl\/#\/schema\/person\/bc25ff80b4563f9c7f4bd7855df01685","name":"Editor","image":{"@type":"ImageObject","inLanguage":"es","@id":"https:\/\/secure.gravatar.com\/avatar\/109c326cf2be5c04f048c2c2a2b8b6ef44bf3d8d1d3d4c55d0ac40c4bc994684?s=96&d=initials&r=g&initials=ed","url":"https:\/\/secure.gravatar.com\/avatar\/109c326cf2be5c04f048c2c2a2b8b6ef44bf3d8d1d3d4c55d0ac40c4bc994684?s=96&d=initials&r=g&initials=ed","contentUrl":"https:\/\/secure.gravatar.com\/avatar\/109c326cf2be5c04f048c2c2a2b8b6ef44bf3d8d1d3d4c55d0ac40c4bc994684?s=96&d=initials&r=g&initials=ed","caption":"Editor"},"url":"https:\/\/diarioellabrador.cl\/index.php\/author\/editor\/"}]}},"_links":{"self":[{"href":"https:\/\/diarioellabrador.cl\/index.php\/wp-json\/wp\/v2\/posts\/24390","targetHints":{"allow":["GET"]}}],"collection":[{"href":"https:\/\/diarioellabrador.cl\/index.php\/wp-json\/wp\/v2\/posts"}],"about":[{"href":"https:\/\/diarioellabrador.cl\/index.php\/wp-json\/wp\/v2\/types\/post"}],"author":[{"embeddable":true,"href":"https:\/\/diarioellabrador.cl\/index.php\/wp-json\/wp\/v2\/users\/2"}],"replies":[{"embeddable":true,"href":"https:\/\/diarioellabrador.cl\/index.php\/wp-json\/wp\/v2\/comments?post=24390"}],"version-history":[{"count":1,"href":"https:\/\/diarioellabrador.cl\/index.php\/wp-json\/wp\/v2\/posts\/24390\/revisions"}],"predecessor-version":[{"id":24391,"href":"https:\/\/diarioellabrador.cl\/index.php\/wp-json\/wp\/v2\/posts\/24390\/revisions\/24391"}],"wp:featuredmedia":[{"embeddable":true,"href":"https:\/\/diarioellabrador.cl\/index.php\/wp-json\/wp\/v2\/media\/24360"}],"wp:attachment":[{"href":"https:\/\/diarioellabrador.cl\/index.php\/wp-json\/wp\/v2\/media?parent=24390"}],"wp:term":[{"taxonomy":"category","embeddable":true,"href":"https:\/\/diarioellabrador.cl\/index.php\/wp-json\/wp\/v2\/categories?post=24390"},{"taxonomy":"post_tag","embeddable":true,"href":"https:\/\/diarioellabrador.cl\/index.php\/wp-json\/wp\/v2\/tags?post=24390"}],"curies":[{"name":"wp","href":"https:\/\/api.w.org\/{rel}","templated":true}]}}