{"id":24384,"date":"2026-09-01T18:31:18","date_gmt":"2026-09-01T22:31:18","guid":{"rendered":"https:\/\/diarioellabrador.cl\/?p=24384"},"modified":"2026-09-01T18:31:21","modified_gmt":"2026-09-01T22:31:21","slug":"tribunal-de-melipilla-dicta-veredicto-condenatorio-por-trafico-de-drogas-en-la-viluma","status":"publish","type":"post","link":"https:\/\/diarioellabrador.cl\/index.php\/2026\/09\/01\/tribunal-de-melipilla-dicta-veredicto-condenatorio-por-trafico-de-drogas-en-la-viluma\/","title":{"rendered":"Tribunal de Melipilla dicta veredicto condenatorio por tr\u00e1fico de drogas en La Viluma"},"content":{"rendered":"\n<p class=\"wp-block-paragraph\">El Tribunal de Juicio Oral en lo Penal de Melipilla dict\u00f3 veredicto condenatorio en contra de un hombre acusado de mantener diversas cantidades de droga en un domicilio del sector La Viluma.<\/p>\n\n\n\n<p class=\"wp-block-paragraph\">De acuerdo con la acusaci\u00f3n, el 12 de octubre de 2023, alrededor de las 10:45 horas, personal policial concurri\u00f3 a un inmueble ubicado en el camino San Pedro, donde encontraron marihuana a granel y prensada, adem\u00e1s de 10 bolsas con coca\u00edna.<\/p>\n\n\n\n<p class=\"wp-block-paragraph\">En el procedimiento tambi\u00e9n fueron incautadas tres pesas digitales, bolsas de nylon para la dosificaci\u00f3n de sustancias y $200 mil en dinero efectivo, el que, seg\u00fan la acusaci\u00f3n, corresponder\u00eda a ganancias obtenidas mediante la venta de drogas.<\/p>\n\n\n\n<p class=\"wp-block-paragraph\">Durante el juicio oral declararon funcionarios policiales y se incorpor\u00f3 prueba documental y pericial. El acusado opt\u00f3 por no prestar declaraci\u00f3n.<\/p>\n\n\n\n<p class=\"wp-block-paragraph\">Tras los alegatos de clausura y el per\u00edodo de deliberaci\u00f3n, el Tribunal Oral en lo Penal de Melipilla dio lectura a un veredicto condenatorio, quedando pendiente la comunicaci\u00f3n de la sentencia y la pena que deber\u00e1 cumplir el acusado.<\/p>\n\n\n\n<p class=\"wp-block-paragraph\"><\/p>\n","protected":false},"excerpt":{"rendered":"<p>El Tribunal de Juicio Oral en lo Penal de Melipilla dict\u00f3 veredicto condenatorio en contra de un hombre acusado de mantener diversas cantidades de droga en un domicilio del sector La Viluma. De acuerdo con la acusaci\u00f3n, el 12 de octubre de 2023, alrededor de las 10:45 horas, personal policial concurri\u00f3 a un inmueble ubicado<\/p>\n<div class=\"read-more-wrapper\"><a class=\"read-more\" href=\"https:\/\/diarioellabrador.cl\/index.php\/2026\/09\/01\/tribunal-de-melipilla-dicta-veredicto-condenatorio-por-trafico-de-drogas-en-la-viluma\/\" title=\"Leer m\u00e1s\"> <span class=\"button \">Leer m\u00e1s<\/span><\/a><\/div>\n","protected":false},"author":2,"featured_media":24335,"comment_status":"open","ping_status":"open","sticky":false,"template":"","format":"standard","meta":{"footnotes":"","_members_access_role":[],"_members_access_error":""},"categories":[3],"tags":[],"class_list":["post-24384","post","type-post","status-publish","format-standard","has-post-thumbnail","hentry","category-policial"],"yoast_head":"<!-- This site is optimized with the Yoast SEO plugin v28.4 - https:\/\/yoast.com\/product\/yoast-seo-wordpress\/ -->\n<title>Tribunal de Melipilla dicta veredicto condenatorio por tr\u00e1fico de drogas en La Viluma - Diario El Labrador<\/title>\n<meta name=\"robots\" content=\"index, follow, max-snippet:-1, max-image-preview:large, max-video-preview:-1\" \/>\n<link rel=\"canonical\" href=\"https:\/\/diarioellabrador.cl\/index.php\/2026\/09\/01\/tribunal-de-melipilla-dicta-veredicto-condenatorio-por-trafico-de-drogas-en-la-viluma\/\" \/>\n<meta property=\"og:locale\" content=\"es_ES\" \/>\n<meta property=\"og:type\" content=\"article\" \/>\n<meta property=\"og:title\" content=\"Tribunal de Melipilla dicta veredicto condenatorio por tr\u00e1fico de drogas en La Viluma - Diario El Labrador\" \/>\n<meta property=\"og:description\" content=\"El Tribunal de Juicio Oral en lo Penal de Melipilla dict\u00f3 veredicto condenatorio en contra de un hombre acusado de mantener diversas cantidades de droga en un domicilio del sector La Viluma. De acuerdo con la acusaci\u00f3n, el 12 de octubre de 2023, alrededor de las 10:45 horas, personal policial concurri\u00f3 a un inmueble ubicado Leer m\u00e1s\" \/>\n<meta property=\"og:url\" content=\"https:\/\/diarioellabrador.cl\/index.php\/2026\/09\/01\/tribunal-de-melipilla-dicta-veredicto-condenatorio-por-trafico-de-drogas-en-la-viluma\/\" \/>\n<meta property=\"og:site_name\" content=\"Diario El Labrador\" \/>\n<meta property=\"article:publisher\" content=\"https:\/\/web.facebook.com\/profile.php?id=61576120840621\" \/>\n<meta property=\"article:published_time\" content=\"2026-09-01T22:31:18+00:00\" \/>\n<meta property=\"article:modified_time\" content=\"2026-09-01T22:31:21+00:00\" \/>\n<meta property=\"og:image\" content=\"https:\/\/diarioellabrador.cl\/wp-content\/uploads\/2026\/09\/Tribunal-de-Melipilla-dicta-veredicto-condenatorio-por-trafico-de-drogas-en-La-Viluma.jpg\" \/>\n\t<meta property=\"og:image:width\" content=\"726\" \/>\n\t<meta property=\"og:image:height\" content=\"381\" \/>\n\t<meta property=\"og:image:type\" content=\"image\/jpeg\" \/>\n<meta name=\"author\" content=\"Editor\" \/>\n<meta name=\"twitter:card\" content=\"summary_large_image\" \/>\n<meta name=\"twitter:creator\" content=\"@ElLabradorOf\" \/>\n<meta name=\"twitter:site\" content=\"@ElLabradorOf\" \/>\n<meta name=\"twitter:label1\" content=\"Escrito por\" \/>\n\t<meta name=\"twitter:data1\" content=\"Editor\" \/>\n\t<meta name=\"twitter:label2\" content=\"Tiempo de lectura\" \/>\n\t<meta name=\"twitter:data2\" content=\"1 minuto\" \/>\n<script type=\"application\/ld+json\" class=\"yoast-schema-graph\">{\"@context\":\"https:\\\/\\\/schema.org\",\"@graph\":[{\"@type\":\"Article\",\"@id\":\"https:\\\/\\\/diarioellabrador.cl\\\/index.php\\\/2026\\\/09\\\/01\\\/tribunal-de-melipilla-dicta-veredicto-condenatorio-por-trafico-de-drogas-en-la-viluma\\\/#article\",\"isPartOf\":{\"@id\":\"https:\\\/\\\/diarioellabrador.cl\\\/index.php\\\/2026\\\/09\\\/01\\\/tribunal-de-melipilla-dicta-veredicto-condenatorio-por-trafico-de-drogas-en-la-viluma\\\/\"},\"author\":{\"name\":\"Editor\",\"@id\":\"https:\\\/\\\/diarioellabrador.cl\\\/#\\\/schema\\\/person\\\/bc25ff80b4563f9c7f4bd7855df01685\"},\"headline\":\"Tribunal de Melipilla dicta veredicto condenatorio por tr\u00e1fico de drogas en La Viluma\",\"datePublished\":\"2026-09-01T22:31:18+00:00\",\"dateModified\":\"2026-09-01T22:31:21+00:00\",\"mainEntityOfPage\":{\"@id\":\"https:\\\/\\\/diarioellabrador.cl\\\/index.php\\\/2026\\\/09\\\/01\\\/tribunal-de-melipilla-dicta-veredicto-condenatorio-por-trafico-de-drogas-en-la-viluma\\\/\"},\"wordCount\":191,\"commentCount\":0,\"publisher\":{\"@id\":\"https:\\\/\\\/diarioellabrador.cl\\\/#organization\"},\"image\":{\"@id\":\"https:\\\/\\\/diarioellabrador.cl\\\/index.php\\\/2026\\\/09\\\/01\\\/tribunal-de-melipilla-dicta-veredicto-condenatorio-por-trafico-de-drogas-en-la-viluma\\\/#primaryimage\"},\"thumbnailUrl\":\"https:\\\/\\\/diarioellabrador.cl\\\/wp-content\\\/uploads\\\/2026\\\/09\\\/Tribunal-de-Melipilla-dicta-veredicto-condenatorio-por-trafico-de-drogas-en-La-Viluma.jpg\",\"articleSection\":[\"Policial\"],\"inLanguage\":\"es\",\"potentialAction\":[{\"@type\":\"CommentAction\",\"name\":\"Comment\",\"target\":[\"https:\\\/\\\/diarioellabrador.cl\\\/index.php\\\/2026\\\/09\\\/01\\\/tribunal-de-melipilla-dicta-veredicto-condenatorio-por-trafico-de-drogas-en-la-viluma\\\/#respond\"]}]},{\"@type\":\"WebPage\",\"@id\":\"https:\\\/\\\/diarioellabrador.cl\\\/index.php\\\/2026\\\/09\\\/01\\\/tribunal-de-melipilla-dicta-veredicto-condenatorio-por-trafico-de-drogas-en-la-viluma\\\/\",\"url\":\"https:\\\/\\\/diarioellabrador.cl\\\/index.php\\\/2026\\\/09\\\/01\\\/tribunal-de-melipilla-dicta-veredicto-condenatorio-por-trafico-de-drogas-en-la-viluma\\\/\",\"name\":\"Tribunal de Melipilla dicta veredicto condenatorio por tr\u00e1fico de drogas en La Viluma - Diario El Labrador\",\"isPartOf\":{\"@id\":\"https:\\\/\\\/diarioellabrador.cl\\\/#website\"},\"primaryImageOfPage\":{\"@id\":\"https:\\\/\\\/diarioellabrador.cl\\\/index.php\\\/2026\\\/09\\\/01\\\/tribunal-de-melipilla-dicta-veredicto-condenatorio-por-trafico-de-drogas-en-la-viluma\\\/#primaryimage\"},\"image\":{\"@id\":\"https:\\\/\\\/diarioellabrador.cl\\\/index.php\\\/2026\\\/09\\\/01\\\/tribunal-de-melipilla-dicta-veredicto-condenatorio-por-trafico-de-drogas-en-la-viluma\\\/#primaryimage\"},\"thumbnailUrl\":\"https:\\\/\\\/diarioellabrador.cl\\\/wp-content\\\/uploads\\\/2026\\\/09\\\/Tribunal-de-Melipilla-dicta-veredicto-condenatorio-por-trafico-de-drogas-en-La-Viluma.jpg\",\"datePublished\":\"2026-09-01T22:31:18+00:00\",\"dateModified\":\"2026-09-01T22:31:21+00:00\",\"breadcrumb\":{\"@id\":\"https:\\\/\\\/diarioellabrador.cl\\\/index.php\\\/2026\\\/09\\\/01\\\/tribunal-de-melipilla-dicta-veredicto-condenatorio-por-trafico-de-drogas-en-la-viluma\\\/#breadcrumb\"},\"inLanguage\":\"es\",\"potentialAction\":[{\"@type\":\"ReadAction\",\"target\":[\"https:\\\/\\\/diarioellabrador.cl\\\/index.php\\\/2026\\\/09\\\/01\\\/tribunal-de-melipilla-dicta-veredicto-condenatorio-por-trafico-de-drogas-en-la-viluma\\\/\"]}]},{\"@type\":\"ImageObject\",\"inLanguage\":\"es\",\"@id\":\"https:\\\/\\\/diarioellabrador.cl\\\/index.php\\\/2026\\\/09\\\/01\\\/tribunal-de-melipilla-dicta-veredicto-condenatorio-por-trafico-de-drogas-en-la-viluma\\\/#primaryimage\",\"url\":\"https:\\\/\\\/diarioellabrador.cl\\\/wp-content\\\/uploads\\\/2026\\\/09\\\/Tribunal-de-Melipilla-dicta-veredicto-condenatorio-por-trafico-de-drogas-en-La-Viluma.jpg\",\"contentUrl\":\"https:\\\/\\\/diarioellabrador.cl\\\/wp-content\\\/uploads\\\/2026\\\/09\\\/Tribunal-de-Melipilla-dicta-veredicto-condenatorio-por-trafico-de-drogas-en-La-Viluma.jpg\",\"width\":726,\"height\":381},{\"@type\":\"BreadcrumbList\",\"@id\":\"https:\\\/\\\/diarioellabrador.cl\\\/index.php\\\/2026\\\/09\\\/01\\\/tribunal-de-melipilla-dicta-veredicto-condenatorio-por-trafico-de-drogas-en-la-viluma\\\/#breadcrumb\",\"itemListElement\":[{\"@type\":\"ListItem\",\"position\":1,\"name\":\"Portada\",\"item\":\"https:\\\/\\\/diarioellabrador.cl\\\/\"},{\"@type\":\"ListItem\",\"position\":2,\"name\":\"Tribunal de Melipilla dicta veredicto condenatorio por tr\u00e1fico de drogas en La Viluma\"}]},{\"@type\":\"WebSite\",\"@id\":\"https:\\\/\\\/diarioellabrador.cl\\\/#website\",\"url\":\"https:\\\/\\\/diarioellabrador.cl\\\/\",\"name\":\"Diario El Labrador\",\"description\":\"Haciendo noticia desde 1921\",\"publisher\":{\"@id\":\"https:\\\/\\\/diarioellabrador.cl\\\/#organization\"},\"potentialAction\":[{\"@type\":\"SearchAction\",\"target\":{\"@type\":\"EntryPoint\",\"urlTemplate\":\"https:\\\/\\\/diarioellabrador.cl\\\/?s={search_term_string}\"},\"query-input\":{\"@type\":\"PropertyValueSpecification\",\"valueRequired\":true,\"valueName\":\"search_term_string\"}}],\"inLanguage\":\"es\"},{\"@type\":\"Organization\",\"@id\":\"https:\\\/\\\/diarioellabrador.cl\\\/#organization\",\"name\":\"Diario El Labrador\",\"url\":\"https:\\\/\\\/diarioellabrador.cl\\\/\",\"logo\":{\"@type\":\"ImageObject\",\"inLanguage\":\"es\",\"@id\":\"https:\\\/\\\/diarioellabrador.cl\\\/#\\\/schema\\\/logo\\\/image\\\/\",\"url\":\"https:\\\/\\\/diarioellabrador.cl\\\/wp-content\\\/uploads\\\/2025\\\/02\\\/cropped-Logo-Icono.png\",\"contentUrl\":\"https:\\\/\\\/diarioellabrador.cl\\\/wp-content\\\/uploads\\\/2025\\\/02\\\/cropped-Logo-Icono.png\",\"width\":512,\"height\":512,\"caption\":\"Diario El Labrador\"},\"image\":{\"@id\":\"https:\\\/\\\/diarioellabrador.cl\\\/#\\\/schema\\\/logo\\\/image\\\/\"},\"sameAs\":[\"https:\\\/\\\/web.facebook.com\\\/profile.php?id=61576120840621\",\"https:\\\/\\\/x.com\\\/ElLabradorOf\",\"https:\\\/\\\/www.instagram.com\\\/diarioellabradoroficial\\\/\"]},{\"@type\":\"Person\",\"@id\":\"https:\\\/\\\/diarioellabrador.cl\\\/#\\\/schema\\\/person\\\/bc25ff80b4563f9c7f4bd7855df01685\",\"name\":\"Editor\",\"image\":{\"@type\":\"ImageObject\",\"inLanguage\":\"es\",\"@id\":\"https:\\\/\\\/secure.gravatar.com\\\/avatar\\\/109c326cf2be5c04f048c2c2a2b8b6ef44bf3d8d1d3d4c55d0ac40c4bc994684?s=96&d=initials&r=g&initials=ed\",\"url\":\"https:\\\/\\\/secure.gravatar.com\\\/avatar\\\/109c326cf2be5c04f048c2c2a2b8b6ef44bf3d8d1d3d4c55d0ac40c4bc994684?s=96&d=initials&r=g&initials=ed\",\"contentUrl\":\"https:\\\/\\\/secure.gravatar.com\\\/avatar\\\/109c326cf2be5c04f048c2c2a2b8b6ef44bf3d8d1d3d4c55d0ac40c4bc994684?s=96&d=initials&r=g&initials=ed\",\"caption\":\"Editor\"},\"url\":\"https:\\\/\\\/diarioellabrador.cl\\\/index.php\\\/author\\\/editor\\\/\"}]}<\/script>\n<!-- \/ Yoast SEO plugin. -->","yoast_head_json":{"title":"Tribunal de Melipilla dicta veredicto condenatorio por tr\u00e1fico de drogas en La Viluma - Diario El Labrador","robots":{"index":"index","follow":"follow","max-snippet":"max-snippet:-1","max-image-preview":"max-image-preview:large","max-video-preview":"max-video-preview:-1"},"canonical":"https:\/\/diarioellabrador.cl\/index.php\/2026\/09\/01\/tribunal-de-melipilla-dicta-veredicto-condenatorio-por-trafico-de-drogas-en-la-viluma\/","og_locale":"es_ES","og_type":"article","og_title":"Tribunal de Melipilla dicta veredicto condenatorio por tr\u00e1fico de drogas en La Viluma - Diario El Labrador","og_description":"El Tribunal de Juicio Oral en lo Penal de Melipilla dict\u00f3 veredicto condenatorio en contra de un hombre acusado de mantener diversas cantidades de droga en un domicilio del sector La Viluma. De acuerdo con la acusaci\u00f3n, el 12 de octubre de 2023, alrededor de las 10:45 horas, personal policial concurri\u00f3 a un inmueble ubicado Leer m\u00e1s","og_url":"https:\/\/diarioellabrador.cl\/index.php\/2026\/09\/01\/tribunal-de-melipilla-dicta-veredicto-condenatorio-por-trafico-de-drogas-en-la-viluma\/","og_site_name":"Diario El Labrador","article_publisher":"https:\/\/web.facebook.com\/profile.php?id=61576120840621","article_published_time":"2026-09-01T22:31:18+00:00","article_modified_time":"2026-09-01T22:31:21+00:00","og_image":[{"width":726,"height":381,"url":"https:\/\/diarioellabrador.cl\/wp-content\/uploads\/2026\/09\/Tribunal-de-Melipilla-dicta-veredicto-condenatorio-por-trafico-de-drogas-en-La-Viluma.jpg","type":"image\/jpeg"}],"author":"Editor","twitter_card":"summary_large_image","twitter_creator":"@ElLabradorOf","twitter_site":"@ElLabradorOf","twitter_misc":{"Escrito por":"Editor","Tiempo de lectura":"1 minuto"},"schema":{"@context":"https:\/\/schema.org","@graph":[{"@type":"Article","@id":"https:\/\/diarioellabrador.cl\/index.php\/2026\/09\/01\/tribunal-de-melipilla-dicta-veredicto-condenatorio-por-trafico-de-drogas-en-la-viluma\/#article","isPartOf":{"@id":"https:\/\/diarioellabrador.cl\/index.php\/2026\/09\/01\/tribunal-de-melipilla-dicta-veredicto-condenatorio-por-trafico-de-drogas-en-la-viluma\/"},"author":{"name":"Editor","@id":"https:\/\/diarioellabrador.cl\/#\/schema\/person\/bc25ff80b4563f9c7f4bd7855df01685"},"headline":"Tribunal de Melipilla dicta veredicto condenatorio por tr\u00e1fico de drogas en La Viluma","datePublished":"2026-09-01T22:31:18+00:00","dateModified":"2026-09-01T22:31:21+00:00","mainEntityOfPage":{"@id":"https:\/\/diarioellabrador.cl\/index.php\/2026\/09\/01\/tribunal-de-melipilla-dicta-veredicto-condenatorio-por-trafico-de-drogas-en-la-viluma\/"},"wordCount":191,"commentCount":0,"publisher":{"@id":"https:\/\/diarioellabrador.cl\/#organization"},"image":{"@id":"https:\/\/diarioellabrador.cl\/index.php\/2026\/09\/01\/tribunal-de-melipilla-dicta-veredicto-condenatorio-por-trafico-de-drogas-en-la-viluma\/#primaryimage"},"thumbnailUrl":"https:\/\/diarioellabrador.cl\/wp-content\/uploads\/2026\/09\/Tribunal-de-Melipilla-dicta-veredicto-condenatorio-por-trafico-de-drogas-en-La-Viluma.jpg","articleSection":["Policial"],"inLanguage":"es","potentialAction":[{"@type":"CommentAction","name":"Comment","target":["https:\/\/diarioellabrador.cl\/index.php\/2026\/09\/01\/tribunal-de-melipilla-dicta-veredicto-condenatorio-por-trafico-de-drogas-en-la-viluma\/#respond"]}]},{"@type":"WebPage","@id":"https:\/\/diarioellabrador.cl\/index.php\/2026\/09\/01\/tribunal-de-melipilla-dicta-veredicto-condenatorio-por-trafico-de-drogas-en-la-viluma\/","url":"https:\/\/diarioellabrador.cl\/index.php\/2026\/09\/01\/tribunal-de-melipilla-dicta-veredicto-condenatorio-por-trafico-de-drogas-en-la-viluma\/","name":"Tribunal de Melipilla dicta veredicto condenatorio por tr\u00e1fico de drogas en La Viluma - Diario El Labrador","isPartOf":{"@id":"https:\/\/diarioellabrador.cl\/#website"},"primaryImageOfPage":{"@id":"https:\/\/diarioellabrador.cl\/index.php\/2026\/09\/01\/tribunal-de-melipilla-dicta-veredicto-condenatorio-por-trafico-de-drogas-en-la-viluma\/#primaryimage"},"image":{"@id":"https:\/\/diarioellabrador.cl\/index.php\/2026\/09\/01\/tribunal-de-melipilla-dicta-veredicto-condenatorio-por-trafico-de-drogas-en-la-viluma\/#primaryimage"},"thumbnailUrl":"https:\/\/diarioellabrador.cl\/wp-content\/uploads\/2026\/09\/Tribunal-de-Melipilla-dicta-veredicto-condenatorio-por-trafico-de-drogas-en-La-Viluma.jpg","datePublished":"2026-09-01T22:31:18+00:00","dateModified":"2026-09-01T22:31:21+00:00","breadcrumb":{"@id":"https:\/\/diarioellabrador.cl\/index.php\/2026\/09\/01\/tribunal-de-melipilla-dicta-veredicto-condenatorio-por-trafico-de-drogas-en-la-viluma\/#breadcrumb"},"inLanguage":"es","potentialAction":[{"@type":"ReadAction","target":["https:\/\/diarioellabrador.cl\/index.php\/2026\/09\/01\/tribunal-de-melipilla-dicta-veredicto-condenatorio-por-trafico-de-drogas-en-la-viluma\/"]}]},{"@type":"ImageObject","inLanguage":"es","@id":"https:\/\/diarioellabrador.cl\/index.php\/2026\/09\/01\/tribunal-de-melipilla-dicta-veredicto-condenatorio-por-trafico-de-drogas-en-la-viluma\/#primaryimage","url":"https:\/\/diarioellabrador.cl\/wp-content\/uploads\/2026\/09\/Tribunal-de-Melipilla-dicta-veredicto-condenatorio-por-trafico-de-drogas-en-La-Viluma.jpg","contentUrl":"https:\/\/diarioellabrador.cl\/wp-content\/uploads\/2026\/09\/Tribunal-de-Melipilla-dicta-veredicto-condenatorio-por-trafico-de-drogas-en-La-Viluma.jpg","width":726,"height":381},{"@type":"BreadcrumbList","@id":"https:\/\/diarioellabrador.cl\/index.php\/2026\/09\/01\/tribunal-de-melipilla-dicta-veredicto-condenatorio-por-trafico-de-drogas-en-la-viluma\/#breadcrumb","itemListElement":[{"@type":"ListItem","position":1,"name":"Portada","item":"https:\/\/diarioellabrador.cl\/"},{"@type":"ListItem","position":2,"name":"Tribunal de Melipilla dicta veredicto condenatorio por tr\u00e1fico de drogas en La Viluma"}]},{"@type":"WebSite","@id":"https:\/\/diarioellabrador.cl\/#website","url":"https:\/\/diarioellabrador.cl\/","name":"Diario El Labrador","description":"Haciendo noticia desde 1921","publisher":{"@id":"https:\/\/diarioellabrador.cl\/#organization"},"potentialAction":[{"@type":"SearchAction","target":{"@type":"EntryPoint","urlTemplate":"https:\/\/diarioellabrador.cl\/?s={search_term_string}"},"query-input":{"@type":"PropertyValueSpecification","valueRequired":true,"valueName":"search_term_string"}}],"inLanguage":"es"},{"@type":"Organization","@id":"https:\/\/diarioellabrador.cl\/#organization","name":"Diario El Labrador","url":"https:\/\/diarioellabrador.cl\/","logo":{"@type":"ImageObject","inLanguage":"es","@id":"https:\/\/diarioellabrador.cl\/#\/schema\/logo\/image\/","url":"https:\/\/diarioellabrador.cl\/wp-content\/uploads\/2025\/02\/cropped-Logo-Icono.png","contentUrl":"https:\/\/diarioellabrador.cl\/wp-content\/uploads\/2025\/02\/cropped-Logo-Icono.png","width":512,"height":512,"caption":"Diario El Labrador"},"image":{"@id":"https:\/\/diarioellabrador.cl\/#\/schema\/logo\/image\/"},"sameAs":["https:\/\/web.facebook.com\/profile.php?id=61576120840621","https:\/\/x.com\/ElLabradorOf","https:\/\/www.instagram.com\/diarioellabradoroficial\/"]},{"@type":"Person","@id":"https:\/\/diarioellabrador.cl\/#\/schema\/person\/bc25ff80b4563f9c7f4bd7855df01685","name":"Editor","image":{"@type":"ImageObject","inLanguage":"es","@id":"https:\/\/secure.gravatar.com\/avatar\/109c326cf2be5c04f048c2c2a2b8b6ef44bf3d8d1d3d4c55d0ac40c4bc994684?s=96&d=initials&r=g&initials=ed","url":"https:\/\/secure.gravatar.com\/avatar\/109c326cf2be5c04f048c2c2a2b8b6ef44bf3d8d1d3d4c55d0ac40c4bc994684?s=96&d=initials&r=g&initials=ed","contentUrl":"https:\/\/secure.gravatar.com\/avatar\/109c326cf2be5c04f048c2c2a2b8b6ef44bf3d8d1d3d4c55d0ac40c4bc994684?s=96&d=initials&r=g&initials=ed","caption":"Editor"},"url":"https:\/\/diarioellabrador.cl\/index.php\/author\/editor\/"}]}},"_links":{"self":[{"href":"https:\/\/diarioellabrador.cl\/index.php\/wp-json\/wp\/v2\/posts\/24384","targetHints":{"allow":["GET"]}}],"collection":[{"href":"https:\/\/diarioellabrador.cl\/index.php\/wp-json\/wp\/v2\/posts"}],"about":[{"href":"https:\/\/diarioellabrador.cl\/index.php\/wp-json\/wp\/v2\/types\/post"}],"author":[{"embeddable":true,"href":"https:\/\/diarioellabrador.cl\/index.php\/wp-json\/wp\/v2\/users\/2"}],"replies":[{"embeddable":true,"href":"https:\/\/diarioellabrador.cl\/index.php\/wp-json\/wp\/v2\/comments?post=24384"}],"version-history":[{"count":1,"href":"https:\/\/diarioellabrador.cl\/index.php\/wp-json\/wp\/v2\/posts\/24384\/revisions"}],"predecessor-version":[{"id":24385,"href":"https:\/\/diarioellabrador.cl\/index.php\/wp-json\/wp\/v2\/posts\/24384\/revisions\/24385"}],"wp:featuredmedia":[{"embeddable":true,"href":"https:\/\/diarioellabrador.cl\/index.php\/wp-json\/wp\/v2\/media\/24335"}],"wp:attachment":[{"href":"https:\/\/diarioellabrador.cl\/index.php\/wp-json\/wp\/v2\/media?parent=24384"}],"wp:term":[{"taxonomy":"category","embeddable":true,"href":"https:\/\/diarioellabrador.cl\/index.php\/wp-json\/wp\/v2\/categories?post=24384"},{"taxonomy":"post_tag","embeddable":true,"href":"https:\/\/diarioellabrador.cl\/index.php\/wp-json\/wp\/v2\/tags?post=24384"}],"curies":[{"name":"wp","href":"https:\/\/api.w.org\/{rel}","templated":true}]}}