{"id":24382,"date":"2026-09-01T18:30:25","date_gmt":"2026-09-01T22:30:25","guid":{"rendered":"https:\/\/diarioellabrador.cl\/?p=24382"},"modified":"2026-09-01T18:30:29","modified_gmt":"2026-09-01T22:30:29","slug":"6-anos-de-carcel-para-imputado-por-robo-frustrado-en-servicentro-shell","status":"publish","type":"post","link":"https:\/\/diarioellabrador.cl\/index.php\/2026\/09\/01\/6-anos-de-carcel-para-imputado-por-robo-frustrado-en-servicentro-shell\/","title":{"rendered":"6 a\u00f1os de c\u00e1rcel para imputado por robo frustrado en Servicentro Shell"},"content":{"rendered":"\n<p class=\"wp-block-paragraph\">El Tribunal de Juicio Oral en lo Penal de Talagante conden\u00f3 a Gonzalo N.R, a la pena de 6 a\u00f1os de presidio mayor en su grado m\u00ednimo, como autor del delito de robo con intimidaci\u00f3n en grado de frustrado.<\/p>\n\n\n\n<p class=\"wp-block-paragraph\">Los hechos ocurrieron el 19 de enero pasado en el Servicentro Shell, ubicado en calle O&#8217;Higgins de Talagante, cuando la v\u00edctima, que se desempe\u00f1aba como bombero de la estaci\u00f3n, se encontraba cargando combustible.<\/p>\n\n\n\n<p class=\"wp-block-paragraph\">Seg\u00fan los antecedentes expuestos en el juicio, el acusado lleg\u00f3 al lugar utilizando una m\u00e1scara de Halloween y portando un elemento con apariencia de arma de fuego, con el cual intimid\u00f3 al trabajador y procedi\u00f3 a registrarlo, logrando sustraer dinero.<\/p>\n\n\n\n<p class=\"wp-block-paragraph\">El hecho fue advertido por personal de Carabineros que transitaba por el sector, por lo que el imputado intent\u00f3 darse a la fuga, siendo detenido momentos despu\u00e9s en las cercan\u00edas del lugar.<\/p>\n\n\n\n<p class=\"wp-block-paragraph\">Los magistrados del Tribunal entregaron una pena de 6 a\u00f1os de presidio para Gonzalo N.R. en su calidad de autor del delito de robo con intimidaci\u00f3n en grado frustrado.<\/p>\n\n\n\n<p class=\"wp-block-paragraph\"><\/p>\n","protected":false},"excerpt":{"rendered":"<p>El Tribunal de Juicio Oral en lo Penal de Talagante conden\u00f3 a Gonzalo N.R, a la pena de 6 a\u00f1os de presidio mayor en su grado m\u00ednimo, como autor del delito de robo con intimidaci\u00f3n en grado de frustrado. Los hechos ocurrieron el 19 de enero pasado en el Servicentro Shell, ubicado en calle O&#8217;Higgins<\/p>\n<div class=\"read-more-wrapper\"><a class=\"read-more\" href=\"https:\/\/diarioellabrador.cl\/index.php\/2026\/09\/01\/6-anos-de-carcel-para-imputado-por-robo-frustrado-en-servicentro-shell\/\" title=\"Leer m\u00e1s\"> <span class=\"button \">Leer m\u00e1s<\/span><\/a><\/div>\n","protected":false},"author":2,"featured_media":24333,"comment_status":"open","ping_status":"open","sticky":false,"template":"","format":"standard","meta":{"footnotes":"","_members_access_role":[],"_members_access_error":""},"categories":[3],"tags":[],"class_list":["post-24382","post","type-post","status-publish","format-standard","has-post-thumbnail","hentry","category-policial"],"yoast_head":"<!-- This site is optimized with the Yoast SEO plugin v28.4 - https:\/\/yoast.com\/product\/yoast-seo-wordpress\/ -->\n<title>6 a\u00f1os de c\u00e1rcel para imputado por robo frustrado en Servicentro Shell - Diario El Labrador<\/title>\n<meta name=\"robots\" content=\"index, follow, max-snippet:-1, max-image-preview:large, max-video-preview:-1\" \/>\n<link rel=\"canonical\" href=\"https:\/\/diarioellabrador.cl\/index.php\/2026\/09\/01\/6-anos-de-carcel-para-imputado-por-robo-frustrado-en-servicentro-shell\/\" \/>\n<meta property=\"og:locale\" content=\"es_ES\" \/>\n<meta property=\"og:type\" content=\"article\" \/>\n<meta property=\"og:title\" content=\"6 a\u00f1os de c\u00e1rcel para imputado por robo frustrado en Servicentro Shell - Diario El Labrador\" \/>\n<meta property=\"og:description\" content=\"El Tribunal de Juicio Oral en lo Penal de Talagante conden\u00f3 a Gonzalo N.R, a la pena de 6 a\u00f1os de presidio mayor en su grado m\u00ednimo, como autor del delito de robo con intimidaci\u00f3n en grado de frustrado. Los hechos ocurrieron el 19 de enero pasado en el Servicentro Shell, ubicado en calle O&#8217;Higgins Leer m\u00e1s\" \/>\n<meta property=\"og:url\" content=\"https:\/\/diarioellabrador.cl\/index.php\/2026\/09\/01\/6-anos-de-carcel-para-imputado-por-robo-frustrado-en-servicentro-shell\/\" \/>\n<meta property=\"og:site_name\" content=\"Diario El Labrador\" \/>\n<meta property=\"article:publisher\" content=\"https:\/\/web.facebook.com\/profile.php?id=61576120840621\" \/>\n<meta property=\"article:published_time\" content=\"2026-09-01T22:30:25+00:00\" \/>\n<meta property=\"article:modified_time\" content=\"2026-09-01T22:30:29+00:00\" \/>\n<meta property=\"og:image\" content=\"https:\/\/diarioellabrador.cl\/wp-content\/uploads\/2026\/09\/6-anos-de-carcel-para-imputado-por-robo-frustrado-en-Servicentro-Shell.jpg\" \/>\n\t<meta property=\"og:image:width\" content=\"1080\" \/>\n\t<meta property=\"og:image:height\" content=\"921\" \/>\n\t<meta property=\"og:image:type\" content=\"image\/jpeg\" \/>\n<meta name=\"author\" content=\"Editor\" \/>\n<meta name=\"twitter:card\" content=\"summary_large_image\" \/>\n<meta name=\"twitter:creator\" content=\"@ElLabradorOf\" \/>\n<meta name=\"twitter:site\" content=\"@ElLabradorOf\" \/>\n<meta name=\"twitter:label1\" content=\"Escrito por\" \/>\n\t<meta name=\"twitter:data1\" content=\"Editor\" \/>\n\t<meta name=\"twitter:label2\" content=\"Tiempo de lectura\" \/>\n\t<meta name=\"twitter:data2\" content=\"1 minuto\" \/>\n<script type=\"application\/ld+json\" class=\"yoast-schema-graph\">{\"@context\":\"https:\\\/\\\/schema.org\",\"@graph\":[{\"@type\":\"Article\",\"@id\":\"https:\\\/\\\/diarioellabrador.cl\\\/index.php\\\/2026\\\/09\\\/01\\\/6-anos-de-carcel-para-imputado-por-robo-frustrado-en-servicentro-shell\\\/#article\",\"isPartOf\":{\"@id\":\"https:\\\/\\\/diarioellabrador.cl\\\/index.php\\\/2026\\\/09\\\/01\\\/6-anos-de-carcel-para-imputado-por-robo-frustrado-en-servicentro-shell\\\/\"},\"author\":{\"name\":\"Editor\",\"@id\":\"https:\\\/\\\/diarioellabrador.cl\\\/#\\\/schema\\\/person\\\/bc25ff80b4563f9c7f4bd7855df01685\"},\"headline\":\"6 a\u00f1os de c\u00e1rcel para imputado por robo frustrado en Servicentro Shell\",\"datePublished\":\"2026-09-01T22:30:25+00:00\",\"dateModified\":\"2026-09-01T22:30:29+00:00\",\"mainEntityOfPage\":{\"@id\":\"https:\\\/\\\/diarioellabrador.cl\\\/index.php\\\/2026\\\/09\\\/01\\\/6-anos-de-carcel-para-imputado-por-robo-frustrado-en-servicentro-shell\\\/\"},\"wordCount\":198,\"commentCount\":0,\"publisher\":{\"@id\":\"https:\\\/\\\/diarioellabrador.cl\\\/#organization\"},\"image\":{\"@id\":\"https:\\\/\\\/diarioellabrador.cl\\\/index.php\\\/2026\\\/09\\\/01\\\/6-anos-de-carcel-para-imputado-por-robo-frustrado-en-servicentro-shell\\\/#primaryimage\"},\"thumbnailUrl\":\"https:\\\/\\\/diarioellabrador.cl\\\/wp-content\\\/uploads\\\/2026\\\/09\\\/6-anos-de-carcel-para-imputado-por-robo-frustrado-en-Servicentro-Shell.jpg\",\"articleSection\":[\"Policial\"],\"inLanguage\":\"es\",\"potentialAction\":[{\"@type\":\"CommentAction\",\"name\":\"Comment\",\"target\":[\"https:\\\/\\\/diarioellabrador.cl\\\/index.php\\\/2026\\\/09\\\/01\\\/6-anos-de-carcel-para-imputado-por-robo-frustrado-en-servicentro-shell\\\/#respond\"]}]},{\"@type\":\"WebPage\",\"@id\":\"https:\\\/\\\/diarioellabrador.cl\\\/index.php\\\/2026\\\/09\\\/01\\\/6-anos-de-carcel-para-imputado-por-robo-frustrado-en-servicentro-shell\\\/\",\"url\":\"https:\\\/\\\/diarioellabrador.cl\\\/index.php\\\/2026\\\/09\\\/01\\\/6-anos-de-carcel-para-imputado-por-robo-frustrado-en-servicentro-shell\\\/\",\"name\":\"6 a\u00f1os de c\u00e1rcel para imputado por robo frustrado en Servicentro Shell - Diario El Labrador\",\"isPartOf\":{\"@id\":\"https:\\\/\\\/diarioellabrador.cl\\\/#website\"},\"primaryImageOfPage\":{\"@id\":\"https:\\\/\\\/diarioellabrador.cl\\\/index.php\\\/2026\\\/09\\\/01\\\/6-anos-de-carcel-para-imputado-por-robo-frustrado-en-servicentro-shell\\\/#primaryimage\"},\"image\":{\"@id\":\"https:\\\/\\\/diarioellabrador.cl\\\/index.php\\\/2026\\\/09\\\/01\\\/6-anos-de-carcel-para-imputado-por-robo-frustrado-en-servicentro-shell\\\/#primaryimage\"},\"thumbnailUrl\":\"https:\\\/\\\/diarioellabrador.cl\\\/wp-content\\\/uploads\\\/2026\\\/09\\\/6-anos-de-carcel-para-imputado-por-robo-frustrado-en-Servicentro-Shell.jpg\",\"datePublished\":\"2026-09-01T22:30:25+00:00\",\"dateModified\":\"2026-09-01T22:30:29+00:00\",\"breadcrumb\":{\"@id\":\"https:\\\/\\\/diarioellabrador.cl\\\/index.php\\\/2026\\\/09\\\/01\\\/6-anos-de-carcel-para-imputado-por-robo-frustrado-en-servicentro-shell\\\/#breadcrumb\"},\"inLanguage\":\"es\",\"potentialAction\":[{\"@type\":\"ReadAction\",\"target\":[\"https:\\\/\\\/diarioellabrador.cl\\\/index.php\\\/2026\\\/09\\\/01\\\/6-anos-de-carcel-para-imputado-por-robo-frustrado-en-servicentro-shell\\\/\"]}]},{\"@type\":\"ImageObject\",\"inLanguage\":\"es\",\"@id\":\"https:\\\/\\\/diarioellabrador.cl\\\/index.php\\\/2026\\\/09\\\/01\\\/6-anos-de-carcel-para-imputado-por-robo-frustrado-en-servicentro-shell\\\/#primaryimage\",\"url\":\"https:\\\/\\\/diarioellabrador.cl\\\/wp-content\\\/uploads\\\/2026\\\/09\\\/6-anos-de-carcel-para-imputado-por-robo-frustrado-en-Servicentro-Shell.jpg\",\"contentUrl\":\"https:\\\/\\\/diarioellabrador.cl\\\/wp-content\\\/uploads\\\/2026\\\/09\\\/6-anos-de-carcel-para-imputado-por-robo-frustrado-en-Servicentro-Shell.jpg\",\"width\":1080,\"height\":921},{\"@type\":\"BreadcrumbList\",\"@id\":\"https:\\\/\\\/diarioellabrador.cl\\\/index.php\\\/2026\\\/09\\\/01\\\/6-anos-de-carcel-para-imputado-por-robo-frustrado-en-servicentro-shell\\\/#breadcrumb\",\"itemListElement\":[{\"@type\":\"ListItem\",\"position\":1,\"name\":\"Portada\",\"item\":\"https:\\\/\\\/diarioellabrador.cl\\\/\"},{\"@type\":\"ListItem\",\"position\":2,\"name\":\"6 a\u00f1os de c\u00e1rcel para imputado por robo frustrado en Servicentro Shell\"}]},{\"@type\":\"WebSite\",\"@id\":\"https:\\\/\\\/diarioellabrador.cl\\\/#website\",\"url\":\"https:\\\/\\\/diarioellabrador.cl\\\/\",\"name\":\"Diario El Labrador\",\"description\":\"Haciendo noticia desde 1921\",\"publisher\":{\"@id\":\"https:\\\/\\\/diarioellabrador.cl\\\/#organization\"},\"potentialAction\":[{\"@type\":\"SearchAction\",\"target\":{\"@type\":\"EntryPoint\",\"urlTemplate\":\"https:\\\/\\\/diarioellabrador.cl\\\/?s={search_term_string}\"},\"query-input\":{\"@type\":\"PropertyValueSpecification\",\"valueRequired\":true,\"valueName\":\"search_term_string\"}}],\"inLanguage\":\"es\"},{\"@type\":\"Organization\",\"@id\":\"https:\\\/\\\/diarioellabrador.cl\\\/#organization\",\"name\":\"Diario El Labrador\",\"url\":\"https:\\\/\\\/diarioellabrador.cl\\\/\",\"logo\":{\"@type\":\"ImageObject\",\"inLanguage\":\"es\",\"@id\":\"https:\\\/\\\/diarioellabrador.cl\\\/#\\\/schema\\\/logo\\\/image\\\/\",\"url\":\"https:\\\/\\\/diarioellabrador.cl\\\/wp-content\\\/uploads\\\/2025\\\/02\\\/cropped-Logo-Icono.png\",\"contentUrl\":\"https:\\\/\\\/diarioellabrador.cl\\\/wp-content\\\/uploads\\\/2025\\\/02\\\/cropped-Logo-Icono.png\",\"width\":512,\"height\":512,\"caption\":\"Diario El Labrador\"},\"image\":{\"@id\":\"https:\\\/\\\/diarioellabrador.cl\\\/#\\\/schema\\\/logo\\\/image\\\/\"},\"sameAs\":[\"https:\\\/\\\/web.facebook.com\\\/profile.php?id=61576120840621\",\"https:\\\/\\\/x.com\\\/ElLabradorOf\",\"https:\\\/\\\/www.instagram.com\\\/diarioellabradoroficial\\\/\"]},{\"@type\":\"Person\",\"@id\":\"https:\\\/\\\/diarioellabrador.cl\\\/#\\\/schema\\\/person\\\/bc25ff80b4563f9c7f4bd7855df01685\",\"name\":\"Editor\",\"image\":{\"@type\":\"ImageObject\",\"inLanguage\":\"es\",\"@id\":\"https:\\\/\\\/secure.gravatar.com\\\/avatar\\\/109c326cf2be5c04f048c2c2a2b8b6ef44bf3d8d1d3d4c55d0ac40c4bc994684?s=96&d=initials&r=g&initials=ed\",\"url\":\"https:\\\/\\\/secure.gravatar.com\\\/avatar\\\/109c326cf2be5c04f048c2c2a2b8b6ef44bf3d8d1d3d4c55d0ac40c4bc994684?s=96&d=initials&r=g&initials=ed\",\"contentUrl\":\"https:\\\/\\\/secure.gravatar.com\\\/avatar\\\/109c326cf2be5c04f048c2c2a2b8b6ef44bf3d8d1d3d4c55d0ac40c4bc994684?s=96&d=initials&r=g&initials=ed\",\"caption\":\"Editor\"},\"url\":\"https:\\\/\\\/diarioellabrador.cl\\\/index.php\\\/author\\\/editor\\\/\"}]}<\/script>\n<!-- \/ Yoast SEO plugin. -->","yoast_head_json":{"title":"6 a\u00f1os de c\u00e1rcel para imputado por robo frustrado en Servicentro Shell - Diario El Labrador","robots":{"index":"index","follow":"follow","max-snippet":"max-snippet:-1","max-image-preview":"max-image-preview:large","max-video-preview":"max-video-preview:-1"},"canonical":"https:\/\/diarioellabrador.cl\/index.php\/2026\/09\/01\/6-anos-de-carcel-para-imputado-por-robo-frustrado-en-servicentro-shell\/","og_locale":"es_ES","og_type":"article","og_title":"6 a\u00f1os de c\u00e1rcel para imputado por robo frustrado en Servicentro Shell - Diario El Labrador","og_description":"El Tribunal de Juicio Oral en lo Penal de Talagante conden\u00f3 a Gonzalo N.R, a la pena de 6 a\u00f1os de presidio mayor en su grado m\u00ednimo, como autor del delito de robo con intimidaci\u00f3n en grado de frustrado. Los hechos ocurrieron el 19 de enero pasado en el Servicentro Shell, ubicado en calle O&#8217;Higgins Leer m\u00e1s","og_url":"https:\/\/diarioellabrador.cl\/index.php\/2026\/09\/01\/6-anos-de-carcel-para-imputado-por-robo-frustrado-en-servicentro-shell\/","og_site_name":"Diario El Labrador","article_publisher":"https:\/\/web.facebook.com\/profile.php?id=61576120840621","article_published_time":"2026-09-01T22:30:25+00:00","article_modified_time":"2026-09-01T22:30:29+00:00","og_image":[{"width":1080,"height":921,"url":"https:\/\/diarioellabrador.cl\/wp-content\/uploads\/2026\/09\/6-anos-de-carcel-para-imputado-por-robo-frustrado-en-Servicentro-Shell.jpg","type":"image\/jpeg"}],"author":"Editor","twitter_card":"summary_large_image","twitter_creator":"@ElLabradorOf","twitter_site":"@ElLabradorOf","twitter_misc":{"Escrito por":"Editor","Tiempo de lectura":"1 minuto"},"schema":{"@context":"https:\/\/schema.org","@graph":[{"@type":"Article","@id":"https:\/\/diarioellabrador.cl\/index.php\/2026\/09\/01\/6-anos-de-carcel-para-imputado-por-robo-frustrado-en-servicentro-shell\/#article","isPartOf":{"@id":"https:\/\/diarioellabrador.cl\/index.php\/2026\/09\/01\/6-anos-de-carcel-para-imputado-por-robo-frustrado-en-servicentro-shell\/"},"author":{"name":"Editor","@id":"https:\/\/diarioellabrador.cl\/#\/schema\/person\/bc25ff80b4563f9c7f4bd7855df01685"},"headline":"6 a\u00f1os de c\u00e1rcel para imputado por robo frustrado en Servicentro Shell","datePublished":"2026-09-01T22:30:25+00:00","dateModified":"2026-09-01T22:30:29+00:00","mainEntityOfPage":{"@id":"https:\/\/diarioellabrador.cl\/index.php\/2026\/09\/01\/6-anos-de-carcel-para-imputado-por-robo-frustrado-en-servicentro-shell\/"},"wordCount":198,"commentCount":0,"publisher":{"@id":"https:\/\/diarioellabrador.cl\/#organization"},"image":{"@id":"https:\/\/diarioellabrador.cl\/index.php\/2026\/09\/01\/6-anos-de-carcel-para-imputado-por-robo-frustrado-en-servicentro-shell\/#primaryimage"},"thumbnailUrl":"https:\/\/diarioellabrador.cl\/wp-content\/uploads\/2026\/09\/6-anos-de-carcel-para-imputado-por-robo-frustrado-en-Servicentro-Shell.jpg","articleSection":["Policial"],"inLanguage":"es","potentialAction":[{"@type":"CommentAction","name":"Comment","target":["https:\/\/diarioellabrador.cl\/index.php\/2026\/09\/01\/6-anos-de-carcel-para-imputado-por-robo-frustrado-en-servicentro-shell\/#respond"]}]},{"@type":"WebPage","@id":"https:\/\/diarioellabrador.cl\/index.php\/2026\/09\/01\/6-anos-de-carcel-para-imputado-por-robo-frustrado-en-servicentro-shell\/","url":"https:\/\/diarioellabrador.cl\/index.php\/2026\/09\/01\/6-anos-de-carcel-para-imputado-por-robo-frustrado-en-servicentro-shell\/","name":"6 a\u00f1os de c\u00e1rcel para imputado por robo frustrado en Servicentro Shell - Diario El Labrador","isPartOf":{"@id":"https:\/\/diarioellabrador.cl\/#website"},"primaryImageOfPage":{"@id":"https:\/\/diarioellabrador.cl\/index.php\/2026\/09\/01\/6-anos-de-carcel-para-imputado-por-robo-frustrado-en-servicentro-shell\/#primaryimage"},"image":{"@id":"https:\/\/diarioellabrador.cl\/index.php\/2026\/09\/01\/6-anos-de-carcel-para-imputado-por-robo-frustrado-en-servicentro-shell\/#primaryimage"},"thumbnailUrl":"https:\/\/diarioellabrador.cl\/wp-content\/uploads\/2026\/09\/6-anos-de-carcel-para-imputado-por-robo-frustrado-en-Servicentro-Shell.jpg","datePublished":"2026-09-01T22:30:25+00:00","dateModified":"2026-09-01T22:30:29+00:00","breadcrumb":{"@id":"https:\/\/diarioellabrador.cl\/index.php\/2026\/09\/01\/6-anos-de-carcel-para-imputado-por-robo-frustrado-en-servicentro-shell\/#breadcrumb"},"inLanguage":"es","potentialAction":[{"@type":"ReadAction","target":["https:\/\/diarioellabrador.cl\/index.php\/2026\/09\/01\/6-anos-de-carcel-para-imputado-por-robo-frustrado-en-servicentro-shell\/"]}]},{"@type":"ImageObject","inLanguage":"es","@id":"https:\/\/diarioellabrador.cl\/index.php\/2026\/09\/01\/6-anos-de-carcel-para-imputado-por-robo-frustrado-en-servicentro-shell\/#primaryimage","url":"https:\/\/diarioellabrador.cl\/wp-content\/uploads\/2026\/09\/6-anos-de-carcel-para-imputado-por-robo-frustrado-en-Servicentro-Shell.jpg","contentUrl":"https:\/\/diarioellabrador.cl\/wp-content\/uploads\/2026\/09\/6-anos-de-carcel-para-imputado-por-robo-frustrado-en-Servicentro-Shell.jpg","width":1080,"height":921},{"@type":"BreadcrumbList","@id":"https:\/\/diarioellabrador.cl\/index.php\/2026\/09\/01\/6-anos-de-carcel-para-imputado-por-robo-frustrado-en-servicentro-shell\/#breadcrumb","itemListElement":[{"@type":"ListItem","position":1,"name":"Portada","item":"https:\/\/diarioellabrador.cl\/"},{"@type":"ListItem","position":2,"name":"6 a\u00f1os de c\u00e1rcel para imputado por robo frustrado en Servicentro Shell"}]},{"@type":"WebSite","@id":"https:\/\/diarioellabrador.cl\/#website","url":"https:\/\/diarioellabrador.cl\/","name":"Diario El Labrador","description":"Haciendo noticia desde 1921","publisher":{"@id":"https:\/\/diarioellabrador.cl\/#organization"},"potentialAction":[{"@type":"SearchAction","target":{"@type":"EntryPoint","urlTemplate":"https:\/\/diarioellabrador.cl\/?s={search_term_string}"},"query-input":{"@type":"PropertyValueSpecification","valueRequired":true,"valueName":"search_term_string"}}],"inLanguage":"es"},{"@type":"Organization","@id":"https:\/\/diarioellabrador.cl\/#organization","name":"Diario El Labrador","url":"https:\/\/diarioellabrador.cl\/","logo":{"@type":"ImageObject","inLanguage":"es","@id":"https:\/\/diarioellabrador.cl\/#\/schema\/logo\/image\/","url":"https:\/\/diarioellabrador.cl\/wp-content\/uploads\/2025\/02\/cropped-Logo-Icono.png","contentUrl":"https:\/\/diarioellabrador.cl\/wp-content\/uploads\/2025\/02\/cropped-Logo-Icono.png","width":512,"height":512,"caption":"Diario El Labrador"},"image":{"@id":"https:\/\/diarioellabrador.cl\/#\/schema\/logo\/image\/"},"sameAs":["https:\/\/web.facebook.com\/profile.php?id=61576120840621","https:\/\/x.com\/ElLabradorOf","https:\/\/www.instagram.com\/diarioellabradoroficial\/"]},{"@type":"Person","@id":"https:\/\/diarioellabrador.cl\/#\/schema\/person\/bc25ff80b4563f9c7f4bd7855df01685","name":"Editor","image":{"@type":"ImageObject","inLanguage":"es","@id":"https:\/\/secure.gravatar.com\/avatar\/109c326cf2be5c04f048c2c2a2b8b6ef44bf3d8d1d3d4c55d0ac40c4bc994684?s=96&d=initials&r=g&initials=ed","url":"https:\/\/secure.gravatar.com\/avatar\/109c326cf2be5c04f048c2c2a2b8b6ef44bf3d8d1d3d4c55d0ac40c4bc994684?s=96&d=initials&r=g&initials=ed","contentUrl":"https:\/\/secure.gravatar.com\/avatar\/109c326cf2be5c04f048c2c2a2b8b6ef44bf3d8d1d3d4c55d0ac40c4bc994684?s=96&d=initials&r=g&initials=ed","caption":"Editor"},"url":"https:\/\/diarioellabrador.cl\/index.php\/author\/editor\/"}]}},"_links":{"self":[{"href":"https:\/\/diarioellabrador.cl\/index.php\/wp-json\/wp\/v2\/posts\/24382","targetHints":{"allow":["GET"]}}],"collection":[{"href":"https:\/\/diarioellabrador.cl\/index.php\/wp-json\/wp\/v2\/posts"}],"about":[{"href":"https:\/\/diarioellabrador.cl\/index.php\/wp-json\/wp\/v2\/types\/post"}],"author":[{"embeddable":true,"href":"https:\/\/diarioellabrador.cl\/index.php\/wp-json\/wp\/v2\/users\/2"}],"replies":[{"embeddable":true,"href":"https:\/\/diarioellabrador.cl\/index.php\/wp-json\/wp\/v2\/comments?post=24382"}],"version-history":[{"count":1,"href":"https:\/\/diarioellabrador.cl\/index.php\/wp-json\/wp\/v2\/posts\/24382\/revisions"}],"predecessor-version":[{"id":24383,"href":"https:\/\/diarioellabrador.cl\/index.php\/wp-json\/wp\/v2\/posts\/24382\/revisions\/24383"}],"wp:featuredmedia":[{"embeddable":true,"href":"https:\/\/diarioellabrador.cl\/index.php\/wp-json\/wp\/v2\/media\/24333"}],"wp:attachment":[{"href":"https:\/\/diarioellabrador.cl\/index.php\/wp-json\/wp\/v2\/media?parent=24382"}],"wp:term":[{"taxonomy":"category","embeddable":true,"href":"https:\/\/diarioellabrador.cl\/index.php\/wp-json\/wp\/v2\/categories?post=24382"},{"taxonomy":"post_tag","embeddable":true,"href":"https:\/\/diarioellabrador.cl\/index.php\/wp-json\/wp\/v2\/tags?post=24382"}],"curies":[{"name":"wp","href":"https:\/\/api.w.org\/{rel}","templated":true}]}}