{"id":24380,"date":"2026-09-01T18:29:35","date_gmt":"2026-09-01T22:29:35","guid":{"rendered":"https:\/\/diarioellabrador.cl\/?p=24380"},"modified":"2026-09-01T18:32:09","modified_gmt":"2026-09-01T22:32:09","slug":"detienen-a-hombre-que-mantenia-droga-oculta-en-un-calcetin","status":"publish","type":"post","link":"https:\/\/diarioellabrador.cl\/index.php\/2026\/09\/01\/detienen-a-hombre-que-mantenia-droga-oculta-en-un-calcetin\/","title":{"rendered":"Detienen a hombre que manten\u00eda droga oculta en un calcet\u00edn"},"content":{"rendered":"\n<p class=\"wp-block-paragraph\">Personal de la secci\u00f3n motorizada de Carabineros, detuvo a un hombre de 50 a\u00f1os por el delito de microtr\u00e1fico de drogas, tras sorprenderlo portando 29 envoltorios de pasta base de coca\u00edna.<\/p>\n\n\n\n<p class=\"wp-block-paragraph\">El procedimiento se registr\u00f3 mientras los funcionarios, alrededor de las 11.30 horas, realizaban patrullajes preventivos por calle Pardo en direcci\u00f3n al sur.<\/p>\n\n\n\n<p class=\"wp-block-paragraph\">Al llegar a la intersecci\u00f3n con calle Ben\u00edtez, una persona -que solicit\u00f3 mantener su identidad en reserva- entreg\u00f3 antecedentes sobre un sujeto que estar\u00eda efectuando venta de drogas a personas que circulaban por el sector.<\/p>\n\n\n\n<p class=\"wp-block-paragraph\">Con las caracter\u00edsticas proporcionadas, los motoristas concurrieron hasta las inmediaciones del pasaje Fleck, donde ubicaron a un individuo que coincid\u00eda con la descripci\u00f3n entregada. Tras efectuarle un control de identidad investigativo, el hombre fue identificado con las iniciales J.G.C., de 50 a\u00f1os.<\/p>\n\n\n\n<p class=\"wp-block-paragraph\">Al revisar sus vestimentas, Carabineros encontr\u00f3 al interior de uno de los bolsillos de su pantal\u00f3n un calcet\u00edn que conten\u00eda 29 envoltorios de papel con pasta base de coca\u00edna, por lo que fue detenido y qued\u00f3 a disposici\u00f3n de la justicia por el delito de microtr\u00e1fico.<\/p>\n\n\n\n<p class=\"wp-block-paragraph\"><\/p>\n","protected":false},"excerpt":{"rendered":"<p>Personal de la secci\u00f3n motorizada de Carabineros, detuvo a un hombre de 50 a\u00f1os por el delito de microtr\u00e1fico de drogas, tras sorprenderlo portando 29 envoltorios de pasta base de coca\u00edna. El procedimiento se registr\u00f3 mientras los funcionarios, alrededor de las 11.30 horas, realizaban patrullajes preventivos por calle Pardo en direcci\u00f3n al sur. Al llegar<\/p>\n<div class=\"read-more-wrapper\"><a class=\"read-more\" href=\"https:\/\/diarioellabrador.cl\/index.php\/2026\/09\/01\/detienen-a-hombre-que-mantenia-droga-oculta-en-un-calcetin\/\" title=\"Leer m\u00e1s\"> <span class=\"button \">Leer m\u00e1s<\/span><\/a><\/div>\n","protected":false},"author":2,"featured_media":24334,"comment_status":"open","ping_status":"open","sticky":false,"template":"","format":"standard","meta":{"footnotes":"","_members_access_role":[],"_members_access_error":""},"categories":[3],"tags":[],"class_list":["post-24380","post","type-post","status-publish","format-standard","has-post-thumbnail","hentry","category-policial"],"yoast_head":"<!-- This site is optimized with the Yoast SEO plugin v28.4 - https:\/\/yoast.com\/product\/yoast-seo-wordpress\/ -->\n<title>Detienen a hombre que manten\u00eda droga oculta en un calcet\u00edn - Diario El Labrador<\/title>\n<meta name=\"robots\" content=\"index, follow, max-snippet:-1, max-image-preview:large, max-video-preview:-1\" \/>\n<link rel=\"canonical\" href=\"https:\/\/diarioellabrador.cl\/index.php\/2026\/09\/01\/detienen-a-hombre-que-mantenia-droga-oculta-en-un-calcetin\/\" \/>\n<meta property=\"og:locale\" content=\"es_ES\" \/>\n<meta property=\"og:type\" content=\"article\" \/>\n<meta property=\"og:title\" content=\"Detienen a hombre que manten\u00eda droga oculta en un calcet\u00edn - Diario El Labrador\" \/>\n<meta property=\"og:description\" content=\"Personal de la secci\u00f3n motorizada de Carabineros, detuvo a un hombre de 50 a\u00f1os por el delito de microtr\u00e1fico de drogas, tras sorprenderlo portando 29 envoltorios de pasta base de coca\u00edna. El procedimiento se registr\u00f3 mientras los funcionarios, alrededor de las 11.30 horas, realizaban patrullajes preventivos por calle Pardo en direcci\u00f3n al sur. Al llegar Leer m\u00e1s\" \/>\n<meta property=\"og:url\" content=\"https:\/\/diarioellabrador.cl\/index.php\/2026\/09\/01\/detienen-a-hombre-que-mantenia-droga-oculta-en-un-calcetin\/\" \/>\n<meta property=\"og:site_name\" content=\"Diario El Labrador\" \/>\n<meta property=\"article:publisher\" content=\"https:\/\/web.facebook.com\/profile.php?id=61576120840621\" \/>\n<meta property=\"article:published_time\" content=\"2026-09-01T22:29:35+00:00\" \/>\n<meta property=\"article:modified_time\" content=\"2026-09-01T22:32:09+00:00\" \/>\n<meta property=\"og:image\" content=\"https:\/\/diarioellabrador.cl\/wp-content\/uploads\/2026\/09\/Detienen-a-hombre-que-mantenia-droga-oculta-en-un-calcetin.jpeg\" \/>\n\t<meta property=\"og:image:width\" content=\"1047\" \/>\n\t<meta property=\"og:image:height\" content=\"785\" \/>\n\t<meta property=\"og:image:type\" content=\"image\/jpeg\" \/>\n<meta name=\"author\" content=\"Editor\" \/>\n<meta name=\"twitter:card\" content=\"summary_large_image\" \/>\n<meta name=\"twitter:creator\" content=\"@ElLabradorOf\" \/>\n<meta name=\"twitter:site\" content=\"@ElLabradorOf\" \/>\n<meta name=\"twitter:label1\" content=\"Escrito por\" \/>\n\t<meta name=\"twitter:data1\" content=\"Editor\" \/>\n\t<meta name=\"twitter:label2\" content=\"Tiempo de lectura\" \/>\n\t<meta name=\"twitter:data2\" content=\"2 minutos\" \/>\n<script type=\"application\/ld+json\" class=\"yoast-schema-graph\">{\"@context\":\"https:\\\/\\\/schema.org\",\"@graph\":[{\"@type\":\"Article\",\"@id\":\"https:\\\/\\\/diarioellabrador.cl\\\/index.php\\\/2026\\\/09\\\/01\\\/detienen-a-hombre-que-mantenia-droga-oculta-en-un-calcetin\\\/#article\",\"isPartOf\":{\"@id\":\"https:\\\/\\\/diarioellabrador.cl\\\/index.php\\\/2026\\\/09\\\/01\\\/detienen-a-hombre-que-mantenia-droga-oculta-en-un-calcetin\\\/\"},\"author\":{\"name\":\"Editor\",\"@id\":\"https:\\\/\\\/diarioellabrador.cl\\\/#\\\/schema\\\/person\\\/bc25ff80b4563f9c7f4bd7855df01685\"},\"headline\":\"Detienen a hombre que manten\u00eda droga oculta en un calcet\u00edn\",\"datePublished\":\"2026-09-01T22:29:35+00:00\",\"dateModified\":\"2026-09-01T22:32:09+00:00\",\"mainEntityOfPage\":{\"@id\":\"https:\\\/\\\/diarioellabrador.cl\\\/index.php\\\/2026\\\/09\\\/01\\\/detienen-a-hombre-que-mantenia-droga-oculta-en-un-calcetin\\\/\"},\"wordCount\":203,\"commentCount\":0,\"publisher\":{\"@id\":\"https:\\\/\\\/diarioellabrador.cl\\\/#organization\"},\"image\":{\"@id\":\"https:\\\/\\\/diarioellabrador.cl\\\/index.php\\\/2026\\\/09\\\/01\\\/detienen-a-hombre-que-mantenia-droga-oculta-en-un-calcetin\\\/#primaryimage\"},\"thumbnailUrl\":\"https:\\\/\\\/diarioellabrador.cl\\\/wp-content\\\/uploads\\\/2026\\\/09\\\/Detienen-a-hombre-que-mantenia-droga-oculta-en-un-calcetin.jpeg\",\"articleSection\":[\"Policial\"],\"inLanguage\":\"es\",\"potentialAction\":[{\"@type\":\"CommentAction\",\"name\":\"Comment\",\"target\":[\"https:\\\/\\\/diarioellabrador.cl\\\/index.php\\\/2026\\\/09\\\/01\\\/detienen-a-hombre-que-mantenia-droga-oculta-en-un-calcetin\\\/#respond\"]}]},{\"@type\":\"WebPage\",\"@id\":\"https:\\\/\\\/diarioellabrador.cl\\\/index.php\\\/2026\\\/09\\\/01\\\/detienen-a-hombre-que-mantenia-droga-oculta-en-un-calcetin\\\/\",\"url\":\"https:\\\/\\\/diarioellabrador.cl\\\/index.php\\\/2026\\\/09\\\/01\\\/detienen-a-hombre-que-mantenia-droga-oculta-en-un-calcetin\\\/\",\"name\":\"Detienen a hombre que manten\u00eda droga oculta en un calcet\u00edn - Diario El Labrador\",\"isPartOf\":{\"@id\":\"https:\\\/\\\/diarioellabrador.cl\\\/#website\"},\"primaryImageOfPage\":{\"@id\":\"https:\\\/\\\/diarioellabrador.cl\\\/index.php\\\/2026\\\/09\\\/01\\\/detienen-a-hombre-que-mantenia-droga-oculta-en-un-calcetin\\\/#primaryimage\"},\"image\":{\"@id\":\"https:\\\/\\\/diarioellabrador.cl\\\/index.php\\\/2026\\\/09\\\/01\\\/detienen-a-hombre-que-mantenia-droga-oculta-en-un-calcetin\\\/#primaryimage\"},\"thumbnailUrl\":\"https:\\\/\\\/diarioellabrador.cl\\\/wp-content\\\/uploads\\\/2026\\\/09\\\/Detienen-a-hombre-que-mantenia-droga-oculta-en-un-calcetin.jpeg\",\"datePublished\":\"2026-09-01T22:29:35+00:00\",\"dateModified\":\"2026-09-01T22:32:09+00:00\",\"breadcrumb\":{\"@id\":\"https:\\\/\\\/diarioellabrador.cl\\\/index.php\\\/2026\\\/09\\\/01\\\/detienen-a-hombre-que-mantenia-droga-oculta-en-un-calcetin\\\/#breadcrumb\"},\"inLanguage\":\"es\",\"potentialAction\":[{\"@type\":\"ReadAction\",\"target\":[\"https:\\\/\\\/diarioellabrador.cl\\\/index.php\\\/2026\\\/09\\\/01\\\/detienen-a-hombre-que-mantenia-droga-oculta-en-un-calcetin\\\/\"]}]},{\"@type\":\"ImageObject\",\"inLanguage\":\"es\",\"@id\":\"https:\\\/\\\/diarioellabrador.cl\\\/index.php\\\/2026\\\/09\\\/01\\\/detienen-a-hombre-que-mantenia-droga-oculta-en-un-calcetin\\\/#primaryimage\",\"url\":\"https:\\\/\\\/diarioellabrador.cl\\\/wp-content\\\/uploads\\\/2026\\\/09\\\/Detienen-a-hombre-que-mantenia-droga-oculta-en-un-calcetin.jpeg\",\"contentUrl\":\"https:\\\/\\\/diarioellabrador.cl\\\/wp-content\\\/uploads\\\/2026\\\/09\\\/Detienen-a-hombre-que-mantenia-droga-oculta-en-un-calcetin.jpeg\",\"width\":1047,\"height\":785},{\"@type\":\"BreadcrumbList\",\"@id\":\"https:\\\/\\\/diarioellabrador.cl\\\/index.php\\\/2026\\\/09\\\/01\\\/detienen-a-hombre-que-mantenia-droga-oculta-en-un-calcetin\\\/#breadcrumb\",\"itemListElement\":[{\"@type\":\"ListItem\",\"position\":1,\"name\":\"Portada\",\"item\":\"https:\\\/\\\/diarioellabrador.cl\\\/\"},{\"@type\":\"ListItem\",\"position\":2,\"name\":\"Detienen a hombre que manten\u00eda droga oculta en un calcet\u00edn\"}]},{\"@type\":\"WebSite\",\"@id\":\"https:\\\/\\\/diarioellabrador.cl\\\/#website\",\"url\":\"https:\\\/\\\/diarioellabrador.cl\\\/\",\"name\":\"Diario El Labrador\",\"description\":\"Haciendo noticia desde 1921\",\"publisher\":{\"@id\":\"https:\\\/\\\/diarioellabrador.cl\\\/#organization\"},\"potentialAction\":[{\"@type\":\"SearchAction\",\"target\":{\"@type\":\"EntryPoint\",\"urlTemplate\":\"https:\\\/\\\/diarioellabrador.cl\\\/?s={search_term_string}\"},\"query-input\":{\"@type\":\"PropertyValueSpecification\",\"valueRequired\":true,\"valueName\":\"search_term_string\"}}],\"inLanguage\":\"es\"},{\"@type\":\"Organization\",\"@id\":\"https:\\\/\\\/diarioellabrador.cl\\\/#organization\",\"name\":\"Diario El Labrador\",\"url\":\"https:\\\/\\\/diarioellabrador.cl\\\/\",\"logo\":{\"@type\":\"ImageObject\",\"inLanguage\":\"es\",\"@id\":\"https:\\\/\\\/diarioellabrador.cl\\\/#\\\/schema\\\/logo\\\/image\\\/\",\"url\":\"https:\\\/\\\/diarioellabrador.cl\\\/wp-content\\\/uploads\\\/2025\\\/02\\\/cropped-Logo-Icono.png\",\"contentUrl\":\"https:\\\/\\\/diarioellabrador.cl\\\/wp-content\\\/uploads\\\/2025\\\/02\\\/cropped-Logo-Icono.png\",\"width\":512,\"height\":512,\"caption\":\"Diario El Labrador\"},\"image\":{\"@id\":\"https:\\\/\\\/diarioellabrador.cl\\\/#\\\/schema\\\/logo\\\/image\\\/\"},\"sameAs\":[\"https:\\\/\\\/web.facebook.com\\\/profile.php?id=61576120840621\",\"https:\\\/\\\/x.com\\\/ElLabradorOf\",\"https:\\\/\\\/www.instagram.com\\\/diarioellabradoroficial\\\/\"]},{\"@type\":\"Person\",\"@id\":\"https:\\\/\\\/diarioellabrador.cl\\\/#\\\/schema\\\/person\\\/bc25ff80b4563f9c7f4bd7855df01685\",\"name\":\"Editor\",\"image\":{\"@type\":\"ImageObject\",\"inLanguage\":\"es\",\"@id\":\"https:\\\/\\\/secure.gravatar.com\\\/avatar\\\/109c326cf2be5c04f048c2c2a2b8b6ef44bf3d8d1d3d4c55d0ac40c4bc994684?s=96&d=initials&r=g&initials=ed\",\"url\":\"https:\\\/\\\/secure.gravatar.com\\\/avatar\\\/109c326cf2be5c04f048c2c2a2b8b6ef44bf3d8d1d3d4c55d0ac40c4bc994684?s=96&d=initials&r=g&initials=ed\",\"contentUrl\":\"https:\\\/\\\/secure.gravatar.com\\\/avatar\\\/109c326cf2be5c04f048c2c2a2b8b6ef44bf3d8d1d3d4c55d0ac40c4bc994684?s=96&d=initials&r=g&initials=ed\",\"caption\":\"Editor\"},\"url\":\"https:\\\/\\\/diarioellabrador.cl\\\/index.php\\\/author\\\/editor\\\/\"}]}<\/script>\n<!-- \/ Yoast SEO plugin. -->","yoast_head_json":{"title":"Detienen a hombre que manten\u00eda droga oculta en un calcet\u00edn - Diario El Labrador","robots":{"index":"index","follow":"follow","max-snippet":"max-snippet:-1","max-image-preview":"max-image-preview:large","max-video-preview":"max-video-preview:-1"},"canonical":"https:\/\/diarioellabrador.cl\/index.php\/2026\/09\/01\/detienen-a-hombre-que-mantenia-droga-oculta-en-un-calcetin\/","og_locale":"es_ES","og_type":"article","og_title":"Detienen a hombre que manten\u00eda droga oculta en un calcet\u00edn - Diario El Labrador","og_description":"Personal de la secci\u00f3n motorizada de Carabineros, detuvo a un hombre de 50 a\u00f1os por el delito de microtr\u00e1fico de drogas, tras sorprenderlo portando 29 envoltorios de pasta base de coca\u00edna. El procedimiento se registr\u00f3 mientras los funcionarios, alrededor de las 11.30 horas, realizaban patrullajes preventivos por calle Pardo en direcci\u00f3n al sur. Al llegar Leer m\u00e1s","og_url":"https:\/\/diarioellabrador.cl\/index.php\/2026\/09\/01\/detienen-a-hombre-que-mantenia-droga-oculta-en-un-calcetin\/","og_site_name":"Diario El Labrador","article_publisher":"https:\/\/web.facebook.com\/profile.php?id=61576120840621","article_published_time":"2026-09-01T22:29:35+00:00","article_modified_time":"2026-09-01T22:32:09+00:00","og_image":[{"width":1047,"height":785,"url":"https:\/\/diarioellabrador.cl\/wp-content\/uploads\/2026\/09\/Detienen-a-hombre-que-mantenia-droga-oculta-en-un-calcetin.jpeg","type":"image\/jpeg"}],"author":"Editor","twitter_card":"summary_large_image","twitter_creator":"@ElLabradorOf","twitter_site":"@ElLabradorOf","twitter_misc":{"Escrito por":"Editor","Tiempo de lectura":"2 minutos"},"schema":{"@context":"https:\/\/schema.org","@graph":[{"@type":"Article","@id":"https:\/\/diarioellabrador.cl\/index.php\/2026\/09\/01\/detienen-a-hombre-que-mantenia-droga-oculta-en-un-calcetin\/#article","isPartOf":{"@id":"https:\/\/diarioellabrador.cl\/index.php\/2026\/09\/01\/detienen-a-hombre-que-mantenia-droga-oculta-en-un-calcetin\/"},"author":{"name":"Editor","@id":"https:\/\/diarioellabrador.cl\/#\/schema\/person\/bc25ff80b4563f9c7f4bd7855df01685"},"headline":"Detienen a hombre que manten\u00eda droga oculta en un calcet\u00edn","datePublished":"2026-09-01T22:29:35+00:00","dateModified":"2026-09-01T22:32:09+00:00","mainEntityOfPage":{"@id":"https:\/\/diarioellabrador.cl\/index.php\/2026\/09\/01\/detienen-a-hombre-que-mantenia-droga-oculta-en-un-calcetin\/"},"wordCount":203,"commentCount":0,"publisher":{"@id":"https:\/\/diarioellabrador.cl\/#organization"},"image":{"@id":"https:\/\/diarioellabrador.cl\/index.php\/2026\/09\/01\/detienen-a-hombre-que-mantenia-droga-oculta-en-un-calcetin\/#primaryimage"},"thumbnailUrl":"https:\/\/diarioellabrador.cl\/wp-content\/uploads\/2026\/09\/Detienen-a-hombre-que-mantenia-droga-oculta-en-un-calcetin.jpeg","articleSection":["Policial"],"inLanguage":"es","potentialAction":[{"@type":"CommentAction","name":"Comment","target":["https:\/\/diarioellabrador.cl\/index.php\/2026\/09\/01\/detienen-a-hombre-que-mantenia-droga-oculta-en-un-calcetin\/#respond"]}]},{"@type":"WebPage","@id":"https:\/\/diarioellabrador.cl\/index.php\/2026\/09\/01\/detienen-a-hombre-que-mantenia-droga-oculta-en-un-calcetin\/","url":"https:\/\/diarioellabrador.cl\/index.php\/2026\/09\/01\/detienen-a-hombre-que-mantenia-droga-oculta-en-un-calcetin\/","name":"Detienen a hombre que manten\u00eda droga oculta en un calcet\u00edn - Diario El Labrador","isPartOf":{"@id":"https:\/\/diarioellabrador.cl\/#website"},"primaryImageOfPage":{"@id":"https:\/\/diarioellabrador.cl\/index.php\/2026\/09\/01\/detienen-a-hombre-que-mantenia-droga-oculta-en-un-calcetin\/#primaryimage"},"image":{"@id":"https:\/\/diarioellabrador.cl\/index.php\/2026\/09\/01\/detienen-a-hombre-que-mantenia-droga-oculta-en-un-calcetin\/#primaryimage"},"thumbnailUrl":"https:\/\/diarioellabrador.cl\/wp-content\/uploads\/2026\/09\/Detienen-a-hombre-que-mantenia-droga-oculta-en-un-calcetin.jpeg","datePublished":"2026-09-01T22:29:35+00:00","dateModified":"2026-09-01T22:32:09+00:00","breadcrumb":{"@id":"https:\/\/diarioellabrador.cl\/index.php\/2026\/09\/01\/detienen-a-hombre-que-mantenia-droga-oculta-en-un-calcetin\/#breadcrumb"},"inLanguage":"es","potentialAction":[{"@type":"ReadAction","target":["https:\/\/diarioellabrador.cl\/index.php\/2026\/09\/01\/detienen-a-hombre-que-mantenia-droga-oculta-en-un-calcetin\/"]}]},{"@type":"ImageObject","inLanguage":"es","@id":"https:\/\/diarioellabrador.cl\/index.php\/2026\/09\/01\/detienen-a-hombre-que-mantenia-droga-oculta-en-un-calcetin\/#primaryimage","url":"https:\/\/diarioellabrador.cl\/wp-content\/uploads\/2026\/09\/Detienen-a-hombre-que-mantenia-droga-oculta-en-un-calcetin.jpeg","contentUrl":"https:\/\/diarioellabrador.cl\/wp-content\/uploads\/2026\/09\/Detienen-a-hombre-que-mantenia-droga-oculta-en-un-calcetin.jpeg","width":1047,"height":785},{"@type":"BreadcrumbList","@id":"https:\/\/diarioellabrador.cl\/index.php\/2026\/09\/01\/detienen-a-hombre-que-mantenia-droga-oculta-en-un-calcetin\/#breadcrumb","itemListElement":[{"@type":"ListItem","position":1,"name":"Portada","item":"https:\/\/diarioellabrador.cl\/"},{"@type":"ListItem","position":2,"name":"Detienen a hombre que manten\u00eda droga oculta en un calcet\u00edn"}]},{"@type":"WebSite","@id":"https:\/\/diarioellabrador.cl\/#website","url":"https:\/\/diarioellabrador.cl\/","name":"Diario El Labrador","description":"Haciendo noticia desde 1921","publisher":{"@id":"https:\/\/diarioellabrador.cl\/#organization"},"potentialAction":[{"@type":"SearchAction","target":{"@type":"EntryPoint","urlTemplate":"https:\/\/diarioellabrador.cl\/?s={search_term_string}"},"query-input":{"@type":"PropertyValueSpecification","valueRequired":true,"valueName":"search_term_string"}}],"inLanguage":"es"},{"@type":"Organization","@id":"https:\/\/diarioellabrador.cl\/#organization","name":"Diario El Labrador","url":"https:\/\/diarioellabrador.cl\/","logo":{"@type":"ImageObject","inLanguage":"es","@id":"https:\/\/diarioellabrador.cl\/#\/schema\/logo\/image\/","url":"https:\/\/diarioellabrador.cl\/wp-content\/uploads\/2025\/02\/cropped-Logo-Icono.png","contentUrl":"https:\/\/diarioellabrador.cl\/wp-content\/uploads\/2025\/02\/cropped-Logo-Icono.png","width":512,"height":512,"caption":"Diario El Labrador"},"image":{"@id":"https:\/\/diarioellabrador.cl\/#\/schema\/logo\/image\/"},"sameAs":["https:\/\/web.facebook.com\/profile.php?id=61576120840621","https:\/\/x.com\/ElLabradorOf","https:\/\/www.instagram.com\/diarioellabradoroficial\/"]},{"@type":"Person","@id":"https:\/\/diarioellabrador.cl\/#\/schema\/person\/bc25ff80b4563f9c7f4bd7855df01685","name":"Editor","image":{"@type":"ImageObject","inLanguage":"es","@id":"https:\/\/secure.gravatar.com\/avatar\/109c326cf2be5c04f048c2c2a2b8b6ef44bf3d8d1d3d4c55d0ac40c4bc994684?s=96&d=initials&r=g&initials=ed","url":"https:\/\/secure.gravatar.com\/avatar\/109c326cf2be5c04f048c2c2a2b8b6ef44bf3d8d1d3d4c55d0ac40c4bc994684?s=96&d=initials&r=g&initials=ed","contentUrl":"https:\/\/secure.gravatar.com\/avatar\/109c326cf2be5c04f048c2c2a2b8b6ef44bf3d8d1d3d4c55d0ac40c4bc994684?s=96&d=initials&r=g&initials=ed","caption":"Editor"},"url":"https:\/\/diarioellabrador.cl\/index.php\/author\/editor\/"}]}},"_links":{"self":[{"href":"https:\/\/diarioellabrador.cl\/index.php\/wp-json\/wp\/v2\/posts\/24380","targetHints":{"allow":["GET"]}}],"collection":[{"href":"https:\/\/diarioellabrador.cl\/index.php\/wp-json\/wp\/v2\/posts"}],"about":[{"href":"https:\/\/diarioellabrador.cl\/index.php\/wp-json\/wp\/v2\/types\/post"}],"author":[{"embeddable":true,"href":"https:\/\/diarioellabrador.cl\/index.php\/wp-json\/wp\/v2\/users\/2"}],"replies":[{"embeddable":true,"href":"https:\/\/diarioellabrador.cl\/index.php\/wp-json\/wp\/v2\/comments?post=24380"}],"version-history":[{"count":1,"href":"https:\/\/diarioellabrador.cl\/index.php\/wp-json\/wp\/v2\/posts\/24380\/revisions"}],"predecessor-version":[{"id":24381,"href":"https:\/\/diarioellabrador.cl\/index.php\/wp-json\/wp\/v2\/posts\/24380\/revisions\/24381"}],"wp:featuredmedia":[{"embeddable":true,"href":"https:\/\/diarioellabrador.cl\/index.php\/wp-json\/wp\/v2\/media\/24334"}],"wp:attachment":[{"href":"https:\/\/diarioellabrador.cl\/index.php\/wp-json\/wp\/v2\/media?parent=24380"}],"wp:term":[{"taxonomy":"category","embeddable":true,"href":"https:\/\/diarioellabrador.cl\/index.php\/wp-json\/wp\/v2\/categories?post=24380"},{"taxonomy":"post_tag","embeddable":true,"href":"https:\/\/diarioellabrador.cl\/index.php\/wp-json\/wp\/v2\/tags?post=24380"}],"curies":[{"name":"wp","href":"https:\/\/api.w.org\/{rel}","templated":true}]}}