{"id":24378,"date":"2026-09-01T18:27:44","date_gmt":"2026-09-01T22:27:44","guid":{"rendered":"https:\/\/diarioellabrador.cl\/?p=24378"},"modified":"2026-09-01T18:27:46","modified_gmt":"2026-09-01T22:27:46","slug":"presidente-jose-antonio-kast-encabeza-visita-inspectiva-a-obras-de-la-estacion-padre-hurtado-del-proyecto-de-tren-alameda-melipilla","status":"publish","type":"post","link":"https:\/\/diarioellabrador.cl\/index.php\/2026\/09\/01\/presidente-jose-antonio-kast-encabeza-visita-inspectiva-a-obras-de-la-estacion-padre-hurtado-del-proyecto-de-tren-alameda-melipilla\/","title":{"rendered":"Presidente Jos\u00e9 Antonio Kast encabeza visita inspectiva a obras de la Estaci\u00f3n Padre Hurtado del proyecto de tren Alameda-Melipilla"},"content":{"rendered":"\n<p class=\"wp-block-paragraph\">El Presidente de la Rep\u00fablica, Jos\u00e9 Antonio Kast, encabez\u00f3 una visita inspectiva a las obras de la Estaci\u00f3n Padre Hurtado, instancia en la que particip\u00f3 el delegado presidencial provincial de Melipilla, Gast\u00f3n Libuy.<\/p>\n\n\n\n<p class=\"wp-block-paragraph\">La actividad cont\u00f3 adem\u00e1s con la presencia del biministro de Obras P\u00fablicas, Transportes y Telecomunicaciones, Louis de Grange, y el presidente del Directorio de EFE, Jorge Claude Bourdel, junto a autoridades de las comunas que forman parte del trazado, como la Delegada Provincial de Talagante, Annemarie M\u00fcller; el diputado Jaime Coloma; el Gobernador Regional Claudio Orrego; la alcaldesa de Melipilla, Paula G\u00e1rate; entre otras autoridades.<\/p>\n\n\n\n<p class=\"wp-block-paragraph\">Destacar que el proyecto contempla una inversi\u00f3n superior a los US$1.900 millones, 61 kil\u00f3metros de extensi\u00f3n, 11 estaciones y beneficiar\u00e1 directamente a m\u00e1s de 1,7 millones de personas de las comunas de Estaci\u00f3n Central, Cerrillos, Maip\u00fa, Padre Hurtado, Pe\u00f1aflor, Talagante, El Monte y Melipilla.<\/p>\n\n\n\n<p class=\"wp-block-paragraph\">El proyecto de tren de pasajeros a Melipilla es una obra que permitir\u00e1 mejorar la conectividad y reducir significativamente los tiempos de viaje entre nuestra provincia y Santiago.<\/p>\n\n\n\n<figure class=\"wp-block-image size-large\"><img loading=\"lazy\" decoding=\"async\" width=\"1024\" height=\"768\" src=\"https:\/\/diarioellabrador.cl\/wp-content\/uploads\/2026\/09\/WhatsApp-Image-2026-09-01-at-12.24.43-1-1024x768.jpeg\" alt=\"\" class=\"wp-image-24347\" srcset=\"https:\/\/diarioellabrador.cl\/wp-content\/uploads\/2026\/09\/WhatsApp-Image-2026-09-01-at-12.24.43-1-1024x768.jpeg 1024w, https:\/\/diarioellabrador.cl\/wp-content\/uploads\/2026\/09\/WhatsApp-Image-2026-09-01-at-12.24.43-1-300x225.jpeg 300w, https:\/\/diarioellabrador.cl\/wp-content\/uploads\/2026\/09\/WhatsApp-Image-2026-09-01-at-12.24.43-1-768x576.jpeg 768w, https:\/\/diarioellabrador.cl\/wp-content\/uploads\/2026\/09\/WhatsApp-Image-2026-09-01-at-12.24.43-1-1536x1152.jpeg 1536w, https:\/\/diarioellabrador.cl\/wp-content\/uploads\/2026\/09\/WhatsApp-Image-2026-09-01-at-12.24.43-1-2048x1536.jpeg 2048w, https:\/\/diarioellabrador.cl\/wp-content\/uploads\/2026\/09\/WhatsApp-Image-2026-09-01-at-12.24.43-1-800x600.jpeg 800w, https:\/\/diarioellabrador.cl\/wp-content\/uploads\/2026\/09\/WhatsApp-Image-2026-09-01-at-12.24.43-1-600x450.jpeg 600w, https:\/\/diarioellabrador.cl\/wp-content\/uploads\/2026\/09\/WhatsApp-Image-2026-09-01-at-12.24.43-1-400x300.jpeg 400w\" sizes=\"auto, (max-width: 1024px) 100vw, 1024px\" \/><\/figure>\n","protected":false},"excerpt":{"rendered":"<p>El Presidente de la Rep\u00fablica, Jos\u00e9 Antonio Kast, encabez\u00f3 una visita inspectiva a las obras de la Estaci\u00f3n Padre Hurtado, instancia en la que particip\u00f3 el delegado presidencial provincial de Melipilla, Gast\u00f3n Libuy. La actividad cont\u00f3 adem\u00e1s con la presencia del biministro de Obras P\u00fablicas, Transportes y Telecomunicaciones, Louis de Grange, y el presidente del<\/p>\n<div class=\"read-more-wrapper\"><a class=\"read-more\" href=\"https:\/\/diarioellabrador.cl\/index.php\/2026\/09\/01\/presidente-jose-antonio-kast-encabeza-visita-inspectiva-a-obras-de-la-estacion-padre-hurtado-del-proyecto-de-tren-alameda-melipilla\/\" title=\"Leer m\u00e1s\"> <span class=\"button \">Leer m\u00e1s<\/span><\/a><\/div>\n","protected":false},"author":2,"featured_media":24349,"comment_status":"open","ping_status":"open","sticky":false,"template":"","format":"standard","meta":{"footnotes":"","_members_access_role":[],"_members_access_error":""},"categories":[1,14],"tags":[],"class_list":["post-24378","post","type-post","status-publish","format-standard","has-post-thumbnail","hentry","category-cronica","category-destacados"],"yoast_head":"<!-- This site is optimized with the Yoast SEO plugin v28.4 - https:\/\/yoast.com\/product\/yoast-seo-wordpress\/ -->\n<title>Presidente Jos\u00e9 Antonio Kast encabeza visita inspectiva a obras de la Estaci\u00f3n Padre Hurtado del proyecto de tren Alameda-Melipilla - Diario El Labrador<\/title>\n<meta name=\"robots\" content=\"index, follow, max-snippet:-1, max-image-preview:large, max-video-preview:-1\" \/>\n<link rel=\"canonical\" href=\"https:\/\/diarioellabrador.cl\/index.php\/2026\/09\/01\/presidente-jose-antonio-kast-encabeza-visita-inspectiva-a-obras-de-la-estacion-padre-hurtado-del-proyecto-de-tren-alameda-melipilla\/\" \/>\n<meta property=\"og:locale\" content=\"es_ES\" \/>\n<meta property=\"og:type\" content=\"article\" \/>\n<meta property=\"og:title\" content=\"Presidente Jos\u00e9 Antonio Kast encabeza visita inspectiva a obras de la Estaci\u00f3n Padre Hurtado del proyecto de tren Alameda-Melipilla - Diario El Labrador\" \/>\n<meta property=\"og:description\" content=\"El Presidente de la Rep\u00fablica, Jos\u00e9 Antonio Kast, encabez\u00f3 una visita inspectiva a las obras de la Estaci\u00f3n Padre Hurtado, instancia en la que particip\u00f3 el delegado presidencial provincial de Melipilla, Gast\u00f3n Libuy. La actividad cont\u00f3 adem\u00e1s con la presencia del biministro de Obras P\u00fablicas, Transportes y Telecomunicaciones, Louis de Grange, y el presidente del Leer m\u00e1s\" \/>\n<meta property=\"og:url\" content=\"https:\/\/diarioellabrador.cl\/index.php\/2026\/09\/01\/presidente-jose-antonio-kast-encabeza-visita-inspectiva-a-obras-de-la-estacion-padre-hurtado-del-proyecto-de-tren-alameda-melipilla\/\" \/>\n<meta property=\"og:site_name\" content=\"Diario El Labrador\" \/>\n<meta property=\"article:publisher\" content=\"https:\/\/web.facebook.com\/profile.php?id=61576120840621\" \/>\n<meta property=\"article:published_time\" content=\"2026-09-01T22:27:44+00:00\" \/>\n<meta property=\"article:modified_time\" content=\"2026-09-01T22:27:46+00:00\" \/>\n<meta property=\"og:image\" content=\"https:\/\/diarioellabrador.cl\/wp-content\/uploads\/2026\/09\/WhatsApp-Image-2026-09-01-at-12.25.31-scaled.jpeg\" \/>\n\t<meta property=\"og:image:width\" content=\"2560\" \/>\n\t<meta property=\"og:image:height\" content=\"1920\" \/>\n\t<meta property=\"og:image:type\" content=\"image\/jpeg\" \/>\n<meta name=\"author\" content=\"Editor\" \/>\n<meta name=\"twitter:card\" content=\"summary_large_image\" \/>\n<meta name=\"twitter:creator\" content=\"@ElLabradorOf\" \/>\n<meta name=\"twitter:site\" content=\"@ElLabradorOf\" \/>\n<meta name=\"twitter:label1\" content=\"Escrito por\" \/>\n\t<meta name=\"twitter:data1\" content=\"Editor\" \/>\n\t<meta name=\"twitter:label2\" content=\"Tiempo de lectura\" \/>\n\t<meta name=\"twitter:data2\" content=\"2 minutos\" \/>\n<script type=\"application\/ld+json\" class=\"yoast-schema-graph\">{\"@context\":\"https:\\\/\\\/schema.org\",\"@graph\":[{\"@type\":\"Article\",\"@id\":\"https:\\\/\\\/diarioellabrador.cl\\\/index.php\\\/2026\\\/09\\\/01\\\/presidente-jose-antonio-kast-encabeza-visita-inspectiva-a-obras-de-la-estacion-padre-hurtado-del-proyecto-de-tren-alameda-melipilla\\\/#article\",\"isPartOf\":{\"@id\":\"https:\\\/\\\/diarioellabrador.cl\\\/index.php\\\/2026\\\/09\\\/01\\\/presidente-jose-antonio-kast-encabeza-visita-inspectiva-a-obras-de-la-estacion-padre-hurtado-del-proyecto-de-tren-alameda-melipilla\\\/\"},\"author\":{\"name\":\"Editor\",\"@id\":\"https:\\\/\\\/diarioellabrador.cl\\\/#\\\/schema\\\/person\\\/bc25ff80b4563f9c7f4bd7855df01685\"},\"headline\":\"Presidente Jos\u00e9 Antonio Kast encabeza visita inspectiva a obras de la Estaci\u00f3n Padre Hurtado del proyecto de tren Alameda-Melipilla\",\"datePublished\":\"2026-09-01T22:27:44+00:00\",\"dateModified\":\"2026-09-01T22:27:46+00:00\",\"mainEntityOfPage\":{\"@id\":\"https:\\\/\\\/diarioellabrador.cl\\\/index.php\\\/2026\\\/09\\\/01\\\/presidente-jose-antonio-kast-encabeza-visita-inspectiva-a-obras-de-la-estacion-padre-hurtado-del-proyecto-de-tren-alameda-melipilla\\\/\"},\"wordCount\":200,\"commentCount\":0,\"publisher\":{\"@id\":\"https:\\\/\\\/diarioellabrador.cl\\\/#organization\"},\"image\":{\"@id\":\"https:\\\/\\\/diarioellabrador.cl\\\/index.php\\\/2026\\\/09\\\/01\\\/presidente-jose-antonio-kast-encabeza-visita-inspectiva-a-obras-de-la-estacion-padre-hurtado-del-proyecto-de-tren-alameda-melipilla\\\/#primaryimage\"},\"thumbnailUrl\":\"https:\\\/\\\/diarioellabrador.cl\\\/wp-content\\\/uploads\\\/2026\\\/09\\\/WhatsApp-Image-2026-09-01-at-12.25.31-scaled.jpeg\",\"articleSection\":[\"Cr\u00f3nica\",\"Destacados\"],\"inLanguage\":\"es\",\"potentialAction\":[{\"@type\":\"CommentAction\",\"name\":\"Comment\",\"target\":[\"https:\\\/\\\/diarioellabrador.cl\\\/index.php\\\/2026\\\/09\\\/01\\\/presidente-jose-antonio-kast-encabeza-visita-inspectiva-a-obras-de-la-estacion-padre-hurtado-del-proyecto-de-tren-alameda-melipilla\\\/#respond\"]}]},{\"@type\":\"WebPage\",\"@id\":\"https:\\\/\\\/diarioellabrador.cl\\\/index.php\\\/2026\\\/09\\\/01\\\/presidente-jose-antonio-kast-encabeza-visita-inspectiva-a-obras-de-la-estacion-padre-hurtado-del-proyecto-de-tren-alameda-melipilla\\\/\",\"url\":\"https:\\\/\\\/diarioellabrador.cl\\\/index.php\\\/2026\\\/09\\\/01\\\/presidente-jose-antonio-kast-encabeza-visita-inspectiva-a-obras-de-la-estacion-padre-hurtado-del-proyecto-de-tren-alameda-melipilla\\\/\",\"name\":\"Presidente Jos\u00e9 Antonio Kast encabeza visita inspectiva a obras de la Estaci\u00f3n Padre Hurtado del proyecto de tren Alameda-Melipilla - Diario El Labrador\",\"isPartOf\":{\"@id\":\"https:\\\/\\\/diarioellabrador.cl\\\/#website\"},\"primaryImageOfPage\":{\"@id\":\"https:\\\/\\\/diarioellabrador.cl\\\/index.php\\\/2026\\\/09\\\/01\\\/presidente-jose-antonio-kast-encabeza-visita-inspectiva-a-obras-de-la-estacion-padre-hurtado-del-proyecto-de-tren-alameda-melipilla\\\/#primaryimage\"},\"image\":{\"@id\":\"https:\\\/\\\/diarioellabrador.cl\\\/index.php\\\/2026\\\/09\\\/01\\\/presidente-jose-antonio-kast-encabeza-visita-inspectiva-a-obras-de-la-estacion-padre-hurtado-del-proyecto-de-tren-alameda-melipilla\\\/#primaryimage\"},\"thumbnailUrl\":\"https:\\\/\\\/diarioellabrador.cl\\\/wp-content\\\/uploads\\\/2026\\\/09\\\/WhatsApp-Image-2026-09-01-at-12.25.31-scaled.jpeg\",\"datePublished\":\"2026-09-01T22:27:44+00:00\",\"dateModified\":\"2026-09-01T22:27:46+00:00\",\"breadcrumb\":{\"@id\":\"https:\\\/\\\/diarioellabrador.cl\\\/index.php\\\/2026\\\/09\\\/01\\\/presidente-jose-antonio-kast-encabeza-visita-inspectiva-a-obras-de-la-estacion-padre-hurtado-del-proyecto-de-tren-alameda-melipilla\\\/#breadcrumb\"},\"inLanguage\":\"es\",\"potentialAction\":[{\"@type\":\"ReadAction\",\"target\":[\"https:\\\/\\\/diarioellabrador.cl\\\/index.php\\\/2026\\\/09\\\/01\\\/presidente-jose-antonio-kast-encabeza-visita-inspectiva-a-obras-de-la-estacion-padre-hurtado-del-proyecto-de-tren-alameda-melipilla\\\/\"]}]},{\"@type\":\"ImageObject\",\"inLanguage\":\"es\",\"@id\":\"https:\\\/\\\/diarioellabrador.cl\\\/index.php\\\/2026\\\/09\\\/01\\\/presidente-jose-antonio-kast-encabeza-visita-inspectiva-a-obras-de-la-estacion-padre-hurtado-del-proyecto-de-tren-alameda-melipilla\\\/#primaryimage\",\"url\":\"https:\\\/\\\/diarioellabrador.cl\\\/wp-content\\\/uploads\\\/2026\\\/09\\\/WhatsApp-Image-2026-09-01-at-12.25.31-scaled.jpeg\",\"contentUrl\":\"https:\\\/\\\/diarioellabrador.cl\\\/wp-content\\\/uploads\\\/2026\\\/09\\\/WhatsApp-Image-2026-09-01-at-12.25.31-scaled.jpeg\",\"width\":2560,\"height\":1920},{\"@type\":\"BreadcrumbList\",\"@id\":\"https:\\\/\\\/diarioellabrador.cl\\\/index.php\\\/2026\\\/09\\\/01\\\/presidente-jose-antonio-kast-encabeza-visita-inspectiva-a-obras-de-la-estacion-padre-hurtado-del-proyecto-de-tren-alameda-melipilla\\\/#breadcrumb\",\"itemListElement\":[{\"@type\":\"ListItem\",\"position\":1,\"name\":\"Portada\",\"item\":\"https:\\\/\\\/diarioellabrador.cl\\\/\"},{\"@type\":\"ListItem\",\"position\":2,\"name\":\"Presidente Jos\u00e9 Antonio Kast encabeza visita inspectiva a obras de la Estaci\u00f3n Padre Hurtado del proyecto de tren Alameda-Melipilla\"}]},{\"@type\":\"WebSite\",\"@id\":\"https:\\\/\\\/diarioellabrador.cl\\\/#website\",\"url\":\"https:\\\/\\\/diarioellabrador.cl\\\/\",\"name\":\"Diario El Labrador\",\"description\":\"Haciendo noticia desde 1921\",\"publisher\":{\"@id\":\"https:\\\/\\\/diarioellabrador.cl\\\/#organization\"},\"potentialAction\":[{\"@type\":\"SearchAction\",\"target\":{\"@type\":\"EntryPoint\",\"urlTemplate\":\"https:\\\/\\\/diarioellabrador.cl\\\/?s={search_term_string}\"},\"query-input\":{\"@type\":\"PropertyValueSpecification\",\"valueRequired\":true,\"valueName\":\"search_term_string\"}}],\"inLanguage\":\"es\"},{\"@type\":\"Organization\",\"@id\":\"https:\\\/\\\/diarioellabrador.cl\\\/#organization\",\"name\":\"Diario El Labrador\",\"url\":\"https:\\\/\\\/diarioellabrador.cl\\\/\",\"logo\":{\"@type\":\"ImageObject\",\"inLanguage\":\"es\",\"@id\":\"https:\\\/\\\/diarioellabrador.cl\\\/#\\\/schema\\\/logo\\\/image\\\/\",\"url\":\"https:\\\/\\\/diarioellabrador.cl\\\/wp-content\\\/uploads\\\/2025\\\/02\\\/cropped-Logo-Icono.png\",\"contentUrl\":\"https:\\\/\\\/diarioellabrador.cl\\\/wp-content\\\/uploads\\\/2025\\\/02\\\/cropped-Logo-Icono.png\",\"width\":512,\"height\":512,\"caption\":\"Diario El Labrador\"},\"image\":{\"@id\":\"https:\\\/\\\/diarioellabrador.cl\\\/#\\\/schema\\\/logo\\\/image\\\/\"},\"sameAs\":[\"https:\\\/\\\/web.facebook.com\\\/profile.php?id=61576120840621\",\"https:\\\/\\\/x.com\\\/ElLabradorOf\",\"https:\\\/\\\/www.instagram.com\\\/diarioellabradoroficial\\\/\"]},{\"@type\":\"Person\",\"@id\":\"https:\\\/\\\/diarioellabrador.cl\\\/#\\\/schema\\\/person\\\/bc25ff80b4563f9c7f4bd7855df01685\",\"name\":\"Editor\",\"image\":{\"@type\":\"ImageObject\",\"inLanguage\":\"es\",\"@id\":\"https:\\\/\\\/secure.gravatar.com\\\/avatar\\\/109c326cf2be5c04f048c2c2a2b8b6ef44bf3d8d1d3d4c55d0ac40c4bc994684?s=96&d=initials&r=g&initials=ed\",\"url\":\"https:\\\/\\\/secure.gravatar.com\\\/avatar\\\/109c326cf2be5c04f048c2c2a2b8b6ef44bf3d8d1d3d4c55d0ac40c4bc994684?s=96&d=initials&r=g&initials=ed\",\"contentUrl\":\"https:\\\/\\\/secure.gravatar.com\\\/avatar\\\/109c326cf2be5c04f048c2c2a2b8b6ef44bf3d8d1d3d4c55d0ac40c4bc994684?s=96&d=initials&r=g&initials=ed\",\"caption\":\"Editor\"},\"url\":\"https:\\\/\\\/diarioellabrador.cl\\\/index.php\\\/author\\\/editor\\\/\"}]}<\/script>\n<!-- \/ Yoast SEO plugin. -->","yoast_head_json":{"title":"Presidente Jos\u00e9 Antonio Kast encabeza visita inspectiva a obras de la Estaci\u00f3n Padre Hurtado del proyecto de tren Alameda-Melipilla - Diario El Labrador","robots":{"index":"index","follow":"follow","max-snippet":"max-snippet:-1","max-image-preview":"max-image-preview:large","max-video-preview":"max-video-preview:-1"},"canonical":"https:\/\/diarioellabrador.cl\/index.php\/2026\/09\/01\/presidente-jose-antonio-kast-encabeza-visita-inspectiva-a-obras-de-la-estacion-padre-hurtado-del-proyecto-de-tren-alameda-melipilla\/","og_locale":"es_ES","og_type":"article","og_title":"Presidente Jos\u00e9 Antonio Kast encabeza visita inspectiva a obras de la Estaci\u00f3n Padre Hurtado del proyecto de tren Alameda-Melipilla - Diario El Labrador","og_description":"El Presidente de la Rep\u00fablica, Jos\u00e9 Antonio Kast, encabez\u00f3 una visita inspectiva a las obras de la Estaci\u00f3n Padre Hurtado, instancia en la que particip\u00f3 el delegado presidencial provincial de Melipilla, Gast\u00f3n Libuy. La actividad cont\u00f3 adem\u00e1s con la presencia del biministro de Obras P\u00fablicas, Transportes y Telecomunicaciones, Louis de Grange, y el presidente del Leer m\u00e1s","og_url":"https:\/\/diarioellabrador.cl\/index.php\/2026\/09\/01\/presidente-jose-antonio-kast-encabeza-visita-inspectiva-a-obras-de-la-estacion-padre-hurtado-del-proyecto-de-tren-alameda-melipilla\/","og_site_name":"Diario El Labrador","article_publisher":"https:\/\/web.facebook.com\/profile.php?id=61576120840621","article_published_time":"2026-09-01T22:27:44+00:00","article_modified_time":"2026-09-01T22:27:46+00:00","og_image":[{"width":2560,"height":1920,"url":"https:\/\/diarioellabrador.cl\/wp-content\/uploads\/2026\/09\/WhatsApp-Image-2026-09-01-at-12.25.31-scaled.jpeg","type":"image\/jpeg"}],"author":"Editor","twitter_card":"summary_large_image","twitter_creator":"@ElLabradorOf","twitter_site":"@ElLabradorOf","twitter_misc":{"Escrito por":"Editor","Tiempo de lectura":"2 minutos"},"schema":{"@context":"https:\/\/schema.org","@graph":[{"@type":"Article","@id":"https:\/\/diarioellabrador.cl\/index.php\/2026\/09\/01\/presidente-jose-antonio-kast-encabeza-visita-inspectiva-a-obras-de-la-estacion-padre-hurtado-del-proyecto-de-tren-alameda-melipilla\/#article","isPartOf":{"@id":"https:\/\/diarioellabrador.cl\/index.php\/2026\/09\/01\/presidente-jose-antonio-kast-encabeza-visita-inspectiva-a-obras-de-la-estacion-padre-hurtado-del-proyecto-de-tren-alameda-melipilla\/"},"author":{"name":"Editor","@id":"https:\/\/diarioellabrador.cl\/#\/schema\/person\/bc25ff80b4563f9c7f4bd7855df01685"},"headline":"Presidente Jos\u00e9 Antonio Kast encabeza visita inspectiva a obras de la Estaci\u00f3n Padre Hurtado del proyecto de tren Alameda-Melipilla","datePublished":"2026-09-01T22:27:44+00:00","dateModified":"2026-09-01T22:27:46+00:00","mainEntityOfPage":{"@id":"https:\/\/diarioellabrador.cl\/index.php\/2026\/09\/01\/presidente-jose-antonio-kast-encabeza-visita-inspectiva-a-obras-de-la-estacion-padre-hurtado-del-proyecto-de-tren-alameda-melipilla\/"},"wordCount":200,"commentCount":0,"publisher":{"@id":"https:\/\/diarioellabrador.cl\/#organization"},"image":{"@id":"https:\/\/diarioellabrador.cl\/index.php\/2026\/09\/01\/presidente-jose-antonio-kast-encabeza-visita-inspectiva-a-obras-de-la-estacion-padre-hurtado-del-proyecto-de-tren-alameda-melipilla\/#primaryimage"},"thumbnailUrl":"https:\/\/diarioellabrador.cl\/wp-content\/uploads\/2026\/09\/WhatsApp-Image-2026-09-01-at-12.25.31-scaled.jpeg","articleSection":["Cr\u00f3nica","Destacados"],"inLanguage":"es","potentialAction":[{"@type":"CommentAction","name":"Comment","target":["https:\/\/diarioellabrador.cl\/index.php\/2026\/09\/01\/presidente-jose-antonio-kast-encabeza-visita-inspectiva-a-obras-de-la-estacion-padre-hurtado-del-proyecto-de-tren-alameda-melipilla\/#respond"]}]},{"@type":"WebPage","@id":"https:\/\/diarioellabrador.cl\/index.php\/2026\/09\/01\/presidente-jose-antonio-kast-encabeza-visita-inspectiva-a-obras-de-la-estacion-padre-hurtado-del-proyecto-de-tren-alameda-melipilla\/","url":"https:\/\/diarioellabrador.cl\/index.php\/2026\/09\/01\/presidente-jose-antonio-kast-encabeza-visita-inspectiva-a-obras-de-la-estacion-padre-hurtado-del-proyecto-de-tren-alameda-melipilla\/","name":"Presidente Jos\u00e9 Antonio Kast encabeza visita inspectiva a obras de la Estaci\u00f3n Padre Hurtado del proyecto de tren Alameda-Melipilla - Diario El Labrador","isPartOf":{"@id":"https:\/\/diarioellabrador.cl\/#website"},"primaryImageOfPage":{"@id":"https:\/\/diarioellabrador.cl\/index.php\/2026\/09\/01\/presidente-jose-antonio-kast-encabeza-visita-inspectiva-a-obras-de-la-estacion-padre-hurtado-del-proyecto-de-tren-alameda-melipilla\/#primaryimage"},"image":{"@id":"https:\/\/diarioellabrador.cl\/index.php\/2026\/09\/01\/presidente-jose-antonio-kast-encabeza-visita-inspectiva-a-obras-de-la-estacion-padre-hurtado-del-proyecto-de-tren-alameda-melipilla\/#primaryimage"},"thumbnailUrl":"https:\/\/diarioellabrador.cl\/wp-content\/uploads\/2026\/09\/WhatsApp-Image-2026-09-01-at-12.25.31-scaled.jpeg","datePublished":"2026-09-01T22:27:44+00:00","dateModified":"2026-09-01T22:27:46+00:00","breadcrumb":{"@id":"https:\/\/diarioellabrador.cl\/index.php\/2026\/09\/01\/presidente-jose-antonio-kast-encabeza-visita-inspectiva-a-obras-de-la-estacion-padre-hurtado-del-proyecto-de-tren-alameda-melipilla\/#breadcrumb"},"inLanguage":"es","potentialAction":[{"@type":"ReadAction","target":["https:\/\/diarioellabrador.cl\/index.php\/2026\/09\/01\/presidente-jose-antonio-kast-encabeza-visita-inspectiva-a-obras-de-la-estacion-padre-hurtado-del-proyecto-de-tren-alameda-melipilla\/"]}]},{"@type":"ImageObject","inLanguage":"es","@id":"https:\/\/diarioellabrador.cl\/index.php\/2026\/09\/01\/presidente-jose-antonio-kast-encabeza-visita-inspectiva-a-obras-de-la-estacion-padre-hurtado-del-proyecto-de-tren-alameda-melipilla\/#primaryimage","url":"https:\/\/diarioellabrador.cl\/wp-content\/uploads\/2026\/09\/WhatsApp-Image-2026-09-01-at-12.25.31-scaled.jpeg","contentUrl":"https:\/\/diarioellabrador.cl\/wp-content\/uploads\/2026\/09\/WhatsApp-Image-2026-09-01-at-12.25.31-scaled.jpeg","width":2560,"height":1920},{"@type":"BreadcrumbList","@id":"https:\/\/diarioellabrador.cl\/index.php\/2026\/09\/01\/presidente-jose-antonio-kast-encabeza-visita-inspectiva-a-obras-de-la-estacion-padre-hurtado-del-proyecto-de-tren-alameda-melipilla\/#breadcrumb","itemListElement":[{"@type":"ListItem","position":1,"name":"Portada","item":"https:\/\/diarioellabrador.cl\/"},{"@type":"ListItem","position":2,"name":"Presidente Jos\u00e9 Antonio Kast encabeza visita inspectiva a obras de la Estaci\u00f3n Padre Hurtado del proyecto de tren Alameda-Melipilla"}]},{"@type":"WebSite","@id":"https:\/\/diarioellabrador.cl\/#website","url":"https:\/\/diarioellabrador.cl\/","name":"Diario El Labrador","description":"Haciendo noticia desde 1921","publisher":{"@id":"https:\/\/diarioellabrador.cl\/#organization"},"potentialAction":[{"@type":"SearchAction","target":{"@type":"EntryPoint","urlTemplate":"https:\/\/diarioellabrador.cl\/?s={search_term_string}"},"query-input":{"@type":"PropertyValueSpecification","valueRequired":true,"valueName":"search_term_string"}}],"inLanguage":"es"},{"@type":"Organization","@id":"https:\/\/diarioellabrador.cl\/#organization","name":"Diario El Labrador","url":"https:\/\/diarioellabrador.cl\/","logo":{"@type":"ImageObject","inLanguage":"es","@id":"https:\/\/diarioellabrador.cl\/#\/schema\/logo\/image\/","url":"https:\/\/diarioellabrador.cl\/wp-content\/uploads\/2025\/02\/cropped-Logo-Icono.png","contentUrl":"https:\/\/diarioellabrador.cl\/wp-content\/uploads\/2025\/02\/cropped-Logo-Icono.png","width":512,"height":512,"caption":"Diario El Labrador"},"image":{"@id":"https:\/\/diarioellabrador.cl\/#\/schema\/logo\/image\/"},"sameAs":["https:\/\/web.facebook.com\/profile.php?id=61576120840621","https:\/\/x.com\/ElLabradorOf","https:\/\/www.instagram.com\/diarioellabradoroficial\/"]},{"@type":"Person","@id":"https:\/\/diarioellabrador.cl\/#\/schema\/person\/bc25ff80b4563f9c7f4bd7855df01685","name":"Editor","image":{"@type":"ImageObject","inLanguage":"es","@id":"https:\/\/secure.gravatar.com\/avatar\/109c326cf2be5c04f048c2c2a2b8b6ef44bf3d8d1d3d4c55d0ac40c4bc994684?s=96&d=initials&r=g&initials=ed","url":"https:\/\/secure.gravatar.com\/avatar\/109c326cf2be5c04f048c2c2a2b8b6ef44bf3d8d1d3d4c55d0ac40c4bc994684?s=96&d=initials&r=g&initials=ed","contentUrl":"https:\/\/secure.gravatar.com\/avatar\/109c326cf2be5c04f048c2c2a2b8b6ef44bf3d8d1d3d4c55d0ac40c4bc994684?s=96&d=initials&r=g&initials=ed","caption":"Editor"},"url":"https:\/\/diarioellabrador.cl\/index.php\/author\/editor\/"}]}},"_links":{"self":[{"href":"https:\/\/diarioellabrador.cl\/index.php\/wp-json\/wp\/v2\/posts\/24378","targetHints":{"allow":["GET"]}}],"collection":[{"href":"https:\/\/diarioellabrador.cl\/index.php\/wp-json\/wp\/v2\/posts"}],"about":[{"href":"https:\/\/diarioellabrador.cl\/index.php\/wp-json\/wp\/v2\/types\/post"}],"author":[{"embeddable":true,"href":"https:\/\/diarioellabrador.cl\/index.php\/wp-json\/wp\/v2\/users\/2"}],"replies":[{"embeddable":true,"href":"https:\/\/diarioellabrador.cl\/index.php\/wp-json\/wp\/v2\/comments?post=24378"}],"version-history":[{"count":1,"href":"https:\/\/diarioellabrador.cl\/index.php\/wp-json\/wp\/v2\/posts\/24378\/revisions"}],"predecessor-version":[{"id":24379,"href":"https:\/\/diarioellabrador.cl\/index.php\/wp-json\/wp\/v2\/posts\/24378\/revisions\/24379"}],"wp:featuredmedia":[{"embeddable":true,"href":"https:\/\/diarioellabrador.cl\/index.php\/wp-json\/wp\/v2\/media\/24349"}],"wp:attachment":[{"href":"https:\/\/diarioellabrador.cl\/index.php\/wp-json\/wp\/v2\/media?parent=24378"}],"wp:term":[{"taxonomy":"category","embeddable":true,"href":"https:\/\/diarioellabrador.cl\/index.php\/wp-json\/wp\/v2\/categories?post=24378"},{"taxonomy":"post_tag","embeddable":true,"href":"https:\/\/diarioellabrador.cl\/index.php\/wp-json\/wp\/v2\/tags?post=24378"}],"curies":[{"name":"wp","href":"https:\/\/api.w.org\/{rel}","templated":true}]}}