{"id":24374,"date":"2026-09-01T18:25:21","date_gmt":"2026-09-01T22:25:21","guid":{"rendered":"https:\/\/diarioellabrador.cl\/?p=24374"},"modified":"2026-09-01T18:25:27","modified_gmt":"2026-09-01T22:25:27","slug":"anfp-resuelve-reanudar-coquimbo-huachipato-tras-ataque-de-barristas-que-lesiono-a-arquero-visitante","status":"publish","type":"post","link":"https:\/\/diarioellabrador.cl\/index.php\/2026\/09\/01\/anfp-resuelve-reanudar-coquimbo-huachipato-tras-ataque-de-barristas-que-lesiono-a-arquero-visitante\/","title":{"rendered":"ANFP resuelve reanudar Coquimbo-Huachipato tras ataque de barristas que lesion\u00f3 a arquero visitante"},"content":{"rendered":"\n<p class=\"wp-block-paragraph\">El suspendido duelo que disputaban <strong>Coquimbo Unido y Huachipato<\/strong> el pasado domingo, por La Liga de Primera, se <strong>seguir\u00e1 disputando<\/strong> por decisi\u00f3n del directorio de la <a href=\"http:\/\/anfp.cl\" target=\"_blank\" rel=\"noopener\">ANFP<\/a>.<\/p>\n\n\n\n<p class=\"wp-block-paragraph\">Recordemos que el compromiso fue paralizado por el \u00e1rbitro Nicol\u00e1s Gamboa tras el lanzamiento de una bomba de estruendo que afect\u00f3 al arquero \u2018acerero\u2019, Christian Bravo, arrojado desde la barra coquimbana.<\/p>\n\n\n\n<p class=\"wp-block-paragraph\">\u201cEl encuentro se detuvo a los 68:15 minutos de juego, debido al lanzamiento de bombas de estruendo desde la Galer\u00eda Norte\u201d, y \u201cal menos cuatro artefactos pirot\u00e9cnicos impactaron y\/o cayeron directamente sobre el arquero del club Huachipato, Sr. Christi\u00e1n Bravo\u201d, report\u00f3 el juez.<\/p>\n\n\n\n<h2 class=\"wp-block-heading\">Compromiso se reanuda<\/h2>\n\n\n\n<p class=\"wp-block-paragraph\">Un d\u00eda despu\u00e9s del bochorno en el Francisco S\u00e1nchez Rumoroso, el directorio resolvi\u00f3 que el compromiso debe terminarse en cancha.<\/p>\n\n\n\n<p class=\"wp-block-paragraph\">Mientras Bravo contin\u00faa en observaci\u00f3n en el B\u00edo B\u00edo, <strong>ya es una realidad que el pleito continuar\u00e1.<\/strong><\/p>\n\n\n\n<p class=\"wp-block-paragraph\"><strong>Seg\u00fan pudo confirmar BBCL<\/strong>, la postura del directorio estuvo fundamentada -especialmente- en que <strong>a\u00fan quedaba pr\u00e1cticamente media hora de juego<\/strong>, y que se trataba de un cotejo con <strong>resultado a\u00fan incierto.<\/strong><\/p>\n\n\n\n<p class=\"wp-block-paragraph\">Adem\u00e1s, se considera, como atenuante, que dar por cerrado el juego puede sentar un mal precedente, en relaci\u00f3n a darle m\u00e1s injerencia a los fan\u00e1ticos violentos.<\/p>\n\n\n\n<p class=\"wp-block-paragraph\">En cuanto a fecha y escenario de reprogramaci\u00f3n, es un tema a\u00fan incierto <strong>y que queda condicionado al cuaderno de cargos de TNT<\/strong>.<\/p>\n\n\n\n<p class=\"wp-block-paragraph\"><\/p>\n","protected":false},"excerpt":{"rendered":"<p>El suspendido duelo que disputaban Coquimbo Unido y Huachipato el pasado domingo, por La Liga de Primera, se seguir\u00e1 disputando por decisi\u00f3n del directorio de la ANFP. Recordemos que el compromiso fue paralizado por el \u00e1rbitro Nicol\u00e1s Gamboa tras el lanzamiento de una bomba de estruendo que afect\u00f3 al arquero \u2018acerero\u2019, Christian Bravo, arrojado desde<\/p>\n<div class=\"read-more-wrapper\"><a class=\"read-more\" href=\"https:\/\/diarioellabrador.cl\/index.php\/2026\/09\/01\/anfp-resuelve-reanudar-coquimbo-huachipato-tras-ataque-de-barristas-que-lesiono-a-arquero-visitante\/\" title=\"Leer m\u00e1s\"> <span class=\"button \">Leer m\u00e1s<\/span><\/a><\/div>\n","protected":false},"author":2,"featured_media":24364,"comment_status":"open","ping_status":"open","sticky":false,"template":"","format":"standard","meta":{"footnotes":"","_members_access_role":[],"_members_access_error":""},"categories":[4],"tags":[],"class_list":["post-24374","post","type-post","status-publish","format-standard","has-post-thumbnail","hentry","category-deportes"],"yoast_head":"<!-- This site is optimized with the Yoast SEO plugin v28.4 - https:\/\/yoast.com\/product\/yoast-seo-wordpress\/ -->\n<title>ANFP resuelve reanudar Coquimbo-Huachipato tras ataque de barristas que lesion\u00f3 a arquero visitante - Diario El Labrador<\/title>\n<meta name=\"robots\" content=\"index, follow, max-snippet:-1, max-image-preview:large, max-video-preview:-1\" \/>\n<link rel=\"canonical\" href=\"https:\/\/diarioellabrador.cl\/index.php\/2026\/09\/01\/anfp-resuelve-reanudar-coquimbo-huachipato-tras-ataque-de-barristas-que-lesiono-a-arquero-visitante\/\" \/>\n<meta property=\"og:locale\" content=\"es_ES\" \/>\n<meta property=\"og:type\" content=\"article\" \/>\n<meta property=\"og:title\" content=\"ANFP resuelve reanudar Coquimbo-Huachipato tras ataque de barristas que lesion\u00f3 a arquero visitante - Diario El Labrador\" \/>\n<meta property=\"og:description\" content=\"El suspendido duelo que disputaban Coquimbo Unido y Huachipato el pasado domingo, por La Liga de Primera, se seguir\u00e1 disputando por decisi\u00f3n del directorio de la ANFP. Recordemos que el compromiso fue paralizado por el \u00e1rbitro Nicol\u00e1s Gamboa tras el lanzamiento de una bomba de estruendo que afect\u00f3 al arquero \u2018acerero\u2019, Christian Bravo, arrojado desde Leer m\u00e1s\" \/>\n<meta property=\"og:url\" content=\"https:\/\/diarioellabrador.cl\/index.php\/2026\/09\/01\/anfp-resuelve-reanudar-coquimbo-huachipato-tras-ataque-de-barristas-que-lesiono-a-arquero-visitante\/\" \/>\n<meta property=\"og:site_name\" content=\"Diario El Labrador\" \/>\n<meta property=\"article:publisher\" content=\"https:\/\/web.facebook.com\/profile.php?id=61576120840621\" \/>\n<meta property=\"article:published_time\" content=\"2026-09-01T22:25:21+00:00\" \/>\n<meta property=\"article:modified_time\" content=\"2026-09-01T22:25:27+00:00\" \/>\n<meta property=\"og:image\" content=\"https:\/\/diarioellabrador.cl\/wp-content\/uploads\/2026\/09\/ANFP-resuelve-reanudar-Coquimbo-Huachipato-tras-ataque-de-barristas-que-lesiono-a-arquero-visitante.jpg\" \/>\n\t<meta property=\"og:image:width\" content=\"1200\" \/>\n\t<meta property=\"og:image:height\" content=\"900\" \/>\n\t<meta property=\"og:image:type\" content=\"image\/jpeg\" \/>\n<meta name=\"author\" content=\"Editor\" \/>\n<meta name=\"twitter:card\" content=\"summary_large_image\" \/>\n<meta name=\"twitter:creator\" content=\"@ElLabradorOf\" \/>\n<meta name=\"twitter:site\" content=\"@ElLabradorOf\" \/>\n<meta name=\"twitter:label1\" content=\"Escrito por\" \/>\n\t<meta name=\"twitter:data1\" content=\"Editor\" \/>\n\t<meta name=\"twitter:label2\" content=\"Tiempo de lectura\" \/>\n\t<meta name=\"twitter:data2\" content=\"2 minutos\" \/>\n<script type=\"application\/ld+json\" class=\"yoast-schema-graph\">{\"@context\":\"https:\\\/\\\/schema.org\",\"@graph\":[{\"@type\":\"Article\",\"@id\":\"https:\\\/\\\/diarioellabrador.cl\\\/index.php\\\/2026\\\/09\\\/01\\\/anfp-resuelve-reanudar-coquimbo-huachipato-tras-ataque-de-barristas-que-lesiono-a-arquero-visitante\\\/#article\",\"isPartOf\":{\"@id\":\"https:\\\/\\\/diarioellabrador.cl\\\/index.php\\\/2026\\\/09\\\/01\\\/anfp-resuelve-reanudar-coquimbo-huachipato-tras-ataque-de-barristas-que-lesiono-a-arquero-visitante\\\/\"},\"author\":{\"name\":\"Editor\",\"@id\":\"https:\\\/\\\/diarioellabrador.cl\\\/#\\\/schema\\\/person\\\/bc25ff80b4563f9c7f4bd7855df01685\"},\"headline\":\"ANFP resuelve reanudar Coquimbo-Huachipato tras ataque de barristas que lesion\u00f3 a arquero visitante\",\"datePublished\":\"2026-09-01T22:25:21+00:00\",\"dateModified\":\"2026-09-01T22:25:27+00:00\",\"mainEntityOfPage\":{\"@id\":\"https:\\\/\\\/diarioellabrador.cl\\\/index.php\\\/2026\\\/09\\\/01\\\/anfp-resuelve-reanudar-coquimbo-huachipato-tras-ataque-de-barristas-que-lesiono-a-arquero-visitante\\\/\"},\"wordCount\":256,\"commentCount\":0,\"publisher\":{\"@id\":\"https:\\\/\\\/diarioellabrador.cl\\\/#organization\"},\"image\":{\"@id\":\"https:\\\/\\\/diarioellabrador.cl\\\/index.php\\\/2026\\\/09\\\/01\\\/anfp-resuelve-reanudar-coquimbo-huachipato-tras-ataque-de-barristas-que-lesiono-a-arquero-visitante\\\/#primaryimage\"},\"thumbnailUrl\":\"https:\\\/\\\/diarioellabrador.cl\\\/wp-content\\\/uploads\\\/2026\\\/09\\\/ANFP-resuelve-reanudar-Coquimbo-Huachipato-tras-ataque-de-barristas-que-lesiono-a-arquero-visitante.jpg\",\"articleSection\":[\"Deportes\"],\"inLanguage\":\"es\",\"potentialAction\":[{\"@type\":\"CommentAction\",\"name\":\"Comment\",\"target\":[\"https:\\\/\\\/diarioellabrador.cl\\\/index.php\\\/2026\\\/09\\\/01\\\/anfp-resuelve-reanudar-coquimbo-huachipato-tras-ataque-de-barristas-que-lesiono-a-arquero-visitante\\\/#respond\"]}]},{\"@type\":\"WebPage\",\"@id\":\"https:\\\/\\\/diarioellabrador.cl\\\/index.php\\\/2026\\\/09\\\/01\\\/anfp-resuelve-reanudar-coquimbo-huachipato-tras-ataque-de-barristas-que-lesiono-a-arquero-visitante\\\/\",\"url\":\"https:\\\/\\\/diarioellabrador.cl\\\/index.php\\\/2026\\\/09\\\/01\\\/anfp-resuelve-reanudar-coquimbo-huachipato-tras-ataque-de-barristas-que-lesiono-a-arquero-visitante\\\/\",\"name\":\"ANFP resuelve reanudar Coquimbo-Huachipato tras ataque de barristas que lesion\u00f3 a arquero visitante - Diario El Labrador\",\"isPartOf\":{\"@id\":\"https:\\\/\\\/diarioellabrador.cl\\\/#website\"},\"primaryImageOfPage\":{\"@id\":\"https:\\\/\\\/diarioellabrador.cl\\\/index.php\\\/2026\\\/09\\\/01\\\/anfp-resuelve-reanudar-coquimbo-huachipato-tras-ataque-de-barristas-que-lesiono-a-arquero-visitante\\\/#primaryimage\"},\"image\":{\"@id\":\"https:\\\/\\\/diarioellabrador.cl\\\/index.php\\\/2026\\\/09\\\/01\\\/anfp-resuelve-reanudar-coquimbo-huachipato-tras-ataque-de-barristas-que-lesiono-a-arquero-visitante\\\/#primaryimage\"},\"thumbnailUrl\":\"https:\\\/\\\/diarioellabrador.cl\\\/wp-content\\\/uploads\\\/2026\\\/09\\\/ANFP-resuelve-reanudar-Coquimbo-Huachipato-tras-ataque-de-barristas-que-lesiono-a-arquero-visitante.jpg\",\"datePublished\":\"2026-09-01T22:25:21+00:00\",\"dateModified\":\"2026-09-01T22:25:27+00:00\",\"breadcrumb\":{\"@id\":\"https:\\\/\\\/diarioellabrador.cl\\\/index.php\\\/2026\\\/09\\\/01\\\/anfp-resuelve-reanudar-coquimbo-huachipato-tras-ataque-de-barristas-que-lesiono-a-arquero-visitante\\\/#breadcrumb\"},\"inLanguage\":\"es\",\"potentialAction\":[{\"@type\":\"ReadAction\",\"target\":[\"https:\\\/\\\/diarioellabrador.cl\\\/index.php\\\/2026\\\/09\\\/01\\\/anfp-resuelve-reanudar-coquimbo-huachipato-tras-ataque-de-barristas-que-lesiono-a-arquero-visitante\\\/\"]}]},{\"@type\":\"ImageObject\",\"inLanguage\":\"es\",\"@id\":\"https:\\\/\\\/diarioellabrador.cl\\\/index.php\\\/2026\\\/09\\\/01\\\/anfp-resuelve-reanudar-coquimbo-huachipato-tras-ataque-de-barristas-que-lesiono-a-arquero-visitante\\\/#primaryimage\",\"url\":\"https:\\\/\\\/diarioellabrador.cl\\\/wp-content\\\/uploads\\\/2026\\\/09\\\/ANFP-resuelve-reanudar-Coquimbo-Huachipato-tras-ataque-de-barristas-que-lesiono-a-arquero-visitante.jpg\",\"contentUrl\":\"https:\\\/\\\/diarioellabrador.cl\\\/wp-content\\\/uploads\\\/2026\\\/09\\\/ANFP-resuelve-reanudar-Coquimbo-Huachipato-tras-ataque-de-barristas-que-lesiono-a-arquero-visitante.jpg\",\"width\":1200,\"height\":900},{\"@type\":\"BreadcrumbList\",\"@id\":\"https:\\\/\\\/diarioellabrador.cl\\\/index.php\\\/2026\\\/09\\\/01\\\/anfp-resuelve-reanudar-coquimbo-huachipato-tras-ataque-de-barristas-que-lesiono-a-arquero-visitante\\\/#breadcrumb\",\"itemListElement\":[{\"@type\":\"ListItem\",\"position\":1,\"name\":\"Portada\",\"item\":\"https:\\\/\\\/diarioellabrador.cl\\\/\"},{\"@type\":\"ListItem\",\"position\":2,\"name\":\"ANFP resuelve reanudar Coquimbo-Huachipato tras ataque de barristas que lesion\u00f3 a arquero visitante\"}]},{\"@type\":\"WebSite\",\"@id\":\"https:\\\/\\\/diarioellabrador.cl\\\/#website\",\"url\":\"https:\\\/\\\/diarioellabrador.cl\\\/\",\"name\":\"Diario El Labrador\",\"description\":\"Haciendo noticia desde 1921\",\"publisher\":{\"@id\":\"https:\\\/\\\/diarioellabrador.cl\\\/#organization\"},\"potentialAction\":[{\"@type\":\"SearchAction\",\"target\":{\"@type\":\"EntryPoint\",\"urlTemplate\":\"https:\\\/\\\/diarioellabrador.cl\\\/?s={search_term_string}\"},\"query-input\":{\"@type\":\"PropertyValueSpecification\",\"valueRequired\":true,\"valueName\":\"search_term_string\"}}],\"inLanguage\":\"es\"},{\"@type\":\"Organization\",\"@id\":\"https:\\\/\\\/diarioellabrador.cl\\\/#organization\",\"name\":\"Diario El Labrador\",\"url\":\"https:\\\/\\\/diarioellabrador.cl\\\/\",\"logo\":{\"@type\":\"ImageObject\",\"inLanguage\":\"es\",\"@id\":\"https:\\\/\\\/diarioellabrador.cl\\\/#\\\/schema\\\/logo\\\/image\\\/\",\"url\":\"https:\\\/\\\/diarioellabrador.cl\\\/wp-content\\\/uploads\\\/2025\\\/02\\\/cropped-Logo-Icono.png\",\"contentUrl\":\"https:\\\/\\\/diarioellabrador.cl\\\/wp-content\\\/uploads\\\/2025\\\/02\\\/cropped-Logo-Icono.png\",\"width\":512,\"height\":512,\"caption\":\"Diario El Labrador\"},\"image\":{\"@id\":\"https:\\\/\\\/diarioellabrador.cl\\\/#\\\/schema\\\/logo\\\/image\\\/\"},\"sameAs\":[\"https:\\\/\\\/web.facebook.com\\\/profile.php?id=61576120840621\",\"https:\\\/\\\/x.com\\\/ElLabradorOf\",\"https:\\\/\\\/www.instagram.com\\\/diarioellabradoroficial\\\/\"]},{\"@type\":\"Person\",\"@id\":\"https:\\\/\\\/diarioellabrador.cl\\\/#\\\/schema\\\/person\\\/bc25ff80b4563f9c7f4bd7855df01685\",\"name\":\"Editor\",\"image\":{\"@type\":\"ImageObject\",\"inLanguage\":\"es\",\"@id\":\"https:\\\/\\\/secure.gravatar.com\\\/avatar\\\/109c326cf2be5c04f048c2c2a2b8b6ef44bf3d8d1d3d4c55d0ac40c4bc994684?s=96&d=initials&r=g&initials=ed\",\"url\":\"https:\\\/\\\/secure.gravatar.com\\\/avatar\\\/109c326cf2be5c04f048c2c2a2b8b6ef44bf3d8d1d3d4c55d0ac40c4bc994684?s=96&d=initials&r=g&initials=ed\",\"contentUrl\":\"https:\\\/\\\/secure.gravatar.com\\\/avatar\\\/109c326cf2be5c04f048c2c2a2b8b6ef44bf3d8d1d3d4c55d0ac40c4bc994684?s=96&d=initials&r=g&initials=ed\",\"caption\":\"Editor\"},\"url\":\"https:\\\/\\\/diarioellabrador.cl\\\/index.php\\\/author\\\/editor\\\/\"}]}<\/script>\n<!-- \/ Yoast SEO plugin. -->","yoast_head_json":{"title":"ANFP resuelve reanudar Coquimbo-Huachipato tras ataque de barristas que lesion\u00f3 a arquero visitante - Diario El Labrador","robots":{"index":"index","follow":"follow","max-snippet":"max-snippet:-1","max-image-preview":"max-image-preview:large","max-video-preview":"max-video-preview:-1"},"canonical":"https:\/\/diarioellabrador.cl\/index.php\/2026\/09\/01\/anfp-resuelve-reanudar-coquimbo-huachipato-tras-ataque-de-barristas-que-lesiono-a-arquero-visitante\/","og_locale":"es_ES","og_type":"article","og_title":"ANFP resuelve reanudar Coquimbo-Huachipato tras ataque de barristas que lesion\u00f3 a arquero visitante - Diario El Labrador","og_description":"El suspendido duelo que disputaban Coquimbo Unido y Huachipato el pasado domingo, por La Liga de Primera, se seguir\u00e1 disputando por decisi\u00f3n del directorio de la ANFP. Recordemos que el compromiso fue paralizado por el \u00e1rbitro Nicol\u00e1s Gamboa tras el lanzamiento de una bomba de estruendo que afect\u00f3 al arquero \u2018acerero\u2019, Christian Bravo, arrojado desde Leer m\u00e1s","og_url":"https:\/\/diarioellabrador.cl\/index.php\/2026\/09\/01\/anfp-resuelve-reanudar-coquimbo-huachipato-tras-ataque-de-barristas-que-lesiono-a-arquero-visitante\/","og_site_name":"Diario El Labrador","article_publisher":"https:\/\/web.facebook.com\/profile.php?id=61576120840621","article_published_time":"2026-09-01T22:25:21+00:00","article_modified_time":"2026-09-01T22:25:27+00:00","og_image":[{"width":1200,"height":900,"url":"https:\/\/diarioellabrador.cl\/wp-content\/uploads\/2026\/09\/ANFP-resuelve-reanudar-Coquimbo-Huachipato-tras-ataque-de-barristas-que-lesiono-a-arquero-visitante.jpg","type":"image\/jpeg"}],"author":"Editor","twitter_card":"summary_large_image","twitter_creator":"@ElLabradorOf","twitter_site":"@ElLabradorOf","twitter_misc":{"Escrito por":"Editor","Tiempo de lectura":"2 minutos"},"schema":{"@context":"https:\/\/schema.org","@graph":[{"@type":"Article","@id":"https:\/\/diarioellabrador.cl\/index.php\/2026\/09\/01\/anfp-resuelve-reanudar-coquimbo-huachipato-tras-ataque-de-barristas-que-lesiono-a-arquero-visitante\/#article","isPartOf":{"@id":"https:\/\/diarioellabrador.cl\/index.php\/2026\/09\/01\/anfp-resuelve-reanudar-coquimbo-huachipato-tras-ataque-de-barristas-que-lesiono-a-arquero-visitante\/"},"author":{"name":"Editor","@id":"https:\/\/diarioellabrador.cl\/#\/schema\/person\/bc25ff80b4563f9c7f4bd7855df01685"},"headline":"ANFP resuelve reanudar Coquimbo-Huachipato tras ataque de barristas que lesion\u00f3 a arquero visitante","datePublished":"2026-09-01T22:25:21+00:00","dateModified":"2026-09-01T22:25:27+00:00","mainEntityOfPage":{"@id":"https:\/\/diarioellabrador.cl\/index.php\/2026\/09\/01\/anfp-resuelve-reanudar-coquimbo-huachipato-tras-ataque-de-barristas-que-lesiono-a-arquero-visitante\/"},"wordCount":256,"commentCount":0,"publisher":{"@id":"https:\/\/diarioellabrador.cl\/#organization"},"image":{"@id":"https:\/\/diarioellabrador.cl\/index.php\/2026\/09\/01\/anfp-resuelve-reanudar-coquimbo-huachipato-tras-ataque-de-barristas-que-lesiono-a-arquero-visitante\/#primaryimage"},"thumbnailUrl":"https:\/\/diarioellabrador.cl\/wp-content\/uploads\/2026\/09\/ANFP-resuelve-reanudar-Coquimbo-Huachipato-tras-ataque-de-barristas-que-lesiono-a-arquero-visitante.jpg","articleSection":["Deportes"],"inLanguage":"es","potentialAction":[{"@type":"CommentAction","name":"Comment","target":["https:\/\/diarioellabrador.cl\/index.php\/2026\/09\/01\/anfp-resuelve-reanudar-coquimbo-huachipato-tras-ataque-de-barristas-que-lesiono-a-arquero-visitante\/#respond"]}]},{"@type":"WebPage","@id":"https:\/\/diarioellabrador.cl\/index.php\/2026\/09\/01\/anfp-resuelve-reanudar-coquimbo-huachipato-tras-ataque-de-barristas-que-lesiono-a-arquero-visitante\/","url":"https:\/\/diarioellabrador.cl\/index.php\/2026\/09\/01\/anfp-resuelve-reanudar-coquimbo-huachipato-tras-ataque-de-barristas-que-lesiono-a-arquero-visitante\/","name":"ANFP resuelve reanudar Coquimbo-Huachipato tras ataque de barristas que lesion\u00f3 a arquero visitante - Diario El Labrador","isPartOf":{"@id":"https:\/\/diarioellabrador.cl\/#website"},"primaryImageOfPage":{"@id":"https:\/\/diarioellabrador.cl\/index.php\/2026\/09\/01\/anfp-resuelve-reanudar-coquimbo-huachipato-tras-ataque-de-barristas-que-lesiono-a-arquero-visitante\/#primaryimage"},"image":{"@id":"https:\/\/diarioellabrador.cl\/index.php\/2026\/09\/01\/anfp-resuelve-reanudar-coquimbo-huachipato-tras-ataque-de-barristas-que-lesiono-a-arquero-visitante\/#primaryimage"},"thumbnailUrl":"https:\/\/diarioellabrador.cl\/wp-content\/uploads\/2026\/09\/ANFP-resuelve-reanudar-Coquimbo-Huachipato-tras-ataque-de-barristas-que-lesiono-a-arquero-visitante.jpg","datePublished":"2026-09-01T22:25:21+00:00","dateModified":"2026-09-01T22:25:27+00:00","breadcrumb":{"@id":"https:\/\/diarioellabrador.cl\/index.php\/2026\/09\/01\/anfp-resuelve-reanudar-coquimbo-huachipato-tras-ataque-de-barristas-que-lesiono-a-arquero-visitante\/#breadcrumb"},"inLanguage":"es","potentialAction":[{"@type":"ReadAction","target":["https:\/\/diarioellabrador.cl\/index.php\/2026\/09\/01\/anfp-resuelve-reanudar-coquimbo-huachipato-tras-ataque-de-barristas-que-lesiono-a-arquero-visitante\/"]}]},{"@type":"ImageObject","inLanguage":"es","@id":"https:\/\/diarioellabrador.cl\/index.php\/2026\/09\/01\/anfp-resuelve-reanudar-coquimbo-huachipato-tras-ataque-de-barristas-que-lesiono-a-arquero-visitante\/#primaryimage","url":"https:\/\/diarioellabrador.cl\/wp-content\/uploads\/2026\/09\/ANFP-resuelve-reanudar-Coquimbo-Huachipato-tras-ataque-de-barristas-que-lesiono-a-arquero-visitante.jpg","contentUrl":"https:\/\/diarioellabrador.cl\/wp-content\/uploads\/2026\/09\/ANFP-resuelve-reanudar-Coquimbo-Huachipato-tras-ataque-de-barristas-que-lesiono-a-arquero-visitante.jpg","width":1200,"height":900},{"@type":"BreadcrumbList","@id":"https:\/\/diarioellabrador.cl\/index.php\/2026\/09\/01\/anfp-resuelve-reanudar-coquimbo-huachipato-tras-ataque-de-barristas-que-lesiono-a-arquero-visitante\/#breadcrumb","itemListElement":[{"@type":"ListItem","position":1,"name":"Portada","item":"https:\/\/diarioellabrador.cl\/"},{"@type":"ListItem","position":2,"name":"ANFP resuelve reanudar Coquimbo-Huachipato tras ataque de barristas que lesion\u00f3 a arquero visitante"}]},{"@type":"WebSite","@id":"https:\/\/diarioellabrador.cl\/#website","url":"https:\/\/diarioellabrador.cl\/","name":"Diario El Labrador","description":"Haciendo noticia desde 1921","publisher":{"@id":"https:\/\/diarioellabrador.cl\/#organization"},"potentialAction":[{"@type":"SearchAction","target":{"@type":"EntryPoint","urlTemplate":"https:\/\/diarioellabrador.cl\/?s={search_term_string}"},"query-input":{"@type":"PropertyValueSpecification","valueRequired":true,"valueName":"search_term_string"}}],"inLanguage":"es"},{"@type":"Organization","@id":"https:\/\/diarioellabrador.cl\/#organization","name":"Diario El Labrador","url":"https:\/\/diarioellabrador.cl\/","logo":{"@type":"ImageObject","inLanguage":"es","@id":"https:\/\/diarioellabrador.cl\/#\/schema\/logo\/image\/","url":"https:\/\/diarioellabrador.cl\/wp-content\/uploads\/2025\/02\/cropped-Logo-Icono.png","contentUrl":"https:\/\/diarioellabrador.cl\/wp-content\/uploads\/2025\/02\/cropped-Logo-Icono.png","width":512,"height":512,"caption":"Diario El Labrador"},"image":{"@id":"https:\/\/diarioellabrador.cl\/#\/schema\/logo\/image\/"},"sameAs":["https:\/\/web.facebook.com\/profile.php?id=61576120840621","https:\/\/x.com\/ElLabradorOf","https:\/\/www.instagram.com\/diarioellabradoroficial\/"]},{"@type":"Person","@id":"https:\/\/diarioellabrador.cl\/#\/schema\/person\/bc25ff80b4563f9c7f4bd7855df01685","name":"Editor","image":{"@type":"ImageObject","inLanguage":"es","@id":"https:\/\/secure.gravatar.com\/avatar\/109c326cf2be5c04f048c2c2a2b8b6ef44bf3d8d1d3d4c55d0ac40c4bc994684?s=96&d=initials&r=g&initials=ed","url":"https:\/\/secure.gravatar.com\/avatar\/109c326cf2be5c04f048c2c2a2b8b6ef44bf3d8d1d3d4c55d0ac40c4bc994684?s=96&d=initials&r=g&initials=ed","contentUrl":"https:\/\/secure.gravatar.com\/avatar\/109c326cf2be5c04f048c2c2a2b8b6ef44bf3d8d1d3d4c55d0ac40c4bc994684?s=96&d=initials&r=g&initials=ed","caption":"Editor"},"url":"https:\/\/diarioellabrador.cl\/index.php\/author\/editor\/"}]}},"_links":{"self":[{"href":"https:\/\/diarioellabrador.cl\/index.php\/wp-json\/wp\/v2\/posts\/24374","targetHints":{"allow":["GET"]}}],"collection":[{"href":"https:\/\/diarioellabrador.cl\/index.php\/wp-json\/wp\/v2\/posts"}],"about":[{"href":"https:\/\/diarioellabrador.cl\/index.php\/wp-json\/wp\/v2\/types\/post"}],"author":[{"embeddable":true,"href":"https:\/\/diarioellabrador.cl\/index.php\/wp-json\/wp\/v2\/users\/2"}],"replies":[{"embeddable":true,"href":"https:\/\/diarioellabrador.cl\/index.php\/wp-json\/wp\/v2\/comments?post=24374"}],"version-history":[{"count":1,"href":"https:\/\/diarioellabrador.cl\/index.php\/wp-json\/wp\/v2\/posts\/24374\/revisions"}],"predecessor-version":[{"id":24375,"href":"https:\/\/diarioellabrador.cl\/index.php\/wp-json\/wp\/v2\/posts\/24374\/revisions\/24375"}],"wp:featuredmedia":[{"embeddable":true,"href":"https:\/\/diarioellabrador.cl\/index.php\/wp-json\/wp\/v2\/media\/24364"}],"wp:attachment":[{"href":"https:\/\/diarioellabrador.cl\/index.php\/wp-json\/wp\/v2\/media?parent=24374"}],"wp:term":[{"taxonomy":"category","embeddable":true,"href":"https:\/\/diarioellabrador.cl\/index.php\/wp-json\/wp\/v2\/categories?post=24374"},{"taxonomy":"post_tag","embeddable":true,"href":"https:\/\/diarioellabrador.cl\/index.php\/wp-json\/wp\/v2\/tags?post=24374"}],"curies":[{"name":"wp","href":"https:\/\/api.w.org\/{rel}","templated":true}]}}