{"id":24372,"date":"2026-09-01T18:24:41","date_gmt":"2026-09-01T22:24:41","guid":{"rendered":"https:\/\/diarioellabrador.cl\/?p=24372"},"modified":"2026-09-01T18:24:45","modified_gmt":"2026-09-01T22:24:45","slug":"la-uc-vencio-a-ohiggins-y-pasa-a-liderar-lucha-por-el-chile-2-doblete-de-zampedri-y-bernedo-figura","status":"publish","type":"post","link":"https:\/\/diarioellabrador.cl\/index.php\/2026\/09\/01\/la-uc-vencio-a-ohiggins-y-pasa-a-liderar-lucha-por-el-chile-2-doblete-de-zampedri-y-bernedo-figura\/","title":{"rendered":"La UC venci\u00f3 a O\u2019Higgins y pasa a liderar lucha por el \u2019Chile 2\u2019: doblete de Zampedri y Bernedo figura"},"content":{"rendered":"\n<p class=\"wp-block-paragraph\"><strong>Universidad Cat\u00f3lica<\/strong> consigui\u00f3 este lunes un triunfo clave en su lucha por el denominado cupo <strong>\u2018Chile 2\u2019<\/strong> para la <strong>Copa Libertadores 2027<\/strong> al dar cuenta por 3-2 a <strong>O\u2019Higgins<\/strong>, en cruce por la fecha 21 de la Liga de Primera.<\/p>\n\n\n\n<p class=\"wp-block-paragraph\">El resultado en el Claro Arena le permiti\u00f3 a los cruzados alcanzar los 36 puntos y quedar segundos, desplazando a Universidad de Chile por diferencia de goles.<\/p>\n\n\n\n<p class=\"wp-block-paragraph\">El partido comenz\u00f3 cuesta arriba para la escuadra dirigida por Daniel Garnero. O\u2019Higgins abri\u00f3 la cuenta a los 13 minutos mediante <strong>Cristi\u00e1n Morales<\/strong>, con un cabezazo perfecto tras un tiro de esquina desde la derecha.<\/p>\n\n\n\n<p class=\"wp-block-paragraph\">La reacci\u00f3n cruzada lleg\u00f3 de la mano de su gran figura. <strong>Fernando Zampedri<\/strong> apareci\u00f3 a los 26 minutos para marcar el 1-1, ratificando una vez m\u00e1s su enorme incidencia ofensiva y devolviendo a Cat\u00f3lica al partido.<\/p>\n\n\n\n<p class=\"wp-block-paragraph\">Y el \u2018Toro\u2019, goleador del campeonato, no se conform\u00f3 con uno. A los 40 minutos, el ariete volvi\u00f3 a convertir, esta vez desde el punto penal, para dejar en ventaja al local.<\/p>\n\n\n\n<p class=\"wp-block-paragraph\">O\u2019Higgins, sin embargo, no baj\u00f3 los brazos. El cuadro rancag\u00fcino encontr\u00f3 nuevamente el camino del gol en el complemento y <strong>Arnaldo Castillo<\/strong> marc\u00f3 el 2-2, con un frentazo a los 70\u2019, dejando todo abierto en el tramo final y metiendo presi\u00f3n a la UC.<\/p>\n\n\n\n<p class=\"wp-block-paragraph\">Y en la recta final del encuentro, a los 87\u2019, el joven <strong>Mart\u00edn G\u00f3mez<\/strong> le dio la victoria al elenco de la franja con un potente cabezazo en el coraz\u00f3n del \u00e1rea, tras preciso pivoteo de Justo Giani. Estall\u00f3 el reducto precordillerano.<\/p>\n\n\n\n<p class=\"wp-block-paragraph\">Consignar el gran partido del golero de la UC, <strong>Vicente Bernedo<\/strong>, quien cont\u00f3 con al menos cuatro notables intervenciones que impidieron a la visita llevarse un mejor resultado.<\/p>\n\n\n\n<p class=\"wp-block-paragraph\">Con el traspi\u00e9 en la capital, O\u2019Higgins se qued\u00f3 en la und\u00e9cima posici\u00f3n con 24 puntos y se complica en la parte media-baja de la clasificaci\u00f3n. Solo presenta una ventaja de tres puntos sobre el primer equipo en zona de descenso, Cobresal.<\/p>\n\n\n\n<h1 class=\"wp-block-heading\"><em>\u00abContra Colo Colo no lo cobraron\u00bb: O\u2019Higgins alega por gol anulado y penal para la UC en misma jugada<\/em><\/h1>\n\n\n\n<p class=\"wp-block-paragraph\">El defensa de <strong>O\u2019Higgins<\/strong>, <strong>Nicol\u00e1s Garrido<\/strong>, tild\u00f3 como injusticia una pol\u00e9mica jugada en la ca\u00edda del Capo de Provincia por 3-2 ante Universidad Cat\u00f3lica en la fecha 21 de la Liga de Primera 2026.<\/p>\n\n\n\n<p class=\"wp-block-paragraph\">\u201cContra Colo Colo no nos cobraron ese penal. Es una sensaci\u00f3n de injusticia. Nos queda ese sabor. <strong>Est\u00e1bamos haciendo un buen partido y estamos 2-1, pero apareci\u00f3 el VAR<\/strong>. Hicimos todos los m\u00e9ritos para llevarnos el partido\u201d, dijo.<\/p>\n\n\n\n<p class=\"wp-block-paragraph\">\u00bfQu\u00e9 pas\u00f3? En el minuto 38 de partido, Diego Corral fue derribado en el \u00e1rea visitante, pero el \u00e1rbitro <strong>Juan Lara decidi\u00f3 omitir la acci\u00f3n<\/strong> y continuar. Fue ah\u00ed que, tras un ataque de O\u2019Higgins, vino el gol de Arnaldo Castillo.<\/p>\n\n\n\n<p class=\"wp-block-paragraph\">Todo era celebraci\u00f3n para los de Rancagua, hasta que el VAR llam\u00f3 al \u00e1rbitro para revisar la acci\u00f3n anterior que protagoniz\u00f3 el futbolista de Cat\u00f3lica. De esta forma, se consider\u00f3 que hab\u00eda penal a favor de la UC, por lo que el <strong>gol de O\u2019Higgins fue invalidado<\/strong>.<\/p>\n\n\n\n<p class=\"wp-block-paragraph\">A los alegatos se sum\u00f3 Cristi\u00e1n Morales, al ser consultado respecto a una jugada similar que le ocurri\u00f3 a los dirigidos de Lucas Bovaglio en el 2-2 ante Colo Colo de la fecha 19.<\/p>\n\n\n\n<p class=\"wp-block-paragraph\">En aquel cruce, Joaqu\u00edn Sosa pareci\u00f3 empujar a Basti\u00e1n Y\u00e1\u00f1ez, pero el juez central no cobr\u00f3 nada. Para Morales <strong>\u201cfue una jugada similar, pero es parte del arbitraje\u201d<\/strong>.<\/p>\n\n\n\n<p class=\"wp-block-paragraph\"><\/p>\n","protected":false},"excerpt":{"rendered":"<p>Universidad Cat\u00f3lica consigui\u00f3 este lunes un triunfo clave en su lucha por el denominado cupo \u2018Chile 2\u2019 para la Copa Libertadores 2027 al dar cuenta por 3-2 a O\u2019Higgins, en cruce por la fecha 21 de la Liga de Primera. El resultado en el Claro Arena le permiti\u00f3 a los cruzados alcanzar los 36 puntos<\/p>\n<div class=\"read-more-wrapper\"><a class=\"read-more\" href=\"https:\/\/diarioellabrador.cl\/index.php\/2026\/09\/01\/la-uc-vencio-a-ohiggins-y-pasa-a-liderar-lucha-por-el-chile-2-doblete-de-zampedri-y-bernedo-figura\/\" title=\"Leer m\u00e1s\"> <span class=\"button \">Leer m\u00e1s<\/span><\/a><\/div>\n","protected":false},"author":2,"featured_media":24365,"comment_status":"open","ping_status":"open","sticky":false,"template":"","format":"standard","meta":{"footnotes":"","_members_access_role":[],"_members_access_error":""},"categories":[4],"tags":[],"class_list":["post-24372","post","type-post","status-publish","format-standard","has-post-thumbnail","hentry","category-deportes"],"yoast_head":"<!-- This site is optimized with the Yoast SEO plugin v28.4 - https:\/\/yoast.com\/product\/yoast-seo-wordpress\/ -->\n<title>La UC venci\u00f3 a O\u2019Higgins y pasa a liderar lucha por el \u2019Chile 2\u2019: doblete de Zampedri y Bernedo figura - Diario El Labrador<\/title>\n<meta name=\"robots\" content=\"index, follow, max-snippet:-1, max-image-preview:large, max-video-preview:-1\" \/>\n<link rel=\"canonical\" href=\"https:\/\/diarioellabrador.cl\/index.php\/2026\/09\/01\/la-uc-vencio-a-ohiggins-y-pasa-a-liderar-lucha-por-el-chile-2-doblete-de-zampedri-y-bernedo-figura\/\" \/>\n<meta property=\"og:locale\" content=\"es_ES\" \/>\n<meta property=\"og:type\" content=\"article\" \/>\n<meta property=\"og:title\" content=\"La UC venci\u00f3 a O\u2019Higgins y pasa a liderar lucha por el \u2019Chile 2\u2019: doblete de Zampedri y Bernedo figura - Diario El Labrador\" \/>\n<meta property=\"og:description\" content=\"Universidad Cat\u00f3lica consigui\u00f3 este lunes un triunfo clave en su lucha por el denominado cupo \u2018Chile 2\u2019 para la Copa Libertadores 2027 al dar cuenta por 3-2 a O\u2019Higgins, en cruce por la fecha 21 de la Liga de Primera. El resultado en el Claro Arena le permiti\u00f3 a los cruzados alcanzar los 36 puntos Leer m\u00e1s\" \/>\n<meta property=\"og:url\" content=\"https:\/\/diarioellabrador.cl\/index.php\/2026\/09\/01\/la-uc-vencio-a-ohiggins-y-pasa-a-liderar-lucha-por-el-chile-2-doblete-de-zampedri-y-bernedo-figura\/\" \/>\n<meta property=\"og:site_name\" content=\"Diario El Labrador\" \/>\n<meta property=\"article:publisher\" content=\"https:\/\/web.facebook.com\/profile.php?id=61576120840621\" \/>\n<meta property=\"article:published_time\" content=\"2026-09-01T22:24:41+00:00\" \/>\n<meta property=\"article:modified_time\" content=\"2026-09-01T22:24:45+00:00\" \/>\n<meta property=\"og:image\" content=\"https:\/\/diarioellabrador.cl\/wp-content\/uploads\/2026\/09\/La-UC-vencio-a-OHiggins-y-pasa-a-liderar-lucha-por-el-Chile-2-doblete-de-Zampedri-y-Bernedo-figura.jpg\" \/>\n\t<meta property=\"og:image:width\" content=\"1280\" \/>\n\t<meta property=\"og:image:height\" content=\"853\" \/>\n\t<meta property=\"og:image:type\" content=\"image\/jpeg\" \/>\n<meta name=\"author\" content=\"Editor\" \/>\n<meta name=\"twitter:card\" content=\"summary_large_image\" \/>\n<meta name=\"twitter:creator\" content=\"@ElLabradorOf\" \/>\n<meta name=\"twitter:site\" content=\"@ElLabradorOf\" \/>\n<meta name=\"twitter:label1\" content=\"Escrito por\" \/>\n\t<meta name=\"twitter:data1\" content=\"Editor\" \/>\n\t<meta name=\"twitter:label2\" content=\"Tiempo de lectura\" \/>\n\t<meta name=\"twitter:data2\" content=\"3 minutos\" \/>\n<script type=\"application\/ld+json\" class=\"yoast-schema-graph\">{\"@context\":\"https:\\\/\\\/schema.org\",\"@graph\":[{\"@type\":\"Article\",\"@id\":\"https:\\\/\\\/diarioellabrador.cl\\\/index.php\\\/2026\\\/09\\\/01\\\/la-uc-vencio-a-ohiggins-y-pasa-a-liderar-lucha-por-el-chile-2-doblete-de-zampedri-y-bernedo-figura\\\/#article\",\"isPartOf\":{\"@id\":\"https:\\\/\\\/diarioellabrador.cl\\\/index.php\\\/2026\\\/09\\\/01\\\/la-uc-vencio-a-ohiggins-y-pasa-a-liderar-lucha-por-el-chile-2-doblete-de-zampedri-y-bernedo-figura\\\/\"},\"author\":{\"name\":\"Editor\",\"@id\":\"https:\\\/\\\/diarioellabrador.cl\\\/#\\\/schema\\\/person\\\/bc25ff80b4563f9c7f4bd7855df01685\"},\"headline\":\"La UC venci\u00f3 a O\u2019Higgins y pasa a liderar lucha por el \u2019Chile 2\u2019: doblete de Zampedri y Bernedo figura\",\"datePublished\":\"2026-09-01T22:24:41+00:00\",\"dateModified\":\"2026-09-01T22:24:45+00:00\",\"mainEntityOfPage\":{\"@id\":\"https:\\\/\\\/diarioellabrador.cl\\\/index.php\\\/2026\\\/09\\\/01\\\/la-uc-vencio-a-ohiggins-y-pasa-a-liderar-lucha-por-el-chile-2-doblete-de-zampedri-y-bernedo-figura\\\/\"},\"wordCount\":610,\"commentCount\":0,\"publisher\":{\"@id\":\"https:\\\/\\\/diarioellabrador.cl\\\/#organization\"},\"image\":{\"@id\":\"https:\\\/\\\/diarioellabrador.cl\\\/index.php\\\/2026\\\/09\\\/01\\\/la-uc-vencio-a-ohiggins-y-pasa-a-liderar-lucha-por-el-chile-2-doblete-de-zampedri-y-bernedo-figura\\\/#primaryimage\"},\"thumbnailUrl\":\"https:\\\/\\\/diarioellabrador.cl\\\/wp-content\\\/uploads\\\/2026\\\/09\\\/La-UC-vencio-a-OHiggins-y-pasa-a-liderar-lucha-por-el-Chile-2-doblete-de-Zampedri-y-Bernedo-figura.jpg\",\"articleSection\":[\"Deportes\"],\"inLanguage\":\"es\",\"potentialAction\":[{\"@type\":\"CommentAction\",\"name\":\"Comment\",\"target\":[\"https:\\\/\\\/diarioellabrador.cl\\\/index.php\\\/2026\\\/09\\\/01\\\/la-uc-vencio-a-ohiggins-y-pasa-a-liderar-lucha-por-el-chile-2-doblete-de-zampedri-y-bernedo-figura\\\/#respond\"]}]},{\"@type\":\"WebPage\",\"@id\":\"https:\\\/\\\/diarioellabrador.cl\\\/index.php\\\/2026\\\/09\\\/01\\\/la-uc-vencio-a-ohiggins-y-pasa-a-liderar-lucha-por-el-chile-2-doblete-de-zampedri-y-bernedo-figura\\\/\",\"url\":\"https:\\\/\\\/diarioellabrador.cl\\\/index.php\\\/2026\\\/09\\\/01\\\/la-uc-vencio-a-ohiggins-y-pasa-a-liderar-lucha-por-el-chile-2-doblete-de-zampedri-y-bernedo-figura\\\/\",\"name\":\"La UC venci\u00f3 a O\u2019Higgins y pasa a liderar lucha por el \u2019Chile 2\u2019: doblete de Zampedri y Bernedo figura - Diario El Labrador\",\"isPartOf\":{\"@id\":\"https:\\\/\\\/diarioellabrador.cl\\\/#website\"},\"primaryImageOfPage\":{\"@id\":\"https:\\\/\\\/diarioellabrador.cl\\\/index.php\\\/2026\\\/09\\\/01\\\/la-uc-vencio-a-ohiggins-y-pasa-a-liderar-lucha-por-el-chile-2-doblete-de-zampedri-y-bernedo-figura\\\/#primaryimage\"},\"image\":{\"@id\":\"https:\\\/\\\/diarioellabrador.cl\\\/index.php\\\/2026\\\/09\\\/01\\\/la-uc-vencio-a-ohiggins-y-pasa-a-liderar-lucha-por-el-chile-2-doblete-de-zampedri-y-bernedo-figura\\\/#primaryimage\"},\"thumbnailUrl\":\"https:\\\/\\\/diarioellabrador.cl\\\/wp-content\\\/uploads\\\/2026\\\/09\\\/La-UC-vencio-a-OHiggins-y-pasa-a-liderar-lucha-por-el-Chile-2-doblete-de-Zampedri-y-Bernedo-figura.jpg\",\"datePublished\":\"2026-09-01T22:24:41+00:00\",\"dateModified\":\"2026-09-01T22:24:45+00:00\",\"breadcrumb\":{\"@id\":\"https:\\\/\\\/diarioellabrador.cl\\\/index.php\\\/2026\\\/09\\\/01\\\/la-uc-vencio-a-ohiggins-y-pasa-a-liderar-lucha-por-el-chile-2-doblete-de-zampedri-y-bernedo-figura\\\/#breadcrumb\"},\"inLanguage\":\"es\",\"potentialAction\":[{\"@type\":\"ReadAction\",\"target\":[\"https:\\\/\\\/diarioellabrador.cl\\\/index.php\\\/2026\\\/09\\\/01\\\/la-uc-vencio-a-ohiggins-y-pasa-a-liderar-lucha-por-el-chile-2-doblete-de-zampedri-y-bernedo-figura\\\/\"]}]},{\"@type\":\"ImageObject\",\"inLanguage\":\"es\",\"@id\":\"https:\\\/\\\/diarioellabrador.cl\\\/index.php\\\/2026\\\/09\\\/01\\\/la-uc-vencio-a-ohiggins-y-pasa-a-liderar-lucha-por-el-chile-2-doblete-de-zampedri-y-bernedo-figura\\\/#primaryimage\",\"url\":\"https:\\\/\\\/diarioellabrador.cl\\\/wp-content\\\/uploads\\\/2026\\\/09\\\/La-UC-vencio-a-OHiggins-y-pasa-a-liderar-lucha-por-el-Chile-2-doblete-de-Zampedri-y-Bernedo-figura.jpg\",\"contentUrl\":\"https:\\\/\\\/diarioellabrador.cl\\\/wp-content\\\/uploads\\\/2026\\\/09\\\/La-UC-vencio-a-OHiggins-y-pasa-a-liderar-lucha-por-el-Chile-2-doblete-de-Zampedri-y-Bernedo-figura.jpg\",\"width\":1280,\"height\":853},{\"@type\":\"BreadcrumbList\",\"@id\":\"https:\\\/\\\/diarioellabrador.cl\\\/index.php\\\/2026\\\/09\\\/01\\\/la-uc-vencio-a-ohiggins-y-pasa-a-liderar-lucha-por-el-chile-2-doblete-de-zampedri-y-bernedo-figura\\\/#breadcrumb\",\"itemListElement\":[{\"@type\":\"ListItem\",\"position\":1,\"name\":\"Portada\",\"item\":\"https:\\\/\\\/diarioellabrador.cl\\\/\"},{\"@type\":\"ListItem\",\"position\":2,\"name\":\"La UC venci\u00f3 a O\u2019Higgins y pasa a liderar lucha por el \u2019Chile 2\u2019: doblete de Zampedri y Bernedo figura\"}]},{\"@type\":\"WebSite\",\"@id\":\"https:\\\/\\\/diarioellabrador.cl\\\/#website\",\"url\":\"https:\\\/\\\/diarioellabrador.cl\\\/\",\"name\":\"Diario El Labrador\",\"description\":\"Haciendo noticia desde 1921\",\"publisher\":{\"@id\":\"https:\\\/\\\/diarioellabrador.cl\\\/#organization\"},\"potentialAction\":[{\"@type\":\"SearchAction\",\"target\":{\"@type\":\"EntryPoint\",\"urlTemplate\":\"https:\\\/\\\/diarioellabrador.cl\\\/?s={search_term_string}\"},\"query-input\":{\"@type\":\"PropertyValueSpecification\",\"valueRequired\":true,\"valueName\":\"search_term_string\"}}],\"inLanguage\":\"es\"},{\"@type\":\"Organization\",\"@id\":\"https:\\\/\\\/diarioellabrador.cl\\\/#organization\",\"name\":\"Diario El Labrador\",\"url\":\"https:\\\/\\\/diarioellabrador.cl\\\/\",\"logo\":{\"@type\":\"ImageObject\",\"inLanguage\":\"es\",\"@id\":\"https:\\\/\\\/diarioellabrador.cl\\\/#\\\/schema\\\/logo\\\/image\\\/\",\"url\":\"https:\\\/\\\/diarioellabrador.cl\\\/wp-content\\\/uploads\\\/2025\\\/02\\\/cropped-Logo-Icono.png\",\"contentUrl\":\"https:\\\/\\\/diarioellabrador.cl\\\/wp-content\\\/uploads\\\/2025\\\/02\\\/cropped-Logo-Icono.png\",\"width\":512,\"height\":512,\"caption\":\"Diario El Labrador\"},\"image\":{\"@id\":\"https:\\\/\\\/diarioellabrador.cl\\\/#\\\/schema\\\/logo\\\/image\\\/\"},\"sameAs\":[\"https:\\\/\\\/web.facebook.com\\\/profile.php?id=61576120840621\",\"https:\\\/\\\/x.com\\\/ElLabradorOf\",\"https:\\\/\\\/www.instagram.com\\\/diarioellabradoroficial\\\/\"]},{\"@type\":\"Person\",\"@id\":\"https:\\\/\\\/diarioellabrador.cl\\\/#\\\/schema\\\/person\\\/bc25ff80b4563f9c7f4bd7855df01685\",\"name\":\"Editor\",\"image\":{\"@type\":\"ImageObject\",\"inLanguage\":\"es\",\"@id\":\"https:\\\/\\\/secure.gravatar.com\\\/avatar\\\/109c326cf2be5c04f048c2c2a2b8b6ef44bf3d8d1d3d4c55d0ac40c4bc994684?s=96&d=initials&r=g&initials=ed\",\"url\":\"https:\\\/\\\/secure.gravatar.com\\\/avatar\\\/109c326cf2be5c04f048c2c2a2b8b6ef44bf3d8d1d3d4c55d0ac40c4bc994684?s=96&d=initials&r=g&initials=ed\",\"contentUrl\":\"https:\\\/\\\/secure.gravatar.com\\\/avatar\\\/109c326cf2be5c04f048c2c2a2b8b6ef44bf3d8d1d3d4c55d0ac40c4bc994684?s=96&d=initials&r=g&initials=ed\",\"caption\":\"Editor\"},\"url\":\"https:\\\/\\\/diarioellabrador.cl\\\/index.php\\\/author\\\/editor\\\/\"}]}<\/script>\n<!-- \/ Yoast SEO plugin. -->","yoast_head_json":{"title":"La UC venci\u00f3 a O\u2019Higgins y pasa a liderar lucha por el \u2019Chile 2\u2019: doblete de Zampedri y Bernedo figura - Diario El Labrador","robots":{"index":"index","follow":"follow","max-snippet":"max-snippet:-1","max-image-preview":"max-image-preview:large","max-video-preview":"max-video-preview:-1"},"canonical":"https:\/\/diarioellabrador.cl\/index.php\/2026\/09\/01\/la-uc-vencio-a-ohiggins-y-pasa-a-liderar-lucha-por-el-chile-2-doblete-de-zampedri-y-bernedo-figura\/","og_locale":"es_ES","og_type":"article","og_title":"La UC venci\u00f3 a O\u2019Higgins y pasa a liderar lucha por el \u2019Chile 2\u2019: doblete de Zampedri y Bernedo figura - Diario El Labrador","og_description":"Universidad Cat\u00f3lica consigui\u00f3 este lunes un triunfo clave en su lucha por el denominado cupo \u2018Chile 2\u2019 para la Copa Libertadores 2027 al dar cuenta por 3-2 a O\u2019Higgins, en cruce por la fecha 21 de la Liga de Primera. El resultado en el Claro Arena le permiti\u00f3 a los cruzados alcanzar los 36 puntos Leer m\u00e1s","og_url":"https:\/\/diarioellabrador.cl\/index.php\/2026\/09\/01\/la-uc-vencio-a-ohiggins-y-pasa-a-liderar-lucha-por-el-chile-2-doblete-de-zampedri-y-bernedo-figura\/","og_site_name":"Diario El Labrador","article_publisher":"https:\/\/web.facebook.com\/profile.php?id=61576120840621","article_published_time":"2026-09-01T22:24:41+00:00","article_modified_time":"2026-09-01T22:24:45+00:00","og_image":[{"width":1280,"height":853,"url":"https:\/\/diarioellabrador.cl\/wp-content\/uploads\/2026\/09\/La-UC-vencio-a-OHiggins-y-pasa-a-liderar-lucha-por-el-Chile-2-doblete-de-Zampedri-y-Bernedo-figura.jpg","type":"image\/jpeg"}],"author":"Editor","twitter_card":"summary_large_image","twitter_creator":"@ElLabradorOf","twitter_site":"@ElLabradorOf","twitter_misc":{"Escrito por":"Editor","Tiempo de lectura":"3 minutos"},"schema":{"@context":"https:\/\/schema.org","@graph":[{"@type":"Article","@id":"https:\/\/diarioellabrador.cl\/index.php\/2026\/09\/01\/la-uc-vencio-a-ohiggins-y-pasa-a-liderar-lucha-por-el-chile-2-doblete-de-zampedri-y-bernedo-figura\/#article","isPartOf":{"@id":"https:\/\/diarioellabrador.cl\/index.php\/2026\/09\/01\/la-uc-vencio-a-ohiggins-y-pasa-a-liderar-lucha-por-el-chile-2-doblete-de-zampedri-y-bernedo-figura\/"},"author":{"name":"Editor","@id":"https:\/\/diarioellabrador.cl\/#\/schema\/person\/bc25ff80b4563f9c7f4bd7855df01685"},"headline":"La UC venci\u00f3 a O\u2019Higgins y pasa a liderar lucha por el \u2019Chile 2\u2019: doblete de Zampedri y Bernedo figura","datePublished":"2026-09-01T22:24:41+00:00","dateModified":"2026-09-01T22:24:45+00:00","mainEntityOfPage":{"@id":"https:\/\/diarioellabrador.cl\/index.php\/2026\/09\/01\/la-uc-vencio-a-ohiggins-y-pasa-a-liderar-lucha-por-el-chile-2-doblete-de-zampedri-y-bernedo-figura\/"},"wordCount":610,"commentCount":0,"publisher":{"@id":"https:\/\/diarioellabrador.cl\/#organization"},"image":{"@id":"https:\/\/diarioellabrador.cl\/index.php\/2026\/09\/01\/la-uc-vencio-a-ohiggins-y-pasa-a-liderar-lucha-por-el-chile-2-doblete-de-zampedri-y-bernedo-figura\/#primaryimage"},"thumbnailUrl":"https:\/\/diarioellabrador.cl\/wp-content\/uploads\/2026\/09\/La-UC-vencio-a-OHiggins-y-pasa-a-liderar-lucha-por-el-Chile-2-doblete-de-Zampedri-y-Bernedo-figura.jpg","articleSection":["Deportes"],"inLanguage":"es","potentialAction":[{"@type":"CommentAction","name":"Comment","target":["https:\/\/diarioellabrador.cl\/index.php\/2026\/09\/01\/la-uc-vencio-a-ohiggins-y-pasa-a-liderar-lucha-por-el-chile-2-doblete-de-zampedri-y-bernedo-figura\/#respond"]}]},{"@type":"WebPage","@id":"https:\/\/diarioellabrador.cl\/index.php\/2026\/09\/01\/la-uc-vencio-a-ohiggins-y-pasa-a-liderar-lucha-por-el-chile-2-doblete-de-zampedri-y-bernedo-figura\/","url":"https:\/\/diarioellabrador.cl\/index.php\/2026\/09\/01\/la-uc-vencio-a-ohiggins-y-pasa-a-liderar-lucha-por-el-chile-2-doblete-de-zampedri-y-bernedo-figura\/","name":"La UC venci\u00f3 a O\u2019Higgins y pasa a liderar lucha por el \u2019Chile 2\u2019: doblete de Zampedri y Bernedo figura - Diario El Labrador","isPartOf":{"@id":"https:\/\/diarioellabrador.cl\/#website"},"primaryImageOfPage":{"@id":"https:\/\/diarioellabrador.cl\/index.php\/2026\/09\/01\/la-uc-vencio-a-ohiggins-y-pasa-a-liderar-lucha-por-el-chile-2-doblete-de-zampedri-y-bernedo-figura\/#primaryimage"},"image":{"@id":"https:\/\/diarioellabrador.cl\/index.php\/2026\/09\/01\/la-uc-vencio-a-ohiggins-y-pasa-a-liderar-lucha-por-el-chile-2-doblete-de-zampedri-y-bernedo-figura\/#primaryimage"},"thumbnailUrl":"https:\/\/diarioellabrador.cl\/wp-content\/uploads\/2026\/09\/La-UC-vencio-a-OHiggins-y-pasa-a-liderar-lucha-por-el-Chile-2-doblete-de-Zampedri-y-Bernedo-figura.jpg","datePublished":"2026-09-01T22:24:41+00:00","dateModified":"2026-09-01T22:24:45+00:00","breadcrumb":{"@id":"https:\/\/diarioellabrador.cl\/index.php\/2026\/09\/01\/la-uc-vencio-a-ohiggins-y-pasa-a-liderar-lucha-por-el-chile-2-doblete-de-zampedri-y-bernedo-figura\/#breadcrumb"},"inLanguage":"es","potentialAction":[{"@type":"ReadAction","target":["https:\/\/diarioellabrador.cl\/index.php\/2026\/09\/01\/la-uc-vencio-a-ohiggins-y-pasa-a-liderar-lucha-por-el-chile-2-doblete-de-zampedri-y-bernedo-figura\/"]}]},{"@type":"ImageObject","inLanguage":"es","@id":"https:\/\/diarioellabrador.cl\/index.php\/2026\/09\/01\/la-uc-vencio-a-ohiggins-y-pasa-a-liderar-lucha-por-el-chile-2-doblete-de-zampedri-y-bernedo-figura\/#primaryimage","url":"https:\/\/diarioellabrador.cl\/wp-content\/uploads\/2026\/09\/La-UC-vencio-a-OHiggins-y-pasa-a-liderar-lucha-por-el-Chile-2-doblete-de-Zampedri-y-Bernedo-figura.jpg","contentUrl":"https:\/\/diarioellabrador.cl\/wp-content\/uploads\/2026\/09\/La-UC-vencio-a-OHiggins-y-pasa-a-liderar-lucha-por-el-Chile-2-doblete-de-Zampedri-y-Bernedo-figura.jpg","width":1280,"height":853},{"@type":"BreadcrumbList","@id":"https:\/\/diarioellabrador.cl\/index.php\/2026\/09\/01\/la-uc-vencio-a-ohiggins-y-pasa-a-liderar-lucha-por-el-chile-2-doblete-de-zampedri-y-bernedo-figura\/#breadcrumb","itemListElement":[{"@type":"ListItem","position":1,"name":"Portada","item":"https:\/\/diarioellabrador.cl\/"},{"@type":"ListItem","position":2,"name":"La UC venci\u00f3 a O\u2019Higgins y pasa a liderar lucha por el \u2019Chile 2\u2019: doblete de Zampedri y Bernedo figura"}]},{"@type":"WebSite","@id":"https:\/\/diarioellabrador.cl\/#website","url":"https:\/\/diarioellabrador.cl\/","name":"Diario El Labrador","description":"Haciendo noticia desde 1921","publisher":{"@id":"https:\/\/diarioellabrador.cl\/#organization"},"potentialAction":[{"@type":"SearchAction","target":{"@type":"EntryPoint","urlTemplate":"https:\/\/diarioellabrador.cl\/?s={search_term_string}"},"query-input":{"@type":"PropertyValueSpecification","valueRequired":true,"valueName":"search_term_string"}}],"inLanguage":"es"},{"@type":"Organization","@id":"https:\/\/diarioellabrador.cl\/#organization","name":"Diario El Labrador","url":"https:\/\/diarioellabrador.cl\/","logo":{"@type":"ImageObject","inLanguage":"es","@id":"https:\/\/diarioellabrador.cl\/#\/schema\/logo\/image\/","url":"https:\/\/diarioellabrador.cl\/wp-content\/uploads\/2025\/02\/cropped-Logo-Icono.png","contentUrl":"https:\/\/diarioellabrador.cl\/wp-content\/uploads\/2025\/02\/cropped-Logo-Icono.png","width":512,"height":512,"caption":"Diario El Labrador"},"image":{"@id":"https:\/\/diarioellabrador.cl\/#\/schema\/logo\/image\/"},"sameAs":["https:\/\/web.facebook.com\/profile.php?id=61576120840621","https:\/\/x.com\/ElLabradorOf","https:\/\/www.instagram.com\/diarioellabradoroficial\/"]},{"@type":"Person","@id":"https:\/\/diarioellabrador.cl\/#\/schema\/person\/bc25ff80b4563f9c7f4bd7855df01685","name":"Editor","image":{"@type":"ImageObject","inLanguage":"es","@id":"https:\/\/secure.gravatar.com\/avatar\/109c326cf2be5c04f048c2c2a2b8b6ef44bf3d8d1d3d4c55d0ac40c4bc994684?s=96&d=initials&r=g&initials=ed","url":"https:\/\/secure.gravatar.com\/avatar\/109c326cf2be5c04f048c2c2a2b8b6ef44bf3d8d1d3d4c55d0ac40c4bc994684?s=96&d=initials&r=g&initials=ed","contentUrl":"https:\/\/secure.gravatar.com\/avatar\/109c326cf2be5c04f048c2c2a2b8b6ef44bf3d8d1d3d4c55d0ac40c4bc994684?s=96&d=initials&r=g&initials=ed","caption":"Editor"},"url":"https:\/\/diarioellabrador.cl\/index.php\/author\/editor\/"}]}},"_links":{"self":[{"href":"https:\/\/diarioellabrador.cl\/index.php\/wp-json\/wp\/v2\/posts\/24372","targetHints":{"allow":["GET"]}}],"collection":[{"href":"https:\/\/diarioellabrador.cl\/index.php\/wp-json\/wp\/v2\/posts"}],"about":[{"href":"https:\/\/diarioellabrador.cl\/index.php\/wp-json\/wp\/v2\/types\/post"}],"author":[{"embeddable":true,"href":"https:\/\/diarioellabrador.cl\/index.php\/wp-json\/wp\/v2\/users\/2"}],"replies":[{"embeddable":true,"href":"https:\/\/diarioellabrador.cl\/index.php\/wp-json\/wp\/v2\/comments?post=24372"}],"version-history":[{"count":1,"href":"https:\/\/diarioellabrador.cl\/index.php\/wp-json\/wp\/v2\/posts\/24372\/revisions"}],"predecessor-version":[{"id":24373,"href":"https:\/\/diarioellabrador.cl\/index.php\/wp-json\/wp\/v2\/posts\/24372\/revisions\/24373"}],"wp:featuredmedia":[{"embeddable":true,"href":"https:\/\/diarioellabrador.cl\/index.php\/wp-json\/wp\/v2\/media\/24365"}],"wp:attachment":[{"href":"https:\/\/diarioellabrador.cl\/index.php\/wp-json\/wp\/v2\/media?parent=24372"}],"wp:term":[{"taxonomy":"category","embeddable":true,"href":"https:\/\/diarioellabrador.cl\/index.php\/wp-json\/wp\/v2\/categories?post=24372"},{"taxonomy":"post_tag","embeddable":true,"href":"https:\/\/diarioellabrador.cl\/index.php\/wp-json\/wp\/v2\/tags?post=24372"}],"curies":[{"name":"wp","href":"https:\/\/api.w.org\/{rel}","templated":true}]}}