{"id":24370,"date":"2026-09-01T18:23:55","date_gmt":"2026-09-01T22:23:55","guid":{"rendered":"https:\/\/diarioellabrador.cl\/?p=24370"},"modified":"2026-09-01T18:23:58","modified_gmt":"2026-09-01T22:23:58","slug":"criadero-el-rocio-desarrolla-lindo-proyecto-de-equinoterapia-en-ancud","status":"publish","type":"post","link":"https:\/\/diarioellabrador.cl\/index.php\/2026\/09\/01\/criadero-el-rocio-desarrolla-lindo-proyecto-de-equinoterapia-en-ancud\/","title":{"rendered":"Criadero El Roc\u00edo desarrolla lindo proyecto de equinoterapia en Ancud"},"content":{"rendered":"\n<p class=\"wp-block-paragraph\"><strong>Autor:<\/strong> <a href=\"https:\/\/www.caballoyrodeo.cl\/portal_rodeo\/site\/artic\/20240205\/pags\/20240205103254.html\">Hector Parraguirre<\/a><\/p>\n\n\n\n<p class=\"wp-block-paragraph\">La equinoterapia es otra de las muchas funcionalidades que se le puede dar al Caballo Chileno y en el sector de <strong>Lechagua<\/strong>, en la comuna de <strong>Ancud<\/strong>, <strong>Ignacio Z\u00fa\u00f1iga Gonz\u00e1lez<\/strong>, socio de la <strong>Asociaci\u00f3n de Criadores Ancud Chilo\u00e9<\/strong>, hace unos cinco a\u00f1os desarrolla un proyecto en el <a href=\"https:\/\/www.instagram.com\/criadero_el_rocio_\/\"><strong>Criadero El Roc\u00edo<\/strong><\/a>, de su familia.<\/p>\n\n\n\n<p class=\"wp-block-paragraph\">Z\u00fa\u00f1iga cont\u00f3 que el \u00abCriadero El Roc\u00edo fue fundado en 1978 en Ancud, sector de Lechagua, por mi abuelo <strong>Cesar Z\u00fa\u00f1iga Mella<\/strong>. Actualmente tambi\u00e9n es un Centro Ecuestre y nos dedicamos a entregar el servicio de equinoterapia en temporadas. Yo soy terapeuta ocupacional y criador, y \u00e9ste es un proyecto familiar donde junto a mi padre <strong>Cesar Z\u00fa\u00f1iga<\/strong> y mi madre <strong>Marianela Gonz\u00e1lez<\/strong>, propietarios del criadero, se trabaja en beneficio de la equinoterapia, la crianza y el rodeo, participando en la Asociaci\u00f3n de Criadores Ancud-Chilo\u00e9 y en distintas actividades vinculadas al Caballo Chileno\u00bb.<\/p>\n\n\n\n<p class=\"wp-block-paragraph\">\u00abEl equipo est\u00e1 conformado por <strong>Valentina D\u00edaz Schnake,<\/strong> terapeuta ocupacional; <strong>Odett Moreno<\/strong>, kinesi\u00f3loga; <strong>Tom\u00e1s Rondan<\/strong>, gu\u00eda de paso; y nuestra asistente y coraz\u00f3n de todo esto: <strong>Francisca Z\u00fa\u00f1iga Gonz\u00e1lez<\/strong> qui\u00e9n tiene S\u00edndrome de Down, es fan\u00e1tica de las cuecas, los caballos y reina de los rodeos en Chilo\u00e9\u00bb, agreg\u00f3.<\/p>\n\n\n\n<p class=\"wp-block-paragraph\">El criador coment\u00f3, adem\u00e1s, que \u00abtrabajamos con distintas agrupaciones de la comuna entregando equinoterapia. Y nuestro foco es la rehabilitaci\u00f3n, el trabajo sensorial que se realiza y poder entregar las virtudes que tiene el caballo chileno. Hacia all\u00e1 apunta el proyecto, a la funcionalidad del caballo chileno, sobre todo en un contexto un poco desconocido que es la equinoterapia. Tenemos la dicha de estar ubicados frente a frente a la playa Lechagua, entonces ese es otro punto importante del proyecto, porque podemos hacer sesiones en la arena, en una playa s\u00faper familiar\u00bb.<\/p>\n\n\n\n<h3 class=\"wp-block-heading\"><strong>El sue\u00f1o de estar en los 80 a\u00f1os de la Federaci\u00f3n de Criadores<\/strong><\/h3>\n\n\n\n<p class=\"wp-block-paragraph\"><strong>La Asociaci\u00f3n de Criadores de Caballos Raza Chilena Ancud Chilo\u00e9,<\/strong> presidida por <strong>Daniel Mar\u00edn<\/strong>, est\u00e1 haciendo gestiones para presentar en <strong>Cabrero,<\/strong> en enero de 2027, la equinoterapia desarrollada por Ignacio Z\u00fa\u00f1iga, como parte de las actividades de <strong>celebraci\u00f3n de los 80 a\u00f1os de la Federaci\u00f3n de Criadores.<\/strong><\/p>\n\n\n\n<p class=\"wp-block-paragraph\">&nbsp;\u00abEstamos entusiasmados con que se logre que Ignacio vaya a mostrar su trabajo cuando se celebren los 80 a\u00f1os de la Federaci\u00f3n. Como la intenci\u00f3n es mostrar varias disciplinas en las que se puede desempe\u00f1ar nuestro caballo, queremos llevar tambi\u00e9n la equinoterapia, pues el caballo chileno especial para esto por la mansedumbre, por el tama\u00f1o y otros aspectos\u00bb, se\u00f1al\u00f3 Mar\u00edn.<\/p>\n\n\n\n<p class=\"wp-block-paragraph\">\u00abNosotros ac\u00e1 en nuestra asociaci\u00f3n tenemos a Ignacio que realiza este trabajo, es especialista en el tema y es un criador de nuestra asociaci\u00f3n\u00bb, agreg\u00f3.<\/p>\n\n\n\n<p class=\"wp-block-paragraph\">Sobre esta posibilidad, Ignacio Z\u00fa\u00f1iga manifest\u00f3: \u00abPara nosotros ser\u00eda un orgullo gigante poder llegar a Cabrero a mostrar nuestro trabajo. Como dije, ya son varios a\u00f1os que venimos trabajando en equinoterapia, la comuna nos conoce y hablar de la funcionalidad del caballo chileno en un contexto como la equinoterapia es algo muy relevante, porque el caballo chileno tiene virtudes y caracter\u00edsticas conocidas por el mundo de los criadores, como la mansedumbre, el car\u00e1cter, la fortaleza dorsal y varias otras\u00bb.<\/p>\n\n\n\n<p class=\"wp-block-paragraph\">\u00abEsas caracter\u00edsticas nos entregan sesiones s\u00faper seguras, donde los usuarios logran generar el v\u00ednculo con el caballo, que se entrega totalmente al espacio terap\u00e9utico. Eso nos ha permitido hacernos un nombre aqu\u00ed en la comuna y entregar este beneficio a varias agrupaciones, tanto dentro como fuera de Ancud\u00bb, cerr\u00f3.<\/p>\n\n\n\n<p class=\"wp-block-paragraph\"><\/p>\n","protected":false},"excerpt":{"rendered":"<p>Autor: Hector Parraguirre La equinoterapia es otra de las muchas funcionalidades que se le puede dar al Caballo Chileno y en el sector de Lechagua, en la comuna de Ancud, Ignacio Z\u00fa\u00f1iga Gonz\u00e1lez, socio de la Asociaci\u00f3n de Criadores Ancud Chilo\u00e9, hace unos cinco a\u00f1os desarrolla un proyecto en el Criadero El Roc\u00edo, de su<\/p>\n<div class=\"read-more-wrapper\"><a class=\"read-more\" href=\"https:\/\/diarioellabrador.cl\/index.php\/2026\/09\/01\/criadero-el-rocio-desarrolla-lindo-proyecto-de-equinoterapia-en-ancud\/\" title=\"Leer m\u00e1s\"> <span class=\"button \">Leer m\u00e1s<\/span><\/a><\/div>\n","protected":false},"author":2,"featured_media":24361,"comment_status":"open","ping_status":"open","sticky":false,"template":"","format":"standard","meta":{"footnotes":"","_members_access_role":[],"_members_access_error":""},"categories":[5],"tags":[],"class_list":["post-24370","post","type-post","status-publish","format-standard","has-post-thumbnail","hentry","category-rodeo"],"yoast_head":"<!-- This site is optimized with the Yoast SEO plugin v28.4 - https:\/\/yoast.com\/product\/yoast-seo-wordpress\/ -->\n<title>Criadero El Roc\u00edo desarrolla lindo proyecto de equinoterapia en Ancud - Diario El Labrador<\/title>\n<meta name=\"robots\" content=\"index, follow, max-snippet:-1, max-image-preview:large, max-video-preview:-1\" \/>\n<link rel=\"canonical\" href=\"https:\/\/diarioellabrador.cl\/index.php\/2026\/09\/01\/criadero-el-rocio-desarrolla-lindo-proyecto-de-equinoterapia-en-ancud\/\" \/>\n<meta property=\"og:locale\" content=\"es_ES\" \/>\n<meta property=\"og:type\" content=\"article\" \/>\n<meta property=\"og:title\" content=\"Criadero El Roc\u00edo desarrolla lindo proyecto de equinoterapia en Ancud - Diario El Labrador\" \/>\n<meta property=\"og:description\" content=\"Autor: Hector Parraguirre La equinoterapia es otra de las muchas funcionalidades que se le puede dar al Caballo Chileno y en el sector de Lechagua, en la comuna de Ancud, Ignacio Z\u00fa\u00f1iga Gonz\u00e1lez, socio de la Asociaci\u00f3n de Criadores Ancud Chilo\u00e9, hace unos cinco a\u00f1os desarrolla un proyecto en el Criadero El Roc\u00edo, de su Leer m\u00e1s\" \/>\n<meta property=\"og:url\" content=\"https:\/\/diarioellabrador.cl\/index.php\/2026\/09\/01\/criadero-el-rocio-desarrolla-lindo-proyecto-de-equinoterapia-en-ancud\/\" \/>\n<meta property=\"og:site_name\" content=\"Diario El Labrador\" \/>\n<meta property=\"article:publisher\" content=\"https:\/\/web.facebook.com\/profile.php?id=61576120840621\" \/>\n<meta property=\"article:published_time\" content=\"2026-09-01T22:23:55+00:00\" \/>\n<meta property=\"article:modified_time\" content=\"2026-09-01T22:23:58+00:00\" \/>\n<meta property=\"og:image\" content=\"https:\/\/diarioellabrador.cl\/wp-content\/uploads\/2026\/09\/Criadero-El-Rocio-desarrolla-lindo-proyecto-de-equinoterapia-en-Ancud.jpg\" \/>\n\t<meta property=\"og:image:width\" content=\"750\" \/>\n\t<meta property=\"og:image:height\" content=\"389\" \/>\n\t<meta property=\"og:image:type\" content=\"image\/jpeg\" \/>\n<meta name=\"author\" content=\"Editor\" \/>\n<meta name=\"twitter:card\" content=\"summary_large_image\" \/>\n<meta name=\"twitter:creator\" content=\"@ElLabradorOf\" \/>\n<meta name=\"twitter:site\" content=\"@ElLabradorOf\" \/>\n<meta name=\"twitter:label1\" content=\"Escrito por\" \/>\n\t<meta name=\"twitter:data1\" content=\"Editor\" \/>\n\t<meta name=\"twitter:label2\" content=\"Tiempo de lectura\" \/>\n\t<meta name=\"twitter:data2\" content=\"3 minutos\" \/>\n<script type=\"application\/ld+json\" class=\"yoast-schema-graph\">{\"@context\":\"https:\\\/\\\/schema.org\",\"@graph\":[{\"@type\":\"Article\",\"@id\":\"https:\\\/\\\/diarioellabrador.cl\\\/index.php\\\/2026\\\/09\\\/01\\\/criadero-el-rocio-desarrolla-lindo-proyecto-de-equinoterapia-en-ancud\\\/#article\",\"isPartOf\":{\"@id\":\"https:\\\/\\\/diarioellabrador.cl\\\/index.php\\\/2026\\\/09\\\/01\\\/criadero-el-rocio-desarrolla-lindo-proyecto-de-equinoterapia-en-ancud\\\/\"},\"author\":{\"name\":\"Editor\",\"@id\":\"https:\\\/\\\/diarioellabrador.cl\\\/#\\\/schema\\\/person\\\/bc25ff80b4563f9c7f4bd7855df01685\"},\"headline\":\"Criadero El Roc\u00edo desarrolla lindo proyecto de equinoterapia en Ancud\",\"datePublished\":\"2026-09-01T22:23:55+00:00\",\"dateModified\":\"2026-09-01T22:23:58+00:00\",\"mainEntityOfPage\":{\"@id\":\"https:\\\/\\\/diarioellabrador.cl\\\/index.php\\\/2026\\\/09\\\/01\\\/criadero-el-rocio-desarrolla-lindo-proyecto-de-equinoterapia-en-ancud\\\/\"},\"wordCount\":623,\"commentCount\":0,\"publisher\":{\"@id\":\"https:\\\/\\\/diarioellabrador.cl\\\/#organization\"},\"image\":{\"@id\":\"https:\\\/\\\/diarioellabrador.cl\\\/index.php\\\/2026\\\/09\\\/01\\\/criadero-el-rocio-desarrolla-lindo-proyecto-de-equinoterapia-en-ancud\\\/#primaryimage\"},\"thumbnailUrl\":\"https:\\\/\\\/diarioellabrador.cl\\\/wp-content\\\/uploads\\\/2026\\\/09\\\/Criadero-El-Rocio-desarrolla-lindo-proyecto-de-equinoterapia-en-Ancud.jpg\",\"articleSection\":[\"Rodeo\"],\"inLanguage\":\"es\",\"potentialAction\":[{\"@type\":\"CommentAction\",\"name\":\"Comment\",\"target\":[\"https:\\\/\\\/diarioellabrador.cl\\\/index.php\\\/2026\\\/09\\\/01\\\/criadero-el-rocio-desarrolla-lindo-proyecto-de-equinoterapia-en-ancud\\\/#respond\"]}]},{\"@type\":\"WebPage\",\"@id\":\"https:\\\/\\\/diarioellabrador.cl\\\/index.php\\\/2026\\\/09\\\/01\\\/criadero-el-rocio-desarrolla-lindo-proyecto-de-equinoterapia-en-ancud\\\/\",\"url\":\"https:\\\/\\\/diarioellabrador.cl\\\/index.php\\\/2026\\\/09\\\/01\\\/criadero-el-rocio-desarrolla-lindo-proyecto-de-equinoterapia-en-ancud\\\/\",\"name\":\"Criadero El Roc\u00edo desarrolla lindo proyecto de equinoterapia en Ancud - Diario El Labrador\",\"isPartOf\":{\"@id\":\"https:\\\/\\\/diarioellabrador.cl\\\/#website\"},\"primaryImageOfPage\":{\"@id\":\"https:\\\/\\\/diarioellabrador.cl\\\/index.php\\\/2026\\\/09\\\/01\\\/criadero-el-rocio-desarrolla-lindo-proyecto-de-equinoterapia-en-ancud\\\/#primaryimage\"},\"image\":{\"@id\":\"https:\\\/\\\/diarioellabrador.cl\\\/index.php\\\/2026\\\/09\\\/01\\\/criadero-el-rocio-desarrolla-lindo-proyecto-de-equinoterapia-en-ancud\\\/#primaryimage\"},\"thumbnailUrl\":\"https:\\\/\\\/diarioellabrador.cl\\\/wp-content\\\/uploads\\\/2026\\\/09\\\/Criadero-El-Rocio-desarrolla-lindo-proyecto-de-equinoterapia-en-Ancud.jpg\",\"datePublished\":\"2026-09-01T22:23:55+00:00\",\"dateModified\":\"2026-09-01T22:23:58+00:00\",\"breadcrumb\":{\"@id\":\"https:\\\/\\\/diarioellabrador.cl\\\/index.php\\\/2026\\\/09\\\/01\\\/criadero-el-rocio-desarrolla-lindo-proyecto-de-equinoterapia-en-ancud\\\/#breadcrumb\"},\"inLanguage\":\"es\",\"potentialAction\":[{\"@type\":\"ReadAction\",\"target\":[\"https:\\\/\\\/diarioellabrador.cl\\\/index.php\\\/2026\\\/09\\\/01\\\/criadero-el-rocio-desarrolla-lindo-proyecto-de-equinoterapia-en-ancud\\\/\"]}]},{\"@type\":\"ImageObject\",\"inLanguage\":\"es\",\"@id\":\"https:\\\/\\\/diarioellabrador.cl\\\/index.php\\\/2026\\\/09\\\/01\\\/criadero-el-rocio-desarrolla-lindo-proyecto-de-equinoterapia-en-ancud\\\/#primaryimage\",\"url\":\"https:\\\/\\\/diarioellabrador.cl\\\/wp-content\\\/uploads\\\/2026\\\/09\\\/Criadero-El-Rocio-desarrolla-lindo-proyecto-de-equinoterapia-en-Ancud.jpg\",\"contentUrl\":\"https:\\\/\\\/diarioellabrador.cl\\\/wp-content\\\/uploads\\\/2026\\\/09\\\/Criadero-El-Rocio-desarrolla-lindo-proyecto-de-equinoterapia-en-Ancud.jpg\",\"width\":750,\"height\":389},{\"@type\":\"BreadcrumbList\",\"@id\":\"https:\\\/\\\/diarioellabrador.cl\\\/index.php\\\/2026\\\/09\\\/01\\\/criadero-el-rocio-desarrolla-lindo-proyecto-de-equinoterapia-en-ancud\\\/#breadcrumb\",\"itemListElement\":[{\"@type\":\"ListItem\",\"position\":1,\"name\":\"Portada\",\"item\":\"https:\\\/\\\/diarioellabrador.cl\\\/\"},{\"@type\":\"ListItem\",\"position\":2,\"name\":\"Criadero El Roc\u00edo desarrolla lindo proyecto de equinoterapia en Ancud\"}]},{\"@type\":\"WebSite\",\"@id\":\"https:\\\/\\\/diarioellabrador.cl\\\/#website\",\"url\":\"https:\\\/\\\/diarioellabrador.cl\\\/\",\"name\":\"Diario El Labrador\",\"description\":\"Haciendo noticia desde 1921\",\"publisher\":{\"@id\":\"https:\\\/\\\/diarioellabrador.cl\\\/#organization\"},\"potentialAction\":[{\"@type\":\"SearchAction\",\"target\":{\"@type\":\"EntryPoint\",\"urlTemplate\":\"https:\\\/\\\/diarioellabrador.cl\\\/?s={search_term_string}\"},\"query-input\":{\"@type\":\"PropertyValueSpecification\",\"valueRequired\":true,\"valueName\":\"search_term_string\"}}],\"inLanguage\":\"es\"},{\"@type\":\"Organization\",\"@id\":\"https:\\\/\\\/diarioellabrador.cl\\\/#organization\",\"name\":\"Diario El Labrador\",\"url\":\"https:\\\/\\\/diarioellabrador.cl\\\/\",\"logo\":{\"@type\":\"ImageObject\",\"inLanguage\":\"es\",\"@id\":\"https:\\\/\\\/diarioellabrador.cl\\\/#\\\/schema\\\/logo\\\/image\\\/\",\"url\":\"https:\\\/\\\/diarioellabrador.cl\\\/wp-content\\\/uploads\\\/2025\\\/02\\\/cropped-Logo-Icono.png\",\"contentUrl\":\"https:\\\/\\\/diarioellabrador.cl\\\/wp-content\\\/uploads\\\/2025\\\/02\\\/cropped-Logo-Icono.png\",\"width\":512,\"height\":512,\"caption\":\"Diario El Labrador\"},\"image\":{\"@id\":\"https:\\\/\\\/diarioellabrador.cl\\\/#\\\/schema\\\/logo\\\/image\\\/\"},\"sameAs\":[\"https:\\\/\\\/web.facebook.com\\\/profile.php?id=61576120840621\",\"https:\\\/\\\/x.com\\\/ElLabradorOf\",\"https:\\\/\\\/www.instagram.com\\\/diarioellabradoroficial\\\/\"]},{\"@type\":\"Person\",\"@id\":\"https:\\\/\\\/diarioellabrador.cl\\\/#\\\/schema\\\/person\\\/bc25ff80b4563f9c7f4bd7855df01685\",\"name\":\"Editor\",\"image\":{\"@type\":\"ImageObject\",\"inLanguage\":\"es\",\"@id\":\"https:\\\/\\\/secure.gravatar.com\\\/avatar\\\/109c326cf2be5c04f048c2c2a2b8b6ef44bf3d8d1d3d4c55d0ac40c4bc994684?s=96&d=initials&r=g&initials=ed\",\"url\":\"https:\\\/\\\/secure.gravatar.com\\\/avatar\\\/109c326cf2be5c04f048c2c2a2b8b6ef44bf3d8d1d3d4c55d0ac40c4bc994684?s=96&d=initials&r=g&initials=ed\",\"contentUrl\":\"https:\\\/\\\/secure.gravatar.com\\\/avatar\\\/109c326cf2be5c04f048c2c2a2b8b6ef44bf3d8d1d3d4c55d0ac40c4bc994684?s=96&d=initials&r=g&initials=ed\",\"caption\":\"Editor\"},\"url\":\"https:\\\/\\\/diarioellabrador.cl\\\/index.php\\\/author\\\/editor\\\/\"}]}<\/script>\n<!-- \/ Yoast SEO plugin. -->","yoast_head_json":{"title":"Criadero El Roc\u00edo desarrolla lindo proyecto de equinoterapia en Ancud - Diario El Labrador","robots":{"index":"index","follow":"follow","max-snippet":"max-snippet:-1","max-image-preview":"max-image-preview:large","max-video-preview":"max-video-preview:-1"},"canonical":"https:\/\/diarioellabrador.cl\/index.php\/2026\/09\/01\/criadero-el-rocio-desarrolla-lindo-proyecto-de-equinoterapia-en-ancud\/","og_locale":"es_ES","og_type":"article","og_title":"Criadero El Roc\u00edo desarrolla lindo proyecto de equinoterapia en Ancud - Diario El Labrador","og_description":"Autor: Hector Parraguirre La equinoterapia es otra de las muchas funcionalidades que se le puede dar al Caballo Chileno y en el sector de Lechagua, en la comuna de Ancud, Ignacio Z\u00fa\u00f1iga Gonz\u00e1lez, socio de la Asociaci\u00f3n de Criadores Ancud Chilo\u00e9, hace unos cinco a\u00f1os desarrolla un proyecto en el Criadero El Roc\u00edo, de su Leer m\u00e1s","og_url":"https:\/\/diarioellabrador.cl\/index.php\/2026\/09\/01\/criadero-el-rocio-desarrolla-lindo-proyecto-de-equinoterapia-en-ancud\/","og_site_name":"Diario El Labrador","article_publisher":"https:\/\/web.facebook.com\/profile.php?id=61576120840621","article_published_time":"2026-09-01T22:23:55+00:00","article_modified_time":"2026-09-01T22:23:58+00:00","og_image":[{"width":750,"height":389,"url":"https:\/\/diarioellabrador.cl\/wp-content\/uploads\/2026\/09\/Criadero-El-Rocio-desarrolla-lindo-proyecto-de-equinoterapia-en-Ancud.jpg","type":"image\/jpeg"}],"author":"Editor","twitter_card":"summary_large_image","twitter_creator":"@ElLabradorOf","twitter_site":"@ElLabradorOf","twitter_misc":{"Escrito por":"Editor","Tiempo de lectura":"3 minutos"},"schema":{"@context":"https:\/\/schema.org","@graph":[{"@type":"Article","@id":"https:\/\/diarioellabrador.cl\/index.php\/2026\/09\/01\/criadero-el-rocio-desarrolla-lindo-proyecto-de-equinoterapia-en-ancud\/#article","isPartOf":{"@id":"https:\/\/diarioellabrador.cl\/index.php\/2026\/09\/01\/criadero-el-rocio-desarrolla-lindo-proyecto-de-equinoterapia-en-ancud\/"},"author":{"name":"Editor","@id":"https:\/\/diarioellabrador.cl\/#\/schema\/person\/bc25ff80b4563f9c7f4bd7855df01685"},"headline":"Criadero El Roc\u00edo desarrolla lindo proyecto de equinoterapia en Ancud","datePublished":"2026-09-01T22:23:55+00:00","dateModified":"2026-09-01T22:23:58+00:00","mainEntityOfPage":{"@id":"https:\/\/diarioellabrador.cl\/index.php\/2026\/09\/01\/criadero-el-rocio-desarrolla-lindo-proyecto-de-equinoterapia-en-ancud\/"},"wordCount":623,"commentCount":0,"publisher":{"@id":"https:\/\/diarioellabrador.cl\/#organization"},"image":{"@id":"https:\/\/diarioellabrador.cl\/index.php\/2026\/09\/01\/criadero-el-rocio-desarrolla-lindo-proyecto-de-equinoterapia-en-ancud\/#primaryimage"},"thumbnailUrl":"https:\/\/diarioellabrador.cl\/wp-content\/uploads\/2026\/09\/Criadero-El-Rocio-desarrolla-lindo-proyecto-de-equinoterapia-en-Ancud.jpg","articleSection":["Rodeo"],"inLanguage":"es","potentialAction":[{"@type":"CommentAction","name":"Comment","target":["https:\/\/diarioellabrador.cl\/index.php\/2026\/09\/01\/criadero-el-rocio-desarrolla-lindo-proyecto-de-equinoterapia-en-ancud\/#respond"]}]},{"@type":"WebPage","@id":"https:\/\/diarioellabrador.cl\/index.php\/2026\/09\/01\/criadero-el-rocio-desarrolla-lindo-proyecto-de-equinoterapia-en-ancud\/","url":"https:\/\/diarioellabrador.cl\/index.php\/2026\/09\/01\/criadero-el-rocio-desarrolla-lindo-proyecto-de-equinoterapia-en-ancud\/","name":"Criadero El Roc\u00edo desarrolla lindo proyecto de equinoterapia en Ancud - Diario El Labrador","isPartOf":{"@id":"https:\/\/diarioellabrador.cl\/#website"},"primaryImageOfPage":{"@id":"https:\/\/diarioellabrador.cl\/index.php\/2026\/09\/01\/criadero-el-rocio-desarrolla-lindo-proyecto-de-equinoterapia-en-ancud\/#primaryimage"},"image":{"@id":"https:\/\/diarioellabrador.cl\/index.php\/2026\/09\/01\/criadero-el-rocio-desarrolla-lindo-proyecto-de-equinoterapia-en-ancud\/#primaryimage"},"thumbnailUrl":"https:\/\/diarioellabrador.cl\/wp-content\/uploads\/2026\/09\/Criadero-El-Rocio-desarrolla-lindo-proyecto-de-equinoterapia-en-Ancud.jpg","datePublished":"2026-09-01T22:23:55+00:00","dateModified":"2026-09-01T22:23:58+00:00","breadcrumb":{"@id":"https:\/\/diarioellabrador.cl\/index.php\/2026\/09\/01\/criadero-el-rocio-desarrolla-lindo-proyecto-de-equinoterapia-en-ancud\/#breadcrumb"},"inLanguage":"es","potentialAction":[{"@type":"ReadAction","target":["https:\/\/diarioellabrador.cl\/index.php\/2026\/09\/01\/criadero-el-rocio-desarrolla-lindo-proyecto-de-equinoterapia-en-ancud\/"]}]},{"@type":"ImageObject","inLanguage":"es","@id":"https:\/\/diarioellabrador.cl\/index.php\/2026\/09\/01\/criadero-el-rocio-desarrolla-lindo-proyecto-de-equinoterapia-en-ancud\/#primaryimage","url":"https:\/\/diarioellabrador.cl\/wp-content\/uploads\/2026\/09\/Criadero-El-Rocio-desarrolla-lindo-proyecto-de-equinoterapia-en-Ancud.jpg","contentUrl":"https:\/\/diarioellabrador.cl\/wp-content\/uploads\/2026\/09\/Criadero-El-Rocio-desarrolla-lindo-proyecto-de-equinoterapia-en-Ancud.jpg","width":750,"height":389},{"@type":"BreadcrumbList","@id":"https:\/\/diarioellabrador.cl\/index.php\/2026\/09\/01\/criadero-el-rocio-desarrolla-lindo-proyecto-de-equinoterapia-en-ancud\/#breadcrumb","itemListElement":[{"@type":"ListItem","position":1,"name":"Portada","item":"https:\/\/diarioellabrador.cl\/"},{"@type":"ListItem","position":2,"name":"Criadero El Roc\u00edo desarrolla lindo proyecto de equinoterapia en Ancud"}]},{"@type":"WebSite","@id":"https:\/\/diarioellabrador.cl\/#website","url":"https:\/\/diarioellabrador.cl\/","name":"Diario El Labrador","description":"Haciendo noticia desde 1921","publisher":{"@id":"https:\/\/diarioellabrador.cl\/#organization"},"potentialAction":[{"@type":"SearchAction","target":{"@type":"EntryPoint","urlTemplate":"https:\/\/diarioellabrador.cl\/?s={search_term_string}"},"query-input":{"@type":"PropertyValueSpecification","valueRequired":true,"valueName":"search_term_string"}}],"inLanguage":"es"},{"@type":"Organization","@id":"https:\/\/diarioellabrador.cl\/#organization","name":"Diario El Labrador","url":"https:\/\/diarioellabrador.cl\/","logo":{"@type":"ImageObject","inLanguage":"es","@id":"https:\/\/diarioellabrador.cl\/#\/schema\/logo\/image\/","url":"https:\/\/diarioellabrador.cl\/wp-content\/uploads\/2025\/02\/cropped-Logo-Icono.png","contentUrl":"https:\/\/diarioellabrador.cl\/wp-content\/uploads\/2025\/02\/cropped-Logo-Icono.png","width":512,"height":512,"caption":"Diario El Labrador"},"image":{"@id":"https:\/\/diarioellabrador.cl\/#\/schema\/logo\/image\/"},"sameAs":["https:\/\/web.facebook.com\/profile.php?id=61576120840621","https:\/\/x.com\/ElLabradorOf","https:\/\/www.instagram.com\/diarioellabradoroficial\/"]},{"@type":"Person","@id":"https:\/\/diarioellabrador.cl\/#\/schema\/person\/bc25ff80b4563f9c7f4bd7855df01685","name":"Editor","image":{"@type":"ImageObject","inLanguage":"es","@id":"https:\/\/secure.gravatar.com\/avatar\/109c326cf2be5c04f048c2c2a2b8b6ef44bf3d8d1d3d4c55d0ac40c4bc994684?s=96&d=initials&r=g&initials=ed","url":"https:\/\/secure.gravatar.com\/avatar\/109c326cf2be5c04f048c2c2a2b8b6ef44bf3d8d1d3d4c55d0ac40c4bc994684?s=96&d=initials&r=g&initials=ed","contentUrl":"https:\/\/secure.gravatar.com\/avatar\/109c326cf2be5c04f048c2c2a2b8b6ef44bf3d8d1d3d4c55d0ac40c4bc994684?s=96&d=initials&r=g&initials=ed","caption":"Editor"},"url":"https:\/\/diarioellabrador.cl\/index.php\/author\/editor\/"}]}},"_links":{"self":[{"href":"https:\/\/diarioellabrador.cl\/index.php\/wp-json\/wp\/v2\/posts\/24370","targetHints":{"allow":["GET"]}}],"collection":[{"href":"https:\/\/diarioellabrador.cl\/index.php\/wp-json\/wp\/v2\/posts"}],"about":[{"href":"https:\/\/diarioellabrador.cl\/index.php\/wp-json\/wp\/v2\/types\/post"}],"author":[{"embeddable":true,"href":"https:\/\/diarioellabrador.cl\/index.php\/wp-json\/wp\/v2\/users\/2"}],"replies":[{"embeddable":true,"href":"https:\/\/diarioellabrador.cl\/index.php\/wp-json\/wp\/v2\/comments?post=24370"}],"version-history":[{"count":1,"href":"https:\/\/diarioellabrador.cl\/index.php\/wp-json\/wp\/v2\/posts\/24370\/revisions"}],"predecessor-version":[{"id":24371,"href":"https:\/\/diarioellabrador.cl\/index.php\/wp-json\/wp\/v2\/posts\/24370\/revisions\/24371"}],"wp:featuredmedia":[{"embeddable":true,"href":"https:\/\/diarioellabrador.cl\/index.php\/wp-json\/wp\/v2\/media\/24361"}],"wp:attachment":[{"href":"https:\/\/diarioellabrador.cl\/index.php\/wp-json\/wp\/v2\/media?parent=24370"}],"wp:term":[{"taxonomy":"category","embeddable":true,"href":"https:\/\/diarioellabrador.cl\/index.php\/wp-json\/wp\/v2\/categories?post=24370"},{"taxonomy":"post_tag","embeddable":true,"href":"https:\/\/diarioellabrador.cl\/index.php\/wp-json\/wp\/v2\/tags?post=24370"}],"curies":[{"name":"wp","href":"https:\/\/api.w.org\/{rel}","templated":true}]}}