{"id":24368,"date":"2026-09-01T18:23:17","date_gmt":"2026-09-01T22:23:17","guid":{"rendered":"https:\/\/diarioellabrador.cl\/?p=24368"},"modified":"2026-09-01T18:23:20","modified_gmt":"2026-09-01T22:23:20","slug":"temuco-y-talca-vivieron-exitosas-jornadas-de-certificacion-de-delegados-de-asociacion","status":"publish","type":"post","link":"https:\/\/diarioellabrador.cl\/index.php\/2026\/09\/01\/temuco-y-talca-vivieron-exitosas-jornadas-de-certificacion-de-delegados-de-asociacion\/","title":{"rendered":"Temuco y Talca vivieron exitosas jornadas de certificaci\u00f3n de delegados de asociaci\u00f3n"},"content":{"rendered":"\n<p class=\"wp-block-paragraph\"><strong>Autor:<\/strong> <a href=\"https:\/\/www.caballoyrodeo.cl\/portal_rodeo\/site\/artic\/20240223\/pags\/20240223201413.html\">Alejandro Alegr\u00eda Torres<\/a><\/p>\n\n\n\n<p class=\"wp-block-paragraph\">El proceso de certificaci\u00f3n de delegados de <a href=\"https:\/\/www.caballoyrodeo.cl\/portal_rodeo\/site\/artic\/20260831\/pags\/20260831212102.html\">&nbsp;asociaci\u00f3n<\/a> liderado por el \u00e1rea deportiva de la <strong>Federaci\u00f3n del Rodeo Chileno<\/strong> vivi\u00f3 dos nuevas y exitosas jornadas este s\u00e1bado, ambas con el objetivo de unificar criterios para la Temporada Grande 2026-2027.<\/p>\n\n\n\n<p class=\"wp-block-paragraph\">En Talca se congreg\u00f3 la Zona Centro, en una jornada que estuvo marcada por una buena concurrencia. En la instancia, estuvo presente el gerente general de la Federaci\u00f3n, <strong>Felipe Soto<\/strong>. Mientras que dictaron la charla los delegados rentados Pedro Pablo Agurto y Eduardo Castro.<\/p>\n\n\n\n<p class=\"wp-block-paragraph\"><strong>Felipe Soto<\/strong> coment\u00f3 la actividad, diciendo: \u00abEl balance de la actividad es bastante positivo, tuvimos una asistencia de m\u00e1s de 40 personas, delegados de distintas <a href=\"https:\/\/www.caballoyrodeo.cl\/portal_rodeo\/site\/artic\/20260831\/pags\/20260831212102.html\">&nbsp;asociaciones<\/a>. Creo que es una instancia que permite unificar criterios, conocer la experiencia de los delegados de las distintas asociaciones y tambi\u00e9n nutrirse con la experiencia de los delegados rentados. Creo que sacamos conclusiones positivas de la jornada y queremos que se repita. Varios delegados de asociaci\u00f3n pidieron este tipo de actividades de forma permanente, as\u00ed que tomamos nota de ello y elevaremos su requerimiento a la instancia que corresponda\u00bb.<\/p>\n\n\n\n<p class=\"wp-block-paragraph\">En tanto, <strong>Pedro Pablo Agurto<\/strong> manifest\u00f3: \u00abHubo una tremenda convocatoria a la actividad convocada por Eugenio Cepeda. Fue una charla bien entretenida y con mucha participaci\u00f3n de quienes llegaron hasta ac\u00e1. Se habl\u00f3 de reglamento, de las obligaciones que tienen que hacer los delegados antes y despu\u00e9s de los rodeos. Tambi\u00e9n de cosas de rodeo y temas de jura. Fue bien interesante y muy instructiva. Creo que fue una tremenda reuni\u00f3n y que se est\u00e1n haciendo bien las cosas\u00bb.<\/p>\n\n\n\n<p class=\"wp-block-paragraph\">Mientras que <strong>Eduardo Castro<\/strong> se\u00f1al\u00f3: \u00abSe abordaron los distintos puntos que deben cumplir los delegados en los rodeos de su asociaci\u00f3n. En donde se reforz\u00f3 la parte de gesti\u00f3n, relativa a la entrega del informe y los puntos cr\u00edticos de control. Tambi\u00e9n hubo un levantamiento en donde pudimos entregar una mirada m\u00e1s operativa de las funciones que debemos hacer como delegados\u00bb.<\/p>\n\n\n\n<h3 class=\"wp-block-heading\"><strong>La cita en Temuco<\/strong><\/h3>\n\n\n\n<p class=\"wp-block-paragraph\">En tanto, en Temuco se reuni\u00f3 la Zona Sur, en una charla que cont\u00f3 con la presencia del secretario general de la Federaci\u00f3n del Rodeo Chileno, <strong>Mauricio Bernier<\/strong>. Mientras que los encargados de compartir los contenidos fueron <strong>Pablo Gonz\u00e1lez<\/strong> y <strong>N\u00e9stor Ruiz<\/strong>.<\/p>\n\n\n\n<p class=\"wp-block-paragraph\"><strong>Mauricio Bernier,<\/strong> secretario general de Ferochi, apunt\u00f3: \u00abHaciendo un resumen de esta charla, creo que los oradores fueron los adecuados para poder enfrentar este desaf\u00edo y segundo, a pesar de que hubo un poco participaci\u00f3n, hubo una muy buena interacci\u00f3n entre los oradores y participantes, lo que lleva a que el resultado de esta reuni\u00f3n sea muy provechoso y productivo. Estoy muy contento con la realizaci\u00f3n de este evento y esperamos que sirva para el desempe\u00f1o de los delegados en cada uno de sus eventos\u00bb.<\/p>\n\n\n\n<p class=\"wp-block-paragraph\">Por su parte, <strong>Jes\u00fas Rodr\u00edguez<\/strong>, presidente de la <a href=\"https:\/\/www.caballoyrodeo.cl\/portal_rodeo\/site\/artic\/20260831\/pags\/20260831212102.html\"><strong>&nbsp;Asociaci\u00f3n<\/strong><\/a> <strong>R\u00edo Caut\u00edn<\/strong> dijo: \u00abFue una actividad bien provechosa. Sirve para que nos reunamos distintos delegados de diferentes asociaciones de cara a la Temporada Grande, para unificar criterios, resolver dudas y poder dar un buen comienzo de temporada. Se habl\u00f3 del reglamento y la idea es resolver las dudas que tengamos, unificar los criterios y mostrar todas las situaciones en las que queden matices grises, para poder resolver de una mejor manera y mejorar el trabajo de los delegados durante la temporada en los distintos rodeos\u00bb.<\/p>\n\n\n\n<p class=\"wp-block-paragraph\">En tanto, <strong>Pablo Gonz\u00e1lez<\/strong> se\u00f1al\u00f3: \u00abFue un privilegio poder venir a entregar los conocimientos y el inicio de esta gu\u00eda que sirve para los delegados de asociaci\u00f3n, quienes actuar\u00e1n conforme a un solo criterio en todas las zonas del pa\u00eds corralero. Estoy muy contento porque hubo una muy buena recepci\u00f3n de parte de todos los participantes\u00bb.<\/p>\n\n\n\n<p class=\"wp-block-paragraph\">Mientras que <strong>N\u00e9stor Ruiz<\/strong> dijo: \u00abLa charla me pareci\u00f3 muy entretenida. Es primera vez que me toca participar en una charla de delegados y la gente se fue muy contenta. Todos los delegados que vinieron de las distintas asociaciones se fueron muy felices. Quiero agradecer a don Mauricio Bernier que nos acompa\u00f1\u00f3 y a Jes\u00fas Rodr\u00edguez que se preocup\u00f3 de tener la sala para poder realizar esta actividad\u00bb.<\/p>\n\n\n\n<p class=\"wp-block-paragraph\"><\/p>\n","protected":false},"excerpt":{"rendered":"<p>Autor: Alejandro Alegr\u00eda Torres El proceso de certificaci\u00f3n de delegados de &nbsp;asociaci\u00f3n liderado por el \u00e1rea deportiva de la Federaci\u00f3n del Rodeo Chileno vivi\u00f3 dos nuevas y exitosas jornadas este s\u00e1bado, ambas con el objetivo de unificar criterios para la Temporada Grande 2026-2027. En Talca se congreg\u00f3 la Zona Centro, en una jornada que estuvo<\/p>\n<div class=\"read-more-wrapper\"><a class=\"read-more\" href=\"https:\/\/diarioellabrador.cl\/index.php\/2026\/09\/01\/temuco-y-talca-vivieron-exitosas-jornadas-de-certificacion-de-delegados-de-asociacion\/\" title=\"Leer m\u00e1s\"> <span class=\"button \">Leer m\u00e1s<\/span><\/a><\/div>\n","protected":false},"author":2,"featured_media":24363,"comment_status":"open","ping_status":"open","sticky":false,"template":"","format":"standard","meta":{"footnotes":"","_members_access_role":[],"_members_access_error":""},"categories":[5],"tags":[],"class_list":["post-24368","post","type-post","status-publish","format-standard","has-post-thumbnail","hentry","category-rodeo"],"yoast_head":"<!-- This site is optimized with the Yoast SEO plugin v28.4 - https:\/\/yoast.com\/product\/yoast-seo-wordpress\/ -->\n<title>Temuco y Talca vivieron exitosas jornadas de certificaci\u00f3n de delegados de asociaci\u00f3n - Diario El Labrador<\/title>\n<meta name=\"robots\" content=\"index, follow, max-snippet:-1, max-image-preview:large, max-video-preview:-1\" \/>\n<link rel=\"canonical\" href=\"https:\/\/diarioellabrador.cl\/index.php\/2026\/09\/01\/temuco-y-talca-vivieron-exitosas-jornadas-de-certificacion-de-delegados-de-asociacion\/\" \/>\n<meta property=\"og:locale\" content=\"es_ES\" \/>\n<meta property=\"og:type\" content=\"article\" \/>\n<meta property=\"og:title\" content=\"Temuco y Talca vivieron exitosas jornadas de certificaci\u00f3n de delegados de asociaci\u00f3n - Diario El Labrador\" \/>\n<meta property=\"og:description\" content=\"Autor: Alejandro Alegr\u00eda Torres El proceso de certificaci\u00f3n de delegados de &nbsp;asociaci\u00f3n liderado por el \u00e1rea deportiva de la Federaci\u00f3n del Rodeo Chileno vivi\u00f3 dos nuevas y exitosas jornadas este s\u00e1bado, ambas con el objetivo de unificar criterios para la Temporada Grande 2026-2027. En Talca se congreg\u00f3 la Zona Centro, en una jornada que estuvo Leer m\u00e1s\" \/>\n<meta property=\"og:url\" content=\"https:\/\/diarioellabrador.cl\/index.php\/2026\/09\/01\/temuco-y-talca-vivieron-exitosas-jornadas-de-certificacion-de-delegados-de-asociacion\/\" \/>\n<meta property=\"og:site_name\" content=\"Diario El Labrador\" \/>\n<meta property=\"article:publisher\" content=\"https:\/\/web.facebook.com\/profile.php?id=61576120840621\" \/>\n<meta property=\"article:published_time\" content=\"2026-09-01T22:23:17+00:00\" \/>\n<meta property=\"article:modified_time\" content=\"2026-09-01T22:23:20+00:00\" \/>\n<meta property=\"og:image\" content=\"https:\/\/diarioellabrador.cl\/wp-content\/uploads\/2026\/09\/Temuco-y-Talca-vivieron-exitosas-jornadas-de-certificacion-de-delegados-de-asociacion.jpg\" \/>\n\t<meta property=\"og:image:width\" content=\"750\" \/>\n\t<meta property=\"og:image:height\" content=\"389\" \/>\n\t<meta property=\"og:image:type\" content=\"image\/jpeg\" \/>\n<meta name=\"author\" content=\"Editor\" \/>\n<meta name=\"twitter:card\" content=\"summary_large_image\" \/>\n<meta name=\"twitter:creator\" content=\"@ElLabradorOf\" \/>\n<meta name=\"twitter:site\" content=\"@ElLabradorOf\" \/>\n<meta name=\"twitter:label1\" content=\"Escrito por\" \/>\n\t<meta name=\"twitter:data1\" content=\"Editor\" \/>\n\t<meta name=\"twitter:label2\" content=\"Tiempo de lectura\" \/>\n\t<meta name=\"twitter:data2\" content=\"4 minutos\" \/>\n<script type=\"application\/ld+json\" class=\"yoast-schema-graph\">{\"@context\":\"https:\\\/\\\/schema.org\",\"@graph\":[{\"@type\":\"Article\",\"@id\":\"https:\\\/\\\/diarioellabrador.cl\\\/index.php\\\/2026\\\/09\\\/01\\\/temuco-y-talca-vivieron-exitosas-jornadas-de-certificacion-de-delegados-de-asociacion\\\/#article\",\"isPartOf\":{\"@id\":\"https:\\\/\\\/diarioellabrador.cl\\\/index.php\\\/2026\\\/09\\\/01\\\/temuco-y-talca-vivieron-exitosas-jornadas-de-certificacion-de-delegados-de-asociacion\\\/\"},\"author\":{\"name\":\"Editor\",\"@id\":\"https:\\\/\\\/diarioellabrador.cl\\\/#\\\/schema\\\/person\\\/bc25ff80b4563f9c7f4bd7855df01685\"},\"headline\":\"Temuco y Talca vivieron exitosas jornadas de certificaci\u00f3n de delegados de asociaci\u00f3n\",\"datePublished\":\"2026-09-01T22:23:17+00:00\",\"dateModified\":\"2026-09-01T22:23:20+00:00\",\"mainEntityOfPage\":{\"@id\":\"https:\\\/\\\/diarioellabrador.cl\\\/index.php\\\/2026\\\/09\\\/01\\\/temuco-y-talca-vivieron-exitosas-jornadas-de-certificacion-de-delegados-de-asociacion\\\/\"},\"wordCount\":731,\"commentCount\":0,\"publisher\":{\"@id\":\"https:\\\/\\\/diarioellabrador.cl\\\/#organization\"},\"image\":{\"@id\":\"https:\\\/\\\/diarioellabrador.cl\\\/index.php\\\/2026\\\/09\\\/01\\\/temuco-y-talca-vivieron-exitosas-jornadas-de-certificacion-de-delegados-de-asociacion\\\/#primaryimage\"},\"thumbnailUrl\":\"https:\\\/\\\/diarioellabrador.cl\\\/wp-content\\\/uploads\\\/2026\\\/09\\\/Temuco-y-Talca-vivieron-exitosas-jornadas-de-certificacion-de-delegados-de-asociacion.jpg\",\"articleSection\":[\"Rodeo\"],\"inLanguage\":\"es\",\"potentialAction\":[{\"@type\":\"CommentAction\",\"name\":\"Comment\",\"target\":[\"https:\\\/\\\/diarioellabrador.cl\\\/index.php\\\/2026\\\/09\\\/01\\\/temuco-y-talca-vivieron-exitosas-jornadas-de-certificacion-de-delegados-de-asociacion\\\/#respond\"]}]},{\"@type\":\"WebPage\",\"@id\":\"https:\\\/\\\/diarioellabrador.cl\\\/index.php\\\/2026\\\/09\\\/01\\\/temuco-y-talca-vivieron-exitosas-jornadas-de-certificacion-de-delegados-de-asociacion\\\/\",\"url\":\"https:\\\/\\\/diarioellabrador.cl\\\/index.php\\\/2026\\\/09\\\/01\\\/temuco-y-talca-vivieron-exitosas-jornadas-de-certificacion-de-delegados-de-asociacion\\\/\",\"name\":\"Temuco y Talca vivieron exitosas jornadas de certificaci\u00f3n de delegados de asociaci\u00f3n - Diario El Labrador\",\"isPartOf\":{\"@id\":\"https:\\\/\\\/diarioellabrador.cl\\\/#website\"},\"primaryImageOfPage\":{\"@id\":\"https:\\\/\\\/diarioellabrador.cl\\\/index.php\\\/2026\\\/09\\\/01\\\/temuco-y-talca-vivieron-exitosas-jornadas-de-certificacion-de-delegados-de-asociacion\\\/#primaryimage\"},\"image\":{\"@id\":\"https:\\\/\\\/diarioellabrador.cl\\\/index.php\\\/2026\\\/09\\\/01\\\/temuco-y-talca-vivieron-exitosas-jornadas-de-certificacion-de-delegados-de-asociacion\\\/#primaryimage\"},\"thumbnailUrl\":\"https:\\\/\\\/diarioellabrador.cl\\\/wp-content\\\/uploads\\\/2026\\\/09\\\/Temuco-y-Talca-vivieron-exitosas-jornadas-de-certificacion-de-delegados-de-asociacion.jpg\",\"datePublished\":\"2026-09-01T22:23:17+00:00\",\"dateModified\":\"2026-09-01T22:23:20+00:00\",\"breadcrumb\":{\"@id\":\"https:\\\/\\\/diarioellabrador.cl\\\/index.php\\\/2026\\\/09\\\/01\\\/temuco-y-talca-vivieron-exitosas-jornadas-de-certificacion-de-delegados-de-asociacion\\\/#breadcrumb\"},\"inLanguage\":\"es\",\"potentialAction\":[{\"@type\":\"ReadAction\",\"target\":[\"https:\\\/\\\/diarioellabrador.cl\\\/index.php\\\/2026\\\/09\\\/01\\\/temuco-y-talca-vivieron-exitosas-jornadas-de-certificacion-de-delegados-de-asociacion\\\/\"]}]},{\"@type\":\"ImageObject\",\"inLanguage\":\"es\",\"@id\":\"https:\\\/\\\/diarioellabrador.cl\\\/index.php\\\/2026\\\/09\\\/01\\\/temuco-y-talca-vivieron-exitosas-jornadas-de-certificacion-de-delegados-de-asociacion\\\/#primaryimage\",\"url\":\"https:\\\/\\\/diarioellabrador.cl\\\/wp-content\\\/uploads\\\/2026\\\/09\\\/Temuco-y-Talca-vivieron-exitosas-jornadas-de-certificacion-de-delegados-de-asociacion.jpg\",\"contentUrl\":\"https:\\\/\\\/diarioellabrador.cl\\\/wp-content\\\/uploads\\\/2026\\\/09\\\/Temuco-y-Talca-vivieron-exitosas-jornadas-de-certificacion-de-delegados-de-asociacion.jpg\",\"width\":750,\"height\":389},{\"@type\":\"BreadcrumbList\",\"@id\":\"https:\\\/\\\/diarioellabrador.cl\\\/index.php\\\/2026\\\/09\\\/01\\\/temuco-y-talca-vivieron-exitosas-jornadas-de-certificacion-de-delegados-de-asociacion\\\/#breadcrumb\",\"itemListElement\":[{\"@type\":\"ListItem\",\"position\":1,\"name\":\"Portada\",\"item\":\"https:\\\/\\\/diarioellabrador.cl\\\/\"},{\"@type\":\"ListItem\",\"position\":2,\"name\":\"Temuco y Talca vivieron exitosas jornadas de certificaci\u00f3n de delegados de asociaci\u00f3n\"}]},{\"@type\":\"WebSite\",\"@id\":\"https:\\\/\\\/diarioellabrador.cl\\\/#website\",\"url\":\"https:\\\/\\\/diarioellabrador.cl\\\/\",\"name\":\"Diario El Labrador\",\"description\":\"Haciendo noticia desde 1921\",\"publisher\":{\"@id\":\"https:\\\/\\\/diarioellabrador.cl\\\/#organization\"},\"potentialAction\":[{\"@type\":\"SearchAction\",\"target\":{\"@type\":\"EntryPoint\",\"urlTemplate\":\"https:\\\/\\\/diarioellabrador.cl\\\/?s={search_term_string}\"},\"query-input\":{\"@type\":\"PropertyValueSpecification\",\"valueRequired\":true,\"valueName\":\"search_term_string\"}}],\"inLanguage\":\"es\"},{\"@type\":\"Organization\",\"@id\":\"https:\\\/\\\/diarioellabrador.cl\\\/#organization\",\"name\":\"Diario El Labrador\",\"url\":\"https:\\\/\\\/diarioellabrador.cl\\\/\",\"logo\":{\"@type\":\"ImageObject\",\"inLanguage\":\"es\",\"@id\":\"https:\\\/\\\/diarioellabrador.cl\\\/#\\\/schema\\\/logo\\\/image\\\/\",\"url\":\"https:\\\/\\\/diarioellabrador.cl\\\/wp-content\\\/uploads\\\/2025\\\/02\\\/cropped-Logo-Icono.png\",\"contentUrl\":\"https:\\\/\\\/diarioellabrador.cl\\\/wp-content\\\/uploads\\\/2025\\\/02\\\/cropped-Logo-Icono.png\",\"width\":512,\"height\":512,\"caption\":\"Diario El Labrador\"},\"image\":{\"@id\":\"https:\\\/\\\/diarioellabrador.cl\\\/#\\\/schema\\\/logo\\\/image\\\/\"},\"sameAs\":[\"https:\\\/\\\/web.facebook.com\\\/profile.php?id=61576120840621\",\"https:\\\/\\\/x.com\\\/ElLabradorOf\",\"https:\\\/\\\/www.instagram.com\\\/diarioellabradoroficial\\\/\"]},{\"@type\":\"Person\",\"@id\":\"https:\\\/\\\/diarioellabrador.cl\\\/#\\\/schema\\\/person\\\/bc25ff80b4563f9c7f4bd7855df01685\",\"name\":\"Editor\",\"image\":{\"@type\":\"ImageObject\",\"inLanguage\":\"es\",\"@id\":\"https:\\\/\\\/secure.gravatar.com\\\/avatar\\\/109c326cf2be5c04f048c2c2a2b8b6ef44bf3d8d1d3d4c55d0ac40c4bc994684?s=96&d=initials&r=g&initials=ed\",\"url\":\"https:\\\/\\\/secure.gravatar.com\\\/avatar\\\/109c326cf2be5c04f048c2c2a2b8b6ef44bf3d8d1d3d4c55d0ac40c4bc994684?s=96&d=initials&r=g&initials=ed\",\"contentUrl\":\"https:\\\/\\\/secure.gravatar.com\\\/avatar\\\/109c326cf2be5c04f048c2c2a2b8b6ef44bf3d8d1d3d4c55d0ac40c4bc994684?s=96&d=initials&r=g&initials=ed\",\"caption\":\"Editor\"},\"url\":\"https:\\\/\\\/diarioellabrador.cl\\\/index.php\\\/author\\\/editor\\\/\"}]}<\/script>\n<!-- \/ Yoast SEO plugin. -->","yoast_head_json":{"title":"Temuco y Talca vivieron exitosas jornadas de certificaci\u00f3n de delegados de asociaci\u00f3n - Diario El Labrador","robots":{"index":"index","follow":"follow","max-snippet":"max-snippet:-1","max-image-preview":"max-image-preview:large","max-video-preview":"max-video-preview:-1"},"canonical":"https:\/\/diarioellabrador.cl\/index.php\/2026\/09\/01\/temuco-y-talca-vivieron-exitosas-jornadas-de-certificacion-de-delegados-de-asociacion\/","og_locale":"es_ES","og_type":"article","og_title":"Temuco y Talca vivieron exitosas jornadas de certificaci\u00f3n de delegados de asociaci\u00f3n - Diario El Labrador","og_description":"Autor: Alejandro Alegr\u00eda Torres El proceso de certificaci\u00f3n de delegados de &nbsp;asociaci\u00f3n liderado por el \u00e1rea deportiva de la Federaci\u00f3n del Rodeo Chileno vivi\u00f3 dos nuevas y exitosas jornadas este s\u00e1bado, ambas con el objetivo de unificar criterios para la Temporada Grande 2026-2027. En Talca se congreg\u00f3 la Zona Centro, en una jornada que estuvo Leer m\u00e1s","og_url":"https:\/\/diarioellabrador.cl\/index.php\/2026\/09\/01\/temuco-y-talca-vivieron-exitosas-jornadas-de-certificacion-de-delegados-de-asociacion\/","og_site_name":"Diario El Labrador","article_publisher":"https:\/\/web.facebook.com\/profile.php?id=61576120840621","article_published_time":"2026-09-01T22:23:17+00:00","article_modified_time":"2026-09-01T22:23:20+00:00","og_image":[{"width":750,"height":389,"url":"https:\/\/diarioellabrador.cl\/wp-content\/uploads\/2026\/09\/Temuco-y-Talca-vivieron-exitosas-jornadas-de-certificacion-de-delegados-de-asociacion.jpg","type":"image\/jpeg"}],"author":"Editor","twitter_card":"summary_large_image","twitter_creator":"@ElLabradorOf","twitter_site":"@ElLabradorOf","twitter_misc":{"Escrito por":"Editor","Tiempo de lectura":"4 minutos"},"schema":{"@context":"https:\/\/schema.org","@graph":[{"@type":"Article","@id":"https:\/\/diarioellabrador.cl\/index.php\/2026\/09\/01\/temuco-y-talca-vivieron-exitosas-jornadas-de-certificacion-de-delegados-de-asociacion\/#article","isPartOf":{"@id":"https:\/\/diarioellabrador.cl\/index.php\/2026\/09\/01\/temuco-y-talca-vivieron-exitosas-jornadas-de-certificacion-de-delegados-de-asociacion\/"},"author":{"name":"Editor","@id":"https:\/\/diarioellabrador.cl\/#\/schema\/person\/bc25ff80b4563f9c7f4bd7855df01685"},"headline":"Temuco y Talca vivieron exitosas jornadas de certificaci\u00f3n de delegados de asociaci\u00f3n","datePublished":"2026-09-01T22:23:17+00:00","dateModified":"2026-09-01T22:23:20+00:00","mainEntityOfPage":{"@id":"https:\/\/diarioellabrador.cl\/index.php\/2026\/09\/01\/temuco-y-talca-vivieron-exitosas-jornadas-de-certificacion-de-delegados-de-asociacion\/"},"wordCount":731,"commentCount":0,"publisher":{"@id":"https:\/\/diarioellabrador.cl\/#organization"},"image":{"@id":"https:\/\/diarioellabrador.cl\/index.php\/2026\/09\/01\/temuco-y-talca-vivieron-exitosas-jornadas-de-certificacion-de-delegados-de-asociacion\/#primaryimage"},"thumbnailUrl":"https:\/\/diarioellabrador.cl\/wp-content\/uploads\/2026\/09\/Temuco-y-Talca-vivieron-exitosas-jornadas-de-certificacion-de-delegados-de-asociacion.jpg","articleSection":["Rodeo"],"inLanguage":"es","potentialAction":[{"@type":"CommentAction","name":"Comment","target":["https:\/\/diarioellabrador.cl\/index.php\/2026\/09\/01\/temuco-y-talca-vivieron-exitosas-jornadas-de-certificacion-de-delegados-de-asociacion\/#respond"]}]},{"@type":"WebPage","@id":"https:\/\/diarioellabrador.cl\/index.php\/2026\/09\/01\/temuco-y-talca-vivieron-exitosas-jornadas-de-certificacion-de-delegados-de-asociacion\/","url":"https:\/\/diarioellabrador.cl\/index.php\/2026\/09\/01\/temuco-y-talca-vivieron-exitosas-jornadas-de-certificacion-de-delegados-de-asociacion\/","name":"Temuco y Talca vivieron exitosas jornadas de certificaci\u00f3n de delegados de asociaci\u00f3n - Diario El Labrador","isPartOf":{"@id":"https:\/\/diarioellabrador.cl\/#website"},"primaryImageOfPage":{"@id":"https:\/\/diarioellabrador.cl\/index.php\/2026\/09\/01\/temuco-y-talca-vivieron-exitosas-jornadas-de-certificacion-de-delegados-de-asociacion\/#primaryimage"},"image":{"@id":"https:\/\/diarioellabrador.cl\/index.php\/2026\/09\/01\/temuco-y-talca-vivieron-exitosas-jornadas-de-certificacion-de-delegados-de-asociacion\/#primaryimage"},"thumbnailUrl":"https:\/\/diarioellabrador.cl\/wp-content\/uploads\/2026\/09\/Temuco-y-Talca-vivieron-exitosas-jornadas-de-certificacion-de-delegados-de-asociacion.jpg","datePublished":"2026-09-01T22:23:17+00:00","dateModified":"2026-09-01T22:23:20+00:00","breadcrumb":{"@id":"https:\/\/diarioellabrador.cl\/index.php\/2026\/09\/01\/temuco-y-talca-vivieron-exitosas-jornadas-de-certificacion-de-delegados-de-asociacion\/#breadcrumb"},"inLanguage":"es","potentialAction":[{"@type":"ReadAction","target":["https:\/\/diarioellabrador.cl\/index.php\/2026\/09\/01\/temuco-y-talca-vivieron-exitosas-jornadas-de-certificacion-de-delegados-de-asociacion\/"]}]},{"@type":"ImageObject","inLanguage":"es","@id":"https:\/\/diarioellabrador.cl\/index.php\/2026\/09\/01\/temuco-y-talca-vivieron-exitosas-jornadas-de-certificacion-de-delegados-de-asociacion\/#primaryimage","url":"https:\/\/diarioellabrador.cl\/wp-content\/uploads\/2026\/09\/Temuco-y-Talca-vivieron-exitosas-jornadas-de-certificacion-de-delegados-de-asociacion.jpg","contentUrl":"https:\/\/diarioellabrador.cl\/wp-content\/uploads\/2026\/09\/Temuco-y-Talca-vivieron-exitosas-jornadas-de-certificacion-de-delegados-de-asociacion.jpg","width":750,"height":389},{"@type":"BreadcrumbList","@id":"https:\/\/diarioellabrador.cl\/index.php\/2026\/09\/01\/temuco-y-talca-vivieron-exitosas-jornadas-de-certificacion-de-delegados-de-asociacion\/#breadcrumb","itemListElement":[{"@type":"ListItem","position":1,"name":"Portada","item":"https:\/\/diarioellabrador.cl\/"},{"@type":"ListItem","position":2,"name":"Temuco y Talca vivieron exitosas jornadas de certificaci\u00f3n de delegados de asociaci\u00f3n"}]},{"@type":"WebSite","@id":"https:\/\/diarioellabrador.cl\/#website","url":"https:\/\/diarioellabrador.cl\/","name":"Diario El Labrador","description":"Haciendo noticia desde 1921","publisher":{"@id":"https:\/\/diarioellabrador.cl\/#organization"},"potentialAction":[{"@type":"SearchAction","target":{"@type":"EntryPoint","urlTemplate":"https:\/\/diarioellabrador.cl\/?s={search_term_string}"},"query-input":{"@type":"PropertyValueSpecification","valueRequired":true,"valueName":"search_term_string"}}],"inLanguage":"es"},{"@type":"Organization","@id":"https:\/\/diarioellabrador.cl\/#organization","name":"Diario El Labrador","url":"https:\/\/diarioellabrador.cl\/","logo":{"@type":"ImageObject","inLanguage":"es","@id":"https:\/\/diarioellabrador.cl\/#\/schema\/logo\/image\/","url":"https:\/\/diarioellabrador.cl\/wp-content\/uploads\/2025\/02\/cropped-Logo-Icono.png","contentUrl":"https:\/\/diarioellabrador.cl\/wp-content\/uploads\/2025\/02\/cropped-Logo-Icono.png","width":512,"height":512,"caption":"Diario El Labrador"},"image":{"@id":"https:\/\/diarioellabrador.cl\/#\/schema\/logo\/image\/"},"sameAs":["https:\/\/web.facebook.com\/profile.php?id=61576120840621","https:\/\/x.com\/ElLabradorOf","https:\/\/www.instagram.com\/diarioellabradoroficial\/"]},{"@type":"Person","@id":"https:\/\/diarioellabrador.cl\/#\/schema\/person\/bc25ff80b4563f9c7f4bd7855df01685","name":"Editor","image":{"@type":"ImageObject","inLanguage":"es","@id":"https:\/\/secure.gravatar.com\/avatar\/109c326cf2be5c04f048c2c2a2b8b6ef44bf3d8d1d3d4c55d0ac40c4bc994684?s=96&d=initials&r=g&initials=ed","url":"https:\/\/secure.gravatar.com\/avatar\/109c326cf2be5c04f048c2c2a2b8b6ef44bf3d8d1d3d4c55d0ac40c4bc994684?s=96&d=initials&r=g&initials=ed","contentUrl":"https:\/\/secure.gravatar.com\/avatar\/109c326cf2be5c04f048c2c2a2b8b6ef44bf3d8d1d3d4c55d0ac40c4bc994684?s=96&d=initials&r=g&initials=ed","caption":"Editor"},"url":"https:\/\/diarioellabrador.cl\/index.php\/author\/editor\/"}]}},"_links":{"self":[{"href":"https:\/\/diarioellabrador.cl\/index.php\/wp-json\/wp\/v2\/posts\/24368","targetHints":{"allow":["GET"]}}],"collection":[{"href":"https:\/\/diarioellabrador.cl\/index.php\/wp-json\/wp\/v2\/posts"}],"about":[{"href":"https:\/\/diarioellabrador.cl\/index.php\/wp-json\/wp\/v2\/types\/post"}],"author":[{"embeddable":true,"href":"https:\/\/diarioellabrador.cl\/index.php\/wp-json\/wp\/v2\/users\/2"}],"replies":[{"embeddable":true,"href":"https:\/\/diarioellabrador.cl\/index.php\/wp-json\/wp\/v2\/comments?post=24368"}],"version-history":[{"count":1,"href":"https:\/\/diarioellabrador.cl\/index.php\/wp-json\/wp\/v2\/posts\/24368\/revisions"}],"predecessor-version":[{"id":24369,"href":"https:\/\/diarioellabrador.cl\/index.php\/wp-json\/wp\/v2\/posts\/24368\/revisions\/24369"}],"wp:featuredmedia":[{"embeddable":true,"href":"https:\/\/diarioellabrador.cl\/index.php\/wp-json\/wp\/v2\/media\/24363"}],"wp:attachment":[{"href":"https:\/\/diarioellabrador.cl\/index.php\/wp-json\/wp\/v2\/media?parent=24368"}],"wp:term":[{"taxonomy":"category","embeddable":true,"href":"https:\/\/diarioellabrador.cl\/index.php\/wp-json\/wp\/v2\/categories?post=24368"},{"taxonomy":"post_tag","embeddable":true,"href":"https:\/\/diarioellabrador.cl\/index.php\/wp-json\/wp\/v2\/tags?post=24368"}],"curies":[{"name":"wp","href":"https:\/\/api.w.org\/{rel}","templated":true}]}}