{"id":24327,"date":"2026-08-31T18:58:52","date_gmt":"2026-08-31T22:58:52","guid":{"rendered":"https:\/\/diarioellabrador.cl\/?p=24327"},"modified":"2026-08-31T18:58:57","modified_gmt":"2026-08-31T22:58:57","slug":"ministro-de-seguridad-anuncia-que-melipilla-se-incorporara-al-programa-escudo-de-barrio-para-avanzar-en-mas-seguridad-y-recuperacion-de-espacios","status":"publish","type":"post","link":"https:\/\/diarioellabrador.cl\/index.php\/2026\/08\/31\/ministro-de-seguridad-anuncia-que-melipilla-se-incorporara-al-programa-escudo-de-barrio-para-avanzar-en-mas-seguridad-y-recuperacion-de-espacios\/","title":{"rendered":"Ministro de Seguridad anuncia que Melipilla se incorporar\u00e1 al programa Escudo de Barrio para avanzar en m\u00e1s seguridad y recuperaci\u00f3n de espacios"},"content":{"rendered":"\n<ul class=\"wp-block-list\">\n<li><strong>La comuna ser\u00e1 parte de los 50 barrios prioritarios de esta iniciativa del Gobierno, que busca fortalecer la seguridad, prevenci\u00f3n y recuperaci\u00f3n de espacios p\u00fablicos mediante una intervenci\u00f3n integral y coordinada entre ministerios, polic\u00edas, municipio, servicios p\u00fablicos y \u00a0comunidad.<\/strong><\/li>\n<\/ul>\n\n\n\n<p class=\"wp-block-paragraph\">Un importante anuncio para avanzar en mayor seguridad y recuperaci\u00f3n de espacios para la comunidad realiz\u00f3 el Ministro de Seguridad P\u00fablica, Mart\u00edn Arrau, durante su visita a Melipilla, donde inform\u00f3 la incorporaci\u00f3n de la comuna al programa Escudo de Barrio, iniciativa de Gobierno que contempla una intervenci\u00f3n integral en barrios priorizados del pa\u00eds.<\/p>\n\n\n\n<p class=\"wp-block-paragraph\">El anuncio se efectu\u00f3 durante un encuentro de seguridad con vecinos de las poblaciones Padre Hurtado y Padre Demetrio Bravo de Melipilla, instancia en la que las comunidades pudieron plantear directamente al secretario de Estado sus principales preocupaciones, problem\u00e1ticas y necesidades en materia de seguridad.<\/p>\n\n\n\n<p class=\"wp-block-paragraph\">En la jornada estuvo presente el delegado presidencial provincial de Melipilla, Gast\u00f3n Libuy; la alcaldesa de Melipilla, Paula G\u00e1rate; el seremi de Seguridad P\u00fablica, Juan Andr\u00e9s Barrientos; y el diputado Jaime Coloma, adem\u00e1s de representantes de organizaciones vecinales y comunidad del sector.<\/p>\n\n\n\n<p class=\"wp-block-paragraph\">El Ministro Mart\u00edn Arrau explic\u00f3 que el programa Escudo de Barrio busca concentrar esfuerzos del Estado en sectores que presentan desaf\u00edos espec\u00edficos en materia de seguridad, combinando una mayor focalizaci\u00f3n policial con el trabajo coordinado de distintos ministerios y organismos p\u00fablicos.<\/p>\n\n\n\n<p class=\"wp-block-paragraph\">\u201cEstuvimos con los vecinos de Padre Demetrio, junto a la alcaldesa, diputado Coloma, Seremi de Seguridad, y al Delegado Presidencial Provincial, viendo los problemas en materia de seguridad, los desaf\u00edos, y tambi\u00e9n las buenas cifras que tiene la comuna, pero que hay que seguir empujando para recuperar la tranquilidad y c\u00f3mo podemos hacer nuevos programas. En este sentido, hay un programa que tiene el Gobierno del Presidente Kast que se llama Escudo de Barrio, que trata de inyectar algunos recursos para mejorar la seguridad en ciertos pol\u00edgonos, que es parte de una focalizaci\u00f3n policial, pero tambi\u00e9n la acci\u00f3n interagencial de m\u00faltiples ministerio para sumar ciertas acciones y mostrar la acci\u00f3n del Estado, en lugares que tienen algunos desaf\u00edos en las estad\u00edsticas delictuales que hay que ir mejorando\u201d.<\/p>\n\n\n\n<p class=\"wp-block-paragraph\">En esta l\u00ednea a\u00f1adi\u00f3 que, \u201cpor eso estamos iniciando este programa junto al municipio, que nace del trabajo del d\u00eda a d\u00eda, junto a los equipos del Ministerio y de Delegaci\u00f3n Provincial, para que en alg\u00fan tiempo podamos ver un cambio relevante para los vecinos. Eso es lo que buscamos, que baje la victimizaci\u00f3n, la percepci\u00f3n de inseguridad, y que podamos estar orgullosos de estos barrios que han perdido su tranquilidad por fen\u00f3menos de muy larga data\u201d, indic\u00f3.<\/p>\n\n\n\n<p class=\"wp-block-paragraph\">Por su parte, el delegado provincial de Melipilla, Gast\u00f3n Libuy, destac\u00f3 el anuncio y el trabajo coordinado que permiti\u00f3 concretar la incorporaci\u00f3n de la comuna a esta iniciativa. \u201cAgradecer al Ministro Arrau por haberse dedicado a estuchar atentamente a los vecinos de Melipilla, y darnos esta tremenda noticia que los barrios de Melipilla van a estar dentro de los 50 barrios prioritarios que vamos a combatir con mayor eficacia y coordinaci\u00f3n interministerial la delincuencia. Es una tremenda noticia para Melipilla tener uno de sus barrios en este programa, y agradezco especialmente al diputado Jaime Coloma y alcaldesa Paula Garate de haber coordinado esta visita a la comuna\u201d.<\/p>\n\n\n\n<p class=\"wp-block-paragraph\">Asimismo, el diputado Jaime Coloma, valor\u00f3 la visita del ministro y el anuncio realizado durante el encuentro con la comunidad, destacando que la iniciativa permitir\u00e1 abordar la seguridad desde una perspectiva integral.<\/p>\n\n\n\n<p class=\"wp-block-paragraph\">\u201cAgradecer al Ministro Mart\u00edn Arrau, a quien solicit\u00e9 en la Comisi\u00f3n de Seguridad que venga a las comunas urbano-rurales, como a la comuna de Melipilla, a conocer la realidad, y \u00e9l acept\u00f3 en el corto plazo de estar ac\u00e1, y no s\u00f3lo eso, sino que nos trajo la noticia que Padre Demetrio y Melipilla van a estar dentro de los 50 barrios prioritarios para Chile. \u00bfQu\u00e9 significa esto? que va a haber m\u00e1s carabineros, una inversi\u00f3n real y una preocupaci\u00f3n del Estado por estos barrios. Esto es una tremenda noticia, esto no solamente va a apalancar m\u00e1s recursos, sino que tambi\u00e9n m\u00e1s seguridad para todo Melipilla, y sobre todo, para la Padre Demetrio\u201d, manifest\u00f3.<\/p>\n\n\n\n<p class=\"wp-block-paragraph\">Finalmente, Marcela Torres, secretaria de la Junta de Vecinos Padre Hurtado I, resalt\u00f3 la importancia de que el Estado focalice esfuerzos en el sector y plante\u00f3 la necesidad de avanzar en la recuperaci\u00f3n de espacios p\u00fablicos.<\/p>\n\n\n\n<p class=\"wp-block-paragraph\">\u201cQueremos agradecer al Ministro que viniera a visitarnos, y al seremi, donde conversamos sobre la seguridad del sector. Estamos agradecidos de la alcaldesa que haya gestionado esta visita, porque nosotros somos una zona en Melipilla considerada como zona roja, entonces para nosotros nos abre las puertas, y quiere decir que nos van a cambiar la cara, para Melipilla va a ser bueno que llegue seguridad, que lleguen proyectos y que nos ayuden, para que cambien al sector en lo estigmatizado que est\u00e1. Somos pobladores de m\u00e1s de 30 a\u00f1os, y tenemos muchos sectores p\u00fablicos y queremos recuperarlos\u201d.<\/p>\n\n\n\n<p class=\"wp-block-paragraph\">En este aspecto, agreg\u00f3 que esperan que la intervenci\u00f3n permita recuperar el uso de los espacios p\u00fablicos para las familias, incorporando iniciativas vinculadas al deporte, seguridad a trav\u00e9s de c\u00e1maras, e iluminaci\u00f3n.<\/p>\n\n\n\n<p class=\"wp-block-paragraph\"><\/p>\n","protected":false},"excerpt":{"rendered":"<p>Un importante anuncio para avanzar en mayor seguridad y recuperaci\u00f3n de espacios para la comunidad realiz\u00f3 el Ministro de Seguridad P\u00fablica, Mart\u00edn Arrau, durante su visita a Melipilla, donde inform\u00f3 la incorporaci\u00f3n de la comuna al programa Escudo de Barrio, iniciativa de Gobierno que contempla una intervenci\u00f3n integral en barrios priorizados del pa\u00eds. El anuncio<\/p>\n<div class=\"read-more-wrapper\"><a class=\"read-more\" href=\"https:\/\/diarioellabrador.cl\/index.php\/2026\/08\/31\/ministro-de-seguridad-anuncia-que-melipilla-se-incorporara-al-programa-escudo-de-barrio-para-avanzar-en-mas-seguridad-y-recuperacion-de-espacios\/\" title=\"Leer m\u00e1s\"> <span class=\"button \">Leer m\u00e1s<\/span><\/a><\/div>\n","protected":false},"author":2,"featured_media":24265,"comment_status":"open","ping_status":"open","sticky":false,"template":"","format":"standard","meta":{"footnotes":"","_members_access_role":[],"_members_access_error":""},"categories":[1],"tags":[],"class_list":["post-24327","post","type-post","status-publish","format-standard","has-post-thumbnail","hentry","category-cronica"],"yoast_head":"<!-- This site is optimized with the Yoast SEO plugin v28.3 - https:\/\/yoast.com\/product\/yoast-seo-wordpress\/ -->\n<title>Ministro de Seguridad anuncia que Melipilla se incorporar\u00e1 al programa Escudo de Barrio para avanzar en m\u00e1s seguridad y recuperaci\u00f3n de espacios - Diario El Labrador<\/title>\n<meta name=\"robots\" content=\"index, follow, max-snippet:-1, max-image-preview:large, max-video-preview:-1\" \/>\n<link rel=\"canonical\" href=\"https:\/\/diarioellabrador.cl\/index.php\/2026\/08\/31\/ministro-de-seguridad-anuncia-que-melipilla-se-incorporara-al-programa-escudo-de-barrio-para-avanzar-en-mas-seguridad-y-recuperacion-de-espacios\/\" \/>\n<meta property=\"og:locale\" content=\"es_ES\" \/>\n<meta property=\"og:type\" content=\"article\" \/>\n<meta property=\"og:title\" content=\"Ministro de Seguridad anuncia que Melipilla se incorporar\u00e1 al programa Escudo de Barrio para avanzar en m\u00e1s seguridad y recuperaci\u00f3n de espacios - Diario El Labrador\" \/>\n<meta property=\"og:description\" content=\"Un importante anuncio para avanzar en mayor seguridad y recuperaci\u00f3n de espacios para la comunidad realiz\u00f3 el Ministro de Seguridad P\u00fablica, Mart\u00edn Arrau, durante su visita a Melipilla, donde inform\u00f3 la incorporaci\u00f3n de la comuna al programa Escudo de Barrio, iniciativa de Gobierno que contempla una intervenci\u00f3n integral en barrios priorizados del pa\u00eds. El anuncio Leer m\u00e1s\" \/>\n<meta property=\"og:url\" content=\"https:\/\/diarioellabrador.cl\/index.php\/2026\/08\/31\/ministro-de-seguridad-anuncia-que-melipilla-se-incorporara-al-programa-escudo-de-barrio-para-avanzar-en-mas-seguridad-y-recuperacion-de-espacios\/\" \/>\n<meta property=\"og:site_name\" content=\"Diario El Labrador\" \/>\n<meta property=\"article:publisher\" content=\"https:\/\/web.facebook.com\/profile.php?id=61576120840621\" \/>\n<meta property=\"article:published_time\" content=\"2026-08-31T22:58:52+00:00\" \/>\n<meta property=\"article:modified_time\" content=\"2026-08-31T22:58:57+00:00\" \/>\n<meta property=\"og:image\" content=\"https:\/\/diarioellabrador.cl\/wp-content\/uploads\/2026\/08\/Ministro-de-Seguridad-anuncia-que-Melipilla-se-incorporara-al-programa-Escudo-de-Barrio-para-avanzar-en-mas-seguridad-y-recuperacion-de-espacios-3.jpg\" \/>\n\t<meta property=\"og:image:width\" content=\"1480\" \/>\n\t<meta property=\"og:image:height\" content=\"1131\" \/>\n\t<meta property=\"og:image:type\" content=\"image\/jpeg\" \/>\n<meta name=\"author\" content=\"Editor\" \/>\n<meta name=\"twitter:card\" content=\"summary_large_image\" \/>\n<meta name=\"twitter:creator\" content=\"@ElLabradorOf\" \/>\n<meta name=\"twitter:site\" content=\"@ElLabradorOf\" \/>\n<meta name=\"twitter:label1\" content=\"Escrito por\" \/>\n\t<meta name=\"twitter:data1\" content=\"Editor\" \/>\n\t<meta name=\"twitter:label2\" content=\"Tiempo de lectura\" \/>\n\t<meta name=\"twitter:data2\" content=\"5 minutos\" \/>\n<script type=\"application\/ld+json\" class=\"yoast-schema-graph\">{\"@context\":\"https:\\\/\\\/schema.org\",\"@graph\":[{\"@type\":\"Article\",\"@id\":\"https:\\\/\\\/diarioellabrador.cl\\\/index.php\\\/2026\\\/08\\\/31\\\/ministro-de-seguridad-anuncia-que-melipilla-se-incorporara-al-programa-escudo-de-barrio-para-avanzar-en-mas-seguridad-y-recuperacion-de-espacios\\\/#article\",\"isPartOf\":{\"@id\":\"https:\\\/\\\/diarioellabrador.cl\\\/index.php\\\/2026\\\/08\\\/31\\\/ministro-de-seguridad-anuncia-que-melipilla-se-incorporara-al-programa-escudo-de-barrio-para-avanzar-en-mas-seguridad-y-recuperacion-de-espacios\\\/\"},\"author\":{\"name\":\"Editor\",\"@id\":\"https:\\\/\\\/diarioellabrador.cl\\\/#\\\/schema\\\/person\\\/bc25ff80b4563f9c7f4bd7855df01685\"},\"headline\":\"Ministro de Seguridad anuncia que Melipilla se incorporar\u00e1 al programa Escudo de Barrio para avanzar en m\u00e1s seguridad y recuperaci\u00f3n de espacios\",\"datePublished\":\"2026-08-31T22:58:52+00:00\",\"dateModified\":\"2026-08-31T22:58:57+00:00\",\"mainEntityOfPage\":{\"@id\":\"https:\\\/\\\/diarioellabrador.cl\\\/index.php\\\/2026\\\/08\\\/31\\\/ministro-de-seguridad-anuncia-que-melipilla-se-incorporara-al-programa-escudo-de-barrio-para-avanzar-en-mas-seguridad-y-recuperacion-de-espacios\\\/\"},\"wordCount\":928,\"commentCount\":0,\"publisher\":{\"@id\":\"https:\\\/\\\/diarioellabrador.cl\\\/#organization\"},\"image\":{\"@id\":\"https:\\\/\\\/diarioellabrador.cl\\\/index.php\\\/2026\\\/08\\\/31\\\/ministro-de-seguridad-anuncia-que-melipilla-se-incorporara-al-programa-escudo-de-barrio-para-avanzar-en-mas-seguridad-y-recuperacion-de-espacios\\\/#primaryimage\"},\"thumbnailUrl\":\"https:\\\/\\\/diarioellabrador.cl\\\/wp-content\\\/uploads\\\/2026\\\/08\\\/Ministro-de-Seguridad-anuncia-que-Melipilla-se-incorporara-al-programa-Escudo-de-Barrio-para-avanzar-en-mas-seguridad-y-recuperacion-de-espacios-3.jpg\",\"articleSection\":[\"Cr\u00f3nica\"],\"inLanguage\":\"es\",\"potentialAction\":[{\"@type\":\"CommentAction\",\"name\":\"Comment\",\"target\":[\"https:\\\/\\\/diarioellabrador.cl\\\/index.php\\\/2026\\\/08\\\/31\\\/ministro-de-seguridad-anuncia-que-melipilla-se-incorporara-al-programa-escudo-de-barrio-para-avanzar-en-mas-seguridad-y-recuperacion-de-espacios\\\/#respond\"]}]},{\"@type\":\"WebPage\",\"@id\":\"https:\\\/\\\/diarioellabrador.cl\\\/index.php\\\/2026\\\/08\\\/31\\\/ministro-de-seguridad-anuncia-que-melipilla-se-incorporara-al-programa-escudo-de-barrio-para-avanzar-en-mas-seguridad-y-recuperacion-de-espacios\\\/\",\"url\":\"https:\\\/\\\/diarioellabrador.cl\\\/index.php\\\/2026\\\/08\\\/31\\\/ministro-de-seguridad-anuncia-que-melipilla-se-incorporara-al-programa-escudo-de-barrio-para-avanzar-en-mas-seguridad-y-recuperacion-de-espacios\\\/\",\"name\":\"Ministro de Seguridad anuncia que Melipilla se incorporar\u00e1 al programa Escudo de Barrio para avanzar en m\u00e1s seguridad y recuperaci\u00f3n de espacios - Diario El Labrador\",\"isPartOf\":{\"@id\":\"https:\\\/\\\/diarioellabrador.cl\\\/#website\"},\"primaryImageOfPage\":{\"@id\":\"https:\\\/\\\/diarioellabrador.cl\\\/index.php\\\/2026\\\/08\\\/31\\\/ministro-de-seguridad-anuncia-que-melipilla-se-incorporara-al-programa-escudo-de-barrio-para-avanzar-en-mas-seguridad-y-recuperacion-de-espacios\\\/#primaryimage\"},\"image\":{\"@id\":\"https:\\\/\\\/diarioellabrador.cl\\\/index.php\\\/2026\\\/08\\\/31\\\/ministro-de-seguridad-anuncia-que-melipilla-se-incorporara-al-programa-escudo-de-barrio-para-avanzar-en-mas-seguridad-y-recuperacion-de-espacios\\\/#primaryimage\"},\"thumbnailUrl\":\"https:\\\/\\\/diarioellabrador.cl\\\/wp-content\\\/uploads\\\/2026\\\/08\\\/Ministro-de-Seguridad-anuncia-que-Melipilla-se-incorporara-al-programa-Escudo-de-Barrio-para-avanzar-en-mas-seguridad-y-recuperacion-de-espacios-3.jpg\",\"datePublished\":\"2026-08-31T22:58:52+00:00\",\"dateModified\":\"2026-08-31T22:58:57+00:00\",\"breadcrumb\":{\"@id\":\"https:\\\/\\\/diarioellabrador.cl\\\/index.php\\\/2026\\\/08\\\/31\\\/ministro-de-seguridad-anuncia-que-melipilla-se-incorporara-al-programa-escudo-de-barrio-para-avanzar-en-mas-seguridad-y-recuperacion-de-espacios\\\/#breadcrumb\"},\"inLanguage\":\"es\",\"potentialAction\":[{\"@type\":\"ReadAction\",\"target\":[\"https:\\\/\\\/diarioellabrador.cl\\\/index.php\\\/2026\\\/08\\\/31\\\/ministro-de-seguridad-anuncia-que-melipilla-se-incorporara-al-programa-escudo-de-barrio-para-avanzar-en-mas-seguridad-y-recuperacion-de-espacios\\\/\"]}]},{\"@type\":\"ImageObject\",\"inLanguage\":\"es\",\"@id\":\"https:\\\/\\\/diarioellabrador.cl\\\/index.php\\\/2026\\\/08\\\/31\\\/ministro-de-seguridad-anuncia-que-melipilla-se-incorporara-al-programa-escudo-de-barrio-para-avanzar-en-mas-seguridad-y-recuperacion-de-espacios\\\/#primaryimage\",\"url\":\"https:\\\/\\\/diarioellabrador.cl\\\/wp-content\\\/uploads\\\/2026\\\/08\\\/Ministro-de-Seguridad-anuncia-que-Melipilla-se-incorporara-al-programa-Escudo-de-Barrio-para-avanzar-en-mas-seguridad-y-recuperacion-de-espacios-3.jpg\",\"contentUrl\":\"https:\\\/\\\/diarioellabrador.cl\\\/wp-content\\\/uploads\\\/2026\\\/08\\\/Ministro-de-Seguridad-anuncia-que-Melipilla-se-incorporara-al-programa-Escudo-de-Barrio-para-avanzar-en-mas-seguridad-y-recuperacion-de-espacios-3.jpg\",\"width\":1480,\"height\":1131},{\"@type\":\"BreadcrumbList\",\"@id\":\"https:\\\/\\\/diarioellabrador.cl\\\/index.php\\\/2026\\\/08\\\/31\\\/ministro-de-seguridad-anuncia-que-melipilla-se-incorporara-al-programa-escudo-de-barrio-para-avanzar-en-mas-seguridad-y-recuperacion-de-espacios\\\/#breadcrumb\",\"itemListElement\":[{\"@type\":\"ListItem\",\"position\":1,\"name\":\"Portada\",\"item\":\"https:\\\/\\\/diarioellabrador.cl\\\/\"},{\"@type\":\"ListItem\",\"position\":2,\"name\":\"Ministro de Seguridad anuncia que Melipilla se incorporar\u00e1 al programa Escudo de Barrio para avanzar en m\u00e1s seguridad y recuperaci\u00f3n de espacios\"}]},{\"@type\":\"WebSite\",\"@id\":\"https:\\\/\\\/diarioellabrador.cl\\\/#website\",\"url\":\"https:\\\/\\\/diarioellabrador.cl\\\/\",\"name\":\"Diario El Labrador\",\"description\":\"Haciendo noticia desde 1921\",\"publisher\":{\"@id\":\"https:\\\/\\\/diarioellabrador.cl\\\/#organization\"},\"potentialAction\":[{\"@type\":\"SearchAction\",\"target\":{\"@type\":\"EntryPoint\",\"urlTemplate\":\"https:\\\/\\\/diarioellabrador.cl\\\/?s={search_term_string}\"},\"query-input\":{\"@type\":\"PropertyValueSpecification\",\"valueRequired\":true,\"valueName\":\"search_term_string\"}}],\"inLanguage\":\"es\"},{\"@type\":\"Organization\",\"@id\":\"https:\\\/\\\/diarioellabrador.cl\\\/#organization\",\"name\":\"Diario El Labrador\",\"url\":\"https:\\\/\\\/diarioellabrador.cl\\\/\",\"logo\":{\"@type\":\"ImageObject\",\"inLanguage\":\"es\",\"@id\":\"https:\\\/\\\/diarioellabrador.cl\\\/#\\\/schema\\\/logo\\\/image\\\/\",\"url\":\"https:\\\/\\\/diarioellabrador.cl\\\/wp-content\\\/uploads\\\/2025\\\/02\\\/cropped-Logo-Icono.png\",\"contentUrl\":\"https:\\\/\\\/diarioellabrador.cl\\\/wp-content\\\/uploads\\\/2025\\\/02\\\/cropped-Logo-Icono.png\",\"width\":512,\"height\":512,\"caption\":\"Diario El Labrador\"},\"image\":{\"@id\":\"https:\\\/\\\/diarioellabrador.cl\\\/#\\\/schema\\\/logo\\\/image\\\/\"},\"sameAs\":[\"https:\\\/\\\/web.facebook.com\\\/profile.php?id=61576120840621\",\"https:\\\/\\\/x.com\\\/ElLabradorOf\",\"https:\\\/\\\/www.instagram.com\\\/diarioellabradoroficial\\\/\"]},{\"@type\":\"Person\",\"@id\":\"https:\\\/\\\/diarioellabrador.cl\\\/#\\\/schema\\\/person\\\/bc25ff80b4563f9c7f4bd7855df01685\",\"name\":\"Editor\",\"image\":{\"@type\":\"ImageObject\",\"inLanguage\":\"es\",\"@id\":\"https:\\\/\\\/secure.gravatar.com\\\/avatar\\\/109c326cf2be5c04f048c2c2a2b8b6ef44bf3d8d1d3d4c55d0ac40c4bc994684?s=96&d=initials&r=g&initials=ed\",\"url\":\"https:\\\/\\\/secure.gravatar.com\\\/avatar\\\/109c326cf2be5c04f048c2c2a2b8b6ef44bf3d8d1d3d4c55d0ac40c4bc994684?s=96&d=initials&r=g&initials=ed\",\"contentUrl\":\"https:\\\/\\\/secure.gravatar.com\\\/avatar\\\/109c326cf2be5c04f048c2c2a2b8b6ef44bf3d8d1d3d4c55d0ac40c4bc994684?s=96&d=initials&r=g&initials=ed\",\"caption\":\"Editor\"},\"url\":\"https:\\\/\\\/diarioellabrador.cl\\\/index.php\\\/author\\\/editor\\\/\"}]}<\/script>\n<!-- \/ Yoast SEO plugin. -->","yoast_head_json":{"title":"Ministro de Seguridad anuncia que Melipilla se incorporar\u00e1 al programa Escudo de Barrio para avanzar en m\u00e1s seguridad y recuperaci\u00f3n de espacios - Diario El Labrador","robots":{"index":"index","follow":"follow","max-snippet":"max-snippet:-1","max-image-preview":"max-image-preview:large","max-video-preview":"max-video-preview:-1"},"canonical":"https:\/\/diarioellabrador.cl\/index.php\/2026\/08\/31\/ministro-de-seguridad-anuncia-que-melipilla-se-incorporara-al-programa-escudo-de-barrio-para-avanzar-en-mas-seguridad-y-recuperacion-de-espacios\/","og_locale":"es_ES","og_type":"article","og_title":"Ministro de Seguridad anuncia que Melipilla se incorporar\u00e1 al programa Escudo de Barrio para avanzar en m\u00e1s seguridad y recuperaci\u00f3n de espacios - Diario El Labrador","og_description":"Un importante anuncio para avanzar en mayor seguridad y recuperaci\u00f3n de espacios para la comunidad realiz\u00f3 el Ministro de Seguridad P\u00fablica, Mart\u00edn Arrau, durante su visita a Melipilla, donde inform\u00f3 la incorporaci\u00f3n de la comuna al programa Escudo de Barrio, iniciativa de Gobierno que contempla una intervenci\u00f3n integral en barrios priorizados del pa\u00eds. El anuncio Leer m\u00e1s","og_url":"https:\/\/diarioellabrador.cl\/index.php\/2026\/08\/31\/ministro-de-seguridad-anuncia-que-melipilla-se-incorporara-al-programa-escudo-de-barrio-para-avanzar-en-mas-seguridad-y-recuperacion-de-espacios\/","og_site_name":"Diario El Labrador","article_publisher":"https:\/\/web.facebook.com\/profile.php?id=61576120840621","article_published_time":"2026-08-31T22:58:52+00:00","article_modified_time":"2026-08-31T22:58:57+00:00","og_image":[{"width":1480,"height":1131,"url":"https:\/\/diarioellabrador.cl\/wp-content\/uploads\/2026\/08\/Ministro-de-Seguridad-anuncia-que-Melipilla-se-incorporara-al-programa-Escudo-de-Barrio-para-avanzar-en-mas-seguridad-y-recuperacion-de-espacios-3.jpg","type":"image\/jpeg"}],"author":"Editor","twitter_card":"summary_large_image","twitter_creator":"@ElLabradorOf","twitter_site":"@ElLabradorOf","twitter_misc":{"Escrito por":"Editor","Tiempo de lectura":"5 minutos"},"schema":{"@context":"https:\/\/schema.org","@graph":[{"@type":"Article","@id":"https:\/\/diarioellabrador.cl\/index.php\/2026\/08\/31\/ministro-de-seguridad-anuncia-que-melipilla-se-incorporara-al-programa-escudo-de-barrio-para-avanzar-en-mas-seguridad-y-recuperacion-de-espacios\/#article","isPartOf":{"@id":"https:\/\/diarioellabrador.cl\/index.php\/2026\/08\/31\/ministro-de-seguridad-anuncia-que-melipilla-se-incorporara-al-programa-escudo-de-barrio-para-avanzar-en-mas-seguridad-y-recuperacion-de-espacios\/"},"author":{"name":"Editor","@id":"https:\/\/diarioellabrador.cl\/#\/schema\/person\/bc25ff80b4563f9c7f4bd7855df01685"},"headline":"Ministro de Seguridad anuncia que Melipilla se incorporar\u00e1 al programa Escudo de Barrio para avanzar en m\u00e1s seguridad y recuperaci\u00f3n de espacios","datePublished":"2026-08-31T22:58:52+00:00","dateModified":"2026-08-31T22:58:57+00:00","mainEntityOfPage":{"@id":"https:\/\/diarioellabrador.cl\/index.php\/2026\/08\/31\/ministro-de-seguridad-anuncia-que-melipilla-se-incorporara-al-programa-escudo-de-barrio-para-avanzar-en-mas-seguridad-y-recuperacion-de-espacios\/"},"wordCount":928,"commentCount":0,"publisher":{"@id":"https:\/\/diarioellabrador.cl\/#organization"},"image":{"@id":"https:\/\/diarioellabrador.cl\/index.php\/2026\/08\/31\/ministro-de-seguridad-anuncia-que-melipilla-se-incorporara-al-programa-escudo-de-barrio-para-avanzar-en-mas-seguridad-y-recuperacion-de-espacios\/#primaryimage"},"thumbnailUrl":"https:\/\/diarioellabrador.cl\/wp-content\/uploads\/2026\/08\/Ministro-de-Seguridad-anuncia-que-Melipilla-se-incorporara-al-programa-Escudo-de-Barrio-para-avanzar-en-mas-seguridad-y-recuperacion-de-espacios-3.jpg","articleSection":["Cr\u00f3nica"],"inLanguage":"es","potentialAction":[{"@type":"CommentAction","name":"Comment","target":["https:\/\/diarioellabrador.cl\/index.php\/2026\/08\/31\/ministro-de-seguridad-anuncia-que-melipilla-se-incorporara-al-programa-escudo-de-barrio-para-avanzar-en-mas-seguridad-y-recuperacion-de-espacios\/#respond"]}]},{"@type":"WebPage","@id":"https:\/\/diarioellabrador.cl\/index.php\/2026\/08\/31\/ministro-de-seguridad-anuncia-que-melipilla-se-incorporara-al-programa-escudo-de-barrio-para-avanzar-en-mas-seguridad-y-recuperacion-de-espacios\/","url":"https:\/\/diarioellabrador.cl\/index.php\/2026\/08\/31\/ministro-de-seguridad-anuncia-que-melipilla-se-incorporara-al-programa-escudo-de-barrio-para-avanzar-en-mas-seguridad-y-recuperacion-de-espacios\/","name":"Ministro de Seguridad anuncia que Melipilla se incorporar\u00e1 al programa Escudo de Barrio para avanzar en m\u00e1s seguridad y recuperaci\u00f3n de espacios - Diario El Labrador","isPartOf":{"@id":"https:\/\/diarioellabrador.cl\/#website"},"primaryImageOfPage":{"@id":"https:\/\/diarioellabrador.cl\/index.php\/2026\/08\/31\/ministro-de-seguridad-anuncia-que-melipilla-se-incorporara-al-programa-escudo-de-barrio-para-avanzar-en-mas-seguridad-y-recuperacion-de-espacios\/#primaryimage"},"image":{"@id":"https:\/\/diarioellabrador.cl\/index.php\/2026\/08\/31\/ministro-de-seguridad-anuncia-que-melipilla-se-incorporara-al-programa-escudo-de-barrio-para-avanzar-en-mas-seguridad-y-recuperacion-de-espacios\/#primaryimage"},"thumbnailUrl":"https:\/\/diarioellabrador.cl\/wp-content\/uploads\/2026\/08\/Ministro-de-Seguridad-anuncia-que-Melipilla-se-incorporara-al-programa-Escudo-de-Barrio-para-avanzar-en-mas-seguridad-y-recuperacion-de-espacios-3.jpg","datePublished":"2026-08-31T22:58:52+00:00","dateModified":"2026-08-31T22:58:57+00:00","breadcrumb":{"@id":"https:\/\/diarioellabrador.cl\/index.php\/2026\/08\/31\/ministro-de-seguridad-anuncia-que-melipilla-se-incorporara-al-programa-escudo-de-barrio-para-avanzar-en-mas-seguridad-y-recuperacion-de-espacios\/#breadcrumb"},"inLanguage":"es","potentialAction":[{"@type":"ReadAction","target":["https:\/\/diarioellabrador.cl\/index.php\/2026\/08\/31\/ministro-de-seguridad-anuncia-que-melipilla-se-incorporara-al-programa-escudo-de-barrio-para-avanzar-en-mas-seguridad-y-recuperacion-de-espacios\/"]}]},{"@type":"ImageObject","inLanguage":"es","@id":"https:\/\/diarioellabrador.cl\/index.php\/2026\/08\/31\/ministro-de-seguridad-anuncia-que-melipilla-se-incorporara-al-programa-escudo-de-barrio-para-avanzar-en-mas-seguridad-y-recuperacion-de-espacios\/#primaryimage","url":"https:\/\/diarioellabrador.cl\/wp-content\/uploads\/2026\/08\/Ministro-de-Seguridad-anuncia-que-Melipilla-se-incorporara-al-programa-Escudo-de-Barrio-para-avanzar-en-mas-seguridad-y-recuperacion-de-espacios-3.jpg","contentUrl":"https:\/\/diarioellabrador.cl\/wp-content\/uploads\/2026\/08\/Ministro-de-Seguridad-anuncia-que-Melipilla-se-incorporara-al-programa-Escudo-de-Barrio-para-avanzar-en-mas-seguridad-y-recuperacion-de-espacios-3.jpg","width":1480,"height":1131},{"@type":"BreadcrumbList","@id":"https:\/\/diarioellabrador.cl\/index.php\/2026\/08\/31\/ministro-de-seguridad-anuncia-que-melipilla-se-incorporara-al-programa-escudo-de-barrio-para-avanzar-en-mas-seguridad-y-recuperacion-de-espacios\/#breadcrumb","itemListElement":[{"@type":"ListItem","position":1,"name":"Portada","item":"https:\/\/diarioellabrador.cl\/"},{"@type":"ListItem","position":2,"name":"Ministro de Seguridad anuncia que Melipilla se incorporar\u00e1 al programa Escudo de Barrio para avanzar en m\u00e1s seguridad y recuperaci\u00f3n de espacios"}]},{"@type":"WebSite","@id":"https:\/\/diarioellabrador.cl\/#website","url":"https:\/\/diarioellabrador.cl\/","name":"Diario El Labrador","description":"Haciendo noticia desde 1921","publisher":{"@id":"https:\/\/diarioellabrador.cl\/#organization"},"potentialAction":[{"@type":"SearchAction","target":{"@type":"EntryPoint","urlTemplate":"https:\/\/diarioellabrador.cl\/?s={search_term_string}"},"query-input":{"@type":"PropertyValueSpecification","valueRequired":true,"valueName":"search_term_string"}}],"inLanguage":"es"},{"@type":"Organization","@id":"https:\/\/diarioellabrador.cl\/#organization","name":"Diario El Labrador","url":"https:\/\/diarioellabrador.cl\/","logo":{"@type":"ImageObject","inLanguage":"es","@id":"https:\/\/diarioellabrador.cl\/#\/schema\/logo\/image\/","url":"https:\/\/diarioellabrador.cl\/wp-content\/uploads\/2025\/02\/cropped-Logo-Icono.png","contentUrl":"https:\/\/diarioellabrador.cl\/wp-content\/uploads\/2025\/02\/cropped-Logo-Icono.png","width":512,"height":512,"caption":"Diario El Labrador"},"image":{"@id":"https:\/\/diarioellabrador.cl\/#\/schema\/logo\/image\/"},"sameAs":["https:\/\/web.facebook.com\/profile.php?id=61576120840621","https:\/\/x.com\/ElLabradorOf","https:\/\/www.instagram.com\/diarioellabradoroficial\/"]},{"@type":"Person","@id":"https:\/\/diarioellabrador.cl\/#\/schema\/person\/bc25ff80b4563f9c7f4bd7855df01685","name":"Editor","image":{"@type":"ImageObject","inLanguage":"es","@id":"https:\/\/secure.gravatar.com\/avatar\/109c326cf2be5c04f048c2c2a2b8b6ef44bf3d8d1d3d4c55d0ac40c4bc994684?s=96&d=initials&r=g&initials=ed","url":"https:\/\/secure.gravatar.com\/avatar\/109c326cf2be5c04f048c2c2a2b8b6ef44bf3d8d1d3d4c55d0ac40c4bc994684?s=96&d=initials&r=g&initials=ed","contentUrl":"https:\/\/secure.gravatar.com\/avatar\/109c326cf2be5c04f048c2c2a2b8b6ef44bf3d8d1d3d4c55d0ac40c4bc994684?s=96&d=initials&r=g&initials=ed","caption":"Editor"},"url":"https:\/\/diarioellabrador.cl\/index.php\/author\/editor\/"}]}},"_links":{"self":[{"href":"https:\/\/diarioellabrador.cl\/index.php\/wp-json\/wp\/v2\/posts\/24327","targetHints":{"allow":["GET"]}}],"collection":[{"href":"https:\/\/diarioellabrador.cl\/index.php\/wp-json\/wp\/v2\/posts"}],"about":[{"href":"https:\/\/diarioellabrador.cl\/index.php\/wp-json\/wp\/v2\/types\/post"}],"author":[{"embeddable":true,"href":"https:\/\/diarioellabrador.cl\/index.php\/wp-json\/wp\/v2\/users\/2"}],"replies":[{"embeddable":true,"href":"https:\/\/diarioellabrador.cl\/index.php\/wp-json\/wp\/v2\/comments?post=24327"}],"version-history":[{"count":1,"href":"https:\/\/diarioellabrador.cl\/index.php\/wp-json\/wp\/v2\/posts\/24327\/revisions"}],"predecessor-version":[{"id":24328,"href":"https:\/\/diarioellabrador.cl\/index.php\/wp-json\/wp\/v2\/posts\/24327\/revisions\/24328"}],"wp:featuredmedia":[{"embeddable":true,"href":"https:\/\/diarioellabrador.cl\/index.php\/wp-json\/wp\/v2\/media\/24265"}],"wp:attachment":[{"href":"https:\/\/diarioellabrador.cl\/index.php\/wp-json\/wp\/v2\/media?parent=24327"}],"wp:term":[{"taxonomy":"category","embeddable":true,"href":"https:\/\/diarioellabrador.cl\/index.php\/wp-json\/wp\/v2\/categories?post=24327"},{"taxonomy":"post_tag","embeddable":true,"href":"https:\/\/diarioellabrador.cl\/index.php\/wp-json\/wp\/v2\/tags?post=24327"}],"curies":[{"name":"wp","href":"https:\/\/api.w.org\/{rel}","templated":true}]}}