{"id":24325,"date":"2026-08-31T18:58:06","date_gmt":"2026-08-31T22:58:06","guid":{"rendered":"https:\/\/diarioellabrador.cl\/?p=24325"},"modified":"2026-08-31T18:58:10","modified_gmt":"2026-08-31T22:58:10","slug":"comuna-de-san-pedro-obtiene-el-primer-lugar-de-la-fase-provincial-de-cueca-del-adulto-mayor-luisa-riquelme-aravena-2026","status":"publish","type":"post","link":"https:\/\/diarioellabrador.cl\/index.php\/2026\/08\/31\/comuna-de-san-pedro-obtiene-el-primer-lugar-de-la-fase-provincial-de-cueca-del-adulto-mayor-luisa-riquelme-aravena-2026\/","title":{"rendered":"Comuna de San Pedro obtiene el primer lugar de la fase provincial de Cueca del Adulto Mayor \u201cLuisa Riquelme Aravena 2026\u201d"},"content":{"rendered":"\n<ul class=\"wp-block-list\">\n<li><strong>La pareja integrada por Esther Jim\u00e9nez y Ricardo Araya, obtuvo el primer lugar de la competencia. Melipilla alcanz\u00f3 el segundo puesto, con Luisa Rubilar y David Sierra, mientras que Mar\u00eda Pinto se qued\u00f3 con el tercer lugar, con Isabel Mart\u00ednez y Luis Fernando Gonz\u00e1lez.<\/strong><\/li>\n<\/ul>\n\n\n\n<p class=\"wp-block-paragraph\">Con una jornada marcada por la m\u00fasica, alegr\u00eda y el rescate de nuestras tradiciones, se desarroll\u00f3 con \u00e9xito la Final Provincial del XXVI Campeonato de Cueca del Adulto Mayor \u201cLuisa Riquelme Aravena 2026\u201d, organizada por Delegaci\u00f3n Presidencial Provincial de Melipilla, instancia que reuni\u00f3 a parejas representantes de las cinco comunas de la provincia.<\/p>\n\n\n\n<p class=\"wp-block-paragraph\">Tras una re\u00f1ida competencia, la cual fue musicalizada por el grupo \u201cZapateando la Cueca de Melipilla\u201d, la pareja representante de San Pedro, Esther Jim\u00e9nez y Ricardo Araya, se alz\u00f3 con el primer lugar provincial y obtuvo el derecho a representar a la provincia en la Final Regional Metropolitana, que se realizar\u00e1 el pr\u00f3ximo 10 de septiembre en la comuna de \u00d1u\u00f1oa, jornada que ser\u00e1 organizada por Delegaci\u00f3n Regional Metropolitana.<\/p>\n\n\n\n<p class=\"wp-block-paragraph\">El segundo lugar fue para la pareja de Melipilla, compuesta por Luisa Rubilar y David Sierra, mientras que el tercer lugar correspondi\u00f3 a Mar\u00eda Pinto, representada por Isabel Mart\u00ednez y Luis Fernando Gonz\u00e1lez.<\/p>\n\n\n\n<p class=\"wp-block-paragraph\">La pareja ganadora recibi\u00f3 como reconocimiento medallas y diplomas, adem\u00e1s de \u00e1rboles aportados por CONAF y un premio especial consistente en un pase para dos personas al spa Country Club Los Molinos de Melipilla, como parte de los reconocimientos entregados durante la jornada.<\/p>\n\n\n\n<p class=\"wp-block-paragraph\">El delegado presidencial provincial de Melipilla, Gast\u00f3n Libuy, valor\u00f3 la participaci\u00f3n de las parejas y destac\u00f3 la importancia de continuar generando espacios que permitan mantener vivas las tradiciones nacionales.<\/p>\n\n\n\n<p class=\"wp-block-paragraph\">\u201cFelicitar a todas las parejas en competencia de las cinco comunas de la provincia. Felicitar a los m\u00fasicos, agradecer al jurado que estuvo participando de esta tan bonita actividad. En definitiva, estamos muy contentos de estar rescatando las tradiciones, mantener el folclore, incentivando y divulgando nuestro baile nacional, especialmente una felicitaci\u00f3n a la comuna de San Pedro, que su pareja cuequera fue la ganadora, a quienes esperamos le vaya muy bien en el campeonato regional, y ojal\u00e1 puedan llegar al campeonato nacional que se va a desarrollar en la comuna de Tom\u00e9\u201d.<\/p>\n\n\n\n<p class=\"wp-block-paragraph\">En esta l\u00ednea, la autoridad agradeci\u00f3 tambi\u00e9n a quienes colaboraron para concretar la actividad, especialmente a Municipalidad de Melipilla, por facilitar el espacio para la realizaci\u00f3n de la final provincial, y Country Club Los Molinos, por su apoyo durante la jornada y por aportar parte de los premios para la pareja ganadora.<\/p>\n\n\n\n<p class=\"wp-block-paragraph\"><strong>\u201cNos vamos al regional\u201d: la alegr\u00eda de la pareja de San Pedro tras quedarse con el primer lugar provincial<\/strong><\/p>\n\n\n\n<p class=\"wp-block-paragraph\">El triunfo fue recibido con especial alegr\u00eda por la pareja representante de San Pedro, que ahora se prepara para enfrentar la Final Regional Metropolitana.<\/p>\n\n\n\n<p class=\"wp-block-paragraph\">Ricardo Araya, integrante de la pareja ganadora, destac\u00f3 la emoci\u00f3n de avanzar en la competencia. \u201cPara nosotros es una tremenda alegr\u00eda poder haber participado en este campeonato. Yo estaba esperando mi edad para competir, porque me gusta hacer las cosas correctamente, y de aqu\u00ed en adelante, tras haber triunfado en el comunal, ahora en el provincial, ahora nos vamos al regional, as\u00ed que estamos muy contentos. Cuando partimos con esta propuesta, la idea era esa, llegar a Tom\u00e9 y por qu\u00e9 no traernos la tricolor y estar en el cuadro de honor\u201d.<\/p>\n\n\n\n<p class=\"wp-block-paragraph\">Por su parte, Esther Jim\u00e9nez, quien junto a Ricardo obtuvo el primer lugar para San Pedro, se\u00f1al\u00f3 que llegaron a la competencia principalmente con el deseo de disfrutar de la danza que los apasiona. \u201cVinimos a bailar, nada m\u00e1s, porque nos encanta la cueca. No sab\u00edamos el resultado ni nada, pero vinimos a participar. Yo de mayorcita aprend\u00ed a bailar la cueca, trat\u00e9 de hacerlo bien para representar mi comuna\u201d, indic\u00f3. &nbsp;<\/p>\n\n\n\n<p class=\"wp-block-paragraph\">El triunfo tambi\u00e9n fue valorado por el representante del jurado, Nelson Retamales, quien destac\u00f3 el nivel demostrado por las parejas y, especialmente, la importancia de mantener viva la cueca entre las personas mayores.<\/p>\n\n\n\n<p class=\"wp-block-paragraph\">\u201cPrimero, resaltar el hecho de este campeonato para adultos mayores que organiza Delegaci\u00f3n Presidencial Provincial. Segundo, el premio que se lleva San Pedro es absolutamente merecido, fue lejos la mejor pareja, con una peque\u00f1a diferencia con Melipilla. Pero lo importante no es quien gana un campeonato de cueca, sino que lo importante es que la cueca est\u00e1 viva, que se est\u00e1 practicando y que nuestras autoridades la est\u00e1n relevando, de manera tal que hay que seguir con este tipo de actividades\u201d.<\/p>\n\n\n\n<p class=\"wp-block-paragraph\">En tanto, el alcalde de San Pedro, Manuel Devia, felicit\u00f3 a la pareja que represent\u00f3 a la comuna y valor\u00f3 el resultado obtenido en la competencia provincial. \u201cFelicitar a la delegaci\u00f3n por esta linda actividad, este campeonato provincial, y saludar a la pareja de San Pedro que represent\u00f3 a nuestra comuna. Bailaron muy bien, y creo est\u00e1 bien \u2013seg\u00fan mi apreciaci\u00f3n\u2013 elegido el primer lugar. Si bien es cierto todas las parejas merec\u00edan ganar, quienes ten\u00edan un nivel alt\u00edsimo, pero creo que se qued\u00f3 en la pareja que bail\u00f3 mejor, as\u00ed que felicitaciones por esta gran actividad\u201d.<\/p>\n\n\n\n<p class=\"wp-block-paragraph\">La jornada tambi\u00e9n cont\u00f3 con el apoyo del Country Club Los Molinos, ubicado en la localidad de Rumay, cuyo propietario, Pedro Mu\u00f1oz, destac\u00f3 el desarrollo de la competencia y la positiva recepci\u00f3n por parte de los asistentes. \u201cFue sensacional, se vio espectacular la competencia, la cual fue muy peleada, pero se ve que la gente lo disfrut\u00f3\u201d. En esta l\u00ednea, hizo una invitaci\u00f3n a las instalaciones de Country Club Los Molinos \u201cque est\u00e1 ubicado en Rumay, donde nos pueden seguir en Instagram en @cclosmolinos o al tel\u00e9fono 9 9231 9999, donde se puede reservar hora, y donde se puede disfrutar de la piscina temperada\u201d, manifest\u00f3.<\/p>\n\n\n\n<p class=\"wp-block-paragraph\"><\/p>\n","protected":false},"excerpt":{"rendered":"<p>Con una jornada marcada por la m\u00fasica, alegr\u00eda y el rescate de nuestras tradiciones, se desarroll\u00f3 con \u00e9xito la Final Provincial del XXVI Campeonato de Cueca del Adulto Mayor \u201cLuisa Riquelme Aravena 2026\u201d, organizada por Delegaci\u00f3n Presidencial Provincial de Melipilla, instancia que reuni\u00f3 a parejas representantes de las cinco comunas de la provincia. Tras una<\/p>\n<div class=\"read-more-wrapper\"><a class=\"read-more\" href=\"https:\/\/diarioellabrador.cl\/index.php\/2026\/08\/31\/comuna-de-san-pedro-obtiene-el-primer-lugar-de-la-fase-provincial-de-cueca-del-adulto-mayor-luisa-riquelme-aravena-2026\/\" title=\"Leer m\u00e1s\"> <span class=\"button \">Leer m\u00e1s<\/span><\/a><\/div>\n","protected":false},"author":2,"featured_media":24267,"comment_status":"open","ping_status":"open","sticky":false,"template":"","format":"standard","meta":{"footnotes":"","_members_access_role":[],"_members_access_error":""},"categories":[1],"tags":[],"class_list":["post-24325","post","type-post","status-publish","format-standard","has-post-thumbnail","hentry","category-cronica"],"yoast_head":"<!-- This site is optimized with the Yoast SEO plugin v28.3 - https:\/\/yoast.com\/product\/yoast-seo-wordpress\/ -->\n<title>Comuna de San Pedro obtiene el primer lugar de la fase provincial de Cueca del Adulto Mayor \u201cLuisa Riquelme Aravena 2026\u201d - Diario El Labrador<\/title>\n<meta name=\"robots\" content=\"index, follow, max-snippet:-1, max-image-preview:large, max-video-preview:-1\" \/>\n<link rel=\"canonical\" href=\"https:\/\/diarioellabrador.cl\/index.php\/2026\/08\/31\/comuna-de-san-pedro-obtiene-el-primer-lugar-de-la-fase-provincial-de-cueca-del-adulto-mayor-luisa-riquelme-aravena-2026\/\" \/>\n<meta property=\"og:locale\" content=\"es_ES\" \/>\n<meta property=\"og:type\" content=\"article\" \/>\n<meta property=\"og:title\" content=\"Comuna de San Pedro obtiene el primer lugar de la fase provincial de Cueca del Adulto Mayor \u201cLuisa Riquelme Aravena 2026\u201d - Diario El Labrador\" \/>\n<meta property=\"og:description\" content=\"Con una jornada marcada por la m\u00fasica, alegr\u00eda y el rescate de nuestras tradiciones, se desarroll\u00f3 con \u00e9xito la Final Provincial del XXVI Campeonato de Cueca del Adulto Mayor \u201cLuisa Riquelme Aravena 2026\u201d, organizada por Delegaci\u00f3n Presidencial Provincial de Melipilla, instancia que reuni\u00f3 a parejas representantes de las cinco comunas de la provincia. Tras una Leer m\u00e1s\" \/>\n<meta property=\"og:url\" content=\"https:\/\/diarioellabrador.cl\/index.php\/2026\/08\/31\/comuna-de-san-pedro-obtiene-el-primer-lugar-de-la-fase-provincial-de-cueca-del-adulto-mayor-luisa-riquelme-aravena-2026\/\" \/>\n<meta property=\"og:site_name\" content=\"Diario El Labrador\" \/>\n<meta property=\"article:publisher\" content=\"https:\/\/web.facebook.com\/profile.php?id=61576120840621\" \/>\n<meta property=\"article:published_time\" content=\"2026-08-31T22:58:06+00:00\" \/>\n<meta property=\"article:modified_time\" content=\"2026-08-31T22:58:10+00:00\" \/>\n<meta property=\"og:image\" content=\"https:\/\/diarioellabrador.cl\/wp-content\/uploads\/2026\/08\/Comuna-de-San-Pedro-obtiene-el-primer-lugar-de-la-fase-provincial-de-Cueca-del-Adulto-Mayor-Luisa-Riquelme-Aravena-2026-1.jpg\" \/>\n\t<meta property=\"og:image:width\" content=\"1195\" \/>\n\t<meta property=\"og:image:height\" content=\"896\" \/>\n\t<meta property=\"og:image:type\" content=\"image\/jpeg\" \/>\n<meta name=\"author\" content=\"Editor\" \/>\n<meta name=\"twitter:card\" content=\"summary_large_image\" \/>\n<meta name=\"twitter:creator\" content=\"@ElLabradorOf\" \/>\n<meta name=\"twitter:site\" content=\"@ElLabradorOf\" \/>\n<meta name=\"twitter:label1\" content=\"Escrito por\" \/>\n\t<meta name=\"twitter:data1\" content=\"Editor\" \/>\n\t<meta name=\"twitter:label2\" content=\"Tiempo de lectura\" \/>\n\t<meta name=\"twitter:data2\" content=\"5 minutos\" \/>\n<script type=\"application\/ld+json\" class=\"yoast-schema-graph\">{\"@context\":\"https:\\\/\\\/schema.org\",\"@graph\":[{\"@type\":\"Article\",\"@id\":\"https:\\\/\\\/diarioellabrador.cl\\\/index.php\\\/2026\\\/08\\\/31\\\/comuna-de-san-pedro-obtiene-el-primer-lugar-de-la-fase-provincial-de-cueca-del-adulto-mayor-luisa-riquelme-aravena-2026\\\/#article\",\"isPartOf\":{\"@id\":\"https:\\\/\\\/diarioellabrador.cl\\\/index.php\\\/2026\\\/08\\\/31\\\/comuna-de-san-pedro-obtiene-el-primer-lugar-de-la-fase-provincial-de-cueca-del-adulto-mayor-luisa-riquelme-aravena-2026\\\/\"},\"author\":{\"name\":\"Editor\",\"@id\":\"https:\\\/\\\/diarioellabrador.cl\\\/#\\\/schema\\\/person\\\/bc25ff80b4563f9c7f4bd7855df01685\"},\"headline\":\"Comuna de San Pedro obtiene el primer lugar de la fase provincial de Cueca del Adulto Mayor \u201cLuisa Riquelme Aravena 2026\u201d\",\"datePublished\":\"2026-08-31T22:58:06+00:00\",\"dateModified\":\"2026-08-31T22:58:10+00:00\",\"mainEntityOfPage\":{\"@id\":\"https:\\\/\\\/diarioellabrador.cl\\\/index.php\\\/2026\\\/08\\\/31\\\/comuna-de-san-pedro-obtiene-el-primer-lugar-de-la-fase-provincial-de-cueca-del-adulto-mayor-luisa-riquelme-aravena-2026\\\/\"},\"wordCount\":1000,\"commentCount\":0,\"publisher\":{\"@id\":\"https:\\\/\\\/diarioellabrador.cl\\\/#organization\"},\"image\":{\"@id\":\"https:\\\/\\\/diarioellabrador.cl\\\/index.php\\\/2026\\\/08\\\/31\\\/comuna-de-san-pedro-obtiene-el-primer-lugar-de-la-fase-provincial-de-cueca-del-adulto-mayor-luisa-riquelme-aravena-2026\\\/#primaryimage\"},\"thumbnailUrl\":\"https:\\\/\\\/diarioellabrador.cl\\\/wp-content\\\/uploads\\\/2026\\\/08\\\/Comuna-de-San-Pedro-obtiene-el-primer-lugar-de-la-fase-provincial-de-Cueca-del-Adulto-Mayor-Luisa-Riquelme-Aravena-2026-1.jpg\",\"articleSection\":[\"Cr\u00f3nica\"],\"inLanguage\":\"es\",\"potentialAction\":[{\"@type\":\"CommentAction\",\"name\":\"Comment\",\"target\":[\"https:\\\/\\\/diarioellabrador.cl\\\/index.php\\\/2026\\\/08\\\/31\\\/comuna-de-san-pedro-obtiene-el-primer-lugar-de-la-fase-provincial-de-cueca-del-adulto-mayor-luisa-riquelme-aravena-2026\\\/#respond\"]}]},{\"@type\":\"WebPage\",\"@id\":\"https:\\\/\\\/diarioellabrador.cl\\\/index.php\\\/2026\\\/08\\\/31\\\/comuna-de-san-pedro-obtiene-el-primer-lugar-de-la-fase-provincial-de-cueca-del-adulto-mayor-luisa-riquelme-aravena-2026\\\/\",\"url\":\"https:\\\/\\\/diarioellabrador.cl\\\/index.php\\\/2026\\\/08\\\/31\\\/comuna-de-san-pedro-obtiene-el-primer-lugar-de-la-fase-provincial-de-cueca-del-adulto-mayor-luisa-riquelme-aravena-2026\\\/\",\"name\":\"Comuna de San Pedro obtiene el primer lugar de la fase provincial de Cueca del Adulto Mayor \u201cLuisa Riquelme Aravena 2026\u201d - Diario El Labrador\",\"isPartOf\":{\"@id\":\"https:\\\/\\\/diarioellabrador.cl\\\/#website\"},\"primaryImageOfPage\":{\"@id\":\"https:\\\/\\\/diarioellabrador.cl\\\/index.php\\\/2026\\\/08\\\/31\\\/comuna-de-san-pedro-obtiene-el-primer-lugar-de-la-fase-provincial-de-cueca-del-adulto-mayor-luisa-riquelme-aravena-2026\\\/#primaryimage\"},\"image\":{\"@id\":\"https:\\\/\\\/diarioellabrador.cl\\\/index.php\\\/2026\\\/08\\\/31\\\/comuna-de-san-pedro-obtiene-el-primer-lugar-de-la-fase-provincial-de-cueca-del-adulto-mayor-luisa-riquelme-aravena-2026\\\/#primaryimage\"},\"thumbnailUrl\":\"https:\\\/\\\/diarioellabrador.cl\\\/wp-content\\\/uploads\\\/2026\\\/08\\\/Comuna-de-San-Pedro-obtiene-el-primer-lugar-de-la-fase-provincial-de-Cueca-del-Adulto-Mayor-Luisa-Riquelme-Aravena-2026-1.jpg\",\"datePublished\":\"2026-08-31T22:58:06+00:00\",\"dateModified\":\"2026-08-31T22:58:10+00:00\",\"breadcrumb\":{\"@id\":\"https:\\\/\\\/diarioellabrador.cl\\\/index.php\\\/2026\\\/08\\\/31\\\/comuna-de-san-pedro-obtiene-el-primer-lugar-de-la-fase-provincial-de-cueca-del-adulto-mayor-luisa-riquelme-aravena-2026\\\/#breadcrumb\"},\"inLanguage\":\"es\",\"potentialAction\":[{\"@type\":\"ReadAction\",\"target\":[\"https:\\\/\\\/diarioellabrador.cl\\\/index.php\\\/2026\\\/08\\\/31\\\/comuna-de-san-pedro-obtiene-el-primer-lugar-de-la-fase-provincial-de-cueca-del-adulto-mayor-luisa-riquelme-aravena-2026\\\/\"]}]},{\"@type\":\"ImageObject\",\"inLanguage\":\"es\",\"@id\":\"https:\\\/\\\/diarioellabrador.cl\\\/index.php\\\/2026\\\/08\\\/31\\\/comuna-de-san-pedro-obtiene-el-primer-lugar-de-la-fase-provincial-de-cueca-del-adulto-mayor-luisa-riquelme-aravena-2026\\\/#primaryimage\",\"url\":\"https:\\\/\\\/diarioellabrador.cl\\\/wp-content\\\/uploads\\\/2026\\\/08\\\/Comuna-de-San-Pedro-obtiene-el-primer-lugar-de-la-fase-provincial-de-Cueca-del-Adulto-Mayor-Luisa-Riquelme-Aravena-2026-1.jpg\",\"contentUrl\":\"https:\\\/\\\/diarioellabrador.cl\\\/wp-content\\\/uploads\\\/2026\\\/08\\\/Comuna-de-San-Pedro-obtiene-el-primer-lugar-de-la-fase-provincial-de-Cueca-del-Adulto-Mayor-Luisa-Riquelme-Aravena-2026-1.jpg\",\"width\":1195,\"height\":896},{\"@type\":\"BreadcrumbList\",\"@id\":\"https:\\\/\\\/diarioellabrador.cl\\\/index.php\\\/2026\\\/08\\\/31\\\/comuna-de-san-pedro-obtiene-el-primer-lugar-de-la-fase-provincial-de-cueca-del-adulto-mayor-luisa-riquelme-aravena-2026\\\/#breadcrumb\",\"itemListElement\":[{\"@type\":\"ListItem\",\"position\":1,\"name\":\"Portada\",\"item\":\"https:\\\/\\\/diarioellabrador.cl\\\/\"},{\"@type\":\"ListItem\",\"position\":2,\"name\":\"Comuna de San Pedro obtiene el primer lugar de la fase provincial de Cueca del Adulto Mayor \u201cLuisa Riquelme Aravena 2026\u201d\"}]},{\"@type\":\"WebSite\",\"@id\":\"https:\\\/\\\/diarioellabrador.cl\\\/#website\",\"url\":\"https:\\\/\\\/diarioellabrador.cl\\\/\",\"name\":\"Diario El Labrador\",\"description\":\"Haciendo noticia desde 1921\",\"publisher\":{\"@id\":\"https:\\\/\\\/diarioellabrador.cl\\\/#organization\"},\"potentialAction\":[{\"@type\":\"SearchAction\",\"target\":{\"@type\":\"EntryPoint\",\"urlTemplate\":\"https:\\\/\\\/diarioellabrador.cl\\\/?s={search_term_string}\"},\"query-input\":{\"@type\":\"PropertyValueSpecification\",\"valueRequired\":true,\"valueName\":\"search_term_string\"}}],\"inLanguage\":\"es\"},{\"@type\":\"Organization\",\"@id\":\"https:\\\/\\\/diarioellabrador.cl\\\/#organization\",\"name\":\"Diario El Labrador\",\"url\":\"https:\\\/\\\/diarioellabrador.cl\\\/\",\"logo\":{\"@type\":\"ImageObject\",\"inLanguage\":\"es\",\"@id\":\"https:\\\/\\\/diarioellabrador.cl\\\/#\\\/schema\\\/logo\\\/image\\\/\",\"url\":\"https:\\\/\\\/diarioellabrador.cl\\\/wp-content\\\/uploads\\\/2025\\\/02\\\/cropped-Logo-Icono.png\",\"contentUrl\":\"https:\\\/\\\/diarioellabrador.cl\\\/wp-content\\\/uploads\\\/2025\\\/02\\\/cropped-Logo-Icono.png\",\"width\":512,\"height\":512,\"caption\":\"Diario El Labrador\"},\"image\":{\"@id\":\"https:\\\/\\\/diarioellabrador.cl\\\/#\\\/schema\\\/logo\\\/image\\\/\"},\"sameAs\":[\"https:\\\/\\\/web.facebook.com\\\/profile.php?id=61576120840621\",\"https:\\\/\\\/x.com\\\/ElLabradorOf\",\"https:\\\/\\\/www.instagram.com\\\/diarioellabradoroficial\\\/\"]},{\"@type\":\"Person\",\"@id\":\"https:\\\/\\\/diarioellabrador.cl\\\/#\\\/schema\\\/person\\\/bc25ff80b4563f9c7f4bd7855df01685\",\"name\":\"Editor\",\"image\":{\"@type\":\"ImageObject\",\"inLanguage\":\"es\",\"@id\":\"https:\\\/\\\/secure.gravatar.com\\\/avatar\\\/109c326cf2be5c04f048c2c2a2b8b6ef44bf3d8d1d3d4c55d0ac40c4bc994684?s=96&d=initials&r=g&initials=ed\",\"url\":\"https:\\\/\\\/secure.gravatar.com\\\/avatar\\\/109c326cf2be5c04f048c2c2a2b8b6ef44bf3d8d1d3d4c55d0ac40c4bc994684?s=96&d=initials&r=g&initials=ed\",\"contentUrl\":\"https:\\\/\\\/secure.gravatar.com\\\/avatar\\\/109c326cf2be5c04f048c2c2a2b8b6ef44bf3d8d1d3d4c55d0ac40c4bc994684?s=96&d=initials&r=g&initials=ed\",\"caption\":\"Editor\"},\"url\":\"https:\\\/\\\/diarioellabrador.cl\\\/index.php\\\/author\\\/editor\\\/\"}]}<\/script>\n<!-- \/ Yoast SEO plugin. -->","yoast_head_json":{"title":"Comuna de San Pedro obtiene el primer lugar de la fase provincial de Cueca del Adulto Mayor \u201cLuisa Riquelme Aravena 2026\u201d - Diario El Labrador","robots":{"index":"index","follow":"follow","max-snippet":"max-snippet:-1","max-image-preview":"max-image-preview:large","max-video-preview":"max-video-preview:-1"},"canonical":"https:\/\/diarioellabrador.cl\/index.php\/2026\/08\/31\/comuna-de-san-pedro-obtiene-el-primer-lugar-de-la-fase-provincial-de-cueca-del-adulto-mayor-luisa-riquelme-aravena-2026\/","og_locale":"es_ES","og_type":"article","og_title":"Comuna de San Pedro obtiene el primer lugar de la fase provincial de Cueca del Adulto Mayor \u201cLuisa Riquelme Aravena 2026\u201d - Diario El Labrador","og_description":"Con una jornada marcada por la m\u00fasica, alegr\u00eda y el rescate de nuestras tradiciones, se desarroll\u00f3 con \u00e9xito la Final Provincial del XXVI Campeonato de Cueca del Adulto Mayor \u201cLuisa Riquelme Aravena 2026\u201d, organizada por Delegaci\u00f3n Presidencial Provincial de Melipilla, instancia que reuni\u00f3 a parejas representantes de las cinco comunas de la provincia. Tras una Leer m\u00e1s","og_url":"https:\/\/diarioellabrador.cl\/index.php\/2026\/08\/31\/comuna-de-san-pedro-obtiene-el-primer-lugar-de-la-fase-provincial-de-cueca-del-adulto-mayor-luisa-riquelme-aravena-2026\/","og_site_name":"Diario El Labrador","article_publisher":"https:\/\/web.facebook.com\/profile.php?id=61576120840621","article_published_time":"2026-08-31T22:58:06+00:00","article_modified_time":"2026-08-31T22:58:10+00:00","og_image":[{"width":1195,"height":896,"url":"https:\/\/diarioellabrador.cl\/wp-content\/uploads\/2026\/08\/Comuna-de-San-Pedro-obtiene-el-primer-lugar-de-la-fase-provincial-de-Cueca-del-Adulto-Mayor-Luisa-Riquelme-Aravena-2026-1.jpg","type":"image\/jpeg"}],"author":"Editor","twitter_card":"summary_large_image","twitter_creator":"@ElLabradorOf","twitter_site":"@ElLabradorOf","twitter_misc":{"Escrito por":"Editor","Tiempo de lectura":"5 minutos"},"schema":{"@context":"https:\/\/schema.org","@graph":[{"@type":"Article","@id":"https:\/\/diarioellabrador.cl\/index.php\/2026\/08\/31\/comuna-de-san-pedro-obtiene-el-primer-lugar-de-la-fase-provincial-de-cueca-del-adulto-mayor-luisa-riquelme-aravena-2026\/#article","isPartOf":{"@id":"https:\/\/diarioellabrador.cl\/index.php\/2026\/08\/31\/comuna-de-san-pedro-obtiene-el-primer-lugar-de-la-fase-provincial-de-cueca-del-adulto-mayor-luisa-riquelme-aravena-2026\/"},"author":{"name":"Editor","@id":"https:\/\/diarioellabrador.cl\/#\/schema\/person\/bc25ff80b4563f9c7f4bd7855df01685"},"headline":"Comuna de San Pedro obtiene el primer lugar de la fase provincial de Cueca del Adulto Mayor \u201cLuisa Riquelme Aravena 2026\u201d","datePublished":"2026-08-31T22:58:06+00:00","dateModified":"2026-08-31T22:58:10+00:00","mainEntityOfPage":{"@id":"https:\/\/diarioellabrador.cl\/index.php\/2026\/08\/31\/comuna-de-san-pedro-obtiene-el-primer-lugar-de-la-fase-provincial-de-cueca-del-adulto-mayor-luisa-riquelme-aravena-2026\/"},"wordCount":1000,"commentCount":0,"publisher":{"@id":"https:\/\/diarioellabrador.cl\/#organization"},"image":{"@id":"https:\/\/diarioellabrador.cl\/index.php\/2026\/08\/31\/comuna-de-san-pedro-obtiene-el-primer-lugar-de-la-fase-provincial-de-cueca-del-adulto-mayor-luisa-riquelme-aravena-2026\/#primaryimage"},"thumbnailUrl":"https:\/\/diarioellabrador.cl\/wp-content\/uploads\/2026\/08\/Comuna-de-San-Pedro-obtiene-el-primer-lugar-de-la-fase-provincial-de-Cueca-del-Adulto-Mayor-Luisa-Riquelme-Aravena-2026-1.jpg","articleSection":["Cr\u00f3nica"],"inLanguage":"es","potentialAction":[{"@type":"CommentAction","name":"Comment","target":["https:\/\/diarioellabrador.cl\/index.php\/2026\/08\/31\/comuna-de-san-pedro-obtiene-el-primer-lugar-de-la-fase-provincial-de-cueca-del-adulto-mayor-luisa-riquelme-aravena-2026\/#respond"]}]},{"@type":"WebPage","@id":"https:\/\/diarioellabrador.cl\/index.php\/2026\/08\/31\/comuna-de-san-pedro-obtiene-el-primer-lugar-de-la-fase-provincial-de-cueca-del-adulto-mayor-luisa-riquelme-aravena-2026\/","url":"https:\/\/diarioellabrador.cl\/index.php\/2026\/08\/31\/comuna-de-san-pedro-obtiene-el-primer-lugar-de-la-fase-provincial-de-cueca-del-adulto-mayor-luisa-riquelme-aravena-2026\/","name":"Comuna de San Pedro obtiene el primer lugar de la fase provincial de Cueca del Adulto Mayor \u201cLuisa Riquelme Aravena 2026\u201d - Diario El Labrador","isPartOf":{"@id":"https:\/\/diarioellabrador.cl\/#website"},"primaryImageOfPage":{"@id":"https:\/\/diarioellabrador.cl\/index.php\/2026\/08\/31\/comuna-de-san-pedro-obtiene-el-primer-lugar-de-la-fase-provincial-de-cueca-del-adulto-mayor-luisa-riquelme-aravena-2026\/#primaryimage"},"image":{"@id":"https:\/\/diarioellabrador.cl\/index.php\/2026\/08\/31\/comuna-de-san-pedro-obtiene-el-primer-lugar-de-la-fase-provincial-de-cueca-del-adulto-mayor-luisa-riquelme-aravena-2026\/#primaryimage"},"thumbnailUrl":"https:\/\/diarioellabrador.cl\/wp-content\/uploads\/2026\/08\/Comuna-de-San-Pedro-obtiene-el-primer-lugar-de-la-fase-provincial-de-Cueca-del-Adulto-Mayor-Luisa-Riquelme-Aravena-2026-1.jpg","datePublished":"2026-08-31T22:58:06+00:00","dateModified":"2026-08-31T22:58:10+00:00","breadcrumb":{"@id":"https:\/\/diarioellabrador.cl\/index.php\/2026\/08\/31\/comuna-de-san-pedro-obtiene-el-primer-lugar-de-la-fase-provincial-de-cueca-del-adulto-mayor-luisa-riquelme-aravena-2026\/#breadcrumb"},"inLanguage":"es","potentialAction":[{"@type":"ReadAction","target":["https:\/\/diarioellabrador.cl\/index.php\/2026\/08\/31\/comuna-de-san-pedro-obtiene-el-primer-lugar-de-la-fase-provincial-de-cueca-del-adulto-mayor-luisa-riquelme-aravena-2026\/"]}]},{"@type":"ImageObject","inLanguage":"es","@id":"https:\/\/diarioellabrador.cl\/index.php\/2026\/08\/31\/comuna-de-san-pedro-obtiene-el-primer-lugar-de-la-fase-provincial-de-cueca-del-adulto-mayor-luisa-riquelme-aravena-2026\/#primaryimage","url":"https:\/\/diarioellabrador.cl\/wp-content\/uploads\/2026\/08\/Comuna-de-San-Pedro-obtiene-el-primer-lugar-de-la-fase-provincial-de-Cueca-del-Adulto-Mayor-Luisa-Riquelme-Aravena-2026-1.jpg","contentUrl":"https:\/\/diarioellabrador.cl\/wp-content\/uploads\/2026\/08\/Comuna-de-San-Pedro-obtiene-el-primer-lugar-de-la-fase-provincial-de-Cueca-del-Adulto-Mayor-Luisa-Riquelme-Aravena-2026-1.jpg","width":1195,"height":896},{"@type":"BreadcrumbList","@id":"https:\/\/diarioellabrador.cl\/index.php\/2026\/08\/31\/comuna-de-san-pedro-obtiene-el-primer-lugar-de-la-fase-provincial-de-cueca-del-adulto-mayor-luisa-riquelme-aravena-2026\/#breadcrumb","itemListElement":[{"@type":"ListItem","position":1,"name":"Portada","item":"https:\/\/diarioellabrador.cl\/"},{"@type":"ListItem","position":2,"name":"Comuna de San Pedro obtiene el primer lugar de la fase provincial de Cueca del Adulto Mayor \u201cLuisa Riquelme Aravena 2026\u201d"}]},{"@type":"WebSite","@id":"https:\/\/diarioellabrador.cl\/#website","url":"https:\/\/diarioellabrador.cl\/","name":"Diario El Labrador","description":"Haciendo noticia desde 1921","publisher":{"@id":"https:\/\/diarioellabrador.cl\/#organization"},"potentialAction":[{"@type":"SearchAction","target":{"@type":"EntryPoint","urlTemplate":"https:\/\/diarioellabrador.cl\/?s={search_term_string}"},"query-input":{"@type":"PropertyValueSpecification","valueRequired":true,"valueName":"search_term_string"}}],"inLanguage":"es"},{"@type":"Organization","@id":"https:\/\/diarioellabrador.cl\/#organization","name":"Diario El Labrador","url":"https:\/\/diarioellabrador.cl\/","logo":{"@type":"ImageObject","inLanguage":"es","@id":"https:\/\/diarioellabrador.cl\/#\/schema\/logo\/image\/","url":"https:\/\/diarioellabrador.cl\/wp-content\/uploads\/2025\/02\/cropped-Logo-Icono.png","contentUrl":"https:\/\/diarioellabrador.cl\/wp-content\/uploads\/2025\/02\/cropped-Logo-Icono.png","width":512,"height":512,"caption":"Diario El Labrador"},"image":{"@id":"https:\/\/diarioellabrador.cl\/#\/schema\/logo\/image\/"},"sameAs":["https:\/\/web.facebook.com\/profile.php?id=61576120840621","https:\/\/x.com\/ElLabradorOf","https:\/\/www.instagram.com\/diarioellabradoroficial\/"]},{"@type":"Person","@id":"https:\/\/diarioellabrador.cl\/#\/schema\/person\/bc25ff80b4563f9c7f4bd7855df01685","name":"Editor","image":{"@type":"ImageObject","inLanguage":"es","@id":"https:\/\/secure.gravatar.com\/avatar\/109c326cf2be5c04f048c2c2a2b8b6ef44bf3d8d1d3d4c55d0ac40c4bc994684?s=96&d=initials&r=g&initials=ed","url":"https:\/\/secure.gravatar.com\/avatar\/109c326cf2be5c04f048c2c2a2b8b6ef44bf3d8d1d3d4c55d0ac40c4bc994684?s=96&d=initials&r=g&initials=ed","contentUrl":"https:\/\/secure.gravatar.com\/avatar\/109c326cf2be5c04f048c2c2a2b8b6ef44bf3d8d1d3d4c55d0ac40c4bc994684?s=96&d=initials&r=g&initials=ed","caption":"Editor"},"url":"https:\/\/diarioellabrador.cl\/index.php\/author\/editor\/"}]}},"_links":{"self":[{"href":"https:\/\/diarioellabrador.cl\/index.php\/wp-json\/wp\/v2\/posts\/24325","targetHints":{"allow":["GET"]}}],"collection":[{"href":"https:\/\/diarioellabrador.cl\/index.php\/wp-json\/wp\/v2\/posts"}],"about":[{"href":"https:\/\/diarioellabrador.cl\/index.php\/wp-json\/wp\/v2\/types\/post"}],"author":[{"embeddable":true,"href":"https:\/\/diarioellabrador.cl\/index.php\/wp-json\/wp\/v2\/users\/2"}],"replies":[{"embeddable":true,"href":"https:\/\/diarioellabrador.cl\/index.php\/wp-json\/wp\/v2\/comments?post=24325"}],"version-history":[{"count":1,"href":"https:\/\/diarioellabrador.cl\/index.php\/wp-json\/wp\/v2\/posts\/24325\/revisions"}],"predecessor-version":[{"id":24326,"href":"https:\/\/diarioellabrador.cl\/index.php\/wp-json\/wp\/v2\/posts\/24325\/revisions\/24326"}],"wp:featuredmedia":[{"embeddable":true,"href":"https:\/\/diarioellabrador.cl\/index.php\/wp-json\/wp\/v2\/media\/24267"}],"wp:attachment":[{"href":"https:\/\/diarioellabrador.cl\/index.php\/wp-json\/wp\/v2\/media?parent=24325"}],"wp:term":[{"taxonomy":"category","embeddable":true,"href":"https:\/\/diarioellabrador.cl\/index.php\/wp-json\/wp\/v2\/categories?post=24325"},{"taxonomy":"post_tag","embeddable":true,"href":"https:\/\/diarioellabrador.cl\/index.php\/wp-json\/wp\/v2\/tags?post=24325"}],"curies":[{"name":"wp","href":"https:\/\/api.w.org\/{rel}","templated":true}]}}