{"id":24323,"date":"2026-08-31T18:57:10","date_gmt":"2026-08-31T22:57:10","guid":{"rendered":"https:\/\/diarioellabrador.cl\/?p=24323"},"modified":"2026-08-31T18:57:13","modified_gmt":"2026-08-31T22:57:13","slug":"municipalidad-de-melipilla-avanza-en-gestiones-para-transformar-el-ex-hospital-san-jose-en-un-completo-centro-de-atencion-primaria","status":"publish","type":"post","link":"https:\/\/diarioellabrador.cl\/index.php\/2026\/08\/31\/municipalidad-de-melipilla-avanza-en-gestiones-para-transformar-el-ex-hospital-san-jose-en-un-completo-centro-de-atencion-primaria\/","title":{"rendered":"Municipalidad de Melipilla avanza en gestiones para transformar el ex Hospital San Jos\u00e9 en un completo centro de atenci\u00f3n primaria"},"content":{"rendered":"\n<p class=\"wp-block-paragraph\">La alcaldesa de Melipilla, Paula G\u00e1rate Rojas, sostuvo una reuni\u00f3n de trabajo con el subsecretario de Redes Asistenciales, doctor Julio Montt, instancia en la que abordaron diversos desaf\u00edos relacionados con la infraestructura y atenci\u00f3n de salud de la comuna. En el encuentro participaron tambi\u00e9n el diputado Jaime Coloma y el consejero regional Javier Ram\u00edrez.<\/p>\n\n\n\n<p class=\"wp-block-paragraph\">Uno de los principales temas tratados fue el futuro del ex Hospital San Jos\u00e9, inmueble cuyo comodato ser\u00eda entregado al municipio durante el mes de septiembre del presente a\u00f1o. La alcaldesa destac\u00f3 que la intenci\u00f3n municipal es desarrollar all\u00ed un centro integral de atenci\u00f3n primaria de salud, que permita concentrar distintos servicios actualmente distribuidos en diferentes puntos de la comuna.<\/p>\n\n\n\n<p class=\"wp-block-paragraph\">El proyecto contempla, entre otras prestaciones, espacios destinados a la atenci\u00f3n de adultos mayores, kinesiolog\u00eda y oficinas administrativas, adem\u00e1s del eventual traslado de la Farmacia Popular, la Unidad Oftalmol\u00f3gica y otras dependencias municipales vinculadas a la salud y administradas por la Corporaci\u00f3n Municipal de Melipilla.<\/p>\n\n\n\n<p class=\"wp-block-paragraph\">\u201cQueremos consolidar en el ex Hospital San Jos\u00e9 un centro de atenci\u00f3n primaria de salud, c\u00f3modo y confortable para nuestros vecinos. Primero debemos concretar el comodato y posteriormente avanzar en las intervenciones y remodelaciones necesarias\u201d, se\u00f1al\u00f3 la alcaldesa Paula G\u00e1rate.<\/p>\n\n\n\n<p class=\"wp-block-paragraph\">Otro de los puntos abordados durante la reuni\u00f3n fue la situaci\u00f3n de los 70 metros que a\u00fan no se encuentran urbanizados en el sector posterior del nuevo Hospital de Melipilla, espec\u00edficamente en las cercan\u00edas de Santa Mar\u00eda Oriente. La municipalidad espera realizar durante la pr\u00f3xima semana una visita a terreno junto a los encargados de la inversi\u00f3n para avanzar en una soluci\u00f3n. La intervenci\u00f3n considera una inversi\u00f3n cercana a los $250 millones, destinada a la pavimentaci\u00f3n del tramo y la incorporaci\u00f3n de un colector que<\/p>\n\n\n\n<p class=\"wp-block-paragraph\">permita mejorar el sistema de evacuaci\u00f3n de aguas lluvias, luego de que el sector se viera afectado por inundaciones durante el \u00faltimo sistema frontal.<\/p>\n\n\n\n<p class=\"wp-block-paragraph\">Asimismo, se abord\u00f3 la problem\u00e1tica del Camino El Bajo, cuya soluci\u00f3n requiere la coordinaci\u00f3n entre el Ministerio de Obras P\u00fablicas, la Direcci\u00f3n de Vialidad y el municipio. En este sentido, se busca avanzar en el an\u00e1lisis y eventual desarrollo de un nuevo trazado para este tramo de aproximadamente cinco kil\u00f3metros, que presenta hist\u00f3ricamente dificultades.<\/p>\n\n\n\n<p class=\"wp-block-paragraph\">La alcaldesa destac\u00f3 que una mejora en esta ruta permitir\u00eda generar una alternativa m\u00e1s expedita de conexi\u00f3n con el Hospital de Melipilla, beneficiando no solo a los habitantes de la comuna, sino tambi\u00e9n a vecinos de San Pedro, Alhu\u00e9 y sectores rurales del sur de Melipilla.<\/p>\n\n\n\n<p class=\"wp-block-paragraph\">Finalmente, la alcaldesa valor\u00f3 positivamente la reuni\u00f3n con las autoridades de Gobierno y reafirm\u00f3 el compromiso municipal de seguir trabajando para concretar soluciones en materia de salud e infraestructura.<\/p>\n\n\n\n<p class=\"wp-block-paragraph\">\u201cHa sido una reuni\u00f3n muy provechosa. Tenemos la colaboraci\u00f3n del Gobierno, del Ministerio de Salud y de todos quienes quieran participar. Aqu\u00ed nadie sobra, todos suman\u201d, afirm\u00f3.<\/p>\n\n\n\n<p class=\"wp-block-paragraph\"><\/p>\n","protected":false},"excerpt":{"rendered":"<p>La alcaldesa de Melipilla, Paula G\u00e1rate Rojas, sostuvo una reuni\u00f3n de trabajo con el subsecretario de Redes Asistenciales, doctor Julio Montt, instancia en la que abordaron diversos desaf\u00edos relacionados con la infraestructura y atenci\u00f3n de salud de la comuna. En el encuentro participaron tambi\u00e9n el diputado Jaime Coloma y el consejero regional Javier Ram\u00edrez. Uno<\/p>\n<div class=\"read-more-wrapper\"><a class=\"read-more\" href=\"https:\/\/diarioellabrador.cl\/index.php\/2026\/08\/31\/municipalidad-de-melipilla-avanza-en-gestiones-para-transformar-el-ex-hospital-san-jose-en-un-completo-centro-de-atencion-primaria\/\" title=\"Leer m\u00e1s\"> <span class=\"button \">Leer m\u00e1s<\/span><\/a><\/div>\n","protected":false},"author":2,"featured_media":24260,"comment_status":"open","ping_status":"open","sticky":false,"template":"","format":"standard","meta":{"footnotes":"","_members_access_role":[],"_members_access_error":""},"categories":[1],"tags":[],"class_list":["post-24323","post","type-post","status-publish","format-standard","has-post-thumbnail","hentry","category-cronica"],"yoast_head":"<!-- This site is optimized with the Yoast SEO plugin v28.3 - https:\/\/yoast.com\/product\/yoast-seo-wordpress\/ -->\n<title>Municipalidad de Melipilla avanza en gestiones para transformar el ex Hospital San Jos\u00e9 en un completo centro de atenci\u00f3n primaria - Diario El Labrador<\/title>\n<meta name=\"robots\" content=\"index, follow, max-snippet:-1, max-image-preview:large, max-video-preview:-1\" \/>\n<link rel=\"canonical\" href=\"https:\/\/diarioellabrador.cl\/index.php\/2026\/08\/31\/municipalidad-de-melipilla-avanza-en-gestiones-para-transformar-el-ex-hospital-san-jose-en-un-completo-centro-de-atencion-primaria\/\" \/>\n<meta property=\"og:locale\" content=\"es_ES\" \/>\n<meta property=\"og:type\" content=\"article\" \/>\n<meta property=\"og:title\" content=\"Municipalidad de Melipilla avanza en gestiones para transformar el ex Hospital San Jos\u00e9 en un completo centro de atenci\u00f3n primaria - Diario El Labrador\" \/>\n<meta property=\"og:description\" content=\"La alcaldesa de Melipilla, Paula G\u00e1rate Rojas, sostuvo una reuni\u00f3n de trabajo con el subsecretario de Redes Asistenciales, doctor Julio Montt, instancia en la que abordaron diversos desaf\u00edos relacionados con la infraestructura y atenci\u00f3n de salud de la comuna. En el encuentro participaron tambi\u00e9n el diputado Jaime Coloma y el consejero regional Javier Ram\u00edrez. Uno Leer m\u00e1s\" \/>\n<meta property=\"og:url\" content=\"https:\/\/diarioellabrador.cl\/index.php\/2026\/08\/31\/municipalidad-de-melipilla-avanza-en-gestiones-para-transformar-el-ex-hospital-san-jose-en-un-completo-centro-de-atencion-primaria\/\" \/>\n<meta property=\"og:site_name\" content=\"Diario El Labrador\" \/>\n<meta property=\"article:publisher\" content=\"https:\/\/web.facebook.com\/profile.php?id=61576120840621\" \/>\n<meta property=\"article:published_time\" content=\"2026-08-31T22:57:10+00:00\" \/>\n<meta property=\"article:modified_time\" content=\"2026-08-31T22:57:13+00:00\" \/>\n<meta property=\"og:image\" content=\"https:\/\/diarioellabrador.cl\/wp-content\/uploads\/2026\/08\/Municipalidad-de-Melipilla-avanza-en-gestiones-para-transformar-el-ex-Hospital-San-Jose-en-un-completo-centro-de-atencion-primaria.jpeg\" \/>\n\t<meta property=\"og:image:width\" content=\"1600\" \/>\n\t<meta property=\"og:image:height\" content=\"1200\" \/>\n\t<meta property=\"og:image:type\" content=\"image\/jpeg\" \/>\n<meta name=\"author\" content=\"Editor\" \/>\n<meta name=\"twitter:card\" content=\"summary_large_image\" \/>\n<meta name=\"twitter:creator\" content=\"@ElLabradorOf\" \/>\n<meta name=\"twitter:site\" content=\"@ElLabradorOf\" \/>\n<meta name=\"twitter:label1\" content=\"Escrito por\" \/>\n\t<meta name=\"twitter:data1\" content=\"Editor\" \/>\n\t<meta name=\"twitter:label2\" content=\"Tiempo de lectura\" \/>\n\t<meta name=\"twitter:data2\" content=\"3 minutos\" \/>\n<script type=\"application\/ld+json\" class=\"yoast-schema-graph\">{\"@context\":\"https:\\\/\\\/schema.org\",\"@graph\":[{\"@type\":\"Article\",\"@id\":\"https:\\\/\\\/diarioellabrador.cl\\\/index.php\\\/2026\\\/08\\\/31\\\/municipalidad-de-melipilla-avanza-en-gestiones-para-transformar-el-ex-hospital-san-jose-en-un-completo-centro-de-atencion-primaria\\\/#article\",\"isPartOf\":{\"@id\":\"https:\\\/\\\/diarioellabrador.cl\\\/index.php\\\/2026\\\/08\\\/31\\\/municipalidad-de-melipilla-avanza-en-gestiones-para-transformar-el-ex-hospital-san-jose-en-un-completo-centro-de-atencion-primaria\\\/\"},\"author\":{\"name\":\"Editor\",\"@id\":\"https:\\\/\\\/diarioellabrador.cl\\\/#\\\/schema\\\/person\\\/bc25ff80b4563f9c7f4bd7855df01685\"},\"headline\":\"Municipalidad de Melipilla avanza en gestiones para transformar el ex Hospital San Jos\u00e9 en un completo centro de atenci\u00f3n primaria\",\"datePublished\":\"2026-08-31T22:57:10+00:00\",\"dateModified\":\"2026-08-31T22:57:13+00:00\",\"mainEntityOfPage\":{\"@id\":\"https:\\\/\\\/diarioellabrador.cl\\\/index.php\\\/2026\\\/08\\\/31\\\/municipalidad-de-melipilla-avanza-en-gestiones-para-transformar-el-ex-hospital-san-jose-en-un-completo-centro-de-atencion-primaria\\\/\"},\"wordCount\":531,\"commentCount\":0,\"publisher\":{\"@id\":\"https:\\\/\\\/diarioellabrador.cl\\\/#organization\"},\"image\":{\"@id\":\"https:\\\/\\\/diarioellabrador.cl\\\/index.php\\\/2026\\\/08\\\/31\\\/municipalidad-de-melipilla-avanza-en-gestiones-para-transformar-el-ex-hospital-san-jose-en-un-completo-centro-de-atencion-primaria\\\/#primaryimage\"},\"thumbnailUrl\":\"https:\\\/\\\/diarioellabrador.cl\\\/wp-content\\\/uploads\\\/2026\\\/08\\\/Municipalidad-de-Melipilla-avanza-en-gestiones-para-transformar-el-ex-Hospital-San-Jose-en-un-completo-centro-de-atencion-primaria.jpeg\",\"articleSection\":[\"Cr\u00f3nica\"],\"inLanguage\":\"es\",\"potentialAction\":[{\"@type\":\"CommentAction\",\"name\":\"Comment\",\"target\":[\"https:\\\/\\\/diarioellabrador.cl\\\/index.php\\\/2026\\\/08\\\/31\\\/municipalidad-de-melipilla-avanza-en-gestiones-para-transformar-el-ex-hospital-san-jose-en-un-completo-centro-de-atencion-primaria\\\/#respond\"]}]},{\"@type\":\"WebPage\",\"@id\":\"https:\\\/\\\/diarioellabrador.cl\\\/index.php\\\/2026\\\/08\\\/31\\\/municipalidad-de-melipilla-avanza-en-gestiones-para-transformar-el-ex-hospital-san-jose-en-un-completo-centro-de-atencion-primaria\\\/\",\"url\":\"https:\\\/\\\/diarioellabrador.cl\\\/index.php\\\/2026\\\/08\\\/31\\\/municipalidad-de-melipilla-avanza-en-gestiones-para-transformar-el-ex-hospital-san-jose-en-un-completo-centro-de-atencion-primaria\\\/\",\"name\":\"Municipalidad de Melipilla avanza en gestiones para transformar el ex Hospital San Jos\u00e9 en un completo centro de atenci\u00f3n primaria - Diario El Labrador\",\"isPartOf\":{\"@id\":\"https:\\\/\\\/diarioellabrador.cl\\\/#website\"},\"primaryImageOfPage\":{\"@id\":\"https:\\\/\\\/diarioellabrador.cl\\\/index.php\\\/2026\\\/08\\\/31\\\/municipalidad-de-melipilla-avanza-en-gestiones-para-transformar-el-ex-hospital-san-jose-en-un-completo-centro-de-atencion-primaria\\\/#primaryimage\"},\"image\":{\"@id\":\"https:\\\/\\\/diarioellabrador.cl\\\/index.php\\\/2026\\\/08\\\/31\\\/municipalidad-de-melipilla-avanza-en-gestiones-para-transformar-el-ex-hospital-san-jose-en-un-completo-centro-de-atencion-primaria\\\/#primaryimage\"},\"thumbnailUrl\":\"https:\\\/\\\/diarioellabrador.cl\\\/wp-content\\\/uploads\\\/2026\\\/08\\\/Municipalidad-de-Melipilla-avanza-en-gestiones-para-transformar-el-ex-Hospital-San-Jose-en-un-completo-centro-de-atencion-primaria.jpeg\",\"datePublished\":\"2026-08-31T22:57:10+00:00\",\"dateModified\":\"2026-08-31T22:57:13+00:00\",\"breadcrumb\":{\"@id\":\"https:\\\/\\\/diarioellabrador.cl\\\/index.php\\\/2026\\\/08\\\/31\\\/municipalidad-de-melipilla-avanza-en-gestiones-para-transformar-el-ex-hospital-san-jose-en-un-completo-centro-de-atencion-primaria\\\/#breadcrumb\"},\"inLanguage\":\"es\",\"potentialAction\":[{\"@type\":\"ReadAction\",\"target\":[\"https:\\\/\\\/diarioellabrador.cl\\\/index.php\\\/2026\\\/08\\\/31\\\/municipalidad-de-melipilla-avanza-en-gestiones-para-transformar-el-ex-hospital-san-jose-en-un-completo-centro-de-atencion-primaria\\\/\"]}]},{\"@type\":\"ImageObject\",\"inLanguage\":\"es\",\"@id\":\"https:\\\/\\\/diarioellabrador.cl\\\/index.php\\\/2026\\\/08\\\/31\\\/municipalidad-de-melipilla-avanza-en-gestiones-para-transformar-el-ex-hospital-san-jose-en-un-completo-centro-de-atencion-primaria\\\/#primaryimage\",\"url\":\"https:\\\/\\\/diarioellabrador.cl\\\/wp-content\\\/uploads\\\/2026\\\/08\\\/Municipalidad-de-Melipilla-avanza-en-gestiones-para-transformar-el-ex-Hospital-San-Jose-en-un-completo-centro-de-atencion-primaria.jpeg\",\"contentUrl\":\"https:\\\/\\\/diarioellabrador.cl\\\/wp-content\\\/uploads\\\/2026\\\/08\\\/Municipalidad-de-Melipilla-avanza-en-gestiones-para-transformar-el-ex-Hospital-San-Jose-en-un-completo-centro-de-atencion-primaria.jpeg\",\"width\":1600,\"height\":1200},{\"@type\":\"BreadcrumbList\",\"@id\":\"https:\\\/\\\/diarioellabrador.cl\\\/index.php\\\/2026\\\/08\\\/31\\\/municipalidad-de-melipilla-avanza-en-gestiones-para-transformar-el-ex-hospital-san-jose-en-un-completo-centro-de-atencion-primaria\\\/#breadcrumb\",\"itemListElement\":[{\"@type\":\"ListItem\",\"position\":1,\"name\":\"Portada\",\"item\":\"https:\\\/\\\/diarioellabrador.cl\\\/\"},{\"@type\":\"ListItem\",\"position\":2,\"name\":\"Municipalidad de Melipilla avanza en gestiones para transformar el ex Hospital San Jos\u00e9 en un completo centro de atenci\u00f3n primaria\"}]},{\"@type\":\"WebSite\",\"@id\":\"https:\\\/\\\/diarioellabrador.cl\\\/#website\",\"url\":\"https:\\\/\\\/diarioellabrador.cl\\\/\",\"name\":\"Diario El Labrador\",\"description\":\"Haciendo noticia desde 1921\",\"publisher\":{\"@id\":\"https:\\\/\\\/diarioellabrador.cl\\\/#organization\"},\"potentialAction\":[{\"@type\":\"SearchAction\",\"target\":{\"@type\":\"EntryPoint\",\"urlTemplate\":\"https:\\\/\\\/diarioellabrador.cl\\\/?s={search_term_string}\"},\"query-input\":{\"@type\":\"PropertyValueSpecification\",\"valueRequired\":true,\"valueName\":\"search_term_string\"}}],\"inLanguage\":\"es\"},{\"@type\":\"Organization\",\"@id\":\"https:\\\/\\\/diarioellabrador.cl\\\/#organization\",\"name\":\"Diario El Labrador\",\"url\":\"https:\\\/\\\/diarioellabrador.cl\\\/\",\"logo\":{\"@type\":\"ImageObject\",\"inLanguage\":\"es\",\"@id\":\"https:\\\/\\\/diarioellabrador.cl\\\/#\\\/schema\\\/logo\\\/image\\\/\",\"url\":\"https:\\\/\\\/diarioellabrador.cl\\\/wp-content\\\/uploads\\\/2025\\\/02\\\/cropped-Logo-Icono.png\",\"contentUrl\":\"https:\\\/\\\/diarioellabrador.cl\\\/wp-content\\\/uploads\\\/2025\\\/02\\\/cropped-Logo-Icono.png\",\"width\":512,\"height\":512,\"caption\":\"Diario El Labrador\"},\"image\":{\"@id\":\"https:\\\/\\\/diarioellabrador.cl\\\/#\\\/schema\\\/logo\\\/image\\\/\"},\"sameAs\":[\"https:\\\/\\\/web.facebook.com\\\/profile.php?id=61576120840621\",\"https:\\\/\\\/x.com\\\/ElLabradorOf\",\"https:\\\/\\\/www.instagram.com\\\/diarioellabradoroficial\\\/\"]},{\"@type\":\"Person\",\"@id\":\"https:\\\/\\\/diarioellabrador.cl\\\/#\\\/schema\\\/person\\\/bc25ff80b4563f9c7f4bd7855df01685\",\"name\":\"Editor\",\"image\":{\"@type\":\"ImageObject\",\"inLanguage\":\"es\",\"@id\":\"https:\\\/\\\/secure.gravatar.com\\\/avatar\\\/109c326cf2be5c04f048c2c2a2b8b6ef44bf3d8d1d3d4c55d0ac40c4bc994684?s=96&d=initials&r=g&initials=ed\",\"url\":\"https:\\\/\\\/secure.gravatar.com\\\/avatar\\\/109c326cf2be5c04f048c2c2a2b8b6ef44bf3d8d1d3d4c55d0ac40c4bc994684?s=96&d=initials&r=g&initials=ed\",\"contentUrl\":\"https:\\\/\\\/secure.gravatar.com\\\/avatar\\\/109c326cf2be5c04f048c2c2a2b8b6ef44bf3d8d1d3d4c55d0ac40c4bc994684?s=96&d=initials&r=g&initials=ed\",\"caption\":\"Editor\"},\"url\":\"https:\\\/\\\/diarioellabrador.cl\\\/index.php\\\/author\\\/editor\\\/\"}]}<\/script>\n<!-- \/ Yoast SEO plugin. -->","yoast_head_json":{"title":"Municipalidad de Melipilla avanza en gestiones para transformar el ex Hospital San Jos\u00e9 en un completo centro de atenci\u00f3n primaria - Diario El Labrador","robots":{"index":"index","follow":"follow","max-snippet":"max-snippet:-1","max-image-preview":"max-image-preview:large","max-video-preview":"max-video-preview:-1"},"canonical":"https:\/\/diarioellabrador.cl\/index.php\/2026\/08\/31\/municipalidad-de-melipilla-avanza-en-gestiones-para-transformar-el-ex-hospital-san-jose-en-un-completo-centro-de-atencion-primaria\/","og_locale":"es_ES","og_type":"article","og_title":"Municipalidad de Melipilla avanza en gestiones para transformar el ex Hospital San Jos\u00e9 en un completo centro de atenci\u00f3n primaria - Diario El Labrador","og_description":"La alcaldesa de Melipilla, Paula G\u00e1rate Rojas, sostuvo una reuni\u00f3n de trabajo con el subsecretario de Redes Asistenciales, doctor Julio Montt, instancia en la que abordaron diversos desaf\u00edos relacionados con la infraestructura y atenci\u00f3n de salud de la comuna. En el encuentro participaron tambi\u00e9n el diputado Jaime Coloma y el consejero regional Javier Ram\u00edrez. Uno Leer m\u00e1s","og_url":"https:\/\/diarioellabrador.cl\/index.php\/2026\/08\/31\/municipalidad-de-melipilla-avanza-en-gestiones-para-transformar-el-ex-hospital-san-jose-en-un-completo-centro-de-atencion-primaria\/","og_site_name":"Diario El Labrador","article_publisher":"https:\/\/web.facebook.com\/profile.php?id=61576120840621","article_published_time":"2026-08-31T22:57:10+00:00","article_modified_time":"2026-08-31T22:57:13+00:00","og_image":[{"width":1600,"height":1200,"url":"https:\/\/diarioellabrador.cl\/wp-content\/uploads\/2026\/08\/Municipalidad-de-Melipilla-avanza-en-gestiones-para-transformar-el-ex-Hospital-San-Jose-en-un-completo-centro-de-atencion-primaria.jpeg","type":"image\/jpeg"}],"author":"Editor","twitter_card":"summary_large_image","twitter_creator":"@ElLabradorOf","twitter_site":"@ElLabradorOf","twitter_misc":{"Escrito por":"Editor","Tiempo de lectura":"3 minutos"},"schema":{"@context":"https:\/\/schema.org","@graph":[{"@type":"Article","@id":"https:\/\/diarioellabrador.cl\/index.php\/2026\/08\/31\/municipalidad-de-melipilla-avanza-en-gestiones-para-transformar-el-ex-hospital-san-jose-en-un-completo-centro-de-atencion-primaria\/#article","isPartOf":{"@id":"https:\/\/diarioellabrador.cl\/index.php\/2026\/08\/31\/municipalidad-de-melipilla-avanza-en-gestiones-para-transformar-el-ex-hospital-san-jose-en-un-completo-centro-de-atencion-primaria\/"},"author":{"name":"Editor","@id":"https:\/\/diarioellabrador.cl\/#\/schema\/person\/bc25ff80b4563f9c7f4bd7855df01685"},"headline":"Municipalidad de Melipilla avanza en gestiones para transformar el ex Hospital San Jos\u00e9 en un completo centro de atenci\u00f3n primaria","datePublished":"2026-08-31T22:57:10+00:00","dateModified":"2026-08-31T22:57:13+00:00","mainEntityOfPage":{"@id":"https:\/\/diarioellabrador.cl\/index.php\/2026\/08\/31\/municipalidad-de-melipilla-avanza-en-gestiones-para-transformar-el-ex-hospital-san-jose-en-un-completo-centro-de-atencion-primaria\/"},"wordCount":531,"commentCount":0,"publisher":{"@id":"https:\/\/diarioellabrador.cl\/#organization"},"image":{"@id":"https:\/\/diarioellabrador.cl\/index.php\/2026\/08\/31\/municipalidad-de-melipilla-avanza-en-gestiones-para-transformar-el-ex-hospital-san-jose-en-un-completo-centro-de-atencion-primaria\/#primaryimage"},"thumbnailUrl":"https:\/\/diarioellabrador.cl\/wp-content\/uploads\/2026\/08\/Municipalidad-de-Melipilla-avanza-en-gestiones-para-transformar-el-ex-Hospital-San-Jose-en-un-completo-centro-de-atencion-primaria.jpeg","articleSection":["Cr\u00f3nica"],"inLanguage":"es","potentialAction":[{"@type":"CommentAction","name":"Comment","target":["https:\/\/diarioellabrador.cl\/index.php\/2026\/08\/31\/municipalidad-de-melipilla-avanza-en-gestiones-para-transformar-el-ex-hospital-san-jose-en-un-completo-centro-de-atencion-primaria\/#respond"]}]},{"@type":"WebPage","@id":"https:\/\/diarioellabrador.cl\/index.php\/2026\/08\/31\/municipalidad-de-melipilla-avanza-en-gestiones-para-transformar-el-ex-hospital-san-jose-en-un-completo-centro-de-atencion-primaria\/","url":"https:\/\/diarioellabrador.cl\/index.php\/2026\/08\/31\/municipalidad-de-melipilla-avanza-en-gestiones-para-transformar-el-ex-hospital-san-jose-en-un-completo-centro-de-atencion-primaria\/","name":"Municipalidad de Melipilla avanza en gestiones para transformar el ex Hospital San Jos\u00e9 en un completo centro de atenci\u00f3n primaria - Diario El Labrador","isPartOf":{"@id":"https:\/\/diarioellabrador.cl\/#website"},"primaryImageOfPage":{"@id":"https:\/\/diarioellabrador.cl\/index.php\/2026\/08\/31\/municipalidad-de-melipilla-avanza-en-gestiones-para-transformar-el-ex-hospital-san-jose-en-un-completo-centro-de-atencion-primaria\/#primaryimage"},"image":{"@id":"https:\/\/diarioellabrador.cl\/index.php\/2026\/08\/31\/municipalidad-de-melipilla-avanza-en-gestiones-para-transformar-el-ex-hospital-san-jose-en-un-completo-centro-de-atencion-primaria\/#primaryimage"},"thumbnailUrl":"https:\/\/diarioellabrador.cl\/wp-content\/uploads\/2026\/08\/Municipalidad-de-Melipilla-avanza-en-gestiones-para-transformar-el-ex-Hospital-San-Jose-en-un-completo-centro-de-atencion-primaria.jpeg","datePublished":"2026-08-31T22:57:10+00:00","dateModified":"2026-08-31T22:57:13+00:00","breadcrumb":{"@id":"https:\/\/diarioellabrador.cl\/index.php\/2026\/08\/31\/municipalidad-de-melipilla-avanza-en-gestiones-para-transformar-el-ex-hospital-san-jose-en-un-completo-centro-de-atencion-primaria\/#breadcrumb"},"inLanguage":"es","potentialAction":[{"@type":"ReadAction","target":["https:\/\/diarioellabrador.cl\/index.php\/2026\/08\/31\/municipalidad-de-melipilla-avanza-en-gestiones-para-transformar-el-ex-hospital-san-jose-en-un-completo-centro-de-atencion-primaria\/"]}]},{"@type":"ImageObject","inLanguage":"es","@id":"https:\/\/diarioellabrador.cl\/index.php\/2026\/08\/31\/municipalidad-de-melipilla-avanza-en-gestiones-para-transformar-el-ex-hospital-san-jose-en-un-completo-centro-de-atencion-primaria\/#primaryimage","url":"https:\/\/diarioellabrador.cl\/wp-content\/uploads\/2026\/08\/Municipalidad-de-Melipilla-avanza-en-gestiones-para-transformar-el-ex-Hospital-San-Jose-en-un-completo-centro-de-atencion-primaria.jpeg","contentUrl":"https:\/\/diarioellabrador.cl\/wp-content\/uploads\/2026\/08\/Municipalidad-de-Melipilla-avanza-en-gestiones-para-transformar-el-ex-Hospital-San-Jose-en-un-completo-centro-de-atencion-primaria.jpeg","width":1600,"height":1200},{"@type":"BreadcrumbList","@id":"https:\/\/diarioellabrador.cl\/index.php\/2026\/08\/31\/municipalidad-de-melipilla-avanza-en-gestiones-para-transformar-el-ex-hospital-san-jose-en-un-completo-centro-de-atencion-primaria\/#breadcrumb","itemListElement":[{"@type":"ListItem","position":1,"name":"Portada","item":"https:\/\/diarioellabrador.cl\/"},{"@type":"ListItem","position":2,"name":"Municipalidad de Melipilla avanza en gestiones para transformar el ex Hospital San Jos\u00e9 en un completo centro de atenci\u00f3n primaria"}]},{"@type":"WebSite","@id":"https:\/\/diarioellabrador.cl\/#website","url":"https:\/\/diarioellabrador.cl\/","name":"Diario El Labrador","description":"Haciendo noticia desde 1921","publisher":{"@id":"https:\/\/diarioellabrador.cl\/#organization"},"potentialAction":[{"@type":"SearchAction","target":{"@type":"EntryPoint","urlTemplate":"https:\/\/diarioellabrador.cl\/?s={search_term_string}"},"query-input":{"@type":"PropertyValueSpecification","valueRequired":true,"valueName":"search_term_string"}}],"inLanguage":"es"},{"@type":"Organization","@id":"https:\/\/diarioellabrador.cl\/#organization","name":"Diario El Labrador","url":"https:\/\/diarioellabrador.cl\/","logo":{"@type":"ImageObject","inLanguage":"es","@id":"https:\/\/diarioellabrador.cl\/#\/schema\/logo\/image\/","url":"https:\/\/diarioellabrador.cl\/wp-content\/uploads\/2025\/02\/cropped-Logo-Icono.png","contentUrl":"https:\/\/diarioellabrador.cl\/wp-content\/uploads\/2025\/02\/cropped-Logo-Icono.png","width":512,"height":512,"caption":"Diario El Labrador"},"image":{"@id":"https:\/\/diarioellabrador.cl\/#\/schema\/logo\/image\/"},"sameAs":["https:\/\/web.facebook.com\/profile.php?id=61576120840621","https:\/\/x.com\/ElLabradorOf","https:\/\/www.instagram.com\/diarioellabradoroficial\/"]},{"@type":"Person","@id":"https:\/\/diarioellabrador.cl\/#\/schema\/person\/bc25ff80b4563f9c7f4bd7855df01685","name":"Editor","image":{"@type":"ImageObject","inLanguage":"es","@id":"https:\/\/secure.gravatar.com\/avatar\/109c326cf2be5c04f048c2c2a2b8b6ef44bf3d8d1d3d4c55d0ac40c4bc994684?s=96&d=initials&r=g&initials=ed","url":"https:\/\/secure.gravatar.com\/avatar\/109c326cf2be5c04f048c2c2a2b8b6ef44bf3d8d1d3d4c55d0ac40c4bc994684?s=96&d=initials&r=g&initials=ed","contentUrl":"https:\/\/secure.gravatar.com\/avatar\/109c326cf2be5c04f048c2c2a2b8b6ef44bf3d8d1d3d4c55d0ac40c4bc994684?s=96&d=initials&r=g&initials=ed","caption":"Editor"},"url":"https:\/\/diarioellabrador.cl\/index.php\/author\/editor\/"}]}},"_links":{"self":[{"href":"https:\/\/diarioellabrador.cl\/index.php\/wp-json\/wp\/v2\/posts\/24323","targetHints":{"allow":["GET"]}}],"collection":[{"href":"https:\/\/diarioellabrador.cl\/index.php\/wp-json\/wp\/v2\/posts"}],"about":[{"href":"https:\/\/diarioellabrador.cl\/index.php\/wp-json\/wp\/v2\/types\/post"}],"author":[{"embeddable":true,"href":"https:\/\/diarioellabrador.cl\/index.php\/wp-json\/wp\/v2\/users\/2"}],"replies":[{"embeddable":true,"href":"https:\/\/diarioellabrador.cl\/index.php\/wp-json\/wp\/v2\/comments?post=24323"}],"version-history":[{"count":1,"href":"https:\/\/diarioellabrador.cl\/index.php\/wp-json\/wp\/v2\/posts\/24323\/revisions"}],"predecessor-version":[{"id":24324,"href":"https:\/\/diarioellabrador.cl\/index.php\/wp-json\/wp\/v2\/posts\/24323\/revisions\/24324"}],"wp:featuredmedia":[{"embeddable":true,"href":"https:\/\/diarioellabrador.cl\/index.php\/wp-json\/wp\/v2\/media\/24260"}],"wp:attachment":[{"href":"https:\/\/diarioellabrador.cl\/index.php\/wp-json\/wp\/v2\/media?parent=24323"}],"wp:term":[{"taxonomy":"category","embeddable":true,"href":"https:\/\/diarioellabrador.cl\/index.php\/wp-json\/wp\/v2\/categories?post=24323"},{"taxonomy":"post_tag","embeddable":true,"href":"https:\/\/diarioellabrador.cl\/index.php\/wp-json\/wp\/v2\/tags?post=24323"}],"curies":[{"name":"wp","href":"https:\/\/api.w.org\/{rel}","templated":true}]}}