{"id":24319,"date":"2026-08-31T18:55:19","date_gmt":"2026-08-31T22:55:19","guid":{"rendered":"https:\/\/diarioellabrador.cl\/?p=24319"},"modified":"2026-08-31T18:55:23","modified_gmt":"2026-08-31T22:55:23","slug":"corporacion-municipal-lanza-proyecto-de-alimentacion-saludable-mision-arcoiris","status":"publish","type":"post","link":"https:\/\/diarioellabrador.cl\/index.php\/2026\/08\/31\/corporacion-municipal-lanza-proyecto-de-alimentacion-saludable-mision-arcoiris\/","title":{"rendered":"Corporaci\u00f3n Municipal lanza proyecto de alimentaci\u00f3n saludable \u201cMisi\u00f3n Arco\u00edris\u201d"},"content":{"rendered":"\n<p class=\"wp-block-paragraph\">Con el objetivo de fomentar el consumo de frutas y verduras entre los estudiantes, la Corporaci\u00f3n Municipal de Melipilla lanz\u00f3 el proyecto \u201cMisi\u00f3n Arco\u00edris\u201d, a cargo de la empresa de alimentos FEDIR.<\/p>\n\n\n\n<p class=\"wp-block-paragraph\">La ceremonia se realiz\u00f3 en la escuela B\u00e1sica El Pabell\u00f3n y fue encabezada por el Director Regional Metropolitano de JUNAEB, Ivo Pavlovic; el Coordinador Metropolitano del Programa de Alimentaci\u00f3n Escolar (PAE), Ricardo Silva; el Gerente de la Corporaci\u00f3n Municipal, Juan Pablo Barros; la Jefa Zonal de FEDIR, Carla L\u00f3pez; la Coordinadora Comunal de JUNAEB, Fernanda Campa\u00f1a; la directora del establecimiento anfitri\u00f3n, B\u00e1rbara Olivares, adem\u00e1s de gran parte de su comunidad educativa e integrantes del Centro de Padres y Apoderados.<\/p>\n\n\n\n<p class=\"wp-block-paragraph\">La Misi\u00f3n Arco\u00edris es un proyecto educativo que busca fomentar el consumo de frutas y verduras en los estudiantes de 3\u00ba y 4\u00ba b\u00e1sico. A trav\u00e9s de cuentos, juegos, actividades art\u00edsticas y experiencias participativas, aprender\u00e1n que incorporar alimentos de distintos colores puede ayudar a desarrollar h\u00e1bitos de alimentaci\u00f3n m\u00e1s saludables.<\/p>\n\n\n\n<p class=\"wp-block-paragraph\">Durante el lanzamiento, los estudiantes debieron completar un circuito que comprendi\u00f3 la degustaci\u00f3n de alimentos saludables y actividades f\u00edsicas. Una vez completado, obtuvieron un pasaporte que los convirti\u00f3 en \u201cEmbajadores del Arco\u00edris\u201d.<\/p>\n\n\n\n<p class=\"wp-block-paragraph\">El Director Regional Metropolitano de JUNAEB, Ivo Pavlovic, valor\u00f3 este tipo de iniciativas, que ense\u00f1an los beneficios de tener una alimentaci\u00f3n saludable.<\/p>\n\n\n\n<p class=\"wp-block-paragraph\">\u201cEstamos en la escuela B\u00e1sica El Pabell\u00f3n, desarrollando un proyecto que, para nosotros, como JUNAEB, nos llena de orgullo, porque finalmente es ense\u00f1arle a los ni\u00f1os de tercero y cuarto b\u00e1sico a tener una alimentaci\u00f3n sana, una alimentaci\u00f3n saludable, y que, adem\u00e1s, ponga foco y atenci\u00f3n en las verduras, en las frutas, en los jugos, que finalmente son una herramienta fundamental para el trabajo educativo que ellos desarrollan d\u00eda a d\u00eda. Finalmente, el trabajo de JUNAEB se ve reflejado en estas actividades, porque entendemos que para los ni\u00f1os la alimentaci\u00f3n es fundamental en su etapa de crecimiento y para el desarrollo de su capacidad intelectual y desarrollo f\u00edsico y motriz\u201d, expres\u00f3 la autoridad.<\/p>\n\n\n\n<p class=\"wp-block-paragraph\">Qui\u00e9n profundiz\u00f3 en el objetivo de Misi\u00f3n Arco\u00edris fue la nutricionista de FEDIR, Daniela \u00c1vila.<\/p>\n\n\n\n<p class=\"wp-block-paragraph\">\u201cMisi\u00f3n Arco\u00edris se basa en fomentar el consumo de las frutas y verduras en los ni\u00f1os. Que sepan los beneficios, seg\u00fan sus colores, y que esta actividad, o proyecto que se est\u00e1 haciendo con ellos, puedan, quiz\u00e1, implementarlo con sus familias y empezar a fomentar el consumo de las frutas y verduras\u201d, afirm\u00f3.<\/p>\n\n\n\n<p class=\"wp-block-paragraph\">Por su parte, la Coordinadora Comunal de JUNAEB, Fernanda Campa\u00f1a, se\u00f1al\u00f3 que esta iniciativa se extender\u00e1 hasta fin de a\u00f1o, y beneficiar\u00e1 a seis establecimientos p\u00fablicos de la comuna.<\/p>\n\n\n\n<p class=\"wp-block-paragraph\">\u201cEl proyecto Misi\u00f3n Arco\u00edris es una alianza entre la empresa FEDIR y la Corporaci\u00f3n Municipal de Melipilla, donde se realizan talleres educativos en promoci\u00f3n de estilos de vida saludables en seis colegios municipales de la comuna, y se ejecutar\u00e1 durante todo el segundo semestre de este a\u00f1o\u201d, se\u00f1al\u00f3 la profesional.<\/p>\n\n\n\n<p class=\"wp-block-paragraph\">Los otros colegios en los que se est\u00e1 implementando esta iniciativa son la escuela Ignacio Serrano, San Jos\u00e9 de La Villa, Carol Urz\u00faa, Ram\u00f3n Noguera y Pedro Mar\u00edn.<\/p>\n\n\n\n<p class=\"wp-block-paragraph\"><\/p>\n","protected":false},"excerpt":{"rendered":"<p>Con el objetivo de fomentar el consumo de frutas y verduras entre los estudiantes, la Corporaci\u00f3n Municipal de Melipilla lanz\u00f3 el proyecto \u201cMisi\u00f3n Arco\u00edris\u201d, a cargo de la empresa de alimentos FEDIR. La ceremonia se realiz\u00f3 en la escuela B\u00e1sica El Pabell\u00f3n y fue encabezada por el Director Regional Metropolitano de JUNAEB, Ivo Pavlovic; el<\/p>\n<div class=\"read-more-wrapper\"><a class=\"read-more\" href=\"https:\/\/diarioellabrador.cl\/index.php\/2026\/08\/31\/corporacion-municipal-lanza-proyecto-de-alimentacion-saludable-mision-arcoiris\/\" title=\"Leer m\u00e1s\"> <span class=\"button \">Leer m\u00e1s<\/span><\/a><\/div>\n","protected":false},"author":2,"featured_media":24259,"comment_status":"open","ping_status":"open","sticky":false,"template":"","format":"standard","meta":{"footnotes":"","_members_access_role":[],"_members_access_error":""},"categories":[1],"tags":[],"class_list":["post-24319","post","type-post","status-publish","format-standard","has-post-thumbnail","hentry","category-cronica"],"yoast_head":"<!-- This site is optimized with the Yoast SEO plugin v28.4 - https:\/\/yoast.com\/product\/yoast-seo-wordpress\/ -->\n<title>Corporaci\u00f3n Municipal lanza proyecto de alimentaci\u00f3n saludable \u201cMisi\u00f3n Arco\u00edris\u201d - Diario El Labrador<\/title>\n<meta name=\"robots\" content=\"index, follow, max-snippet:-1, max-image-preview:large, max-video-preview:-1\" \/>\n<link rel=\"canonical\" href=\"https:\/\/diarioellabrador.cl\/index.php\/2026\/08\/31\/corporacion-municipal-lanza-proyecto-de-alimentacion-saludable-mision-arcoiris\/\" \/>\n<meta property=\"og:locale\" content=\"es_ES\" \/>\n<meta property=\"og:type\" content=\"article\" \/>\n<meta property=\"og:title\" content=\"Corporaci\u00f3n Municipal lanza proyecto de alimentaci\u00f3n saludable \u201cMisi\u00f3n Arco\u00edris\u201d - Diario El Labrador\" \/>\n<meta property=\"og:description\" content=\"Con el objetivo de fomentar el consumo de frutas y verduras entre los estudiantes, la Corporaci\u00f3n Municipal de Melipilla lanz\u00f3 el proyecto \u201cMisi\u00f3n Arco\u00edris\u201d, a cargo de la empresa de alimentos FEDIR. La ceremonia se realiz\u00f3 en la escuela B\u00e1sica El Pabell\u00f3n y fue encabezada por el Director Regional Metropolitano de JUNAEB, Ivo Pavlovic; el Leer m\u00e1s\" \/>\n<meta property=\"og:url\" content=\"https:\/\/diarioellabrador.cl\/index.php\/2026\/08\/31\/corporacion-municipal-lanza-proyecto-de-alimentacion-saludable-mision-arcoiris\/\" \/>\n<meta property=\"og:site_name\" content=\"Diario El Labrador\" \/>\n<meta property=\"article:publisher\" content=\"https:\/\/web.facebook.com\/profile.php?id=61576120840621\" \/>\n<meta property=\"article:published_time\" content=\"2026-08-31T22:55:19+00:00\" \/>\n<meta property=\"article:modified_time\" content=\"2026-08-31T22:55:23+00:00\" \/>\n<meta property=\"og:image\" content=\"https:\/\/diarioellabrador.cl\/wp-content\/uploads\/2026\/08\/CORPORACION-MUNICIPAL-LANZA-PROYECTO-DE-ALIMENTACION-SALUDABLE-MISION-ARCOIRIS-3-scaled.jpeg\" \/>\n\t<meta property=\"og:image:width\" content=\"2560\" \/>\n\t<meta property=\"og:image:height\" content=\"1920\" \/>\n\t<meta property=\"og:image:type\" content=\"image\/jpeg\" \/>\n<meta name=\"author\" content=\"Editor\" \/>\n<meta name=\"twitter:card\" content=\"summary_large_image\" \/>\n<meta name=\"twitter:creator\" content=\"@ElLabradorOf\" \/>\n<meta name=\"twitter:site\" content=\"@ElLabradorOf\" \/>\n<meta name=\"twitter:label1\" content=\"Escrito por\" \/>\n\t<meta name=\"twitter:data1\" content=\"Editor\" \/>\n\t<meta name=\"twitter:label2\" content=\"Tiempo de lectura\" \/>\n\t<meta name=\"twitter:data2\" content=\"3 minutos\" \/>\n<script type=\"application\/ld+json\" class=\"yoast-schema-graph\">{\"@context\":\"https:\\\/\\\/schema.org\",\"@graph\":[{\"@type\":\"Article\",\"@id\":\"https:\\\/\\\/diarioellabrador.cl\\\/index.php\\\/2026\\\/08\\\/31\\\/corporacion-municipal-lanza-proyecto-de-alimentacion-saludable-mision-arcoiris\\\/#article\",\"isPartOf\":{\"@id\":\"https:\\\/\\\/diarioellabrador.cl\\\/index.php\\\/2026\\\/08\\\/31\\\/corporacion-municipal-lanza-proyecto-de-alimentacion-saludable-mision-arcoiris\\\/\"},\"author\":{\"name\":\"Editor\",\"@id\":\"https:\\\/\\\/diarioellabrador.cl\\\/#\\\/schema\\\/person\\\/bc25ff80b4563f9c7f4bd7855df01685\"},\"headline\":\"Corporaci\u00f3n Municipal lanza proyecto de alimentaci\u00f3n saludable \u201cMisi\u00f3n Arco\u00edris\u201d\",\"datePublished\":\"2026-08-31T22:55:19+00:00\",\"dateModified\":\"2026-08-31T22:55:23+00:00\",\"mainEntityOfPage\":{\"@id\":\"https:\\\/\\\/diarioellabrador.cl\\\/index.php\\\/2026\\\/08\\\/31\\\/corporacion-municipal-lanza-proyecto-de-alimentacion-saludable-mision-arcoiris\\\/\"},\"wordCount\":574,\"commentCount\":0,\"publisher\":{\"@id\":\"https:\\\/\\\/diarioellabrador.cl\\\/#organization\"},\"image\":{\"@id\":\"https:\\\/\\\/diarioellabrador.cl\\\/index.php\\\/2026\\\/08\\\/31\\\/corporacion-municipal-lanza-proyecto-de-alimentacion-saludable-mision-arcoiris\\\/#primaryimage\"},\"thumbnailUrl\":\"https:\\\/\\\/diarioellabrador.cl\\\/wp-content\\\/uploads\\\/2026\\\/08\\\/CORPORACION-MUNICIPAL-LANZA-PROYECTO-DE-ALIMENTACION-SALUDABLE-MISION-ARCOIRIS-3-scaled.jpeg\",\"articleSection\":[\"Cr\u00f3nica\"],\"inLanguage\":\"es\",\"potentialAction\":[{\"@type\":\"CommentAction\",\"name\":\"Comment\",\"target\":[\"https:\\\/\\\/diarioellabrador.cl\\\/index.php\\\/2026\\\/08\\\/31\\\/corporacion-municipal-lanza-proyecto-de-alimentacion-saludable-mision-arcoiris\\\/#respond\"]}]},{\"@type\":\"WebPage\",\"@id\":\"https:\\\/\\\/diarioellabrador.cl\\\/index.php\\\/2026\\\/08\\\/31\\\/corporacion-municipal-lanza-proyecto-de-alimentacion-saludable-mision-arcoiris\\\/\",\"url\":\"https:\\\/\\\/diarioellabrador.cl\\\/index.php\\\/2026\\\/08\\\/31\\\/corporacion-municipal-lanza-proyecto-de-alimentacion-saludable-mision-arcoiris\\\/\",\"name\":\"Corporaci\u00f3n Municipal lanza proyecto de alimentaci\u00f3n saludable \u201cMisi\u00f3n Arco\u00edris\u201d - Diario El Labrador\",\"isPartOf\":{\"@id\":\"https:\\\/\\\/diarioellabrador.cl\\\/#website\"},\"primaryImageOfPage\":{\"@id\":\"https:\\\/\\\/diarioellabrador.cl\\\/index.php\\\/2026\\\/08\\\/31\\\/corporacion-municipal-lanza-proyecto-de-alimentacion-saludable-mision-arcoiris\\\/#primaryimage\"},\"image\":{\"@id\":\"https:\\\/\\\/diarioellabrador.cl\\\/index.php\\\/2026\\\/08\\\/31\\\/corporacion-municipal-lanza-proyecto-de-alimentacion-saludable-mision-arcoiris\\\/#primaryimage\"},\"thumbnailUrl\":\"https:\\\/\\\/diarioellabrador.cl\\\/wp-content\\\/uploads\\\/2026\\\/08\\\/CORPORACION-MUNICIPAL-LANZA-PROYECTO-DE-ALIMENTACION-SALUDABLE-MISION-ARCOIRIS-3-scaled.jpeg\",\"datePublished\":\"2026-08-31T22:55:19+00:00\",\"dateModified\":\"2026-08-31T22:55:23+00:00\",\"breadcrumb\":{\"@id\":\"https:\\\/\\\/diarioellabrador.cl\\\/index.php\\\/2026\\\/08\\\/31\\\/corporacion-municipal-lanza-proyecto-de-alimentacion-saludable-mision-arcoiris\\\/#breadcrumb\"},\"inLanguage\":\"es\",\"potentialAction\":[{\"@type\":\"ReadAction\",\"target\":[\"https:\\\/\\\/diarioellabrador.cl\\\/index.php\\\/2026\\\/08\\\/31\\\/corporacion-municipal-lanza-proyecto-de-alimentacion-saludable-mision-arcoiris\\\/\"]}]},{\"@type\":\"ImageObject\",\"inLanguage\":\"es\",\"@id\":\"https:\\\/\\\/diarioellabrador.cl\\\/index.php\\\/2026\\\/08\\\/31\\\/corporacion-municipal-lanza-proyecto-de-alimentacion-saludable-mision-arcoiris\\\/#primaryimage\",\"url\":\"https:\\\/\\\/diarioellabrador.cl\\\/wp-content\\\/uploads\\\/2026\\\/08\\\/CORPORACION-MUNICIPAL-LANZA-PROYECTO-DE-ALIMENTACION-SALUDABLE-MISION-ARCOIRIS-3-scaled.jpeg\",\"contentUrl\":\"https:\\\/\\\/diarioellabrador.cl\\\/wp-content\\\/uploads\\\/2026\\\/08\\\/CORPORACION-MUNICIPAL-LANZA-PROYECTO-DE-ALIMENTACION-SALUDABLE-MISION-ARCOIRIS-3-scaled.jpeg\",\"width\":2560,\"height\":1920},{\"@type\":\"BreadcrumbList\",\"@id\":\"https:\\\/\\\/diarioellabrador.cl\\\/index.php\\\/2026\\\/08\\\/31\\\/corporacion-municipal-lanza-proyecto-de-alimentacion-saludable-mision-arcoiris\\\/#breadcrumb\",\"itemListElement\":[{\"@type\":\"ListItem\",\"position\":1,\"name\":\"Portada\",\"item\":\"https:\\\/\\\/diarioellabrador.cl\\\/\"},{\"@type\":\"ListItem\",\"position\":2,\"name\":\"Corporaci\u00f3n Municipal lanza proyecto de alimentaci\u00f3n saludable \u201cMisi\u00f3n Arco\u00edris\u201d\"}]},{\"@type\":\"WebSite\",\"@id\":\"https:\\\/\\\/diarioellabrador.cl\\\/#website\",\"url\":\"https:\\\/\\\/diarioellabrador.cl\\\/\",\"name\":\"Diario El Labrador\",\"description\":\"Haciendo noticia desde 1921\",\"publisher\":{\"@id\":\"https:\\\/\\\/diarioellabrador.cl\\\/#organization\"},\"potentialAction\":[{\"@type\":\"SearchAction\",\"target\":{\"@type\":\"EntryPoint\",\"urlTemplate\":\"https:\\\/\\\/diarioellabrador.cl\\\/?s={search_term_string}\"},\"query-input\":{\"@type\":\"PropertyValueSpecification\",\"valueRequired\":true,\"valueName\":\"search_term_string\"}}],\"inLanguage\":\"es\"},{\"@type\":\"Organization\",\"@id\":\"https:\\\/\\\/diarioellabrador.cl\\\/#organization\",\"name\":\"Diario El Labrador\",\"url\":\"https:\\\/\\\/diarioellabrador.cl\\\/\",\"logo\":{\"@type\":\"ImageObject\",\"inLanguage\":\"es\",\"@id\":\"https:\\\/\\\/diarioellabrador.cl\\\/#\\\/schema\\\/logo\\\/image\\\/\",\"url\":\"https:\\\/\\\/diarioellabrador.cl\\\/wp-content\\\/uploads\\\/2025\\\/02\\\/cropped-Logo-Icono.png\",\"contentUrl\":\"https:\\\/\\\/diarioellabrador.cl\\\/wp-content\\\/uploads\\\/2025\\\/02\\\/cropped-Logo-Icono.png\",\"width\":512,\"height\":512,\"caption\":\"Diario El Labrador\"},\"image\":{\"@id\":\"https:\\\/\\\/diarioellabrador.cl\\\/#\\\/schema\\\/logo\\\/image\\\/\"},\"sameAs\":[\"https:\\\/\\\/web.facebook.com\\\/profile.php?id=61576120840621\",\"https:\\\/\\\/x.com\\\/ElLabradorOf\",\"https:\\\/\\\/www.instagram.com\\\/diarioellabradoroficial\\\/\"]},{\"@type\":\"Person\",\"@id\":\"https:\\\/\\\/diarioellabrador.cl\\\/#\\\/schema\\\/person\\\/bc25ff80b4563f9c7f4bd7855df01685\",\"name\":\"Editor\",\"image\":{\"@type\":\"ImageObject\",\"inLanguage\":\"es\",\"@id\":\"https:\\\/\\\/secure.gravatar.com\\\/avatar\\\/109c326cf2be5c04f048c2c2a2b8b6ef44bf3d8d1d3d4c55d0ac40c4bc994684?s=96&d=initials&r=g&initials=ed\",\"url\":\"https:\\\/\\\/secure.gravatar.com\\\/avatar\\\/109c326cf2be5c04f048c2c2a2b8b6ef44bf3d8d1d3d4c55d0ac40c4bc994684?s=96&d=initials&r=g&initials=ed\",\"contentUrl\":\"https:\\\/\\\/secure.gravatar.com\\\/avatar\\\/109c326cf2be5c04f048c2c2a2b8b6ef44bf3d8d1d3d4c55d0ac40c4bc994684?s=96&d=initials&r=g&initials=ed\",\"caption\":\"Editor\"},\"url\":\"https:\\\/\\\/diarioellabrador.cl\\\/index.php\\\/author\\\/editor\\\/\"}]}<\/script>\n<!-- \/ Yoast SEO plugin. -->","yoast_head_json":{"title":"Corporaci\u00f3n Municipal lanza proyecto de alimentaci\u00f3n saludable \u201cMisi\u00f3n Arco\u00edris\u201d - Diario El Labrador","robots":{"index":"index","follow":"follow","max-snippet":"max-snippet:-1","max-image-preview":"max-image-preview:large","max-video-preview":"max-video-preview:-1"},"canonical":"https:\/\/diarioellabrador.cl\/index.php\/2026\/08\/31\/corporacion-municipal-lanza-proyecto-de-alimentacion-saludable-mision-arcoiris\/","og_locale":"es_ES","og_type":"article","og_title":"Corporaci\u00f3n Municipal lanza proyecto de alimentaci\u00f3n saludable \u201cMisi\u00f3n Arco\u00edris\u201d - Diario El Labrador","og_description":"Con el objetivo de fomentar el consumo de frutas y verduras entre los estudiantes, la Corporaci\u00f3n Municipal de Melipilla lanz\u00f3 el proyecto \u201cMisi\u00f3n Arco\u00edris\u201d, a cargo de la empresa de alimentos FEDIR. La ceremonia se realiz\u00f3 en la escuela B\u00e1sica El Pabell\u00f3n y fue encabezada por el Director Regional Metropolitano de JUNAEB, Ivo Pavlovic; el Leer m\u00e1s","og_url":"https:\/\/diarioellabrador.cl\/index.php\/2026\/08\/31\/corporacion-municipal-lanza-proyecto-de-alimentacion-saludable-mision-arcoiris\/","og_site_name":"Diario El Labrador","article_publisher":"https:\/\/web.facebook.com\/profile.php?id=61576120840621","article_published_time":"2026-08-31T22:55:19+00:00","article_modified_time":"2026-08-31T22:55:23+00:00","og_image":[{"width":2560,"height":1920,"url":"https:\/\/diarioellabrador.cl\/wp-content\/uploads\/2026\/08\/CORPORACION-MUNICIPAL-LANZA-PROYECTO-DE-ALIMENTACION-SALUDABLE-MISION-ARCOIRIS-3-scaled.jpeg","type":"image\/jpeg"}],"author":"Editor","twitter_card":"summary_large_image","twitter_creator":"@ElLabradorOf","twitter_site":"@ElLabradorOf","twitter_misc":{"Escrito por":"Editor","Tiempo de lectura":"3 minutos"},"schema":{"@context":"https:\/\/schema.org","@graph":[{"@type":"Article","@id":"https:\/\/diarioellabrador.cl\/index.php\/2026\/08\/31\/corporacion-municipal-lanza-proyecto-de-alimentacion-saludable-mision-arcoiris\/#article","isPartOf":{"@id":"https:\/\/diarioellabrador.cl\/index.php\/2026\/08\/31\/corporacion-municipal-lanza-proyecto-de-alimentacion-saludable-mision-arcoiris\/"},"author":{"name":"Editor","@id":"https:\/\/diarioellabrador.cl\/#\/schema\/person\/bc25ff80b4563f9c7f4bd7855df01685"},"headline":"Corporaci\u00f3n Municipal lanza proyecto de alimentaci\u00f3n saludable \u201cMisi\u00f3n Arco\u00edris\u201d","datePublished":"2026-08-31T22:55:19+00:00","dateModified":"2026-08-31T22:55:23+00:00","mainEntityOfPage":{"@id":"https:\/\/diarioellabrador.cl\/index.php\/2026\/08\/31\/corporacion-municipal-lanza-proyecto-de-alimentacion-saludable-mision-arcoiris\/"},"wordCount":574,"commentCount":0,"publisher":{"@id":"https:\/\/diarioellabrador.cl\/#organization"},"image":{"@id":"https:\/\/diarioellabrador.cl\/index.php\/2026\/08\/31\/corporacion-municipal-lanza-proyecto-de-alimentacion-saludable-mision-arcoiris\/#primaryimage"},"thumbnailUrl":"https:\/\/diarioellabrador.cl\/wp-content\/uploads\/2026\/08\/CORPORACION-MUNICIPAL-LANZA-PROYECTO-DE-ALIMENTACION-SALUDABLE-MISION-ARCOIRIS-3-scaled.jpeg","articleSection":["Cr\u00f3nica"],"inLanguage":"es","potentialAction":[{"@type":"CommentAction","name":"Comment","target":["https:\/\/diarioellabrador.cl\/index.php\/2026\/08\/31\/corporacion-municipal-lanza-proyecto-de-alimentacion-saludable-mision-arcoiris\/#respond"]}]},{"@type":"WebPage","@id":"https:\/\/diarioellabrador.cl\/index.php\/2026\/08\/31\/corporacion-municipal-lanza-proyecto-de-alimentacion-saludable-mision-arcoiris\/","url":"https:\/\/diarioellabrador.cl\/index.php\/2026\/08\/31\/corporacion-municipal-lanza-proyecto-de-alimentacion-saludable-mision-arcoiris\/","name":"Corporaci\u00f3n Municipal lanza proyecto de alimentaci\u00f3n saludable \u201cMisi\u00f3n Arco\u00edris\u201d - Diario El Labrador","isPartOf":{"@id":"https:\/\/diarioellabrador.cl\/#website"},"primaryImageOfPage":{"@id":"https:\/\/diarioellabrador.cl\/index.php\/2026\/08\/31\/corporacion-municipal-lanza-proyecto-de-alimentacion-saludable-mision-arcoiris\/#primaryimage"},"image":{"@id":"https:\/\/diarioellabrador.cl\/index.php\/2026\/08\/31\/corporacion-municipal-lanza-proyecto-de-alimentacion-saludable-mision-arcoiris\/#primaryimage"},"thumbnailUrl":"https:\/\/diarioellabrador.cl\/wp-content\/uploads\/2026\/08\/CORPORACION-MUNICIPAL-LANZA-PROYECTO-DE-ALIMENTACION-SALUDABLE-MISION-ARCOIRIS-3-scaled.jpeg","datePublished":"2026-08-31T22:55:19+00:00","dateModified":"2026-08-31T22:55:23+00:00","breadcrumb":{"@id":"https:\/\/diarioellabrador.cl\/index.php\/2026\/08\/31\/corporacion-municipal-lanza-proyecto-de-alimentacion-saludable-mision-arcoiris\/#breadcrumb"},"inLanguage":"es","potentialAction":[{"@type":"ReadAction","target":["https:\/\/diarioellabrador.cl\/index.php\/2026\/08\/31\/corporacion-municipal-lanza-proyecto-de-alimentacion-saludable-mision-arcoiris\/"]}]},{"@type":"ImageObject","inLanguage":"es","@id":"https:\/\/diarioellabrador.cl\/index.php\/2026\/08\/31\/corporacion-municipal-lanza-proyecto-de-alimentacion-saludable-mision-arcoiris\/#primaryimage","url":"https:\/\/diarioellabrador.cl\/wp-content\/uploads\/2026\/08\/CORPORACION-MUNICIPAL-LANZA-PROYECTO-DE-ALIMENTACION-SALUDABLE-MISION-ARCOIRIS-3-scaled.jpeg","contentUrl":"https:\/\/diarioellabrador.cl\/wp-content\/uploads\/2026\/08\/CORPORACION-MUNICIPAL-LANZA-PROYECTO-DE-ALIMENTACION-SALUDABLE-MISION-ARCOIRIS-3-scaled.jpeg","width":2560,"height":1920},{"@type":"BreadcrumbList","@id":"https:\/\/diarioellabrador.cl\/index.php\/2026\/08\/31\/corporacion-municipal-lanza-proyecto-de-alimentacion-saludable-mision-arcoiris\/#breadcrumb","itemListElement":[{"@type":"ListItem","position":1,"name":"Portada","item":"https:\/\/diarioellabrador.cl\/"},{"@type":"ListItem","position":2,"name":"Corporaci\u00f3n Municipal lanza proyecto de alimentaci\u00f3n saludable \u201cMisi\u00f3n Arco\u00edris\u201d"}]},{"@type":"WebSite","@id":"https:\/\/diarioellabrador.cl\/#website","url":"https:\/\/diarioellabrador.cl\/","name":"Diario El Labrador","description":"Haciendo noticia desde 1921","publisher":{"@id":"https:\/\/diarioellabrador.cl\/#organization"},"potentialAction":[{"@type":"SearchAction","target":{"@type":"EntryPoint","urlTemplate":"https:\/\/diarioellabrador.cl\/?s={search_term_string}"},"query-input":{"@type":"PropertyValueSpecification","valueRequired":true,"valueName":"search_term_string"}}],"inLanguage":"es"},{"@type":"Organization","@id":"https:\/\/diarioellabrador.cl\/#organization","name":"Diario El Labrador","url":"https:\/\/diarioellabrador.cl\/","logo":{"@type":"ImageObject","inLanguage":"es","@id":"https:\/\/diarioellabrador.cl\/#\/schema\/logo\/image\/","url":"https:\/\/diarioellabrador.cl\/wp-content\/uploads\/2025\/02\/cropped-Logo-Icono.png","contentUrl":"https:\/\/diarioellabrador.cl\/wp-content\/uploads\/2025\/02\/cropped-Logo-Icono.png","width":512,"height":512,"caption":"Diario El Labrador"},"image":{"@id":"https:\/\/diarioellabrador.cl\/#\/schema\/logo\/image\/"},"sameAs":["https:\/\/web.facebook.com\/profile.php?id=61576120840621","https:\/\/x.com\/ElLabradorOf","https:\/\/www.instagram.com\/diarioellabradoroficial\/"]},{"@type":"Person","@id":"https:\/\/diarioellabrador.cl\/#\/schema\/person\/bc25ff80b4563f9c7f4bd7855df01685","name":"Editor","image":{"@type":"ImageObject","inLanguage":"es","@id":"https:\/\/secure.gravatar.com\/avatar\/109c326cf2be5c04f048c2c2a2b8b6ef44bf3d8d1d3d4c55d0ac40c4bc994684?s=96&d=initials&r=g&initials=ed","url":"https:\/\/secure.gravatar.com\/avatar\/109c326cf2be5c04f048c2c2a2b8b6ef44bf3d8d1d3d4c55d0ac40c4bc994684?s=96&d=initials&r=g&initials=ed","contentUrl":"https:\/\/secure.gravatar.com\/avatar\/109c326cf2be5c04f048c2c2a2b8b6ef44bf3d8d1d3d4c55d0ac40c4bc994684?s=96&d=initials&r=g&initials=ed","caption":"Editor"},"url":"https:\/\/diarioellabrador.cl\/index.php\/author\/editor\/"}]}},"_links":{"self":[{"href":"https:\/\/diarioellabrador.cl\/index.php\/wp-json\/wp\/v2\/posts\/24319","targetHints":{"allow":["GET"]}}],"collection":[{"href":"https:\/\/diarioellabrador.cl\/index.php\/wp-json\/wp\/v2\/posts"}],"about":[{"href":"https:\/\/diarioellabrador.cl\/index.php\/wp-json\/wp\/v2\/types\/post"}],"author":[{"embeddable":true,"href":"https:\/\/diarioellabrador.cl\/index.php\/wp-json\/wp\/v2\/users\/2"}],"replies":[{"embeddable":true,"href":"https:\/\/diarioellabrador.cl\/index.php\/wp-json\/wp\/v2\/comments?post=24319"}],"version-history":[{"count":1,"href":"https:\/\/diarioellabrador.cl\/index.php\/wp-json\/wp\/v2\/posts\/24319\/revisions"}],"predecessor-version":[{"id":24320,"href":"https:\/\/diarioellabrador.cl\/index.php\/wp-json\/wp\/v2\/posts\/24319\/revisions\/24320"}],"wp:featuredmedia":[{"embeddable":true,"href":"https:\/\/diarioellabrador.cl\/index.php\/wp-json\/wp\/v2\/media\/24259"}],"wp:attachment":[{"href":"https:\/\/diarioellabrador.cl\/index.php\/wp-json\/wp\/v2\/media?parent=24319"}],"wp:term":[{"taxonomy":"category","embeddable":true,"href":"https:\/\/diarioellabrador.cl\/index.php\/wp-json\/wp\/v2\/categories?post=24319"},{"taxonomy":"post_tag","embeddable":true,"href":"https:\/\/diarioellabrador.cl\/index.php\/wp-json\/wp\/v2\/tags?post=24319"}],"curies":[{"name":"wp","href":"https:\/\/api.w.org\/{rel}","templated":true}]}}