{"id":24317,"date":"2026-08-31T18:54:26","date_gmt":"2026-08-31T22:54:26","guid":{"rendered":"https:\/\/diarioellabrador.cl\/?p=24317"},"modified":"2026-08-31T18:54:28","modified_gmt":"2026-08-31T22:54:28","slug":"finaliza-mes-de-la-ninez-en-maria-pinto-con-actividades-al-aire-libre","status":"publish","type":"post","link":"https:\/\/diarioellabrador.cl\/index.php\/2026\/08\/31\/finaliza-mes-de-la-ninez-en-maria-pinto-con-actividades-al-aire-libre\/","title":{"rendered":"Finaliza Mes de la Ni\u00f1ez en Mar\u00eda Pinto con actividades al aire libre"},"content":{"rendered":"\n<p class=\"wp-block-paragraph\">Por Carlos Silva S.<\/p>\n\n\n\n<p class=\"wp-block-paragraph\">Una verdadera fiesta fue la que se vivi\u00f3 el pasado fin de semana en la localidad de Santa Luisa, comuna de Mar\u00eda Pinto.<\/p>\n\n\n\n<p class=\"wp-block-paragraph\">En el marco de la culminaci\u00f3n del Mes de la Ni\u00f1ez, la Oficina de Cultura del municipio desarroll\u00f3 una serie de actividades en la cancha de f\u00fatbol, donde los ni\u00f1os y ni\u00f1as disfrutaron de juegos inflables, m\u00fasica, deporte y hasta de una pel\u00edcula animada.<\/p>\n\n\n\n<p class=\"wp-block-paragraph\">La alcaldesa Jessica Mualim estuvo presente en la instancia y, junto con destacar la organizaci\u00f3n por parte de los funcionarios municipales para que el evento resultara todo un \u00e9xito, agradeci\u00f3 a las familias por su presencia, compartiendo con ellas un grato momento de distenci\u00f3n.<\/p>\n\n\n\n<p class=\"wp-block-paragraph\">Se repartieron cabritas, hubo concursos con premios y la entrega de informaci\u00f3n por parte de la Oficina Local de la Ni\u00f1ez, SENDA Previene y el Centro de las Mujeres.<\/p>\n\n\n\n<p class=\"wp-block-paragraph\"><\/p>\n","protected":false},"excerpt":{"rendered":"<p>Por Carlos Silva S. Una verdadera fiesta fue la que se vivi\u00f3 el pasado fin de semana en la localidad de Santa Luisa, comuna de Mar\u00eda Pinto. En el marco de la culminaci\u00f3n del Mes de la Ni\u00f1ez, la Oficina de Cultura del municipio desarroll\u00f3 una serie de actividades en la cancha de f\u00fatbol, donde<\/p>\n<div class=\"read-more-wrapper\"><a class=\"read-more\" href=\"https:\/\/diarioellabrador.cl\/index.php\/2026\/08\/31\/finaliza-mes-de-la-ninez-en-maria-pinto-con-actividades-al-aire-libre\/\" title=\"Leer m\u00e1s\"> <span class=\"button \">Leer m\u00e1s<\/span><\/a><\/div>\n","protected":false},"author":2,"featured_media":24269,"comment_status":"open","ping_status":"open","sticky":false,"template":"","format":"standard","meta":{"footnotes":"","_members_access_role":[],"_members_access_error":""},"categories":[1],"tags":[],"class_list":["post-24317","post","type-post","status-publish","format-standard","has-post-thumbnail","hentry","category-cronica"],"yoast_head":"<!-- This site is optimized with the Yoast SEO plugin v28.4 - https:\/\/yoast.com\/product\/yoast-seo-wordpress\/ -->\n<title>Finaliza Mes de la Ni\u00f1ez en Mar\u00eda Pinto con actividades al aire libre - Diario El Labrador<\/title>\n<meta name=\"robots\" content=\"index, follow, max-snippet:-1, max-image-preview:large, max-video-preview:-1\" \/>\n<link rel=\"canonical\" href=\"https:\/\/diarioellabrador.cl\/index.php\/2026\/08\/31\/finaliza-mes-de-la-ninez-en-maria-pinto-con-actividades-al-aire-libre\/\" \/>\n<meta property=\"og:locale\" content=\"es_ES\" \/>\n<meta property=\"og:type\" content=\"article\" \/>\n<meta property=\"og:title\" content=\"Finaliza Mes de la Ni\u00f1ez en Mar\u00eda Pinto con actividades al aire libre - Diario El Labrador\" \/>\n<meta property=\"og:description\" content=\"Por Carlos Silva S. Una verdadera fiesta fue la que se vivi\u00f3 el pasado fin de semana en la localidad de Santa Luisa, comuna de Mar\u00eda Pinto. En el marco de la culminaci\u00f3n del Mes de la Ni\u00f1ez, la Oficina de Cultura del municipio desarroll\u00f3 una serie de actividades en la cancha de f\u00fatbol, donde Leer m\u00e1s\" \/>\n<meta property=\"og:url\" content=\"https:\/\/diarioellabrador.cl\/index.php\/2026\/08\/31\/finaliza-mes-de-la-ninez-en-maria-pinto-con-actividades-al-aire-libre\/\" \/>\n<meta property=\"og:site_name\" content=\"Diario El Labrador\" \/>\n<meta property=\"article:publisher\" content=\"https:\/\/web.facebook.com\/profile.php?id=61576120840621\" \/>\n<meta property=\"article:published_time\" content=\"2026-08-31T22:54:26+00:00\" \/>\n<meta property=\"article:modified_time\" content=\"2026-08-31T22:54:28+00:00\" \/>\n<meta property=\"og:image\" content=\"https:\/\/diarioellabrador.cl\/wp-content\/uploads\/2026\/08\/Finaliza-Mes-de-la-Ninez-en-Maria-Pinto-con-actividades-al-aire-libre-2.jpeg\" \/>\n\t<meta property=\"og:image:width\" content=\"1280\" \/>\n\t<meta property=\"og:image:height\" content=\"960\" \/>\n\t<meta property=\"og:image:type\" content=\"image\/jpeg\" \/>\n<meta name=\"author\" content=\"Editor\" \/>\n<meta name=\"twitter:card\" content=\"summary_large_image\" \/>\n<meta name=\"twitter:creator\" content=\"@ElLabradorOf\" \/>\n<meta name=\"twitter:site\" content=\"@ElLabradorOf\" \/>\n<meta name=\"twitter:label1\" content=\"Escrito por\" \/>\n\t<meta name=\"twitter:data1\" content=\"Editor\" \/>\n\t<meta name=\"twitter:label2\" content=\"Tiempo de lectura\" \/>\n\t<meta name=\"twitter:data2\" content=\"1 minuto\" \/>\n<script type=\"application\/ld+json\" class=\"yoast-schema-graph\">{\"@context\":\"https:\\\/\\\/schema.org\",\"@graph\":[{\"@type\":\"Article\",\"@id\":\"https:\\\/\\\/diarioellabrador.cl\\\/index.php\\\/2026\\\/08\\\/31\\\/finaliza-mes-de-la-ninez-en-maria-pinto-con-actividades-al-aire-libre\\\/#article\",\"isPartOf\":{\"@id\":\"https:\\\/\\\/diarioellabrador.cl\\\/index.php\\\/2026\\\/08\\\/31\\\/finaliza-mes-de-la-ninez-en-maria-pinto-con-actividades-al-aire-libre\\\/\"},\"author\":{\"name\":\"Editor\",\"@id\":\"https:\\\/\\\/diarioellabrador.cl\\\/#\\\/schema\\\/person\\\/bc25ff80b4563f9c7f4bd7855df01685\"},\"headline\":\"Finaliza Mes de la Ni\u00f1ez en Mar\u00eda Pinto con actividades al aire libre\",\"datePublished\":\"2026-08-31T22:54:26+00:00\",\"dateModified\":\"2026-08-31T22:54:28+00:00\",\"mainEntityOfPage\":{\"@id\":\"https:\\\/\\\/diarioellabrador.cl\\\/index.php\\\/2026\\\/08\\\/31\\\/finaliza-mes-de-la-ninez-en-maria-pinto-con-actividades-al-aire-libre\\\/\"},\"wordCount\":171,\"commentCount\":0,\"publisher\":{\"@id\":\"https:\\\/\\\/diarioellabrador.cl\\\/#organization\"},\"image\":{\"@id\":\"https:\\\/\\\/diarioellabrador.cl\\\/index.php\\\/2026\\\/08\\\/31\\\/finaliza-mes-de-la-ninez-en-maria-pinto-con-actividades-al-aire-libre\\\/#primaryimage\"},\"thumbnailUrl\":\"https:\\\/\\\/diarioellabrador.cl\\\/wp-content\\\/uploads\\\/2026\\\/08\\\/Finaliza-Mes-de-la-Ninez-en-Maria-Pinto-con-actividades-al-aire-libre-2.jpeg\",\"articleSection\":[\"Cr\u00f3nica\"],\"inLanguage\":\"es\",\"potentialAction\":[{\"@type\":\"CommentAction\",\"name\":\"Comment\",\"target\":[\"https:\\\/\\\/diarioellabrador.cl\\\/index.php\\\/2026\\\/08\\\/31\\\/finaliza-mes-de-la-ninez-en-maria-pinto-con-actividades-al-aire-libre\\\/#respond\"]}]},{\"@type\":\"WebPage\",\"@id\":\"https:\\\/\\\/diarioellabrador.cl\\\/index.php\\\/2026\\\/08\\\/31\\\/finaliza-mes-de-la-ninez-en-maria-pinto-con-actividades-al-aire-libre\\\/\",\"url\":\"https:\\\/\\\/diarioellabrador.cl\\\/index.php\\\/2026\\\/08\\\/31\\\/finaliza-mes-de-la-ninez-en-maria-pinto-con-actividades-al-aire-libre\\\/\",\"name\":\"Finaliza Mes de la Ni\u00f1ez en Mar\u00eda Pinto con actividades al aire libre - Diario El Labrador\",\"isPartOf\":{\"@id\":\"https:\\\/\\\/diarioellabrador.cl\\\/#website\"},\"primaryImageOfPage\":{\"@id\":\"https:\\\/\\\/diarioellabrador.cl\\\/index.php\\\/2026\\\/08\\\/31\\\/finaliza-mes-de-la-ninez-en-maria-pinto-con-actividades-al-aire-libre\\\/#primaryimage\"},\"image\":{\"@id\":\"https:\\\/\\\/diarioellabrador.cl\\\/index.php\\\/2026\\\/08\\\/31\\\/finaliza-mes-de-la-ninez-en-maria-pinto-con-actividades-al-aire-libre\\\/#primaryimage\"},\"thumbnailUrl\":\"https:\\\/\\\/diarioellabrador.cl\\\/wp-content\\\/uploads\\\/2026\\\/08\\\/Finaliza-Mes-de-la-Ninez-en-Maria-Pinto-con-actividades-al-aire-libre-2.jpeg\",\"datePublished\":\"2026-08-31T22:54:26+00:00\",\"dateModified\":\"2026-08-31T22:54:28+00:00\",\"breadcrumb\":{\"@id\":\"https:\\\/\\\/diarioellabrador.cl\\\/index.php\\\/2026\\\/08\\\/31\\\/finaliza-mes-de-la-ninez-en-maria-pinto-con-actividades-al-aire-libre\\\/#breadcrumb\"},\"inLanguage\":\"es\",\"potentialAction\":[{\"@type\":\"ReadAction\",\"target\":[\"https:\\\/\\\/diarioellabrador.cl\\\/index.php\\\/2026\\\/08\\\/31\\\/finaliza-mes-de-la-ninez-en-maria-pinto-con-actividades-al-aire-libre\\\/\"]}]},{\"@type\":\"ImageObject\",\"inLanguage\":\"es\",\"@id\":\"https:\\\/\\\/diarioellabrador.cl\\\/index.php\\\/2026\\\/08\\\/31\\\/finaliza-mes-de-la-ninez-en-maria-pinto-con-actividades-al-aire-libre\\\/#primaryimage\",\"url\":\"https:\\\/\\\/diarioellabrador.cl\\\/wp-content\\\/uploads\\\/2026\\\/08\\\/Finaliza-Mes-de-la-Ninez-en-Maria-Pinto-con-actividades-al-aire-libre-2.jpeg\",\"contentUrl\":\"https:\\\/\\\/diarioellabrador.cl\\\/wp-content\\\/uploads\\\/2026\\\/08\\\/Finaliza-Mes-de-la-Ninez-en-Maria-Pinto-con-actividades-al-aire-libre-2.jpeg\",\"width\":1280,\"height\":960},{\"@type\":\"BreadcrumbList\",\"@id\":\"https:\\\/\\\/diarioellabrador.cl\\\/index.php\\\/2026\\\/08\\\/31\\\/finaliza-mes-de-la-ninez-en-maria-pinto-con-actividades-al-aire-libre\\\/#breadcrumb\",\"itemListElement\":[{\"@type\":\"ListItem\",\"position\":1,\"name\":\"Portada\",\"item\":\"https:\\\/\\\/diarioellabrador.cl\\\/\"},{\"@type\":\"ListItem\",\"position\":2,\"name\":\"Finaliza Mes de la Ni\u00f1ez en Mar\u00eda Pinto con actividades al aire libre\"}]},{\"@type\":\"WebSite\",\"@id\":\"https:\\\/\\\/diarioellabrador.cl\\\/#website\",\"url\":\"https:\\\/\\\/diarioellabrador.cl\\\/\",\"name\":\"Diario El Labrador\",\"description\":\"Haciendo noticia desde 1921\",\"publisher\":{\"@id\":\"https:\\\/\\\/diarioellabrador.cl\\\/#organization\"},\"potentialAction\":[{\"@type\":\"SearchAction\",\"target\":{\"@type\":\"EntryPoint\",\"urlTemplate\":\"https:\\\/\\\/diarioellabrador.cl\\\/?s={search_term_string}\"},\"query-input\":{\"@type\":\"PropertyValueSpecification\",\"valueRequired\":true,\"valueName\":\"search_term_string\"}}],\"inLanguage\":\"es\"},{\"@type\":\"Organization\",\"@id\":\"https:\\\/\\\/diarioellabrador.cl\\\/#organization\",\"name\":\"Diario El Labrador\",\"url\":\"https:\\\/\\\/diarioellabrador.cl\\\/\",\"logo\":{\"@type\":\"ImageObject\",\"inLanguage\":\"es\",\"@id\":\"https:\\\/\\\/diarioellabrador.cl\\\/#\\\/schema\\\/logo\\\/image\\\/\",\"url\":\"https:\\\/\\\/diarioellabrador.cl\\\/wp-content\\\/uploads\\\/2025\\\/02\\\/cropped-Logo-Icono.png\",\"contentUrl\":\"https:\\\/\\\/diarioellabrador.cl\\\/wp-content\\\/uploads\\\/2025\\\/02\\\/cropped-Logo-Icono.png\",\"width\":512,\"height\":512,\"caption\":\"Diario El Labrador\"},\"image\":{\"@id\":\"https:\\\/\\\/diarioellabrador.cl\\\/#\\\/schema\\\/logo\\\/image\\\/\"},\"sameAs\":[\"https:\\\/\\\/web.facebook.com\\\/profile.php?id=61576120840621\",\"https:\\\/\\\/x.com\\\/ElLabradorOf\",\"https:\\\/\\\/www.instagram.com\\\/diarioellabradoroficial\\\/\"]},{\"@type\":\"Person\",\"@id\":\"https:\\\/\\\/diarioellabrador.cl\\\/#\\\/schema\\\/person\\\/bc25ff80b4563f9c7f4bd7855df01685\",\"name\":\"Editor\",\"image\":{\"@type\":\"ImageObject\",\"inLanguage\":\"es\",\"@id\":\"https:\\\/\\\/secure.gravatar.com\\\/avatar\\\/109c326cf2be5c04f048c2c2a2b8b6ef44bf3d8d1d3d4c55d0ac40c4bc994684?s=96&d=initials&r=g&initials=ed\",\"url\":\"https:\\\/\\\/secure.gravatar.com\\\/avatar\\\/109c326cf2be5c04f048c2c2a2b8b6ef44bf3d8d1d3d4c55d0ac40c4bc994684?s=96&d=initials&r=g&initials=ed\",\"contentUrl\":\"https:\\\/\\\/secure.gravatar.com\\\/avatar\\\/109c326cf2be5c04f048c2c2a2b8b6ef44bf3d8d1d3d4c55d0ac40c4bc994684?s=96&d=initials&r=g&initials=ed\",\"caption\":\"Editor\"},\"url\":\"https:\\\/\\\/diarioellabrador.cl\\\/index.php\\\/author\\\/editor\\\/\"}]}<\/script>\n<!-- \/ Yoast SEO plugin. -->","yoast_head_json":{"title":"Finaliza Mes de la Ni\u00f1ez en Mar\u00eda Pinto con actividades al aire libre - Diario El Labrador","robots":{"index":"index","follow":"follow","max-snippet":"max-snippet:-1","max-image-preview":"max-image-preview:large","max-video-preview":"max-video-preview:-1"},"canonical":"https:\/\/diarioellabrador.cl\/index.php\/2026\/08\/31\/finaliza-mes-de-la-ninez-en-maria-pinto-con-actividades-al-aire-libre\/","og_locale":"es_ES","og_type":"article","og_title":"Finaliza Mes de la Ni\u00f1ez en Mar\u00eda Pinto con actividades al aire libre - Diario El Labrador","og_description":"Por Carlos Silva S. Una verdadera fiesta fue la que se vivi\u00f3 el pasado fin de semana en la localidad de Santa Luisa, comuna de Mar\u00eda Pinto. En el marco de la culminaci\u00f3n del Mes de la Ni\u00f1ez, la Oficina de Cultura del municipio desarroll\u00f3 una serie de actividades en la cancha de f\u00fatbol, donde Leer m\u00e1s","og_url":"https:\/\/diarioellabrador.cl\/index.php\/2026\/08\/31\/finaliza-mes-de-la-ninez-en-maria-pinto-con-actividades-al-aire-libre\/","og_site_name":"Diario El Labrador","article_publisher":"https:\/\/web.facebook.com\/profile.php?id=61576120840621","article_published_time":"2026-08-31T22:54:26+00:00","article_modified_time":"2026-08-31T22:54:28+00:00","og_image":[{"width":1280,"height":960,"url":"https:\/\/diarioellabrador.cl\/wp-content\/uploads\/2026\/08\/Finaliza-Mes-de-la-Ninez-en-Maria-Pinto-con-actividades-al-aire-libre-2.jpeg","type":"image\/jpeg"}],"author":"Editor","twitter_card":"summary_large_image","twitter_creator":"@ElLabradorOf","twitter_site":"@ElLabradorOf","twitter_misc":{"Escrito por":"Editor","Tiempo de lectura":"1 minuto"},"schema":{"@context":"https:\/\/schema.org","@graph":[{"@type":"Article","@id":"https:\/\/diarioellabrador.cl\/index.php\/2026\/08\/31\/finaliza-mes-de-la-ninez-en-maria-pinto-con-actividades-al-aire-libre\/#article","isPartOf":{"@id":"https:\/\/diarioellabrador.cl\/index.php\/2026\/08\/31\/finaliza-mes-de-la-ninez-en-maria-pinto-con-actividades-al-aire-libre\/"},"author":{"name":"Editor","@id":"https:\/\/diarioellabrador.cl\/#\/schema\/person\/bc25ff80b4563f9c7f4bd7855df01685"},"headline":"Finaliza Mes de la Ni\u00f1ez en Mar\u00eda Pinto con actividades al aire libre","datePublished":"2026-08-31T22:54:26+00:00","dateModified":"2026-08-31T22:54:28+00:00","mainEntityOfPage":{"@id":"https:\/\/diarioellabrador.cl\/index.php\/2026\/08\/31\/finaliza-mes-de-la-ninez-en-maria-pinto-con-actividades-al-aire-libre\/"},"wordCount":171,"commentCount":0,"publisher":{"@id":"https:\/\/diarioellabrador.cl\/#organization"},"image":{"@id":"https:\/\/diarioellabrador.cl\/index.php\/2026\/08\/31\/finaliza-mes-de-la-ninez-en-maria-pinto-con-actividades-al-aire-libre\/#primaryimage"},"thumbnailUrl":"https:\/\/diarioellabrador.cl\/wp-content\/uploads\/2026\/08\/Finaliza-Mes-de-la-Ninez-en-Maria-Pinto-con-actividades-al-aire-libre-2.jpeg","articleSection":["Cr\u00f3nica"],"inLanguage":"es","potentialAction":[{"@type":"CommentAction","name":"Comment","target":["https:\/\/diarioellabrador.cl\/index.php\/2026\/08\/31\/finaliza-mes-de-la-ninez-en-maria-pinto-con-actividades-al-aire-libre\/#respond"]}]},{"@type":"WebPage","@id":"https:\/\/diarioellabrador.cl\/index.php\/2026\/08\/31\/finaliza-mes-de-la-ninez-en-maria-pinto-con-actividades-al-aire-libre\/","url":"https:\/\/diarioellabrador.cl\/index.php\/2026\/08\/31\/finaliza-mes-de-la-ninez-en-maria-pinto-con-actividades-al-aire-libre\/","name":"Finaliza Mes de la Ni\u00f1ez en Mar\u00eda Pinto con actividades al aire libre - Diario El Labrador","isPartOf":{"@id":"https:\/\/diarioellabrador.cl\/#website"},"primaryImageOfPage":{"@id":"https:\/\/diarioellabrador.cl\/index.php\/2026\/08\/31\/finaliza-mes-de-la-ninez-en-maria-pinto-con-actividades-al-aire-libre\/#primaryimage"},"image":{"@id":"https:\/\/diarioellabrador.cl\/index.php\/2026\/08\/31\/finaliza-mes-de-la-ninez-en-maria-pinto-con-actividades-al-aire-libre\/#primaryimage"},"thumbnailUrl":"https:\/\/diarioellabrador.cl\/wp-content\/uploads\/2026\/08\/Finaliza-Mes-de-la-Ninez-en-Maria-Pinto-con-actividades-al-aire-libre-2.jpeg","datePublished":"2026-08-31T22:54:26+00:00","dateModified":"2026-08-31T22:54:28+00:00","breadcrumb":{"@id":"https:\/\/diarioellabrador.cl\/index.php\/2026\/08\/31\/finaliza-mes-de-la-ninez-en-maria-pinto-con-actividades-al-aire-libre\/#breadcrumb"},"inLanguage":"es","potentialAction":[{"@type":"ReadAction","target":["https:\/\/diarioellabrador.cl\/index.php\/2026\/08\/31\/finaliza-mes-de-la-ninez-en-maria-pinto-con-actividades-al-aire-libre\/"]}]},{"@type":"ImageObject","inLanguage":"es","@id":"https:\/\/diarioellabrador.cl\/index.php\/2026\/08\/31\/finaliza-mes-de-la-ninez-en-maria-pinto-con-actividades-al-aire-libre\/#primaryimage","url":"https:\/\/diarioellabrador.cl\/wp-content\/uploads\/2026\/08\/Finaliza-Mes-de-la-Ninez-en-Maria-Pinto-con-actividades-al-aire-libre-2.jpeg","contentUrl":"https:\/\/diarioellabrador.cl\/wp-content\/uploads\/2026\/08\/Finaliza-Mes-de-la-Ninez-en-Maria-Pinto-con-actividades-al-aire-libre-2.jpeg","width":1280,"height":960},{"@type":"BreadcrumbList","@id":"https:\/\/diarioellabrador.cl\/index.php\/2026\/08\/31\/finaliza-mes-de-la-ninez-en-maria-pinto-con-actividades-al-aire-libre\/#breadcrumb","itemListElement":[{"@type":"ListItem","position":1,"name":"Portada","item":"https:\/\/diarioellabrador.cl\/"},{"@type":"ListItem","position":2,"name":"Finaliza Mes de la Ni\u00f1ez en Mar\u00eda Pinto con actividades al aire libre"}]},{"@type":"WebSite","@id":"https:\/\/diarioellabrador.cl\/#website","url":"https:\/\/diarioellabrador.cl\/","name":"Diario El Labrador","description":"Haciendo noticia desde 1921","publisher":{"@id":"https:\/\/diarioellabrador.cl\/#organization"},"potentialAction":[{"@type":"SearchAction","target":{"@type":"EntryPoint","urlTemplate":"https:\/\/diarioellabrador.cl\/?s={search_term_string}"},"query-input":{"@type":"PropertyValueSpecification","valueRequired":true,"valueName":"search_term_string"}}],"inLanguage":"es"},{"@type":"Organization","@id":"https:\/\/diarioellabrador.cl\/#organization","name":"Diario El Labrador","url":"https:\/\/diarioellabrador.cl\/","logo":{"@type":"ImageObject","inLanguage":"es","@id":"https:\/\/diarioellabrador.cl\/#\/schema\/logo\/image\/","url":"https:\/\/diarioellabrador.cl\/wp-content\/uploads\/2025\/02\/cropped-Logo-Icono.png","contentUrl":"https:\/\/diarioellabrador.cl\/wp-content\/uploads\/2025\/02\/cropped-Logo-Icono.png","width":512,"height":512,"caption":"Diario El Labrador"},"image":{"@id":"https:\/\/diarioellabrador.cl\/#\/schema\/logo\/image\/"},"sameAs":["https:\/\/web.facebook.com\/profile.php?id=61576120840621","https:\/\/x.com\/ElLabradorOf","https:\/\/www.instagram.com\/diarioellabradoroficial\/"]},{"@type":"Person","@id":"https:\/\/diarioellabrador.cl\/#\/schema\/person\/bc25ff80b4563f9c7f4bd7855df01685","name":"Editor","image":{"@type":"ImageObject","inLanguage":"es","@id":"https:\/\/secure.gravatar.com\/avatar\/109c326cf2be5c04f048c2c2a2b8b6ef44bf3d8d1d3d4c55d0ac40c4bc994684?s=96&d=initials&r=g&initials=ed","url":"https:\/\/secure.gravatar.com\/avatar\/109c326cf2be5c04f048c2c2a2b8b6ef44bf3d8d1d3d4c55d0ac40c4bc994684?s=96&d=initials&r=g&initials=ed","contentUrl":"https:\/\/secure.gravatar.com\/avatar\/109c326cf2be5c04f048c2c2a2b8b6ef44bf3d8d1d3d4c55d0ac40c4bc994684?s=96&d=initials&r=g&initials=ed","caption":"Editor"},"url":"https:\/\/diarioellabrador.cl\/index.php\/author\/editor\/"}]}},"_links":{"self":[{"href":"https:\/\/diarioellabrador.cl\/index.php\/wp-json\/wp\/v2\/posts\/24317","targetHints":{"allow":["GET"]}}],"collection":[{"href":"https:\/\/diarioellabrador.cl\/index.php\/wp-json\/wp\/v2\/posts"}],"about":[{"href":"https:\/\/diarioellabrador.cl\/index.php\/wp-json\/wp\/v2\/types\/post"}],"author":[{"embeddable":true,"href":"https:\/\/diarioellabrador.cl\/index.php\/wp-json\/wp\/v2\/users\/2"}],"replies":[{"embeddable":true,"href":"https:\/\/diarioellabrador.cl\/index.php\/wp-json\/wp\/v2\/comments?post=24317"}],"version-history":[{"count":1,"href":"https:\/\/diarioellabrador.cl\/index.php\/wp-json\/wp\/v2\/posts\/24317\/revisions"}],"predecessor-version":[{"id":24318,"href":"https:\/\/diarioellabrador.cl\/index.php\/wp-json\/wp\/v2\/posts\/24317\/revisions\/24318"}],"wp:featuredmedia":[{"embeddable":true,"href":"https:\/\/diarioellabrador.cl\/index.php\/wp-json\/wp\/v2\/media\/24269"}],"wp:attachment":[{"href":"https:\/\/diarioellabrador.cl\/index.php\/wp-json\/wp\/v2\/media?parent=24317"}],"wp:term":[{"taxonomy":"category","embeddable":true,"href":"https:\/\/diarioellabrador.cl\/index.php\/wp-json\/wp\/v2\/categories?post=24317"},{"taxonomy":"post_tag","embeddable":true,"href":"https:\/\/diarioellabrador.cl\/index.php\/wp-json\/wp\/v2\/tags?post=24317"}],"curies":[{"name":"wp","href":"https:\/\/api.w.org\/{rel}","templated":true}]}}