{"id":24315,"date":"2026-08-31T18:53:12","date_gmt":"2026-08-31T22:53:12","guid":{"rendered":"https:\/\/diarioellabrador.cl\/?p=24315"},"modified":"2026-08-31T18:53:15","modified_gmt":"2026-08-31T22:53:15","slug":"con-dron-ubican-a-sujeto-que-portaba-droga-fue-detenido","status":"publish","type":"post","link":"https:\/\/diarioellabrador.cl\/index.php\/2026\/08\/31\/con-dron-ubican-a-sujeto-que-portaba-droga-fue-detenido\/","title":{"rendered":"Con dron ubican a sujeto que portaba droga: fue detenido"},"content":{"rendered":"\n<p class=\"wp-block-paragraph\">Mediante el uso de un dron, el Departamento de Seguridad P\u00fablica de la municipalidad de Alhu\u00e9, logr\u00f3 capturar las im\u00e1genes que demostraban el actuar sospechoso de un hombre que circulaba por la v\u00eda p\u00fablica.<\/p>\n\n\n\n<p class=\"wp-block-paragraph\">El hecho se registr\u00f3 en el sector El Bado, donde gracias al trabajo conjunto, personal de Carabineros concurri\u00f3 al lugar y lo someti\u00f3 a una fiscalizaci\u00f3n.<\/p>\n\n\n\n<p class=\"wp-block-paragraph\">Durante el procedimiento, se determin\u00f3 que manten\u00eda en su poder una cantidad no informada de drogas, raz\u00f3n por la cual fue detenido y puesto a disposici\u00f3n de la justicia por infracci\u00f3n a la ley 20 mil.<\/p>\n\n\n\n<p class=\"wp-block-paragraph\"><\/p>\n","protected":false},"excerpt":{"rendered":"<p>Mediante el uso de un dron, el Departamento de Seguridad P\u00fablica de la municipalidad de Alhu\u00e9, logr\u00f3 capturar las im\u00e1genes que demostraban el actuar sospechoso de un hombre que circulaba por la v\u00eda p\u00fablica. El hecho se registr\u00f3 en el sector El Bado, donde gracias al trabajo conjunto, personal de Carabineros concurri\u00f3 al lugar y<\/p>\n<div class=\"read-more-wrapper\"><a class=\"read-more\" href=\"https:\/\/diarioellabrador.cl\/index.php\/2026\/08\/31\/con-dron-ubican-a-sujeto-que-portaba-droga-fue-detenido\/\" title=\"Leer m\u00e1s\"> <span class=\"button \">Leer m\u00e1s<\/span><\/a><\/div>\n","protected":false},"author":2,"featured_media":24270,"comment_status":"open","ping_status":"open","sticky":false,"template":"","format":"standard","meta":{"footnotes":"","_members_access_role":[],"_members_access_error":""},"categories":[3],"tags":[],"class_list":["post-24315","post","type-post","status-publish","format-standard","has-post-thumbnail","hentry","category-policial"],"yoast_head":"<!-- This site is optimized with the Yoast SEO plugin v28.4 - https:\/\/yoast.com\/product\/yoast-seo-wordpress\/ -->\n<title>Con dron ubican a sujeto que portaba droga: fue detenido - Diario El Labrador<\/title>\n<meta name=\"robots\" content=\"index, follow, max-snippet:-1, max-image-preview:large, max-video-preview:-1\" \/>\n<link rel=\"canonical\" href=\"https:\/\/diarioellabrador.cl\/index.php\/2026\/08\/31\/con-dron-ubican-a-sujeto-que-portaba-droga-fue-detenido\/\" \/>\n<meta property=\"og:locale\" content=\"es_ES\" \/>\n<meta property=\"og:type\" content=\"article\" \/>\n<meta property=\"og:title\" content=\"Con dron ubican a sujeto que portaba droga: fue detenido - Diario El Labrador\" \/>\n<meta property=\"og:description\" content=\"Mediante el uso de un dron, el Departamento de Seguridad P\u00fablica de la municipalidad de Alhu\u00e9, logr\u00f3 capturar las im\u00e1genes que demostraban el actuar sospechoso de un hombre que circulaba por la v\u00eda p\u00fablica. El hecho se registr\u00f3 en el sector El Bado, donde gracias al trabajo conjunto, personal de Carabineros concurri\u00f3 al lugar y Leer m\u00e1s\" \/>\n<meta property=\"og:url\" content=\"https:\/\/diarioellabrador.cl\/index.php\/2026\/08\/31\/con-dron-ubican-a-sujeto-que-portaba-droga-fue-detenido\/\" \/>\n<meta property=\"og:site_name\" content=\"Diario El Labrador\" \/>\n<meta property=\"article:publisher\" content=\"https:\/\/web.facebook.com\/profile.php?id=61576120840621\" \/>\n<meta property=\"article:published_time\" content=\"2026-08-31T22:53:12+00:00\" \/>\n<meta property=\"article:modified_time\" content=\"2026-08-31T22:53:15+00:00\" \/>\n<meta property=\"og:image\" content=\"https:\/\/diarioellabrador.cl\/wp-content\/uploads\/2026\/08\/Con-dron-ubican-a-sujeto-que-portaba-droga-fue-detenido.jpg\" \/>\n\t<meta property=\"og:image:width\" content=\"1280\" \/>\n\t<meta property=\"og:image:height\" content=\"720\" \/>\n\t<meta property=\"og:image:type\" content=\"image\/jpeg\" \/>\n<meta name=\"author\" content=\"Editor\" \/>\n<meta name=\"twitter:card\" content=\"summary_large_image\" \/>\n<meta name=\"twitter:creator\" content=\"@ElLabradorOf\" \/>\n<meta name=\"twitter:site\" content=\"@ElLabradorOf\" \/>\n<meta name=\"twitter:label1\" content=\"Escrito por\" \/>\n\t<meta name=\"twitter:data1\" content=\"Editor\" \/>\n\t<meta name=\"twitter:label2\" content=\"Tiempo de lectura\" \/>\n\t<meta name=\"twitter:data2\" content=\"1 minuto\" \/>\n<script type=\"application\/ld+json\" class=\"yoast-schema-graph\">{\"@context\":\"https:\\\/\\\/schema.org\",\"@graph\":[{\"@type\":\"Article\",\"@id\":\"https:\\\/\\\/diarioellabrador.cl\\\/index.php\\\/2026\\\/08\\\/31\\\/con-dron-ubican-a-sujeto-que-portaba-droga-fue-detenido\\\/#article\",\"isPartOf\":{\"@id\":\"https:\\\/\\\/diarioellabrador.cl\\\/index.php\\\/2026\\\/08\\\/31\\\/con-dron-ubican-a-sujeto-que-portaba-droga-fue-detenido\\\/\"},\"author\":{\"name\":\"Editor\",\"@id\":\"https:\\\/\\\/diarioellabrador.cl\\\/#\\\/schema\\\/person\\\/bc25ff80b4563f9c7f4bd7855df01685\"},\"headline\":\"Con dron ubican a sujeto que portaba droga: fue detenido\",\"datePublished\":\"2026-08-31T22:53:12+00:00\",\"dateModified\":\"2026-08-31T22:53:15+00:00\",\"mainEntityOfPage\":{\"@id\":\"https:\\\/\\\/diarioellabrador.cl\\\/index.php\\\/2026\\\/08\\\/31\\\/con-dron-ubican-a-sujeto-que-portaba-droga-fue-detenido\\\/\"},\"wordCount\":114,\"commentCount\":0,\"publisher\":{\"@id\":\"https:\\\/\\\/diarioellabrador.cl\\\/#organization\"},\"image\":{\"@id\":\"https:\\\/\\\/diarioellabrador.cl\\\/index.php\\\/2026\\\/08\\\/31\\\/con-dron-ubican-a-sujeto-que-portaba-droga-fue-detenido\\\/#primaryimage\"},\"thumbnailUrl\":\"https:\\\/\\\/diarioellabrador.cl\\\/wp-content\\\/uploads\\\/2026\\\/08\\\/Con-dron-ubican-a-sujeto-que-portaba-droga-fue-detenido.jpg\",\"articleSection\":[\"Policial\"],\"inLanguage\":\"es\",\"potentialAction\":[{\"@type\":\"CommentAction\",\"name\":\"Comment\",\"target\":[\"https:\\\/\\\/diarioellabrador.cl\\\/index.php\\\/2026\\\/08\\\/31\\\/con-dron-ubican-a-sujeto-que-portaba-droga-fue-detenido\\\/#respond\"]}]},{\"@type\":\"WebPage\",\"@id\":\"https:\\\/\\\/diarioellabrador.cl\\\/index.php\\\/2026\\\/08\\\/31\\\/con-dron-ubican-a-sujeto-que-portaba-droga-fue-detenido\\\/\",\"url\":\"https:\\\/\\\/diarioellabrador.cl\\\/index.php\\\/2026\\\/08\\\/31\\\/con-dron-ubican-a-sujeto-que-portaba-droga-fue-detenido\\\/\",\"name\":\"Con dron ubican a sujeto que portaba droga: fue detenido - Diario El Labrador\",\"isPartOf\":{\"@id\":\"https:\\\/\\\/diarioellabrador.cl\\\/#website\"},\"primaryImageOfPage\":{\"@id\":\"https:\\\/\\\/diarioellabrador.cl\\\/index.php\\\/2026\\\/08\\\/31\\\/con-dron-ubican-a-sujeto-que-portaba-droga-fue-detenido\\\/#primaryimage\"},\"image\":{\"@id\":\"https:\\\/\\\/diarioellabrador.cl\\\/index.php\\\/2026\\\/08\\\/31\\\/con-dron-ubican-a-sujeto-que-portaba-droga-fue-detenido\\\/#primaryimage\"},\"thumbnailUrl\":\"https:\\\/\\\/diarioellabrador.cl\\\/wp-content\\\/uploads\\\/2026\\\/08\\\/Con-dron-ubican-a-sujeto-que-portaba-droga-fue-detenido.jpg\",\"datePublished\":\"2026-08-31T22:53:12+00:00\",\"dateModified\":\"2026-08-31T22:53:15+00:00\",\"breadcrumb\":{\"@id\":\"https:\\\/\\\/diarioellabrador.cl\\\/index.php\\\/2026\\\/08\\\/31\\\/con-dron-ubican-a-sujeto-que-portaba-droga-fue-detenido\\\/#breadcrumb\"},\"inLanguage\":\"es\",\"potentialAction\":[{\"@type\":\"ReadAction\",\"target\":[\"https:\\\/\\\/diarioellabrador.cl\\\/index.php\\\/2026\\\/08\\\/31\\\/con-dron-ubican-a-sujeto-que-portaba-droga-fue-detenido\\\/\"]}]},{\"@type\":\"ImageObject\",\"inLanguage\":\"es\",\"@id\":\"https:\\\/\\\/diarioellabrador.cl\\\/index.php\\\/2026\\\/08\\\/31\\\/con-dron-ubican-a-sujeto-que-portaba-droga-fue-detenido\\\/#primaryimage\",\"url\":\"https:\\\/\\\/diarioellabrador.cl\\\/wp-content\\\/uploads\\\/2026\\\/08\\\/Con-dron-ubican-a-sujeto-que-portaba-droga-fue-detenido.jpg\",\"contentUrl\":\"https:\\\/\\\/diarioellabrador.cl\\\/wp-content\\\/uploads\\\/2026\\\/08\\\/Con-dron-ubican-a-sujeto-que-portaba-droga-fue-detenido.jpg\",\"width\":1280,\"height\":720},{\"@type\":\"BreadcrumbList\",\"@id\":\"https:\\\/\\\/diarioellabrador.cl\\\/index.php\\\/2026\\\/08\\\/31\\\/con-dron-ubican-a-sujeto-que-portaba-droga-fue-detenido\\\/#breadcrumb\",\"itemListElement\":[{\"@type\":\"ListItem\",\"position\":1,\"name\":\"Portada\",\"item\":\"https:\\\/\\\/diarioellabrador.cl\\\/\"},{\"@type\":\"ListItem\",\"position\":2,\"name\":\"Con dron ubican a sujeto que portaba droga: fue detenido\"}]},{\"@type\":\"WebSite\",\"@id\":\"https:\\\/\\\/diarioellabrador.cl\\\/#website\",\"url\":\"https:\\\/\\\/diarioellabrador.cl\\\/\",\"name\":\"Diario El Labrador\",\"description\":\"Haciendo noticia desde 1921\",\"publisher\":{\"@id\":\"https:\\\/\\\/diarioellabrador.cl\\\/#organization\"},\"potentialAction\":[{\"@type\":\"SearchAction\",\"target\":{\"@type\":\"EntryPoint\",\"urlTemplate\":\"https:\\\/\\\/diarioellabrador.cl\\\/?s={search_term_string}\"},\"query-input\":{\"@type\":\"PropertyValueSpecification\",\"valueRequired\":true,\"valueName\":\"search_term_string\"}}],\"inLanguage\":\"es\"},{\"@type\":\"Organization\",\"@id\":\"https:\\\/\\\/diarioellabrador.cl\\\/#organization\",\"name\":\"Diario El Labrador\",\"url\":\"https:\\\/\\\/diarioellabrador.cl\\\/\",\"logo\":{\"@type\":\"ImageObject\",\"inLanguage\":\"es\",\"@id\":\"https:\\\/\\\/diarioellabrador.cl\\\/#\\\/schema\\\/logo\\\/image\\\/\",\"url\":\"https:\\\/\\\/diarioellabrador.cl\\\/wp-content\\\/uploads\\\/2025\\\/02\\\/cropped-Logo-Icono.png\",\"contentUrl\":\"https:\\\/\\\/diarioellabrador.cl\\\/wp-content\\\/uploads\\\/2025\\\/02\\\/cropped-Logo-Icono.png\",\"width\":512,\"height\":512,\"caption\":\"Diario El Labrador\"},\"image\":{\"@id\":\"https:\\\/\\\/diarioellabrador.cl\\\/#\\\/schema\\\/logo\\\/image\\\/\"},\"sameAs\":[\"https:\\\/\\\/web.facebook.com\\\/profile.php?id=61576120840621\",\"https:\\\/\\\/x.com\\\/ElLabradorOf\",\"https:\\\/\\\/www.instagram.com\\\/diarioellabradoroficial\\\/\"]},{\"@type\":\"Person\",\"@id\":\"https:\\\/\\\/diarioellabrador.cl\\\/#\\\/schema\\\/person\\\/bc25ff80b4563f9c7f4bd7855df01685\",\"name\":\"Editor\",\"image\":{\"@type\":\"ImageObject\",\"inLanguage\":\"es\",\"@id\":\"https:\\\/\\\/secure.gravatar.com\\\/avatar\\\/109c326cf2be5c04f048c2c2a2b8b6ef44bf3d8d1d3d4c55d0ac40c4bc994684?s=96&d=initials&r=g&initials=ed\",\"url\":\"https:\\\/\\\/secure.gravatar.com\\\/avatar\\\/109c326cf2be5c04f048c2c2a2b8b6ef44bf3d8d1d3d4c55d0ac40c4bc994684?s=96&d=initials&r=g&initials=ed\",\"contentUrl\":\"https:\\\/\\\/secure.gravatar.com\\\/avatar\\\/109c326cf2be5c04f048c2c2a2b8b6ef44bf3d8d1d3d4c55d0ac40c4bc994684?s=96&d=initials&r=g&initials=ed\",\"caption\":\"Editor\"},\"url\":\"https:\\\/\\\/diarioellabrador.cl\\\/index.php\\\/author\\\/editor\\\/\"}]}<\/script>\n<!-- \/ Yoast SEO plugin. -->","yoast_head_json":{"title":"Con dron ubican a sujeto que portaba droga: fue detenido - Diario El Labrador","robots":{"index":"index","follow":"follow","max-snippet":"max-snippet:-1","max-image-preview":"max-image-preview:large","max-video-preview":"max-video-preview:-1"},"canonical":"https:\/\/diarioellabrador.cl\/index.php\/2026\/08\/31\/con-dron-ubican-a-sujeto-que-portaba-droga-fue-detenido\/","og_locale":"es_ES","og_type":"article","og_title":"Con dron ubican a sujeto que portaba droga: fue detenido - Diario El Labrador","og_description":"Mediante el uso de un dron, el Departamento de Seguridad P\u00fablica de la municipalidad de Alhu\u00e9, logr\u00f3 capturar las im\u00e1genes que demostraban el actuar sospechoso de un hombre que circulaba por la v\u00eda p\u00fablica. El hecho se registr\u00f3 en el sector El Bado, donde gracias al trabajo conjunto, personal de Carabineros concurri\u00f3 al lugar y Leer m\u00e1s","og_url":"https:\/\/diarioellabrador.cl\/index.php\/2026\/08\/31\/con-dron-ubican-a-sujeto-que-portaba-droga-fue-detenido\/","og_site_name":"Diario El Labrador","article_publisher":"https:\/\/web.facebook.com\/profile.php?id=61576120840621","article_published_time":"2026-08-31T22:53:12+00:00","article_modified_time":"2026-08-31T22:53:15+00:00","og_image":[{"width":1280,"height":720,"url":"https:\/\/diarioellabrador.cl\/wp-content\/uploads\/2026\/08\/Con-dron-ubican-a-sujeto-que-portaba-droga-fue-detenido.jpg","type":"image\/jpeg"}],"author":"Editor","twitter_card":"summary_large_image","twitter_creator":"@ElLabradorOf","twitter_site":"@ElLabradorOf","twitter_misc":{"Escrito por":"Editor","Tiempo de lectura":"1 minuto"},"schema":{"@context":"https:\/\/schema.org","@graph":[{"@type":"Article","@id":"https:\/\/diarioellabrador.cl\/index.php\/2026\/08\/31\/con-dron-ubican-a-sujeto-que-portaba-droga-fue-detenido\/#article","isPartOf":{"@id":"https:\/\/diarioellabrador.cl\/index.php\/2026\/08\/31\/con-dron-ubican-a-sujeto-que-portaba-droga-fue-detenido\/"},"author":{"name":"Editor","@id":"https:\/\/diarioellabrador.cl\/#\/schema\/person\/bc25ff80b4563f9c7f4bd7855df01685"},"headline":"Con dron ubican a sujeto que portaba droga: fue detenido","datePublished":"2026-08-31T22:53:12+00:00","dateModified":"2026-08-31T22:53:15+00:00","mainEntityOfPage":{"@id":"https:\/\/diarioellabrador.cl\/index.php\/2026\/08\/31\/con-dron-ubican-a-sujeto-que-portaba-droga-fue-detenido\/"},"wordCount":114,"commentCount":0,"publisher":{"@id":"https:\/\/diarioellabrador.cl\/#organization"},"image":{"@id":"https:\/\/diarioellabrador.cl\/index.php\/2026\/08\/31\/con-dron-ubican-a-sujeto-que-portaba-droga-fue-detenido\/#primaryimage"},"thumbnailUrl":"https:\/\/diarioellabrador.cl\/wp-content\/uploads\/2026\/08\/Con-dron-ubican-a-sujeto-que-portaba-droga-fue-detenido.jpg","articleSection":["Policial"],"inLanguage":"es","potentialAction":[{"@type":"CommentAction","name":"Comment","target":["https:\/\/diarioellabrador.cl\/index.php\/2026\/08\/31\/con-dron-ubican-a-sujeto-que-portaba-droga-fue-detenido\/#respond"]}]},{"@type":"WebPage","@id":"https:\/\/diarioellabrador.cl\/index.php\/2026\/08\/31\/con-dron-ubican-a-sujeto-que-portaba-droga-fue-detenido\/","url":"https:\/\/diarioellabrador.cl\/index.php\/2026\/08\/31\/con-dron-ubican-a-sujeto-que-portaba-droga-fue-detenido\/","name":"Con dron ubican a sujeto que portaba droga: fue detenido - Diario El Labrador","isPartOf":{"@id":"https:\/\/diarioellabrador.cl\/#website"},"primaryImageOfPage":{"@id":"https:\/\/diarioellabrador.cl\/index.php\/2026\/08\/31\/con-dron-ubican-a-sujeto-que-portaba-droga-fue-detenido\/#primaryimage"},"image":{"@id":"https:\/\/diarioellabrador.cl\/index.php\/2026\/08\/31\/con-dron-ubican-a-sujeto-que-portaba-droga-fue-detenido\/#primaryimage"},"thumbnailUrl":"https:\/\/diarioellabrador.cl\/wp-content\/uploads\/2026\/08\/Con-dron-ubican-a-sujeto-que-portaba-droga-fue-detenido.jpg","datePublished":"2026-08-31T22:53:12+00:00","dateModified":"2026-08-31T22:53:15+00:00","breadcrumb":{"@id":"https:\/\/diarioellabrador.cl\/index.php\/2026\/08\/31\/con-dron-ubican-a-sujeto-que-portaba-droga-fue-detenido\/#breadcrumb"},"inLanguage":"es","potentialAction":[{"@type":"ReadAction","target":["https:\/\/diarioellabrador.cl\/index.php\/2026\/08\/31\/con-dron-ubican-a-sujeto-que-portaba-droga-fue-detenido\/"]}]},{"@type":"ImageObject","inLanguage":"es","@id":"https:\/\/diarioellabrador.cl\/index.php\/2026\/08\/31\/con-dron-ubican-a-sujeto-que-portaba-droga-fue-detenido\/#primaryimage","url":"https:\/\/diarioellabrador.cl\/wp-content\/uploads\/2026\/08\/Con-dron-ubican-a-sujeto-que-portaba-droga-fue-detenido.jpg","contentUrl":"https:\/\/diarioellabrador.cl\/wp-content\/uploads\/2026\/08\/Con-dron-ubican-a-sujeto-que-portaba-droga-fue-detenido.jpg","width":1280,"height":720},{"@type":"BreadcrumbList","@id":"https:\/\/diarioellabrador.cl\/index.php\/2026\/08\/31\/con-dron-ubican-a-sujeto-que-portaba-droga-fue-detenido\/#breadcrumb","itemListElement":[{"@type":"ListItem","position":1,"name":"Portada","item":"https:\/\/diarioellabrador.cl\/"},{"@type":"ListItem","position":2,"name":"Con dron ubican a sujeto que portaba droga: fue detenido"}]},{"@type":"WebSite","@id":"https:\/\/diarioellabrador.cl\/#website","url":"https:\/\/diarioellabrador.cl\/","name":"Diario El Labrador","description":"Haciendo noticia desde 1921","publisher":{"@id":"https:\/\/diarioellabrador.cl\/#organization"},"potentialAction":[{"@type":"SearchAction","target":{"@type":"EntryPoint","urlTemplate":"https:\/\/diarioellabrador.cl\/?s={search_term_string}"},"query-input":{"@type":"PropertyValueSpecification","valueRequired":true,"valueName":"search_term_string"}}],"inLanguage":"es"},{"@type":"Organization","@id":"https:\/\/diarioellabrador.cl\/#organization","name":"Diario El Labrador","url":"https:\/\/diarioellabrador.cl\/","logo":{"@type":"ImageObject","inLanguage":"es","@id":"https:\/\/diarioellabrador.cl\/#\/schema\/logo\/image\/","url":"https:\/\/diarioellabrador.cl\/wp-content\/uploads\/2025\/02\/cropped-Logo-Icono.png","contentUrl":"https:\/\/diarioellabrador.cl\/wp-content\/uploads\/2025\/02\/cropped-Logo-Icono.png","width":512,"height":512,"caption":"Diario El Labrador"},"image":{"@id":"https:\/\/diarioellabrador.cl\/#\/schema\/logo\/image\/"},"sameAs":["https:\/\/web.facebook.com\/profile.php?id=61576120840621","https:\/\/x.com\/ElLabradorOf","https:\/\/www.instagram.com\/diarioellabradoroficial\/"]},{"@type":"Person","@id":"https:\/\/diarioellabrador.cl\/#\/schema\/person\/bc25ff80b4563f9c7f4bd7855df01685","name":"Editor","image":{"@type":"ImageObject","inLanguage":"es","@id":"https:\/\/secure.gravatar.com\/avatar\/109c326cf2be5c04f048c2c2a2b8b6ef44bf3d8d1d3d4c55d0ac40c4bc994684?s=96&d=initials&r=g&initials=ed","url":"https:\/\/secure.gravatar.com\/avatar\/109c326cf2be5c04f048c2c2a2b8b6ef44bf3d8d1d3d4c55d0ac40c4bc994684?s=96&d=initials&r=g&initials=ed","contentUrl":"https:\/\/secure.gravatar.com\/avatar\/109c326cf2be5c04f048c2c2a2b8b6ef44bf3d8d1d3d4c55d0ac40c4bc994684?s=96&d=initials&r=g&initials=ed","caption":"Editor"},"url":"https:\/\/diarioellabrador.cl\/index.php\/author\/editor\/"}]}},"_links":{"self":[{"href":"https:\/\/diarioellabrador.cl\/index.php\/wp-json\/wp\/v2\/posts\/24315","targetHints":{"allow":["GET"]}}],"collection":[{"href":"https:\/\/diarioellabrador.cl\/index.php\/wp-json\/wp\/v2\/posts"}],"about":[{"href":"https:\/\/diarioellabrador.cl\/index.php\/wp-json\/wp\/v2\/types\/post"}],"author":[{"embeddable":true,"href":"https:\/\/diarioellabrador.cl\/index.php\/wp-json\/wp\/v2\/users\/2"}],"replies":[{"embeddable":true,"href":"https:\/\/diarioellabrador.cl\/index.php\/wp-json\/wp\/v2\/comments?post=24315"}],"version-history":[{"count":1,"href":"https:\/\/diarioellabrador.cl\/index.php\/wp-json\/wp\/v2\/posts\/24315\/revisions"}],"predecessor-version":[{"id":24316,"href":"https:\/\/diarioellabrador.cl\/index.php\/wp-json\/wp\/v2\/posts\/24315\/revisions\/24316"}],"wp:featuredmedia":[{"embeddable":true,"href":"https:\/\/diarioellabrador.cl\/index.php\/wp-json\/wp\/v2\/media\/24270"}],"wp:attachment":[{"href":"https:\/\/diarioellabrador.cl\/index.php\/wp-json\/wp\/v2\/media?parent=24315"}],"wp:term":[{"taxonomy":"category","embeddable":true,"href":"https:\/\/diarioellabrador.cl\/index.php\/wp-json\/wp\/v2\/categories?post=24315"},{"taxonomy":"post_tag","embeddable":true,"href":"https:\/\/diarioellabrador.cl\/index.php\/wp-json\/wp\/v2\/tags?post=24315"}],"curies":[{"name":"wp","href":"https:\/\/api.w.org\/{rel}","templated":true}]}}