{"id":24309,"date":"2026-08-31T18:50:40","date_gmt":"2026-08-31T22:50:40","guid":{"rendered":"https:\/\/diarioellabrador.cl\/?p=24309"},"modified":"2026-08-31T18:50:51","modified_gmt":"2026-08-31T22:50:51","slug":"suspension-de-fondas-en-comunas-aledanas-genera-preocupacion-en-talagante-y-al-parecer-se-estudian-medidas","status":"publish","type":"post","link":"https:\/\/diarioellabrador.cl\/index.php\/2026\/08\/31\/suspension-de-fondas-en-comunas-aledanas-genera-preocupacion-en-talagante-y-al-parecer-se-estudian-medidas\/","title":{"rendered":"Suspensi\u00f3n de fondas en comunas aleda\u00f1as genera preocupaci\u00f3n en Talagante y al parecer se estudian medidas"},"content":{"rendered":"\n<p class=\"wp-block-paragraph\">Las restricciones econ\u00f3micas que afectan a las familias por estos d\u00edas, tambi\u00e9n parecen haber calado hondo en algunos municipios de la zona, por cuanto la Municipalidad de Calera de Tango inform\u00f3 los primeros d\u00edas de julio pasado, mediante un comunicado de prensa que no realizar\u00e1 su habitual Fiesta Costumbrista en esa comuna, una de las m\u00e1s tradicionales y popularmente masivas de \u201cpor estos lados\u201d.<\/p>\n\n\n\n<p class=\"wp-block-paragraph\">Sin duda, este hecho m\u00e1s la posibilidad que se suspendan las fondas en Padre Hurtado y, por otra parte, la reducci\u00f3n de d\u00edas de esta celebraci\u00f3n en Isla de Maipo, comienza a generar preocupaci\u00f3n en la capital de la provincia, por cuanto pasa a convertirse en una alternativa cercana desde el punto de vista del traslado, pero, adem\u00e1s, muy atractiva por el car\u00e1cter familiar y segura que tiene la Fiesta de la Chilenidad de Talagante.<\/p>\n\n\n\n<p class=\"wp-block-paragraph\">Por otra parte, en esta oportunidad el evento talagantino tiene un fuerte car\u00e1cter local, seg\u00fan se\u00f1al\u00f3 B\u00e1rbara Arenas Figueroa, Coordinadora General de la Corporaci\u00f3n Municipal del Arte y la Cultura de Talagante, debido al gran compromiso econ\u00f3mico que ha debido sortear el municipio por menores ingresos del Fondo Com\u00fan Municipal, el incremento de los combustibles y su impacto en todo tipo de adquisiciones.<\/p>\n\n\n\n<p class=\"wp-block-paragraph\">Por lo mismo, este a\u00f1o la Fiesta de la Chilenidad de Talagante ser\u00e1 animada por artistas locales, no existir\u00e1n grandes contrataciones, y, como ya es habitual, toda la organizaci\u00f3n y realizaci\u00f3n del evento \u201cDieciochero\u201d corre por cuenta de las distintas unidades municipales, con el apoyo t\u00e9cnico art\u00edstico de la Corporaci\u00f3n Municipal del Arte y la Cultura, y la colaboraci\u00f3n de la 23\u00aa Comisar\u00eda de Carabineros y del Cuerpo de Bomberos de Talagante.<\/p>\n\n\n\n<p class=\"wp-block-paragraph\">Sin embargo, este nuevo ingrediente, como es la suspensi\u00f3n de fondas en comunas aleda\u00f1as, ya no pasa inadvertido como parece decirlo B\u00e1rbara Arenas.&nbsp; \u201cSabemos que somos vecinos directos de estas comunas, y es esperable que muchas familias busquen alternativas cercanas. Nos alegra que nuestra fiesta se haya consolidado como una de las grandes celebraciones de la provincia, y estamos trabajando para estar a la altura de esa mayor afluencia\u201d, desliz\u00f3 la Coordinadora General de la Corporaci\u00f3n Municipal del Arte y la Cultura de Talagante.<\/p>\n\n\n\n<p class=\"wp-block-paragraph\"><strong><em>Gentileza Talaganteonline.cl<\/em><\/strong><\/p>\n\n\n\n<p class=\"wp-block-paragraph\"><\/p>\n","protected":false},"excerpt":{"rendered":"<p>Las restricciones econ\u00f3micas que afectan a las familias por estos d\u00edas, tambi\u00e9n parecen haber calado hondo en algunos municipios de la zona, por cuanto la Municipalidad de Calera de Tango inform\u00f3 los primeros d\u00edas de julio pasado, mediante un comunicado de prensa que no realizar\u00e1 su habitual Fiesta Costumbrista en esa comuna, una de las<\/p>\n<div class=\"read-more-wrapper\"><a class=\"read-more\" href=\"https:\/\/diarioellabrador.cl\/index.php\/2026\/08\/31\/suspension-de-fondas-en-comunas-aledanas-genera-preocupacion-en-talagante-y-al-parecer-se-estudian-medidas\/\" title=\"Leer m\u00e1s\"> <span class=\"button \">Leer m\u00e1s<\/span><\/a><\/div>\n","protected":false},"author":2,"featured_media":24263,"comment_status":"open","ping_status":"open","sticky":false,"template":"","format":"standard","meta":{"footnotes":"","_members_access_role":[],"_members_access_error":""},"categories":[1],"tags":[],"class_list":["post-24309","post","type-post","status-publish","format-standard","has-post-thumbnail","hentry","category-cronica"],"yoast_head":"<!-- This site is optimized with the Yoast SEO plugin v28.4 - https:\/\/yoast.com\/product\/yoast-seo-wordpress\/ -->\n<title>Suspensi\u00f3n de fondas en comunas aleda\u00f1as genera preocupaci\u00f3n en Talagante y al parecer se estudian medidas - Diario El Labrador<\/title>\n<meta name=\"robots\" content=\"index, follow, max-snippet:-1, max-image-preview:large, max-video-preview:-1\" \/>\n<link rel=\"canonical\" href=\"https:\/\/diarioellabrador.cl\/index.php\/2026\/08\/31\/suspension-de-fondas-en-comunas-aledanas-genera-preocupacion-en-talagante-y-al-parecer-se-estudian-medidas\/\" \/>\n<meta property=\"og:locale\" content=\"es_ES\" \/>\n<meta property=\"og:type\" content=\"article\" \/>\n<meta property=\"og:title\" content=\"Suspensi\u00f3n de fondas en comunas aleda\u00f1as genera preocupaci\u00f3n en Talagante y al parecer se estudian medidas - Diario El Labrador\" \/>\n<meta property=\"og:description\" content=\"Las restricciones econ\u00f3micas que afectan a las familias por estos d\u00edas, tambi\u00e9n parecen haber calado hondo en algunos municipios de la zona, por cuanto la Municipalidad de Calera de Tango inform\u00f3 los primeros d\u00edas de julio pasado, mediante un comunicado de prensa que no realizar\u00e1 su habitual Fiesta Costumbrista en esa comuna, una de las Leer m\u00e1s\" \/>\n<meta property=\"og:url\" content=\"https:\/\/diarioellabrador.cl\/index.php\/2026\/08\/31\/suspension-de-fondas-en-comunas-aledanas-genera-preocupacion-en-talagante-y-al-parecer-se-estudian-medidas\/\" \/>\n<meta property=\"og:site_name\" content=\"Diario El Labrador\" \/>\n<meta property=\"article:publisher\" content=\"https:\/\/web.facebook.com\/profile.php?id=61576120840621\" \/>\n<meta property=\"article:published_time\" content=\"2026-08-31T22:50:40+00:00\" \/>\n<meta property=\"article:modified_time\" content=\"2026-08-31T22:50:51+00:00\" \/>\n<meta property=\"og:image\" content=\"https:\/\/diarioellabrador.cl\/wp-content\/uploads\/2026\/08\/Suspension-de-fondas-en-comunas-aledanas-genera-preocupacion-en-Talagante-y-al-parecer-se-estudian-medidas.jpg\" \/>\n\t<meta property=\"og:image:width\" content=\"678\" \/>\n\t<meta property=\"og:image:height\" content=\"452\" \/>\n\t<meta property=\"og:image:type\" content=\"image\/jpeg\" \/>\n<meta name=\"author\" content=\"Editor\" \/>\n<meta name=\"twitter:card\" content=\"summary_large_image\" \/>\n<meta name=\"twitter:creator\" content=\"@ElLabradorOf\" \/>\n<meta name=\"twitter:site\" content=\"@ElLabradorOf\" \/>\n<meta name=\"twitter:label1\" content=\"Escrito por\" \/>\n\t<meta name=\"twitter:data1\" content=\"Editor\" \/>\n\t<meta name=\"twitter:label2\" content=\"Tiempo de lectura\" \/>\n\t<meta name=\"twitter:data2\" content=\"2 minutos\" \/>\n<script type=\"application\/ld+json\" class=\"yoast-schema-graph\">{\"@context\":\"https:\\\/\\\/schema.org\",\"@graph\":[{\"@type\":\"Article\",\"@id\":\"https:\\\/\\\/diarioellabrador.cl\\\/index.php\\\/2026\\\/08\\\/31\\\/suspension-de-fondas-en-comunas-aledanas-genera-preocupacion-en-talagante-y-al-parecer-se-estudian-medidas\\\/#article\",\"isPartOf\":{\"@id\":\"https:\\\/\\\/diarioellabrador.cl\\\/index.php\\\/2026\\\/08\\\/31\\\/suspension-de-fondas-en-comunas-aledanas-genera-preocupacion-en-talagante-y-al-parecer-se-estudian-medidas\\\/\"},\"author\":{\"name\":\"Editor\",\"@id\":\"https:\\\/\\\/diarioellabrador.cl\\\/#\\\/schema\\\/person\\\/bc25ff80b4563f9c7f4bd7855df01685\"},\"headline\":\"Suspensi\u00f3n de fondas en comunas aleda\u00f1as genera preocupaci\u00f3n en Talagante y al parecer se estudian medidas\",\"datePublished\":\"2026-08-31T22:50:40+00:00\",\"dateModified\":\"2026-08-31T22:50:51+00:00\",\"mainEntityOfPage\":{\"@id\":\"https:\\\/\\\/diarioellabrador.cl\\\/index.php\\\/2026\\\/08\\\/31\\\/suspension-de-fondas-en-comunas-aledanas-genera-preocupacion-en-talagante-y-al-parecer-se-estudian-medidas\\\/\"},\"wordCount\":412,\"commentCount\":0,\"publisher\":{\"@id\":\"https:\\\/\\\/diarioellabrador.cl\\\/#organization\"},\"image\":{\"@id\":\"https:\\\/\\\/diarioellabrador.cl\\\/index.php\\\/2026\\\/08\\\/31\\\/suspension-de-fondas-en-comunas-aledanas-genera-preocupacion-en-talagante-y-al-parecer-se-estudian-medidas\\\/#primaryimage\"},\"thumbnailUrl\":\"https:\\\/\\\/diarioellabrador.cl\\\/wp-content\\\/uploads\\\/2026\\\/08\\\/Suspension-de-fondas-en-comunas-aledanas-genera-preocupacion-en-Talagante-y-al-parecer-se-estudian-medidas.jpg\",\"articleSection\":[\"Cr\u00f3nica\"],\"inLanguage\":\"es\",\"potentialAction\":[{\"@type\":\"CommentAction\",\"name\":\"Comment\",\"target\":[\"https:\\\/\\\/diarioellabrador.cl\\\/index.php\\\/2026\\\/08\\\/31\\\/suspension-de-fondas-en-comunas-aledanas-genera-preocupacion-en-talagante-y-al-parecer-se-estudian-medidas\\\/#respond\"]}]},{\"@type\":\"WebPage\",\"@id\":\"https:\\\/\\\/diarioellabrador.cl\\\/index.php\\\/2026\\\/08\\\/31\\\/suspension-de-fondas-en-comunas-aledanas-genera-preocupacion-en-talagante-y-al-parecer-se-estudian-medidas\\\/\",\"url\":\"https:\\\/\\\/diarioellabrador.cl\\\/index.php\\\/2026\\\/08\\\/31\\\/suspension-de-fondas-en-comunas-aledanas-genera-preocupacion-en-talagante-y-al-parecer-se-estudian-medidas\\\/\",\"name\":\"Suspensi\u00f3n de fondas en comunas aleda\u00f1as genera preocupaci\u00f3n en Talagante y al parecer se estudian medidas - Diario El Labrador\",\"isPartOf\":{\"@id\":\"https:\\\/\\\/diarioellabrador.cl\\\/#website\"},\"primaryImageOfPage\":{\"@id\":\"https:\\\/\\\/diarioellabrador.cl\\\/index.php\\\/2026\\\/08\\\/31\\\/suspension-de-fondas-en-comunas-aledanas-genera-preocupacion-en-talagante-y-al-parecer-se-estudian-medidas\\\/#primaryimage\"},\"image\":{\"@id\":\"https:\\\/\\\/diarioellabrador.cl\\\/index.php\\\/2026\\\/08\\\/31\\\/suspension-de-fondas-en-comunas-aledanas-genera-preocupacion-en-talagante-y-al-parecer-se-estudian-medidas\\\/#primaryimage\"},\"thumbnailUrl\":\"https:\\\/\\\/diarioellabrador.cl\\\/wp-content\\\/uploads\\\/2026\\\/08\\\/Suspension-de-fondas-en-comunas-aledanas-genera-preocupacion-en-Talagante-y-al-parecer-se-estudian-medidas.jpg\",\"datePublished\":\"2026-08-31T22:50:40+00:00\",\"dateModified\":\"2026-08-31T22:50:51+00:00\",\"breadcrumb\":{\"@id\":\"https:\\\/\\\/diarioellabrador.cl\\\/index.php\\\/2026\\\/08\\\/31\\\/suspension-de-fondas-en-comunas-aledanas-genera-preocupacion-en-talagante-y-al-parecer-se-estudian-medidas\\\/#breadcrumb\"},\"inLanguage\":\"es\",\"potentialAction\":[{\"@type\":\"ReadAction\",\"target\":[\"https:\\\/\\\/diarioellabrador.cl\\\/index.php\\\/2026\\\/08\\\/31\\\/suspension-de-fondas-en-comunas-aledanas-genera-preocupacion-en-talagante-y-al-parecer-se-estudian-medidas\\\/\"]}]},{\"@type\":\"ImageObject\",\"inLanguage\":\"es\",\"@id\":\"https:\\\/\\\/diarioellabrador.cl\\\/index.php\\\/2026\\\/08\\\/31\\\/suspension-de-fondas-en-comunas-aledanas-genera-preocupacion-en-talagante-y-al-parecer-se-estudian-medidas\\\/#primaryimage\",\"url\":\"https:\\\/\\\/diarioellabrador.cl\\\/wp-content\\\/uploads\\\/2026\\\/08\\\/Suspension-de-fondas-en-comunas-aledanas-genera-preocupacion-en-Talagante-y-al-parecer-se-estudian-medidas.jpg\",\"contentUrl\":\"https:\\\/\\\/diarioellabrador.cl\\\/wp-content\\\/uploads\\\/2026\\\/08\\\/Suspension-de-fondas-en-comunas-aledanas-genera-preocupacion-en-Talagante-y-al-parecer-se-estudian-medidas.jpg\",\"width\":678,\"height\":452},{\"@type\":\"BreadcrumbList\",\"@id\":\"https:\\\/\\\/diarioellabrador.cl\\\/index.php\\\/2026\\\/08\\\/31\\\/suspension-de-fondas-en-comunas-aledanas-genera-preocupacion-en-talagante-y-al-parecer-se-estudian-medidas\\\/#breadcrumb\",\"itemListElement\":[{\"@type\":\"ListItem\",\"position\":1,\"name\":\"Portada\",\"item\":\"https:\\\/\\\/diarioellabrador.cl\\\/\"},{\"@type\":\"ListItem\",\"position\":2,\"name\":\"Suspensi\u00f3n de fondas en comunas aleda\u00f1as genera preocupaci\u00f3n en Talagante y al parecer se estudian medidas\"}]},{\"@type\":\"WebSite\",\"@id\":\"https:\\\/\\\/diarioellabrador.cl\\\/#website\",\"url\":\"https:\\\/\\\/diarioellabrador.cl\\\/\",\"name\":\"Diario El Labrador\",\"description\":\"Haciendo noticia desde 1921\",\"publisher\":{\"@id\":\"https:\\\/\\\/diarioellabrador.cl\\\/#organization\"},\"potentialAction\":[{\"@type\":\"SearchAction\",\"target\":{\"@type\":\"EntryPoint\",\"urlTemplate\":\"https:\\\/\\\/diarioellabrador.cl\\\/?s={search_term_string}\"},\"query-input\":{\"@type\":\"PropertyValueSpecification\",\"valueRequired\":true,\"valueName\":\"search_term_string\"}}],\"inLanguage\":\"es\"},{\"@type\":\"Organization\",\"@id\":\"https:\\\/\\\/diarioellabrador.cl\\\/#organization\",\"name\":\"Diario El Labrador\",\"url\":\"https:\\\/\\\/diarioellabrador.cl\\\/\",\"logo\":{\"@type\":\"ImageObject\",\"inLanguage\":\"es\",\"@id\":\"https:\\\/\\\/diarioellabrador.cl\\\/#\\\/schema\\\/logo\\\/image\\\/\",\"url\":\"https:\\\/\\\/diarioellabrador.cl\\\/wp-content\\\/uploads\\\/2025\\\/02\\\/cropped-Logo-Icono.png\",\"contentUrl\":\"https:\\\/\\\/diarioellabrador.cl\\\/wp-content\\\/uploads\\\/2025\\\/02\\\/cropped-Logo-Icono.png\",\"width\":512,\"height\":512,\"caption\":\"Diario El Labrador\"},\"image\":{\"@id\":\"https:\\\/\\\/diarioellabrador.cl\\\/#\\\/schema\\\/logo\\\/image\\\/\"},\"sameAs\":[\"https:\\\/\\\/web.facebook.com\\\/profile.php?id=61576120840621\",\"https:\\\/\\\/x.com\\\/ElLabradorOf\",\"https:\\\/\\\/www.instagram.com\\\/diarioellabradoroficial\\\/\"]},{\"@type\":\"Person\",\"@id\":\"https:\\\/\\\/diarioellabrador.cl\\\/#\\\/schema\\\/person\\\/bc25ff80b4563f9c7f4bd7855df01685\",\"name\":\"Editor\",\"image\":{\"@type\":\"ImageObject\",\"inLanguage\":\"es\",\"@id\":\"https:\\\/\\\/secure.gravatar.com\\\/avatar\\\/109c326cf2be5c04f048c2c2a2b8b6ef44bf3d8d1d3d4c55d0ac40c4bc994684?s=96&d=initials&r=g&initials=ed\",\"url\":\"https:\\\/\\\/secure.gravatar.com\\\/avatar\\\/109c326cf2be5c04f048c2c2a2b8b6ef44bf3d8d1d3d4c55d0ac40c4bc994684?s=96&d=initials&r=g&initials=ed\",\"contentUrl\":\"https:\\\/\\\/secure.gravatar.com\\\/avatar\\\/109c326cf2be5c04f048c2c2a2b8b6ef44bf3d8d1d3d4c55d0ac40c4bc994684?s=96&d=initials&r=g&initials=ed\",\"caption\":\"Editor\"},\"url\":\"https:\\\/\\\/diarioellabrador.cl\\\/index.php\\\/author\\\/editor\\\/\"}]}<\/script>\n<!-- \/ Yoast SEO plugin. -->","yoast_head_json":{"title":"Suspensi\u00f3n de fondas en comunas aleda\u00f1as genera preocupaci\u00f3n en Talagante y al parecer se estudian medidas - Diario El Labrador","robots":{"index":"index","follow":"follow","max-snippet":"max-snippet:-1","max-image-preview":"max-image-preview:large","max-video-preview":"max-video-preview:-1"},"canonical":"https:\/\/diarioellabrador.cl\/index.php\/2026\/08\/31\/suspension-de-fondas-en-comunas-aledanas-genera-preocupacion-en-talagante-y-al-parecer-se-estudian-medidas\/","og_locale":"es_ES","og_type":"article","og_title":"Suspensi\u00f3n de fondas en comunas aleda\u00f1as genera preocupaci\u00f3n en Talagante y al parecer se estudian medidas - Diario El Labrador","og_description":"Las restricciones econ\u00f3micas que afectan a las familias por estos d\u00edas, tambi\u00e9n parecen haber calado hondo en algunos municipios de la zona, por cuanto la Municipalidad de Calera de Tango inform\u00f3 los primeros d\u00edas de julio pasado, mediante un comunicado de prensa que no realizar\u00e1 su habitual Fiesta Costumbrista en esa comuna, una de las Leer m\u00e1s","og_url":"https:\/\/diarioellabrador.cl\/index.php\/2026\/08\/31\/suspension-de-fondas-en-comunas-aledanas-genera-preocupacion-en-talagante-y-al-parecer-se-estudian-medidas\/","og_site_name":"Diario El Labrador","article_publisher":"https:\/\/web.facebook.com\/profile.php?id=61576120840621","article_published_time":"2026-08-31T22:50:40+00:00","article_modified_time":"2026-08-31T22:50:51+00:00","og_image":[{"width":678,"height":452,"url":"https:\/\/diarioellabrador.cl\/wp-content\/uploads\/2026\/08\/Suspension-de-fondas-en-comunas-aledanas-genera-preocupacion-en-Talagante-y-al-parecer-se-estudian-medidas.jpg","type":"image\/jpeg"}],"author":"Editor","twitter_card":"summary_large_image","twitter_creator":"@ElLabradorOf","twitter_site":"@ElLabradorOf","twitter_misc":{"Escrito por":"Editor","Tiempo de lectura":"2 minutos"},"schema":{"@context":"https:\/\/schema.org","@graph":[{"@type":"Article","@id":"https:\/\/diarioellabrador.cl\/index.php\/2026\/08\/31\/suspension-de-fondas-en-comunas-aledanas-genera-preocupacion-en-talagante-y-al-parecer-se-estudian-medidas\/#article","isPartOf":{"@id":"https:\/\/diarioellabrador.cl\/index.php\/2026\/08\/31\/suspension-de-fondas-en-comunas-aledanas-genera-preocupacion-en-talagante-y-al-parecer-se-estudian-medidas\/"},"author":{"name":"Editor","@id":"https:\/\/diarioellabrador.cl\/#\/schema\/person\/bc25ff80b4563f9c7f4bd7855df01685"},"headline":"Suspensi\u00f3n de fondas en comunas aleda\u00f1as genera preocupaci\u00f3n en Talagante y al parecer se estudian medidas","datePublished":"2026-08-31T22:50:40+00:00","dateModified":"2026-08-31T22:50:51+00:00","mainEntityOfPage":{"@id":"https:\/\/diarioellabrador.cl\/index.php\/2026\/08\/31\/suspension-de-fondas-en-comunas-aledanas-genera-preocupacion-en-talagante-y-al-parecer-se-estudian-medidas\/"},"wordCount":412,"commentCount":0,"publisher":{"@id":"https:\/\/diarioellabrador.cl\/#organization"},"image":{"@id":"https:\/\/diarioellabrador.cl\/index.php\/2026\/08\/31\/suspension-de-fondas-en-comunas-aledanas-genera-preocupacion-en-talagante-y-al-parecer-se-estudian-medidas\/#primaryimage"},"thumbnailUrl":"https:\/\/diarioellabrador.cl\/wp-content\/uploads\/2026\/08\/Suspension-de-fondas-en-comunas-aledanas-genera-preocupacion-en-Talagante-y-al-parecer-se-estudian-medidas.jpg","articleSection":["Cr\u00f3nica"],"inLanguage":"es","potentialAction":[{"@type":"CommentAction","name":"Comment","target":["https:\/\/diarioellabrador.cl\/index.php\/2026\/08\/31\/suspension-de-fondas-en-comunas-aledanas-genera-preocupacion-en-talagante-y-al-parecer-se-estudian-medidas\/#respond"]}]},{"@type":"WebPage","@id":"https:\/\/diarioellabrador.cl\/index.php\/2026\/08\/31\/suspension-de-fondas-en-comunas-aledanas-genera-preocupacion-en-talagante-y-al-parecer-se-estudian-medidas\/","url":"https:\/\/diarioellabrador.cl\/index.php\/2026\/08\/31\/suspension-de-fondas-en-comunas-aledanas-genera-preocupacion-en-talagante-y-al-parecer-se-estudian-medidas\/","name":"Suspensi\u00f3n de fondas en comunas aleda\u00f1as genera preocupaci\u00f3n en Talagante y al parecer se estudian medidas - Diario El Labrador","isPartOf":{"@id":"https:\/\/diarioellabrador.cl\/#website"},"primaryImageOfPage":{"@id":"https:\/\/diarioellabrador.cl\/index.php\/2026\/08\/31\/suspension-de-fondas-en-comunas-aledanas-genera-preocupacion-en-talagante-y-al-parecer-se-estudian-medidas\/#primaryimage"},"image":{"@id":"https:\/\/diarioellabrador.cl\/index.php\/2026\/08\/31\/suspension-de-fondas-en-comunas-aledanas-genera-preocupacion-en-talagante-y-al-parecer-se-estudian-medidas\/#primaryimage"},"thumbnailUrl":"https:\/\/diarioellabrador.cl\/wp-content\/uploads\/2026\/08\/Suspension-de-fondas-en-comunas-aledanas-genera-preocupacion-en-Talagante-y-al-parecer-se-estudian-medidas.jpg","datePublished":"2026-08-31T22:50:40+00:00","dateModified":"2026-08-31T22:50:51+00:00","breadcrumb":{"@id":"https:\/\/diarioellabrador.cl\/index.php\/2026\/08\/31\/suspension-de-fondas-en-comunas-aledanas-genera-preocupacion-en-talagante-y-al-parecer-se-estudian-medidas\/#breadcrumb"},"inLanguage":"es","potentialAction":[{"@type":"ReadAction","target":["https:\/\/diarioellabrador.cl\/index.php\/2026\/08\/31\/suspension-de-fondas-en-comunas-aledanas-genera-preocupacion-en-talagante-y-al-parecer-se-estudian-medidas\/"]}]},{"@type":"ImageObject","inLanguage":"es","@id":"https:\/\/diarioellabrador.cl\/index.php\/2026\/08\/31\/suspension-de-fondas-en-comunas-aledanas-genera-preocupacion-en-talagante-y-al-parecer-se-estudian-medidas\/#primaryimage","url":"https:\/\/diarioellabrador.cl\/wp-content\/uploads\/2026\/08\/Suspension-de-fondas-en-comunas-aledanas-genera-preocupacion-en-Talagante-y-al-parecer-se-estudian-medidas.jpg","contentUrl":"https:\/\/diarioellabrador.cl\/wp-content\/uploads\/2026\/08\/Suspension-de-fondas-en-comunas-aledanas-genera-preocupacion-en-Talagante-y-al-parecer-se-estudian-medidas.jpg","width":678,"height":452},{"@type":"BreadcrumbList","@id":"https:\/\/diarioellabrador.cl\/index.php\/2026\/08\/31\/suspension-de-fondas-en-comunas-aledanas-genera-preocupacion-en-talagante-y-al-parecer-se-estudian-medidas\/#breadcrumb","itemListElement":[{"@type":"ListItem","position":1,"name":"Portada","item":"https:\/\/diarioellabrador.cl\/"},{"@type":"ListItem","position":2,"name":"Suspensi\u00f3n de fondas en comunas aleda\u00f1as genera preocupaci\u00f3n en Talagante y al parecer se estudian medidas"}]},{"@type":"WebSite","@id":"https:\/\/diarioellabrador.cl\/#website","url":"https:\/\/diarioellabrador.cl\/","name":"Diario El Labrador","description":"Haciendo noticia desde 1921","publisher":{"@id":"https:\/\/diarioellabrador.cl\/#organization"},"potentialAction":[{"@type":"SearchAction","target":{"@type":"EntryPoint","urlTemplate":"https:\/\/diarioellabrador.cl\/?s={search_term_string}"},"query-input":{"@type":"PropertyValueSpecification","valueRequired":true,"valueName":"search_term_string"}}],"inLanguage":"es"},{"@type":"Organization","@id":"https:\/\/diarioellabrador.cl\/#organization","name":"Diario El Labrador","url":"https:\/\/diarioellabrador.cl\/","logo":{"@type":"ImageObject","inLanguage":"es","@id":"https:\/\/diarioellabrador.cl\/#\/schema\/logo\/image\/","url":"https:\/\/diarioellabrador.cl\/wp-content\/uploads\/2025\/02\/cropped-Logo-Icono.png","contentUrl":"https:\/\/diarioellabrador.cl\/wp-content\/uploads\/2025\/02\/cropped-Logo-Icono.png","width":512,"height":512,"caption":"Diario El Labrador"},"image":{"@id":"https:\/\/diarioellabrador.cl\/#\/schema\/logo\/image\/"},"sameAs":["https:\/\/web.facebook.com\/profile.php?id=61576120840621","https:\/\/x.com\/ElLabradorOf","https:\/\/www.instagram.com\/diarioellabradoroficial\/"]},{"@type":"Person","@id":"https:\/\/diarioellabrador.cl\/#\/schema\/person\/bc25ff80b4563f9c7f4bd7855df01685","name":"Editor","image":{"@type":"ImageObject","inLanguage":"es","@id":"https:\/\/secure.gravatar.com\/avatar\/109c326cf2be5c04f048c2c2a2b8b6ef44bf3d8d1d3d4c55d0ac40c4bc994684?s=96&d=initials&r=g&initials=ed","url":"https:\/\/secure.gravatar.com\/avatar\/109c326cf2be5c04f048c2c2a2b8b6ef44bf3d8d1d3d4c55d0ac40c4bc994684?s=96&d=initials&r=g&initials=ed","contentUrl":"https:\/\/secure.gravatar.com\/avatar\/109c326cf2be5c04f048c2c2a2b8b6ef44bf3d8d1d3d4c55d0ac40c4bc994684?s=96&d=initials&r=g&initials=ed","caption":"Editor"},"url":"https:\/\/diarioellabrador.cl\/index.php\/author\/editor\/"}]}},"_links":{"self":[{"href":"https:\/\/diarioellabrador.cl\/index.php\/wp-json\/wp\/v2\/posts\/24309","targetHints":{"allow":["GET"]}}],"collection":[{"href":"https:\/\/diarioellabrador.cl\/index.php\/wp-json\/wp\/v2\/posts"}],"about":[{"href":"https:\/\/diarioellabrador.cl\/index.php\/wp-json\/wp\/v2\/types\/post"}],"author":[{"embeddable":true,"href":"https:\/\/diarioellabrador.cl\/index.php\/wp-json\/wp\/v2\/users\/2"}],"replies":[{"embeddable":true,"href":"https:\/\/diarioellabrador.cl\/index.php\/wp-json\/wp\/v2\/comments?post=24309"}],"version-history":[{"count":1,"href":"https:\/\/diarioellabrador.cl\/index.php\/wp-json\/wp\/v2\/posts\/24309\/revisions"}],"predecessor-version":[{"id":24310,"href":"https:\/\/diarioellabrador.cl\/index.php\/wp-json\/wp\/v2\/posts\/24309\/revisions\/24310"}],"wp:featuredmedia":[{"embeddable":true,"href":"https:\/\/diarioellabrador.cl\/index.php\/wp-json\/wp\/v2\/media\/24263"}],"wp:attachment":[{"href":"https:\/\/diarioellabrador.cl\/index.php\/wp-json\/wp\/v2\/media?parent=24309"}],"wp:term":[{"taxonomy":"category","embeddable":true,"href":"https:\/\/diarioellabrador.cl\/index.php\/wp-json\/wp\/v2\/categories?post=24309"},{"taxonomy":"post_tag","embeddable":true,"href":"https:\/\/diarioellabrador.cl\/index.php\/wp-json\/wp\/v2\/tags?post=24309"}],"curies":[{"name":"wp","href":"https:\/\/api.w.org\/{rel}","templated":true}]}}